{"id":17082,"date":"2022-09-27T13:59:17","date_gmt":"2022-09-27T11:59:17","guid":{"rendered":"https:\/\/www.organisator.ch\/?p=17082"},"modified":"2022-09-27T13:59:17","modified_gmt":"2022-09-27T11:59:17","slug":"tedx-zu-digital-leadership-digitale-transformation-bedeutet-steter-wandel","status":"publish","type":"post","link":"https:\/\/www.organisator.ch\/it\/weiterbildung\/2022-09-27\/tedx-zu-digital-leadership-digitale-transformation-bedeutet-steter-wandel\/","title":{"rendered":"TEDx sulla leadership digitale: La trasformazione digitale significa cambiamento costante"},"content":{"rendered":"<figure id=\"attachment_17083\" aria-describedby=\"caption-attachment-17083\" style=\"width: 680px\" class=\"wp-caption alignnone\"><img loading=\"lazy\" decoding=\"async\" class=\"size-medium wp-image-17083\" src=\"https:\/\/www.organisator.ch\/wp-content\/uploads\/2022\/09\/TEDx-zu-Digital-Leadership-Digitale-Transformation-bedeutet-steter-Wandel_Organisator-680x415.jpg\" alt=\"\" width=\"680\" height=\"415\" srcset=\"https:\/\/www.organisator.ch\/wp-content\/uploads\/2022\/09\/TEDx-zu-Digital-Leadership-Digitale-Transformation-bedeutet-steter-Wandel_Organisator-680x415.jpg 680w, https:\/\/www.organisator.ch\/wp-content\/uploads\/2022\/09\/TEDx-zu-Digital-Leadership-Digitale-Transformation-bedeutet-steter-Wandel_Organisator-1024x624.jpg 1024w, https:\/\/www.organisator.ch\/wp-content\/uploads\/2022\/09\/TEDx-zu-Digital-Leadership-Digitale-Transformation-bedeutet-steter-Wandel_Organisator-768x468.jpg 768w, https:\/\/www.organisator.ch\/wp-content\/uploads\/2022\/09\/TEDx-zu-Digital-Leadership-Digitale-Transformation-bedeutet-steter-Wandel_Organisator-18x12.jpg 18w, https:\/\/www.organisator.ch\/wp-content\/uploads\/2022\/09\/TEDx-zu-Digital-Leadership-Digitale-Transformation-bedeutet-steter-Wandel_Organisator-287x175.jpg 287w, https:\/\/www.organisator.ch\/wp-content\/uploads\/2022\/09\/TEDx-zu-Digital-Leadership-Digitale-Transformation-bedeutet-steter-Wandel_Organisator-574x350.jpg 574w, https:\/\/www.organisator.ch\/wp-content\/uploads\/2022\/09\/TEDx-zu-Digital-Leadership-Digitale-Transformation-bedeutet-steter-Wandel_Organisator-920x561.jpg 920w, https:\/\/www.organisator.ch\/wp-content\/uploads\/2022\/09\/TEDx-zu-Digital-Leadership-Digitale-Transformation-bedeutet-steter-Wandel_Organisator-300x183.jpg 300w, https:\/\/www.organisator.ch\/wp-content\/uploads\/2022\/09\/TEDx-zu-Digital-Leadership-Digitale-Transformation-bedeutet-steter-Wandel_Organisator.jpg 1125w\" sizes=\"auto, (max-width: 680px) 100vw, 680px\" \/><figcaption id=\"caption-attachment-17083\" class=\"wp-caption-text\">L'HWZ organizza l'evento TEDxHWZ \"Enrich your mind\" 2022. (Immagine: HWZ)<\/figcaption><\/figure>\n<p>Sotto la direzione degli esperti di leadership digitale Sunnie J. Groeneveld, Manuel P. Nappo e Urs Bucher, dirigenti, studenti per tutta la vita ed esperti di trasformazione digitale parteciperanno alla terza edizione di TEDxHWZ. Anche quest'anno il TEDx si terr\u00e0 in forma ibrida presso l'HWZ con posti limitati e online tramite livestream. Con dieci contributi sul tema \"Arricchisci la tua mente\", relatori esperti ispireranno ed entusiasmeranno il loro pubblico con storie emozionanti e idee all'avanguardia sabato 26 novembre 2022. In questo evento ibrido, il pubblico potr\u00e0 beneficiare dei numerosi argomenti di discussione e dell'opportunit\u00e0 di interagire in diretta con i partecipanti e i relatori nei forum di discussione digitali. In questo modo si favorisce il networking personale in vista di future opportunit\u00e0 di cooperazione.<\/p>\n<h3><strong>Quali sono gli obiettivi di TEDxHWZ? <\/strong><\/h3>\n<p>Nell'ambito dell'Executive MBA Digital Leadership HWZ, gli studenti organizzano il proprio evento TEDx (universitario). L'HWZ \u00e8 cos\u00ec la prima universit\u00e0 svizzera ad aver inserito questa sfida come componente fissa nel curriculum di un corso di laurea. I docenti e i direttori del programma ispirano e motivano i partecipanti all'Executive MBA Digital Leadership a sviluppare la propria prospettiva sulle capacit\u00e0 di leadership in un futuro digitale. In qualit\u00e0 di leader digitali, il team di TEDxHWZ 2022 vuole presentare al pubblico interessato idee che valgano la pena di essere trasmesse. L'evento consiste in una serie di conferenze e performance nel noto formato TED(x).<\/p>\n<p>Quest'anno TEDxHWZ \u00e8 dedicato alla realt\u00e0 odierna, caratterizzata da eventi turbolenti e che sta diventando la nuova normalit\u00e0. Questo comporta una moltitudine di sfide che si influenzano reciprocamente. Ci\u00f2 richiede a sua volta una resilienza individuale. Superare queste sfide richiede un nuovo approccio e una nuova mentalit\u00e0. I team collaborativi e interdisciplinari, con la loro intelligenza collettiva, sono i pi\u00f9 adatti a risolvere compiti complessi in un contesto sistemico. Sono necessari cambiamenti e adattamenti continui, che rendono l'apprendimento permanente un compito costante.<\/p>\n<h3><strong>Relatori di fama sul palco<\/strong><\/h3>\n<p>Con le loro storie e idee appassionanti, i dieci relatori dimostrano quanto sia importante adottare prospettive diverse per plasmare il nostro futuro. Tra le altre cose<strong> Nicolas Huxley <\/strong>apparir\u00e0 come relatore. \u00c8 un imprenditore che ha fondato l'azienda di riciclaggio Elephbo in Cambogia, l'app di economia circolare TauschToni e una start-up di gadget sostenibili chiamata LilyBeKind. Si considera un avventuriero che ha gi\u00e0 viaggiato in bicicletta per quattro continenti ed \u00e8 appassionato di fare la differenza nei Paesi in via di sviluppo. Nella sua presentazione, mostrer\u00e0 come la mancanza di concentrazione sia un rischio per ogni persona entusiasta, creatore curioso e imprenditore. \"L'ansia di costruire qualcosa di nuovo e di cogliere rapidamente le opportunit\u00e0 ha delle insidie che spesso vengono sottovalutate. Soprattutto nei primi anni di vita delle start-up, ci sono pericoli in agguato dietro ogni angolo che vogliono essere aggirati in modo efficiente\", sottolinea Nicolas Huxley. Nicolas Huxley parla dell'equilibrio tra pivoting e perseveranza basandosi su esperienze autentiche del suo percorso imprenditoriale. \"La concentrazione \u00e8 la chiave delle sinergie magiche, \u00e8 la base fondamentale per diventare la persona pi\u00f9 conosciuta per un argomento e improvvisamente i punti si uniscono da soli\", sottolinea Nicolas Huxley.<\/p>\n<p>Ulteriori<strong> Suba Umathevan <\/strong>sul palco di TEDx. Ha conseguito un master in Relazioni internazionali con specializzazione in Diritto internazionale presso il Graduate Institute of International and Development Studies di Ginevra. Nella sua carriera ultradecennale nella gestione di organizzazioni non profit, si \u00e8 concentrata sui diritti delle donne e dei bambini. Ha inoltre guidato programmi di sviluppo in molti Paesi dell'Africa, dell'Asia e del Sud America, formulando strategie per aiutare i manager a identificare le megatendenze globali e a prepararsi al cambiamento. Prima di entrare a far parte della FONDAZIONE DROSOS, Suba Umathevan ha diretto Plan International Svizzera, un'organizzazione che promuove i diritti dei bambini e le pari opportunit\u00e0 per le ragazze. Suba Umathevan \u00e8 membro dell'Assemblea del Comitato internazionale del CICR. Parler\u00e0 di come affronta la sua identit\u00e0 culturale e la sua diversit\u00e0. \"Quelle che io percepivo come debolezze nella sua infanzia si sono trasformate in punti di forza grazie alla sua stessa autenticit\u00e0. Fare i conti con la propria storia ha aiutato a superare le barriere culturali e le norme sociali\", afferma Suba Umathevan.<\/p>\n<p>Anche <strong>Dott.ssa Sarah Genner <\/strong>far\u00e0 parte di TEDxHWZ. Sarah Genner \u00e8 un'esperta digitale di comprovata esperienza, consulente, membro del consiglio di amministrazione di Zurigo e direttrice di corsi presso l'HWZ. Ha conseguito un dottorato di ricerca su Internet, insegna in diverse universit\u00e0 ed \u00e8 relatrice di conferenze. \u00c8 appassionata di tecnologie digitali e del loro complesso impatto sulla societ\u00e0 e sul mondo del lavoro. Nel suo discorso TEDx, l'autrice mostra come dovremmo affrontare le infinite possibilit\u00e0 in modo orientato alle risorse quando siamo connessi 24 ore su 24. La domanda \u00e8 se l'aumento della tecnologia ci render\u00e0 infinitamente pi\u00f9 produttivi. \"La ricerca di una buona vita digitale consiste nel soppesare i rischi e i benefici delle tecnologie digitali, sia nella nostra vita privata che nella collaborazione nel mondo del lavoro\", sottolinea Sarah Genner.<\/p>\n<p><em>Ulteriori informazioni: <\/em><em><a href=\"http:\/\/www.tedxhwz.ch\">www.tedxhwz.ch<\/a><\/em><\/p>","protected":false},"excerpt":{"rendered":"<p>Unter der Leitung der Digital Leadership Expert:innen Sunnie J. Groeneveld, Manuel P. Nappo und Urs Bucher bestreiten F\u00fchrungskr\u00e4fte, Lifelong Learners und Digital Transformation Expert:innen den dritten TEDxHWZ. Auch in diesem Jahr wird dieser TEDx in hybrider Form an der HWZ mit beschr\u00e4nkter Platzzahl und online via Livestream durchgef\u00fchrt. Mit zehn Beitr\u00e4gen zum Thema \u00abEnrich your [&hellip;]<\/p>\n","protected":false},"author":4,"featured_media":17083,"comment_status":"closed","ping_status":"closed","sticky":false,"template":"","format":"standard","meta":{"_acf_changed":false,"_yoast_wpseo_focuskw":"TEDx","_yoast_wpseo_metadesc":"Die Studiengruppe des Executive MBA Digital Leadership der HWZ organisiert im Rahmen ihrer Weiterbildung den n\u00e4chsten TEDx-Event.","articlekey":"","footnotes":""},"categories":[30],"tags":[62,982,156,188,192],"class_list":["post-17082","post","type-post","status-publish","format-standard","has-post-thumbnail","hentry","category-weiterbildung","tag-aus-weiterbildung","tag-digital-leadership","tag-digitalisierung","tag-events","tag-fachhochschulen"],"acf":[],"yoast_head":"<!-- This site is optimized with the Yoast SEO plugin v27.4 - https:\/\/yoast.com\/product\/yoast-seo-wordpress\/ -->\n<title>TEDx zu Digital Leadership: Digitale Transformation bedeutet steter Wandel - Organisator<\/title>\n<meta name=\"description\" content=\"Die Studiengruppe des Executive MBA Digital Leadership der HWZ organisiert im Rahmen ihrer Weiterbildung den n\u00e4chsten TEDx-Event.\" \/>\n<meta name=\"robots\" content=\"index, follow, max-snippet:-1, max-image-preview:large, max-video-preview:-1\" \/>\n<link rel=\"canonical\" href=\"https:\/\/www.organisator.ch\/it\/formazione-continua\/2022-09-27\/tedx-zu-digital-leadership-digitale-transformation-bedeutet-steter-wandel\/\" \/>\n<meta property=\"og:locale\" content=\"it_IT\" \/>\n<meta property=\"og:type\" content=\"article\" \/>\n<meta property=\"og:title\" content=\"TEDx zu Digital Leadership: Digitale Transformation bedeutet steter Wandel\" \/>\n<meta property=\"og:description\" content=\"Die Studiengruppe des Executive MBA Digital Leadership der HWZ organisiert im Rahmen ihrer Weiterbildung den n\u00e4chsten TEDx-Event.\" \/>\n<meta property=\"og:url\" content=\"https:\/\/www.organisator.ch\/it\/formazione-continua\/2022-09-27\/tedx-zu-digital-leadership-digitale-transformation-bedeutet-steter-wandel\/\" \/>\n<meta property=\"og:site_name\" content=\"Organisator\" \/>\n<meta property=\"article:publisher\" content=\"https:\/\/www.facebook.com\/OrganisatorFachmagazin\" \/>\n<meta property=\"article:published_time\" content=\"2022-09-27T11:59:17+00:00\" \/>\n<meta property=\"og:image\" content=\"https:\/\/www.organisator.ch\/wp-content\/uploads\/2022\/09\/TEDx-zu-Digital-Leadership-Digitale-Transformation-bedeutet-steter-Wandel_Organisator.jpg\" \/>\n\t<meta property=\"og:image:width\" content=\"1125\" \/>\n\t<meta property=\"og:image:height\" content=\"686\" \/>\n\t<meta property=\"og:image:type\" content=\"image\/jpeg\" \/>\n<meta name=\"author\" content=\"thomas.berner\" \/>\n<meta name=\"twitter:card\" content=\"summary_large_image\" \/>\n<meta name=\"twitter:title\" content=\"#TEDx zu Digital Leadership: Digitale #Transformation bedeutet steter Wandel\" \/>\n<meta name=\"twitter:description\" content=\"Die #Studiengruppe des Executive #MBA Digital #Leadership der #HWZ organisiert im Rahmen ihrer Weiterbildung den n\u00e4chsten #TEDx-Event.\" \/>\n<meta name=\"twitter:image\" content=\"https:\/\/www.organisator.ch\/wp-content\/uploads\/2022\/09\/TEDx-zu-Digital-Leadership-Digitale-Transformation-bedeutet-steter-Wandel_Organisator.jpg\" \/>\n<script type=\"application\/ld+json\" class=\"yoast-schema-graph\">{\"@context\":\"https:\\\/\\\/schema.org\",\"@graph\":[{\"@type\":\"Article\",\"@id\":\"https:\\\/\\\/www.organisator.ch\\\/weiterbildung\\\/2022-09-27\\\/tedx-zu-digital-leadership-digitale-transformation-bedeutet-steter-wandel\\\/#article\",\"isPartOf\":{\"@id\":\"https:\\\/\\\/www.organisator.ch\\\/weiterbildung\\\/2022-09-27\\\/tedx-zu-digital-leadership-digitale-transformation-bedeutet-steter-wandel\\\/\"},\"author\":{\"name\":\"thomas.berner\",\"@id\":\"https:\\\/\\\/www.organisator.ch\\\/#\\\/schema\\\/person\\\/6f650f90b2842cd4c0cc334b4e36f67e\"},\"headline\":\"TEDx zu Digital Leadership: Digitale Transformation bedeutet steter Wandel\",\"datePublished\":\"2022-09-27T11:59:17+00:00\",\"mainEntityOfPage\":{\"@id\":\"https:\\\/\\\/www.organisator.ch\\\/weiterbildung\\\/2022-09-27\\\/tedx-zu-digital-leadership-digitale-transformation-bedeutet-steter-wandel\\\/\"},\"wordCount\":850,\"publisher\":{\"@id\":\"https:\\\/\\\/www.organisator.ch\\\/#organization\"},\"image\":{\"@id\":\"https:\\\/\\\/www.organisator.ch\\\/weiterbildung\\\/2022-09-27\\\/tedx-zu-digital-leadership-digitale-transformation-bedeutet-steter-wandel\\\/#primaryimage\"},\"thumbnailUrl\":\"https:\\\/\\\/www.organisator.ch\\\/wp-content\\\/uploads\\\/2022\\\/09\\\/TEDx-zu-Digital-Leadership-Digitale-Transformation-bedeutet-steter-Wandel_Organisator.jpg\",\"keywords\":[\"Aus-\\\/Weiterbildung\",\"Digital Leadership\",\"Digitalisierung\",\"Events\",\"Fachhochschulen\"],\"articleSection\":[\"WEITERBILDUNG\"],\"inLanguage\":\"it-IT\"},{\"@type\":\"WebPage\",\"@id\":\"https:\\\/\\\/www.organisator.ch\\\/weiterbildung\\\/2022-09-27\\\/tedx-zu-digital-leadership-digitale-transformation-bedeutet-steter-wandel\\\/\",\"url\":\"https:\\\/\\\/www.organisator.ch\\\/weiterbildung\\\/2022-09-27\\\/tedx-zu-digital-leadership-digitale-transformation-bedeutet-steter-wandel\\\/\",\"name\":\"TEDx zu Digital Leadership: Digitale Transformation bedeutet steter Wandel - Organisator\",\"isPartOf\":{\"@id\":\"https:\\\/\\\/www.organisator.ch\\\/#website\"},\"primaryImageOfPage\":{\"@id\":\"https:\\\/\\\/www.organisator.ch\\\/weiterbildung\\\/2022-09-27\\\/tedx-zu-digital-leadership-digitale-transformation-bedeutet-steter-wandel\\\/#primaryimage\"},\"image\":{\"@id\":\"https:\\\/\\\/www.organisator.ch\\\/weiterbildung\\\/2022-09-27\\\/tedx-zu-digital-leadership-digitale-transformation-bedeutet-steter-wandel\\\/#primaryimage\"},\"thumbnailUrl\":\"https:\\\/\\\/www.organisator.ch\\\/wp-content\\\/uploads\\\/2022\\\/09\\\/TEDx-zu-Digital-Leadership-Digitale-Transformation-bedeutet-steter-Wandel_Organisator.jpg\",\"datePublished\":\"2022-09-27T11:59:17+00:00\",\"description\":\"Die Studiengruppe des Executive MBA Digital Leadership der HWZ organisiert im Rahmen ihrer Weiterbildung den n\u00e4chsten TEDx-Event.\",\"breadcrumb\":{\"@id\":\"https:\\\/\\\/www.organisator.ch\\\/weiterbildung\\\/2022-09-27\\\/tedx-zu-digital-leadership-digitale-transformation-bedeutet-steter-wandel\\\/#breadcrumb\"},\"inLanguage\":\"it-IT\",\"potentialAction\":[{\"@type\":\"ReadAction\",\"target\":[\"https:\\\/\\\/www.organisator.ch\\\/weiterbildung\\\/2022-09-27\\\/tedx-zu-digital-leadership-digitale-transformation-bedeutet-steter-wandel\\\/\"]}]},{\"@type\":\"ImageObject\",\"inLanguage\":\"it-IT\",\"@id\":\"https:\\\/\\\/www.organisator.ch\\\/weiterbildung\\\/2022-09-27\\\/tedx-zu-digital-leadership-digitale-transformation-bedeutet-steter-wandel\\\/#primaryimage\",\"url\":\"https:\\\/\\\/www.organisator.ch\\\/wp-content\\\/uploads\\\/2022\\\/09\\\/TEDx-zu-Digital-Leadership-Digitale-Transformation-bedeutet-steter-Wandel_Organisator.jpg\",\"contentUrl\":\"https:\\\/\\\/www.organisator.ch\\\/wp-content\\\/uploads\\\/2022\\\/09\\\/TEDx-zu-Digital-Leadership-Digitale-Transformation-bedeutet-steter-Wandel_Organisator.jpg\",\"width\":1125,\"height\":686,\"caption\":\"Die HWZ organisiert den TEDxHWZ-Event \u00abEnrich your mind\u00bb 2022. (Bild: HWZ)\"},{\"@type\":\"BreadcrumbList\",\"@id\":\"https:\\\/\\\/www.organisator.ch\\\/weiterbildung\\\/2022-09-27\\\/tedx-zu-digital-leadership-digitale-transformation-bedeutet-steter-wandel\\\/#breadcrumb\",\"itemListElement\":[{\"@type\":\"ListItem\",\"position\":1,\"name\":\"Home\",\"item\":\"https:\\\/\\\/www.organisator.ch\\\/\"},{\"@type\":\"ListItem\",\"position\":2,\"name\":\"TEDx zu Digital Leadership: Digitale Transformation bedeutet steter Wandel\"}]},{\"@type\":\"WebSite\",\"@id\":\"https:\\\/\\\/www.organisator.ch\\\/#website\",\"url\":\"https:\\\/\\\/www.organisator.ch\\\/\",\"name\":\"Organisator\",\"description\":\"Kompetent. Praxisnah. Der ORGANISATOR bereitet in 10 Ausgaben pro Jahr die wesentlichen Themen f\u00fcr F\u00fchrungskr\u00e4fte von KMU auf.\",\"publisher\":{\"@id\":\"https:\\\/\\\/www.organisator.ch\\\/#organization\"},\"potentialAction\":[{\"@type\":\"SearchAction\",\"target\":{\"@type\":\"EntryPoint\",\"urlTemplate\":\"https:\\\/\\\/www.organisator.ch\\\/?s={search_term_string}\"},\"query-input\":{\"@type\":\"PropertyValueSpecification\",\"valueRequired\":true,\"valueName\":\"search_term_string\"}}],\"inLanguage\":\"it-IT\"},{\"@type\":\"Organization\",\"@id\":\"https:\\\/\\\/www.organisator.ch\\\/#organization\",\"name\":\"Organisator\",\"url\":\"https:\\\/\\\/www.organisator.ch\\\/\",\"logo\":{\"@type\":\"ImageObject\",\"inLanguage\":\"it-IT\",\"@id\":\"https:\\\/\\\/www.organisator.ch\\\/#\\\/schema\\\/logo\\\/image\\\/\",\"url\":\"https:\\\/\\\/www.organisator.ch\\\/wp-content\\\/uploads\\\/2022\\\/01\\\/Logo_Organisator_Website.png\",\"contentUrl\":\"https:\\\/\\\/www.organisator.ch\\\/wp-content\\\/uploads\\\/2022\\\/01\\\/Logo_Organisator_Website.png\",\"width\":800,\"height\":77,\"caption\":\"Organisator\"},\"image\":{\"@id\":\"https:\\\/\\\/www.organisator.ch\\\/#\\\/schema\\\/logo\\\/image\\\/\"},\"sameAs\":[\"https:\\\/\\\/www.facebook.com\\\/OrganisatorFachmagazin\",\"https:\\\/\\\/www.linkedin.com\\\/showcase\\\/organisator-das-magazin-fr-kmu\",\"https:\\\/\\\/www.xing.com\\\/news\\\/pages\\\/organisator-ch-695\",\"https:\\\/\\\/www.youtube.com\\\/channel\\\/UCGP2Sq0iWaZwT3BdIAQFYpw\"]},{\"@type\":\"Person\",\"@id\":\"https:\\\/\\\/www.organisator.ch\\\/#\\\/schema\\\/person\\\/6f650f90b2842cd4c0cc334b4e36f67e\",\"name\":\"thomas.berner\",\"image\":{\"@type\":\"ImageObject\",\"inLanguage\":\"it-IT\",\"@id\":\"https:\\\/\\\/secure.gravatar.com\\\/avatar\\\/ac5001d2a36cb6c6cd3e50789007ffca834b477b74a2144564522e944eabff61?s=96&d=mm&r=g\",\"url\":\"https:\\\/\\\/secure.gravatar.com\\\/avatar\\\/ac5001d2a36cb6c6cd3e50789007ffca834b477b74a2144564522e944eabff61?s=96&d=mm&r=g\",\"contentUrl\":\"https:\\\/\\\/secure.gravatar.com\\\/avatar\\\/ac5001d2a36cb6c6cd3e50789007ffca834b477b74a2144564522e944eabff61?s=96&d=mm&r=g\",\"caption\":\"thomas.berner\"},\"url\":\"https:\\\/\\\/www.organisator.ch\\\/it\\\/author\\\/thomas-berner\\\/\"}]}<\/script>\n<!-- \/ Yoast SEO plugin. -->","yoast_head_json":{"title":"TEDx sulla leadership digitale: La trasformazione digitale significa cambiamento costante - Organizzatore","description":"Il gruppo di studio dell'Executive MBA Digital Leadership dell'HWZ sta organizzando il prossimo evento TEDx come parte del suo programma di formazione continua.","robots":{"index":"index","follow":"follow","max-snippet":"max-snippet:-1","max-image-preview":"max-image-preview:large","max-video-preview":"max-video-preview:-1"},"canonical":"https:\/\/www.organisator.ch\/it\/formazione-continua\/2022-09-27\/tedx-zu-digital-leadership-digitale-transformation-bedeutet-steter-wandel\/","og_locale":"it_IT","og_type":"article","og_title":"TEDx zu Digital Leadership: Digitale Transformation bedeutet steter Wandel","og_description":"Die Studiengruppe des Executive MBA Digital Leadership der HWZ organisiert im Rahmen ihrer Weiterbildung den n\u00e4chsten TEDx-Event.","og_url":"https:\/\/www.organisator.ch\/it\/formazione-continua\/2022-09-27\/tedx-zu-digital-leadership-digitale-transformation-bedeutet-steter-wandel\/","og_site_name":"Organisator","article_publisher":"https:\/\/www.facebook.com\/OrganisatorFachmagazin","article_published_time":"2022-09-27T11:59:17+00:00","og_image":[{"width":1125,"height":686,"url":"https:\/\/www.organisator.ch\/wp-content\/uploads\/2022\/09\/TEDx-zu-Digital-Leadership-Digitale-Transformation-bedeutet-steter-Wandel_Organisator.jpg","type":"image\/jpeg"}],"author":"thomas.berner","twitter_card":"summary_large_image","twitter_title":"#TEDx zu Digital Leadership: Digitale #Transformation bedeutet steter Wandel","twitter_description":"Die #Studiengruppe des Executive #MBA Digital #Leadership der #HWZ organisiert im Rahmen ihrer Weiterbildung den n\u00e4chsten #TEDx-Event.","twitter_image":"https:\/\/www.organisator.ch\/wp-content\/uploads\/2022\/09\/TEDx-zu-Digital-Leadership-Digitale-Transformation-bedeutet-steter-Wandel_Organisator.jpg","schema":{"@context":"https:\/\/schema.org","@graph":[{"@type":"Article","@id":"https:\/\/www.organisator.ch\/weiterbildung\/2022-09-27\/tedx-zu-digital-leadership-digitale-transformation-bedeutet-steter-wandel\/#article","isPartOf":{"@id":"https:\/\/www.organisator.ch\/weiterbildung\/2022-09-27\/tedx-zu-digital-leadership-digitale-transformation-bedeutet-steter-wandel\/"},"author":{"name":"thomas.berner","@id":"https:\/\/www.organisator.ch\/#\/schema\/person\/6f650f90b2842cd4c0cc334b4e36f67e"},"headline":"TEDx zu Digital Leadership: Digitale Transformation bedeutet steter Wandel","datePublished":"2022-09-27T11:59:17+00:00","mainEntityOfPage":{"@id":"https:\/\/www.organisator.ch\/weiterbildung\/2022-09-27\/tedx-zu-digital-leadership-digitale-transformation-bedeutet-steter-wandel\/"},"wordCount":850,"publisher":{"@id":"https:\/\/www.organisator.ch\/#organization"},"image":{"@id":"https:\/\/www.organisator.ch\/weiterbildung\/2022-09-27\/tedx-zu-digital-leadership-digitale-transformation-bedeutet-steter-wandel\/#primaryimage"},"thumbnailUrl":"https:\/\/www.organisator.ch\/wp-content\/uploads\/2022\/09\/TEDx-zu-Digital-Leadership-Digitale-Transformation-bedeutet-steter-Wandel_Organisator.jpg","keywords":["Aus-\/Weiterbildung","Digital Leadership","Digitalisierung","Events","Fachhochschulen"],"articleSection":["WEITERBILDUNG"],"inLanguage":"it-IT"},{"@type":"WebPage","@id":"https:\/\/www.organisator.ch\/weiterbildung\/2022-09-27\/tedx-zu-digital-leadership-digitale-transformation-bedeutet-steter-wandel\/","url":"https:\/\/www.organisator.ch\/weiterbildung\/2022-09-27\/tedx-zu-digital-leadership-digitale-transformation-bedeutet-steter-wandel\/","name":"TEDx sulla leadership digitale: La trasformazione digitale significa cambiamento costante - Organizzatore","isPartOf":{"@id":"https:\/\/www.organisator.ch\/#website"},"primaryImageOfPage":{"@id":"https:\/\/www.organisator.ch\/weiterbildung\/2022-09-27\/tedx-zu-digital-leadership-digitale-transformation-bedeutet-steter-wandel\/#primaryimage"},"image":{"@id":"https:\/\/www.organisator.ch\/weiterbildung\/2022-09-27\/tedx-zu-digital-leadership-digitale-transformation-bedeutet-steter-wandel\/#primaryimage"},"thumbnailUrl":"https:\/\/www.organisator.ch\/wp-content\/uploads\/2022\/09\/TEDx-zu-Digital-Leadership-Digitale-Transformation-bedeutet-steter-Wandel_Organisator.jpg","datePublished":"2022-09-27T11:59:17+00:00","description":"Il gruppo di studio dell'Executive MBA Digital Leadership dell'HWZ sta organizzando il prossimo evento TEDx come parte del suo programma di formazione continua.","breadcrumb":{"@id":"https:\/\/www.organisator.ch\/weiterbildung\/2022-09-27\/tedx-zu-digital-leadership-digitale-transformation-bedeutet-steter-wandel\/#breadcrumb"},"inLanguage":"it-IT","potentialAction":[{"@type":"ReadAction","target":["https:\/\/www.organisator.ch\/weiterbildung\/2022-09-27\/tedx-zu-digital-leadership-digitale-transformation-bedeutet-steter-wandel\/"]}]},{"@type":"ImageObject","inLanguage":"it-IT","@id":"https:\/\/www.organisator.ch\/weiterbildung\/2022-09-27\/tedx-zu-digital-leadership-digitale-transformation-bedeutet-steter-wandel\/#primaryimage","url":"https:\/\/www.organisator.ch\/wp-content\/uploads\/2022\/09\/TEDx-zu-Digital-Leadership-Digitale-Transformation-bedeutet-steter-Wandel_Organisator.jpg","contentUrl":"https:\/\/www.organisator.ch\/wp-content\/uploads\/2022\/09\/TEDx-zu-Digital-Leadership-Digitale-Transformation-bedeutet-steter-Wandel_Organisator.jpg","width":1125,"height":686,"caption":"Die HWZ organisiert den TEDxHWZ-Event \u00abEnrich your mind\u00bb 2022. (Bild: HWZ)"},{"@type":"BreadcrumbList","@id":"https:\/\/www.organisator.ch\/weiterbildung\/2022-09-27\/tedx-zu-digital-leadership-digitale-transformation-bedeutet-steter-wandel\/#breadcrumb","itemListElement":[{"@type":"ListItem","position":1,"name":"Home","item":"https:\/\/www.organisator.ch\/"},{"@type":"ListItem","position":2,"name":"TEDx zu Digital Leadership: Digitale Transformation bedeutet steter Wandel"}]},{"@type":"WebSite","@id":"https:\/\/www.organisator.ch\/#website","url":"https:\/\/www.organisator.ch\/","name":"Organizzatore","description":"Competente. Pratico. In 10 numeri all'anno, ORGANISATOR presenta i temi essenziali per i manager delle PMI.","publisher":{"@id":"https:\/\/www.organisator.ch\/#organization"},"potentialAction":[{"@type":"SearchAction","target":{"@type":"EntryPoint","urlTemplate":"https:\/\/www.organisator.ch\/?s={search_term_string}"},"query-input":{"@type":"PropertyValueSpecification","valueRequired":true,"valueName":"search_term_string"}}],"inLanguage":"it-IT"},{"@type":"Organization","@id":"https:\/\/www.organisator.ch\/#organization","name":"Organizzatore","url":"https:\/\/www.organisator.ch\/","logo":{"@type":"ImageObject","inLanguage":"it-IT","@id":"https:\/\/www.organisator.ch\/#\/schema\/logo\/image\/","url":"https:\/\/www.organisator.ch\/wp-content\/uploads\/2022\/01\/Logo_Organisator_Website.png","contentUrl":"https:\/\/www.organisator.ch\/wp-content\/uploads\/2022\/01\/Logo_Organisator_Website.png","width":800,"height":77,"caption":"Organisator"},"image":{"@id":"https:\/\/www.organisator.ch\/#\/schema\/logo\/image\/"},"sameAs":["https:\/\/www.facebook.com\/OrganisatorFachmagazin","https:\/\/www.linkedin.com\/showcase\/organisator-das-magazin-fr-kmu","https:\/\/www.xing.com\/news\/pages\/organisator-ch-695","https:\/\/www.youtube.com\/channel\/UCGP2Sq0iWaZwT3BdIAQFYpw"]},{"@type":"Person","@id":"https:\/\/www.organisator.ch\/#\/schema\/person\/6f650f90b2842cd4c0cc334b4e36f67e","name":"Tommaso.berner","image":{"@type":"ImageObject","inLanguage":"it-IT","@id":"https:\/\/secure.gravatar.com\/avatar\/ac5001d2a36cb6c6cd3e50789007ffca834b477b74a2144564522e944eabff61?s=96&d=mm&r=g","url":"https:\/\/secure.gravatar.com\/avatar\/ac5001d2a36cb6c6cd3e50789007ffca834b477b74a2144564522e944eabff61?s=96&d=mm&r=g","contentUrl":"https:\/\/secure.gravatar.com\/avatar\/ac5001d2a36cb6c6cd3e50789007ffca834b477b74a2144564522e944eabff61?s=96&d=mm&r=g","caption":"thomas.berner"},"url":"https:\/\/www.organisator.ch\/it\/author\/thomas-berner\/"}]}},"_links":{"self":[{"href":"https:\/\/www.organisator.ch\/it\/wp-json\/wp\/v2\/posts\/17082","targetHints":{"allow":["GET"]}}],"collection":[{"href":"https:\/\/www.organisator.ch\/it\/wp-json\/wp\/v2\/posts"}],"about":[{"href":"https:\/\/www.organisator.ch\/it\/wp-json\/wp\/v2\/types\/post"}],"author":[{"embeddable":true,"href":"https:\/\/www.organisator.ch\/it\/wp-json\/wp\/v2\/users\/4"}],"replies":[{"embeddable":true,"href":"https:\/\/www.organisator.ch\/it\/wp-json\/wp\/v2\/comments?post=17082"}],"version-history":[{"count":1,"href":"https:\/\/www.organisator.ch\/it\/wp-json\/wp\/v2\/posts\/17082\/revisions"}],"predecessor-version":[{"id":17084,"href":"https:\/\/www.organisator.ch\/it\/wp-json\/wp\/v2\/posts\/17082\/revisions\/17084"}],"wp:featuredmedia":[{"embeddable":true,"href":"https:\/\/www.organisator.ch\/it\/wp-json\/wp\/v2\/media\/17083"}],"wp:attachment":[{"href":"https:\/\/www.organisator.ch\/it\/wp-json\/wp\/v2\/media?parent=17082"}],"wp:term":[{"taxonomy":"category","embeddable":true,"href":"https:\/\/www.organisator.ch\/it\/wp-json\/wp\/v2\/categories?post=17082"},{"taxonomy":"post_tag","embeddable":true,"href":"https:\/\/www.organisator.ch\/it\/wp-json\/wp\/v2\/tags?post=17082"}],"curies":[{"name":"wp","href":"https:\/\/api.w.org\/{rel}","templated":true}]}}