{"id":17107,"date":"2022-09-29T06:41:05","date_gmt":"2022-09-29T04:41:05","guid":{"rendered":"https:\/\/www.organisator.ch\/?p=17107"},"modified":"2022-09-28T16:58:59","modified_gmt":"2022-09-28T14:58:59","slug":"hybride-messen-belasten-klima-weniger","status":"publish","type":"post","link":"https:\/\/www.organisator.ch\/it\/marketing\/2022-09-29\/hybride-messen-belasten-klima-weniger\/","title":{"rendered":"Le fiere ibride hanno un impatto minore sul clima"},"content":{"rendered":"<figure id=\"attachment_17108\" aria-describedby=\"caption-attachment-17108\" style=\"width: 680px\" class=\"wp-caption alignnone\"><img loading=\"lazy\" decoding=\"async\" class=\"size-full wp-image-17108\" src=\"https:\/\/www.organisator.ch\/wp-content\/uploads\/2022\/09\/Hybride-Messen-belasten-Klima-weniger_Organisator.jpg\" alt=\"\" width=\"680\" height=\"370\" srcset=\"https:\/\/www.organisator.ch\/wp-content\/uploads\/2022\/09\/Hybride-Messen-belasten-Klima-weniger_Organisator.jpg 680w, https:\/\/www.organisator.ch\/wp-content\/uploads\/2022\/09\/Hybride-Messen-belasten-Klima-weniger_Organisator-18x10.jpg 18w, https:\/\/www.organisator.ch\/wp-content\/uploads\/2022\/09\/Hybride-Messen-belasten-Klima-weniger_Organisator-322x175.jpg 322w, https:\/\/www.organisator.ch\/wp-content\/uploads\/2022\/09\/Hybride-Messen-belasten-Klima-weniger_Organisator-643x350.jpg 643w, https:\/\/www.organisator.ch\/wp-content\/uploads\/2022\/09\/Hybride-Messen-belasten-Klima-weniger_Organisator-300x163.jpg 300w\" sizes=\"auto, (max-width: 680px) 100vw, 680px\" \/><figcaption id=\"caption-attachment-17108\" class=\"wp-caption-text\">Secondo uno studio, le fiere commerciali convenzionali sono un vero e proprio spreco di CO2. Le fiere ibride proteggono maggiormente il clima. (Immagine: Depositphotos.com)<\/figcaption><\/figure>\n<p>Per molti fornitori e clienti, le fiere sono una piattaforma interessante per lo scambio di conoscenze e i contatti personali. Gli eventi commerciali offrono una sorta di visione a tutto tondo di ci\u00f2 che \u00e8 presente sul mercato nei settori corrispondenti e delle novit\u00e0, anche per quanto riguarda i prezzi, la qualit\u00e0 e l'innovazione. Le fiere industriali, in particolare, presentano spesso prodotti complessi che richiedono spiegazioni. Gli espositori hanno l'opportunit\u00e0 di fare networking durante le riunioni di settore o di osservare la competizione. Tuttavia, la visita a una fiera \u00e8 spesso legata anche ad attivit\u00e0 turistiche, per cui le localit\u00e0 fieristiche ne traggono un beneficio in termini economici.<\/p>\n<p>Tuttavia, le fiere sono anche associate a un'enorme quantit\u00e0 di lavoro, soprattutto per gli espositori e in particolare se si tratta di fiere internazionali. Il trasporto dei prodotti \u00e8 complesso dal punto di vista logistico e legale e comporta costi elevati, compensati da un ritorno poco chiaro. Ci\u00f2 di cui si \u00e8 avuta meno consapevolezza finora \u00e8 che i grandi eventi come le fiere internazionali hanno un'enorme impronta ecologica. Inoltre, le fiere regionali causano ripetutamente un aumento del traffico, problemi di circolazione e ingorghi.<\/p>\n<h3><strong>Uno studio rivela che le fiere sono un'idrovora di CO2<\/strong><\/h3>\n<p>Nello studio \"Trade fair industry - change of era or 'back to normal'?\", l'Universit\u00e0 Macromedia di Scienze Applicate di Colonia e l'operatore della piattaforma B2B Visable mettono a nudo le fiere internazionali come vere e proprie divoratrici di CO2. Sebbene molti operatori fieristici facciano tutto il possibile per essere sostenibili (ad esempio, con pannelli solari per l'approvvigionamento energetico, ecc. Prendendo come esempio l'importante Fiera Internazionale dell'Elettronica di Consumo (IFA) di Berlino, \"L'impronta di CO2 dell'IFA \u00e8 enorme. \u00c8 come se Berlino crescesse delle dimensioni di Francoforte per tutta la durata della fiera. Questo non \u00e8 il calcolo ufficiale, ma illustra il problema\", afferma l'autrice dello studio, la Prof.ssa Mareike M\u00fcller. Allo stesso tempo, si tratta di un problema per il quale non c'\u00e8 consapevolezza e apparentemente poca volont\u00e0 politica di cambiare qualcosa: perch\u00e9 mancherebbero regole chiare sulla contabilizzazione della CO2 per le fiere. Peter F. Schmid, CEO di Visable, ha dichiarato: \"L'organizzazione di fiere e i relativi viaggi dei visitatori internazionali causano enormi quantit\u00e0 di CO2. Ma nessuno affronta il problema. Non possiamo permettercelo se vogliamo seriamente proteggere il clima\".<\/p>\n<h3><strong>Le fiere digitali offrono nuove opportunit\u00e0<\/strong><\/h3>\n<p>Ma le fiere potrebbero anche essere gestite digitalmente e svolgersi in spazi virtuali. Le presentazioni digitali adatte possono rappresentare i prodotti e i dettagli dei prodotti in modo ancora pi\u00f9 accurato, comprese le animazioni 3D o addirittura direttamente in scala nel capannone di produzione tramite la realt\u00e0 aumentata. Il venditore pu\u00f2 rispondere alle domande dei clienti con l'aiuto di chatbot o di persona. Durante i blocchi di Corona, in molti casi \u00e8 stato necessario passare a soluzioni di vendita digitali. Ad esempio, durante la pandemia, la societ\u00e0 Visable, che gestisce le piattaforme wlw (ex \"Wer liefert Was\") ed europages, ha aumentato il numero di societ\u00e0 quotate a 3 milioni.<\/p>\n<h3><strong>Mancano l'aptica e il contatto personale<\/strong><\/h3>\n<p>Per il momento, tuttavia, le fiere puramente virtuali stanno sostituendo solo una piccola parte delle fiere faccia a faccia. E non sono calamite per i visitatori. Generano solo una frazione del traffico delle loro controparti fisiche. Un sondaggio condotto da Visable ha dimostrato che il 69% degli intervistati sentirebbe la mancanza del networking professionale, dell'incontro con nuovi clienti o degli aspetti sociali. Infine, i clienti vogliono vedere, provare, sperimentare e testare i prodotti a cui sono specificamente interessati. Poich\u00e9 i clienti delle fiere sono di solito una clientela speciale, hanno anche interesse a incontrarsi e a conoscersi.<\/p>\n<p>Viene criticata la mancanza di un modello uniforme per le fiere virtuali, in cui sia possibile fornire contenuti senza dover affrontare ogni volta un nuovo sistema. In molti casi, manca la volont\u00e0 da parte degli stessi operatori fieristici di cercare soluzioni nuove e uniformi, cos\u00ec come da parte dei politici di garantire condizioni quadro uniformi. Per il momento, le fiere virtuali sembrano avere ancora troppo poco appeal. Ma un cambiamento dovrebbe essere all'orizzonte, soprattutto perch\u00e9 al mix si \u00e8 aggiunto di recente il forte aumento dei prezzi dell'energia e dei carburanti.<\/p>\n<h3><strong>Le fiere ibride come modello per il futuro<\/strong><\/h3>\n<p>L'attuale studio di Macromedia considera anche le fiere virtuali o ibride come un possibile percorso verso la sostenibilit\u00e0. Tuttavia, Peter F. Schmid, CEO di Visable, \u00e8 irritato dalla riluttanza degli organizzatori di fiere a passare all'era digitale: \"Non ci sono abbastanza settori che hanno dormito durante la trasformazione digitale? Dopo tutto, le fiere sono luoghi in cui il trasferimento di informazioni e la comunicazione sono al centro dell'attenzione, ed entrambi stanno attualmente subendo cambiamenti massicci a causa della digitalizzazione. Chi crede seriamente che il modello fieristico profondamente analogico del Medioevo non debba adattarsi? Si tratta di un'enorme opportunit\u00e0 anche per gli operatori fieristici\".<\/p>\n<p><em>Fonte: <a href=\"http:\/\/www.visable.com\">Visibile<\/a><\/em><\/p>","protected":false},"excerpt":{"rendered":"<p>Messen sind f\u00fcr viele Anbieter und deren Kunden eine attraktive Plattform f\u00fcr den Wissensaustausch und den pers\u00f6nlichen Kontakt. Die Business-Events verschaffen eine Art Rundumblick, was in entsprechenden Branchen auf dem Markt ist und welche Neuigkeiten es gibt \u2013 im Hinblick auch auf Preis, Qualit\u00e4t und Innovation. Insbesondere auf Industriemessen werden oft erkl\u00e4rungsbed\u00fcrftige und komplexe Produkte [&hellip;]<\/p>\n","protected":false},"author":4,"featured_media":17108,"comment_status":"closed","ping_status":"closed","sticky":false,"template":"","format":"standard","meta":{"_acf_changed":false,"_yoast_wpseo_focuskw":"Hybride Messen","_yoast_wpseo_metadesc":"Im Zuge der Klimakrise stellt sich die Frage, wie weit traditionelle Messekonzepte noch zeitgem\u00e4ss sind. Sind hybride Messen die Alternative?","articlekey":"","footnotes":""},"categories":[29],"tags":[156,193,2799],"class_list":["post-17107","post","type-post","status-publish","format-standard","has-post-thumbnail","hentry","category-marketing","tag-digitalisierung","tag-fachkongressfachmesse","tag-messen-und-events"],"acf":[],"yoast_head":"<!-- This site is optimized with the Yoast SEO plugin v27.5 - https:\/\/yoast.com\/product\/yoast-seo-wordpress\/ -->\n<title>Hybride Messen belasten Klima weniger - Organisator<\/title>\n<meta name=\"description\" content=\"Im Zuge der Klimakrise stellt sich die Frage, wie weit traditionelle Messekonzepte noch zeitgem\u00e4ss sind. Sind hybride Messen die Alternative?\" \/>\n<meta name=\"robots\" content=\"index, follow, max-snippet:-1, max-image-preview:large, max-video-preview:-1\" \/>\n<link rel=\"canonical\" href=\"https:\/\/www.organisator.ch\/it\/marketing\/2022-09-29\/hybride-messen-belasten-klima-weniger\/\" \/>\n<meta property=\"og:locale\" content=\"it_IT\" \/>\n<meta property=\"og:type\" content=\"article\" \/>\n<meta property=\"og:title\" content=\"Hybride Messen belasten Klima weniger\" \/>\n<meta property=\"og:description\" content=\"Im Zuge der Klimakrise stellt sich die Frage, wie weit traditionelle Messekonzepte noch zeitgem\u00e4ss sind. Sind hybride Messen die Alternative?\" \/>\n<meta property=\"og:url\" content=\"https:\/\/www.organisator.ch\/it\/marketing\/2022-09-29\/hybride-messen-belasten-klima-weniger\/\" \/>\n<meta property=\"og:site_name\" content=\"Organisator\" \/>\n<meta property=\"article:publisher\" content=\"https:\/\/www.facebook.com\/OrganisatorFachmagazin\" \/>\n<meta property=\"article:published_time\" content=\"2022-09-29T04:41:05+00:00\" \/>\n<meta property=\"og:image\" content=\"https:\/\/www.organisator.ch\/wp-content\/uploads\/2022\/09\/Hybride-Messen-belasten-Klima-weniger_Organisator.jpg\" \/>\n\t<meta property=\"og:image:width\" content=\"680\" \/>\n\t<meta property=\"og:image:height\" content=\"370\" \/>\n\t<meta property=\"og:image:type\" content=\"image\/jpeg\" \/>\n<meta name=\"author\" content=\"thomas.berner\" \/>\n<meta name=\"twitter:card\" content=\"summary_large_image\" \/>\n<meta name=\"twitter:title\" content=\"Hybride #Messen belasten #Klima weniger\" \/>\n<meta name=\"twitter:description\" content=\"Im Zuge der #Klimakrise stellt sich die Frage, wie weit traditionelle #Messekonzepte noch zeitgem\u00e4ss sind. Sind hybride Messen die #Alternative?\" \/>\n<meta name=\"twitter:image\" content=\"https:\/\/www.organisator.ch\/wp-content\/uploads\/2022\/09\/Hybride-Messen-belasten-Klima-weniger_Organisator.jpg\" \/>\n<script type=\"application\/ld+json\" class=\"yoast-schema-graph\">{\"@context\":\"https:\\\/\\\/schema.org\",\"@graph\":[{\"@type\":\"Article\",\"@id\":\"https:\\\/\\\/www.organisator.ch\\\/marketing\\\/2022-09-29\\\/hybride-messen-belasten-klima-weniger\\\/#article\",\"isPartOf\":{\"@id\":\"https:\\\/\\\/www.organisator.ch\\\/marketing\\\/2022-09-29\\\/hybride-messen-belasten-klima-weniger\\\/\"},\"author\":{\"name\":\"thomas.berner\",\"@id\":\"https:\\\/\\\/www.organisator.ch\\\/#\\\/schema\\\/person\\\/6f650f90b2842cd4c0cc334b4e36f67e\"},\"headline\":\"Hybride Messen belasten Klima weniger\",\"datePublished\":\"2022-09-29T04:41:05+00:00\",\"mainEntityOfPage\":{\"@id\":\"https:\\\/\\\/www.organisator.ch\\\/marketing\\\/2022-09-29\\\/hybride-messen-belasten-klima-weniger\\\/\"},\"wordCount\":787,\"publisher\":{\"@id\":\"https:\\\/\\\/www.organisator.ch\\\/#organization\"},\"image\":{\"@id\":\"https:\\\/\\\/www.organisator.ch\\\/marketing\\\/2022-09-29\\\/hybride-messen-belasten-klima-weniger\\\/#primaryimage\"},\"thumbnailUrl\":\"https:\\\/\\\/www.organisator.ch\\\/wp-content\\\/uploads\\\/2022\\\/09\\\/Hybride-Messen-belasten-Klima-weniger_Organisator.jpg\",\"keywords\":[\"Digitalisierung\",\"Fachkongress\\\/Fachmesse\",\"Messen und Events\"],\"articleSection\":[\"MARKETING\"],\"inLanguage\":\"it-IT\"},{\"@type\":\"WebPage\",\"@id\":\"https:\\\/\\\/www.organisator.ch\\\/marketing\\\/2022-09-29\\\/hybride-messen-belasten-klima-weniger\\\/\",\"url\":\"https:\\\/\\\/www.organisator.ch\\\/marketing\\\/2022-09-29\\\/hybride-messen-belasten-klima-weniger\\\/\",\"name\":\"Hybride Messen belasten Klima weniger - Organisator\",\"isPartOf\":{\"@id\":\"https:\\\/\\\/www.organisator.ch\\\/#website\"},\"primaryImageOfPage\":{\"@id\":\"https:\\\/\\\/www.organisator.ch\\\/marketing\\\/2022-09-29\\\/hybride-messen-belasten-klima-weniger\\\/#primaryimage\"},\"image\":{\"@id\":\"https:\\\/\\\/www.organisator.ch\\\/marketing\\\/2022-09-29\\\/hybride-messen-belasten-klima-weniger\\\/#primaryimage\"},\"thumbnailUrl\":\"https:\\\/\\\/www.organisator.ch\\\/wp-content\\\/uploads\\\/2022\\\/09\\\/Hybride-Messen-belasten-Klima-weniger_Organisator.jpg\",\"datePublished\":\"2022-09-29T04:41:05+00:00\",\"description\":\"Im Zuge der Klimakrise stellt sich die Frage, wie weit traditionelle Messekonzepte noch zeitgem\u00e4ss sind. Sind hybride Messen die Alternative?\",\"breadcrumb\":{\"@id\":\"https:\\\/\\\/www.organisator.ch\\\/marketing\\\/2022-09-29\\\/hybride-messen-belasten-klima-weniger\\\/#breadcrumb\"},\"inLanguage\":\"it-IT\",\"potentialAction\":[{\"@type\":\"ReadAction\",\"target\":[\"https:\\\/\\\/www.organisator.ch\\\/marketing\\\/2022-09-29\\\/hybride-messen-belasten-klima-weniger\\\/\"]}]},{\"@type\":\"ImageObject\",\"inLanguage\":\"it-IT\",\"@id\":\"https:\\\/\\\/www.organisator.ch\\\/marketing\\\/2022-09-29\\\/hybride-messen-belasten-klima-weniger\\\/#primaryimage\",\"url\":\"https:\\\/\\\/www.organisator.ch\\\/wp-content\\\/uploads\\\/2022\\\/09\\\/Hybride-Messen-belasten-Klima-weniger_Organisator.jpg\",\"contentUrl\":\"https:\\\/\\\/www.organisator.ch\\\/wp-content\\\/uploads\\\/2022\\\/09\\\/Hybride-Messen-belasten-Klima-weniger_Organisator.jpg\",\"width\":680,\"height\":370,\"caption\":\"Konventionelle Fachmessen sind CO2-Schleudern, besagt eine Studie. Hybride Messen schonen das Klima mehr. (Bild: Depositphotos.com)\"},{\"@type\":\"BreadcrumbList\",\"@id\":\"https:\\\/\\\/www.organisator.ch\\\/marketing\\\/2022-09-29\\\/hybride-messen-belasten-klima-weniger\\\/#breadcrumb\",\"itemListElement\":[{\"@type\":\"ListItem\",\"position\":1,\"name\":\"Home\",\"item\":\"https:\\\/\\\/www.organisator.ch\\\/\"},{\"@type\":\"ListItem\",\"position\":2,\"name\":\"Hybride Messen belasten Klima weniger\"}]},{\"@type\":\"WebSite\",\"@id\":\"https:\\\/\\\/www.organisator.ch\\\/#website\",\"url\":\"https:\\\/\\\/www.organisator.ch\\\/\",\"name\":\"Organisator\",\"description\":\"Kompetent. Praxisnah. Der ORGANISATOR bereitet in 10 Ausgaben pro Jahr die wesentlichen Themen f\u00fcr F\u00fchrungskr\u00e4fte von KMU auf.\",\"publisher\":{\"@id\":\"https:\\\/\\\/www.organisator.ch\\\/#organization\"},\"potentialAction\":[{\"@type\":\"SearchAction\",\"target\":{\"@type\":\"EntryPoint\",\"urlTemplate\":\"https:\\\/\\\/www.organisator.ch\\\/?s={search_term_string}\"},\"query-input\":{\"@type\":\"PropertyValueSpecification\",\"valueRequired\":true,\"valueName\":\"search_term_string\"}}],\"inLanguage\":\"it-IT\"},{\"@type\":\"Organization\",\"@id\":\"https:\\\/\\\/www.organisator.ch\\\/#organization\",\"name\":\"Organisator\",\"url\":\"https:\\\/\\\/www.organisator.ch\\\/\",\"logo\":{\"@type\":\"ImageObject\",\"inLanguage\":\"it-IT\",\"@id\":\"https:\\\/\\\/www.organisator.ch\\\/#\\\/schema\\\/logo\\\/image\\\/\",\"url\":\"https:\\\/\\\/www.organisator.ch\\\/wp-content\\\/uploads\\\/2022\\\/01\\\/Logo_Organisator_Website.png\",\"contentUrl\":\"https:\\\/\\\/www.organisator.ch\\\/wp-content\\\/uploads\\\/2022\\\/01\\\/Logo_Organisator_Website.png\",\"width\":800,\"height\":77,\"caption\":\"Organisator\"},\"image\":{\"@id\":\"https:\\\/\\\/www.organisator.ch\\\/#\\\/schema\\\/logo\\\/image\\\/\"},\"sameAs\":[\"https:\\\/\\\/www.facebook.com\\\/OrganisatorFachmagazin\",\"https:\\\/\\\/www.linkedin.com\\\/showcase\\\/organisator-das-magazin-fr-kmu\",\"https:\\\/\\\/www.xing.com\\\/news\\\/pages\\\/organisator-ch-695\",\"https:\\\/\\\/www.youtube.com\\\/channel\\\/UCGP2Sq0iWaZwT3BdIAQFYpw\"]},{\"@type\":\"Person\",\"@id\":\"https:\\\/\\\/www.organisator.ch\\\/#\\\/schema\\\/person\\\/6f650f90b2842cd4c0cc334b4e36f67e\",\"name\":\"thomas.berner\",\"image\":{\"@type\":\"ImageObject\",\"inLanguage\":\"it-IT\",\"@id\":\"https:\\\/\\\/secure.gravatar.com\\\/avatar\\\/ac5001d2a36cb6c6cd3e50789007ffca834b477b74a2144564522e944eabff61?s=96&d=mm&r=g\",\"url\":\"https:\\\/\\\/secure.gravatar.com\\\/avatar\\\/ac5001d2a36cb6c6cd3e50789007ffca834b477b74a2144564522e944eabff61?s=96&d=mm&r=g\",\"contentUrl\":\"https:\\\/\\\/secure.gravatar.com\\\/avatar\\\/ac5001d2a36cb6c6cd3e50789007ffca834b477b74a2144564522e944eabff61?s=96&d=mm&r=g\",\"caption\":\"thomas.berner\"},\"url\":\"https:\\\/\\\/www.organisator.ch\\\/it\\\/author\\\/thomas-berner\\\/\"}]}<\/script>\n<!-- \/ Yoast SEO plugin. -->","yoast_head_json":{"title":"Le fiere ibride hanno un minore impatto sul clima - Organizzatore","description":"Sulla scia della crisi climatica, ci si chiede fino a che punto i concetti tradizionali di fiera siano ancora attuali. Le fiere ibride sono l'alternativa?","robots":{"index":"index","follow":"follow","max-snippet":"max-snippet:-1","max-image-preview":"max-image-preview:large","max-video-preview":"max-video-preview:-1"},"canonical":"https:\/\/www.organisator.ch\/it\/marketing\/2022-09-29\/hybride-messen-belasten-klima-weniger\/","og_locale":"it_IT","og_type":"article","og_title":"Hybride Messen belasten Klima weniger","og_description":"Im Zuge der Klimakrise stellt sich die Frage, wie weit traditionelle Messekonzepte noch zeitgem\u00e4ss sind. Sind hybride Messen die Alternative?","og_url":"https:\/\/www.organisator.ch\/it\/marketing\/2022-09-29\/hybride-messen-belasten-klima-weniger\/","og_site_name":"Organisator","article_publisher":"https:\/\/www.facebook.com\/OrganisatorFachmagazin","article_published_time":"2022-09-29T04:41:05+00:00","og_image":[{"width":680,"height":370,"url":"https:\/\/www.organisator.ch\/wp-content\/uploads\/2022\/09\/Hybride-Messen-belasten-Klima-weniger_Organisator.jpg","type":"image\/jpeg"}],"author":"thomas.berner","twitter_card":"summary_large_image","twitter_title":"Hybride #Messen belasten #Klima weniger","twitter_description":"Im Zuge der #Klimakrise stellt sich die Frage, wie weit traditionelle #Messekonzepte noch zeitgem\u00e4ss sind. Sind hybride Messen die #Alternative?","twitter_image":"https:\/\/www.organisator.ch\/wp-content\/uploads\/2022\/09\/Hybride-Messen-belasten-Klima-weniger_Organisator.jpg","schema":{"@context":"https:\/\/schema.org","@graph":[{"@type":"Article","@id":"https:\/\/www.organisator.ch\/marketing\/2022-09-29\/hybride-messen-belasten-klima-weniger\/#article","isPartOf":{"@id":"https:\/\/www.organisator.ch\/marketing\/2022-09-29\/hybride-messen-belasten-klima-weniger\/"},"author":{"name":"thomas.berner","@id":"https:\/\/www.organisator.ch\/#\/schema\/person\/6f650f90b2842cd4c0cc334b4e36f67e"},"headline":"Hybride Messen belasten Klima weniger","datePublished":"2022-09-29T04:41:05+00:00","mainEntityOfPage":{"@id":"https:\/\/www.organisator.ch\/marketing\/2022-09-29\/hybride-messen-belasten-klima-weniger\/"},"wordCount":787,"publisher":{"@id":"https:\/\/www.organisator.ch\/#organization"},"image":{"@id":"https:\/\/www.organisator.ch\/marketing\/2022-09-29\/hybride-messen-belasten-klima-weniger\/#primaryimage"},"thumbnailUrl":"https:\/\/www.organisator.ch\/wp-content\/uploads\/2022\/09\/Hybride-Messen-belasten-Klima-weniger_Organisator.jpg","keywords":["Digitalisierung","Fachkongress\/Fachmesse","Messen und Events"],"articleSection":["MARKETING"],"inLanguage":"it-IT"},{"@type":"WebPage","@id":"https:\/\/www.organisator.ch\/marketing\/2022-09-29\/hybride-messen-belasten-klima-weniger\/","url":"https:\/\/www.organisator.ch\/marketing\/2022-09-29\/hybride-messen-belasten-klima-weniger\/","name":"Le fiere ibride hanno un minore impatto sul clima - Organizzatore","isPartOf":{"@id":"https:\/\/www.organisator.ch\/#website"},"primaryImageOfPage":{"@id":"https:\/\/www.organisator.ch\/marketing\/2022-09-29\/hybride-messen-belasten-klima-weniger\/#primaryimage"},"image":{"@id":"https:\/\/www.organisator.ch\/marketing\/2022-09-29\/hybride-messen-belasten-klima-weniger\/#primaryimage"},"thumbnailUrl":"https:\/\/www.organisator.ch\/wp-content\/uploads\/2022\/09\/Hybride-Messen-belasten-Klima-weniger_Organisator.jpg","datePublished":"2022-09-29T04:41:05+00:00","description":"Sulla scia della crisi climatica, ci si chiede fino a che punto i concetti tradizionali di fiera siano ancora attuali. Le fiere ibride sono l'alternativa?","breadcrumb":{"@id":"https:\/\/www.organisator.ch\/marketing\/2022-09-29\/hybride-messen-belasten-klima-weniger\/#breadcrumb"},"inLanguage":"it-IT","potentialAction":[{"@type":"ReadAction","target":["https:\/\/www.organisator.ch\/marketing\/2022-09-29\/hybride-messen-belasten-klima-weniger\/"]}]},{"@type":"ImageObject","inLanguage":"it-IT","@id":"https:\/\/www.organisator.ch\/marketing\/2022-09-29\/hybride-messen-belasten-klima-weniger\/#primaryimage","url":"https:\/\/www.organisator.ch\/wp-content\/uploads\/2022\/09\/Hybride-Messen-belasten-Klima-weniger_Organisator.jpg","contentUrl":"https:\/\/www.organisator.ch\/wp-content\/uploads\/2022\/09\/Hybride-Messen-belasten-Klima-weniger_Organisator.jpg","width":680,"height":370,"caption":"Konventionelle Fachmessen sind CO2-Schleudern, besagt eine Studie. Hybride Messen schonen das Klima mehr. (Bild: Depositphotos.com)"},{"@type":"BreadcrumbList","@id":"https:\/\/www.organisator.ch\/marketing\/2022-09-29\/hybride-messen-belasten-klima-weniger\/#breadcrumb","itemListElement":[{"@type":"ListItem","position":1,"name":"Home","item":"https:\/\/www.organisator.ch\/"},{"@type":"ListItem","position":2,"name":"Hybride Messen belasten Klima weniger"}]},{"@type":"WebSite","@id":"https:\/\/www.organisator.ch\/#website","url":"https:\/\/www.organisator.ch\/","name":"Organizzatore","description":"Competente. Pratico. In 10 numeri all'anno, ORGANISATOR presenta i temi essenziali per i manager delle PMI.","publisher":{"@id":"https:\/\/www.organisator.ch\/#organization"},"potentialAction":[{"@type":"SearchAction","target":{"@type":"EntryPoint","urlTemplate":"https:\/\/www.organisator.ch\/?s={search_term_string}"},"query-input":{"@type":"PropertyValueSpecification","valueRequired":true,"valueName":"search_term_string"}}],"inLanguage":"it-IT"},{"@type":"Organization","@id":"https:\/\/www.organisator.ch\/#organization","name":"Organizzatore","url":"https:\/\/www.organisator.ch\/","logo":{"@type":"ImageObject","inLanguage":"it-IT","@id":"https:\/\/www.organisator.ch\/#\/schema\/logo\/image\/","url":"https:\/\/www.organisator.ch\/wp-content\/uploads\/2022\/01\/Logo_Organisator_Website.png","contentUrl":"https:\/\/www.organisator.ch\/wp-content\/uploads\/2022\/01\/Logo_Organisator_Website.png","width":800,"height":77,"caption":"Organisator"},"image":{"@id":"https:\/\/www.organisator.ch\/#\/schema\/logo\/image\/"},"sameAs":["https:\/\/www.facebook.com\/OrganisatorFachmagazin","https:\/\/www.linkedin.com\/showcase\/organisator-das-magazin-fr-kmu","https:\/\/www.xing.com\/news\/pages\/organisator-ch-695","https:\/\/www.youtube.com\/channel\/UCGP2Sq0iWaZwT3BdIAQFYpw"]},{"@type":"Person","@id":"https:\/\/www.organisator.ch\/#\/schema\/person\/6f650f90b2842cd4c0cc334b4e36f67e","name":"Tommaso.berner","image":{"@type":"ImageObject","inLanguage":"it-IT","@id":"https:\/\/secure.gravatar.com\/avatar\/ac5001d2a36cb6c6cd3e50789007ffca834b477b74a2144564522e944eabff61?s=96&d=mm&r=g","url":"https:\/\/secure.gravatar.com\/avatar\/ac5001d2a36cb6c6cd3e50789007ffca834b477b74a2144564522e944eabff61?s=96&d=mm&r=g","contentUrl":"https:\/\/secure.gravatar.com\/avatar\/ac5001d2a36cb6c6cd3e50789007ffca834b477b74a2144564522e944eabff61?s=96&d=mm&r=g","caption":"thomas.berner"},"url":"https:\/\/www.organisator.ch\/it\/author\/thomas-berner\/"}]}},"_links":{"self":[{"href":"https:\/\/www.organisator.ch\/it\/wp-json\/wp\/v2\/posts\/17107","targetHints":{"allow":["GET"]}}],"collection":[{"href":"https:\/\/www.organisator.ch\/it\/wp-json\/wp\/v2\/posts"}],"about":[{"href":"https:\/\/www.organisator.ch\/it\/wp-json\/wp\/v2\/types\/post"}],"author":[{"embeddable":true,"href":"https:\/\/www.organisator.ch\/it\/wp-json\/wp\/v2\/users\/4"}],"replies":[{"embeddable":true,"href":"https:\/\/www.organisator.ch\/it\/wp-json\/wp\/v2\/comments?post=17107"}],"version-history":[{"count":1,"href":"https:\/\/www.organisator.ch\/it\/wp-json\/wp\/v2\/posts\/17107\/revisions"}],"predecessor-version":[{"id":17109,"href":"https:\/\/www.organisator.ch\/it\/wp-json\/wp\/v2\/posts\/17107\/revisions\/17109"}],"wp:featuredmedia":[{"embeddable":true,"href":"https:\/\/www.organisator.ch\/it\/wp-json\/wp\/v2\/media\/17108"}],"wp:attachment":[{"href":"https:\/\/www.organisator.ch\/it\/wp-json\/wp\/v2\/media?parent=17107"}],"wp:term":[{"taxonomy":"category","embeddable":true,"href":"https:\/\/www.organisator.ch\/it\/wp-json\/wp\/v2\/categories?post=17107"},{"taxonomy":"post_tag","embeddable":true,"href":"https:\/\/www.organisator.ch\/it\/wp-json\/wp\/v2\/tags?post=17107"}],"curies":[{"name":"wp","href":"https:\/\/api.w.org\/{rel}","templated":true}]}}