{"id":17113,"date":"2022-09-29T13:25:53","date_gmt":"2022-09-29T11:25:53","guid":{"rendered":"https:\/\/www.m-q.ch\/?p=16937"},"modified":"2024-11-21T08:06:46","modified_gmt":"2024-11-21T07:06:46","slug":"qs-branche-bereitet-sich-auf-die-control-2023-vor","status":"publish","type":"post","link":"https:\/\/www.organisator.ch\/it\/operational-excellence\/2022-09-29\/qs-branche-bereitet-sich-auf-die-control-2023-vor\/","title":{"rendered":"L'industria del QS si prepara a Control 2023"},"content":{"rendered":"<div class=\"uncode_text_column\">\r\n<figure id=\"attachment_16938\" class=\"wp-caption alignnone\" style=\"width: 680px\" aria-describedby=\"caption-attachment-16938\"><img class=\"alignnone wp-image-16938 size-full\" src=\"https:\/\/www.m-q.ch\/wp-content\/uploads\/2022\/09\/QS-Branche-bereitet-sich-auf-die-Control-2023-vor_MQ.jpg\" alt=\"Controllo 2023\" width=\"680\" height=\"447\" \/>\r\n<figcaption id=\"caption-attachment-16938\" class=\"wp-caption-text\">Control 2023 sar\u00e0 ancora una volta un punto di riferimento per il settore QA. (Immagine: P. E. Schall GmbH &amp; Co. KG)<\/figcaption>\r\n<\/figure>\r\n<p>Control 2023, probabilmente la fiera di riferimento per tutti coloro che operano nel campo dell'assicurazione della qualit\u00e0 (AQ), si basa sul successo dell'evento Control 2023. <a href=\"https:\/\/www.m-q.ch\/de\/control-2022-erfolgreiche-rueckkehr\/\">fiera passata<\/a> Nel maggio 2022, dopo una pausa di tre anni dovuta alla pandemia, oltre 600 espositori hanno potuto sperimentare dal vivo e da vicino le innovazioni QA di alto livello. Gli sviluppi attuali e futuri includono le tecnologie di intelligenza artificiale (AI) e i processi di ispezione in linea. In dettaglio, verranno presentate le innovazioni nei settori della tecnologia di visione, dell'elaborazione delle immagini, della tecnologia dei sensori e della tecnologia di misura e collaudo.<\/p>\r\n<\/div>\r\n<div class=\"vc_custom_heading_wrap\">\r\n<div class=\"heading-text el-text\">\r\n<h3 class=\"h4\">Controllo 2023: La necessit\u00e0 di informazioni sull'IA \u00e8 in aumento<\/h3>\r\n<\/div>\r\n<div class=\"clear\">Tradizionalmente, Control \u00e8 una fiera leader a livello internazionale e indispensabile per l'industria dell'AQ ed \u00e8 una delle fiere pi\u00f9 interessanti e importanti in assoluto. Per questo motivo si attende ancora una volta con grande attesa ed eccitazione il maggio 2023. \"In qualit\u00e0 di fiera di riferimento per il settore QA, Control riunir\u00e0 ancora una volta di persona espositori e visitatori esperti nel 2023\", afferma la promotrice della fiera Bettina Schall, amministratore delegato di P. E. Schall GmbH &amp; Co. KG. \"Con le nostre fiere siamo tradizionalmente sinonimo di rilevanza pratica diretta e applicabilit\u00e0 concreta. Ecco perch\u00e9 anche gli utenti e gli interessati troveranno al 35\u00b0 Control tutto ci\u00f2 di cui hanno bisogno per posizionarsi all'avanguardia nell'assicurazione della qualit\u00e0 e per sopravvivere nella competizione internazionale con un'eccellente AQ nella produzione.\"<\/div>\r\n<\/div>\r\n<div class=\"uncode_text_column\">\r\n<p>Nel 2022 era diventato evidente che la necessit\u00e0 di informazioni sui nuovi sviluppi dell'AQ era cresciuta notevolmente\", riassume Fabian Kr\u00fcger, project manager di Control. \"Soprattutto l'uso di processi di intelligenza artificiale (AI) ha suscitato grande interesse da parte di tutti\", spiega Kr\u00fcger. \"Ancora di pi\u00f9, al prossimo Control, sar\u00e0 possibile sperimentare quanto l'IA supporti gi\u00e0 oggi i processi di produzione e collaudo industriale. Anche le piccole aziende possono realizzare un ingresso semplice nel supporto dell'IA\".<\/p>\r\n<\/div>\r\n<div class=\"vc_custom_heading_wrap\">\r\n<div class=\"heading-text el-text\">\r\n<h3 class=\"h4\">Il QS \u00e8 un settore in crescita<\/h3>\r\n<\/div>\r\n<div class=\"clear\">Gli argomenti relativi alla QA sono temi del futuro e aree di crescita. Ci\u00f2 \u00e8 dovuto al fatto che le misure di garanzia della qualit\u00e0 nelle aree industriali e non industriali sono in crescita, spinte dall'esigenza di una produzione senza difetti, dall'ulteriore automazione, dai sistemi autonomi e dalla richiesta di conservazione delle risorse e di efficienza produttiva. I processi di misurazione, collaudo e ispezione sono da tempo componenti integrati dei processi produttivi. I processi senza contatto, i servizi a distanza, i lotti di piccole dimensioni e la crescente digitalizzazione con analisi continue dei dati si basano su moderne soluzioni di AQ. Le aziende stanno quindi lavorando intensamente per sviluppare ulteriormente gli ambienti di misura, le macchine di misura e le apparecchiature di prova.<\/div>\r\n<\/div>\r\n<div class=\"uncode_text_column\">\r\n<p>Il controllo \u00e8 tradizionalmente la piattaforma di comunicazione e di business appropriata per tutte queste innovazioni. A livello internazionale, \u00e8 la fiera pi\u00f9 interessante e probabilmente anche la pi\u00f9 grande sul tema della garanzia di qualit\u00e0. Con eventi di prim'ordine che accompagnano la fiera con i rinomati istituti di ricerca dell'Istituto Fraunhofer, Fraunhofer Allianz Vision, l'Istituto Fraunhofer per l'ingegneria manifatturiera e l'automazione (IPA) e la mostra speciale \"Tecnologia di misura senza contatto\", questa fiera \u00e8 un mercato di innovazioni ben consolidato. L'appuntamento per il prossimo evento clou del settore \u00e8 dal 9 al 12 maggio 2023 a Stoccarda.<\/p>\r\n<p><em>Ulteriori informazioni: <a href=\"http:\/\/www.control-messe.de\/\">www.control-messe.de<\/a><\/em><\/p>\r\n<\/div>\n<p class=\"syndicated-attribution\">Questo articolo \u00e8 apparso originariamente su m-q.ch - <a href=\"https:\/\/www.m-q.ch\/de\/qs-branche-bereitet-sich-auf-die-control-2023-vor\/\" target=\"_blank\">https:\/\/www.m-q.ch\/de\/qs-branche-bereitet-sich-auf-die-control-2023-vor\/<\/a><\/p>","protected":false},"excerpt":{"rendered":"<p>Die Control 2023, wohl das Messehighlight aller Beteiligten im Bereich Qualit\u00e4tssicherung (QS), kn\u00fcpft an den Erfolg der vergangenen Messe an; im Mai 2022 erlebten \u00fcber 600 Aussteller nach einer pandemiebedingten dreij\u00e4hrigen Pause QS-Innovationen auf Top-Niveau live und zum Anfassen. Zu den aktuellen und zukunftsweisenden Weiterentwicklungen geh\u00f6ren Technologien der K\u00fcnstlichen Intelligenz (KI) ebenso wie Inline-Pr\u00fcfprozesse. Im [\u2026]<\/p>\n","protected":false},"author":8,"featured_media":0,"comment_status":"closed","ping_status":"closed","sticky":false,"template":"","format":"standard","meta":{"_acf_changed":false,"_yoast_wpseo_focuskw":"Control 2023","_yoast_wpseo_metadesc":"Control 2023: Highlight der QS-Branche. Pr\u00e4sentation von Innovationen in Visiontechnologie, Bildverarbeitung und mehr. Nicht verpassen!","articlekey":"","footnotes":""},"categories":[582],"tags":[],"class_list":["post-17113","post","type-post","status-publish","format-standard","hentry","category-operational-excellence"],"acf":[],"yoast_head":"<!-- This site is optimized with the Yoast SEO plugin v27.5 - https:\/\/yoast.com\/product\/yoast-seo-wordpress\/ -->\n<title>QS-Branche bereitet sich auf die Control 2023 vor - Organisator<\/title>\n<meta name=\"description\" content=\"Control 2023: Highlight der QS-Branche. Pr\u00e4sentation von Innovationen in Visiontechnologie, Bildverarbeitung und mehr. Nicht verpassen!\" \/>\n<meta name=\"robots\" content=\"index, follow, max-snippet:-1, max-image-preview:large, max-video-preview:-1\" \/>\n<link rel=\"canonical\" href=\"https:\/\/www.organisator.ch\/it\/eccellenza-operativa\/2022-09-29\/qs-branche-bereitet-sich-auf-die-control-2023-vor\/\" \/>\n<meta property=\"og:locale\" content=\"it_IT\" \/>\n<meta property=\"og:type\" content=\"article\" \/>\n<meta property=\"og:title\" content=\"QS-Branche bereitet sich auf die Control 2023 vor - Organisator\" \/>\n<meta property=\"og:description\" content=\"Control 2023: Highlight der QS-Branche. Pr\u00e4sentation von Innovationen in Visiontechnologie, Bildverarbeitung und mehr. Nicht verpassen!\" \/>\n<meta property=\"og:url\" content=\"https:\/\/www.organisator.ch\/it\/eccellenza-operativa\/2022-09-29\/qs-branche-bereitet-sich-auf-die-control-2023-vor\/\" \/>\n<meta property=\"og:site_name\" content=\"Organisator\" \/>\n<meta property=\"article:publisher\" content=\"https:\/\/www.facebook.com\/OrganisatorFachmagazin\" \/>\n<meta property=\"article:published_time\" content=\"2022-09-29T11:25:53+00:00\" \/>\n<meta property=\"article:modified_time\" content=\"2024-11-21T07:06:46+00:00\" \/>\n<meta name=\"author\" content=\"galledia\" \/>\n<meta name=\"twitter:card\" content=\"summary_large_image\" \/>\n<meta name=\"twitter:creator\" content=\"@admin\" \/>\n<script type=\"application\/ld+json\" class=\"yoast-schema-graph\">{\"@context\":\"https:\\\/\\\/schema.org\",\"@graph\":[{\"@type\":\"Article\",\"@id\":\"https:\\\/\\\/www.organisator.ch\\\/operational-excellence\\\/2022-09-29\\\/qs-branche-bereitet-sich-auf-die-control-2023-vor\\\/#article\",\"isPartOf\":{\"@id\":\"https:\\\/\\\/www.organisator.ch\\\/operational-excellence\\\/2022-09-29\\\/qs-branche-bereitet-sich-auf-die-control-2023-vor\\\/\"},\"author\":{\"name\":\"galledia\",\"@id\":\"https:\\\/\\\/www.organisator.ch\\\/#\\\/schema\\\/person\\\/4e51799071cd2dd1232ac003643ef5f0\"},\"headline\":\"QS-Branche bereitet sich auf die Control 2023 vor\",\"datePublished\":\"2022-09-29T11:25:53+00:00\",\"dateModified\":\"2024-11-21T07:06:46+00:00\",\"mainEntityOfPage\":{\"@id\":\"https:\\\/\\\/www.organisator.ch\\\/operational-excellence\\\/2022-09-29\\\/qs-branche-bereitet-sich-auf-die-control-2023-vor\\\/\"},\"wordCount\":476,\"publisher\":{\"@id\":\"https:\\\/\\\/www.organisator.ch\\\/#organization\"},\"image\":{\"@id\":\"https:\\\/\\\/www.organisator.ch\\\/operational-excellence\\\/2022-09-29\\\/qs-branche-bereitet-sich-auf-die-control-2023-vor\\\/#primaryimage\"},\"thumbnailUrl\":\"https:\\\/\\\/www.m-q.ch\\\/wp-content\\\/uploads\\\/2022\\\/09\\\/QS-Branche-bereitet-sich-auf-die-Control-2023-vor_MQ.jpg\",\"articleSection\":[\"OPERATIONAL EXCELLENCE\"],\"inLanguage\":\"it-IT\"},{\"@type\":\"WebPage\",\"@id\":\"https:\\\/\\\/www.organisator.ch\\\/operational-excellence\\\/2022-09-29\\\/qs-branche-bereitet-sich-auf-die-control-2023-vor\\\/\",\"url\":\"https:\\\/\\\/www.organisator.ch\\\/operational-excellence\\\/2022-09-29\\\/qs-branche-bereitet-sich-auf-die-control-2023-vor\\\/\",\"name\":\"QS-Branche bereitet sich auf die Control 2023 vor - Organisator\",\"isPartOf\":{\"@id\":\"https:\\\/\\\/www.organisator.ch\\\/#website\"},\"primaryImageOfPage\":{\"@id\":\"https:\\\/\\\/www.organisator.ch\\\/operational-excellence\\\/2022-09-29\\\/qs-branche-bereitet-sich-auf-die-control-2023-vor\\\/#primaryimage\"},\"image\":{\"@id\":\"https:\\\/\\\/www.organisator.ch\\\/operational-excellence\\\/2022-09-29\\\/qs-branche-bereitet-sich-auf-die-control-2023-vor\\\/#primaryimage\"},\"thumbnailUrl\":\"https:\\\/\\\/www.m-q.ch\\\/wp-content\\\/uploads\\\/2022\\\/09\\\/QS-Branche-bereitet-sich-auf-die-Control-2023-vor_MQ.jpg\",\"datePublished\":\"2022-09-29T11:25:53+00:00\",\"dateModified\":\"2024-11-21T07:06:46+00:00\",\"description\":\"Control 2023: Highlight der QS-Branche. Pr\u00e4sentation von Innovationen in Visiontechnologie, Bildverarbeitung und mehr. Nicht verpassen!\",\"breadcrumb\":{\"@id\":\"https:\\\/\\\/www.organisator.ch\\\/operational-excellence\\\/2022-09-29\\\/qs-branche-bereitet-sich-auf-die-control-2023-vor\\\/#breadcrumb\"},\"inLanguage\":\"it-IT\",\"potentialAction\":[{\"@type\":\"ReadAction\",\"target\":[\"https:\\\/\\\/www.organisator.ch\\\/operational-excellence\\\/2022-09-29\\\/qs-branche-bereitet-sich-auf-die-control-2023-vor\\\/\"]}]},{\"@type\":\"ImageObject\",\"inLanguage\":\"it-IT\",\"@id\":\"https:\\\/\\\/www.organisator.ch\\\/operational-excellence\\\/2022-09-29\\\/qs-branche-bereitet-sich-auf-die-control-2023-vor\\\/#primaryimage\",\"url\":\"https:\\\/\\\/www.m-q.ch\\\/wp-content\\\/uploads\\\/2022\\\/09\\\/QS-Branche-bereitet-sich-auf-die-Control-2023-vor_MQ.jpg\",\"contentUrl\":\"https:\\\/\\\/www.m-q.ch\\\/wp-content\\\/uploads\\\/2022\\\/09\\\/QS-Branche-bereitet-sich-auf-die-Control-2023-vor_MQ.jpg\"},{\"@type\":\"BreadcrumbList\",\"@id\":\"https:\\\/\\\/www.organisator.ch\\\/operational-excellence\\\/2022-09-29\\\/qs-branche-bereitet-sich-auf-die-control-2023-vor\\\/#breadcrumb\",\"itemListElement\":[{\"@type\":\"ListItem\",\"position\":1,\"name\":\"Home\",\"item\":\"https:\\\/\\\/www.organisator.ch\\\/\"},{\"@type\":\"ListItem\",\"position\":2,\"name\":\"QS-Branche bereitet sich auf die Control 2023 vor\"}]},{\"@type\":\"WebSite\",\"@id\":\"https:\\\/\\\/www.organisator.ch\\\/#website\",\"url\":\"https:\\\/\\\/www.organisator.ch\\\/\",\"name\":\"Organisator\",\"description\":\"Kompetent. Praxisnah. Der ORGANISATOR bereitet in 10 Ausgaben pro Jahr die wesentlichen Themen f\u00fcr F\u00fchrungskr\u00e4fte von KMU auf.\",\"publisher\":{\"@id\":\"https:\\\/\\\/www.organisator.ch\\\/#organization\"},\"potentialAction\":[{\"@type\":\"SearchAction\",\"target\":{\"@type\":\"EntryPoint\",\"urlTemplate\":\"https:\\\/\\\/www.organisator.ch\\\/?s={search_term_string}\"},\"query-input\":{\"@type\":\"PropertyValueSpecification\",\"valueRequired\":true,\"valueName\":\"search_term_string\"}}],\"inLanguage\":\"it-IT\"},{\"@type\":\"Organization\",\"@id\":\"https:\\\/\\\/www.organisator.ch\\\/#organization\",\"name\":\"Organisator\",\"url\":\"https:\\\/\\\/www.organisator.ch\\\/\",\"logo\":{\"@type\":\"ImageObject\",\"inLanguage\":\"it-IT\",\"@id\":\"https:\\\/\\\/www.organisator.ch\\\/#\\\/schema\\\/logo\\\/image\\\/\",\"url\":\"https:\\\/\\\/www.organisator.ch\\\/wp-content\\\/uploads\\\/2022\\\/01\\\/Logo_Organisator_Website.png\",\"contentUrl\":\"https:\\\/\\\/www.organisator.ch\\\/wp-content\\\/uploads\\\/2022\\\/01\\\/Logo_Organisator_Website.png\",\"width\":800,\"height\":77,\"caption\":\"Organisator\"},\"image\":{\"@id\":\"https:\\\/\\\/www.organisator.ch\\\/#\\\/schema\\\/logo\\\/image\\\/\"},\"sameAs\":[\"https:\\\/\\\/www.facebook.com\\\/OrganisatorFachmagazin\",\"https:\\\/\\\/www.linkedin.com\\\/showcase\\\/organisator-das-magazin-fr-kmu\",\"https:\\\/\\\/www.xing.com\\\/news\\\/pages\\\/organisator-ch-695\",\"https:\\\/\\\/www.youtube.com\\\/channel\\\/UCGP2Sq0iWaZwT3BdIAQFYpw\"]},{\"@type\":\"Person\",\"@id\":\"https:\\\/\\\/www.organisator.ch\\\/#\\\/schema\\\/person\\\/4e51799071cd2dd1232ac003643ef5f0\",\"name\":\"galledia\",\"image\":{\"@type\":\"ImageObject\",\"inLanguage\":\"it-IT\",\"@id\":\"https:\\\/\\\/secure.gravatar.com\\\/avatar\\\/78a7f90c01fc2bfc875782a0d4922b37cde2cf184ce347b91316d23cd7f69a36?s=96&d=mm&r=g\",\"url\":\"https:\\\/\\\/secure.gravatar.com\\\/avatar\\\/78a7f90c01fc2bfc875782a0d4922b37cde2cf184ce347b91316d23cd7f69a36?s=96&d=mm&r=g\",\"contentUrl\":\"https:\\\/\\\/secure.gravatar.com\\\/avatar\\\/78a7f90c01fc2bfc875782a0d4922b37cde2cf184ce347b91316d23cd7f69a36?s=96&d=mm&r=g\",\"caption\":\"galledia\"},\"sameAs\":[\"https:\\\/\\\/x.com\\\/admin\"],\"url\":\"https:\\\/\\\/www.organisator.ch\\\/it\\\/author\\\/galledia\\\/\"}]}<\/script>\n<!-- \/ Yoast SEO plugin. -->","yoast_head_json":{"title":"L'industria QA si prepara per Control 2023 - Organizzatore","description":"Controllo 2023: Il punto di forza dell'industria del controllo qualit\u00e0. Presentazione delle innovazioni nella tecnologia di visione, nell'elaborazione delle immagini e altro ancora. Non mancate!","robots":{"index":"index","follow":"follow","max-snippet":"max-snippet:-1","max-image-preview":"max-image-preview:large","max-video-preview":"max-video-preview:-1"},"canonical":"https:\/\/www.organisator.ch\/it\/eccellenza-operativa\/2022-09-29\/qs-branche-bereitet-sich-auf-die-control-2023-vor\/","og_locale":"it_IT","og_type":"article","og_title":"QS-Branche bereitet sich auf die Control 2023 vor - Organisator","og_description":"Control 2023: Highlight der QS-Branche. Pr\u00e4sentation von Innovationen in Visiontechnologie, Bildverarbeitung und mehr. Nicht verpassen!","og_url":"https:\/\/www.organisator.ch\/it\/eccellenza-operativa\/2022-09-29\/qs-branche-bereitet-sich-auf-die-control-2023-vor\/","og_site_name":"Organisator","article_publisher":"https:\/\/www.facebook.com\/OrganisatorFachmagazin","article_published_time":"2022-09-29T11:25:53+00:00","article_modified_time":"2024-11-21T07:06:46+00:00","author":"galledia","twitter_card":"summary_large_image","twitter_creator":"@admin","schema":{"@context":"https:\/\/schema.org","@graph":[{"@type":"Article","@id":"https:\/\/www.organisator.ch\/operational-excellence\/2022-09-29\/qs-branche-bereitet-sich-auf-die-control-2023-vor\/#article","isPartOf":{"@id":"https:\/\/www.organisator.ch\/operational-excellence\/2022-09-29\/qs-branche-bereitet-sich-auf-die-control-2023-vor\/"},"author":{"name":"galledia","@id":"https:\/\/www.organisator.ch\/#\/schema\/person\/4e51799071cd2dd1232ac003643ef5f0"},"headline":"QS-Branche bereitet sich auf die Control 2023 vor","datePublished":"2022-09-29T11:25:53+00:00","dateModified":"2024-11-21T07:06:46+00:00","mainEntityOfPage":{"@id":"https:\/\/www.organisator.ch\/operational-excellence\/2022-09-29\/qs-branche-bereitet-sich-auf-die-control-2023-vor\/"},"wordCount":476,"publisher":{"@id":"https:\/\/www.organisator.ch\/#organization"},"image":{"@id":"https:\/\/www.organisator.ch\/operational-excellence\/2022-09-29\/qs-branche-bereitet-sich-auf-die-control-2023-vor\/#primaryimage"},"thumbnailUrl":"https:\/\/www.m-q.ch\/wp-content\/uploads\/2022\/09\/QS-Branche-bereitet-sich-auf-die-Control-2023-vor_MQ.jpg","articleSection":["OPERATIONAL EXCELLENCE"],"inLanguage":"it-IT"},{"@type":"WebPage","@id":"https:\/\/www.organisator.ch\/operational-excellence\/2022-09-29\/qs-branche-bereitet-sich-auf-die-control-2023-vor\/","url":"https:\/\/www.organisator.ch\/operational-excellence\/2022-09-29\/qs-branche-bereitet-sich-auf-die-control-2023-vor\/","name":"L'industria QA si prepara per Control 2023 - Organizzatore","isPartOf":{"@id":"https:\/\/www.organisator.ch\/#website"},"primaryImageOfPage":{"@id":"https:\/\/www.organisator.ch\/operational-excellence\/2022-09-29\/qs-branche-bereitet-sich-auf-die-control-2023-vor\/#primaryimage"},"image":{"@id":"https:\/\/www.organisator.ch\/operational-excellence\/2022-09-29\/qs-branche-bereitet-sich-auf-die-control-2023-vor\/#primaryimage"},"thumbnailUrl":"https:\/\/www.m-q.ch\/wp-content\/uploads\/2022\/09\/QS-Branche-bereitet-sich-auf-die-Control-2023-vor_MQ.jpg","datePublished":"2022-09-29T11:25:53+00:00","dateModified":"2024-11-21T07:06:46+00:00","description":"Controllo 2023: Il punto di forza dell'industria del controllo qualit\u00e0. Presentazione delle innovazioni nella tecnologia di visione, nell'elaborazione delle immagini e altro ancora. Non mancate!","breadcrumb":{"@id":"https:\/\/www.organisator.ch\/operational-excellence\/2022-09-29\/qs-branche-bereitet-sich-auf-die-control-2023-vor\/#breadcrumb"},"inLanguage":"it-IT","potentialAction":[{"@type":"ReadAction","target":["https:\/\/www.organisator.ch\/operational-excellence\/2022-09-29\/qs-branche-bereitet-sich-auf-die-control-2023-vor\/"]}]},{"@type":"ImageObject","inLanguage":"it-IT","@id":"https:\/\/www.organisator.ch\/operational-excellence\/2022-09-29\/qs-branche-bereitet-sich-auf-die-control-2023-vor\/#primaryimage","url":"https:\/\/www.m-q.ch\/wp-content\/uploads\/2022\/09\/QS-Branche-bereitet-sich-auf-die-Control-2023-vor_MQ.jpg","contentUrl":"https:\/\/www.m-q.ch\/wp-content\/uploads\/2022\/09\/QS-Branche-bereitet-sich-auf-die-Control-2023-vor_MQ.jpg"},{"@type":"BreadcrumbList","@id":"https:\/\/www.organisator.ch\/operational-excellence\/2022-09-29\/qs-branche-bereitet-sich-auf-die-control-2023-vor\/#breadcrumb","itemListElement":[{"@type":"ListItem","position":1,"name":"Home","item":"https:\/\/www.organisator.ch\/"},{"@type":"ListItem","position":2,"name":"QS-Branche bereitet sich auf die Control 2023 vor"}]},{"@type":"WebSite","@id":"https:\/\/www.organisator.ch\/#website","url":"https:\/\/www.organisator.ch\/","name":"Organizzatore","description":"Competente. Pratico. In 10 numeri all'anno, ORGANISATOR presenta i temi essenziali per i manager delle PMI.","publisher":{"@id":"https:\/\/www.organisator.ch\/#organization"},"potentialAction":[{"@type":"SearchAction","target":{"@type":"EntryPoint","urlTemplate":"https:\/\/www.organisator.ch\/?s={search_term_string}"},"query-input":{"@type":"PropertyValueSpecification","valueRequired":true,"valueName":"search_term_string"}}],"inLanguage":"it-IT"},{"@type":"Organization","@id":"https:\/\/www.organisator.ch\/#organization","name":"Organizzatore","url":"https:\/\/www.organisator.ch\/","logo":{"@type":"ImageObject","inLanguage":"it-IT","@id":"https:\/\/www.organisator.ch\/#\/schema\/logo\/image\/","url":"https:\/\/www.organisator.ch\/wp-content\/uploads\/2022\/01\/Logo_Organisator_Website.png","contentUrl":"https:\/\/www.organisator.ch\/wp-content\/uploads\/2022\/01\/Logo_Organisator_Website.png","width":800,"height":77,"caption":"Organisator"},"image":{"@id":"https:\/\/www.organisator.ch\/#\/schema\/logo\/image\/"},"sameAs":["https:\/\/www.facebook.com\/OrganisatorFachmagazin","https:\/\/www.linkedin.com\/showcase\/organisator-das-magazin-fr-kmu","https:\/\/www.xing.com\/news\/pages\/organisator-ch-695","https:\/\/www.youtube.com\/channel\/UCGP2Sq0iWaZwT3BdIAQFYpw"]},{"@type":"Person","@id":"https:\/\/www.organisator.ch\/#\/schema\/person\/4e51799071cd2dd1232ac003643ef5f0","name":"galledia","image":{"@type":"ImageObject","inLanguage":"it-IT","@id":"https:\/\/secure.gravatar.com\/avatar\/78a7f90c01fc2bfc875782a0d4922b37cde2cf184ce347b91316d23cd7f69a36?s=96&d=mm&r=g","url":"https:\/\/secure.gravatar.com\/avatar\/78a7f90c01fc2bfc875782a0d4922b37cde2cf184ce347b91316d23cd7f69a36?s=96&d=mm&r=g","contentUrl":"https:\/\/secure.gravatar.com\/avatar\/78a7f90c01fc2bfc875782a0d4922b37cde2cf184ce347b91316d23cd7f69a36?s=96&d=mm&r=g","caption":"galledia"},"sameAs":["https:\/\/x.com\/admin"],"url":"https:\/\/www.organisator.ch\/it\/author\/galledia\/"}]}},"_links":{"self":[{"href":"https:\/\/www.organisator.ch\/it\/wp-json\/wp\/v2\/posts\/17113","targetHints":{"allow":["GET"]}}],"collection":[{"href":"https:\/\/www.organisator.ch\/it\/wp-json\/wp\/v2\/posts"}],"about":[{"href":"https:\/\/www.organisator.ch\/it\/wp-json\/wp\/v2\/types\/post"}],"author":[{"embeddable":true,"href":"https:\/\/www.organisator.ch\/it\/wp-json\/wp\/v2\/users\/8"}],"replies":[{"embeddable":true,"href":"https:\/\/www.organisator.ch\/it\/wp-json\/wp\/v2\/comments?post=17113"}],"version-history":[{"count":3,"href":"https:\/\/www.organisator.ch\/it\/wp-json\/wp\/v2\/posts\/17113\/revisions"}],"predecessor-version":[{"id":33754,"href":"https:\/\/www.organisator.ch\/it\/wp-json\/wp\/v2\/posts\/17113\/revisions\/33754"}],"wp:attachment":[{"href":"https:\/\/www.organisator.ch\/it\/wp-json\/wp\/v2\/media?parent=17113"}],"wp:term":[{"taxonomy":"category","embeddable":true,"href":"https:\/\/www.organisator.ch\/it\/wp-json\/wp\/v2\/categories?post=17113"},{"taxonomy":"post_tag","embeddable":true,"href":"https:\/\/www.organisator.ch\/it\/wp-json\/wp\/v2\/tags?post=17113"}],"curies":[{"name":"wp","href":"https:\/\/api.w.org\/{rel}","templated":true}]}}