{"id":17117,"date":"2022-09-30T08:10:14","date_gmt":"2022-09-30T06:10:14","guid":{"rendered":"https:\/\/www.organisator.ch\/?p=17117"},"modified":"2022-09-30T08:10:14","modified_gmt":"2022-09-30T06:10:14","slug":"wirtschaftspruefungs-und-beratungsbranche-und-die-wirtschaftlichen-herausforderungen","status":"publish","type":"post","link":"https:\/\/www.organisator.ch\/it\/management\/2022-09-30\/wirtschaftspruefungs-und-beratungsbranche-und-die-wirtschaftlichen-herausforderungen\/","title":{"rendered":"Il settore della revisione e della consulenza e le sfide economiche"},"content":{"rendered":"<figure id=\"attachment_17121\" aria-describedby=\"caption-attachment-17121\" style=\"width: 680px\" class=\"wp-caption alignnone\"><img loading=\"lazy\" decoding=\"async\" class=\"size-medium wp-image-17121\" src=\"https:\/\/www.organisator.ch\/wp-content\/uploads\/2022\/09\/Wirtschaftspruefungs-und-Beratungsbranche-und-die-wirtschaftlichen-Herausforderungen_Organisator-680x402.jpg\" alt=\"\" width=\"680\" height=\"402\" srcset=\"https:\/\/www.organisator.ch\/wp-content\/uploads\/2022\/09\/Wirtschaftspruefungs-und-Beratungsbranche-und-die-wirtschaftlichen-Herausforderungen_Organisator-680x402.jpg 680w, https:\/\/www.organisator.ch\/wp-content\/uploads\/2022\/09\/Wirtschaftspruefungs-und-Beratungsbranche-und-die-wirtschaftlichen-Herausforderungen_Organisator-1024x606.jpg 1024w, https:\/\/www.organisator.ch\/wp-content\/uploads\/2022\/09\/Wirtschaftspruefungs-und-Beratungsbranche-und-die-wirtschaftlichen-Herausforderungen_Organisator-768x454.jpg 768w, https:\/\/www.organisator.ch\/wp-content\/uploads\/2022\/09\/Wirtschaftspruefungs-und-Beratungsbranche-und-die-wirtschaftlichen-Herausforderungen_Organisator-18x12.jpg 18w, https:\/\/www.organisator.ch\/wp-content\/uploads\/2022\/09\/Wirtschaftspruefungs-und-Beratungsbranche-und-die-wirtschaftlichen-Herausforderungen_Organisator-296x175.jpg 296w, https:\/\/www.organisator.ch\/wp-content\/uploads\/2022\/09\/Wirtschaftspruefungs-und-Beratungsbranche-und-die-wirtschaftlichen-Herausforderungen_Organisator-592x350.jpg 592w, https:\/\/www.organisator.ch\/wp-content\/uploads\/2022\/09\/Wirtschaftspruefungs-und-Beratungsbranche-und-die-wirtschaftlichen-Herausforderungen_Organisator-920x544.jpg 920w, https:\/\/www.organisator.ch\/wp-content\/uploads\/2022\/09\/Wirtschaftspruefungs-und-Beratungsbranche-und-die-wirtschaftlichen-Herausforderungen_Organisator-300x177.jpg 300w, https:\/\/www.organisator.ch\/wp-content\/uploads\/2022\/09\/Wirtschaftspruefungs-und-Beratungsbranche-und-die-wirtschaftlichen-Herausforderungen_Organisator.jpg 1305w\" sizes=\"auto, (max-width: 680px) 100vw, 680px\" \/><figcaption id=\"caption-attachment-17121\" class=\"wp-caption-text\">Le principali sfide per il settore della revisione e della consulenza. (Immagine: EXPERTsuisse)<\/figcaption><\/figure>\n<p>Nel suo discorso di benvenuto al settore della revisione e della consulenza, il Consigliere federale Ueli Maurer ha parlato della necessit\u00e0 imprescindibile della riforma fiscale dell'OCSE e della sua attuazione in Svizzera, presentando inoltre una panoramica delle attuali sfide di politica finanziaria che la Confederazione deve affrontare. I parlamentari federali Judith Bellaiche ed Erich Ettlin hanno sottolineato in una tavola rotonda che l'inflazione, la crisi energetica e lo sviluppo delle finanze federali in generale continueranno a occuparci intensamente. Hanno inoltre sottolineato che la Svizzera deve tenere il passo con la digitalizzazione e le nuove forme di lavoro. Tutti i rappresentanti di Berna sono stati concordi nell'affermare che il sistema fiscale svolge un ruolo importante per una piazza economica svizzera forte.<\/p>\n<h3>Riforma della ritenuta d'acconto fallita - riforme relative all'imposta minima OCSE obbligatorie<\/h3>\n<p>La mancata votazione sull'abolizione parziale dell'imposta alla fonte il 25 settembre 2022 \u00e8 stata descritta come un'occasione mancata per rafforzare la piazza economica svizzera rispetto ad altri Paesi. Il tenore dell'evento era che la Svizzera non poteva permettersi un'altra sconfitta nella votazione - sulla questione molto pi\u00f9 importante della compatibilit\u00e0 della fiscalit\u00e0 internazionale con la massima attrattiva possibile della piazza economica svizzera. Il presidente della divisione fiscale di EXPERTsuisse, Daniel Gentsch, ha riassunto la situazione come segue: \"Le questioni fiscali sono numerose e ora dobbiamo stabilire le giuste priorit\u00e0 in base all'attrattiva della sede, alla capacit\u00e0 di ottenere una maggioranza e alla sostenibilit\u00e0 finanziaria.<\/p>\n<h3>Gli sviluppi della sostenibilit\u00e0 interessano sia le aziende che il settore della revisione e della consulenza.<\/h3>\n<p>Il Prof. Thomas Berndt ha sottolineato gli sviluppi internazionali e ha spiegato che il tema della sostenibilit\u00e0 nel reporting e nella revisione contabile raggiunger\u00e0 sempre pi\u00f9 l'economia svizzera. Nel corso della tavola rotonda, Alessandro Miolo, Presidente della Divisione Auditing di EXPERTsuisse, ha sottolineato che, oltre alle aziende multinazionali che si occupano dei vari aspetti delle catene di fornitura, anche le PMI svizzere saranno intensamente coinvolte in questo tema nei prossimi anni. Thomas Koller, presidente della divisione Consulenza aziendale e fiduciaria, ha visto in questo una grande opportunit\u00e0 per le piccole e medie imprese associate a EXPERTsuisse di svolgere un importante ruolo di moltiplicatore. In questo contesto, la partnership industriale annunciata alla conferenza annuale con <a href=\"https:\/\/kmu-nachhaltigkeit.ch\/de\/\">\"Checkup PMI digitali Sostenibilit\u00e0<\/a> (di tfy-consult) pu\u00f2 dare un contributo di sostegno.<\/p>\n<h3>Il reclutamento di lavoratori qualificati e la qualit\u00e0 del servizio richiedono multidisciplinariet\u00e0.<\/h3>\n<p>Il presidente dell'associazione Peter Ritter ha sottolineato che tutte le categorie di dimensioni delle aziende associate generano un fatturato rilevante nelle aree specialistiche di \"Audit &amp; Assurance\", \"Tax &amp; Legal\" e \"Consulting &amp; Business Services\": \"La consulenza \u00e8 gi\u00e0 oggi un'area di business importante per tutte le categorie di dimensioni, che noi come associazione vorremmo sostenere con maggiore forza\". Marius Klauser, Direttore e Delegato del Consiglio di Amministrazione di EXPERTsuisse, ha aggiunto: \"In generale, ci\u00f2 dimostra che l'interazione di diverse discipline \u00e8 una condizione necessaria per un'elevata qualit\u00e0 dei mandati di revisione e consulenza e, inoltre, un aspetto importante dell'attrattiva del datore di lavoro quando si tratta di reclutare nuove persone.\" I migliori laureati nei settori della revisione contabile, della fiscalit\u00e0 e dei servizi fiduciari hanno partecipato alla conferenza annuale durante la presentazione del Newcomer Award.<\/p>\n<h3>Integrazione di ASCO in EXPERTsuisse a partire dal 1\u00b0 gennaio 2023<\/h3>\n<p>L'Associazione svizzera dei consulenti di gestione ASCO sar\u00e0 completamente integrata in EXPERTsuisse il 1\u00b0 gennaio 2023. Marius Klauser ha mostrato come sar\u00e0 la cosiddetta \"Trasformazione 2025\" - fino al 100\u00b0 anniversario dell'associazione e oltre -. Per poter utilizzare in modo ottimale le principali tendenze della digitalizzazione e della sostenibilit\u00e0 come industria e per l'economia, sono necessarie competenze complementari. \"Poich\u00e9 la consulenza orientata al cliente e la gestione olistica stanno diventando sempre pi\u00f9 importanti, l'integrazione di ASCO in EXPERTsuisse \u00e8 un passo importante nello sviluppo dell'associazione\", afferma Marius Klauser. La precedente collaborazione con ASCO si trasformer\u00e0 in un'integrazione completa, grazie alla quale i consulenti di EXPERTsuisse e delle aziende associate ad ASCO riceveranno una piattaforma di integrazione e perfezionamento presso EXPERTsuisse (Consulting &amp; Business Services) e potranno rafforzarsi come professione in tutta la Svizzera.<\/p>\n<p>Oltre all'integrazione di ASCO, EXPERTsuisse sta avviando una collaborazione con l'associazione <a href=\"https:\/\/www.organisator.ch\/de\/management\/2022-09-09\/schweizer-dachverband-fuer-unternehmensnachfolge-offiziell-vorgestellt\/\">Organizzazione ombrello svizzera per la successione aziendale (CHDU)<\/a> che riguarda la formazione e la certificazione delle competenze nel campo della consulenza successoria olistica. Secondo le associazioni, questo rafforzer\u00e0 ulteriormente l'ecosistema dell'orientamento.<\/p>\n<p><em>Fonte: <a href=\"http:\/\/www.expertsuisse.ch\">ESPERTO<\/a><\/em><\/p>","protected":false},"excerpt":{"rendered":"<p>Bundesrat Ueli Maurer sprach in seiner Grussbotschaft an die Wirtschaftspr\u00fcfungs- und Beratungsbranche \u00fcber die unumg\u00e4ngliche Notwendigkeit der OECD-Steuerreform und deren Umsetzung in der Schweiz, zudem pr\u00e4sentierte er eine Auslegeordnung der aktuellen finanzpolitischen Herausforderungen des Bundes. Die Bundesparlamentarier Judith Bellaiche und Erich Ettlin betonten in einem Podiumsgespr\u00e4ch, dass Inflation, Energiekrise und generell die Entwicklung der Bundesfinanzen [&hellip;]<\/p>\n","protected":false},"author":4,"featured_media":17121,"comment_status":"closed","ping_status":"closed","sticky":false,"template":"","format":"standard","meta":{"_acf_changed":false,"_yoast_wpseo_focuskw":"Wirtschaftspr\u00fcfungs- und Beratungsbranche","_yoast_wpseo_metadesc":"Rund 600 Teilnehmende aus der Wirtschaftspr\u00fcfungs- und Beratungsbranche trafen sich an der EXPERTsuisse Jahrestagung in Bern.","articlekey":"","footnotes":""},"categories":[28],"tags":[202,335,503,532],"class_list":["post-17117","post","type-post","status-publish","format-standard","has-post-thumbnail","hentry","category-management","tag-finanzenrecht","tag-management-und-unternehmensfuehrung","tag-verbaende","tag-wirtschaftspruefung"],"acf":[],"yoast_head":"<!-- This site is optimized with the Yoast SEO plugin v27.5 - https:\/\/yoast.com\/product\/yoast-seo-wordpress\/ -->\n<title>Wirtschaftspr\u00fcfungs- und Beratungsbranche und die wirtschaftlichen Herausforderungen - Organisator<\/title>\n<meta name=\"description\" content=\"Rund 600 Teilnehmende aus der Wirtschaftspr\u00fcfungs- und Beratungsbranche trafen sich an der EXPERTsuisse Jahrestagung in Bern.\" \/>\n<meta name=\"robots\" content=\"index, follow, max-snippet:-1, max-image-preview:large, max-video-preview:-1\" \/>\n<link rel=\"canonical\" href=\"https:\/\/www.organisator.ch\/it\/gestione-2\/2022-09-30\/wirtschaftspruefungs-und-beratungsbranche-und-die-wirtschaftlichen-herausforderungen\/\" \/>\n<meta property=\"og:locale\" content=\"it_IT\" \/>\n<meta property=\"og:type\" content=\"article\" \/>\n<meta property=\"og:title\" content=\"Wirtschaftspr\u00fcfungs- und Beratungsbranche und die wirtschaftlichen Herausforderungen\" \/>\n<meta property=\"og:description\" content=\"Rund 600 Teilnehmende aus der Wirtschaftspr\u00fcfungs- und Beratungsbranche trafen sich an der EXPERTsuisse Jahrestagung in Bern.\" \/>\n<meta property=\"og:url\" content=\"https:\/\/www.organisator.ch\/it\/gestione-2\/2022-09-30\/wirtschaftspruefungs-und-beratungsbranche-und-die-wirtschaftlichen-herausforderungen\/\" \/>\n<meta property=\"og:site_name\" content=\"Organisator\" \/>\n<meta property=\"article:publisher\" content=\"https:\/\/www.facebook.com\/OrganisatorFachmagazin\" \/>\n<meta property=\"article:published_time\" content=\"2022-09-30T06:10:14+00:00\" \/>\n<meta property=\"og:image\" content=\"https:\/\/www.organisator.ch\/wp-content\/uploads\/2022\/09\/Wirtschaftspruefungs-und-Beratungsbranche-und-die-wirtschaftlichen-Herausforderungen_Organisator.jpg\" \/>\n\t<meta property=\"og:image:width\" content=\"1305\" \/>\n\t<meta property=\"og:image:height\" content=\"772\" \/>\n\t<meta property=\"og:image:type\" content=\"image\/jpeg\" \/>\n<meta name=\"author\" content=\"thomas.berner\" \/>\n<meta name=\"twitter:card\" content=\"summary_large_image\" \/>\n<meta name=\"twitter:title\" content=\"#Wirtschaftspr\u00fcfungs- und #Beratungsbranche und die wirtschaftlichen Herausforderungen\" \/>\n<meta name=\"twitter:description\" content=\"Rund 600 Teilnehmende aus der #Wirtschaftspr\u00fcfungs- und #Beratungsbranche trafen sich an der #EXPERTsuisse Jahrestagung in Bern.\" \/>\n<meta name=\"twitter:image\" content=\"https:\/\/www.organisator.ch\/wp-content\/uploads\/2022\/09\/Wirtschaftspruefungs-und-Beratungsbranche-und-die-wirtschaftlichen-Herausforderungen_Organisator.jpg\" \/>\n<script type=\"application\/ld+json\" class=\"yoast-schema-graph\">{\"@context\":\"https:\\\/\\\/schema.org\",\"@graph\":[{\"@type\":\"Article\",\"@id\":\"https:\\\/\\\/www.organisator.ch\\\/management\\\/2022-09-30\\\/wirtschaftspruefungs-und-beratungsbranche-und-die-wirtschaftlichen-herausforderungen\\\/#article\",\"isPartOf\":{\"@id\":\"https:\\\/\\\/www.organisator.ch\\\/management\\\/2022-09-30\\\/wirtschaftspruefungs-und-beratungsbranche-und-die-wirtschaftlichen-herausforderungen\\\/\"},\"author\":{\"name\":\"thomas.berner\",\"@id\":\"https:\\\/\\\/www.organisator.ch\\\/#\\\/schema\\\/person\\\/6f650f90b2842cd4c0cc334b4e36f67e\"},\"headline\":\"Wirtschaftspr\u00fcfungs- und Beratungsbranche und die wirtschaftlichen Herausforderungen\",\"datePublished\":\"2022-09-30T06:10:14+00:00\",\"mainEntityOfPage\":{\"@id\":\"https:\\\/\\\/www.organisator.ch\\\/management\\\/2022-09-30\\\/wirtschaftspruefungs-und-beratungsbranche-und-die-wirtschaftlichen-herausforderungen\\\/\"},\"wordCount\":675,\"publisher\":{\"@id\":\"https:\\\/\\\/www.organisator.ch\\\/#organization\"},\"image\":{\"@id\":\"https:\\\/\\\/www.organisator.ch\\\/management\\\/2022-09-30\\\/wirtschaftspruefungs-und-beratungsbranche-und-die-wirtschaftlichen-herausforderungen\\\/#primaryimage\"},\"thumbnailUrl\":\"https:\\\/\\\/www.organisator.ch\\\/wp-content\\\/uploads\\\/2022\\\/09\\\/Wirtschaftspruefungs-und-Beratungsbranche-und-die-wirtschaftlichen-Herausforderungen_Organisator.jpg\",\"keywords\":[\"Finanzen\\\/Recht\",\"Management und Unternehmensf\u00fchrung\",\"Verb\u00e4nde\",\"Wirtschaftspr\u00fcfung\"],\"articleSection\":[\"MANAGEMENT\"],\"inLanguage\":\"it-IT\"},{\"@type\":\"WebPage\",\"@id\":\"https:\\\/\\\/www.organisator.ch\\\/management\\\/2022-09-30\\\/wirtschaftspruefungs-und-beratungsbranche-und-die-wirtschaftlichen-herausforderungen\\\/\",\"url\":\"https:\\\/\\\/www.organisator.ch\\\/management\\\/2022-09-30\\\/wirtschaftspruefungs-und-beratungsbranche-und-die-wirtschaftlichen-herausforderungen\\\/\",\"name\":\"Wirtschaftspr\u00fcfungs- und Beratungsbranche und die wirtschaftlichen Herausforderungen - Organisator\",\"isPartOf\":{\"@id\":\"https:\\\/\\\/www.organisator.ch\\\/#website\"},\"primaryImageOfPage\":{\"@id\":\"https:\\\/\\\/www.organisator.ch\\\/management\\\/2022-09-30\\\/wirtschaftspruefungs-und-beratungsbranche-und-die-wirtschaftlichen-herausforderungen\\\/#primaryimage\"},\"image\":{\"@id\":\"https:\\\/\\\/www.organisator.ch\\\/management\\\/2022-09-30\\\/wirtschaftspruefungs-und-beratungsbranche-und-die-wirtschaftlichen-herausforderungen\\\/#primaryimage\"},\"thumbnailUrl\":\"https:\\\/\\\/www.organisator.ch\\\/wp-content\\\/uploads\\\/2022\\\/09\\\/Wirtschaftspruefungs-und-Beratungsbranche-und-die-wirtschaftlichen-Herausforderungen_Organisator.jpg\",\"datePublished\":\"2022-09-30T06:10:14+00:00\",\"description\":\"Rund 600 Teilnehmende aus der Wirtschaftspr\u00fcfungs- und Beratungsbranche trafen sich an der EXPERTsuisse Jahrestagung in Bern.\",\"breadcrumb\":{\"@id\":\"https:\\\/\\\/www.organisator.ch\\\/management\\\/2022-09-30\\\/wirtschaftspruefungs-und-beratungsbranche-und-die-wirtschaftlichen-herausforderungen\\\/#breadcrumb\"},\"inLanguage\":\"it-IT\",\"potentialAction\":[{\"@type\":\"ReadAction\",\"target\":[\"https:\\\/\\\/www.organisator.ch\\\/management\\\/2022-09-30\\\/wirtschaftspruefungs-und-beratungsbranche-und-die-wirtschaftlichen-herausforderungen\\\/\"]}]},{\"@type\":\"ImageObject\",\"inLanguage\":\"it-IT\",\"@id\":\"https:\\\/\\\/www.organisator.ch\\\/management\\\/2022-09-30\\\/wirtschaftspruefungs-und-beratungsbranche-und-die-wirtschaftlichen-herausforderungen\\\/#primaryimage\",\"url\":\"https:\\\/\\\/www.organisator.ch\\\/wp-content\\\/uploads\\\/2022\\\/09\\\/Wirtschaftspruefungs-und-Beratungsbranche-und-die-wirtschaftlichen-Herausforderungen_Organisator.jpg\",\"contentUrl\":\"https:\\\/\\\/www.organisator.ch\\\/wp-content\\\/uploads\\\/2022\\\/09\\\/Wirtschaftspruefungs-und-Beratungsbranche-und-die-wirtschaftlichen-Herausforderungen_Organisator.jpg\",\"width\":1305,\"height\":772,\"caption\":\"Hauptherausforderungen f\u00fcr die Wirtschaftspr\u00fcfungs- und Beratungsbranche. (Bild: EXPERTsuisse)\"},{\"@type\":\"BreadcrumbList\",\"@id\":\"https:\\\/\\\/www.organisator.ch\\\/management\\\/2022-09-30\\\/wirtschaftspruefungs-und-beratungsbranche-und-die-wirtschaftlichen-herausforderungen\\\/#breadcrumb\",\"itemListElement\":[{\"@type\":\"ListItem\",\"position\":1,\"name\":\"Home\",\"item\":\"https:\\\/\\\/www.organisator.ch\\\/\"},{\"@type\":\"ListItem\",\"position\":2,\"name\":\"Wirtschaftspr\u00fcfungs- und Beratungsbranche und die wirtschaftlichen Herausforderungen\"}]},{\"@type\":\"WebSite\",\"@id\":\"https:\\\/\\\/www.organisator.ch\\\/#website\",\"url\":\"https:\\\/\\\/www.organisator.ch\\\/\",\"name\":\"Organisator\",\"description\":\"Kompetent. Praxisnah. Der ORGANISATOR bereitet in 10 Ausgaben pro Jahr die wesentlichen Themen f\u00fcr F\u00fchrungskr\u00e4fte von KMU auf.\",\"publisher\":{\"@id\":\"https:\\\/\\\/www.organisator.ch\\\/#organization\"},\"potentialAction\":[{\"@type\":\"SearchAction\",\"target\":{\"@type\":\"EntryPoint\",\"urlTemplate\":\"https:\\\/\\\/www.organisator.ch\\\/?s={search_term_string}\"},\"query-input\":{\"@type\":\"PropertyValueSpecification\",\"valueRequired\":true,\"valueName\":\"search_term_string\"}}],\"inLanguage\":\"it-IT\"},{\"@type\":\"Organization\",\"@id\":\"https:\\\/\\\/www.organisator.ch\\\/#organization\",\"name\":\"Organisator\",\"url\":\"https:\\\/\\\/www.organisator.ch\\\/\",\"logo\":{\"@type\":\"ImageObject\",\"inLanguage\":\"it-IT\",\"@id\":\"https:\\\/\\\/www.organisator.ch\\\/#\\\/schema\\\/logo\\\/image\\\/\",\"url\":\"https:\\\/\\\/www.organisator.ch\\\/wp-content\\\/uploads\\\/2022\\\/01\\\/Logo_Organisator_Website.png\",\"contentUrl\":\"https:\\\/\\\/www.organisator.ch\\\/wp-content\\\/uploads\\\/2022\\\/01\\\/Logo_Organisator_Website.png\",\"width\":800,\"height\":77,\"caption\":\"Organisator\"},\"image\":{\"@id\":\"https:\\\/\\\/www.organisator.ch\\\/#\\\/schema\\\/logo\\\/image\\\/\"},\"sameAs\":[\"https:\\\/\\\/www.facebook.com\\\/OrganisatorFachmagazin\",\"https:\\\/\\\/www.linkedin.com\\\/showcase\\\/organisator-das-magazin-fr-kmu\",\"https:\\\/\\\/www.xing.com\\\/news\\\/pages\\\/organisator-ch-695\",\"https:\\\/\\\/www.youtube.com\\\/channel\\\/UCGP2Sq0iWaZwT3BdIAQFYpw\"]},{\"@type\":\"Person\",\"@id\":\"https:\\\/\\\/www.organisator.ch\\\/#\\\/schema\\\/person\\\/6f650f90b2842cd4c0cc334b4e36f67e\",\"name\":\"thomas.berner\",\"image\":{\"@type\":\"ImageObject\",\"inLanguage\":\"it-IT\",\"@id\":\"https:\\\/\\\/secure.gravatar.com\\\/avatar\\\/ac5001d2a36cb6c6cd3e50789007ffca834b477b74a2144564522e944eabff61?s=96&d=mm&r=g\",\"url\":\"https:\\\/\\\/secure.gravatar.com\\\/avatar\\\/ac5001d2a36cb6c6cd3e50789007ffca834b477b74a2144564522e944eabff61?s=96&d=mm&r=g\",\"contentUrl\":\"https:\\\/\\\/secure.gravatar.com\\\/avatar\\\/ac5001d2a36cb6c6cd3e50789007ffca834b477b74a2144564522e944eabff61?s=96&d=mm&r=g\",\"caption\":\"thomas.berner\"},\"url\":\"https:\\\/\\\/www.organisator.ch\\\/it\\\/author\\\/thomas-berner\\\/\"}]}<\/script>\n<!-- \/ Yoast SEO plugin. -->","yoast_head_json":{"title":"Il settore della revisione e della consulenza e le sfide economiche - Organizzatore","description":"Circa 600 partecipanti del settore della revisione e della consulenza si sono incontrati alla Conferenza annuale di EXPERTsuisse a Berna.","robots":{"index":"index","follow":"follow","max-snippet":"max-snippet:-1","max-image-preview":"max-image-preview:large","max-video-preview":"max-video-preview:-1"},"canonical":"https:\/\/www.organisator.ch\/it\/gestione-2\/2022-09-30\/wirtschaftspruefungs-und-beratungsbranche-und-die-wirtschaftlichen-herausforderungen\/","og_locale":"it_IT","og_type":"article","og_title":"Wirtschaftspr\u00fcfungs- und Beratungsbranche und die wirtschaftlichen Herausforderungen","og_description":"Rund 600 Teilnehmende aus der Wirtschaftspr\u00fcfungs- und Beratungsbranche trafen sich an der EXPERTsuisse Jahrestagung in Bern.","og_url":"https:\/\/www.organisator.ch\/it\/gestione-2\/2022-09-30\/wirtschaftspruefungs-und-beratungsbranche-und-die-wirtschaftlichen-herausforderungen\/","og_site_name":"Organisator","article_publisher":"https:\/\/www.facebook.com\/OrganisatorFachmagazin","article_published_time":"2022-09-30T06:10:14+00:00","og_image":[{"width":1305,"height":772,"url":"https:\/\/www.organisator.ch\/wp-content\/uploads\/2022\/09\/Wirtschaftspruefungs-und-Beratungsbranche-und-die-wirtschaftlichen-Herausforderungen_Organisator.jpg","type":"image\/jpeg"}],"author":"thomas.berner","twitter_card":"summary_large_image","twitter_title":"#Wirtschaftspr\u00fcfungs- und #Beratungsbranche und die wirtschaftlichen Herausforderungen","twitter_description":"Rund 600 Teilnehmende aus der #Wirtschaftspr\u00fcfungs- und #Beratungsbranche trafen sich an der #EXPERTsuisse Jahrestagung in Bern.","twitter_image":"https:\/\/www.organisator.ch\/wp-content\/uploads\/2022\/09\/Wirtschaftspruefungs-und-Beratungsbranche-und-die-wirtschaftlichen-Herausforderungen_Organisator.jpg","schema":{"@context":"https:\/\/schema.org","@graph":[{"@type":"Article","@id":"https:\/\/www.organisator.ch\/management\/2022-09-30\/wirtschaftspruefungs-und-beratungsbranche-und-die-wirtschaftlichen-herausforderungen\/#article","isPartOf":{"@id":"https:\/\/www.organisator.ch\/management\/2022-09-30\/wirtschaftspruefungs-und-beratungsbranche-und-die-wirtschaftlichen-herausforderungen\/"},"author":{"name":"thomas.berner","@id":"https:\/\/www.organisator.ch\/#\/schema\/person\/6f650f90b2842cd4c0cc334b4e36f67e"},"headline":"Wirtschaftspr\u00fcfungs- und Beratungsbranche und die wirtschaftlichen Herausforderungen","datePublished":"2022-09-30T06:10:14+00:00","mainEntityOfPage":{"@id":"https:\/\/www.organisator.ch\/management\/2022-09-30\/wirtschaftspruefungs-und-beratungsbranche-und-die-wirtschaftlichen-herausforderungen\/"},"wordCount":675,"publisher":{"@id":"https:\/\/www.organisator.ch\/#organization"},"image":{"@id":"https:\/\/www.organisator.ch\/management\/2022-09-30\/wirtschaftspruefungs-und-beratungsbranche-und-die-wirtschaftlichen-herausforderungen\/#primaryimage"},"thumbnailUrl":"https:\/\/www.organisator.ch\/wp-content\/uploads\/2022\/09\/Wirtschaftspruefungs-und-Beratungsbranche-und-die-wirtschaftlichen-Herausforderungen_Organisator.jpg","keywords":["Finanzen\/Recht","Management und Unternehmensf\u00fchrung","Verb\u00e4nde","Wirtschaftspr\u00fcfung"],"articleSection":["MANAGEMENT"],"inLanguage":"it-IT"},{"@type":"WebPage","@id":"https:\/\/www.organisator.ch\/management\/2022-09-30\/wirtschaftspruefungs-und-beratungsbranche-und-die-wirtschaftlichen-herausforderungen\/","url":"https:\/\/www.organisator.ch\/management\/2022-09-30\/wirtschaftspruefungs-und-beratungsbranche-und-die-wirtschaftlichen-herausforderungen\/","name":"Il settore della revisione e della consulenza e le sfide economiche - Organizzatore","isPartOf":{"@id":"https:\/\/www.organisator.ch\/#website"},"primaryImageOfPage":{"@id":"https:\/\/www.organisator.ch\/management\/2022-09-30\/wirtschaftspruefungs-und-beratungsbranche-und-die-wirtschaftlichen-herausforderungen\/#primaryimage"},"image":{"@id":"https:\/\/www.organisator.ch\/management\/2022-09-30\/wirtschaftspruefungs-und-beratungsbranche-und-die-wirtschaftlichen-herausforderungen\/#primaryimage"},"thumbnailUrl":"https:\/\/www.organisator.ch\/wp-content\/uploads\/2022\/09\/Wirtschaftspruefungs-und-Beratungsbranche-und-die-wirtschaftlichen-Herausforderungen_Organisator.jpg","datePublished":"2022-09-30T06:10:14+00:00","description":"Circa 600 partecipanti del settore della revisione e della consulenza si sono incontrati alla Conferenza annuale di EXPERTsuisse a Berna.","breadcrumb":{"@id":"https:\/\/www.organisator.ch\/management\/2022-09-30\/wirtschaftspruefungs-und-beratungsbranche-und-die-wirtschaftlichen-herausforderungen\/#breadcrumb"},"inLanguage":"it-IT","potentialAction":[{"@type":"ReadAction","target":["https:\/\/www.organisator.ch\/management\/2022-09-30\/wirtschaftspruefungs-und-beratungsbranche-und-die-wirtschaftlichen-herausforderungen\/"]}]},{"@type":"ImageObject","inLanguage":"it-IT","@id":"https:\/\/www.organisator.ch\/management\/2022-09-30\/wirtschaftspruefungs-und-beratungsbranche-und-die-wirtschaftlichen-herausforderungen\/#primaryimage","url":"https:\/\/www.organisator.ch\/wp-content\/uploads\/2022\/09\/Wirtschaftspruefungs-und-Beratungsbranche-und-die-wirtschaftlichen-Herausforderungen_Organisator.jpg","contentUrl":"https:\/\/www.organisator.ch\/wp-content\/uploads\/2022\/09\/Wirtschaftspruefungs-und-Beratungsbranche-und-die-wirtschaftlichen-Herausforderungen_Organisator.jpg","width":1305,"height":772,"caption":"Hauptherausforderungen f\u00fcr die Wirtschaftspr\u00fcfungs- und Beratungsbranche. (Bild: EXPERTsuisse)"},{"@type":"BreadcrumbList","@id":"https:\/\/www.organisator.ch\/management\/2022-09-30\/wirtschaftspruefungs-und-beratungsbranche-und-die-wirtschaftlichen-herausforderungen\/#breadcrumb","itemListElement":[{"@type":"ListItem","position":1,"name":"Home","item":"https:\/\/www.organisator.ch\/"},{"@type":"ListItem","position":2,"name":"Wirtschaftspr\u00fcfungs- und Beratungsbranche und die wirtschaftlichen Herausforderungen"}]},{"@type":"WebSite","@id":"https:\/\/www.organisator.ch\/#website","url":"https:\/\/www.organisator.ch\/","name":"Organizzatore","description":"Competente. Pratico. In 10 numeri all'anno, ORGANISATOR presenta i temi essenziali per i manager delle PMI.","publisher":{"@id":"https:\/\/www.organisator.ch\/#organization"},"potentialAction":[{"@type":"SearchAction","target":{"@type":"EntryPoint","urlTemplate":"https:\/\/www.organisator.ch\/?s={search_term_string}"},"query-input":{"@type":"PropertyValueSpecification","valueRequired":true,"valueName":"search_term_string"}}],"inLanguage":"it-IT"},{"@type":"Organization","@id":"https:\/\/www.organisator.ch\/#organization","name":"Organizzatore","url":"https:\/\/www.organisator.ch\/","logo":{"@type":"ImageObject","inLanguage":"it-IT","@id":"https:\/\/www.organisator.ch\/#\/schema\/logo\/image\/","url":"https:\/\/www.organisator.ch\/wp-content\/uploads\/2022\/01\/Logo_Organisator_Website.png","contentUrl":"https:\/\/www.organisator.ch\/wp-content\/uploads\/2022\/01\/Logo_Organisator_Website.png","width":800,"height":77,"caption":"Organisator"},"image":{"@id":"https:\/\/www.organisator.ch\/#\/schema\/logo\/image\/"},"sameAs":["https:\/\/www.facebook.com\/OrganisatorFachmagazin","https:\/\/www.linkedin.com\/showcase\/organisator-das-magazin-fr-kmu","https:\/\/www.xing.com\/news\/pages\/organisator-ch-695","https:\/\/www.youtube.com\/channel\/UCGP2Sq0iWaZwT3BdIAQFYpw"]},{"@type":"Person","@id":"https:\/\/www.organisator.ch\/#\/schema\/person\/6f650f90b2842cd4c0cc334b4e36f67e","name":"Tommaso.berner","image":{"@type":"ImageObject","inLanguage":"it-IT","@id":"https:\/\/secure.gravatar.com\/avatar\/ac5001d2a36cb6c6cd3e50789007ffca834b477b74a2144564522e944eabff61?s=96&d=mm&r=g","url":"https:\/\/secure.gravatar.com\/avatar\/ac5001d2a36cb6c6cd3e50789007ffca834b477b74a2144564522e944eabff61?s=96&d=mm&r=g","contentUrl":"https:\/\/secure.gravatar.com\/avatar\/ac5001d2a36cb6c6cd3e50789007ffca834b477b74a2144564522e944eabff61?s=96&d=mm&r=g","caption":"thomas.berner"},"url":"https:\/\/www.organisator.ch\/it\/author\/thomas-berner\/"}]}},"_links":{"self":[{"href":"https:\/\/www.organisator.ch\/it\/wp-json\/wp\/v2\/posts\/17117","targetHints":{"allow":["GET"]}}],"collection":[{"href":"https:\/\/www.organisator.ch\/it\/wp-json\/wp\/v2\/posts"}],"about":[{"href":"https:\/\/www.organisator.ch\/it\/wp-json\/wp\/v2\/types\/post"}],"author":[{"embeddable":true,"href":"https:\/\/www.organisator.ch\/it\/wp-json\/wp\/v2\/users\/4"}],"replies":[{"embeddable":true,"href":"https:\/\/www.organisator.ch\/it\/wp-json\/wp\/v2\/comments?post=17117"}],"version-history":[{"count":2,"href":"https:\/\/www.organisator.ch\/it\/wp-json\/wp\/v2\/posts\/17117\/revisions"}],"predecessor-version":[{"id":17122,"href":"https:\/\/www.organisator.ch\/it\/wp-json\/wp\/v2\/posts\/17117\/revisions\/17122"}],"wp:featuredmedia":[{"embeddable":true,"href":"https:\/\/www.organisator.ch\/it\/wp-json\/wp\/v2\/media\/17121"}],"wp:attachment":[{"href":"https:\/\/www.organisator.ch\/it\/wp-json\/wp\/v2\/media?parent=17117"}],"wp:term":[{"taxonomy":"category","embeddable":true,"href":"https:\/\/www.organisator.ch\/it\/wp-json\/wp\/v2\/categories?post=17117"},{"taxonomy":"post_tag","embeddable":true,"href":"https:\/\/www.organisator.ch\/it\/wp-json\/wp\/v2\/tags?post=17117"}],"curies":[{"name":"wp","href":"https:\/\/api.w.org\/{rel}","templated":true}]}}