{"id":17123,"date":"2022-09-30T08:29:41","date_gmt":"2022-09-30T06:29:41","guid":{"rendered":"https:\/\/www.organisator.ch\/?p=17123"},"modified":"2022-10-12T09:32:17","modified_gmt":"2022-10-12T07:32:17","slug":"forum-oe-2022-neuausrichtung-auf-nachhaltigkeit","status":"publish","type":"post","link":"https:\/\/www.organisator.ch\/it\/sustainability\/2022-09-30\/forum-oe-2022-neuausrichtung-auf-nachhaltigkeit\/","title":{"rendered":"Forum \u00f6 2022: riorientamento verso la sostenibilit\u00e0"},"content":{"rendered":"<figure id=\"attachment_17127\" aria-describedby=\"caption-attachment-17127\" style=\"width: 680px\" class=\"wp-caption alignnone\"><img loading=\"lazy\" decoding=\"async\" class=\"wp-image-17127 size-full\" src=\"https:\/\/www.organisator.ch\/wp-content\/uploads\/2022\/09\/Forum-oe-2022-Neuausrichtung-auf-Nachhaltigkeit-1_Organisator.jpg\" alt=\"\" width=\"680\" height=\"414\" srcset=\"https:\/\/www.organisator.ch\/wp-content\/uploads\/2022\/09\/Forum-oe-2022-Neuausrichtung-auf-Nachhaltigkeit-1_Organisator.jpg 680w, https:\/\/www.organisator.ch\/wp-content\/uploads\/2022\/09\/Forum-oe-2022-Neuausrichtung-auf-Nachhaltigkeit-1_Organisator-18x12.jpg 18w, https:\/\/www.organisator.ch\/wp-content\/uploads\/2022\/09\/Forum-oe-2022-Neuausrichtung-auf-Nachhaltigkeit-1_Organisator-287x175.jpg 287w, https:\/\/www.organisator.ch\/wp-content\/uploads\/2022\/09\/Forum-oe-2022-Neuausrichtung-auf-Nachhaltigkeit-1_Organisator-575x350.jpg 575w, https:\/\/www.organisator.ch\/wp-content\/uploads\/2022\/09\/Forum-oe-2022-Neuausrichtung-auf-Nachhaltigkeit-1_Organisator-300x183.jpg 300w\" sizes=\"auto, (max-width: 680px) 100vw, 680px\" \/><figcaption id=\"caption-attachment-17127\" class=\"wp-caption-text\">Al Forum \u00f6 2022 del 26 ottobre si terranno discussioni pratiche su come un riorientamento verso la sostenibilit\u00e0 possa avere successo. (Immagine: \u00f6bu)<\/figcaption><\/figure>\n<p>L'ultimo rapporto del Gruppo intergovernativo di esperti sul cambiamento climatico (IPCC) lo richiede: Le emissioni globali di gas serra devono diminuire a partire dal 2025 ed essere inferiori di oltre il 40% rispetto a oggi entro il 2030. Solo in questo modo si potr\u00e0 ancora raggiungere l'obiettivo di 1,5 gradi dell'Accordo sul clima di Parigi, per il quale anche la Svizzera si \u00e8 impegnata. Tuttavia, ci\u00f2 che stiamo facendo e abbiamo fatto finora non \u00e8 sufficiente, anche se ci resta poco tempo per mitigare la crisi climatica. \u00c8 necessario fare molto di pi\u00f9 e molto rapidamente - ma come?<\/p>\n<p>Le imprese hanno una leva efficace per promuovere la sostenibilit\u00e0 e la protezione del clima. Anche se molte aziende hanno gi\u00e0 iniziato a perseguire obiettivi climatici, alcuni studi (ad es. <a href=\"https:\/\/www.oebu.ch\/de\/news\/aktuelle-news\/reichen-die-klimaziele-der-grossunternehmen-6624.html\">Monitoraggio della responsabilit\u00e0 climatica delle imprese<\/a>) che le promesse verdi da sole non saranno sufficienti. \u00c8 necessario un riorientamento fondamentale dell'economia verso la sostenibilit\u00e0. Ma come possiamo riuscire ad ancorare profondamente la sostenibilit\u00e0 nell'economia svizzera con i tempi che corrono?<\/p>\n<h3><strong>\u00c8 necessario un cambiamento e, come tutti sappiamo, questo pu\u00f2 essere ottenuto solo insieme.<\/strong><\/h3>\n<p>La questione di come il riorientamento dell'economia verso la sostenibilit\u00e0 possa essere accelerato attraverso una cooperazione intensiva \u00e8 al centro del convegno. <a href=\"http:\/\/www.oebu.ch\/forum-oe22\">Forum \u00f6 2022<\/a> con il titolo \"Ripensiamo il business - Il cambiamento pu\u00f2 essere solo collaborativo\". Il Forum \u00f6 \u00e8 la conferenza annuale partecipativa e orientata alla pratica del business sostenibile ed \u00e8 organizzato dal 1989 dall'associazione <a href=\"http:\/\/www.oebu.ch\">Associazione \u00f6bu<\/a> organizzato.<\/p>\n<p>Il Forum \u00f6 non \u00e8 una classica conferenza annuale, perch\u00e9 il formato si concentra gi\u00e0 sullo scambio e sulla pratica. Il risultato \u00e8 un evento collaborativo e interattivo con il giusto equilibrio tra keynote, breakout e turni di scambio, molto apprezzato anche dai partecipanti.<\/p>\n<p>\"Forum \u00f6 \u00e8 uno dei migliori eventi per me per condividere le sfide e le best practice della sostenibilit\u00e0 con colleghi di altre aziende e di altri settori\", ha dichiarato <a href=\"https:\/\/www.linkedin.com\/in\/juliabaumann-sustainability?miniProfileUrn=urn%3Ali%3Afs_miniProfile%3AACoAAAO04YgBCV2ACuZxXUod1JLJ7IPUodF5z6U&amp;lipi=urn%3Ali%3Apage%3Ad_flagship3_search_srp_all%3BK1y6PGXmTKujJCB%2FBGMWqQ%3D%3D\">Julia Baumann<\/a>, responsabile del dipartimento di sostenibilit\u00e0 di \u00f6bu member <a href=\"https:\/\/gesagt-getan.lidl.ch\/de\/\">Lidl Svizzera<\/a>.<\/p>\n<p>I partecipanti al Forum \u00f6 rappresentano l'ampio spettro del mondo economico svizzero: rappresentanti di grandi aziende, PMI e start-up, personalit\u00e0 della scienza e della societ\u00e0 civile, nonch\u00e9 rappresentanti della politica e dell'amministrazione. Questo porta a dei risultati.<\/p>\n<h3><strong>Come funziona il Forum \u00f6 2022?<\/strong><\/h3>\n<p>Quest'anno, i candidati del <a href=\"https:\/\/greenbusinessaward.ch\/award\/\">Premio per le imprese verdi<\/a>come <a href=\"https:\/\/www.eatplanted.com\/\">Piantato<\/a> o <a href=\"https:\/\/kyburz-switzerland.ch\/\">Kyburz<\/a>La mattinata fornir\u00e0 ispirazione e mostrer\u00e0 come il ripensamento e la trasformazione possono apparire nella pratica.<\/p>\n<p>I partecipanti possono lavorare su questioni concrete nelle sessioni interattive. Che aspetto pu\u00f2 avere il cambiamento nelle aziende dei partecipanti? Che aspetto ha la collaborazione all'interno e tra le aziende? Il contenuto delle sessioni di approfondimento orientate alla pratica sar\u00e0 supportato, tra l'altro, da <a href=\"https:\/\/www.ewz.ch\/de\/private.html\">ewz<\/a>, <a href=\"https:\/\/www.swisscom.ch\/de\/privatkunden.html\">Swisscom<\/a>, <a href=\"https:\/\/www.energie360.ch\/de\/unternehmen\/\">Energia 360\u00b0<\/a>, <a href=\"https:\/\/www.danone.de\/\">Danone Svizzera<\/a> o anche <a href=\"https:\/\/www.postfinance.ch\/de\/privat.html\">PostFinance<\/a>.<\/p>\n<p>I relatori principali della mattina sono stati <a href=\"https:\/\/www.linkedin.com\/in\/rszilinski?miniProfileUrn=urn%3Ali%3Afs_miniProfile%3AACoAAAN7C5kBsEHf8T7nDobkXsofHVSmCFQugWc&amp;lipi=urn%3Ali%3Apage%3Ad_flagship3_search_srp_all%3Bmw2mRTW%2BTy6SC2nPXHQ3pw%3D%3D\">Robert Szilinski<\/a>, CEO <a href=\"https:\/\/esentri.com\/nachhaltigkeit-wird-pflicht\/\">esentri AG <\/a>e Senatore per gli Affari Economici, e <a href=\"https:\/\/www.linkedin.com\/in\/nele-krey%C3%9Fig-86209761?miniProfileUrn=urn%3Ali%3Afs_miniProfile%3AACoAAA0BHQoBJV7k5fMASfUHnMzKQDhvflJj9Ug&amp;lipi=urn%3Ali%3Apage%3Ad_flagship3_search_srp_all%3B8%2BZiGyd4QeyF6NGzBhcQuA%3D%3D\">Nele Kreyssig<\/a>, <a href=\"https:\/\/esentri.com\/nachhaltigkeit-wird-pflicht\/\">Autore di libri di consultazione e conduttore di podcast<\/a>due ripensatori. Tuttavia, i due non dipingono un bel quadro del mondo, ma danno una visione autentica del loro mondo e vogliono ispirare le persone a essere coraggiose e a fare passi concreti verso un nuovo tipo di gestione aziendale.<\/p>\n<p><a href=\"https:\/\/www.oebu.ch\/de\/events\/event-kalender\/forum-oe-2022-letrs-rethink-business-6773.html\"><img loading=\"lazy\" decoding=\"async\" class=\"alignnone wp-image-17128 size-full\" src=\"https:\/\/www.organisator.ch\/wp-content\/uploads\/2022\/09\/Forum-oe-2022-Neuausrichtung-auf-Nachhaltigkeit-2_Organisator.jpg\" alt=\"\" width=\"680\" height=\"277\" srcset=\"https:\/\/www.organisator.ch\/wp-content\/uploads\/2022\/09\/Forum-oe-2022-Neuausrichtung-auf-Nachhaltigkeit-2_Organisator.jpg 680w, https:\/\/www.organisator.ch\/wp-content\/uploads\/2022\/09\/Forum-oe-2022-Neuausrichtung-auf-Nachhaltigkeit-2_Organisator-18x7.jpg 18w, https:\/\/www.organisator.ch\/wp-content\/uploads\/2022\/09\/Forum-oe-2022-Neuausrichtung-auf-Nachhaltigkeit-2_Organisator-375x153.jpg 375w, https:\/\/www.organisator.ch\/wp-content\/uploads\/2022\/09\/Forum-oe-2022-Neuausrichtung-auf-Nachhaltigkeit-2_Organisator-300x122.jpg 300w\" sizes=\"auto, (max-width: 680px) 100vw, 680px\" \/><\/a><\/p>\n<p><strong>Forum \u00f6 2022: Ripensiamo il business - Il cambiamento pu\u00f2 essere solo collaborativo<\/strong><br \/>\nMercoled\u00ec 26 ottobre 2022<br \/>\nTanzwerk eins0eins, Zurigo<\/p>","protected":false},"excerpt":{"rendered":"<p>Der j\u00fcngste Bericht des Weltklimarats (IPCC) fordert: Die weltweiten Treibhausgasemissionen m\u00fcssen ab 2025 sinken und bis 2030 mehr als 40 Prozent weniger sein als heute. Nur so kann das 1,5-Grad-Ziel des Pariser Klima-Abkommens noch erreicht werden, zu dem sich auch die Schweiz bekannt hat. Was wir bis jetzt tun und getan haben, reicht allerdings nicht [&hellip;]<\/p>\n","protected":false},"author":4,"featured_media":0,"comment_status":"closed","ping_status":"closed","sticky":false,"template":"","format":"standard","meta":{"_acf_changed":false,"_yoast_wpseo_focuskw":"Forum \u00f6 2022","_yoast_wpseo_metadesc":"Wie eine Neuausrichtung auf Nachhaltigkeit gelingen kann, wird am Forum \u00f6 2022 praxisorientiert und partizipativ erarbeitet.","articlekey":"","footnotes":""},"categories":[580],"tags":[193,358,502,503],"class_list":["post-17123","post","type-post","status-publish","format-standard","hentry","category-sustainability","tag-fachkongressfachmesse","tag-nachhaltige-wirtschaft","tag-veranstaltungen","tag-verbaende"],"acf":[],"yoast_head":"<!-- This site is optimized with the Yoast SEO plugin v27.4 - https:\/\/yoast.com\/product\/yoast-seo-wordpress\/ -->\n<title>Forum \u00f6 2022: Neuausrichtung auf Nachhaltigkeit - Organisator<\/title>\n<meta name=\"description\" content=\"Wie eine Neuausrichtung auf Nachhaltigkeit gelingen kann, wird am Forum \u00f6 2022 praxisorientiert und partizipativ erarbeitet.\" \/>\n<meta name=\"robots\" content=\"index, follow, max-snippet:-1, max-image-preview:large, max-video-preview:-1\" \/>\n<link rel=\"canonical\" href=\"https:\/\/www.organisator.ch\/it\/sostenibilita\/2022-09-30\/forum-oe-2022-neuausrichtung-auf-nachhaltigkeit\/\" \/>\n<meta property=\"og:locale\" content=\"it_IT\" \/>\n<meta property=\"og:type\" content=\"article\" \/>\n<meta property=\"og:title\" content=\"Forum \u00f6 2022: Neuausrichtung auf Nachhaltigkeit\" \/>\n<meta property=\"og:description\" content=\"Wie eine Neuausrichtung auf Nachhaltigkeit gelingen kann, wird am Forum \u00f6 2022 praxisorientiert und partizipativ erarbeitet.\" \/>\n<meta property=\"og:url\" content=\"https:\/\/www.organisator.ch\/it\/sostenibilita\/2022-09-30\/forum-oe-2022-neuausrichtung-auf-nachhaltigkeit\/\" \/>\n<meta property=\"og:site_name\" content=\"Organisator\" \/>\n<meta property=\"article:publisher\" content=\"https:\/\/www.facebook.com\/OrganisatorFachmagazin\" \/>\n<meta property=\"article:published_time\" content=\"2022-09-30T06:29:41+00:00\" \/>\n<meta property=\"article:modified_time\" content=\"2022-10-12T07:32:17+00:00\" \/>\n<meta property=\"og:image\" content=\"https:\/\/www.organisator.ch\/wp-content\/uploads\/2022\/09\/Forum-oe-2022-Neuausrichtung-auf-Nachhaltigkeit-1_Organisator.jpg\" \/>\n\t<meta property=\"og:image:width\" content=\"680\" \/>\n\t<meta property=\"og:image:height\" content=\"414\" \/>\n\t<meta property=\"og:image:type\" content=\"image\/jpeg\" \/>\n<meta name=\"author\" content=\"thomas.berner\" \/>\n<meta name=\"twitter:card\" content=\"summary_large_image\" \/>\n<meta name=\"twitter:title\" content=\"Forum \u00f6 2022: Neuausrichtung auf #Nachhaltigkeit\" \/>\n<meta name=\"twitter:description\" content=\"Wie eine Neuausrichtung auf #Nachhaltigkeit gelingen kann, wird am #Forum \u00f6 2022 praxisorientiert und partizipativ erarbeitet.\" \/>\n<meta name=\"twitter:image\" content=\"https:\/\/www.organisator.ch\/wp-content\/uploads\/2022\/09\/Forum-oe-2022-Neuausrichtung-auf-Nachhaltigkeit-1_Organisator.jpg\" \/>\n<script type=\"application\/ld+json\" class=\"yoast-schema-graph\">{\"@context\":\"https:\\\/\\\/schema.org\",\"@graph\":[{\"@type\":\"Article\",\"@id\":\"https:\\\/\\\/www.organisator.ch\\\/sustainability\\\/2022-09-30\\\/forum-oe-2022-neuausrichtung-auf-nachhaltigkeit\\\/#article\",\"isPartOf\":{\"@id\":\"https:\\\/\\\/www.organisator.ch\\\/sustainability\\\/2022-09-30\\\/forum-oe-2022-neuausrichtung-auf-nachhaltigkeit\\\/\"},\"author\":{\"name\":\"thomas.berner\",\"@id\":\"https:\\\/\\\/www.organisator.ch\\\/#\\\/schema\\\/person\\\/6f650f90b2842cd4c0cc334b4e36f67e\"},\"headline\":\"Forum \u00f6 2022: Neuausrichtung auf Nachhaltigkeit\",\"datePublished\":\"2022-09-30T06:29:41+00:00\",\"dateModified\":\"2022-10-12T07:32:17+00:00\",\"mainEntityOfPage\":{\"@id\":\"https:\\\/\\\/www.organisator.ch\\\/sustainability\\\/2022-09-30\\\/forum-oe-2022-neuausrichtung-auf-nachhaltigkeit\\\/\"},\"wordCount\":512,\"publisher\":{\"@id\":\"https:\\\/\\\/www.organisator.ch\\\/#organization\"},\"image\":{\"@id\":\"https:\\\/\\\/www.organisator.ch\\\/sustainability\\\/2022-09-30\\\/forum-oe-2022-neuausrichtung-auf-nachhaltigkeit\\\/#primaryimage\"},\"thumbnailUrl\":\"https:\\\/\\\/www.organisator.ch\\\/wp-content\\\/uploads\\\/2022\\\/09\\\/Forum-oe-2022-Neuausrichtung-auf-Nachhaltigkeit-1_Organisator.jpg\",\"keywords\":[\"Fachkongress\\\/Fachmesse\",\"Nachhaltige Wirtschaft\",\"Veranstaltungen\",\"Verb\u00e4nde\"],\"articleSection\":[\"SUSTAINABILITY\"],\"inLanguage\":\"it-IT\"},{\"@type\":\"WebPage\",\"@id\":\"https:\\\/\\\/www.organisator.ch\\\/sustainability\\\/2022-09-30\\\/forum-oe-2022-neuausrichtung-auf-nachhaltigkeit\\\/\",\"url\":\"https:\\\/\\\/www.organisator.ch\\\/sustainability\\\/2022-09-30\\\/forum-oe-2022-neuausrichtung-auf-nachhaltigkeit\\\/\",\"name\":\"Forum \u00f6 2022: Neuausrichtung auf Nachhaltigkeit - Organisator\",\"isPartOf\":{\"@id\":\"https:\\\/\\\/www.organisator.ch\\\/#website\"},\"primaryImageOfPage\":{\"@id\":\"https:\\\/\\\/www.organisator.ch\\\/sustainability\\\/2022-09-30\\\/forum-oe-2022-neuausrichtung-auf-nachhaltigkeit\\\/#primaryimage\"},\"image\":{\"@id\":\"https:\\\/\\\/www.organisator.ch\\\/sustainability\\\/2022-09-30\\\/forum-oe-2022-neuausrichtung-auf-nachhaltigkeit\\\/#primaryimage\"},\"thumbnailUrl\":\"https:\\\/\\\/www.organisator.ch\\\/wp-content\\\/uploads\\\/2022\\\/09\\\/Forum-oe-2022-Neuausrichtung-auf-Nachhaltigkeit-1_Organisator.jpg\",\"datePublished\":\"2022-09-30T06:29:41+00:00\",\"dateModified\":\"2022-10-12T07:32:17+00:00\",\"description\":\"Wie eine Neuausrichtung auf Nachhaltigkeit gelingen kann, wird am Forum \u00f6 2022 praxisorientiert und partizipativ erarbeitet.\",\"breadcrumb\":{\"@id\":\"https:\\\/\\\/www.organisator.ch\\\/sustainability\\\/2022-09-30\\\/forum-oe-2022-neuausrichtung-auf-nachhaltigkeit\\\/#breadcrumb\"},\"inLanguage\":\"it-IT\",\"potentialAction\":[{\"@type\":\"ReadAction\",\"target\":[\"https:\\\/\\\/www.organisator.ch\\\/sustainability\\\/2022-09-30\\\/forum-oe-2022-neuausrichtung-auf-nachhaltigkeit\\\/\"]}]},{\"@type\":\"ImageObject\",\"inLanguage\":\"it-IT\",\"@id\":\"https:\\\/\\\/www.organisator.ch\\\/sustainability\\\/2022-09-30\\\/forum-oe-2022-neuausrichtung-auf-nachhaltigkeit\\\/#primaryimage\",\"url\":\"https:\\\/\\\/www.organisator.ch\\\/wp-content\\\/uploads\\\/2022\\\/09\\\/Forum-oe-2022-Neuausrichtung-auf-Nachhaltigkeit-1_Organisator.jpg\",\"contentUrl\":\"https:\\\/\\\/www.organisator.ch\\\/wp-content\\\/uploads\\\/2022\\\/09\\\/Forum-oe-2022-Neuausrichtung-auf-Nachhaltigkeit-1_Organisator.jpg\"},{\"@type\":\"BreadcrumbList\",\"@id\":\"https:\\\/\\\/www.organisator.ch\\\/sustainability\\\/2022-09-30\\\/forum-oe-2022-neuausrichtung-auf-nachhaltigkeit\\\/#breadcrumb\",\"itemListElement\":[{\"@type\":\"ListItem\",\"position\":1,\"name\":\"Home\",\"item\":\"https:\\\/\\\/www.organisator.ch\\\/\"},{\"@type\":\"ListItem\",\"position\":2,\"name\":\"Forum \u00f6 2022: Neuausrichtung auf Nachhaltigkeit\"}]},{\"@type\":\"WebSite\",\"@id\":\"https:\\\/\\\/www.organisator.ch\\\/#website\",\"url\":\"https:\\\/\\\/www.organisator.ch\\\/\",\"name\":\"Organisator\",\"description\":\"Kompetent. Praxisnah. Der ORGANISATOR bereitet in 10 Ausgaben pro Jahr die wesentlichen Themen f\u00fcr F\u00fchrungskr\u00e4fte von KMU auf.\",\"publisher\":{\"@id\":\"https:\\\/\\\/www.organisator.ch\\\/#organization\"},\"potentialAction\":[{\"@type\":\"SearchAction\",\"target\":{\"@type\":\"EntryPoint\",\"urlTemplate\":\"https:\\\/\\\/www.organisator.ch\\\/?s={search_term_string}\"},\"query-input\":{\"@type\":\"PropertyValueSpecification\",\"valueRequired\":true,\"valueName\":\"search_term_string\"}}],\"inLanguage\":\"it-IT\"},{\"@type\":\"Organization\",\"@id\":\"https:\\\/\\\/www.organisator.ch\\\/#organization\",\"name\":\"Organisator\",\"url\":\"https:\\\/\\\/www.organisator.ch\\\/\",\"logo\":{\"@type\":\"ImageObject\",\"inLanguage\":\"it-IT\",\"@id\":\"https:\\\/\\\/www.organisator.ch\\\/#\\\/schema\\\/logo\\\/image\\\/\",\"url\":\"https:\\\/\\\/www.organisator.ch\\\/wp-content\\\/uploads\\\/2022\\\/01\\\/Logo_Organisator_Website.png\",\"contentUrl\":\"https:\\\/\\\/www.organisator.ch\\\/wp-content\\\/uploads\\\/2022\\\/01\\\/Logo_Organisator_Website.png\",\"width\":800,\"height\":77,\"caption\":\"Organisator\"},\"image\":{\"@id\":\"https:\\\/\\\/www.organisator.ch\\\/#\\\/schema\\\/logo\\\/image\\\/\"},\"sameAs\":[\"https:\\\/\\\/www.facebook.com\\\/OrganisatorFachmagazin\",\"https:\\\/\\\/www.linkedin.com\\\/showcase\\\/organisator-das-magazin-fr-kmu\",\"https:\\\/\\\/www.xing.com\\\/news\\\/pages\\\/organisator-ch-695\",\"https:\\\/\\\/www.youtube.com\\\/channel\\\/UCGP2Sq0iWaZwT3BdIAQFYpw\"]},{\"@type\":\"Person\",\"@id\":\"https:\\\/\\\/www.organisator.ch\\\/#\\\/schema\\\/person\\\/6f650f90b2842cd4c0cc334b4e36f67e\",\"name\":\"thomas.berner\",\"image\":{\"@type\":\"ImageObject\",\"inLanguage\":\"it-IT\",\"@id\":\"https:\\\/\\\/secure.gravatar.com\\\/avatar\\\/ac5001d2a36cb6c6cd3e50789007ffca834b477b74a2144564522e944eabff61?s=96&d=mm&r=g\",\"url\":\"https:\\\/\\\/secure.gravatar.com\\\/avatar\\\/ac5001d2a36cb6c6cd3e50789007ffca834b477b74a2144564522e944eabff61?s=96&d=mm&r=g\",\"contentUrl\":\"https:\\\/\\\/secure.gravatar.com\\\/avatar\\\/ac5001d2a36cb6c6cd3e50789007ffca834b477b74a2144564522e944eabff61?s=96&d=mm&r=g\",\"caption\":\"thomas.berner\"},\"url\":\"https:\\\/\\\/www.organisator.ch\\\/it\\\/author\\\/thomas-berner\\\/\"}]}<\/script>\n<!-- \/ Yoast SEO plugin. -->","yoast_head_json":{"title":"Forum \u00f6 2022: Riorientamento verso la sostenibilit\u00e0 - Organizzatore","description":"Il modo in cui un riorientamento verso la sostenibilit\u00e0 pu\u00f2 avere successo sar\u00e0 elaborato in modo pratico e partecipativo al Forum \u00f6 2022.","robots":{"index":"index","follow":"follow","max-snippet":"max-snippet:-1","max-image-preview":"max-image-preview:large","max-video-preview":"max-video-preview:-1"},"canonical":"https:\/\/www.organisator.ch\/it\/sostenibilita\/2022-09-30\/forum-oe-2022-neuausrichtung-auf-nachhaltigkeit\/","og_locale":"it_IT","og_type":"article","og_title":"Forum \u00f6 2022: Neuausrichtung auf Nachhaltigkeit","og_description":"Wie eine Neuausrichtung auf Nachhaltigkeit gelingen kann, wird am Forum \u00f6 2022 praxisorientiert und partizipativ erarbeitet.","og_url":"https:\/\/www.organisator.ch\/it\/sostenibilita\/2022-09-30\/forum-oe-2022-neuausrichtung-auf-nachhaltigkeit\/","og_site_name":"Organisator","article_publisher":"https:\/\/www.facebook.com\/OrganisatorFachmagazin","article_published_time":"2022-09-30T06:29:41+00:00","article_modified_time":"2022-10-12T07:32:17+00:00","og_image":[{"width":680,"height":414,"url":"https:\/\/www.organisator.ch\/wp-content\/uploads\/2022\/09\/Forum-oe-2022-Neuausrichtung-auf-Nachhaltigkeit-1_Organisator.jpg","type":"image\/jpeg"}],"author":"thomas.berner","twitter_card":"summary_large_image","twitter_title":"Forum \u00f6 2022: Neuausrichtung auf #Nachhaltigkeit","twitter_description":"Wie eine Neuausrichtung auf #Nachhaltigkeit gelingen kann, wird am #Forum \u00f6 2022 praxisorientiert und partizipativ erarbeitet.","twitter_image":"https:\/\/www.organisator.ch\/wp-content\/uploads\/2022\/09\/Forum-oe-2022-Neuausrichtung-auf-Nachhaltigkeit-1_Organisator.jpg","schema":{"@context":"https:\/\/schema.org","@graph":[{"@type":"Article","@id":"https:\/\/www.organisator.ch\/sustainability\/2022-09-30\/forum-oe-2022-neuausrichtung-auf-nachhaltigkeit\/#article","isPartOf":{"@id":"https:\/\/www.organisator.ch\/sustainability\/2022-09-30\/forum-oe-2022-neuausrichtung-auf-nachhaltigkeit\/"},"author":{"name":"thomas.berner","@id":"https:\/\/www.organisator.ch\/#\/schema\/person\/6f650f90b2842cd4c0cc334b4e36f67e"},"headline":"Forum \u00f6 2022: Neuausrichtung auf Nachhaltigkeit","datePublished":"2022-09-30T06:29:41+00:00","dateModified":"2022-10-12T07:32:17+00:00","mainEntityOfPage":{"@id":"https:\/\/www.organisator.ch\/sustainability\/2022-09-30\/forum-oe-2022-neuausrichtung-auf-nachhaltigkeit\/"},"wordCount":512,"publisher":{"@id":"https:\/\/www.organisator.ch\/#organization"},"image":{"@id":"https:\/\/www.organisator.ch\/sustainability\/2022-09-30\/forum-oe-2022-neuausrichtung-auf-nachhaltigkeit\/#primaryimage"},"thumbnailUrl":"https:\/\/www.organisator.ch\/wp-content\/uploads\/2022\/09\/Forum-oe-2022-Neuausrichtung-auf-Nachhaltigkeit-1_Organisator.jpg","keywords":["Fachkongress\/Fachmesse","Nachhaltige Wirtschaft","Veranstaltungen","Verb\u00e4nde"],"articleSection":["SUSTAINABILITY"],"inLanguage":"it-IT"},{"@type":"WebPage","@id":"https:\/\/www.organisator.ch\/sustainability\/2022-09-30\/forum-oe-2022-neuausrichtung-auf-nachhaltigkeit\/","url":"https:\/\/www.organisator.ch\/sustainability\/2022-09-30\/forum-oe-2022-neuausrichtung-auf-nachhaltigkeit\/","name":"Forum \u00f6 2022: Riorientamento verso la sostenibilit\u00e0 - Organizzatore","isPartOf":{"@id":"https:\/\/www.organisator.ch\/#website"},"primaryImageOfPage":{"@id":"https:\/\/www.organisator.ch\/sustainability\/2022-09-30\/forum-oe-2022-neuausrichtung-auf-nachhaltigkeit\/#primaryimage"},"image":{"@id":"https:\/\/www.organisator.ch\/sustainability\/2022-09-30\/forum-oe-2022-neuausrichtung-auf-nachhaltigkeit\/#primaryimage"},"thumbnailUrl":"https:\/\/www.organisator.ch\/wp-content\/uploads\/2022\/09\/Forum-oe-2022-Neuausrichtung-auf-Nachhaltigkeit-1_Organisator.jpg","datePublished":"2022-09-30T06:29:41+00:00","dateModified":"2022-10-12T07:32:17+00:00","description":"Il modo in cui un riorientamento verso la sostenibilit\u00e0 pu\u00f2 avere successo sar\u00e0 elaborato in modo pratico e partecipativo al Forum \u00f6 2022.","breadcrumb":{"@id":"https:\/\/www.organisator.ch\/sustainability\/2022-09-30\/forum-oe-2022-neuausrichtung-auf-nachhaltigkeit\/#breadcrumb"},"inLanguage":"it-IT","potentialAction":[{"@type":"ReadAction","target":["https:\/\/www.organisator.ch\/sustainability\/2022-09-30\/forum-oe-2022-neuausrichtung-auf-nachhaltigkeit\/"]}]},{"@type":"ImageObject","inLanguage":"it-IT","@id":"https:\/\/www.organisator.ch\/sustainability\/2022-09-30\/forum-oe-2022-neuausrichtung-auf-nachhaltigkeit\/#primaryimage","url":"https:\/\/www.organisator.ch\/wp-content\/uploads\/2022\/09\/Forum-oe-2022-Neuausrichtung-auf-Nachhaltigkeit-1_Organisator.jpg","contentUrl":"https:\/\/www.organisator.ch\/wp-content\/uploads\/2022\/09\/Forum-oe-2022-Neuausrichtung-auf-Nachhaltigkeit-1_Organisator.jpg"},{"@type":"BreadcrumbList","@id":"https:\/\/www.organisator.ch\/sustainability\/2022-09-30\/forum-oe-2022-neuausrichtung-auf-nachhaltigkeit\/#breadcrumb","itemListElement":[{"@type":"ListItem","position":1,"name":"Home","item":"https:\/\/www.organisator.ch\/"},{"@type":"ListItem","position":2,"name":"Forum \u00f6 2022: Neuausrichtung auf Nachhaltigkeit"}]},{"@type":"WebSite","@id":"https:\/\/www.organisator.ch\/#website","url":"https:\/\/www.organisator.ch\/","name":"Organizzatore","description":"Competente. Pratico. In 10 numeri all'anno, ORGANISATOR presenta i temi essenziali per i manager delle PMI.","publisher":{"@id":"https:\/\/www.organisator.ch\/#organization"},"potentialAction":[{"@type":"SearchAction","target":{"@type":"EntryPoint","urlTemplate":"https:\/\/www.organisator.ch\/?s={search_term_string}"},"query-input":{"@type":"PropertyValueSpecification","valueRequired":true,"valueName":"search_term_string"}}],"inLanguage":"it-IT"},{"@type":"Organization","@id":"https:\/\/www.organisator.ch\/#organization","name":"Organizzatore","url":"https:\/\/www.organisator.ch\/","logo":{"@type":"ImageObject","inLanguage":"it-IT","@id":"https:\/\/www.organisator.ch\/#\/schema\/logo\/image\/","url":"https:\/\/www.organisator.ch\/wp-content\/uploads\/2022\/01\/Logo_Organisator_Website.png","contentUrl":"https:\/\/www.organisator.ch\/wp-content\/uploads\/2022\/01\/Logo_Organisator_Website.png","width":800,"height":77,"caption":"Organisator"},"image":{"@id":"https:\/\/www.organisator.ch\/#\/schema\/logo\/image\/"},"sameAs":["https:\/\/www.facebook.com\/OrganisatorFachmagazin","https:\/\/www.linkedin.com\/showcase\/organisator-das-magazin-fr-kmu","https:\/\/www.xing.com\/news\/pages\/organisator-ch-695","https:\/\/www.youtube.com\/channel\/UCGP2Sq0iWaZwT3BdIAQFYpw"]},{"@type":"Person","@id":"https:\/\/www.organisator.ch\/#\/schema\/person\/6f650f90b2842cd4c0cc334b4e36f67e","name":"Tommaso.berner","image":{"@type":"ImageObject","inLanguage":"it-IT","@id":"https:\/\/secure.gravatar.com\/avatar\/ac5001d2a36cb6c6cd3e50789007ffca834b477b74a2144564522e944eabff61?s=96&d=mm&r=g","url":"https:\/\/secure.gravatar.com\/avatar\/ac5001d2a36cb6c6cd3e50789007ffca834b477b74a2144564522e944eabff61?s=96&d=mm&r=g","contentUrl":"https:\/\/secure.gravatar.com\/avatar\/ac5001d2a36cb6c6cd3e50789007ffca834b477b74a2144564522e944eabff61?s=96&d=mm&r=g","caption":"thomas.berner"},"url":"https:\/\/www.organisator.ch\/it\/author\/thomas-berner\/"}]}},"_links":{"self":[{"href":"https:\/\/www.organisator.ch\/it\/wp-json\/wp\/v2\/posts\/17123","targetHints":{"allow":["GET"]}}],"collection":[{"href":"https:\/\/www.organisator.ch\/it\/wp-json\/wp\/v2\/posts"}],"about":[{"href":"https:\/\/www.organisator.ch\/it\/wp-json\/wp\/v2\/types\/post"}],"author":[{"embeddable":true,"href":"https:\/\/www.organisator.ch\/it\/wp-json\/wp\/v2\/users\/4"}],"replies":[{"embeddable":true,"href":"https:\/\/www.organisator.ch\/it\/wp-json\/wp\/v2\/comments?post=17123"}],"version-history":[{"count":4,"href":"https:\/\/www.organisator.ch\/it\/wp-json\/wp\/v2\/posts\/17123\/revisions"}],"predecessor-version":[{"id":17241,"href":"https:\/\/www.organisator.ch\/it\/wp-json\/wp\/v2\/posts\/17123\/revisions\/17241"}],"wp:attachment":[{"href":"https:\/\/www.organisator.ch\/it\/wp-json\/wp\/v2\/media?parent=17123"}],"wp:term":[{"taxonomy":"category","embeddable":true,"href":"https:\/\/www.organisator.ch\/it\/wp-json\/wp\/v2\/categories?post=17123"},{"taxonomy":"post_tag","embeddable":true,"href":"https:\/\/www.organisator.ch\/it\/wp-json\/wp\/v2\/tags?post=17123"}],"curies":[{"name":"wp","href":"https:\/\/api.w.org\/{rel}","templated":true}]}}