{"id":17152,"date":"2022-10-05T09:12:28","date_gmt":"2022-10-05T07:12:28","guid":{"rendered":"https:\/\/www.organisator.ch\/?p=17152"},"modified":"2022-10-12T09:32:01","modified_gmt":"2022-10-12T07:32:01","slug":"rekorddeal-bei-staffelstart-von-die-hoehle-der-loewen-schweiz","status":"publish","type":"post","link":"https:\/\/www.organisator.ch\/it\/management\/2022-10-05\/rekorddeal-bei-staffelstart-von-die-hoehle-der-loewen-schweiz\/","title":{"rendered":"Accordo record all'inizio della stagione di \"Die H\u00f6hle der L\u00f6wen Schweiz"},"content":{"rendered":"<figure id=\"attachment_17153\" aria-describedby=\"caption-attachment-17153\" style=\"width: 680px\" class=\"wp-caption alignnone\"><img loading=\"lazy\" decoding=\"async\" class=\"size-full wp-image-17153\" src=\"https:\/\/www.organisator.ch\/wp-content\/uploads\/2022\/10\/Rekorddeal-bei-Staffelstart-von-Die-Hoehle-der-Loewen-Schweiz-1_Orgaisator.jpg\" alt=\"\" width=\"680\" height=\"454\" srcset=\"https:\/\/www.organisator.ch\/wp-content\/uploads\/2022\/10\/Rekorddeal-bei-Staffelstart-von-Die-Hoehle-der-Loewen-Schweiz-1_Orgaisator.jpg 680w, https:\/\/www.organisator.ch\/wp-content\/uploads\/2022\/10\/Rekorddeal-bei-Staffelstart-von-Die-Hoehle-der-Loewen-Schweiz-1_Orgaisator-18x12.jpg 18w, https:\/\/www.organisator.ch\/wp-content\/uploads\/2022\/10\/Rekorddeal-bei-Staffelstart-von-Die-Hoehle-der-Loewen-Schweiz-1_Orgaisator-262x175.jpg 262w, https:\/\/www.organisator.ch\/wp-content\/uploads\/2022\/10\/Rekorddeal-bei-Staffelstart-von-Die-Hoehle-der-Loewen-Schweiz-1_Orgaisator-524x350.jpg 524w, https:\/\/www.organisator.ch\/wp-content\/uploads\/2022\/10\/Rekorddeal-bei-Staffelstart-von-Die-Hoehle-der-Loewen-Schweiz-1_Orgaisator-300x200.jpg 300w\" sizes=\"auto, (max-width: 680px) 100vw, 680px\" \/><figcaption id=\"caption-attachment-17153\" class=\"wp-caption-text\">Bettina Hein prova il nuovo e-scooter di SoFlow e poi partecipa al contratto discografico. (Immagine: Filip Stropek \/ CH Media)<\/figcaption><\/figure>\n<p>Il primo \u00e8 Tim Miljko, studente di HSG di 21 anni, con la sua societ\u00e0 <strong>\"PoCatWalk\" <\/strong>da Baar (ZG). La sua idea: mentre fanno shopping di vestiti, i giovani provano gli abiti su una passerella. Questo si traduce in foto che vengono messe online. La speranza \u00e8 che ci sia un feedback sull'outfit e sulla pubblicit\u00e0 del marchio. Il suo desiderio: un investimento di 160.000 franchi in cambio di una quota del 20% della societ\u00e0. Ma i leoni erano scettici: pu\u00f2 funzionare? Il modello di business \u00e8 corretto? Il tenore potrebbe essere riassunto come segue: \u00c8 una buona idea di per s\u00e9, ma al momento \u00e8 ancora troppo poco sviluppata per raccogliere fondi. Ecco perch\u00e9 non \u00e8 stato fatto alcun accordo.<\/p>\n<h3>Un altro contratto discografico diventa realt\u00e0<\/h3>\n<p>Poi si \u00e8 passati direttamente all'integrale <strong>\"SoFlow\"<\/strong>un'azienda di Flawil (SG) che produce soluzioni di mobilit\u00e0 elettrica per uso privato e industriale. Per una grande casa automobilistica tedesca \u00e8 stato appena sviluppato uno speciale scooter con il quale i dipendenti possono spostarsi in modo rapido e sicuro all'interno dell'azienda. Anche il fatturato dell'azienda, fondata nel 2015, ha fatto scalpore tra i lions: tra il 2016 e il 2021, il fatturato \u00e8 stato sestuplicato, raggiungendo i 14 milioni di franchi svizzeri, e per l'anno in corso si prevedono addirittura pi\u00f9 di 30 milioni di franchi svizzeri. Tuttavia, i fondatori Manuel Hug (34) e Martin Neuckel (37) vogliono sviluppare nuovi prodotti e hanno grandi progetti anche in altri settori. La loro idea \u00e8 altrettanto sicura di s\u00e9: i lions investiranno 1,3 milioni di franchi svizzeri. Mentre i leoni J\u00fcrg Schwarzenbach e Lukas Speiser li salutano, Bettina Hein, Roland Brack e Anja Graf uniscono le forze, ma inizialmente chiedono una quota del 7,5% della societ\u00e0. Alla fine, per\u00f2, hanno \"contrattato\" per il 6,6% delle azioni e l'affare del record \u00e8 diventato realt\u00e0. \u00c8 sorprendente che SoFlow sia gi\u00e0 la seconda azienda di Flawil a ricevere un importo cos\u00ec elevato. <a href=\"https:\/\/www.organisator.ch\/de\/management\/2021-11-10\/rekord-deal-bei-die-hoehle-der-loewen-schweiz-folge-3-3\/\">Un anno prima, Feey aveva anche effettuato un investimento di 1,2 milioni di euro<\/a> atterrato. SoFlow intende utilizzare il denaro principalmente per investire nella propria struttura e per ampliare il team. L'azienda punta inoltre a un'ulteriore internazionalizzazione in Spagna, Francia, Benelux e Regno Unito.<\/p>\n<h3>Buone, ma non abbastanza idee ben sviluppate<\/h3>\n<p>Le leonesse e i leoni mordono i prossimi candidati: assaggiano una <strong>\"Pezzo di fagiolo\"<\/strong>, uno snack proteico dolce a base di fagioli bianchi, e si stupiscono di quanto sia buono il suo sapore. Ma trovano la valutazione dell'azienda delle fondatrici Nadine (27 anni), Sarah (24 anni) e Monika (27 anni) piuttosto difficile da digerire. Le simpatiche signorine vogliono 230.000 franchi svizzeri e offrono in cambio l'8% dell'azienda. Soprattutto il leone Tobias Reichmuth ha messo in dubbio le cifre del fatturato: Un investimento di questa cifra \u00e8 in giusta proporzione con i 2000 \"pezzi di fagiolo\" venduti finora a 4,80 franchi l'uno? La conclusione delle cinque leonesse e dei leoni: prodotto simpatico, ma purtroppo non ancora \"pronto per lo scaffale\", quindi non \u00e8 stato fatto alcun accordo. Ma questo non impedir\u00e0 alle tre giovani donne di ostinarsi a voler proseguire il loro cammino. Hanno in programma di farlo.<\/p>\n<p>Con le cifre, gli investitori sono stati anche in grado di <strong>\"Loopia\" <\/strong>M\u00fche, un'applicazione per l'economia circolare sviluppata a Zurigo per prolungare la vita dei prodotti. L'idea \u00e8 una piattaforma online che mappa l'intero ciclo di vita di un apparecchio: Al momento dell'acquisto viene memorizzato il periodo di garanzia e le eventuali riparazioni possono essere \"prenotate\" fino al momento dello smaltimento. Secondo i quattro fondatori, esistono gi\u00e0 diverse partnership. \"Una lucertola che depone le uova\", ha detto J\u00fcrg Schwarzenbach, un leone. L'azienda vuole ora 250.000 franchi svizzeri in cambio di una quota del 5% della societ\u00e0 per poter decollare con la propria applicazione. Non sono ancora operativi, ma puntano a 12.000 utenti nella prima fase. Per raggiungere il pareggio sarebbero necessari 250.000 utenti, pari a un fatturato di 3,8 milioni di franchi. Ma quanto tempo occorre per raggiungere questo obiettivo? Bettina Hein riassume l'umore degli investitori: \"Siete arrivati un po' troppo presto. Potremmo parlarci di nuovo tra mezzo anno\", ha detto, mostrando almeno interesse per la soluzione. Anche gli altri quattro leoni non riuscirono a investire.<\/p>\n<figure id=\"attachment_17154\" aria-describedby=\"caption-attachment-17154\" style=\"width: 680px\" class=\"wp-caption alignnone\"><img loading=\"lazy\" decoding=\"async\" class=\"size-full wp-image-17154\" src=\"https:\/\/www.organisator.ch\/wp-content\/uploads\/2022\/10\/Rekorddeal-bei-Staffelstart-von-Die-Hoehle-der-Loewen-Schweiz-2_Orgaisator.jpg\" alt=\"\" width=\"680\" height=\"454\" srcset=\"https:\/\/www.organisator.ch\/wp-content\/uploads\/2022\/10\/Rekorddeal-bei-Staffelstart-von-Die-Hoehle-der-Loewen-Schweiz-2_Orgaisator.jpg 680w, https:\/\/www.organisator.ch\/wp-content\/uploads\/2022\/10\/Rekorddeal-bei-Staffelstart-von-Die-Hoehle-der-Loewen-Schweiz-2_Orgaisator-18x12.jpg 18w, https:\/\/www.organisator.ch\/wp-content\/uploads\/2022\/10\/Rekorddeal-bei-Staffelstart-von-Die-Hoehle-der-Loewen-Schweiz-2_Orgaisator-262x175.jpg 262w, https:\/\/www.organisator.ch\/wp-content\/uploads\/2022\/10\/Rekorddeal-bei-Staffelstart-von-Die-Hoehle-der-Loewen-Schweiz-2_Orgaisator-524x350.jpg 524w, https:\/\/www.organisator.ch\/wp-content\/uploads\/2022\/10\/Rekorddeal-bei-Staffelstart-von-Die-Hoehle-der-Loewen-Schweiz-2_Orgaisator-300x200.jpg 300w\" sizes=\"auto, (max-width: 680px) 100vw, 680px\" \/><figcaption id=\"caption-attachment-17154\" class=\"wp-caption-text\">Convincere con un'idea e una presentazione simpatica: David Br\u00f6nnimann con la sua soluzione \"Pumphead\". (Immagine: Filip Stropek \/ CH Media)<\/figcaption><\/figure>\n<h3>Un altro accordo e molti conflitti di interesse<\/h3>\n<p>Tuttavia, le leonesse e i leoni trovano poi piacere a <strong>\"Pumphead\"<\/strong>, una start-up bernese che ricicla bottiglie in disuso con pompe per utilizzarle, ad esempio, come dispenser di sapone. Gli investitori sono colpiti dal modo in cui il fondatore David Br\u00f6nnimann, 29 anni, conquista i clienti e da quanto poco gli costi. I lions Tobias Reichmuth e Bettina Hein propongono un accordo: 100.000 franchi svizzeri contro il 20% di azioni della societ\u00e0. David Br\u00f6nnimann all'inizio deve deglutire un po' a vuoto, perch\u00e9 la sua soglia del dolore era del 15%. Ma poi ha ceduto: dopo tutto, ottiene anche \"il doppio del potere\", come ha detto.<\/p>\n<p>Infine, ma non per questo meno importante, gli esperti finanziari sangallesi di <strong>\"Kaspar&amp;\"<\/strong> per il favore delle leonesse e dei leoni. Sebastian (33), Jan-Philipp (35), Lukas (34) e Lauro (31) hanno sviluppato un'applicazione per carte o conti che consente ai non addetti ai lavori di investire semplicemente arrotondando al franco successivo al momento del pagamento. Le leonesse e i leoni sono totalmente entusiasti. E anche l'auspicato investimento di 100.000 franchi non sembrava all'inizio un grosso ostacolo. Ma c'era un altro problema: quattro leonesse e leoni (Roland Brack, Bettina Hein, Lukas Speiser, J\u00fcrg Schwarzenbach) avevano gi\u00e0 investito in fornitori di servizi finanziari simili (ad esempio Neon, Yapeal). Quindi ci sarebbero conflitti di interesse. Pertanto, purtroppo, hanno dovuto rifiutare. Rimane Anja Graf: ma non \u00e8 interessata alle applicazioni finanziarie e ha rifiutato. L'osservatore si \u00e8 chiesto: un prodotto di per s\u00e9 valido \u00e8 troppo tardivo per smuovere un mercato gi\u00e0 molto affollato? Qualche anno prima, \"Kaspar&amp;\" avrebbe potuto essere un candidato per un contratto discografico...<\/p>\n<p>Conclusione del primo programma della quarta stagione: a parte il contratto discografico, sono stati fatti solo pochi investimenti, il che non \u00e8 dovuto alle buone idee commerciali, ma forse alle idee troppo ambiziose dei giovani imprenditori - o forse perch\u00e9 volevano troppo e troppo presto? \u00c8 stato sicuramente istruttivo per tutti.<\/p>\n<p><em>Maggiori informazioni sui prossimi programmi: <a href=\"https:\/\/www.oneplus.ch\/detail\/1000604\">https:\/\/www.oneplus.ch\/detail\/1000604<\/a><\/em><\/p>","protected":false},"excerpt":{"rendered":"<p>Den Anfang macht der 21-j\u00e4hrige HSG-Student Tim Miljko mit seiner Firma \u00abPoCatWalk\u00bb aus Baar (ZG). Seine Idee: Beim Klamotten-Shoppen probieren junge Leute Outfits auf einem Catwalk. Dabei entstehen Fotos, die online gehen. Die Hoffnung dabei: Es gibt Feedback zum Outfit und Werbung f\u00fcr den Brand. Sein Wunsch nun: Ein Investment vom 160&#8217;000 Franken gegen einen [&hellip;]<\/p>\n","protected":false},"author":4,"featured_media":17153,"comment_status":"closed","ping_status":"closed","sticky":false,"template":"","format":"standard","meta":{"_acf_changed":false,"_yoast_wpseo_focuskw":"Rekorddeal","_yoast_wpseo_metadesc":"Ein Ostschweizer Jungunternehmen \u00fcberzeugte die Investoren in der H\u00f6hle der L\u00f6wen: Es kam zu einem Rekorddeal von 1,3 Millionen Franken.","articlekey":"","footnotes":""},"categories":[28],"tags":[2683,451,492],"class_list":["post-17152","post","type-post","status-publish","format-standard","has-post-thumbnail","hentry","category-management","tag-hoehle-der-loewen","tag-startups","tag-unternehmen"],"acf":[],"yoast_head":"<!-- This site is optimized with the Yoast SEO plugin v27.5 - https:\/\/yoast.com\/product\/yoast-seo-wordpress\/ -->\n<title>Rekorddeal bei Staffelstart von &quot;Die H\u00f6hle der L\u00f6wen Schweiz&quot; - Organisator<\/title>\n<meta name=\"description\" content=\"Ein Ostschweizer Jungunternehmen \u00fcberzeugte die Investoren in der H\u00f6hle der L\u00f6wen: Es kam zu einem Rekorddeal von 1,3 Millionen Franken.\" \/>\n<meta name=\"robots\" content=\"index, follow, max-snippet:-1, max-image-preview:large, max-video-preview:-1\" \/>\n<link rel=\"canonical\" href=\"https:\/\/www.organisator.ch\/it\/gestione-2\/2022-10-05\/rekorddeal-bei-staffelstart-von-die-hoehle-der-loewen-schweiz\/\" \/>\n<meta property=\"og:locale\" content=\"it_IT\" \/>\n<meta property=\"og:type\" content=\"article\" \/>\n<meta property=\"og:title\" content=\"Rekorddeal bei Staffelstart von &quot;Die H\u00f6hle der L\u00f6wen Schweiz&quot;\" \/>\n<meta property=\"og:description\" content=\"Ein Ostschweizer Jungunternehmen \u00fcberzeugte die Investoren in der H\u00f6hle der L\u00f6wen: Es kam zu einem Rekorddeal von 1,3 Millionen Franken.\" \/>\n<meta property=\"og:url\" content=\"https:\/\/www.organisator.ch\/it\/gestione-2\/2022-10-05\/rekorddeal-bei-staffelstart-von-die-hoehle-der-loewen-schweiz\/\" \/>\n<meta property=\"og:site_name\" content=\"Organisator\" \/>\n<meta property=\"article:publisher\" content=\"https:\/\/www.facebook.com\/OrganisatorFachmagazin\" \/>\n<meta property=\"article:published_time\" content=\"2022-10-05T07:12:28+00:00\" \/>\n<meta property=\"article:modified_time\" content=\"2022-10-12T07:32:01+00:00\" \/>\n<meta property=\"og:image\" content=\"https:\/\/www.organisator.ch\/wp-content\/uploads\/2022\/10\/Rekorddeal-bei-Staffelstart-von-Die-Hoehle-der-Loewen-Schweiz-1_Orgaisator.jpg\" \/>\n\t<meta property=\"og:image:width\" content=\"680\" \/>\n\t<meta property=\"og:image:height\" content=\"454\" \/>\n\t<meta property=\"og:image:type\" content=\"image\/jpeg\" \/>\n<meta name=\"author\" content=\"thomas.berner\" \/>\n<meta name=\"twitter:card\" content=\"summary_large_image\" \/>\n<meta name=\"twitter:title\" content=\"#Rekorddeal bei #Staffelstart von &quot;Die H\u00f6hle der L\u00f6wen Schweiz&quot;\" \/>\n<meta name=\"twitter:description\" content=\"Ein Ostschweizer #Jungunternehmen \u00fcberzeugte die #Investoren in der H\u00f6hle der L\u00f6wen: Es kam zu einem #Rekorddeal von 1,3 Millionen Franken.\" \/>\n<meta name=\"twitter:image\" content=\"https:\/\/www.organisator.ch\/wp-content\/uploads\/2022\/10\/Rekorddeal-bei-Staffelstart-von-Die-Hoehle-der-Loewen-Schweiz-1_Orgaisator.jpg\" \/>\n<script type=\"application\/ld+json\" class=\"yoast-schema-graph\">{\"@context\":\"https:\\\/\\\/schema.org\",\"@graph\":[{\"@type\":\"Article\",\"@id\":\"https:\\\/\\\/www.organisator.ch\\\/management\\\/2022-10-05\\\/rekorddeal-bei-staffelstart-von-die-hoehle-der-loewen-schweiz\\\/#article\",\"isPartOf\":{\"@id\":\"https:\\\/\\\/www.organisator.ch\\\/management\\\/2022-10-05\\\/rekorddeal-bei-staffelstart-von-die-hoehle-der-loewen-schweiz\\\/\"},\"author\":{\"name\":\"thomas.berner\",\"@id\":\"https:\\\/\\\/www.organisator.ch\\\/#\\\/schema\\\/person\\\/6f650f90b2842cd4c0cc334b4e36f67e\"},\"headline\":\"Rekorddeal bei Staffelstart von &#8222;Die H\u00f6hle der L\u00f6wen Schweiz&#8220;\",\"datePublished\":\"2022-10-05T07:12:28+00:00\",\"dateModified\":\"2022-10-12T07:32:01+00:00\",\"mainEntityOfPage\":{\"@id\":\"https:\\\/\\\/www.organisator.ch\\\/management\\\/2022-10-05\\\/rekorddeal-bei-staffelstart-von-die-hoehle-der-loewen-schweiz\\\/\"},\"wordCount\":1084,\"publisher\":{\"@id\":\"https:\\\/\\\/www.organisator.ch\\\/#organization\"},\"image\":{\"@id\":\"https:\\\/\\\/www.organisator.ch\\\/management\\\/2022-10-05\\\/rekorddeal-bei-staffelstart-von-die-hoehle-der-loewen-schweiz\\\/#primaryimage\"},\"thumbnailUrl\":\"https:\\\/\\\/www.organisator.ch\\\/wp-content\\\/uploads\\\/2022\\\/10\\\/Rekorddeal-bei-Staffelstart-von-Die-Hoehle-der-Loewen-Schweiz-1_Orgaisator.jpg\",\"keywords\":[\"H\u00f6hle der L\u00f6wen\",\"Startups\",\"Unternehmen\"],\"articleSection\":[\"MANAGEMENT\"],\"inLanguage\":\"it-IT\"},{\"@type\":\"WebPage\",\"@id\":\"https:\\\/\\\/www.organisator.ch\\\/management\\\/2022-10-05\\\/rekorddeal-bei-staffelstart-von-die-hoehle-der-loewen-schweiz\\\/\",\"url\":\"https:\\\/\\\/www.organisator.ch\\\/management\\\/2022-10-05\\\/rekorddeal-bei-staffelstart-von-die-hoehle-der-loewen-schweiz\\\/\",\"name\":\"Rekorddeal bei Staffelstart von \\\"Die H\u00f6hle der L\u00f6wen Schweiz\\\" - Organisator\",\"isPartOf\":{\"@id\":\"https:\\\/\\\/www.organisator.ch\\\/#website\"},\"primaryImageOfPage\":{\"@id\":\"https:\\\/\\\/www.organisator.ch\\\/management\\\/2022-10-05\\\/rekorddeal-bei-staffelstart-von-die-hoehle-der-loewen-schweiz\\\/#primaryimage\"},\"image\":{\"@id\":\"https:\\\/\\\/www.organisator.ch\\\/management\\\/2022-10-05\\\/rekorddeal-bei-staffelstart-von-die-hoehle-der-loewen-schweiz\\\/#primaryimage\"},\"thumbnailUrl\":\"https:\\\/\\\/www.organisator.ch\\\/wp-content\\\/uploads\\\/2022\\\/10\\\/Rekorddeal-bei-Staffelstart-von-Die-Hoehle-der-Loewen-Schweiz-1_Orgaisator.jpg\",\"datePublished\":\"2022-10-05T07:12:28+00:00\",\"dateModified\":\"2022-10-12T07:32:01+00:00\",\"description\":\"Ein Ostschweizer Jungunternehmen \u00fcberzeugte die Investoren in der H\u00f6hle der L\u00f6wen: Es kam zu einem Rekorddeal von 1,3 Millionen Franken.\",\"breadcrumb\":{\"@id\":\"https:\\\/\\\/www.organisator.ch\\\/management\\\/2022-10-05\\\/rekorddeal-bei-staffelstart-von-die-hoehle-der-loewen-schweiz\\\/#breadcrumb\"},\"inLanguage\":\"it-IT\",\"potentialAction\":[{\"@type\":\"ReadAction\",\"target\":[\"https:\\\/\\\/www.organisator.ch\\\/management\\\/2022-10-05\\\/rekorddeal-bei-staffelstart-von-die-hoehle-der-loewen-schweiz\\\/\"]}]},{\"@type\":\"ImageObject\",\"inLanguage\":\"it-IT\",\"@id\":\"https:\\\/\\\/www.organisator.ch\\\/management\\\/2022-10-05\\\/rekorddeal-bei-staffelstart-von-die-hoehle-der-loewen-schweiz\\\/#primaryimage\",\"url\":\"https:\\\/\\\/www.organisator.ch\\\/wp-content\\\/uploads\\\/2022\\\/10\\\/Rekorddeal-bei-Staffelstart-von-Die-Hoehle-der-Loewen-Schweiz-1_Orgaisator.jpg\",\"contentUrl\":\"https:\\\/\\\/www.organisator.ch\\\/wp-content\\\/uploads\\\/2022\\\/10\\\/Rekorddeal-bei-Staffelstart-von-Die-Hoehle-der-Loewen-Schweiz-1_Orgaisator.jpg\",\"width\":680,\"height\":454,\"caption\":\"Bettina Hein testet den neuen E-Scooter von SoFlow und beteiligte sich anschliessend am Rekorddeal. (Bild: Filip Stropek \\\/ CH Media)\"},{\"@type\":\"BreadcrumbList\",\"@id\":\"https:\\\/\\\/www.organisator.ch\\\/management\\\/2022-10-05\\\/rekorddeal-bei-staffelstart-von-die-hoehle-der-loewen-schweiz\\\/#breadcrumb\",\"itemListElement\":[{\"@type\":\"ListItem\",\"position\":1,\"name\":\"Home\",\"item\":\"https:\\\/\\\/www.organisator.ch\\\/\"},{\"@type\":\"ListItem\",\"position\":2,\"name\":\"Rekorddeal bei Staffelstart von &#8222;Die H\u00f6hle der L\u00f6wen Schweiz&#8220;\"}]},{\"@type\":\"WebSite\",\"@id\":\"https:\\\/\\\/www.organisator.ch\\\/#website\",\"url\":\"https:\\\/\\\/www.organisator.ch\\\/\",\"name\":\"Organisator\",\"description\":\"Kompetent. Praxisnah. Der ORGANISATOR bereitet in 10 Ausgaben pro Jahr die wesentlichen Themen f\u00fcr F\u00fchrungskr\u00e4fte von KMU auf.\",\"publisher\":{\"@id\":\"https:\\\/\\\/www.organisator.ch\\\/#organization\"},\"potentialAction\":[{\"@type\":\"SearchAction\",\"target\":{\"@type\":\"EntryPoint\",\"urlTemplate\":\"https:\\\/\\\/www.organisator.ch\\\/?s={search_term_string}\"},\"query-input\":{\"@type\":\"PropertyValueSpecification\",\"valueRequired\":true,\"valueName\":\"search_term_string\"}}],\"inLanguage\":\"it-IT\"},{\"@type\":\"Organization\",\"@id\":\"https:\\\/\\\/www.organisator.ch\\\/#organization\",\"name\":\"Organisator\",\"url\":\"https:\\\/\\\/www.organisator.ch\\\/\",\"logo\":{\"@type\":\"ImageObject\",\"inLanguage\":\"it-IT\",\"@id\":\"https:\\\/\\\/www.organisator.ch\\\/#\\\/schema\\\/logo\\\/image\\\/\",\"url\":\"https:\\\/\\\/www.organisator.ch\\\/wp-content\\\/uploads\\\/2022\\\/01\\\/Logo_Organisator_Website.png\",\"contentUrl\":\"https:\\\/\\\/www.organisator.ch\\\/wp-content\\\/uploads\\\/2022\\\/01\\\/Logo_Organisator_Website.png\",\"width\":800,\"height\":77,\"caption\":\"Organisator\"},\"image\":{\"@id\":\"https:\\\/\\\/www.organisator.ch\\\/#\\\/schema\\\/logo\\\/image\\\/\"},\"sameAs\":[\"https:\\\/\\\/www.facebook.com\\\/OrganisatorFachmagazin\",\"https:\\\/\\\/www.linkedin.com\\\/showcase\\\/organisator-das-magazin-fr-kmu\",\"https:\\\/\\\/www.xing.com\\\/news\\\/pages\\\/organisator-ch-695\",\"https:\\\/\\\/www.youtube.com\\\/channel\\\/UCGP2Sq0iWaZwT3BdIAQFYpw\"]},{\"@type\":\"Person\",\"@id\":\"https:\\\/\\\/www.organisator.ch\\\/#\\\/schema\\\/person\\\/6f650f90b2842cd4c0cc334b4e36f67e\",\"name\":\"thomas.berner\",\"image\":{\"@type\":\"ImageObject\",\"inLanguage\":\"it-IT\",\"@id\":\"https:\\\/\\\/secure.gravatar.com\\\/avatar\\\/ac5001d2a36cb6c6cd3e50789007ffca834b477b74a2144564522e944eabff61?s=96&d=mm&r=g\",\"url\":\"https:\\\/\\\/secure.gravatar.com\\\/avatar\\\/ac5001d2a36cb6c6cd3e50789007ffca834b477b74a2144564522e944eabff61?s=96&d=mm&r=g\",\"contentUrl\":\"https:\\\/\\\/secure.gravatar.com\\\/avatar\\\/ac5001d2a36cb6c6cd3e50789007ffca834b477b74a2144564522e944eabff61?s=96&d=mm&r=g\",\"caption\":\"thomas.berner\"},\"url\":\"https:\\\/\\\/www.organisator.ch\\\/it\\\/author\\\/thomas-berner\\\/\"}]}<\/script>\n<!-- \/ Yoast SEO plugin. -->","yoast_head_json":{"title":"Accordo record all'inizio della stagione \"Die H\u00f6hle der L\u00f6wen Schweiz\" - organizzatore","description":"Una giovane azienda della Svizzera orientale ha convinto gli investitori della \"H\u00f6hle der L\u00f6wen\": \u00e8 stato fatto un affare record di 1,3 milioni di franchi svizzeri.","robots":{"index":"index","follow":"follow","max-snippet":"max-snippet:-1","max-image-preview":"max-image-preview:large","max-video-preview":"max-video-preview:-1"},"canonical":"https:\/\/www.organisator.ch\/it\/gestione-2\/2022-10-05\/rekorddeal-bei-staffelstart-von-die-hoehle-der-loewen-schweiz\/","og_locale":"it_IT","og_type":"article","og_title":"Rekorddeal bei Staffelstart von \"Die H\u00f6hle der L\u00f6wen Schweiz\"","og_description":"Ein Ostschweizer Jungunternehmen \u00fcberzeugte die Investoren in der H\u00f6hle der L\u00f6wen: Es kam zu einem Rekorddeal von 1,3 Millionen Franken.","og_url":"https:\/\/www.organisator.ch\/it\/gestione-2\/2022-10-05\/rekorddeal-bei-staffelstart-von-die-hoehle-der-loewen-schweiz\/","og_site_name":"Organisator","article_publisher":"https:\/\/www.facebook.com\/OrganisatorFachmagazin","article_published_time":"2022-10-05T07:12:28+00:00","article_modified_time":"2022-10-12T07:32:01+00:00","og_image":[{"width":680,"height":454,"url":"https:\/\/www.organisator.ch\/wp-content\/uploads\/2022\/10\/Rekorddeal-bei-Staffelstart-von-Die-Hoehle-der-Loewen-Schweiz-1_Orgaisator.jpg","type":"image\/jpeg"}],"author":"thomas.berner","twitter_card":"summary_large_image","twitter_title":"#Rekorddeal bei #Staffelstart von \"Die H\u00f6hle der L\u00f6wen Schweiz\"","twitter_description":"Ein Ostschweizer #Jungunternehmen \u00fcberzeugte die #Investoren in der H\u00f6hle der L\u00f6wen: Es kam zu einem #Rekorddeal von 1,3 Millionen Franken.","twitter_image":"https:\/\/www.organisator.ch\/wp-content\/uploads\/2022\/10\/Rekorddeal-bei-Staffelstart-von-Die-Hoehle-der-Loewen-Schweiz-1_Orgaisator.jpg","schema":{"@context":"https:\/\/schema.org","@graph":[{"@type":"Article","@id":"https:\/\/www.organisator.ch\/management\/2022-10-05\/rekorddeal-bei-staffelstart-von-die-hoehle-der-loewen-schweiz\/#article","isPartOf":{"@id":"https:\/\/www.organisator.ch\/management\/2022-10-05\/rekorddeal-bei-staffelstart-von-die-hoehle-der-loewen-schweiz\/"},"author":{"name":"thomas.berner","@id":"https:\/\/www.organisator.ch\/#\/schema\/person\/6f650f90b2842cd4c0cc334b4e36f67e"},"headline":"Rekorddeal bei Staffelstart von &#8222;Die H\u00f6hle der L\u00f6wen Schweiz&#8220;","datePublished":"2022-10-05T07:12:28+00:00","dateModified":"2022-10-12T07:32:01+00:00","mainEntityOfPage":{"@id":"https:\/\/www.organisator.ch\/management\/2022-10-05\/rekorddeal-bei-staffelstart-von-die-hoehle-der-loewen-schweiz\/"},"wordCount":1084,"publisher":{"@id":"https:\/\/www.organisator.ch\/#organization"},"image":{"@id":"https:\/\/www.organisator.ch\/management\/2022-10-05\/rekorddeal-bei-staffelstart-von-die-hoehle-der-loewen-schweiz\/#primaryimage"},"thumbnailUrl":"https:\/\/www.organisator.ch\/wp-content\/uploads\/2022\/10\/Rekorddeal-bei-Staffelstart-von-Die-Hoehle-der-Loewen-Schweiz-1_Orgaisator.jpg","keywords":["H\u00f6hle der L\u00f6wen","Startups","Unternehmen"],"articleSection":["MANAGEMENT"],"inLanguage":"it-IT"},{"@type":"WebPage","@id":"https:\/\/www.organisator.ch\/management\/2022-10-05\/rekorddeal-bei-staffelstart-von-die-hoehle-der-loewen-schweiz\/","url":"https:\/\/www.organisator.ch\/management\/2022-10-05\/rekorddeal-bei-staffelstart-von-die-hoehle-der-loewen-schweiz\/","name":"Accordo record all'inizio della stagione \"Die H\u00f6hle der L\u00f6wen Schweiz\" - organizzatore","isPartOf":{"@id":"https:\/\/www.organisator.ch\/#website"},"primaryImageOfPage":{"@id":"https:\/\/www.organisator.ch\/management\/2022-10-05\/rekorddeal-bei-staffelstart-von-die-hoehle-der-loewen-schweiz\/#primaryimage"},"image":{"@id":"https:\/\/www.organisator.ch\/management\/2022-10-05\/rekorddeal-bei-staffelstart-von-die-hoehle-der-loewen-schweiz\/#primaryimage"},"thumbnailUrl":"https:\/\/www.organisator.ch\/wp-content\/uploads\/2022\/10\/Rekorddeal-bei-Staffelstart-von-Die-Hoehle-der-Loewen-Schweiz-1_Orgaisator.jpg","datePublished":"2022-10-05T07:12:28+00:00","dateModified":"2022-10-12T07:32:01+00:00","description":"Una giovane azienda della Svizzera orientale ha convinto gli investitori della \"H\u00f6hle der L\u00f6wen\": \u00e8 stato fatto un affare record di 1,3 milioni di franchi svizzeri.","breadcrumb":{"@id":"https:\/\/www.organisator.ch\/management\/2022-10-05\/rekorddeal-bei-staffelstart-von-die-hoehle-der-loewen-schweiz\/#breadcrumb"},"inLanguage":"it-IT","potentialAction":[{"@type":"ReadAction","target":["https:\/\/www.organisator.ch\/management\/2022-10-05\/rekorddeal-bei-staffelstart-von-die-hoehle-der-loewen-schweiz\/"]}]},{"@type":"ImageObject","inLanguage":"it-IT","@id":"https:\/\/www.organisator.ch\/management\/2022-10-05\/rekorddeal-bei-staffelstart-von-die-hoehle-der-loewen-schweiz\/#primaryimage","url":"https:\/\/www.organisator.ch\/wp-content\/uploads\/2022\/10\/Rekorddeal-bei-Staffelstart-von-Die-Hoehle-der-Loewen-Schweiz-1_Orgaisator.jpg","contentUrl":"https:\/\/www.organisator.ch\/wp-content\/uploads\/2022\/10\/Rekorddeal-bei-Staffelstart-von-Die-Hoehle-der-Loewen-Schweiz-1_Orgaisator.jpg","width":680,"height":454,"caption":"Bettina Hein testet den neuen E-Scooter von SoFlow und beteiligte sich anschliessend am Rekorddeal. (Bild: Filip Stropek \/ CH Media)"},{"@type":"BreadcrumbList","@id":"https:\/\/www.organisator.ch\/management\/2022-10-05\/rekorddeal-bei-staffelstart-von-die-hoehle-der-loewen-schweiz\/#breadcrumb","itemListElement":[{"@type":"ListItem","position":1,"name":"Home","item":"https:\/\/www.organisator.ch\/"},{"@type":"ListItem","position":2,"name":"Rekorddeal bei Staffelstart von &#8222;Die H\u00f6hle der L\u00f6wen Schweiz&#8220;"}]},{"@type":"WebSite","@id":"https:\/\/www.organisator.ch\/#website","url":"https:\/\/www.organisator.ch\/","name":"Organizzatore","description":"Competente. Pratico. In 10 numeri all'anno, ORGANISATOR presenta i temi essenziali per i manager delle PMI.","publisher":{"@id":"https:\/\/www.organisator.ch\/#organization"},"potentialAction":[{"@type":"SearchAction","target":{"@type":"EntryPoint","urlTemplate":"https:\/\/www.organisator.ch\/?s={search_term_string}"},"query-input":{"@type":"PropertyValueSpecification","valueRequired":true,"valueName":"search_term_string"}}],"inLanguage":"it-IT"},{"@type":"Organization","@id":"https:\/\/www.organisator.ch\/#organization","name":"Organizzatore","url":"https:\/\/www.organisator.ch\/","logo":{"@type":"ImageObject","inLanguage":"it-IT","@id":"https:\/\/www.organisator.ch\/#\/schema\/logo\/image\/","url":"https:\/\/www.organisator.ch\/wp-content\/uploads\/2022\/01\/Logo_Organisator_Website.png","contentUrl":"https:\/\/www.organisator.ch\/wp-content\/uploads\/2022\/01\/Logo_Organisator_Website.png","width":800,"height":77,"caption":"Organisator"},"image":{"@id":"https:\/\/www.organisator.ch\/#\/schema\/logo\/image\/"},"sameAs":["https:\/\/www.facebook.com\/OrganisatorFachmagazin","https:\/\/www.linkedin.com\/showcase\/organisator-das-magazin-fr-kmu","https:\/\/www.xing.com\/news\/pages\/organisator-ch-695","https:\/\/www.youtube.com\/channel\/UCGP2Sq0iWaZwT3BdIAQFYpw"]},{"@type":"Person","@id":"https:\/\/www.organisator.ch\/#\/schema\/person\/6f650f90b2842cd4c0cc334b4e36f67e","name":"Tommaso.berner","image":{"@type":"ImageObject","inLanguage":"it-IT","@id":"https:\/\/secure.gravatar.com\/avatar\/ac5001d2a36cb6c6cd3e50789007ffca834b477b74a2144564522e944eabff61?s=96&d=mm&r=g","url":"https:\/\/secure.gravatar.com\/avatar\/ac5001d2a36cb6c6cd3e50789007ffca834b477b74a2144564522e944eabff61?s=96&d=mm&r=g","contentUrl":"https:\/\/secure.gravatar.com\/avatar\/ac5001d2a36cb6c6cd3e50789007ffca834b477b74a2144564522e944eabff61?s=96&d=mm&r=g","caption":"thomas.berner"},"url":"https:\/\/www.organisator.ch\/it\/author\/thomas-berner\/"}]}},"_links":{"self":[{"href":"https:\/\/www.organisator.ch\/it\/wp-json\/wp\/v2\/posts\/17152","targetHints":{"allow":["GET"]}}],"collection":[{"href":"https:\/\/www.organisator.ch\/it\/wp-json\/wp\/v2\/posts"}],"about":[{"href":"https:\/\/www.organisator.ch\/it\/wp-json\/wp\/v2\/types\/post"}],"author":[{"embeddable":true,"href":"https:\/\/www.organisator.ch\/it\/wp-json\/wp\/v2\/users\/4"}],"replies":[{"embeddable":true,"href":"https:\/\/www.organisator.ch\/it\/wp-json\/wp\/v2\/comments?post=17152"}],"version-history":[{"count":2,"href":"https:\/\/www.organisator.ch\/it\/wp-json\/wp\/v2\/posts\/17152\/revisions"}],"predecessor-version":[{"id":22910,"href":"https:\/\/www.organisator.ch\/it\/wp-json\/wp\/v2\/posts\/17152\/revisions\/22910"}],"wp:featuredmedia":[{"embeddable":true,"href":"https:\/\/www.organisator.ch\/it\/wp-json\/wp\/v2\/media\/17153"}],"wp:attachment":[{"href":"https:\/\/www.organisator.ch\/it\/wp-json\/wp\/v2\/media?parent=17152"}],"wp:term":[{"taxonomy":"category","embeddable":true,"href":"https:\/\/www.organisator.ch\/it\/wp-json\/wp\/v2\/categories?post=17152"},{"taxonomy":"post_tag","embeddable":true,"href":"https:\/\/www.organisator.ch\/it\/wp-json\/wp\/v2\/tags?post=17152"}],"curies":[{"name":"wp","href":"https:\/\/api.w.org\/{rel}","templated":true}]}}