{"id":17217,"date":"2022-10-11T11:52:20","date_gmt":"2022-10-11T09:52:20","guid":{"rendered":"https:\/\/www.m-q.ch\/?p=17044"},"modified":"2024-11-21T07:14:21","modified_gmt":"2024-11-21T06:14:21","slug":"it-sicherheit-in-der-bevoelkerung-zwischen-sorglosigkeit-und-cyberangst","status":"publish","type":"post","link":"https:\/\/www.organisator.ch\/it\/operational-excellence\/2022-10-11\/it-sicherheit-in-der-bevoelkerung-zwischen-sorglosigkeit-und-cyberangst\/","title":{"rendered":"Sicurezza informatica nella popolazione: tra disattenzione e paura informatica"},"content":{"rendered":"<figure id=\"attachment_17045\" class=\"wp-caption alignnone\" style=\"width: 680px\" aria-describedby=\"caption-attachment-17045\"><img class=\"alignnone wp-image-17045 size-full\" src=\"https:\/\/www.m-q.ch\/wp-content\/uploads\/2022\/10\/IT-Sicherheit-in-der-Bevoelkerung-Zwischen-Sorglosigkeit-und-Cyberangst_MQ.png\" alt=\"Ansia informatica e sicurezza informatica\" width=\"680\" height=\"380\" \/>\r\n<figcaption id=\"caption-attachment-17045\" class=\"wp-caption-text\">Un sondaggio mostra che la popolazione svizzera oscilla tra la spensieratezza e la cyber-ansia. (Immagine: Cisco)<\/figcaption>\r\n<\/figure>\r\n<p>Il tema della sicurezza informatica ha ormai assunto un'importanza strategica nelle aziende. Ma che dire della popolazione \"normale\"? Un nuovo sondaggio condotto dall'azienda tecnologica Cisco mostra che il 61% degli svizzeri \u00e8 preoccupato che i propri dispositivi di rete vengano violati. Ma non sono solo preoccupati, stanno anche prendendo provvedimenti: il 67% degli intervistati utilizza gi\u00e0 l'autenticazione a pi\u00f9 fattori (MFA) per proteggere i propri dispositivi. Di questi, il 33% utilizza l'MFA a livello privato, il 24% sia a livello privato che professionale. Si tratta di un passo importante, poich\u00e9 l'uso di dispositivi privati per le attivit\u00e0 professionali \u00e8 da tempo la norma in Svizzera, almeno da quando esiste il \"lavoro ibrido\".<\/p>\r\n<h3>I confini tra dispositivi privati e aziendali scompaiono<\/h3>\r\n<p>Nel complesso, il 70% utilizza principalmente i propri dispositivi privati per il lavoro; la maggior parte (58%) utilizza il proprio cellulare privato per le e-mail aziendali. Il 47% li usa per lavorare su documenti e il 44% per fare telefonate di lavoro. Un po' meno frequentemente, i dispositivi privati vengono utilizzati per attivit\u00e0 di collaborazione, come videoconferenze o spazi di lavoro virtuali (36%). Questo dimostra gi\u00e0 che la protezione dei dispositivi privati deve essere una priorit\u00e0 per i team IT o di sicurezza. \"Grazie al lavoro ibrido, la nostra vita quotidiana - sia privata che professionale - \u00e8 sempre pi\u00f9 collegata in rete. Questo rende la sicurezza informatica pi\u00f9 importante che mai\", afferma Roman Stefanov, responsabile delle vendite di Cyber Security di Cisco Svizzera. \u00c8 molto positivo che molti svizzeri siano consapevoli del tema della sicurezza informatica\", continua Stefanov. \"Tuttavia, la migliore conoscenza non serve a nulla se non si agisce coerentemente di conseguenza.<\/p>\r\n<h3>Mancanza di igiene informatica e mancanza di iniziativa<\/h3>\r\n<p>Tuttavia, la consapevolezza dell'importanza critica dei propri dispositivi in rete contrasta con una certa inattivit\u00e0 quando si tratta di proteggere la WLAN domestica, ad esempio. Quasi un quinto degli intervistati svizzeri (18%) non ha mai cambiato la password della WLAN, e per altri 21% ci\u00f2 \u00e8 avvenuto pi\u00f9 di un anno fa. Colpisce il fatto che ci siano poche differenze generazionali, con gli over 45 un po' pi\u00f9 cauti.<\/p>\r\n<p>Anche l'uso delle reti WiFi pubbliche \u00e8 fondamentale. Il 40% si collega alle reti WiFi pubbliche frequentemente o molto frequentemente, ad esempio per controllare le e-mail. Anche per le attivit\u00e0 pi\u00f9 complesse, come l'accesso tramite VPN o l'utilizzo di documenti riservati, il 32% utilizza spesso o molto spesso il WiFi pubblico. Ci\u00f2 pu\u00f2 essere problematico, poich\u00e9 si sa poco del livello di sicurezza di queste reti e sono possibili anche intrusioni non autorizzate da parte di hacker. \"Con una rete Wi-Fi pubblica, nessuno sa chi sta ascoltando e per quali motivi, n\u00e9 quanto l'operatore l'abbia protetta\", afferma Martin Lee, responsabile EMEA di Talos, l'organizzazione di ricerca e intelligence sulle minacce di Cisco. \"L'utilizzo della funzione hotspot del telefono con una password forte \u00e8 pi\u00f9 sicuro dell'utilizzo di una rete pubblica. E usare una VPN \u00e8 sempre pi\u00f9 sicuro che non usarla\".<\/p>\r\n<h3>La maggior parte della popolazione segue i consigli di cybersecurity provenienti dall'ambiente personale<\/h3>\r\n<p>Quando si tratta di consigli sulla sicurezza dei dispositivi e sulla navigazione sicura, la maggior parte degli intervistati svizzeri si affida al proprio ambiente personale. Il 37% segue i consigli di amici e parenti. Il 32% si affida al \"buon senso\" e quasi una persona su quattro cerca di trovare consigli sulla sicurezza informatica nei media tradizionali o nei social media. I consigli dei produttori di dispositivi sono stati accolti da circa un quinto degli intervistati (21%), mentre quelli delle agenzie governative solo da circa il 16%.<\/p>\r\n<p>L'indagine EMEA sulla sicurezza dei consumatori \u00e8 stata condotta nell'agosto 2022 da Censuswide per conto di Cisco in Svizzera e in altri Paesi, tra cui Regno Unito, Germania, Francia e Italia. In Svizzera hanno partecipato all'indagine 1.000 persone, il 47% delle quali erano dipendenti a tempo pieno.<\/p>\r\n<p><em>Fonte: <a href=\"https:\/\/www.cisco.com\/\">Cisco<\/a><\/em><\/p>\n<p class=\"syndicated-attribution\">Questo articolo \u00e8 apparso originariamente su m-q.ch - <a href=\"https:\/\/www.m-q.ch\/de\/it-sicherheit-in-der-bevoelkerung-zwischen-sorglosigkeit-und-cyberangst\/\" target=\"_blank\">https:\/\/www.m-q.ch\/de\/it-sicherheit-in-der-bevoelkerung-zwischen-sorglosigkeit-und-cyberangst\/<\/a><\/p>","protected":false},"excerpt":{"rendered":"<p>In Unternehmen ist das Thema Cybersicherheit inzwischen zu strategischer Bedeutung geworden. Doch wie steht es bei der \u201enormalen\u201c Bev\u00f6lkerung? Eine neue Befragung durch das Technologie-Unternehmen Cisco zeigt nun, dass sich 61 Prozent der Schweizerinnen und Schweizer sich sorgen, dass ihre vernetzten Ger\u00e4te gehackt werden. Doch sie machen sich nicht nur Sorgen, sondern treffen auch Massnahmen: [\u2026]<\/p>\n","protected":false},"author":8,"featured_media":0,"comment_status":"closed","ping_status":"closed","sticky":false,"template":"","format":"standard","meta":{"_acf_changed":false,"_yoast_wpseo_focuskw":"Cyberangst und Cybersicherheit","_yoast_wpseo_metadesc":"Befragung zeigt: Schweizer Bev\u00f6lkerung zwischen Cyberangst und Sorglosigkeit. 67% nutzen bereits Multifaktor-Authentifizierung.","articlekey":"","footnotes":""},"categories":[582],"tags":[],"class_list":["post-17217","post","type-post","status-publish","format-standard","hentry","category-operational-excellence"],"acf":[],"yoast_head":"<!-- This site is optimized with the Yoast SEO plugin v27.5 - https:\/\/yoast.com\/product\/yoast-seo-wordpress\/ -->\n<title>IT-Sicherheit in der Bev\u00f6lkerung: Zwischen Sorglosigkeit und Cyberangst - Organisator<\/title>\n<meta name=\"description\" content=\"Befragung zeigt: Schweizer Bev\u00f6lkerung zwischen Cyberangst und Sorglosigkeit. 67% nutzen bereits Multifaktor-Authentifizierung.\" \/>\n<meta name=\"robots\" content=\"index, follow, max-snippet:-1, max-image-preview:large, max-video-preview:-1\" \/>\n<link rel=\"canonical\" href=\"https:\/\/www.organisator.ch\/it\/eccellenza-operativa\/2022-10-11\/it-sicherheit-in-der-bevoelkerung-zwischen-sorglosigkeit-und-cyberangst\/\" \/>\n<meta property=\"og:locale\" content=\"it_IT\" \/>\n<meta property=\"og:type\" content=\"article\" \/>\n<meta property=\"og:title\" content=\"IT-Sicherheit in der Bev\u00f6lkerung: Zwischen Sorglosigkeit und Cyberangst - Organisator\" \/>\n<meta property=\"og:description\" content=\"Befragung zeigt: Schweizer Bev\u00f6lkerung zwischen Cyberangst und Sorglosigkeit. 67% nutzen bereits Multifaktor-Authentifizierung.\" \/>\n<meta property=\"og:url\" content=\"https:\/\/www.organisator.ch\/it\/eccellenza-operativa\/2022-10-11\/it-sicherheit-in-der-bevoelkerung-zwischen-sorglosigkeit-und-cyberangst\/\" \/>\n<meta property=\"og:site_name\" content=\"Organisator\" \/>\n<meta property=\"article:publisher\" content=\"https:\/\/www.facebook.com\/OrganisatorFachmagazin\" \/>\n<meta property=\"article:published_time\" content=\"2022-10-11T09:52:20+00:00\" \/>\n<meta property=\"article:modified_time\" content=\"2024-11-21T06:14:21+00:00\" \/>\n<meta name=\"author\" content=\"galledia\" \/>\n<meta name=\"twitter:card\" content=\"summary_large_image\" \/>\n<meta name=\"twitter:creator\" content=\"@admin\" \/>\n<script type=\"application\/ld+json\" class=\"yoast-schema-graph\">{\"@context\":\"https:\\\/\\\/schema.org\",\"@graph\":[{\"@type\":\"Article\",\"@id\":\"https:\\\/\\\/www.organisator.ch\\\/operational-excellence\\\/2022-10-11\\\/it-sicherheit-in-der-bevoelkerung-zwischen-sorglosigkeit-und-cyberangst\\\/#article\",\"isPartOf\":{\"@id\":\"https:\\\/\\\/www.organisator.ch\\\/operational-excellence\\\/2022-10-11\\\/it-sicherheit-in-der-bevoelkerung-zwischen-sorglosigkeit-und-cyberangst\\\/\"},\"author\":{\"name\":\"galledia\",\"@id\":\"https:\\\/\\\/www.organisator.ch\\\/#\\\/schema\\\/person\\\/4e51799071cd2dd1232ac003643ef5f0\"},\"headline\":\"IT-Sicherheit in der Bev\u00f6lkerung: Zwischen Sorglosigkeit und Cyberangst\",\"datePublished\":\"2022-10-11T09:52:20+00:00\",\"dateModified\":\"2024-11-21T06:14:21+00:00\",\"mainEntityOfPage\":{\"@id\":\"https:\\\/\\\/www.organisator.ch\\\/operational-excellence\\\/2022-10-11\\\/it-sicherheit-in-der-bevoelkerung-zwischen-sorglosigkeit-und-cyberangst\\\/\"},\"wordCount\":624,\"publisher\":{\"@id\":\"https:\\\/\\\/www.organisator.ch\\\/#organization\"},\"image\":{\"@id\":\"https:\\\/\\\/www.organisator.ch\\\/operational-excellence\\\/2022-10-11\\\/it-sicherheit-in-der-bevoelkerung-zwischen-sorglosigkeit-und-cyberangst\\\/#primaryimage\"},\"thumbnailUrl\":\"https:\\\/\\\/www.m-q.ch\\\/wp-content\\\/uploads\\\/2022\\\/10\\\/IT-Sicherheit-in-der-Bevoelkerung-Zwischen-Sorglosigkeit-und-Cyberangst_MQ.png\",\"articleSection\":[\"OPERATIONAL EXCELLENCE\"],\"inLanguage\":\"it-IT\"},{\"@type\":\"WebPage\",\"@id\":\"https:\\\/\\\/www.organisator.ch\\\/operational-excellence\\\/2022-10-11\\\/it-sicherheit-in-der-bevoelkerung-zwischen-sorglosigkeit-und-cyberangst\\\/\",\"url\":\"https:\\\/\\\/www.organisator.ch\\\/operational-excellence\\\/2022-10-11\\\/it-sicherheit-in-der-bevoelkerung-zwischen-sorglosigkeit-und-cyberangst\\\/\",\"name\":\"IT-Sicherheit in der Bev\u00f6lkerung: Zwischen Sorglosigkeit und Cyberangst - Organisator\",\"isPartOf\":{\"@id\":\"https:\\\/\\\/www.organisator.ch\\\/#website\"},\"primaryImageOfPage\":{\"@id\":\"https:\\\/\\\/www.organisator.ch\\\/operational-excellence\\\/2022-10-11\\\/it-sicherheit-in-der-bevoelkerung-zwischen-sorglosigkeit-und-cyberangst\\\/#primaryimage\"},\"image\":{\"@id\":\"https:\\\/\\\/www.organisator.ch\\\/operational-excellence\\\/2022-10-11\\\/it-sicherheit-in-der-bevoelkerung-zwischen-sorglosigkeit-und-cyberangst\\\/#primaryimage\"},\"thumbnailUrl\":\"https:\\\/\\\/www.m-q.ch\\\/wp-content\\\/uploads\\\/2022\\\/10\\\/IT-Sicherheit-in-der-Bevoelkerung-Zwischen-Sorglosigkeit-und-Cyberangst_MQ.png\",\"datePublished\":\"2022-10-11T09:52:20+00:00\",\"dateModified\":\"2024-11-21T06:14:21+00:00\",\"description\":\"Befragung zeigt: Schweizer Bev\u00f6lkerung zwischen Cyberangst und Sorglosigkeit. 67% nutzen bereits Multifaktor-Authentifizierung.\",\"breadcrumb\":{\"@id\":\"https:\\\/\\\/www.organisator.ch\\\/operational-excellence\\\/2022-10-11\\\/it-sicherheit-in-der-bevoelkerung-zwischen-sorglosigkeit-und-cyberangst\\\/#breadcrumb\"},\"inLanguage\":\"it-IT\",\"potentialAction\":[{\"@type\":\"ReadAction\",\"target\":[\"https:\\\/\\\/www.organisator.ch\\\/operational-excellence\\\/2022-10-11\\\/it-sicherheit-in-der-bevoelkerung-zwischen-sorglosigkeit-und-cyberangst\\\/\"]}]},{\"@type\":\"ImageObject\",\"inLanguage\":\"it-IT\",\"@id\":\"https:\\\/\\\/www.organisator.ch\\\/operational-excellence\\\/2022-10-11\\\/it-sicherheit-in-der-bevoelkerung-zwischen-sorglosigkeit-und-cyberangst\\\/#primaryimage\",\"url\":\"https:\\\/\\\/www.m-q.ch\\\/wp-content\\\/uploads\\\/2022\\\/10\\\/IT-Sicherheit-in-der-Bevoelkerung-Zwischen-Sorglosigkeit-und-Cyberangst_MQ.png\",\"contentUrl\":\"https:\\\/\\\/www.m-q.ch\\\/wp-content\\\/uploads\\\/2022\\\/10\\\/IT-Sicherheit-in-der-Bevoelkerung-Zwischen-Sorglosigkeit-und-Cyberangst_MQ.png\"},{\"@type\":\"BreadcrumbList\",\"@id\":\"https:\\\/\\\/www.organisator.ch\\\/operational-excellence\\\/2022-10-11\\\/it-sicherheit-in-der-bevoelkerung-zwischen-sorglosigkeit-und-cyberangst\\\/#breadcrumb\",\"itemListElement\":[{\"@type\":\"ListItem\",\"position\":1,\"name\":\"Home\",\"item\":\"https:\\\/\\\/www.organisator.ch\\\/\"},{\"@type\":\"ListItem\",\"position\":2,\"name\":\"IT-Sicherheit in der Bev\u00f6lkerung: Zwischen Sorglosigkeit und Cyberangst\"}]},{\"@type\":\"WebSite\",\"@id\":\"https:\\\/\\\/www.organisator.ch\\\/#website\",\"url\":\"https:\\\/\\\/www.organisator.ch\\\/\",\"name\":\"Organisator\",\"description\":\"Kompetent. Praxisnah. Der ORGANISATOR bereitet in 10 Ausgaben pro Jahr die wesentlichen Themen f\u00fcr F\u00fchrungskr\u00e4fte von KMU auf.\",\"publisher\":{\"@id\":\"https:\\\/\\\/www.organisator.ch\\\/#organization\"},\"potentialAction\":[{\"@type\":\"SearchAction\",\"target\":{\"@type\":\"EntryPoint\",\"urlTemplate\":\"https:\\\/\\\/www.organisator.ch\\\/?s={search_term_string}\"},\"query-input\":{\"@type\":\"PropertyValueSpecification\",\"valueRequired\":true,\"valueName\":\"search_term_string\"}}],\"inLanguage\":\"it-IT\"},{\"@type\":\"Organization\",\"@id\":\"https:\\\/\\\/www.organisator.ch\\\/#organization\",\"name\":\"Organisator\",\"url\":\"https:\\\/\\\/www.organisator.ch\\\/\",\"logo\":{\"@type\":\"ImageObject\",\"inLanguage\":\"it-IT\",\"@id\":\"https:\\\/\\\/www.organisator.ch\\\/#\\\/schema\\\/logo\\\/image\\\/\",\"url\":\"https:\\\/\\\/www.organisator.ch\\\/wp-content\\\/uploads\\\/2022\\\/01\\\/Logo_Organisator_Website.png\",\"contentUrl\":\"https:\\\/\\\/www.organisator.ch\\\/wp-content\\\/uploads\\\/2022\\\/01\\\/Logo_Organisator_Website.png\",\"width\":800,\"height\":77,\"caption\":\"Organisator\"},\"image\":{\"@id\":\"https:\\\/\\\/www.organisator.ch\\\/#\\\/schema\\\/logo\\\/image\\\/\"},\"sameAs\":[\"https:\\\/\\\/www.facebook.com\\\/OrganisatorFachmagazin\",\"https:\\\/\\\/www.linkedin.com\\\/showcase\\\/organisator-das-magazin-fr-kmu\",\"https:\\\/\\\/www.xing.com\\\/news\\\/pages\\\/organisator-ch-695\",\"https:\\\/\\\/www.youtube.com\\\/channel\\\/UCGP2Sq0iWaZwT3BdIAQFYpw\"]},{\"@type\":\"Person\",\"@id\":\"https:\\\/\\\/www.organisator.ch\\\/#\\\/schema\\\/person\\\/4e51799071cd2dd1232ac003643ef5f0\",\"name\":\"galledia\",\"image\":{\"@type\":\"ImageObject\",\"inLanguage\":\"it-IT\",\"@id\":\"https:\\\/\\\/secure.gravatar.com\\\/avatar\\\/78a7f90c01fc2bfc875782a0d4922b37cde2cf184ce347b91316d23cd7f69a36?s=96&d=mm&r=g\",\"url\":\"https:\\\/\\\/secure.gravatar.com\\\/avatar\\\/78a7f90c01fc2bfc875782a0d4922b37cde2cf184ce347b91316d23cd7f69a36?s=96&d=mm&r=g\",\"contentUrl\":\"https:\\\/\\\/secure.gravatar.com\\\/avatar\\\/78a7f90c01fc2bfc875782a0d4922b37cde2cf184ce347b91316d23cd7f69a36?s=96&d=mm&r=g\",\"caption\":\"galledia\"},\"sameAs\":[\"https:\\\/\\\/x.com\\\/admin\"],\"url\":\"https:\\\/\\\/www.organisator.ch\\\/it\\\/author\\\/galledia\\\/\"}]}<\/script>\n<!-- \/ Yoast SEO plugin. -->","yoast_head_json":{"title":"La sicurezza informatica nella popolazione: tra disattenzione e paura informatica - Organizzatore","description":"Sondaggio: la popolazione svizzera \u00e8 in bilico tra paura e negligenza informatica. 67% utilizzano gi\u00e0 l'autenticazione a pi\u00f9 fattori.","robots":{"index":"index","follow":"follow","max-snippet":"max-snippet:-1","max-image-preview":"max-image-preview:large","max-video-preview":"max-video-preview:-1"},"canonical":"https:\/\/www.organisator.ch\/it\/eccellenza-operativa\/2022-10-11\/it-sicherheit-in-der-bevoelkerung-zwischen-sorglosigkeit-und-cyberangst\/","og_locale":"it_IT","og_type":"article","og_title":"IT-Sicherheit in der Bev\u00f6lkerung: Zwischen Sorglosigkeit und Cyberangst - Organisator","og_description":"Befragung zeigt: Schweizer Bev\u00f6lkerung zwischen Cyberangst und Sorglosigkeit. 67% nutzen bereits Multifaktor-Authentifizierung.","og_url":"https:\/\/www.organisator.ch\/it\/eccellenza-operativa\/2022-10-11\/it-sicherheit-in-der-bevoelkerung-zwischen-sorglosigkeit-und-cyberangst\/","og_site_name":"Organisator","article_publisher":"https:\/\/www.facebook.com\/OrganisatorFachmagazin","article_published_time":"2022-10-11T09:52:20+00:00","article_modified_time":"2024-11-21T06:14:21+00:00","author":"galledia","twitter_card":"summary_large_image","twitter_creator":"@admin","schema":{"@context":"https:\/\/schema.org","@graph":[{"@type":"Article","@id":"https:\/\/www.organisator.ch\/operational-excellence\/2022-10-11\/it-sicherheit-in-der-bevoelkerung-zwischen-sorglosigkeit-und-cyberangst\/#article","isPartOf":{"@id":"https:\/\/www.organisator.ch\/operational-excellence\/2022-10-11\/it-sicherheit-in-der-bevoelkerung-zwischen-sorglosigkeit-und-cyberangst\/"},"author":{"name":"galledia","@id":"https:\/\/www.organisator.ch\/#\/schema\/person\/4e51799071cd2dd1232ac003643ef5f0"},"headline":"IT-Sicherheit in der Bev\u00f6lkerung: Zwischen Sorglosigkeit und Cyberangst","datePublished":"2022-10-11T09:52:20+00:00","dateModified":"2024-11-21T06:14:21+00:00","mainEntityOfPage":{"@id":"https:\/\/www.organisator.ch\/operational-excellence\/2022-10-11\/it-sicherheit-in-der-bevoelkerung-zwischen-sorglosigkeit-und-cyberangst\/"},"wordCount":624,"publisher":{"@id":"https:\/\/www.organisator.ch\/#organization"},"image":{"@id":"https:\/\/www.organisator.ch\/operational-excellence\/2022-10-11\/it-sicherheit-in-der-bevoelkerung-zwischen-sorglosigkeit-und-cyberangst\/#primaryimage"},"thumbnailUrl":"https:\/\/www.m-q.ch\/wp-content\/uploads\/2022\/10\/IT-Sicherheit-in-der-Bevoelkerung-Zwischen-Sorglosigkeit-und-Cyberangst_MQ.png","articleSection":["OPERATIONAL EXCELLENCE"],"inLanguage":"it-IT"},{"@type":"WebPage","@id":"https:\/\/www.organisator.ch\/operational-excellence\/2022-10-11\/it-sicherheit-in-der-bevoelkerung-zwischen-sorglosigkeit-und-cyberangst\/","url":"https:\/\/www.organisator.ch\/operational-excellence\/2022-10-11\/it-sicherheit-in-der-bevoelkerung-zwischen-sorglosigkeit-und-cyberangst\/","name":"La sicurezza informatica nella popolazione: tra disattenzione e paura informatica - Organizzatore","isPartOf":{"@id":"https:\/\/www.organisator.ch\/#website"},"primaryImageOfPage":{"@id":"https:\/\/www.organisator.ch\/operational-excellence\/2022-10-11\/it-sicherheit-in-der-bevoelkerung-zwischen-sorglosigkeit-und-cyberangst\/#primaryimage"},"image":{"@id":"https:\/\/www.organisator.ch\/operational-excellence\/2022-10-11\/it-sicherheit-in-der-bevoelkerung-zwischen-sorglosigkeit-und-cyberangst\/#primaryimage"},"thumbnailUrl":"https:\/\/www.m-q.ch\/wp-content\/uploads\/2022\/10\/IT-Sicherheit-in-der-Bevoelkerung-Zwischen-Sorglosigkeit-und-Cyberangst_MQ.png","datePublished":"2022-10-11T09:52:20+00:00","dateModified":"2024-11-21T06:14:21+00:00","description":"Sondaggio: la popolazione svizzera \u00e8 in bilico tra paura e negligenza informatica. 67% utilizzano gi\u00e0 l'autenticazione a pi\u00f9 fattori.","breadcrumb":{"@id":"https:\/\/www.organisator.ch\/operational-excellence\/2022-10-11\/it-sicherheit-in-der-bevoelkerung-zwischen-sorglosigkeit-und-cyberangst\/#breadcrumb"},"inLanguage":"it-IT","potentialAction":[{"@type":"ReadAction","target":["https:\/\/www.organisator.ch\/operational-excellence\/2022-10-11\/it-sicherheit-in-der-bevoelkerung-zwischen-sorglosigkeit-und-cyberangst\/"]}]},{"@type":"ImageObject","inLanguage":"it-IT","@id":"https:\/\/www.organisator.ch\/operational-excellence\/2022-10-11\/it-sicherheit-in-der-bevoelkerung-zwischen-sorglosigkeit-und-cyberangst\/#primaryimage","url":"https:\/\/www.m-q.ch\/wp-content\/uploads\/2022\/10\/IT-Sicherheit-in-der-Bevoelkerung-Zwischen-Sorglosigkeit-und-Cyberangst_MQ.png","contentUrl":"https:\/\/www.m-q.ch\/wp-content\/uploads\/2022\/10\/IT-Sicherheit-in-der-Bevoelkerung-Zwischen-Sorglosigkeit-und-Cyberangst_MQ.png"},{"@type":"BreadcrumbList","@id":"https:\/\/www.organisator.ch\/operational-excellence\/2022-10-11\/it-sicherheit-in-der-bevoelkerung-zwischen-sorglosigkeit-und-cyberangst\/#breadcrumb","itemListElement":[{"@type":"ListItem","position":1,"name":"Home","item":"https:\/\/www.organisator.ch\/"},{"@type":"ListItem","position":2,"name":"IT-Sicherheit in der Bev\u00f6lkerung: Zwischen Sorglosigkeit und Cyberangst"}]},{"@type":"WebSite","@id":"https:\/\/www.organisator.ch\/#website","url":"https:\/\/www.organisator.ch\/","name":"Organizzatore","description":"Competente. Pratico. In 10 numeri all'anno, ORGANISATOR presenta i temi essenziali per i manager delle PMI.","publisher":{"@id":"https:\/\/www.organisator.ch\/#organization"},"potentialAction":[{"@type":"SearchAction","target":{"@type":"EntryPoint","urlTemplate":"https:\/\/www.organisator.ch\/?s={search_term_string}"},"query-input":{"@type":"PropertyValueSpecification","valueRequired":true,"valueName":"search_term_string"}}],"inLanguage":"it-IT"},{"@type":"Organization","@id":"https:\/\/www.organisator.ch\/#organization","name":"Organizzatore","url":"https:\/\/www.organisator.ch\/","logo":{"@type":"ImageObject","inLanguage":"it-IT","@id":"https:\/\/www.organisator.ch\/#\/schema\/logo\/image\/","url":"https:\/\/www.organisator.ch\/wp-content\/uploads\/2022\/01\/Logo_Organisator_Website.png","contentUrl":"https:\/\/www.organisator.ch\/wp-content\/uploads\/2022\/01\/Logo_Organisator_Website.png","width":800,"height":77,"caption":"Organisator"},"image":{"@id":"https:\/\/www.organisator.ch\/#\/schema\/logo\/image\/"},"sameAs":["https:\/\/www.facebook.com\/OrganisatorFachmagazin","https:\/\/www.linkedin.com\/showcase\/organisator-das-magazin-fr-kmu","https:\/\/www.xing.com\/news\/pages\/organisator-ch-695","https:\/\/www.youtube.com\/channel\/UCGP2Sq0iWaZwT3BdIAQFYpw"]},{"@type":"Person","@id":"https:\/\/www.organisator.ch\/#\/schema\/person\/4e51799071cd2dd1232ac003643ef5f0","name":"galledia","image":{"@type":"ImageObject","inLanguage":"it-IT","@id":"https:\/\/secure.gravatar.com\/avatar\/78a7f90c01fc2bfc875782a0d4922b37cde2cf184ce347b91316d23cd7f69a36?s=96&d=mm&r=g","url":"https:\/\/secure.gravatar.com\/avatar\/78a7f90c01fc2bfc875782a0d4922b37cde2cf184ce347b91316d23cd7f69a36?s=96&d=mm&r=g","contentUrl":"https:\/\/secure.gravatar.com\/avatar\/78a7f90c01fc2bfc875782a0d4922b37cde2cf184ce347b91316d23cd7f69a36?s=96&d=mm&r=g","caption":"galledia"},"sameAs":["https:\/\/x.com\/admin"],"url":"https:\/\/www.organisator.ch\/it\/author\/galledia\/"}]}},"_links":{"self":[{"href":"https:\/\/www.organisator.ch\/it\/wp-json\/wp\/v2\/posts\/17217","targetHints":{"allow":["GET"]}}],"collection":[{"href":"https:\/\/www.organisator.ch\/it\/wp-json\/wp\/v2\/posts"}],"about":[{"href":"https:\/\/www.organisator.ch\/it\/wp-json\/wp\/v2\/types\/post"}],"author":[{"embeddable":true,"href":"https:\/\/www.organisator.ch\/it\/wp-json\/wp\/v2\/users\/8"}],"replies":[{"embeddable":true,"href":"https:\/\/www.organisator.ch\/it\/wp-json\/wp\/v2\/comments?post=17217"}],"version-history":[{"count":4,"href":"https:\/\/www.organisator.ch\/it\/wp-json\/wp\/v2\/posts\/17217\/revisions"}],"predecessor-version":[{"id":33727,"href":"https:\/\/www.organisator.ch\/it\/wp-json\/wp\/v2\/posts\/17217\/revisions\/33727"}],"wp:attachment":[{"href":"https:\/\/www.organisator.ch\/it\/wp-json\/wp\/v2\/media?parent=17217"}],"wp:term":[{"taxonomy":"category","embeddable":true,"href":"https:\/\/www.organisator.ch\/it\/wp-json\/wp\/v2\/categories?post=17217"},{"taxonomy":"post_tag","embeddable":true,"href":"https:\/\/www.organisator.ch\/it\/wp-json\/wp\/v2\/tags?post=17217"}],"curies":[{"name":"wp","href":"https:\/\/api.w.org\/{rel}","templated":true}]}}