{"id":17220,"date":"2022-10-11T15:53:32","date_gmt":"2022-10-11T13:53:32","guid":{"rendered":"https:\/\/www.organisator.ch\/?p=17220"},"modified":"2022-10-11T15:53:32","modified_gmt":"2022-10-11T13:53:32","slug":"chefs-kennen-skills-ihrer-mitarbeitenden-nicht-gut-genug","status":"publish","type":"post","link":"https:\/\/www.organisator.ch\/it\/human-resources\/2022-10-11\/chefs-kennen-skills-ihrer-mitarbeitenden-nicht-gut-genug\/","title":{"rendered":"I capi non conoscono a sufficienza le competenze dei propri dipendenti"},"content":{"rendered":"<figure id=\"attachment_17221\" aria-describedby=\"caption-attachment-17221\" style=\"width: 680px\" class=\"wp-caption alignnone\"><img loading=\"lazy\" decoding=\"async\" class=\"size-full wp-image-17221\" src=\"https:\/\/www.organisator.ch\/wp-content\/uploads\/2022\/10\/Chefs-kennen-Skills-Ihrer-Mitarbeitenden-nicht-gut-genug_Organisator.png\" alt=\"\" width=\"680\" height=\"453\" srcset=\"https:\/\/www.organisator.ch\/wp-content\/uploads\/2022\/10\/Chefs-kennen-Skills-Ihrer-Mitarbeitenden-nicht-gut-genug_Organisator.png 680w, https:\/\/www.organisator.ch\/wp-content\/uploads\/2022\/10\/Chefs-kennen-Skills-Ihrer-Mitarbeitenden-nicht-gut-genug_Organisator-18x12.png 18w, https:\/\/www.organisator.ch\/wp-content\/uploads\/2022\/10\/Chefs-kennen-Skills-Ihrer-Mitarbeitenden-nicht-gut-genug_Organisator-263x175.png 263w, https:\/\/www.organisator.ch\/wp-content\/uploads\/2022\/10\/Chefs-kennen-Skills-Ihrer-Mitarbeitenden-nicht-gut-genug_Organisator-525x350.png 525w, https:\/\/www.organisator.ch\/wp-content\/uploads\/2022\/10\/Chefs-kennen-Skills-Ihrer-Mitarbeitenden-nicht-gut-genug_Organisator-300x200.png 300w\" sizes=\"auto, (max-width: 680px) 100vw, 680px\" \/><figcaption id=\"caption-attachment-17221\" class=\"wp-caption-text\">Secondo uno studio, i capi non conoscono nemmeno tutte le conoscenze e le competenze pregresse che un dipendente porta con s\u00e9 da un lavoro precedente. (Immagine: Pixabay.com)<\/figcaption><\/figure>\n<p>Le associazioni imprenditoriali hanno sottolineato l'aumento delle strozzature sul mercato del lavoro. Uno studio rivela ora il rovescio della medaglia della carenza di lavoratori qualificati e della guerra dei talenti. Sono stati intervistati 250 responsabili delle risorse umane e dirigenti di un'ampia gamma di aziende industriali in Germania e Austria: \"Mentre le aziende sono ben consapevoli delle competenze che un nuovo dipendente dovrebbe portare con s\u00e9, il proprio dipendente esistente \u00e8 un'entit\u00e0 piuttosto sconosciuta\", analizza Markus Skergeth, editore dello studio \"Industriereport Fachkr\u00e4ftemangel 2022\" e amministratore delegato di Skilltree, un software europeo per le risorse umane. Solo il 6% dei capi conosce tra il 75 e il 100% delle competenze di un dipendente, il 28% tra il 50 e il 75% e un altro 37% solo tra il 25 e il 50%. Il 20% conosce al massimo un quarto delle competenze di un dipendente. \"Questo \u00e8 spaventoso. Mentre i dipartimenti delle risorse umane tracciano profili e spendono decine di migliaia di euro per i cacciatori di teste esterni, i loro stessi dipendenti vengono ovviamente rivalutati solo quando vogliono cambiare azienda e il tappeto rosso viene steso da un concorrente\", afferma Skergeth.<\/p>\n<h3>Parship per le competenze dei dipendenti<\/h3>\n<p>Lo studio dimostra ci\u00f2 che Skergeth e il suo team utilizzano come base per il loro modello di business: Far conoscere i dipendenti e l'azienda. Con una piattaforma software, entrambe le parti si trovano: i dipendenti possono mantenere e integrare le proprie competenze nel database, mentre i manager possono abbinare i talenti e le competenze tecniche ai progetti e ai compiti futuri in modo molto pi\u00f9 mirato. \"In sostanza, abbiamo applicato al mercato del lavoro i meccanismi intelligenti utilizzati da tempo nelle borse dei single. Solo che, invece dei tratti caratteriali, usiamo le qualit\u00e0 professionali per fare il matching\", spiega Markus Skergeth di Skilltree. Infatti, secondo lo studio, i capi non conoscono nemmeno tutte le conoscenze pregresse che un dipendente porta con s\u00e9 da un lavoro precedente: Solo poco meno del 30% ha una conoscenza approssimativa, il 31% ha solo una conoscenza selettiva delle competenze acquisite nei lavori precedenti e per il 16% la storia di un dipendente \u00e8 completamente sconosciuta.<\/p>\n<h3>Pianificazione delle risorse umane con ostacoli<\/h3>\n<p>Un altro fattore di complicazione nelle aziende \u00e8 che diversi dipartimenti e funzioni sono responsabili della creazione e dell'assemblaggio dei team di progetto: Nel 24% dei 250 rappresentanti aziendali intervistati, la responsabilit\u00e0 \u00e8 del dipartimento HR, nel 38% dei team leader e solo nel 22% i team leader e le HR decidono insieme. \"Tali decisioni - la formazione di team potenti basati sulle competenze - devono essere chiaramente regolamentate e strutturate internamente. Ci\u00f2 richiede una base che non deve prendere polvere negli archivi come un curriculum vitae. Con Skilltree colmiamo questa lacuna\", spiega l'imprenditore del software Markus Skergeth. Un piacevole effetto collaterale per le aziende che gi\u00e0 si affidano alla soluzione software di Skilltree: L'esodo di dipendenti insoddisfatti e poco motivati si riduce in modo significativo. \"L'interesse a lasciare un'azienda \u00e8 spesso guidato dalla sensazione soggettiva di una mancanza di apprezzamento. Tuttavia, se i datori di lavoro e i dipendenti coltivano congiuntamente le competenze e le abilit\u00e0 desiderate, utilizzano la formazione interna e affrontano cos\u00ec la carenza di lavoratori qualificati dall'interno, cresce anche la soddisfazione dei singoli dipendenti\", secondo l'analisi del curatore dello studio Skergeth.<\/p>\n<p><em>Fonte e ulteriori informazioni: <a href=\"https:\/\/skilltree.at\">Skilltree<\/a><\/em><\/p>","protected":false},"excerpt":{"rendered":"<p>Wirtschaftsverb\u00e4nde waren mit Nachdruck vor einer Zunahme von Engp\u00e4ssen auf dem Arbeitsmarkt. Eine Studie deckt nun auf, wie die Kehrseite des Fachkr\u00e4ftemangels und des War of Talents aussieht. 250 Personalverantwortliche und F\u00fchrungskr\u00e4fte aus unterschiedlichsten Unternehmen der Industrie in Deutschland und \u00d6sterreich wurden dazu befragt: \u201eW\u00e4hrend den Unternehmen sehr wohl klar ist, welche Skills ein neuer [&hellip;]<\/p>\n","protected":false},"author":4,"featured_media":17221,"comment_status":"closed","ping_status":"closed","sticky":false,"template":"","format":"standard","meta":{"_acf_changed":false,"_yoast_wpseo_focuskw":"Skills","_yoast_wpseo_metadesc":"Kennen Sie als Chef die Skills und Erfahrungen aus fr\u00fcheren Jobs Ihrer Mitarbeitenden? Laut einer Studie tun dies nicht alle F\u00fchrungskr\u00e4fte.","articlekey":"","footnotes":""},"categories":[579],"tags":[194,254,407,459],"class_list":["post-17220","post","type-post","status-publish","format-standard","has-post-thumbnail","hentry","category-human-resources","tag-fachkraeftemangel","tag-hrm","tag-recruiting","tag-studie"],"acf":[],"yoast_head":"<!-- This site is optimized with the Yoast SEO plugin v27.4 - https:\/\/yoast.com\/product\/yoast-seo-wordpress\/ -->\n<title>Chefs kennen Skills Ihrer Mitarbeitenden nicht gut genug - Organisator<\/title>\n<meta name=\"description\" content=\"Kennen Sie als Chef die Skills und Erfahrungen aus fr\u00fcheren Jobs Ihrer Mitarbeitenden? Laut einer Studie tun dies nicht alle F\u00fchrungskr\u00e4fte.\" \/>\n<meta name=\"robots\" content=\"index, follow, max-snippet:-1, max-image-preview:large, max-video-preview:-1\" \/>\n<link rel=\"canonical\" href=\"https:\/\/www.organisator.ch\/it\/risorse-umane\/2022-10-11\/chefs-kennen-skills-ihrer-mitarbeitenden-nicht-gut-genug\/\" \/>\n<meta property=\"og:locale\" content=\"it_IT\" \/>\n<meta property=\"og:type\" content=\"article\" \/>\n<meta property=\"og:title\" content=\"Chefs kennen Skills Ihrer Mitarbeitenden nicht gut genug\" \/>\n<meta property=\"og:description\" content=\"Kennen Sie als Chef die Skills und Erfahrungen aus fr\u00fcheren Jobs Ihrer Mitarbeitenden? Laut einer Studie tun dies nicht alle F\u00fchrungskr\u00e4fte.\" \/>\n<meta property=\"og:url\" content=\"https:\/\/www.organisator.ch\/it\/risorse-umane\/2022-10-11\/chefs-kennen-skills-ihrer-mitarbeitenden-nicht-gut-genug\/\" \/>\n<meta property=\"og:site_name\" content=\"Organisator\" \/>\n<meta property=\"article:publisher\" content=\"https:\/\/www.facebook.com\/OrganisatorFachmagazin\" \/>\n<meta property=\"article:published_time\" content=\"2022-10-11T13:53:32+00:00\" \/>\n<meta property=\"og:image\" content=\"https:\/\/www.organisator.ch\/wp-content\/uploads\/2022\/10\/Chefs-kennen-Skills-Ihrer-Mitarbeitenden-nicht-gut-genug_Organisator.png\" \/>\n\t<meta property=\"og:image:width\" content=\"680\" \/>\n\t<meta property=\"og:image:height\" content=\"453\" \/>\n\t<meta property=\"og:image:type\" content=\"image\/png\" \/>\n<meta name=\"author\" content=\"thomas.berner\" \/>\n<meta name=\"twitter:card\" content=\"summary_large_image\" \/>\n<meta name=\"twitter:title\" content=\"#Chefs kennen #Skills Ihrer #Mitarbeitenden nicht gut genug\" \/>\n<meta name=\"twitter:description\" content=\"Kennen Sie als Chef die #Skills und Erfahrungen aus fr\u00fcheren Jobs Ihrer #Mitarbeitenden? Laut einer Studie tun dies nicht alle #F\u00fchrungskr\u00e4fte.\" \/>\n<meta name=\"twitter:image\" content=\"https:\/\/www.organisator.ch\/wp-content\/uploads\/2022\/10\/Chefs-kennen-Skills-Ihrer-Mitarbeitenden-nicht-gut-genug_Organisator.png\" \/>\n<script type=\"application\/ld+json\" class=\"yoast-schema-graph\">{\"@context\":\"https:\\\/\\\/schema.org\",\"@graph\":[{\"@type\":\"Article\",\"@id\":\"https:\\\/\\\/www.organisator.ch\\\/human-resources\\\/2022-10-11\\\/chefs-kennen-skills-ihrer-mitarbeitenden-nicht-gut-genug\\\/#article\",\"isPartOf\":{\"@id\":\"https:\\\/\\\/www.organisator.ch\\\/human-resources\\\/2022-10-11\\\/chefs-kennen-skills-ihrer-mitarbeitenden-nicht-gut-genug\\\/\"},\"author\":{\"name\":\"thomas.berner\",\"@id\":\"https:\\\/\\\/www.organisator.ch\\\/#\\\/schema\\\/person\\\/6f650f90b2842cd4c0cc334b4e36f67e\"},\"headline\":\"Chefs kennen Skills Ihrer Mitarbeitenden nicht gut genug\",\"datePublished\":\"2022-10-11T13:53:32+00:00\",\"mainEntityOfPage\":{\"@id\":\"https:\\\/\\\/www.organisator.ch\\\/human-resources\\\/2022-10-11\\\/chefs-kennen-skills-ihrer-mitarbeitenden-nicht-gut-genug\\\/\"},\"wordCount\":540,\"publisher\":{\"@id\":\"https:\\\/\\\/www.organisator.ch\\\/#organization\"},\"image\":{\"@id\":\"https:\\\/\\\/www.organisator.ch\\\/human-resources\\\/2022-10-11\\\/chefs-kennen-skills-ihrer-mitarbeitenden-nicht-gut-genug\\\/#primaryimage\"},\"thumbnailUrl\":\"https:\\\/\\\/www.organisator.ch\\\/wp-content\\\/uploads\\\/2022\\\/10\\\/Chefs-kennen-Skills-Ihrer-Mitarbeitenden-nicht-gut-genug_Organisator.png\",\"keywords\":[\"Fachkr\u00e4ftemangel\",\"HRM\",\"Recruiting\",\"Studie\"],\"articleSection\":[\"HUMAN RESOURCES\"],\"inLanguage\":\"it-IT\"},{\"@type\":\"WebPage\",\"@id\":\"https:\\\/\\\/www.organisator.ch\\\/human-resources\\\/2022-10-11\\\/chefs-kennen-skills-ihrer-mitarbeitenden-nicht-gut-genug\\\/\",\"url\":\"https:\\\/\\\/www.organisator.ch\\\/human-resources\\\/2022-10-11\\\/chefs-kennen-skills-ihrer-mitarbeitenden-nicht-gut-genug\\\/\",\"name\":\"Chefs kennen Skills Ihrer Mitarbeitenden nicht gut genug - Organisator\",\"isPartOf\":{\"@id\":\"https:\\\/\\\/www.organisator.ch\\\/#website\"},\"primaryImageOfPage\":{\"@id\":\"https:\\\/\\\/www.organisator.ch\\\/human-resources\\\/2022-10-11\\\/chefs-kennen-skills-ihrer-mitarbeitenden-nicht-gut-genug\\\/#primaryimage\"},\"image\":{\"@id\":\"https:\\\/\\\/www.organisator.ch\\\/human-resources\\\/2022-10-11\\\/chefs-kennen-skills-ihrer-mitarbeitenden-nicht-gut-genug\\\/#primaryimage\"},\"thumbnailUrl\":\"https:\\\/\\\/www.organisator.ch\\\/wp-content\\\/uploads\\\/2022\\\/10\\\/Chefs-kennen-Skills-Ihrer-Mitarbeitenden-nicht-gut-genug_Organisator.png\",\"datePublished\":\"2022-10-11T13:53:32+00:00\",\"description\":\"Kennen Sie als Chef die Skills und Erfahrungen aus fr\u00fcheren Jobs Ihrer Mitarbeitenden? Laut einer Studie tun dies nicht alle F\u00fchrungskr\u00e4fte.\",\"breadcrumb\":{\"@id\":\"https:\\\/\\\/www.organisator.ch\\\/human-resources\\\/2022-10-11\\\/chefs-kennen-skills-ihrer-mitarbeitenden-nicht-gut-genug\\\/#breadcrumb\"},\"inLanguage\":\"it-IT\",\"potentialAction\":[{\"@type\":\"ReadAction\",\"target\":[\"https:\\\/\\\/www.organisator.ch\\\/human-resources\\\/2022-10-11\\\/chefs-kennen-skills-ihrer-mitarbeitenden-nicht-gut-genug\\\/\"]}]},{\"@type\":\"ImageObject\",\"inLanguage\":\"it-IT\",\"@id\":\"https:\\\/\\\/www.organisator.ch\\\/human-resources\\\/2022-10-11\\\/chefs-kennen-skills-ihrer-mitarbeitenden-nicht-gut-genug\\\/#primaryimage\",\"url\":\"https:\\\/\\\/www.organisator.ch\\\/wp-content\\\/uploads\\\/2022\\\/10\\\/Chefs-kennen-Skills-Ihrer-Mitarbeitenden-nicht-gut-genug_Organisator.png\",\"contentUrl\":\"https:\\\/\\\/www.organisator.ch\\\/wp-content\\\/uploads\\\/2022\\\/10\\\/Chefs-kennen-Skills-Ihrer-Mitarbeitenden-nicht-gut-genug_Organisator.png\",\"width\":680,\"height\":453,\"caption\":\"Gem\u00e4ss einer Studie kennen Chefs nicht einmal alle Vorkenntnisse, die ein Mitarbeitender aus einem vorigen Job mitbringt. (Bild: Pixabay.com)\"},{\"@type\":\"BreadcrumbList\",\"@id\":\"https:\\\/\\\/www.organisator.ch\\\/human-resources\\\/2022-10-11\\\/chefs-kennen-skills-ihrer-mitarbeitenden-nicht-gut-genug\\\/#breadcrumb\",\"itemListElement\":[{\"@type\":\"ListItem\",\"position\":1,\"name\":\"Home\",\"item\":\"https:\\\/\\\/www.organisator.ch\\\/\"},{\"@type\":\"ListItem\",\"position\":2,\"name\":\"Chefs kennen Skills Ihrer Mitarbeitenden nicht gut genug\"}]},{\"@type\":\"WebSite\",\"@id\":\"https:\\\/\\\/www.organisator.ch\\\/#website\",\"url\":\"https:\\\/\\\/www.organisator.ch\\\/\",\"name\":\"Organisator\",\"description\":\"Kompetent. Praxisnah. Der ORGANISATOR bereitet in 10 Ausgaben pro Jahr die wesentlichen Themen f\u00fcr F\u00fchrungskr\u00e4fte von KMU auf.\",\"publisher\":{\"@id\":\"https:\\\/\\\/www.organisator.ch\\\/#organization\"},\"potentialAction\":[{\"@type\":\"SearchAction\",\"target\":{\"@type\":\"EntryPoint\",\"urlTemplate\":\"https:\\\/\\\/www.organisator.ch\\\/?s={search_term_string}\"},\"query-input\":{\"@type\":\"PropertyValueSpecification\",\"valueRequired\":true,\"valueName\":\"search_term_string\"}}],\"inLanguage\":\"it-IT\"},{\"@type\":\"Organization\",\"@id\":\"https:\\\/\\\/www.organisator.ch\\\/#organization\",\"name\":\"Organisator\",\"url\":\"https:\\\/\\\/www.organisator.ch\\\/\",\"logo\":{\"@type\":\"ImageObject\",\"inLanguage\":\"it-IT\",\"@id\":\"https:\\\/\\\/www.organisator.ch\\\/#\\\/schema\\\/logo\\\/image\\\/\",\"url\":\"https:\\\/\\\/www.organisator.ch\\\/wp-content\\\/uploads\\\/2022\\\/01\\\/Logo_Organisator_Website.png\",\"contentUrl\":\"https:\\\/\\\/www.organisator.ch\\\/wp-content\\\/uploads\\\/2022\\\/01\\\/Logo_Organisator_Website.png\",\"width\":800,\"height\":77,\"caption\":\"Organisator\"},\"image\":{\"@id\":\"https:\\\/\\\/www.organisator.ch\\\/#\\\/schema\\\/logo\\\/image\\\/\"},\"sameAs\":[\"https:\\\/\\\/www.facebook.com\\\/OrganisatorFachmagazin\",\"https:\\\/\\\/www.linkedin.com\\\/showcase\\\/organisator-das-magazin-fr-kmu\",\"https:\\\/\\\/www.xing.com\\\/news\\\/pages\\\/organisator-ch-695\",\"https:\\\/\\\/www.youtube.com\\\/channel\\\/UCGP2Sq0iWaZwT3BdIAQFYpw\"]},{\"@type\":\"Person\",\"@id\":\"https:\\\/\\\/www.organisator.ch\\\/#\\\/schema\\\/person\\\/6f650f90b2842cd4c0cc334b4e36f67e\",\"name\":\"thomas.berner\",\"image\":{\"@type\":\"ImageObject\",\"inLanguage\":\"it-IT\",\"@id\":\"https:\\\/\\\/secure.gravatar.com\\\/avatar\\\/ac5001d2a36cb6c6cd3e50789007ffca834b477b74a2144564522e944eabff61?s=96&d=mm&r=g\",\"url\":\"https:\\\/\\\/secure.gravatar.com\\\/avatar\\\/ac5001d2a36cb6c6cd3e50789007ffca834b477b74a2144564522e944eabff61?s=96&d=mm&r=g\",\"contentUrl\":\"https:\\\/\\\/secure.gravatar.com\\\/avatar\\\/ac5001d2a36cb6c6cd3e50789007ffca834b477b74a2144564522e944eabff61?s=96&d=mm&r=g\",\"caption\":\"thomas.berner\"},\"url\":\"https:\\\/\\\/www.organisator.ch\\\/it\\\/author\\\/thomas-berner\\\/\"}]}<\/script>\n<!-- \/ Yoast SEO plugin. -->","yoast_head_json":{"title":"I capi non conoscono abbastanza le competenze dei loro dipendenti - Organizzatore","description":"In qualit\u00e0 di capo, conoscete le competenze e l'esperienza dei vostri dipendenti in base ai lavori precedenti? Secondo uno studio, non tutti i manager lo fanno.","robots":{"index":"index","follow":"follow","max-snippet":"max-snippet:-1","max-image-preview":"max-image-preview:large","max-video-preview":"max-video-preview:-1"},"canonical":"https:\/\/www.organisator.ch\/it\/risorse-umane\/2022-10-11\/chefs-kennen-skills-ihrer-mitarbeitenden-nicht-gut-genug\/","og_locale":"it_IT","og_type":"article","og_title":"Chefs kennen Skills Ihrer Mitarbeitenden nicht gut genug","og_description":"Kennen Sie als Chef die Skills und Erfahrungen aus fr\u00fcheren Jobs Ihrer Mitarbeitenden? Laut einer Studie tun dies nicht alle F\u00fchrungskr\u00e4fte.","og_url":"https:\/\/www.organisator.ch\/it\/risorse-umane\/2022-10-11\/chefs-kennen-skills-ihrer-mitarbeitenden-nicht-gut-genug\/","og_site_name":"Organisator","article_publisher":"https:\/\/www.facebook.com\/OrganisatorFachmagazin","article_published_time":"2022-10-11T13:53:32+00:00","og_image":[{"width":680,"height":453,"url":"https:\/\/www.organisator.ch\/wp-content\/uploads\/2022\/10\/Chefs-kennen-Skills-Ihrer-Mitarbeitenden-nicht-gut-genug_Organisator.png","type":"image\/png"}],"author":"thomas.berner","twitter_card":"summary_large_image","twitter_title":"#Chefs kennen #Skills Ihrer #Mitarbeitenden nicht gut genug","twitter_description":"Kennen Sie als Chef die #Skills und Erfahrungen aus fr\u00fcheren Jobs Ihrer #Mitarbeitenden? Laut einer Studie tun dies nicht alle #F\u00fchrungskr\u00e4fte.","twitter_image":"https:\/\/www.organisator.ch\/wp-content\/uploads\/2022\/10\/Chefs-kennen-Skills-Ihrer-Mitarbeitenden-nicht-gut-genug_Organisator.png","schema":{"@context":"https:\/\/schema.org","@graph":[{"@type":"Article","@id":"https:\/\/www.organisator.ch\/human-resources\/2022-10-11\/chefs-kennen-skills-ihrer-mitarbeitenden-nicht-gut-genug\/#article","isPartOf":{"@id":"https:\/\/www.organisator.ch\/human-resources\/2022-10-11\/chefs-kennen-skills-ihrer-mitarbeitenden-nicht-gut-genug\/"},"author":{"name":"thomas.berner","@id":"https:\/\/www.organisator.ch\/#\/schema\/person\/6f650f90b2842cd4c0cc334b4e36f67e"},"headline":"Chefs kennen Skills Ihrer Mitarbeitenden nicht gut genug","datePublished":"2022-10-11T13:53:32+00:00","mainEntityOfPage":{"@id":"https:\/\/www.organisator.ch\/human-resources\/2022-10-11\/chefs-kennen-skills-ihrer-mitarbeitenden-nicht-gut-genug\/"},"wordCount":540,"publisher":{"@id":"https:\/\/www.organisator.ch\/#organization"},"image":{"@id":"https:\/\/www.organisator.ch\/human-resources\/2022-10-11\/chefs-kennen-skills-ihrer-mitarbeitenden-nicht-gut-genug\/#primaryimage"},"thumbnailUrl":"https:\/\/www.organisator.ch\/wp-content\/uploads\/2022\/10\/Chefs-kennen-Skills-Ihrer-Mitarbeitenden-nicht-gut-genug_Organisator.png","keywords":["Fachkr\u00e4ftemangel","HRM","Recruiting","Studie"],"articleSection":["HUMAN RESOURCES"],"inLanguage":"it-IT"},{"@type":"WebPage","@id":"https:\/\/www.organisator.ch\/human-resources\/2022-10-11\/chefs-kennen-skills-ihrer-mitarbeitenden-nicht-gut-genug\/","url":"https:\/\/www.organisator.ch\/human-resources\/2022-10-11\/chefs-kennen-skills-ihrer-mitarbeitenden-nicht-gut-genug\/","name":"I capi non conoscono abbastanza le competenze dei loro dipendenti - Organizzatore","isPartOf":{"@id":"https:\/\/www.organisator.ch\/#website"},"primaryImageOfPage":{"@id":"https:\/\/www.organisator.ch\/human-resources\/2022-10-11\/chefs-kennen-skills-ihrer-mitarbeitenden-nicht-gut-genug\/#primaryimage"},"image":{"@id":"https:\/\/www.organisator.ch\/human-resources\/2022-10-11\/chefs-kennen-skills-ihrer-mitarbeitenden-nicht-gut-genug\/#primaryimage"},"thumbnailUrl":"https:\/\/www.organisator.ch\/wp-content\/uploads\/2022\/10\/Chefs-kennen-Skills-Ihrer-Mitarbeitenden-nicht-gut-genug_Organisator.png","datePublished":"2022-10-11T13:53:32+00:00","description":"In qualit\u00e0 di capo, conoscete le competenze e l'esperienza dei vostri dipendenti in base ai lavori precedenti? Secondo uno studio, non tutti i manager lo fanno.","breadcrumb":{"@id":"https:\/\/www.organisator.ch\/human-resources\/2022-10-11\/chefs-kennen-skills-ihrer-mitarbeitenden-nicht-gut-genug\/#breadcrumb"},"inLanguage":"it-IT","potentialAction":[{"@type":"ReadAction","target":["https:\/\/www.organisator.ch\/human-resources\/2022-10-11\/chefs-kennen-skills-ihrer-mitarbeitenden-nicht-gut-genug\/"]}]},{"@type":"ImageObject","inLanguage":"it-IT","@id":"https:\/\/www.organisator.ch\/human-resources\/2022-10-11\/chefs-kennen-skills-ihrer-mitarbeitenden-nicht-gut-genug\/#primaryimage","url":"https:\/\/www.organisator.ch\/wp-content\/uploads\/2022\/10\/Chefs-kennen-Skills-Ihrer-Mitarbeitenden-nicht-gut-genug_Organisator.png","contentUrl":"https:\/\/www.organisator.ch\/wp-content\/uploads\/2022\/10\/Chefs-kennen-Skills-Ihrer-Mitarbeitenden-nicht-gut-genug_Organisator.png","width":680,"height":453,"caption":"Gem\u00e4ss einer Studie kennen Chefs nicht einmal alle Vorkenntnisse, die ein Mitarbeitender aus einem vorigen Job mitbringt. (Bild: Pixabay.com)"},{"@type":"BreadcrumbList","@id":"https:\/\/www.organisator.ch\/human-resources\/2022-10-11\/chefs-kennen-skills-ihrer-mitarbeitenden-nicht-gut-genug\/#breadcrumb","itemListElement":[{"@type":"ListItem","position":1,"name":"Home","item":"https:\/\/www.organisator.ch\/"},{"@type":"ListItem","position":2,"name":"Chefs kennen Skills Ihrer Mitarbeitenden nicht gut genug"}]},{"@type":"WebSite","@id":"https:\/\/www.organisator.ch\/#website","url":"https:\/\/www.organisator.ch\/","name":"Organizzatore","description":"Competente. Pratico. In 10 numeri all'anno, ORGANISATOR presenta i temi essenziali per i manager delle PMI.","publisher":{"@id":"https:\/\/www.organisator.ch\/#organization"},"potentialAction":[{"@type":"SearchAction","target":{"@type":"EntryPoint","urlTemplate":"https:\/\/www.organisator.ch\/?s={search_term_string}"},"query-input":{"@type":"PropertyValueSpecification","valueRequired":true,"valueName":"search_term_string"}}],"inLanguage":"it-IT"},{"@type":"Organization","@id":"https:\/\/www.organisator.ch\/#organization","name":"Organizzatore","url":"https:\/\/www.organisator.ch\/","logo":{"@type":"ImageObject","inLanguage":"it-IT","@id":"https:\/\/www.organisator.ch\/#\/schema\/logo\/image\/","url":"https:\/\/www.organisator.ch\/wp-content\/uploads\/2022\/01\/Logo_Organisator_Website.png","contentUrl":"https:\/\/www.organisator.ch\/wp-content\/uploads\/2022\/01\/Logo_Organisator_Website.png","width":800,"height":77,"caption":"Organisator"},"image":{"@id":"https:\/\/www.organisator.ch\/#\/schema\/logo\/image\/"},"sameAs":["https:\/\/www.facebook.com\/OrganisatorFachmagazin","https:\/\/www.linkedin.com\/showcase\/organisator-das-magazin-fr-kmu","https:\/\/www.xing.com\/news\/pages\/organisator-ch-695","https:\/\/www.youtube.com\/channel\/UCGP2Sq0iWaZwT3BdIAQFYpw"]},{"@type":"Person","@id":"https:\/\/www.organisator.ch\/#\/schema\/person\/6f650f90b2842cd4c0cc334b4e36f67e","name":"Tommaso.berner","image":{"@type":"ImageObject","inLanguage":"it-IT","@id":"https:\/\/secure.gravatar.com\/avatar\/ac5001d2a36cb6c6cd3e50789007ffca834b477b74a2144564522e944eabff61?s=96&d=mm&r=g","url":"https:\/\/secure.gravatar.com\/avatar\/ac5001d2a36cb6c6cd3e50789007ffca834b477b74a2144564522e944eabff61?s=96&d=mm&r=g","contentUrl":"https:\/\/secure.gravatar.com\/avatar\/ac5001d2a36cb6c6cd3e50789007ffca834b477b74a2144564522e944eabff61?s=96&d=mm&r=g","caption":"thomas.berner"},"url":"https:\/\/www.organisator.ch\/it\/author\/thomas-berner\/"}]}},"_links":{"self":[{"href":"https:\/\/www.organisator.ch\/it\/wp-json\/wp\/v2\/posts\/17220","targetHints":{"allow":["GET"]}}],"collection":[{"href":"https:\/\/www.organisator.ch\/it\/wp-json\/wp\/v2\/posts"}],"about":[{"href":"https:\/\/www.organisator.ch\/it\/wp-json\/wp\/v2\/types\/post"}],"author":[{"embeddable":true,"href":"https:\/\/www.organisator.ch\/it\/wp-json\/wp\/v2\/users\/4"}],"replies":[{"embeddable":true,"href":"https:\/\/www.organisator.ch\/it\/wp-json\/wp\/v2\/comments?post=17220"}],"version-history":[{"count":1,"href":"https:\/\/www.organisator.ch\/it\/wp-json\/wp\/v2\/posts\/17220\/revisions"}],"predecessor-version":[{"id":17222,"href":"https:\/\/www.organisator.ch\/it\/wp-json\/wp\/v2\/posts\/17220\/revisions\/17222"}],"wp:featuredmedia":[{"embeddable":true,"href":"https:\/\/www.organisator.ch\/it\/wp-json\/wp\/v2\/media\/17221"}],"wp:attachment":[{"href":"https:\/\/www.organisator.ch\/it\/wp-json\/wp\/v2\/media?parent=17220"}],"wp:term":[{"taxonomy":"category","embeddable":true,"href":"https:\/\/www.organisator.ch\/it\/wp-json\/wp\/v2\/categories?post=17220"},{"taxonomy":"post_tag","embeddable":true,"href":"https:\/\/www.organisator.ch\/it\/wp-json\/wp\/v2\/tags?post=17220"}],"curies":[{"name":"wp","href":"https:\/\/api.w.org\/{rel}","templated":true}]}}