{"id":1723,"date":"2017-04-03T11:19:23","date_gmt":"2017-04-03T09:19:23","guid":{"rendered":"https:\/\/www.organisator.ch\/?p=1723"},"modified":"2017-04-03T11:19:23","modified_gmt":"2017-04-03T09:19:23","slug":"situation-fuer-schweizer-start-ups","status":"publish","type":"post","link":"https:\/\/www.organisator.ch\/it\/allgemein\/2017-04-03\/situation-fuer-schweizer-start-ups\/","title":{"rendered":"Situazione per le start-up svizzere"},"content":{"rendered":"<p>&nbsp;<\/p>\n<figure id=\"attachment_1724\" aria-describedby=\"caption-attachment-1724\" style=\"width: 680px\" class=\"wp-caption alignnone\"><img loading=\"lazy\" decoding=\"async\" class=\"wp-image-1724 size-medium\" src=\"https:\/\/www.organisator.ch\/wp-content\/uploads\/2017\/04\/Depositphotos_denismagil.jpg\" alt=\"\" width=\"680\" height=\"530\" srcset=\"https:\/\/www.organisator.ch\/wp-content\/uploads\/2017\/04\/Depositphotos_denismagil.jpg 2000w, https:\/\/www.organisator.ch\/wp-content\/uploads\/2017\/04\/Depositphotos_denismagil-680x530.jpg 680w, https:\/\/www.organisator.ch\/wp-content\/uploads\/2017\/04\/Depositphotos_denismagil-1024x799.jpg 1024w, https:\/\/www.organisator.ch\/wp-content\/uploads\/2017\/04\/Depositphotos_denismagil-768x599.jpg 768w, https:\/\/www.organisator.ch\/wp-content\/uploads\/2017\/04\/Depositphotos_denismagil-1536x1198.jpg 1536w, https:\/\/www.organisator.ch\/wp-content\/uploads\/2017\/04\/Depositphotos_denismagil-16x12.jpg 16w, https:\/\/www.organisator.ch\/wp-content\/uploads\/2017\/04\/Depositphotos_denismagil-224x175.jpg 224w, https:\/\/www.organisator.ch\/wp-content\/uploads\/2017\/04\/Depositphotos_denismagil-449x350.jpg 449w, https:\/\/www.organisator.ch\/wp-content\/uploads\/2017\/04\/Depositphotos_denismagil-1026x800.jpg 1026w, https:\/\/www.organisator.ch\/wp-content\/uploads\/2017\/04\/Depositphotos_denismagil-920x718.jpg 920w, https:\/\/www.organisator.ch\/wp-content\/uploads\/2017\/04\/Depositphotos_denismagil-1400x1092.jpg 1400w, https:\/\/www.organisator.ch\/wp-content\/uploads\/2017\/04\/Depositphotos_denismagil-1795x1400.jpg 1795w, https:\/\/www.organisator.ch\/wp-content\/uploads\/2017\/04\/Depositphotos_denismagil-300x234.jpg 300w\" sizes=\"auto, (max-width: 680px) 100vw, 680px\" \/><figcaption id=\"caption-attachment-1724\" class=\"wp-caption-text\">Le condizioni generali in Svizzera sono buone. La sfida \u00e8 quella di adattare le aziende alle dinamiche economiche e allo sviluppo tecnologico. (Immagine: Depositphotos_enismagil)<\/figcaption><\/figure>\n<p>Il primo rapporto sulla situazione delle start-up svizzere conta 120 pagine e statistiche. Mostra basi di dati su aziende ad alta crescita. Questi dati dipingono anche un quadro positivo dell'ecosistema svizzero delle start-up nel confronto internazionale. La Svizzera \u00e8 uno dei paesi con le migliori condizioni quadro per le attivit\u00e0 imprenditoriali.<\/p>\n<p>Tuttavia, iniziare una nuova attivit\u00e0 \u00e8 meno percepito come una buona opportunit\u00e0 di carriera in Svizzera che in altre economie basate sull'innovazione. Il tasso di start-up svizzero leggermente pi\u00f9 basso nel confronto internazionale deriva dal fatto che ci sono poche start-up per necessit\u00e0 - questo \u00e8 in parte dovuto all'alta partecipazione alla forza lavoro, alla disoccupazione relativamente bassa e alle buone opportunit\u00e0 di guadagno in molti gruppi professionali.<\/p>\n<p><strong>Sfide di capitale <\/strong><\/p>\n<p>Il Consiglio federale afferma nel suo rapporto che il finanziamento delle start-up rimane una sfida. Nel complesso, il mercato del capitale di rischio funziona, \u00e8 attivo ed \u00e8 fortemente connesso a livello internazionale. In termini di investimenti in capitale di rischio in percentuale del prodotto interno lordo (PIL), la Svizzera \u00e8 al secondo posto in Europa dietro la Finlandia nel 2015 con lo 0,044%, ma \u00e8 ben dietro a paesi leader come Israele (0,383%) o gli Stati Uniti (0,284%).<\/p>\n<p>Oltre alla vasta gamma di offerte di finanziamento private e cantonali, ci sono anche offerte per le aziende a livello federale che facilitano l'assunzione di prestiti o crediti, come il sistema di garanzia orientato al commercio, l'Associazione svizzera per il credito alberghiero (SGH) e il Fondo tecnologico.<\/p>\n<p><strong>Programmi di formazione ottimizzati <\/strong><\/p>\n<p>La Commissione per la tecnologia e l'innovazione CTI promuove gli imprenditori di domani con un programma di formazione e accompagna i giovani fondatori di imprese con un coaching professionale. Il Consiglio federale non vede quindi la necessit\u00e0 di lanciare un programma di finanziamento pubblico per sostenere le start-up in questo momento.<\/p>\n<p><strong>Digital \"One-Stop-Shop<\/strong><\/p>\n<p>Entro la fine del 2017, StartBiz sar\u00e0 sostituito dal \"One-Stop-Shop\", che a lungo termine dovr\u00e0 includere diverse procedure ufficiali senza discontinuit\u00e0 mediatica a livello federale, cantonale e comunale. Dopo il completamento del progetto alla fine della legislatura, il \"One-Stop-Shop\" sar\u00e0 continuamente ampliato. Tale \"sportello unico\" dovrebbe essere disponibile per le imprese 24 ore al giorno, 365 giorni all'anno ed essere dotato di un'identit\u00e0 elettronica o di autorizzazioni di accesso corrispondenti.<\/p>\n<p>Il punto centrale di questo approccio \u00e8 che si basa sui servizi offerti elettronicamente dalle singole autorit\u00e0 e li collega attraverso uno sportello unico virtuale.<\/p>\n<p>Il Consiglio federale esaminer\u00e0 anche in futuro ulteriori miglioramenti, affinch\u00e9 la Svizzera possa mantenere la sua attrattiva per le imprese in rapida crescita e le start-up.<\/p>\n<p><em>Altri dati dell'Ufficio federale di statistica (UST) sulle imprese a forte crescita, cio\u00e8 le start-up, si trovano sotto questo <a href=\"https:\/\/www.bfs.admin.ch\/bfs\/de\/home\/aktuell\/neue-veroeffentlichungen.assetdetail.2084656.html\">Link<\/a><\/em><\/p>\n<p>&nbsp;<\/p>","protected":false},"excerpt":{"rendered":"<p>&nbsp; Der erste Bericht \u00fcber die Situation f\u00fcr Schweizer Start-ups z\u00e4hlt 120 Seiten und Statistiken. Er zeigt Datengrundlagen zu wachstumsstarken Unternehmen. Diese Daten zeichnen auch im internationalen Vergleich ein positives Bild des Schweizer Start-up-\u00d6kosystems. Die Schweiz z\u00e4hlt zu den L\u00e4ndern mit den besten Rahmenbedingungen f\u00fcr unternehmerische Aktivit\u00e4ten. Allerdings wird die Gr\u00fcndung eines neuen Unternehmens in [&hellip;]<\/p>\n","protected":false},"author":5,"featured_media":1724,"comment_status":"open","ping_status":"open","sticky":false,"template":"","format":"standard","meta":{"_acf_changed":false,"_yoast_wpseo_focuskw":"Situation f\u00fcr Schweizer Start-ups","_yoast_wpseo_metadesc":"","articlekey":"","footnotes":""},"categories":[1],"tags":[100,424,450],"class_list":["post-1723","post","type-post","status-publish","format-standard","has-post-thumbnail","hentry","category-allgemein","tag-bundesrat","tag-schweiz","tag-start-ups"],"acf":[],"yoast_head":"<!-- This site is optimized with the Yoast SEO plugin v27.4 - https:\/\/yoast.com\/product\/yoast-seo-wordpress\/ -->\n<title>Situation f\u00fcr Schweizer Start-ups - Organisator<\/title>\n<meta name=\"robots\" content=\"index, follow, max-snippet:-1, max-image-preview:large, max-video-preview:-1\" \/>\n<link rel=\"canonical\" href=\"https:\/\/www.organisator.ch\/it\/generale\/2017-04-03\/situation-fuer-schweizer-start-ups\/\" \/>\n<meta property=\"og:locale\" content=\"it_IT\" \/>\n<meta property=\"og:type\" content=\"article\" \/>\n<meta property=\"og:title\" content=\"Situation f\u00fcr Schweizer Start-ups - Organisator\" \/>\n<meta property=\"og:description\" content=\"&nbsp; Der erste Bericht \u00fcber die Situation f\u00fcr Schweizer Start-ups z\u00e4hlt 120 Seiten und Statistiken. Er zeigt Datengrundlagen zu wachstumsstarken Unternehmen. Diese Daten zeichnen auch im internationalen Vergleich ein positives Bild des Schweizer Start-up-\u00d6kosystems. Die Schweiz z\u00e4hlt zu den L\u00e4ndern mit den besten Rahmenbedingungen f\u00fcr unternehmerische Aktivit\u00e4ten. Allerdings wird die Gr\u00fcndung eines neuen Unternehmens in [&hellip;]\" \/>\n<meta property=\"og:url\" content=\"https:\/\/www.organisator.ch\/it\/generale\/2017-04-03\/situation-fuer-schweizer-start-ups\/\" \/>\n<meta property=\"og:site_name\" content=\"Organisator\" \/>\n<meta property=\"article:publisher\" content=\"https:\/\/www.facebook.com\/OrganisatorFachmagazin\" \/>\n<meta property=\"article:published_time\" content=\"2017-04-03T09:19:23+00:00\" \/>\n<meta property=\"og:image\" content=\"https:\/\/www.organisator.ch\/wp-content\/uploads\/2017\/04\/Depositphotos_denismagil-1024x799.jpg\" \/>\n\t<meta property=\"og:image:width\" content=\"1024\" \/>\n\t<meta property=\"og:image:height\" content=\"799\" \/>\n\t<meta property=\"og:image:type\" content=\"image\/jpeg\" \/>\n<meta name=\"author\" content=\"michael.merz\" \/>\n<meta name=\"twitter:card\" content=\"summary_large_image\" \/>\n<script type=\"application\/ld+json\" class=\"yoast-schema-graph\">{\"@context\":\"https:\\\/\\\/schema.org\",\"@graph\":[{\"@type\":\"Article\",\"@id\":\"https:\\\/\\\/www.organisator.ch\\\/de\\\/allgemein\\\/2017-04-03\\\/situation-fuer-schweizer-start-ups\\\/#article\",\"isPartOf\":{\"@id\":\"https:\\\/\\\/www.organisator.ch\\\/de\\\/allgemein\\\/2017-04-03\\\/situation-fuer-schweizer-start-ups\\\/\"},\"author\":{\"name\":\"michael.merz\",\"@id\":\"https:\\\/\\\/www.organisator.ch\\\/#\\\/schema\\\/person\\\/134708ca9321c57b0362cceb7948ffbd\"},\"headline\":\"Situation f\u00fcr Schweizer Start-ups\",\"datePublished\":\"2017-04-03T09:19:23+00:00\",\"mainEntityOfPage\":{\"@id\":\"https:\\\/\\\/www.organisator.ch\\\/de\\\/allgemein\\\/2017-04-03\\\/situation-fuer-schweizer-start-ups\\\/\"},\"wordCount\":437,\"commentCount\":0,\"publisher\":{\"@id\":\"https:\\\/\\\/www.organisator.ch\\\/#organization\"},\"image\":{\"@id\":\"https:\\\/\\\/www.organisator.ch\\\/de\\\/allgemein\\\/2017-04-03\\\/situation-fuer-schweizer-start-ups\\\/#primaryimage\"},\"thumbnailUrl\":\"https:\\\/\\\/www.organisator.ch\\\/wp-content\\\/uploads\\\/2017\\\/04\\\/Depositphotos_denismagil.jpg\",\"keywords\":[\"Bundesrat\",\"Schweiz\",\"Start-ups\"],\"articleSection\":[\"Allgemein\"],\"inLanguage\":\"it-IT\"},{\"@type\":\"WebPage\",\"@id\":\"https:\\\/\\\/www.organisator.ch\\\/de\\\/allgemein\\\/2017-04-03\\\/situation-fuer-schweizer-start-ups\\\/\",\"url\":\"https:\\\/\\\/www.organisator.ch\\\/de\\\/allgemein\\\/2017-04-03\\\/situation-fuer-schweizer-start-ups\\\/\",\"name\":\"Situation f\u00fcr Schweizer Start-ups - Organisator\",\"isPartOf\":{\"@id\":\"https:\\\/\\\/www.organisator.ch\\\/#website\"},\"primaryImageOfPage\":{\"@id\":\"https:\\\/\\\/www.organisator.ch\\\/de\\\/allgemein\\\/2017-04-03\\\/situation-fuer-schweizer-start-ups\\\/#primaryimage\"},\"image\":{\"@id\":\"https:\\\/\\\/www.organisator.ch\\\/de\\\/allgemein\\\/2017-04-03\\\/situation-fuer-schweizer-start-ups\\\/#primaryimage\"},\"thumbnailUrl\":\"https:\\\/\\\/www.organisator.ch\\\/wp-content\\\/uploads\\\/2017\\\/04\\\/Depositphotos_denismagil.jpg\",\"datePublished\":\"2017-04-03T09:19:23+00:00\",\"breadcrumb\":{\"@id\":\"https:\\\/\\\/www.organisator.ch\\\/de\\\/allgemein\\\/2017-04-03\\\/situation-fuer-schweizer-start-ups\\\/#breadcrumb\"},\"inLanguage\":\"it-IT\",\"potentialAction\":[{\"@type\":\"ReadAction\",\"target\":[\"https:\\\/\\\/www.organisator.ch\\\/de\\\/allgemein\\\/2017-04-03\\\/situation-fuer-schweizer-start-ups\\\/\"]}]},{\"@type\":\"ImageObject\",\"inLanguage\":\"it-IT\",\"@id\":\"https:\\\/\\\/www.organisator.ch\\\/de\\\/allgemein\\\/2017-04-03\\\/situation-fuer-schweizer-start-ups\\\/#primaryimage\",\"url\":\"https:\\\/\\\/www.organisator.ch\\\/wp-content\\\/uploads\\\/2017\\\/04\\\/Depositphotos_denismagil.jpg\",\"contentUrl\":\"https:\\\/\\\/www.organisator.ch\\\/wp-content\\\/uploads\\\/2017\\\/04\\\/Depositphotos_denismagil.jpg\",\"width\":2000,\"height\":1560,\"caption\":\"Die Rahmenbedingungen in der Schweiz sind gut. Die Herausforderung liegt darin, Unternehmen an der Wirtschaftsdynamik und der technologischen Entwicklung anzupassen. (Bild: Depositphotos_enismagil)\"},{\"@type\":\"BreadcrumbList\",\"@id\":\"https:\\\/\\\/www.organisator.ch\\\/de\\\/allgemein\\\/2017-04-03\\\/situation-fuer-schweizer-start-ups\\\/#breadcrumb\",\"itemListElement\":[{\"@type\":\"ListItem\",\"position\":1,\"name\":\"Home\",\"item\":\"https:\\\/\\\/www.organisator.ch\\\/\"},{\"@type\":\"ListItem\",\"position\":2,\"name\":\"Situation f\u00fcr Schweizer Start-ups\"}]},{\"@type\":\"WebSite\",\"@id\":\"https:\\\/\\\/www.organisator.ch\\\/#website\",\"url\":\"https:\\\/\\\/www.organisator.ch\\\/\",\"name\":\"Organisator\",\"description\":\"Kompetent. Praxisnah. Der ORGANISATOR bereitet in 10 Ausgaben pro Jahr die wesentlichen Themen f\u00fcr F\u00fchrungskr\u00e4fte von KMU auf.\",\"publisher\":{\"@id\":\"https:\\\/\\\/www.organisator.ch\\\/#organization\"},\"potentialAction\":[{\"@type\":\"SearchAction\",\"target\":{\"@type\":\"EntryPoint\",\"urlTemplate\":\"https:\\\/\\\/www.organisator.ch\\\/?s={search_term_string}\"},\"query-input\":{\"@type\":\"PropertyValueSpecification\",\"valueRequired\":true,\"valueName\":\"search_term_string\"}}],\"inLanguage\":\"it-IT\"},{\"@type\":\"Organization\",\"@id\":\"https:\\\/\\\/www.organisator.ch\\\/#organization\",\"name\":\"Organisator\",\"url\":\"https:\\\/\\\/www.organisator.ch\\\/\",\"logo\":{\"@type\":\"ImageObject\",\"inLanguage\":\"it-IT\",\"@id\":\"https:\\\/\\\/www.organisator.ch\\\/#\\\/schema\\\/logo\\\/image\\\/\",\"url\":\"https:\\\/\\\/www.organisator.ch\\\/wp-content\\\/uploads\\\/2022\\\/01\\\/Logo_Organisator_Website.png\",\"contentUrl\":\"https:\\\/\\\/www.organisator.ch\\\/wp-content\\\/uploads\\\/2022\\\/01\\\/Logo_Organisator_Website.png\",\"width\":800,\"height\":77,\"caption\":\"Organisator\"},\"image\":{\"@id\":\"https:\\\/\\\/www.organisator.ch\\\/#\\\/schema\\\/logo\\\/image\\\/\"},\"sameAs\":[\"https:\\\/\\\/www.facebook.com\\\/OrganisatorFachmagazin\",\"https:\\\/\\\/www.linkedin.com\\\/showcase\\\/organisator-das-magazin-fr-kmu\",\"https:\\\/\\\/www.xing.com\\\/news\\\/pages\\\/organisator-ch-695\",\"https:\\\/\\\/www.youtube.com\\\/channel\\\/UCGP2Sq0iWaZwT3BdIAQFYpw\"]},{\"@type\":\"Person\",\"@id\":\"https:\\\/\\\/www.organisator.ch\\\/#\\\/schema\\\/person\\\/134708ca9321c57b0362cceb7948ffbd\",\"name\":\"michael.merz\",\"image\":{\"@type\":\"ImageObject\",\"inLanguage\":\"it-IT\",\"@id\":\"https:\\\/\\\/secure.gravatar.com\\\/avatar\\\/?s=96&d=mm&r=g\",\"url\":\"https:\\\/\\\/secure.gravatar.com\\\/avatar\\\/?s=96&d=mm&r=g\",\"contentUrl\":\"https:\\\/\\\/secure.gravatar.com\\\/avatar\\\/?s=96&d=mm&r=g\",\"caption\":\"michael.merz\"},\"url\":\"https:\\\/\\\/www.organisator.ch\\\/it\\\/author\\\/michael-merz\\\/\"}]}<\/script>\n<!-- \/ Yoast SEO plugin. -->","yoast_head_json":{"title":"Situazione delle start-up svizzere - Organizzatore","robots":{"index":"index","follow":"follow","max-snippet":"max-snippet:-1","max-image-preview":"max-image-preview:large","max-video-preview":"max-video-preview:-1"},"canonical":"https:\/\/www.organisator.ch\/it\/generale\/2017-04-03\/situation-fuer-schweizer-start-ups\/","og_locale":"it_IT","og_type":"article","og_title":"Situation f\u00fcr Schweizer Start-ups - Organisator","og_description":"&nbsp; Der erste Bericht \u00fcber die Situation f\u00fcr Schweizer Start-ups z\u00e4hlt 120 Seiten und Statistiken. Er zeigt Datengrundlagen zu wachstumsstarken Unternehmen. Diese Daten zeichnen auch im internationalen Vergleich ein positives Bild des Schweizer Start-up-\u00d6kosystems. Die Schweiz z\u00e4hlt zu den L\u00e4ndern mit den besten Rahmenbedingungen f\u00fcr unternehmerische Aktivit\u00e4ten. Allerdings wird die Gr\u00fcndung eines neuen Unternehmens in [&hellip;]","og_url":"https:\/\/www.organisator.ch\/it\/generale\/2017-04-03\/situation-fuer-schweizer-start-ups\/","og_site_name":"Organisator","article_publisher":"https:\/\/www.facebook.com\/OrganisatorFachmagazin","article_published_time":"2017-04-03T09:19:23+00:00","og_image":[{"width":1024,"height":799,"url":"https:\/\/www.organisator.ch\/wp-content\/uploads\/2017\/04\/Depositphotos_denismagil-1024x799.jpg","type":"image\/jpeg"}],"author":"michael.merz","twitter_card":"summary_large_image","schema":{"@context":"https:\/\/schema.org","@graph":[{"@type":"Article","@id":"https:\/\/www.organisator.ch\/de\/allgemein\/2017-04-03\/situation-fuer-schweizer-start-ups\/#article","isPartOf":{"@id":"https:\/\/www.organisator.ch\/de\/allgemein\/2017-04-03\/situation-fuer-schweizer-start-ups\/"},"author":{"name":"michael.merz","@id":"https:\/\/www.organisator.ch\/#\/schema\/person\/134708ca9321c57b0362cceb7948ffbd"},"headline":"Situation f\u00fcr Schweizer Start-ups","datePublished":"2017-04-03T09:19:23+00:00","mainEntityOfPage":{"@id":"https:\/\/www.organisator.ch\/de\/allgemein\/2017-04-03\/situation-fuer-schweizer-start-ups\/"},"wordCount":437,"commentCount":0,"publisher":{"@id":"https:\/\/www.organisator.ch\/#organization"},"image":{"@id":"https:\/\/www.organisator.ch\/de\/allgemein\/2017-04-03\/situation-fuer-schweizer-start-ups\/#primaryimage"},"thumbnailUrl":"https:\/\/www.organisator.ch\/wp-content\/uploads\/2017\/04\/Depositphotos_denismagil.jpg","keywords":["Bundesrat","Schweiz","Start-ups"],"articleSection":["Allgemein"],"inLanguage":"it-IT"},{"@type":"WebPage","@id":"https:\/\/www.organisator.ch\/de\/allgemein\/2017-04-03\/situation-fuer-schweizer-start-ups\/","url":"https:\/\/www.organisator.ch\/de\/allgemein\/2017-04-03\/situation-fuer-schweizer-start-ups\/","name":"Situazione delle start-up svizzere - Organizzatore","isPartOf":{"@id":"https:\/\/www.organisator.ch\/#website"},"primaryImageOfPage":{"@id":"https:\/\/www.organisator.ch\/de\/allgemein\/2017-04-03\/situation-fuer-schweizer-start-ups\/#primaryimage"},"image":{"@id":"https:\/\/www.organisator.ch\/de\/allgemein\/2017-04-03\/situation-fuer-schweizer-start-ups\/#primaryimage"},"thumbnailUrl":"https:\/\/www.organisator.ch\/wp-content\/uploads\/2017\/04\/Depositphotos_denismagil.jpg","datePublished":"2017-04-03T09:19:23+00:00","breadcrumb":{"@id":"https:\/\/www.organisator.ch\/de\/allgemein\/2017-04-03\/situation-fuer-schweizer-start-ups\/#breadcrumb"},"inLanguage":"it-IT","potentialAction":[{"@type":"ReadAction","target":["https:\/\/www.organisator.ch\/de\/allgemein\/2017-04-03\/situation-fuer-schweizer-start-ups\/"]}]},{"@type":"ImageObject","inLanguage":"it-IT","@id":"https:\/\/www.organisator.ch\/de\/allgemein\/2017-04-03\/situation-fuer-schweizer-start-ups\/#primaryimage","url":"https:\/\/www.organisator.ch\/wp-content\/uploads\/2017\/04\/Depositphotos_denismagil.jpg","contentUrl":"https:\/\/www.organisator.ch\/wp-content\/uploads\/2017\/04\/Depositphotos_denismagil.jpg","width":2000,"height":1560,"caption":"Die Rahmenbedingungen in der Schweiz sind gut. Die Herausforderung liegt darin, Unternehmen an der Wirtschaftsdynamik und der technologischen Entwicklung anzupassen. (Bild: Depositphotos_enismagil)"},{"@type":"BreadcrumbList","@id":"https:\/\/www.organisator.ch\/de\/allgemein\/2017-04-03\/situation-fuer-schweizer-start-ups\/#breadcrumb","itemListElement":[{"@type":"ListItem","position":1,"name":"Home","item":"https:\/\/www.organisator.ch\/"},{"@type":"ListItem","position":2,"name":"Situation f\u00fcr Schweizer Start-ups"}]},{"@type":"WebSite","@id":"https:\/\/www.organisator.ch\/#website","url":"https:\/\/www.organisator.ch\/","name":"Organizzatore","description":"Competente. Pratico. In 10 numeri all'anno, ORGANISATOR presenta i temi essenziali per i manager delle PMI.","publisher":{"@id":"https:\/\/www.organisator.ch\/#organization"},"potentialAction":[{"@type":"SearchAction","target":{"@type":"EntryPoint","urlTemplate":"https:\/\/www.organisator.ch\/?s={search_term_string}"},"query-input":{"@type":"PropertyValueSpecification","valueRequired":true,"valueName":"search_term_string"}}],"inLanguage":"it-IT"},{"@type":"Organization","@id":"https:\/\/www.organisator.ch\/#organization","name":"Organizzatore","url":"https:\/\/www.organisator.ch\/","logo":{"@type":"ImageObject","inLanguage":"it-IT","@id":"https:\/\/www.organisator.ch\/#\/schema\/logo\/image\/","url":"https:\/\/www.organisator.ch\/wp-content\/uploads\/2022\/01\/Logo_Organisator_Website.png","contentUrl":"https:\/\/www.organisator.ch\/wp-content\/uploads\/2022\/01\/Logo_Organisator_Website.png","width":800,"height":77,"caption":"Organisator"},"image":{"@id":"https:\/\/www.organisator.ch\/#\/schema\/logo\/image\/"},"sameAs":["https:\/\/www.facebook.com\/OrganisatorFachmagazin","https:\/\/www.linkedin.com\/showcase\/organisator-das-magazin-fr-kmu","https:\/\/www.xing.com\/news\/pages\/organisator-ch-695","https:\/\/www.youtube.com\/channel\/UCGP2Sq0iWaZwT3BdIAQFYpw"]},{"@type":"Person","@id":"https:\/\/www.organisator.ch\/#\/schema\/person\/134708ca9321c57b0362cceb7948ffbd","name":"michael.merz","image":{"@type":"ImageObject","inLanguage":"it-IT","@id":"https:\/\/secure.gravatar.com\/avatar\/?s=96&d=mm&r=g","url":"https:\/\/secure.gravatar.com\/avatar\/?s=96&d=mm&r=g","contentUrl":"https:\/\/secure.gravatar.com\/avatar\/?s=96&d=mm&r=g","caption":"michael.merz"},"url":"https:\/\/www.organisator.ch\/it\/author\/michael-merz\/"}]}},"_links":{"self":[{"href":"https:\/\/www.organisator.ch\/it\/wp-json\/wp\/v2\/posts\/1723","targetHints":{"allow":["GET"]}}],"collection":[{"href":"https:\/\/www.organisator.ch\/it\/wp-json\/wp\/v2\/posts"}],"about":[{"href":"https:\/\/www.organisator.ch\/it\/wp-json\/wp\/v2\/types\/post"}],"author":[{"embeddable":true,"href":"https:\/\/www.organisator.ch\/it\/wp-json\/wp\/v2\/users\/5"}],"replies":[{"embeddable":true,"href":"https:\/\/www.organisator.ch\/it\/wp-json\/wp\/v2\/comments?post=1723"}],"version-history":[{"count":0,"href":"https:\/\/www.organisator.ch\/it\/wp-json\/wp\/v2\/posts\/1723\/revisions"}],"wp:featuredmedia":[{"embeddable":true,"href":"https:\/\/www.organisator.ch\/it\/wp-json\/wp\/v2\/media\/1724"}],"wp:attachment":[{"href":"https:\/\/www.organisator.ch\/it\/wp-json\/wp\/v2\/media?parent=1723"}],"wp:term":[{"taxonomy":"category","embeddable":true,"href":"https:\/\/www.organisator.ch\/it\/wp-json\/wp\/v2\/categories?post=1723"},{"taxonomy":"post_tag","embeddable":true,"href":"https:\/\/www.organisator.ch\/it\/wp-json\/wp\/v2\/tags?post=1723"}],"curies":[{"name":"wp","href":"https:\/\/api.w.org\/{rel}","templated":true}]}}