{"id":17237,"date":"2022-10-12T09:31:32","date_gmt":"2022-10-12T07:31:32","guid":{"rendered":"https:\/\/www.organisator.ch\/?p=17237"},"modified":"2022-10-24T11:19:34","modified_gmt":"2022-10-24T09:19:34","slug":"erneut-millionendeal-bei-die-hoehle-der-loewen-schweiz","status":"publish","type":"post","link":"https:\/\/www.organisator.ch\/it\/management\/2022-10-12\/erneut-millionendeal-bei-die-hoehle-der-loewen-schweiz\/","title":{"rendered":"Un altro accordo milionario su \"Die H\u00f6hle der L\u00f6wen Schweiz\" (La Tana del Leone Svizzera)"},"content":{"rendered":"<figure id=\"attachment_17238\" aria-describedby=\"caption-attachment-17238\" style=\"width: 680px\" class=\"wp-caption alignnone\"><img loading=\"lazy\" decoding=\"async\" class=\"size-full wp-image-17238\" src=\"https:\/\/www.organisator.ch\/wp-content\/uploads\/2022\/10\/Erneut-Millionendeal-bei-Die-Hoehle-der-Loewen-Schweiz-1_Organisator.jpg\" alt=\"\" width=\"680\" height=\"453\" srcset=\"https:\/\/www.organisator.ch\/wp-content\/uploads\/2022\/10\/Erneut-Millionendeal-bei-Die-Hoehle-der-Loewen-Schweiz-1_Organisator.jpg 680w, https:\/\/www.organisator.ch\/wp-content\/uploads\/2022\/10\/Erneut-Millionendeal-bei-Die-Hoehle-der-Loewen-Schweiz-1_Organisator-18x12.jpg 18w, https:\/\/www.organisator.ch\/wp-content\/uploads\/2022\/10\/Erneut-Millionendeal-bei-Die-Hoehle-der-Loewen-Schweiz-1_Organisator-263x175.jpg 263w, https:\/\/www.organisator.ch\/wp-content\/uploads\/2022\/10\/Erneut-Millionendeal-bei-Die-Hoehle-der-Loewen-Schweiz-1_Organisator-525x350.jpg 525w, https:\/\/www.organisator.ch\/wp-content\/uploads\/2022\/10\/Erneut-Millionendeal-bei-Die-Hoehle-der-Loewen-Schweiz-1_Organisator-300x200.jpg 300w\" sizes=\"auto, (max-width: 680px) 100vw, 680px\" \/><figcaption id=\"caption-attachment-17238\" class=\"wp-caption-text\">Siamo riusciti a concludere un affare da un milione di dollari con quattro leonesse e leoni: Tamara e Sandro Haag di Amriswil in Turgovia. (Immagine: Filip Stropek \/ CH Media)<\/figcaption><\/figure>\n<p>Dopo il primo programma,<a href=\"https:\/\/www.organisator.ch\/de\/management\/2022-10-05\/rekorddeal-bei-staffelstart-von-die-hoehle-der-loewen-schweiz\/\"> che ha portato immediatamente un contratto discografico<\/a>Nel secondo episodio della quarta stagione di \"Die H\u00f6hle der L\u00f6wen Schweiz\" (La tana del leone Svizzera), trasmesso l'11 ottobre 2022, \u00e8 stata preparata una torta un po' pi\u00f9 piccola. La prima esibizione \u00e8 stata quella delle fondatrici delle \"Regine danzanti\": c'\u00e8 stata una danza che ha letteralmente fatto perdere la testa a uno dei leoni. Bettina Gimenez di Pf\u00e4ffikon (ZH) e la sua partner commerciale Sophie Witte dalla Germania hanno promosso abilmente il loro negozio online di danza. Non solo offre scarpe da ballo e abbigliamento fitness, ma dovrebbe anche aiutare a trovare scuole di danza e partner di ballo. In breve: uno sportello unico per gli appassionati di danza. Ci\u00f2 che sembra buono a prima vista, Bettina Gimenez e Sophie Witte non sono riuscite a dimostrarlo immediatamente con le cifre: L'obiettivo di un fatturato di 450.000 franchi svizzeri per il 2022 sembrava troppo basso, soprattutto agli occhi del leone Tobias Reichmuth, soprattutto perch\u00e9 dietro al requisito di capitale di 500.000 franchi svizzeri a fronte di una quota del dieci per cento si nascondeva una valutazione aziendale relativamente alta. La leonessa Bettina Hein ha ammesso che gli obiettivi potevano essere fissati pi\u00f9 in alto. Ma era entusiasta del modello di business e stava valutando un'offerta - in combinazione con l'esperienza di e-commerce. Tra lei, Lukas Speiser e Roland Brack ci sono stati sguardi significativi: uno di loro salir\u00e0 a bordo? Alla fine furono presentate due offerte: Lukas Speiser offr\u00ec 500.000 franchi, ma voleva una partecipazione del 40%. Bettina Hein e Roland Brack hanno offerto insieme 500.000 franchi in cambio di una partecipazione del 30% nella societ\u00e0. Dopo una breve riflessione, Bettina Gimenez e Sophie Witte hanno accettato l'offerta.<\/p>\n<h3>Una donna che si \u00e8 fatta da s\u00e9 con un cuore per i roditori<\/h3>\n<p>Ma il giovane imprenditore successivo conquista in poco tempo la simpatia degli investitori. Dopo aver accolto due conigli e non riuscendo a trovare un alimento naturale per loro, decise di produrlo da sola. \u00c8 cos\u00ec che \u00e8 nata la \"Wiesenbackstube di Nager\". La fondatrice Manuela Schl\u00e4fli di L\u00fctzelfl\u00fch (BE) produce tutto a mano, in condizioni difficili. Perch\u00e9 quando le leonesse e i leoni le chiedono a cosa le serve il denaro, lei risponde: \"Per una stufa\". E macchine. Gli investitori sono rimasti colpiti dalla sua passione e dal suo impegno. Ma quando si trattava di cifre nude e di progetti futuri, l'entusiasmo cedeva piuttosto rapidamente, soprattutto nel caso di Tobias Reichmuth. In particolare, gli mancava la distribuzione online. Roland Brack \u00e8 intervenuto in questo caso e ha proposto all'imprenditrice di inserire i suoi prodotti nella sua gamma. Anche J\u00fcrg Schwarzenbach ha accettato di supportare Manuela Schl\u00e4fli con il suo know-how. Ma alla fine non \u00e8 stato sufficiente per un accordo. Questo caso aziendale dimostra, tuttavia, come una donna che si \u00e8 fatta da s\u00e9 possa raggiungere il successo grazie a un lavoro costante e alla sostenibilit\u00e0 anche senza investitori.<\/p>\n<h3>Un affare milionario per un divano trasformabile<\/h3>\n<p>La piattaforma di incontri \"Noii\", con i fondatori Thomas Kuschel e Laura Matter di Dinhard (ZH), consente lo speed dating dal divano. La start-up di Dinhard (ZH) ha persino creato un profilo di uno dei leoni che diventa una donna. Questa \u00e8 pi\u00f9 o meno la prova di quanto \"falso\" ci sia oggi sulle piattaforme di incontri convenzionali. Ma \"Noii\" vuole fare molte cose in modo diverso: Brevi video al posto delle foto e sessioni di speed dating curate ogni luned\u00ec sera via Zoom. E sembra funzionare. In ogni caso, si dice che siano gi\u00e0 registrati 3000 single, il 40% dei quali nell'area premium a pagamento. Per l'ulteriore sviluppo dell'azienda, i due giovani imprenditori vorrebbero un investimento di 150.000 franchi svizzeri in cambio di una quota del 5% della societ\u00e0. Mentre Tobias Reichmuth, J\u00fcrg Schwarzenbach e Lukas Speiser rifiutano, Anja Graf e Roland Brack fanno una controfferta: 200.000 franchi svizzeri in cambio di una quota del 10%. Thomas Kuschel e Laura Matter dicono \"s\u00ec\" e l'affare \u00e8 concluso.<\/p>\n<p>Le leonesse e i leoni sono rimasti entusiasti della possibilit\u00e0 di cambiare i divani di livom m\u00f6bel GmbH. Sono rimasti stupiti anche dall'evoluzione del fatturato: da 12.000 franchi svizzeri nel primo anno a otto milioni nel secondo. Anche i margini sono impressionanti: Il divano presentato nella mostra costa 800 franchi e viene venduto a 2400 franchi. Diventa subito chiaro: le leonesse e i leoni vogliono entrare. Ma non sono soddisfatti delle condizioni poste dalla coppia di fondatori turgoviesi Sandra e Tamara Haag: 600.000 franchi a fronte di una partecipazione del 3%. Anche in questo caso, una valutazione molto alta, che porta a una controfferta: 1 milione contro una quota del 10% della societ\u00e0. Tamara e Sandro Haag hanno inizialmente cercato di aumentare il prezzo a 1,5 milioni, ma poi si sono accontentati di un milione perch\u00e9 Lukas Speiser ha spiegato chiaramente che questa era l'unica valutazione realistica dell'azienda al momento. Cos\u00ec l'affare della sera, un altro affare da un milione di dollari, era perfetto.<\/p>\n<figure id=\"attachment_17239\" aria-describedby=\"caption-attachment-17239\" style=\"width: 680px\" class=\"wp-caption alignnone\"><img loading=\"lazy\" decoding=\"async\" class=\"size-full wp-image-17239\" src=\"https:\/\/www.organisator.ch\/wp-content\/uploads\/2022\/10\/Erneut-Millionendeal-bei-Die-Hoehle-der-Loewen-Schweiz-2_Organisator.jpg\" alt=\"\" width=\"680\" height=\"454\" srcset=\"https:\/\/www.organisator.ch\/wp-content\/uploads\/2022\/10\/Erneut-Millionendeal-bei-Die-Hoehle-der-Loewen-Schweiz-2_Organisator.jpg 680w, https:\/\/www.organisator.ch\/wp-content\/uploads\/2022\/10\/Erneut-Millionendeal-bei-Die-Hoehle-der-Loewen-Schweiz-2_Organisator-18x12.jpg 18w, https:\/\/www.organisator.ch\/wp-content\/uploads\/2022\/10\/Erneut-Millionendeal-bei-Die-Hoehle-der-Loewen-Schweiz-2_Organisator-262x175.jpg 262w, https:\/\/www.organisator.ch\/wp-content\/uploads\/2022\/10\/Erneut-Millionendeal-bei-Die-Hoehle-der-Loewen-Schweiz-2_Organisator-524x350.jpg 524w, https:\/\/www.organisator.ch\/wp-content\/uploads\/2022\/10\/Erneut-Millionendeal-bei-Die-Hoehle-der-Loewen-Schweiz-2_Organisator-300x200.jpg 300w\" sizes=\"auto, (max-width: 680px) 100vw, 680px\" \/><figcaption id=\"caption-attachment-17239\" class=\"wp-caption-text\">Purtroppo non si tratta di un affare milionario, ma di un grande effetto \"J\u00f6\": il fondatore Marc Zinner mostra il baby phone premium \"Sandy\". (Foto: Filip Stropek \/ CH Media)<\/figcaption><\/figure>\n<h3>Buone idee, ma niente pi\u00f9 offerte<\/h3>\n<p>Perch\u00e9 non \u00e8 stato trovato un accordo con le altre start-up. I leoni erano piuttosto entusiasti del baby monitor \"Sandy\" dell'azienda \"Dokoki\", che \u00e8 molto carino. Tuttavia, hanno espresso riserve sulle (troppe) funzionalit\u00e0 del dispositivo, tra cui il possibile monitoraggio delle funzioni vitali dei bambini. Sono rimasti scioccati nell'apprendere il numero di azioni che il fondatore Marc Zinner deteneva ancora nella sua azienda: Vale a dire, solo il nove per cento. \u00c8 apparso subito chiaro che queste non potevano essere le condizioni ideali per un accordo. Va notato, tuttavia, che J\u00fcrg Schwarzenbach detiene gi\u00e0 una partecipazione in Dokoki e quindi si \u00e8 fatto da parte nella valutazione dell'azienda.<\/p>\n<p>Anche le leonesse e i leoni non volevano salire a bordo di \"Green Leaf\". Questa bevanda rinfrescante a base di succo di mela, fiori di sambuco e menta aveva un buon sapore ed \u00e8 in linea con le attuali tendenze alimentari: ingredienti locali e nessun additivo artificiale. Tuttavia, i piani di crescita dei giovani bernesi Marco Henri, Aline Bot e Ismael Seck sembravano ancora poco sviluppati agli investitori. Inoltre, il concetto di fornitori decentralizzati sembrava loro troppo rischioso. Invece di un accordo, i fondatori hanno portato con s\u00e9 molti buoni consigli e buona volont\u00e0 dal programma. Forse l'investimento funzioner\u00e0 quando la promessa e il nucleo del marchio saranno pi\u00f9 definiti.<\/p>\n<p>Conclusione del programma: Sempre pi\u00f9 idee imprenditoriali si basano oggi sull'idea di sostenibilit\u00e0. Tuttavia, questo non sempre sembra andare d'accordo con gli obiettivi di crescita perseguiti da molti investitori e con i dettami del marketing classico.<\/p>\n<p><em>Maggiori informazioni sui prossimi programmi:\u00a0<a href=\"https:\/\/www.oneplus.ch\/detail\/1000604\">https:\/\/www.oneplus.ch\/detail\/1000604<\/a><\/em><\/p>","protected":false},"excerpt":{"rendered":"<p>Nach der ersten Sendung, die gleich einen Rekorddeal brachte, wurden in der zweiten Folge der vierten Staffel von &#8222;Die H\u00f6hle der L\u00f6wen Schweiz&#8220;, die am 11. Oktober 2022 ausgestrahlt wurde, wieder etwas kleinere Br\u00f6tchen gebacken. Der erste Auftritt geh\u00f6rte den Gr\u00fcnderinnen von &#8222;Dancing Queens&#8220;: Es wurde getanzt \u2013 was einen der L\u00f6winnen und L\u00f6wen buchst\u00e4blich [&hellip;]<\/p>\n","protected":false},"author":4,"featured_media":17238,"comment_status":"closed","ping_status":"closed","sticky":false,"template":"","format":"standard","meta":{"_acf_changed":false,"_yoast_wpseo_focuskw":"Millionendeal","_yoast_wpseo_metadesc":"Wieder ein Millionendeal bei \"Die H\u00f6hle der L\u00f6wen Schweiz\". Ein Business Case begeisterte so sehr, dass gleich vier Investoren einstiegen.","articlekey":"","footnotes":""},"categories":[28],"tags":[2683,451,492],"class_list":["post-17237","post","type-post","status-publish","format-standard","has-post-thumbnail","hentry","category-management","tag-hoehle-der-loewen","tag-startups","tag-unternehmen"],"acf":[],"yoast_head":"<!-- This site is optimized with the Yoast SEO plugin v27.5 - https:\/\/yoast.com\/product\/yoast-seo-wordpress\/ -->\n<title>Erneut Millionendeal bei &quot;Die H\u00f6hle der L\u00f6wen Schweiz&quot; - Organisator<\/title>\n<meta name=\"description\" content=\"Wieder ein Millionendeal bei &quot;Die H\u00f6hle der L\u00f6wen Schweiz&quot;. Ein Business Case begeisterte so sehr, dass gleich vier Investoren einstiegen.\" \/>\n<meta name=\"robots\" content=\"index, follow, max-snippet:-1, max-image-preview:large, max-video-preview:-1\" \/>\n<link rel=\"canonical\" href=\"https:\/\/www.organisator.ch\/it\/gestione-2\/2022-10-12\/erneut-millionendeal-bei-die-hoehle-der-loewen-schweiz\/\" \/>\n<meta property=\"og:locale\" content=\"it_IT\" \/>\n<meta property=\"og:type\" content=\"article\" \/>\n<meta property=\"og:title\" content=\"Erneut Millionendeal bei &quot;Die H\u00f6hle der L\u00f6wen Schweiz&quot; - Organisator\" \/>\n<meta property=\"og:description\" content=\"Wieder ein Millionendeal bei &quot;Die H\u00f6hle der L\u00f6wen Schweiz&quot;. Ein Business Case begeisterte so sehr, dass gleich vier Investoren einstiegen.\" \/>\n<meta property=\"og:url\" content=\"https:\/\/www.organisator.ch\/it\/gestione-2\/2022-10-12\/erneut-millionendeal-bei-die-hoehle-der-loewen-schweiz\/\" \/>\n<meta property=\"og:site_name\" content=\"Organisator\" \/>\n<meta property=\"article:publisher\" content=\"https:\/\/www.facebook.com\/OrganisatorFachmagazin\" \/>\n<meta property=\"article:published_time\" content=\"2022-10-12T07:31:32+00:00\" \/>\n<meta property=\"article:modified_time\" content=\"2022-10-24T09:19:34+00:00\" \/>\n<meta property=\"og:image\" content=\"https:\/\/www.organisator.ch\/wp-content\/uploads\/2022\/10\/Erneut-Millionendeal-bei-Die-Hoehle-der-Loewen-Schweiz-1_Organisator.jpg\" \/>\n\t<meta property=\"og:image:width\" content=\"680\" \/>\n\t<meta property=\"og:image:height\" content=\"453\" \/>\n\t<meta property=\"og:image:type\" content=\"image\/jpeg\" \/>\n<meta name=\"author\" content=\"thomas.berner\" \/>\n<meta name=\"twitter:card\" content=\"summary_large_image\" \/>\n<script type=\"application\/ld+json\" class=\"yoast-schema-graph\">{\"@context\":\"https:\\\/\\\/schema.org\",\"@graph\":[{\"@type\":\"Article\",\"@id\":\"https:\\\/\\\/www.organisator.ch\\\/management\\\/2022-10-12\\\/erneut-millionendeal-bei-die-hoehle-der-loewen-schweiz\\\/#article\",\"isPartOf\":{\"@id\":\"https:\\\/\\\/www.organisator.ch\\\/management\\\/2022-10-12\\\/erneut-millionendeal-bei-die-hoehle-der-loewen-schweiz\\\/\"},\"author\":{\"name\":\"thomas.berner\",\"@id\":\"https:\\\/\\\/www.organisator.ch\\\/#\\\/schema\\\/person\\\/6f650f90b2842cd4c0cc334b4e36f67e\"},\"headline\":\"Erneut Millionendeal bei &#8222;Die H\u00f6hle der L\u00f6wen Schweiz&#8220;\",\"datePublished\":\"2022-10-12T07:31:32+00:00\",\"dateModified\":\"2022-10-24T09:19:34+00:00\",\"mainEntityOfPage\":{\"@id\":\"https:\\\/\\\/www.organisator.ch\\\/management\\\/2022-10-12\\\/erneut-millionendeal-bei-die-hoehle-der-loewen-schweiz\\\/\"},\"wordCount\":1116,\"publisher\":{\"@id\":\"https:\\\/\\\/www.organisator.ch\\\/#organization\"},\"image\":{\"@id\":\"https:\\\/\\\/www.organisator.ch\\\/management\\\/2022-10-12\\\/erneut-millionendeal-bei-die-hoehle-der-loewen-schweiz\\\/#primaryimage\"},\"thumbnailUrl\":\"https:\\\/\\\/www.organisator.ch\\\/wp-content\\\/uploads\\\/2022\\\/10\\\/Erneut-Millionendeal-bei-Die-Hoehle-der-Loewen-Schweiz-1_Organisator.jpg\",\"keywords\":[\"H\u00f6hle der L\u00f6wen\",\"Startups\",\"Unternehmen\"],\"articleSection\":[\"MANAGEMENT\"],\"inLanguage\":\"it-IT\"},{\"@type\":\"WebPage\",\"@id\":\"https:\\\/\\\/www.organisator.ch\\\/management\\\/2022-10-12\\\/erneut-millionendeal-bei-die-hoehle-der-loewen-schweiz\\\/\",\"url\":\"https:\\\/\\\/www.organisator.ch\\\/management\\\/2022-10-12\\\/erneut-millionendeal-bei-die-hoehle-der-loewen-schweiz\\\/\",\"name\":\"Erneut Millionendeal bei \\\"Die H\u00f6hle der L\u00f6wen Schweiz\\\" - Organisator\",\"isPartOf\":{\"@id\":\"https:\\\/\\\/www.organisator.ch\\\/#website\"},\"primaryImageOfPage\":{\"@id\":\"https:\\\/\\\/www.organisator.ch\\\/management\\\/2022-10-12\\\/erneut-millionendeal-bei-die-hoehle-der-loewen-schweiz\\\/#primaryimage\"},\"image\":{\"@id\":\"https:\\\/\\\/www.organisator.ch\\\/management\\\/2022-10-12\\\/erneut-millionendeal-bei-die-hoehle-der-loewen-schweiz\\\/#primaryimage\"},\"thumbnailUrl\":\"https:\\\/\\\/www.organisator.ch\\\/wp-content\\\/uploads\\\/2022\\\/10\\\/Erneut-Millionendeal-bei-Die-Hoehle-der-Loewen-Schweiz-1_Organisator.jpg\",\"datePublished\":\"2022-10-12T07:31:32+00:00\",\"dateModified\":\"2022-10-24T09:19:34+00:00\",\"description\":\"Wieder ein Millionendeal bei \\\"Die H\u00f6hle der L\u00f6wen Schweiz\\\". Ein Business Case begeisterte so sehr, dass gleich vier Investoren einstiegen.\",\"breadcrumb\":{\"@id\":\"https:\\\/\\\/www.organisator.ch\\\/management\\\/2022-10-12\\\/erneut-millionendeal-bei-die-hoehle-der-loewen-schweiz\\\/#breadcrumb\"},\"inLanguage\":\"it-IT\",\"potentialAction\":[{\"@type\":\"ReadAction\",\"target\":[\"https:\\\/\\\/www.organisator.ch\\\/management\\\/2022-10-12\\\/erneut-millionendeal-bei-die-hoehle-der-loewen-schweiz\\\/\"]}]},{\"@type\":\"ImageObject\",\"inLanguage\":\"it-IT\",\"@id\":\"https:\\\/\\\/www.organisator.ch\\\/management\\\/2022-10-12\\\/erneut-millionendeal-bei-die-hoehle-der-loewen-schweiz\\\/#primaryimage\",\"url\":\"https:\\\/\\\/www.organisator.ch\\\/wp-content\\\/uploads\\\/2022\\\/10\\\/Erneut-Millionendeal-bei-Die-Hoehle-der-Loewen-Schweiz-1_Organisator.jpg\",\"contentUrl\":\"https:\\\/\\\/www.organisator.ch\\\/wp-content\\\/uploads\\\/2022\\\/10\\\/Erneut-Millionendeal-bei-Die-Hoehle-der-Loewen-Schweiz-1_Organisator.jpg\",\"width\":680,\"height\":453,\"caption\":\"Konnten mit vier L\u00f6winnen und L\u00f6wen einen Millionendeal abschliessen: Tamara und Sandro Haag aus dem thurgauischen Amriswil. (Bild: Bild: Filip Stropek \\\/ CH Media)\"},{\"@type\":\"BreadcrumbList\",\"@id\":\"https:\\\/\\\/www.organisator.ch\\\/management\\\/2022-10-12\\\/erneut-millionendeal-bei-die-hoehle-der-loewen-schweiz\\\/#breadcrumb\",\"itemListElement\":[{\"@type\":\"ListItem\",\"position\":1,\"name\":\"Home\",\"item\":\"https:\\\/\\\/www.organisator.ch\\\/\"},{\"@type\":\"ListItem\",\"position\":2,\"name\":\"Erneut Millionendeal bei &#8222;Die H\u00f6hle der L\u00f6wen Schweiz&#8220;\"}]},{\"@type\":\"WebSite\",\"@id\":\"https:\\\/\\\/www.organisator.ch\\\/#website\",\"url\":\"https:\\\/\\\/www.organisator.ch\\\/\",\"name\":\"Organisator\",\"description\":\"Kompetent. Praxisnah. Der ORGANISATOR bereitet in 10 Ausgaben pro Jahr die wesentlichen Themen f\u00fcr F\u00fchrungskr\u00e4fte von KMU auf.\",\"publisher\":{\"@id\":\"https:\\\/\\\/www.organisator.ch\\\/#organization\"},\"potentialAction\":[{\"@type\":\"SearchAction\",\"target\":{\"@type\":\"EntryPoint\",\"urlTemplate\":\"https:\\\/\\\/www.organisator.ch\\\/?s={search_term_string}\"},\"query-input\":{\"@type\":\"PropertyValueSpecification\",\"valueRequired\":true,\"valueName\":\"search_term_string\"}}],\"inLanguage\":\"it-IT\"},{\"@type\":\"Organization\",\"@id\":\"https:\\\/\\\/www.organisator.ch\\\/#organization\",\"name\":\"Organisator\",\"url\":\"https:\\\/\\\/www.organisator.ch\\\/\",\"logo\":{\"@type\":\"ImageObject\",\"inLanguage\":\"it-IT\",\"@id\":\"https:\\\/\\\/www.organisator.ch\\\/#\\\/schema\\\/logo\\\/image\\\/\",\"url\":\"https:\\\/\\\/www.organisator.ch\\\/wp-content\\\/uploads\\\/2022\\\/01\\\/Logo_Organisator_Website.png\",\"contentUrl\":\"https:\\\/\\\/www.organisator.ch\\\/wp-content\\\/uploads\\\/2022\\\/01\\\/Logo_Organisator_Website.png\",\"width\":800,\"height\":77,\"caption\":\"Organisator\"},\"image\":{\"@id\":\"https:\\\/\\\/www.organisator.ch\\\/#\\\/schema\\\/logo\\\/image\\\/\"},\"sameAs\":[\"https:\\\/\\\/www.facebook.com\\\/OrganisatorFachmagazin\",\"https:\\\/\\\/www.linkedin.com\\\/showcase\\\/organisator-das-magazin-fr-kmu\",\"https:\\\/\\\/www.xing.com\\\/news\\\/pages\\\/organisator-ch-695\",\"https:\\\/\\\/www.youtube.com\\\/channel\\\/UCGP2Sq0iWaZwT3BdIAQFYpw\"]},{\"@type\":\"Person\",\"@id\":\"https:\\\/\\\/www.organisator.ch\\\/#\\\/schema\\\/person\\\/6f650f90b2842cd4c0cc334b4e36f67e\",\"name\":\"thomas.berner\",\"image\":{\"@type\":\"ImageObject\",\"inLanguage\":\"it-IT\",\"@id\":\"https:\\\/\\\/secure.gravatar.com\\\/avatar\\\/ac5001d2a36cb6c6cd3e50789007ffca834b477b74a2144564522e944eabff61?s=96&d=mm&r=g\",\"url\":\"https:\\\/\\\/secure.gravatar.com\\\/avatar\\\/ac5001d2a36cb6c6cd3e50789007ffca834b477b74a2144564522e944eabff61?s=96&d=mm&r=g\",\"contentUrl\":\"https:\\\/\\\/secure.gravatar.com\\\/avatar\\\/ac5001d2a36cb6c6cd3e50789007ffca834b477b74a2144564522e944eabff61?s=96&d=mm&r=g\",\"caption\":\"thomas.berner\"},\"url\":\"https:\\\/\\\/www.organisator.ch\\\/it\\\/author\\\/thomas-berner\\\/\"}]}<\/script>\n<!-- \/ Yoast SEO plugin. -->","yoast_head_json":{"title":"Un altro accordo milionario su \"Die H\u00f6hle der L\u00f6wen Schweiz\" - organizzatore","description":"Un altro accordo milionario su \"Die H\u00f6hle der L\u00f6wen Schweiz\". Un caso aziendale \u00e8 stato cos\u00ec entusiasmante che quattro investitori sono saliti a bordo.","robots":{"index":"index","follow":"follow","max-snippet":"max-snippet:-1","max-image-preview":"max-image-preview:large","max-video-preview":"max-video-preview:-1"},"canonical":"https:\/\/www.organisator.ch\/it\/gestione-2\/2022-10-12\/erneut-millionendeal-bei-die-hoehle-der-loewen-schweiz\/","og_locale":"it_IT","og_type":"article","og_title":"Erneut Millionendeal bei \"Die H\u00f6hle der L\u00f6wen Schweiz\" - Organisator","og_description":"Wieder ein Millionendeal bei \"Die H\u00f6hle der L\u00f6wen Schweiz\". Ein Business Case begeisterte so sehr, dass gleich vier Investoren einstiegen.","og_url":"https:\/\/www.organisator.ch\/it\/gestione-2\/2022-10-12\/erneut-millionendeal-bei-die-hoehle-der-loewen-schweiz\/","og_site_name":"Organisator","article_publisher":"https:\/\/www.facebook.com\/OrganisatorFachmagazin","article_published_time":"2022-10-12T07:31:32+00:00","article_modified_time":"2022-10-24T09:19:34+00:00","og_image":[{"width":680,"height":453,"url":"https:\/\/www.organisator.ch\/wp-content\/uploads\/2022\/10\/Erneut-Millionendeal-bei-Die-Hoehle-der-Loewen-Schweiz-1_Organisator.jpg","type":"image\/jpeg"}],"author":"thomas.berner","twitter_card":"summary_large_image","schema":{"@context":"https:\/\/schema.org","@graph":[{"@type":"Article","@id":"https:\/\/www.organisator.ch\/management\/2022-10-12\/erneut-millionendeal-bei-die-hoehle-der-loewen-schweiz\/#article","isPartOf":{"@id":"https:\/\/www.organisator.ch\/management\/2022-10-12\/erneut-millionendeal-bei-die-hoehle-der-loewen-schweiz\/"},"author":{"name":"thomas.berner","@id":"https:\/\/www.organisator.ch\/#\/schema\/person\/6f650f90b2842cd4c0cc334b4e36f67e"},"headline":"Erneut Millionendeal bei &#8222;Die H\u00f6hle der L\u00f6wen Schweiz&#8220;","datePublished":"2022-10-12T07:31:32+00:00","dateModified":"2022-10-24T09:19:34+00:00","mainEntityOfPage":{"@id":"https:\/\/www.organisator.ch\/management\/2022-10-12\/erneut-millionendeal-bei-die-hoehle-der-loewen-schweiz\/"},"wordCount":1116,"publisher":{"@id":"https:\/\/www.organisator.ch\/#organization"},"image":{"@id":"https:\/\/www.organisator.ch\/management\/2022-10-12\/erneut-millionendeal-bei-die-hoehle-der-loewen-schweiz\/#primaryimage"},"thumbnailUrl":"https:\/\/www.organisator.ch\/wp-content\/uploads\/2022\/10\/Erneut-Millionendeal-bei-Die-Hoehle-der-Loewen-Schweiz-1_Organisator.jpg","keywords":["H\u00f6hle der L\u00f6wen","Startups","Unternehmen"],"articleSection":["MANAGEMENT"],"inLanguage":"it-IT"},{"@type":"WebPage","@id":"https:\/\/www.organisator.ch\/management\/2022-10-12\/erneut-millionendeal-bei-die-hoehle-der-loewen-schweiz\/","url":"https:\/\/www.organisator.ch\/management\/2022-10-12\/erneut-millionendeal-bei-die-hoehle-der-loewen-schweiz\/","name":"Un altro accordo milionario su \"Die H\u00f6hle der L\u00f6wen Schweiz\" - organizzatore","isPartOf":{"@id":"https:\/\/www.organisator.ch\/#website"},"primaryImageOfPage":{"@id":"https:\/\/www.organisator.ch\/management\/2022-10-12\/erneut-millionendeal-bei-die-hoehle-der-loewen-schweiz\/#primaryimage"},"image":{"@id":"https:\/\/www.organisator.ch\/management\/2022-10-12\/erneut-millionendeal-bei-die-hoehle-der-loewen-schweiz\/#primaryimage"},"thumbnailUrl":"https:\/\/www.organisator.ch\/wp-content\/uploads\/2022\/10\/Erneut-Millionendeal-bei-Die-Hoehle-der-Loewen-Schweiz-1_Organisator.jpg","datePublished":"2022-10-12T07:31:32+00:00","dateModified":"2022-10-24T09:19:34+00:00","description":"Un altro accordo milionario su \"Die H\u00f6hle der L\u00f6wen Schweiz\". Un caso aziendale \u00e8 stato cos\u00ec entusiasmante che quattro investitori sono saliti a bordo.","breadcrumb":{"@id":"https:\/\/www.organisator.ch\/management\/2022-10-12\/erneut-millionendeal-bei-die-hoehle-der-loewen-schweiz\/#breadcrumb"},"inLanguage":"it-IT","potentialAction":[{"@type":"ReadAction","target":["https:\/\/www.organisator.ch\/management\/2022-10-12\/erneut-millionendeal-bei-die-hoehle-der-loewen-schweiz\/"]}]},{"@type":"ImageObject","inLanguage":"it-IT","@id":"https:\/\/www.organisator.ch\/management\/2022-10-12\/erneut-millionendeal-bei-die-hoehle-der-loewen-schweiz\/#primaryimage","url":"https:\/\/www.organisator.ch\/wp-content\/uploads\/2022\/10\/Erneut-Millionendeal-bei-Die-Hoehle-der-Loewen-Schweiz-1_Organisator.jpg","contentUrl":"https:\/\/www.organisator.ch\/wp-content\/uploads\/2022\/10\/Erneut-Millionendeal-bei-Die-Hoehle-der-Loewen-Schweiz-1_Organisator.jpg","width":680,"height":453,"caption":"Konnten mit vier L\u00f6winnen und L\u00f6wen einen Millionendeal abschliessen: Tamara und Sandro Haag aus dem thurgauischen Amriswil. (Bild: Bild: Filip Stropek \/ CH Media)"},{"@type":"BreadcrumbList","@id":"https:\/\/www.organisator.ch\/management\/2022-10-12\/erneut-millionendeal-bei-die-hoehle-der-loewen-schweiz\/#breadcrumb","itemListElement":[{"@type":"ListItem","position":1,"name":"Home","item":"https:\/\/www.organisator.ch\/"},{"@type":"ListItem","position":2,"name":"Erneut Millionendeal bei &#8222;Die H\u00f6hle der L\u00f6wen Schweiz&#8220;"}]},{"@type":"WebSite","@id":"https:\/\/www.organisator.ch\/#website","url":"https:\/\/www.organisator.ch\/","name":"Organizzatore","description":"Competente. Pratico. In 10 numeri all'anno, ORGANISATOR presenta i temi essenziali per i manager delle PMI.","publisher":{"@id":"https:\/\/www.organisator.ch\/#organization"},"potentialAction":[{"@type":"SearchAction","target":{"@type":"EntryPoint","urlTemplate":"https:\/\/www.organisator.ch\/?s={search_term_string}"},"query-input":{"@type":"PropertyValueSpecification","valueRequired":true,"valueName":"search_term_string"}}],"inLanguage":"it-IT"},{"@type":"Organization","@id":"https:\/\/www.organisator.ch\/#organization","name":"Organizzatore","url":"https:\/\/www.organisator.ch\/","logo":{"@type":"ImageObject","inLanguage":"it-IT","@id":"https:\/\/www.organisator.ch\/#\/schema\/logo\/image\/","url":"https:\/\/www.organisator.ch\/wp-content\/uploads\/2022\/01\/Logo_Organisator_Website.png","contentUrl":"https:\/\/www.organisator.ch\/wp-content\/uploads\/2022\/01\/Logo_Organisator_Website.png","width":800,"height":77,"caption":"Organisator"},"image":{"@id":"https:\/\/www.organisator.ch\/#\/schema\/logo\/image\/"},"sameAs":["https:\/\/www.facebook.com\/OrganisatorFachmagazin","https:\/\/www.linkedin.com\/showcase\/organisator-das-magazin-fr-kmu","https:\/\/www.xing.com\/news\/pages\/organisator-ch-695","https:\/\/www.youtube.com\/channel\/UCGP2Sq0iWaZwT3BdIAQFYpw"]},{"@type":"Person","@id":"https:\/\/www.organisator.ch\/#\/schema\/person\/6f650f90b2842cd4c0cc334b4e36f67e","name":"Tommaso.berner","image":{"@type":"ImageObject","inLanguage":"it-IT","@id":"https:\/\/secure.gravatar.com\/avatar\/ac5001d2a36cb6c6cd3e50789007ffca834b477b74a2144564522e944eabff61?s=96&d=mm&r=g","url":"https:\/\/secure.gravatar.com\/avatar\/ac5001d2a36cb6c6cd3e50789007ffca834b477b74a2144564522e944eabff61?s=96&d=mm&r=g","contentUrl":"https:\/\/secure.gravatar.com\/avatar\/ac5001d2a36cb6c6cd3e50789007ffca834b477b74a2144564522e944eabff61?s=96&d=mm&r=g","caption":"thomas.berner"},"url":"https:\/\/www.organisator.ch\/it\/author\/thomas-berner\/"}]}},"_links":{"self":[{"href":"https:\/\/www.organisator.ch\/it\/wp-json\/wp\/v2\/posts\/17237","targetHints":{"allow":["GET"]}}],"collection":[{"href":"https:\/\/www.organisator.ch\/it\/wp-json\/wp\/v2\/posts"}],"about":[{"href":"https:\/\/www.organisator.ch\/it\/wp-json\/wp\/v2\/types\/post"}],"author":[{"embeddable":true,"href":"https:\/\/www.organisator.ch\/it\/wp-json\/wp\/v2\/users\/4"}],"replies":[{"embeddable":true,"href":"https:\/\/www.organisator.ch\/it\/wp-json\/wp\/v2\/comments?post=17237"}],"version-history":[{"count":1,"href":"https:\/\/www.organisator.ch\/it\/wp-json\/wp\/v2\/posts\/17237\/revisions"}],"predecessor-version":[{"id":17240,"href":"https:\/\/www.organisator.ch\/it\/wp-json\/wp\/v2\/posts\/17237\/revisions\/17240"}],"wp:featuredmedia":[{"embeddable":true,"href":"https:\/\/www.organisator.ch\/it\/wp-json\/wp\/v2\/media\/17238"}],"wp:attachment":[{"href":"https:\/\/www.organisator.ch\/it\/wp-json\/wp\/v2\/media?parent=17237"}],"wp:term":[{"taxonomy":"category","embeddable":true,"href":"https:\/\/www.organisator.ch\/it\/wp-json\/wp\/v2\/categories?post=17237"},{"taxonomy":"post_tag","embeddable":true,"href":"https:\/\/www.organisator.ch\/it\/wp-json\/wp\/v2\/tags?post=17237"}],"curies":[{"name":"wp","href":"https:\/\/api.w.org\/{rel}","templated":true}]}}