{"id":17242,"date":"2022-10-13T08:10:03","date_gmt":"2022-10-13T06:10:03","guid":{"rendered":"https:\/\/www.organisator.ch\/?p=17242"},"modified":"2022-10-13T08:02:12","modified_gmt":"2022-10-13T06:02:12","slug":"neue-new-work-plattform-fuer-unternehmen-geht-live","status":"publish","type":"post","link":"https:\/\/www.organisator.ch\/it\/management\/2022-10-13\/neue-new-work-plattform-fuer-unternehmen-geht-live\/","title":{"rendered":"Entra in funzione la nuova piattaforma New Work per le aziende"},"content":{"rendered":"<figure id=\"attachment_17243\" aria-describedby=\"caption-attachment-17243\" style=\"width: 680px\" class=\"wp-caption alignnone\"><img loading=\"lazy\" decoding=\"async\" class=\"size-full wp-image-17243\" src=\"https:\/\/www.organisator.ch\/wp-content\/uploads\/2022\/10\/Neue-New-Work-Plattform-fuer-Unternehmen-geht-live_Organisator.jpg\" alt=\"\" width=\"680\" height=\"497\" srcset=\"https:\/\/www.organisator.ch\/wp-content\/uploads\/2022\/10\/Neue-New-Work-Plattform-fuer-Unternehmen-geht-live_Organisator.jpg 680w, https:\/\/www.organisator.ch\/wp-content\/uploads\/2022\/10\/Neue-New-Work-Plattform-fuer-Unternehmen-geht-live_Organisator-16x12.jpg 16w, https:\/\/www.organisator.ch\/wp-content\/uploads\/2022\/10\/Neue-New-Work-Plattform-fuer-Unternehmen-geht-live_Organisator-239x175.jpg 239w, https:\/\/www.organisator.ch\/wp-content\/uploads\/2022\/10\/Neue-New-Work-Plattform-fuer-Unternehmen-geht-live_Organisator-479x350.jpg 479w, https:\/\/www.organisator.ch\/wp-content\/uploads\/2022\/10\/Neue-New-Work-Plattform-fuer-Unternehmen-geht-live_Organisator-300x219.jpg 300w\" sizes=\"auto, (max-width: 680px) 100vw, 680px\" \/><figcaption id=\"caption-attachment-17243\" class=\"wp-caption-text\">Flesk entra in funzione: una nuova piattaforma di lavoro per le aziende per implementare modelli di lavoro flessibili. (Immagine: zVg \/ Flesk)<\/figcaption><\/figure>\n<p>La nuova piattaforma di lavoro <a href=\"https:\/\/www.flesk.ch\/\">Flesk<\/a> offre una rete nazionale di <a href=\"https:\/\/www.flesk.ch\/netzwerk\">Spazi di lavoro<\/a> e consente alle aziende di accedere a postazioni di lavoro flessibili e sale riunioni ben attrezzate per i propri dipendenti. Durante la fase pilota, svoltasi da marzo all'inizio di ottobre di quest'anno, medie e grandi aziende del settore pubblico e privato - tra cui il Cantone di San Gallo, Bison, DEPT, GoBeyond e Ubique - hanno potuto testare il sistema. Oltre un centinaio di Swiss Workspaces partecipano gi\u00e0 a questa iniziativa e formano una fitta rete di luoghi di lavoro che consentono ai dipendenti di lavorare in modo rapido e flessibile in un ambiente di lavoro di qualit\u00e0. <a href=\"https:\/\/www.flesk.ch\/app\">Applicazione Flesk<\/a> (iOS e Android) possono prenotare. Poich\u00e9 Flesk si occupa della contabilit\u00e0 delle prenotazioni, le aziende non devono sostenere alcuno sforzo amministrativo aggiuntivo.<\/p>\n<h3><strong>Implementazione di forme di lavoro autodeterminate e flessibili<\/strong><\/h3>\n<p>Flesk si descrive come una possibile risposta al cambiamento dei valori del mondo del lavoro, in cui il lavoro flessibile, autodeterminato e orientato alla squadra sono nuovi standard. La carenza di lavoratori qualificati e l'elevato livello di connessione in rete fanno s\u00ec che i dipendenti e i team vogliano decidere autonomamente come, dove e quando lavorare. Le aziende possono, ad esempio, utilizzare Flesk per dare ai dipendenti la possibilit\u00e0 di utilizzare ambienti di lavoro professionali in tutta la Svizzera, ad esempio vicino a casa per ridurre gli spostamenti o vicino a un cliente per riunioni e presentazioni. I dipendenti possono scegliere liberamente il loro posto di lavoro nell'app per lavorare dove si trovano - l'\"ufficio GA\" per la Svizzera, per cos\u00ec dire. Tutte le postazioni di lavoro della rete dispongono di un'infrastruttura di alta qualit\u00e0 che consente varie impostazioni, come il lavoro individuale, le videochiamate o le riunioni. In questo modo non solo si crea un complemento all'ufficio domestico, ma si offre anche l'opportunit\u00e0 di riunire i team in luoghi di lavoro stimolanti e di promuovere forme di lavoro creative e collaborative.<\/p>\n<h3><strong>Uso efficiente delle risorse <\/strong><\/h3>\n<p>Dopo la pandemia di Corona, la politica e le imprese si sono rese conto dell'importanza del lavoro indipendente dalla sede. La crisi climatica richiede anche un ripensamento della mobilit\u00e0, con un ruolo centrale del pendolarismo. Con la sua rete di posti di lavoro, la piattaforma di new-work Flesk pu\u00f2 contribuire a una riduzione sostenibile dei flussi di pendolari. Si possono evitare posti vacanti non necessari e assorbire meglio le fluttuazioni di capacit\u00e0. Questa forma di gestione flessibile del posto di lavoro pu\u00f2 aiutare le aziende sia ad aumentare la soddisfazione dei dipendenti, che possono scegliere tra diversi ambienti, sia a utilizzare le risorse in modo pi\u00f9 efficiente e a ridurre i costi. Distribuendo in modo variabile i carichi di lavoro dei dipendenti in diverse sedi esterne, \u00e8 possibile risparmiare sui costi di affitto e di energia. Questo modello pu\u00f2 anche essere un'alternativa o un'integrazione sensata per le aziende in vista dell'aumento dei costi energetici.<\/p>\n<p><em>Per saperne di pi\u00f9:\u00a0<\/em><\/p>\n<ul>\n<li><em>Sul web: <a href=\"https:\/\/flesk.ch\/\">https:\/\/flesk.ch<\/a>\u00a0<\/em><\/li>\n<li><em>App iOS: <a href=\"https:\/\/apps.apple.com\/ch\/app\/flesk\/id1605931325\">https:\/\/apps.apple.com\/ch\/app\/flesk\/id1605931325<\/a><\/em><\/li>\n<li><em>Applicazione Android: <a href=\"https:\/\/play.google.com\/store\/apps\/details?id=ch.flesk.app\">https:\/\/play.google.com\/store\/apps\/details?id=ch.flesk.app<\/a><\/em><\/li>\n<\/ul>","protected":false},"excerpt":{"rendered":"<p>Die New-Work-Plattform Flesk bietet ein schweizweites Netzwerk an Workspaces und erm\u00f6glicht Unternehmen den Zugang zu gut ausgestatteten flexiblen Arbeitspl\u00e4tzen und Meetingr\u00e4umen f\u00fcr ihre Mitarbeitenden. W\u00e4hrend der Pilot-Phase von M\u00e4rz bis Anfang Oktober dieses Jahres konnten mittlere und grosse Betriebe im privaten und \u00f6ffentlichen Sektor \u2013 u. a. der Kanton St. Gallen, Bison, DEPT, GoBeyond und [&hellip;]<\/p>\n","protected":false},"author":4,"featured_media":17243,"comment_status":"closed","ping_status":"closed","sticky":false,"template":"","format":"standard","meta":{"_acf_changed":false,"_yoast_wpseo_focuskw":"New-Work-Plattform","_yoast_wpseo_metadesc":"Die New-Work-Plattform Flesk beendet seine siebenmonatige Beta-Phase und hat per 12. Oktober den offiziellen Go Live verk\u00fcndet.","articlekey":"","footnotes":""},"categories":[28],"tags":[135,358,363,393],"class_list":["post-17242","post","type-post","status-publish","format-standard","has-post-thumbnail","hentry","category-management","tag-coworking","tag-nachhaltige-wirtschaft","tag-new-work","tag-produkte"],"acf":[],"yoast_head":"<!-- This site is optimized with the Yoast SEO plugin v27.4 - https:\/\/yoast.com\/product\/yoast-seo-wordpress\/ -->\n<title>Neue New-Work-Plattform f\u00fcr Unternehmen geht live - Organisator<\/title>\n<meta name=\"description\" content=\"Die New-Work-Plattform Flesk beendet seine siebenmonatige Beta-Phase und hat per 12. Oktober den offiziellen Go Live verk\u00fcndet.\" \/>\n<meta name=\"robots\" content=\"index, follow, max-snippet:-1, max-image-preview:large, max-video-preview:-1\" \/>\n<link rel=\"canonical\" href=\"https:\/\/www.organisator.ch\/it\/gestione-2\/2022-10-13\/neue-new-work-plattform-fuer-unternehmen-geht-live\/\" \/>\n<meta property=\"og:locale\" content=\"it_IT\" \/>\n<meta property=\"og:type\" content=\"article\" \/>\n<meta property=\"og:title\" content=\"Neue New-Work-Plattform f\u00fcr Unternehmen geht live\" \/>\n<meta property=\"og:description\" content=\"Die New-Work-Plattform Flesk beendet seine siebenmonatige Beta-Phase und hat per 12. Oktober den offiziellen Go Live verk\u00fcndet.\" \/>\n<meta property=\"og:url\" content=\"https:\/\/www.organisator.ch\/it\/gestione-2\/2022-10-13\/neue-new-work-plattform-fuer-unternehmen-geht-live\/\" \/>\n<meta property=\"og:site_name\" content=\"Organisator\" \/>\n<meta property=\"article:publisher\" content=\"https:\/\/www.facebook.com\/OrganisatorFachmagazin\" \/>\n<meta property=\"article:published_time\" content=\"2022-10-13T06:10:03+00:00\" \/>\n<meta property=\"og:image\" content=\"https:\/\/www.organisator.ch\/wp-content\/uploads\/2022\/10\/Neue-New-Work-Plattform-fuer-Unternehmen-geht-live_Organisator.jpg\" \/>\n\t<meta property=\"og:image:width\" content=\"680\" \/>\n\t<meta property=\"og:image:height\" content=\"497\" \/>\n\t<meta property=\"og:image:type\" content=\"image\/jpeg\" \/>\n<meta name=\"author\" content=\"thomas.berner\" \/>\n<meta name=\"twitter:card\" content=\"summary_large_image\" \/>\n<meta name=\"twitter:title\" content=\"Neue #New-Work-Plattform f\u00fcr #Unternehmen geht live\" \/>\n<meta name=\"twitter:description\" content=\"Die #New-Work-Plattform #Flesk beendet seine siebenmonatige #Beta-Phase und hat per 12. Oktober den offiziellen Go Live verk\u00fcndet.\" \/>\n<meta name=\"twitter:image\" content=\"https:\/\/www.organisator.ch\/wp-content\/uploads\/2022\/10\/Neue-New-Work-Plattform-fuer-Unternehmen-geht-live_Organisator.jpg\" \/>\n<script type=\"application\/ld+json\" class=\"yoast-schema-graph\">{\"@context\":\"https:\\\/\\\/schema.org\",\"@graph\":[{\"@type\":\"Article\",\"@id\":\"https:\\\/\\\/www.organisator.ch\\\/management\\\/2022-10-13\\\/neue-new-work-plattform-fuer-unternehmen-geht-live\\\/#article\",\"isPartOf\":{\"@id\":\"https:\\\/\\\/www.organisator.ch\\\/management\\\/2022-10-13\\\/neue-new-work-plattform-fuer-unternehmen-geht-live\\\/\"},\"author\":{\"name\":\"thomas.berner\",\"@id\":\"https:\\\/\\\/www.organisator.ch\\\/#\\\/schema\\\/person\\\/6f650f90b2842cd4c0cc334b4e36f67e\"},\"headline\":\"Neue New-Work-Plattform f\u00fcr Unternehmen geht live\",\"datePublished\":\"2022-10-13T06:10:03+00:00\",\"mainEntityOfPage\":{\"@id\":\"https:\\\/\\\/www.organisator.ch\\\/management\\\/2022-10-13\\\/neue-new-work-plattform-fuer-unternehmen-geht-live\\\/\"},\"wordCount\":477,\"publisher\":{\"@id\":\"https:\\\/\\\/www.organisator.ch\\\/#organization\"},\"image\":{\"@id\":\"https:\\\/\\\/www.organisator.ch\\\/management\\\/2022-10-13\\\/neue-new-work-plattform-fuer-unternehmen-geht-live\\\/#primaryimage\"},\"thumbnailUrl\":\"https:\\\/\\\/www.organisator.ch\\\/wp-content\\\/uploads\\\/2022\\\/10\\\/Neue-New-Work-Plattform-fuer-Unternehmen-geht-live_Organisator.jpg\",\"keywords\":[\"Coworking\",\"Nachhaltige Wirtschaft\",\"New Work\",\"Produkte\"],\"articleSection\":[\"MANAGEMENT\"],\"inLanguage\":\"it-IT\"},{\"@type\":\"WebPage\",\"@id\":\"https:\\\/\\\/www.organisator.ch\\\/management\\\/2022-10-13\\\/neue-new-work-plattform-fuer-unternehmen-geht-live\\\/\",\"url\":\"https:\\\/\\\/www.organisator.ch\\\/management\\\/2022-10-13\\\/neue-new-work-plattform-fuer-unternehmen-geht-live\\\/\",\"name\":\"Neue New-Work-Plattform f\u00fcr Unternehmen geht live - Organisator\",\"isPartOf\":{\"@id\":\"https:\\\/\\\/www.organisator.ch\\\/#website\"},\"primaryImageOfPage\":{\"@id\":\"https:\\\/\\\/www.organisator.ch\\\/management\\\/2022-10-13\\\/neue-new-work-plattform-fuer-unternehmen-geht-live\\\/#primaryimage\"},\"image\":{\"@id\":\"https:\\\/\\\/www.organisator.ch\\\/management\\\/2022-10-13\\\/neue-new-work-plattform-fuer-unternehmen-geht-live\\\/#primaryimage\"},\"thumbnailUrl\":\"https:\\\/\\\/www.organisator.ch\\\/wp-content\\\/uploads\\\/2022\\\/10\\\/Neue-New-Work-Plattform-fuer-Unternehmen-geht-live_Organisator.jpg\",\"datePublished\":\"2022-10-13T06:10:03+00:00\",\"description\":\"Die New-Work-Plattform Flesk beendet seine siebenmonatige Beta-Phase und hat per 12. Oktober den offiziellen Go Live verk\u00fcndet.\",\"breadcrumb\":{\"@id\":\"https:\\\/\\\/www.organisator.ch\\\/management\\\/2022-10-13\\\/neue-new-work-plattform-fuer-unternehmen-geht-live\\\/#breadcrumb\"},\"inLanguage\":\"it-IT\",\"potentialAction\":[{\"@type\":\"ReadAction\",\"target\":[\"https:\\\/\\\/www.organisator.ch\\\/management\\\/2022-10-13\\\/neue-new-work-plattform-fuer-unternehmen-geht-live\\\/\"]}]},{\"@type\":\"ImageObject\",\"inLanguage\":\"it-IT\",\"@id\":\"https:\\\/\\\/www.organisator.ch\\\/management\\\/2022-10-13\\\/neue-new-work-plattform-fuer-unternehmen-geht-live\\\/#primaryimage\",\"url\":\"https:\\\/\\\/www.organisator.ch\\\/wp-content\\\/uploads\\\/2022\\\/10\\\/Neue-New-Work-Plattform-fuer-Unternehmen-geht-live_Organisator.jpg\",\"contentUrl\":\"https:\\\/\\\/www.organisator.ch\\\/wp-content\\\/uploads\\\/2022\\\/10\\\/Neue-New-Work-Plattform-fuer-Unternehmen-geht-live_Organisator.jpg\",\"width\":680,\"height\":497,\"caption\":\"Flesk geht live: Eine neue New-Work-Plattform f\u00fcr Unternehmen zur Umsetzung flexibler Arbeitsmodelle. (Bild: zVg \\\/ Flesk)\"},{\"@type\":\"BreadcrumbList\",\"@id\":\"https:\\\/\\\/www.organisator.ch\\\/management\\\/2022-10-13\\\/neue-new-work-plattform-fuer-unternehmen-geht-live\\\/#breadcrumb\",\"itemListElement\":[{\"@type\":\"ListItem\",\"position\":1,\"name\":\"Home\",\"item\":\"https:\\\/\\\/www.organisator.ch\\\/\"},{\"@type\":\"ListItem\",\"position\":2,\"name\":\"Neue New-Work-Plattform f\u00fcr Unternehmen geht live\"}]},{\"@type\":\"WebSite\",\"@id\":\"https:\\\/\\\/www.organisator.ch\\\/#website\",\"url\":\"https:\\\/\\\/www.organisator.ch\\\/\",\"name\":\"Organisator\",\"description\":\"Kompetent. Praxisnah. Der ORGANISATOR bereitet in 10 Ausgaben pro Jahr die wesentlichen Themen f\u00fcr F\u00fchrungskr\u00e4fte von KMU auf.\",\"publisher\":{\"@id\":\"https:\\\/\\\/www.organisator.ch\\\/#organization\"},\"potentialAction\":[{\"@type\":\"SearchAction\",\"target\":{\"@type\":\"EntryPoint\",\"urlTemplate\":\"https:\\\/\\\/www.organisator.ch\\\/?s={search_term_string}\"},\"query-input\":{\"@type\":\"PropertyValueSpecification\",\"valueRequired\":true,\"valueName\":\"search_term_string\"}}],\"inLanguage\":\"it-IT\"},{\"@type\":\"Organization\",\"@id\":\"https:\\\/\\\/www.organisator.ch\\\/#organization\",\"name\":\"Organisator\",\"url\":\"https:\\\/\\\/www.organisator.ch\\\/\",\"logo\":{\"@type\":\"ImageObject\",\"inLanguage\":\"it-IT\",\"@id\":\"https:\\\/\\\/www.organisator.ch\\\/#\\\/schema\\\/logo\\\/image\\\/\",\"url\":\"https:\\\/\\\/www.organisator.ch\\\/wp-content\\\/uploads\\\/2022\\\/01\\\/Logo_Organisator_Website.png\",\"contentUrl\":\"https:\\\/\\\/www.organisator.ch\\\/wp-content\\\/uploads\\\/2022\\\/01\\\/Logo_Organisator_Website.png\",\"width\":800,\"height\":77,\"caption\":\"Organisator\"},\"image\":{\"@id\":\"https:\\\/\\\/www.organisator.ch\\\/#\\\/schema\\\/logo\\\/image\\\/\"},\"sameAs\":[\"https:\\\/\\\/www.facebook.com\\\/OrganisatorFachmagazin\",\"https:\\\/\\\/www.linkedin.com\\\/showcase\\\/organisator-das-magazin-fr-kmu\",\"https:\\\/\\\/www.xing.com\\\/news\\\/pages\\\/organisator-ch-695\",\"https:\\\/\\\/www.youtube.com\\\/channel\\\/UCGP2Sq0iWaZwT3BdIAQFYpw\"]},{\"@type\":\"Person\",\"@id\":\"https:\\\/\\\/www.organisator.ch\\\/#\\\/schema\\\/person\\\/6f650f90b2842cd4c0cc334b4e36f67e\",\"name\":\"thomas.berner\",\"image\":{\"@type\":\"ImageObject\",\"inLanguage\":\"it-IT\",\"@id\":\"https:\\\/\\\/secure.gravatar.com\\\/avatar\\\/ac5001d2a36cb6c6cd3e50789007ffca834b477b74a2144564522e944eabff61?s=96&d=mm&r=g\",\"url\":\"https:\\\/\\\/secure.gravatar.com\\\/avatar\\\/ac5001d2a36cb6c6cd3e50789007ffca834b477b74a2144564522e944eabff61?s=96&d=mm&r=g\",\"contentUrl\":\"https:\\\/\\\/secure.gravatar.com\\\/avatar\\\/ac5001d2a36cb6c6cd3e50789007ffca834b477b74a2144564522e944eabff61?s=96&d=mm&r=g\",\"caption\":\"thomas.berner\"},\"url\":\"https:\\\/\\\/www.organisator.ch\\\/it\\\/author\\\/thomas-berner\\\/\"}]}<\/script>\n<!-- \/ Yoast SEO plugin. -->","yoast_head_json":{"title":"Entra in funzione la nuova piattaforma New Work per le aziende - Organizzatore","description":"La nuova piattaforma di lavoro Flesk termina la sua fase beta durata sette mesi e diventa ufficialmente operativa il 12 ottobre.","robots":{"index":"index","follow":"follow","max-snippet":"max-snippet:-1","max-image-preview":"max-image-preview:large","max-video-preview":"max-video-preview:-1"},"canonical":"https:\/\/www.organisator.ch\/it\/gestione-2\/2022-10-13\/neue-new-work-plattform-fuer-unternehmen-geht-live\/","og_locale":"it_IT","og_type":"article","og_title":"Neue New-Work-Plattform f\u00fcr Unternehmen geht live","og_description":"Die New-Work-Plattform Flesk beendet seine siebenmonatige Beta-Phase und hat per 12. Oktober den offiziellen Go Live verk\u00fcndet.","og_url":"https:\/\/www.organisator.ch\/it\/gestione-2\/2022-10-13\/neue-new-work-plattform-fuer-unternehmen-geht-live\/","og_site_name":"Organisator","article_publisher":"https:\/\/www.facebook.com\/OrganisatorFachmagazin","article_published_time":"2022-10-13T06:10:03+00:00","og_image":[{"width":680,"height":497,"url":"https:\/\/www.organisator.ch\/wp-content\/uploads\/2022\/10\/Neue-New-Work-Plattform-fuer-Unternehmen-geht-live_Organisator.jpg","type":"image\/jpeg"}],"author":"thomas.berner","twitter_card":"summary_large_image","twitter_title":"Neue #New-Work-Plattform f\u00fcr #Unternehmen geht live","twitter_description":"Die #New-Work-Plattform #Flesk beendet seine siebenmonatige #Beta-Phase und hat per 12. Oktober den offiziellen Go Live verk\u00fcndet.","twitter_image":"https:\/\/www.organisator.ch\/wp-content\/uploads\/2022\/10\/Neue-New-Work-Plattform-fuer-Unternehmen-geht-live_Organisator.jpg","schema":{"@context":"https:\/\/schema.org","@graph":[{"@type":"Article","@id":"https:\/\/www.organisator.ch\/management\/2022-10-13\/neue-new-work-plattform-fuer-unternehmen-geht-live\/#article","isPartOf":{"@id":"https:\/\/www.organisator.ch\/management\/2022-10-13\/neue-new-work-plattform-fuer-unternehmen-geht-live\/"},"author":{"name":"thomas.berner","@id":"https:\/\/www.organisator.ch\/#\/schema\/person\/6f650f90b2842cd4c0cc334b4e36f67e"},"headline":"Neue New-Work-Plattform f\u00fcr Unternehmen geht live","datePublished":"2022-10-13T06:10:03+00:00","mainEntityOfPage":{"@id":"https:\/\/www.organisator.ch\/management\/2022-10-13\/neue-new-work-plattform-fuer-unternehmen-geht-live\/"},"wordCount":477,"publisher":{"@id":"https:\/\/www.organisator.ch\/#organization"},"image":{"@id":"https:\/\/www.organisator.ch\/management\/2022-10-13\/neue-new-work-plattform-fuer-unternehmen-geht-live\/#primaryimage"},"thumbnailUrl":"https:\/\/www.organisator.ch\/wp-content\/uploads\/2022\/10\/Neue-New-Work-Plattform-fuer-Unternehmen-geht-live_Organisator.jpg","keywords":["Coworking","Nachhaltige Wirtschaft","New Work","Produkte"],"articleSection":["MANAGEMENT"],"inLanguage":"it-IT"},{"@type":"WebPage","@id":"https:\/\/www.organisator.ch\/management\/2022-10-13\/neue-new-work-plattform-fuer-unternehmen-geht-live\/","url":"https:\/\/www.organisator.ch\/management\/2022-10-13\/neue-new-work-plattform-fuer-unternehmen-geht-live\/","name":"Entra in funzione la nuova piattaforma New Work per le aziende - Organizzatore","isPartOf":{"@id":"https:\/\/www.organisator.ch\/#website"},"primaryImageOfPage":{"@id":"https:\/\/www.organisator.ch\/management\/2022-10-13\/neue-new-work-plattform-fuer-unternehmen-geht-live\/#primaryimage"},"image":{"@id":"https:\/\/www.organisator.ch\/management\/2022-10-13\/neue-new-work-plattform-fuer-unternehmen-geht-live\/#primaryimage"},"thumbnailUrl":"https:\/\/www.organisator.ch\/wp-content\/uploads\/2022\/10\/Neue-New-Work-Plattform-fuer-Unternehmen-geht-live_Organisator.jpg","datePublished":"2022-10-13T06:10:03+00:00","description":"La nuova piattaforma di lavoro Flesk termina la sua fase beta durata sette mesi e diventa ufficialmente operativa il 12 ottobre.","breadcrumb":{"@id":"https:\/\/www.organisator.ch\/management\/2022-10-13\/neue-new-work-plattform-fuer-unternehmen-geht-live\/#breadcrumb"},"inLanguage":"it-IT","potentialAction":[{"@type":"ReadAction","target":["https:\/\/www.organisator.ch\/management\/2022-10-13\/neue-new-work-plattform-fuer-unternehmen-geht-live\/"]}]},{"@type":"ImageObject","inLanguage":"it-IT","@id":"https:\/\/www.organisator.ch\/management\/2022-10-13\/neue-new-work-plattform-fuer-unternehmen-geht-live\/#primaryimage","url":"https:\/\/www.organisator.ch\/wp-content\/uploads\/2022\/10\/Neue-New-Work-Plattform-fuer-Unternehmen-geht-live_Organisator.jpg","contentUrl":"https:\/\/www.organisator.ch\/wp-content\/uploads\/2022\/10\/Neue-New-Work-Plattform-fuer-Unternehmen-geht-live_Organisator.jpg","width":680,"height":497,"caption":"Flesk geht live: Eine neue New-Work-Plattform f\u00fcr Unternehmen zur Umsetzung flexibler Arbeitsmodelle. (Bild: zVg \/ Flesk)"},{"@type":"BreadcrumbList","@id":"https:\/\/www.organisator.ch\/management\/2022-10-13\/neue-new-work-plattform-fuer-unternehmen-geht-live\/#breadcrumb","itemListElement":[{"@type":"ListItem","position":1,"name":"Home","item":"https:\/\/www.organisator.ch\/"},{"@type":"ListItem","position":2,"name":"Neue New-Work-Plattform f\u00fcr Unternehmen geht live"}]},{"@type":"WebSite","@id":"https:\/\/www.organisator.ch\/#website","url":"https:\/\/www.organisator.ch\/","name":"Organizzatore","description":"Competente. Pratico. In 10 numeri all'anno, ORGANISATOR presenta i temi essenziali per i manager delle PMI.","publisher":{"@id":"https:\/\/www.organisator.ch\/#organization"},"potentialAction":[{"@type":"SearchAction","target":{"@type":"EntryPoint","urlTemplate":"https:\/\/www.organisator.ch\/?s={search_term_string}"},"query-input":{"@type":"PropertyValueSpecification","valueRequired":true,"valueName":"search_term_string"}}],"inLanguage":"it-IT"},{"@type":"Organization","@id":"https:\/\/www.organisator.ch\/#organization","name":"Organizzatore","url":"https:\/\/www.organisator.ch\/","logo":{"@type":"ImageObject","inLanguage":"it-IT","@id":"https:\/\/www.organisator.ch\/#\/schema\/logo\/image\/","url":"https:\/\/www.organisator.ch\/wp-content\/uploads\/2022\/01\/Logo_Organisator_Website.png","contentUrl":"https:\/\/www.organisator.ch\/wp-content\/uploads\/2022\/01\/Logo_Organisator_Website.png","width":800,"height":77,"caption":"Organisator"},"image":{"@id":"https:\/\/www.organisator.ch\/#\/schema\/logo\/image\/"},"sameAs":["https:\/\/www.facebook.com\/OrganisatorFachmagazin","https:\/\/www.linkedin.com\/showcase\/organisator-das-magazin-fr-kmu","https:\/\/www.xing.com\/news\/pages\/organisator-ch-695","https:\/\/www.youtube.com\/channel\/UCGP2Sq0iWaZwT3BdIAQFYpw"]},{"@type":"Person","@id":"https:\/\/www.organisator.ch\/#\/schema\/person\/6f650f90b2842cd4c0cc334b4e36f67e","name":"Tommaso.berner","image":{"@type":"ImageObject","inLanguage":"it-IT","@id":"https:\/\/secure.gravatar.com\/avatar\/ac5001d2a36cb6c6cd3e50789007ffca834b477b74a2144564522e944eabff61?s=96&d=mm&r=g","url":"https:\/\/secure.gravatar.com\/avatar\/ac5001d2a36cb6c6cd3e50789007ffca834b477b74a2144564522e944eabff61?s=96&d=mm&r=g","contentUrl":"https:\/\/secure.gravatar.com\/avatar\/ac5001d2a36cb6c6cd3e50789007ffca834b477b74a2144564522e944eabff61?s=96&d=mm&r=g","caption":"thomas.berner"},"url":"https:\/\/www.organisator.ch\/it\/author\/thomas-berner\/"}]}},"_links":{"self":[{"href":"https:\/\/www.organisator.ch\/it\/wp-json\/wp\/v2\/posts\/17242","targetHints":{"allow":["GET"]}}],"collection":[{"href":"https:\/\/www.organisator.ch\/it\/wp-json\/wp\/v2\/posts"}],"about":[{"href":"https:\/\/www.organisator.ch\/it\/wp-json\/wp\/v2\/types\/post"}],"author":[{"embeddable":true,"href":"https:\/\/www.organisator.ch\/it\/wp-json\/wp\/v2\/users\/4"}],"replies":[{"embeddable":true,"href":"https:\/\/www.organisator.ch\/it\/wp-json\/wp\/v2\/comments?post=17242"}],"version-history":[{"count":1,"href":"https:\/\/www.organisator.ch\/it\/wp-json\/wp\/v2\/posts\/17242\/revisions"}],"predecessor-version":[{"id":17244,"href":"https:\/\/www.organisator.ch\/it\/wp-json\/wp\/v2\/posts\/17242\/revisions\/17244"}],"wp:featuredmedia":[{"embeddable":true,"href":"https:\/\/www.organisator.ch\/it\/wp-json\/wp\/v2\/media\/17243"}],"wp:attachment":[{"href":"https:\/\/www.organisator.ch\/it\/wp-json\/wp\/v2\/media?parent=17242"}],"wp:term":[{"taxonomy":"category","embeddable":true,"href":"https:\/\/www.organisator.ch\/it\/wp-json\/wp\/v2\/categories?post=17242"},{"taxonomy":"post_tag","embeddable":true,"href":"https:\/\/www.organisator.ch\/it\/wp-json\/wp\/v2\/tags?post=17242"}],"curies":[{"name":"wp","href":"https:\/\/api.w.org\/{rel}","templated":true}]}}