{"id":17252,"date":"2022-10-14T09:38:36","date_gmt":"2022-10-14T07:38:36","guid":{"rendered":"https:\/\/www.organisator.ch\/?p=17252"},"modified":"2022-10-13T10:01:52","modified_gmt":"2022-10-13T08:01:52","slug":"negative-anlagerenditen-machen-sich-bei-pensionskassen-bemerkbar","status":"publish","type":"post","link":"https:\/\/www.organisator.ch\/it\/management\/finanzen_recht\/2022-10-14\/negative-anlagerenditen-machen-sich-bei-pensionskassen-bemerkbar\/","title":{"rendered":"I rendimenti negativi degli investimenti si fanno sentire sui fondi pensione"},"content":{"rendered":"<figure id=\"attachment_17253\" aria-describedby=\"caption-attachment-17253\" style=\"width: 680px\" class=\"wp-caption alignnone\"><img loading=\"lazy\" decoding=\"async\" class=\"size-full wp-image-17253\" src=\"https:\/\/www.organisator.ch\/wp-content\/uploads\/2022\/10\/Negative-Anlagerendite-macht-sich-bei-Pensionskassen-bemerkbar_Organisator.jpg\" alt=\"\" width=\"680\" height=\"434\" srcset=\"https:\/\/www.organisator.ch\/wp-content\/uploads\/2022\/10\/Negative-Anlagerendite-macht-sich-bei-Pensionskassen-bemerkbar_Organisator.jpg 680w, https:\/\/www.organisator.ch\/wp-content\/uploads\/2022\/10\/Negative-Anlagerendite-macht-sich-bei-Pensionskassen-bemerkbar_Organisator-18x12.jpg 18w, https:\/\/www.organisator.ch\/wp-content\/uploads\/2022\/10\/Negative-Anlagerendite-macht-sich-bei-Pensionskassen-bemerkbar_Organisator-274x175.jpg 274w, https:\/\/www.organisator.ch\/wp-content\/uploads\/2022\/10\/Negative-Anlagerendite-macht-sich-bei-Pensionskassen-bemerkbar_Organisator-548x350.jpg 548w, https:\/\/www.organisator.ch\/wp-content\/uploads\/2022\/10\/Negative-Anlagerendite-macht-sich-bei-Pensionskassen-bemerkbar_Organisator-300x191.jpg 300w\" sizes=\"auto, (max-width: 680px) 100vw, 680px\" \/><figcaption id=\"caption-attachment-17253\" class=\"wp-caption-text\">Der WTW Pension Index ist im dritten Quartal gesunken. Mit verantwortlich daf\u00fcr sind negative Anlagerenditen. (Grafik: WTW)<\/figcaption><\/figure>\n<p>Der Swiss Pension Finance Watch untersucht viertelj\u00e4hrlich die Auswirkungen der Kapitalmarktentwicklungen auf die Finanzierung von Vorsorgepl\u00e4nen in der Schweiz. Diese Studie ist ein Teil des von WTW publizierten <a href=\"https:\/\/www.wtwco.com\/en-GB\/Search#q=pension finance watch&amp;sort=@displayz45xdate descending&amp;f:@publication=[Global Pension Finance Watch]\">Global Pension Finance Watch<\/a>, in welchem alle Ergebnisse der wichtigsten Rentenm\u00e4rkte ab dem Jahr 2000 enthalten sind. Die Studienergebnisse werden viertelj\u00e4hrlich ver\u00f6ffentlicht. Ihr Schwerpunkt liegt auf Anlageverm\u00f6gen und Verpflichtungen. Die Studie umfasst Vorsorgepl\u00e4ne in Brasilien, Kanada, der Euro-Zone, Japan, der Schweiz, dem Vereinigten K\u00f6nigreich und den USA. Die Erhebung basiert auf dem International Accounting Standard 19 (IAS 19) und US GAAP FASB ASC 715. Der Index stellt die quartalsweise Entwicklung des Ausfinanzierungsgrads unter diesen Rechnungslegungsstandards dar, statt den sonst typischen Deckungsgrad der schweizerischen Vorsorgepl\u00e4ne anzugeben.<\/p>\n<h3>Verm\u00f6gen gehen um 3,3 Prozent zur\u00fcck<\/h3>\n<p>In der ersten Jahresh\u00e4lfte 2022 glich der deutliche und stetige Anstieg der Diskontierungss\u00e4tze die r\u00fcckl\u00e4ufigen Planverm\u00f6gen aus, so dass sich die Pensionsverpflichtungen in den Unternehmensbilanzen netto weiter verbesserten. Im dritten Quartal waren die Anleiherenditen, welche dem Diskontierungssatz zugrunde liegen, sehr volatil, schlossen aber nur knapp h\u00f6her als im vorhergehenden Quartal. Im Vergleich zum zweiten Quartalsende blieben die Pensionsverpflichtungen insgesamt relativ stabil. Die Pensionsverpflichtungen f\u00fcr Unternehmen nach internationalen Rechnungslegungsstandards verharren noch immer rund 20 % niedriger als zu Jahresbeginn und bewegen sich damit beinahe am tiefsten Stand seit neun Jahren. Die Planverm\u00f6gen gingen im dritten Quartal um weitere 3,3 % zur\u00fcck, sodass der WTW Pension Index um 4,4 % einbrach. Wie aus dem WTW Pension Index hervorgeht, fiel der illustrative Deckungsgrad (d. h. das Verh\u00e4ltnis von Planverm\u00f6gen zu Pensionsverpflichtungen) von 129,7 % per 30. Juni 2022 auf 125,3 % per 30. September 2022.<\/p>\n<h3>Negative Anlagerenditen: Was sie bedeuten<\/h3>\n<p>Erstmals seit \u00fcber zehn Jahren verzeichnen Anleihen mit den f\u00fcr Pensionskassen wichtigsten Laufzeiten negative Anlagerenditen. F\u00fcr Vorsorgepl\u00e4ne mit einer Laufzeit von mehr als zehn Jahren bedeutet dies unter den aktuellen Bedingungen, dass der Diskontierungssatz mit zunehmender Laufzeit des Plans sinkt (wom\u00f6glich sogar um 5 bis 10 Basispunkte). Unter \u00abnormalen\u00bb Umst\u00e4nden ist das Gegenteil der Fall: Dann verlangt ein Schuldtitelinhaber als Entsch\u00e4digung f\u00fcr die Zins\u00e4nderungs- und Ausfallrisiken eine h\u00f6here Rendite, je l\u00e4nger die Laufzeit einer Anleihe ist. \u00abTrotz der volatilen Marktbedingungen, der sehr schlechten Anlagerenditen im bisherigen Jahresverlauf und der ungew\u00f6hnlichen Inversion der Renditekurve f\u00fcr Unternehmensanleihen k\u00f6nnen Unternehmen gegen\u00fcber dem Jahresbeginn noch immer mit einer Verbesserung der Netto-Pensionsverpflichtungen in der Bilanz rechnen. Hingegen d\u00fcrften sich die Ausfinanzierungsgrade der lokalen Vorsorgepl\u00e4ne deutlich verschlechtert haben, da der technische Zinssatz, welcher den lokalen Verpflichtungen zugrunde liegt, weitaus stabiler geblieben ist\u00bb, erl\u00e4utert Adam Casey, Head of Corporate Retirement Consulting bei WTW in Z\u00fcrich.<\/p>\n<p>F\u00fcr Pl\u00e4ne mit einer Laufzeit von bis zu 16 Jahren verbesserte sich der Diskontierungssatz im dritten Quartal, w\u00e4hrend der Diskontierungssatz f\u00fcr Pl\u00e4ne mit einer l\u00e4ngeren Duration im Laufe des Quartals zur\u00fcckging.\u00a0\u00abDer Verlauf der Renditekurve erschwert Unternehmen, welche ihre Pensionsverpflichtungen viertelj\u00e4hrlich ausweisen, die grobe Einsch\u00e4tzung, ob ihre Verpflichtungen w\u00e4hrend des Quartals zu- oder abgenommen haben, da dies von der Duration des Pensionsplans abh\u00e4ngt\u00bb, erkl\u00e4rt Adam Casey. Bei einer Inversion der Renditekurve sind Investoren, welche Anleihen mit l\u00e4ngerer Laufzeit kaufen, bereit, eine geringere Entsch\u00e4digung f\u00fcr ihre Risikoexposition zu akzeptieren als sie f\u00fcr ein Engagement mit einer k\u00fcrzeren Laufzeit erhalten w\u00fcrden. In der Regel wird die Inversion der Renditekurve daher als Anzeichen gesehen, dass der Markt den wirtschaftlichen Aussichten der nahen Zukunft eher pessimistisch gegen\u00fcbersteht.<\/p>\n<h3>H\u00f6chststand der Inflation bald oder bereits erreicht \u2013 m\u00f6gliche Chancen f\u00fcr Investitionen in Anleihen<\/h3>\n<p>F\u00fcr die Pensionskassen war das 3. Quartal wieder ein negatives, wenngleich die kurze Verschnaufpause im Juli den besonders schlechten September etwas ausgleichen konnte. Die Verm\u00f6genswerte einer typischen Schweizer Pensionskasse brachen in diesem Quartal um rund 3 % ein. Die Jahresrendite liegt derzeit bei rund -13 %.<\/p>\n<p>Da die Inflation weiterhin anstieg, mussten die Zentralbanken mit kr\u00e4ftigen Zinserh\u00f6hungen reagieren. Es ist davon auszugehen, dass die Inflation in den USA ihren H\u00f6hepunkt bereits erreicht hat und sich nun langsam abflachen wird. In Europa wird der H\u00f6hepunkt f\u00fcr das 4. Quartal oder sp\u00e4testens f\u00fcr das 1. Quartal 2023 erwartet. In der Schweiz lag die Inflationsrate mit 3,5 % im August immer noch niedriger als in ihren Nachbarl\u00e4ndern. \u00abDie Erwartung, dass die Zinsen kurz- bis mittelfristig ihren H\u00f6hepunkt erreichen werden, macht ein Investment in Anleihen gegen\u00fcber Aktien wieder attraktiv\u00bb, \u00e4ussert sich Alexandra Tischendorf, Head of Investment bei WTW.<\/p>\n<p>Die Realzinsen verzeichnen einen Anstieg, wenngleich noch im negativen Bereich. Innerhalb des Anleihesegments scheinen sich Chancen im Bereich der Investment-Grade Unternehmensanleihen aufzutun, da die Kreditbewertungen von ihren H\u00f6chstst\u00e4nden zur\u00fcckgingen und die Ausfallraten bei Hochzinsanleihen steigen.<\/p>\n<p>Es sei wichtig, dass die Stiftungsr\u00e4te der Pensionskassen trotz der Herausforderungen, die das aktuelle Umfeld bereith\u00e4lt, ihren langfristigen Anlagehorizont und ihre Ziele nicht aus den Augen verl\u00f6ren, so die Expertinnen und Experten von WTW. \u00abDie Stiftungsr\u00e4te der Pensionskassen m\u00fcssen sich weiterhin auf die langfristige, nachhaltige Ausrichtung der Anlagestrategie konzentrieren. Dazu geh\u00f6ren Aspekte wie die Diversifizierung von Risikopr\u00e4mien, die Ber\u00fccksichtigung nachhaltiger Anlageprinzipien sowie eine Verbesserung des Risikomanagements und der Governance\u00bb, r\u00e4t Alexandra Tischendorf.<\/p>\n<p><em>Quelle und weitere Informationen: <a href=\"https:\/\/www.wtwco.com\/de-CH\">wtwco.com<\/a>.<\/em><\/p>\n","protected":false},"excerpt":{"rendered":"<p>Der Swiss Pension Finance Watch untersucht viertelj\u00e4hrlich die Auswirkungen der Kapitalmarktentwicklungen auf die Finanzierung von Vorsorgepl\u00e4nen in der Schweiz. Diese Studie ist ein Teil des von WTW publizierten Global Pension Finance Watch, in welchem alle Ergebnisse der wichtigsten Rentenm\u00e4rkte ab dem Jahr 2000 enthalten sind. Die Studienergebnisse werden viertelj\u00e4hrlich ver\u00f6ffentlicht. Ihr Schwerpunkt liegt auf Anlageverm\u00f6gen [&hellip;]<\/p>\n","protected":false},"author":4,"featured_media":17253,"comment_status":"closed","ping_status":"closed","sticky":false,"template":"","format":"standard","meta":{"_acf_changed":false,"_yoast_wpseo_focuskw":"Negative Anlagerenditen","_yoast_wpseo_metadesc":"Die Unternehmensbilanzen der Schweizer Pensionskassen sp\u00fcren nun die Auswirkungen von negativen Anlagerenditen.","articlekey":"","footnotes":""},"categories":[24],"tags":[202,335,377],"class_list":["post-17252","post","type-post","status-publish","format-standard","has-post-thumbnail","hentry","category-finanzen_recht","tag-finanzenrecht","tag-management-und-unternehmensfuehrung","tag-pensionskassen"],"acf":[],"yoast_head":"<!-- This site is optimized with the Yoast SEO plugin v27.5 - https:\/\/yoast.com\/product\/yoast-seo-wordpress\/ -->\n<title>Negative Anlagerenditen machen sich bei Pensionskassen bemerkbar - Organisator<\/title>\n<meta name=\"description\" content=\"Die Unternehmensbilanzen der Schweizer Pensionskassen sp\u00fcren nun die Auswirkungen von negativen Anlagerenditen.\" \/>\n<meta name=\"robots\" content=\"index, follow, max-snippet:-1, max-image-preview:large, max-video-preview:-1\" \/>\n<link rel=\"canonical\" href=\"https:\/\/www.organisator.ch\/it\/gestione-2\/finanzen_recht\/2022-10-14\/negative-anlagerenditen-machen-sich-bei-pensionskassen-bemerkbar\/\" \/>\n<meta property=\"og:locale\" content=\"it_IT\" \/>\n<meta property=\"og:type\" content=\"article\" \/>\n<meta property=\"og:title\" content=\"Negative Anlagerenditen machen sich bei Pensionskassen bemerkbar\" \/>\n<meta property=\"og:description\" content=\"Die Unternehmensbilanzen der Schweizer Pensionskassen sp\u00fcren nun die Auswirkungen von negativen Anlagerenditen.\" \/>\n<meta property=\"og:url\" content=\"https:\/\/www.organisator.ch\/it\/gestione-2\/finanzen_recht\/2022-10-14\/negative-anlagerenditen-machen-sich-bei-pensionskassen-bemerkbar\/\" \/>\n<meta property=\"og:site_name\" content=\"Organisator\" \/>\n<meta property=\"article:publisher\" content=\"https:\/\/www.facebook.com\/OrganisatorFachmagazin\" \/>\n<meta property=\"article:published_time\" content=\"2022-10-14T07:38:36+00:00\" \/>\n<meta property=\"og:image\" content=\"https:\/\/www.organisator.ch\/wp-content\/uploads\/2022\/10\/Negative-Anlagerendite-macht-sich-bei-Pensionskassen-bemerkbar_Organisator.jpg\" \/>\n\t<meta property=\"og:image:width\" content=\"680\" \/>\n\t<meta property=\"og:image:height\" content=\"434\" \/>\n\t<meta property=\"og:image:type\" content=\"image\/jpeg\" \/>\n<meta name=\"author\" content=\"thomas.berner\" \/>\n<meta name=\"twitter:card\" content=\"summary_large_image\" \/>\n<meta name=\"twitter:title\" content=\"Negative #Anlagerenditen machen sich bei #Pensionskassen bemerkbar\" \/>\n<meta name=\"twitter:description\" content=\"Die #Unternehmensbilanzen der Schweizer #Pensionskassen sp\u00fcren nun die Auswirkungen von negativen #Anlagerenditen.\" \/>\n<meta name=\"twitter:image\" content=\"https:\/\/www.organisator.ch\/wp-content\/uploads\/2022\/10\/Negative-Anlagerendite-macht-sich-bei-Pensionskassen-bemerkbar_Organisator.jpg\" \/>\n<script type=\"application\/ld+json\" class=\"yoast-schema-graph\">{\"@context\":\"https:\\\/\\\/schema.org\",\"@graph\":[{\"@type\":\"Article\",\"@id\":\"https:\\\/\\\/www.organisator.ch\\\/management\\\/finanzen_recht\\\/2022-10-14\\\/negative-anlagerenditen-machen-sich-bei-pensionskassen-bemerkbar\\\/#article\",\"isPartOf\":{\"@id\":\"https:\\\/\\\/www.organisator.ch\\\/management\\\/finanzen_recht\\\/2022-10-14\\\/negative-anlagerenditen-machen-sich-bei-pensionskassen-bemerkbar\\\/\"},\"author\":{\"name\":\"thomas.berner\",\"@id\":\"https:\\\/\\\/www.organisator.ch\\\/#\\\/schema\\\/person\\\/6f650f90b2842cd4c0cc334b4e36f67e\"},\"headline\":\"Negative Anlagerenditen machen sich bei Pensionskassen bemerkbar\",\"datePublished\":\"2022-10-14T07:38:36+00:00\",\"mainEntityOfPage\":{\"@id\":\"https:\\\/\\\/www.organisator.ch\\\/management\\\/finanzen_recht\\\/2022-10-14\\\/negative-anlagerenditen-machen-sich-bei-pensionskassen-bemerkbar\\\/\"},\"wordCount\":893,\"publisher\":{\"@id\":\"https:\\\/\\\/www.organisator.ch\\\/#organization\"},\"image\":{\"@id\":\"https:\\\/\\\/www.organisator.ch\\\/management\\\/finanzen_recht\\\/2022-10-14\\\/negative-anlagerenditen-machen-sich-bei-pensionskassen-bemerkbar\\\/#primaryimage\"},\"thumbnailUrl\":\"https:\\\/\\\/www.organisator.ch\\\/wp-content\\\/uploads\\\/2022\\\/10\\\/Negative-Anlagerendite-macht-sich-bei-Pensionskassen-bemerkbar_Organisator.jpg\",\"keywords\":[\"Finanzen\\\/Recht\",\"Management und Unternehmensf\u00fchrung\",\"Pensionskassen\"],\"articleSection\":[\"FINANZEN\\\/RECHT\"],\"inLanguage\":\"it-IT\"},{\"@type\":\"WebPage\",\"@id\":\"https:\\\/\\\/www.organisator.ch\\\/management\\\/finanzen_recht\\\/2022-10-14\\\/negative-anlagerenditen-machen-sich-bei-pensionskassen-bemerkbar\\\/\",\"url\":\"https:\\\/\\\/www.organisator.ch\\\/management\\\/finanzen_recht\\\/2022-10-14\\\/negative-anlagerenditen-machen-sich-bei-pensionskassen-bemerkbar\\\/\",\"name\":\"Negative Anlagerenditen machen sich bei Pensionskassen bemerkbar - Organisator\",\"isPartOf\":{\"@id\":\"https:\\\/\\\/www.organisator.ch\\\/#website\"},\"primaryImageOfPage\":{\"@id\":\"https:\\\/\\\/www.organisator.ch\\\/management\\\/finanzen_recht\\\/2022-10-14\\\/negative-anlagerenditen-machen-sich-bei-pensionskassen-bemerkbar\\\/#primaryimage\"},\"image\":{\"@id\":\"https:\\\/\\\/www.organisator.ch\\\/management\\\/finanzen_recht\\\/2022-10-14\\\/negative-anlagerenditen-machen-sich-bei-pensionskassen-bemerkbar\\\/#primaryimage\"},\"thumbnailUrl\":\"https:\\\/\\\/www.organisator.ch\\\/wp-content\\\/uploads\\\/2022\\\/10\\\/Negative-Anlagerendite-macht-sich-bei-Pensionskassen-bemerkbar_Organisator.jpg\",\"datePublished\":\"2022-10-14T07:38:36+00:00\",\"description\":\"Die Unternehmensbilanzen der Schweizer Pensionskassen sp\u00fcren nun die Auswirkungen von negativen Anlagerenditen.\",\"breadcrumb\":{\"@id\":\"https:\\\/\\\/www.organisator.ch\\\/management\\\/finanzen_recht\\\/2022-10-14\\\/negative-anlagerenditen-machen-sich-bei-pensionskassen-bemerkbar\\\/#breadcrumb\"},\"inLanguage\":\"it-IT\",\"potentialAction\":[{\"@type\":\"ReadAction\",\"target\":[\"https:\\\/\\\/www.organisator.ch\\\/management\\\/finanzen_recht\\\/2022-10-14\\\/negative-anlagerenditen-machen-sich-bei-pensionskassen-bemerkbar\\\/\"]}]},{\"@type\":\"ImageObject\",\"inLanguage\":\"it-IT\",\"@id\":\"https:\\\/\\\/www.organisator.ch\\\/management\\\/finanzen_recht\\\/2022-10-14\\\/negative-anlagerenditen-machen-sich-bei-pensionskassen-bemerkbar\\\/#primaryimage\",\"url\":\"https:\\\/\\\/www.organisator.ch\\\/wp-content\\\/uploads\\\/2022\\\/10\\\/Negative-Anlagerendite-macht-sich-bei-Pensionskassen-bemerkbar_Organisator.jpg\",\"contentUrl\":\"https:\\\/\\\/www.organisator.ch\\\/wp-content\\\/uploads\\\/2022\\\/10\\\/Negative-Anlagerendite-macht-sich-bei-Pensionskassen-bemerkbar_Organisator.jpg\",\"width\":680,\"height\":434,\"caption\":\"Der WTW Pension Index ist im dritten Quartal gesunken. Mit verantwortlich daf\u00fcr sind negative Anlagerenditen. (Grafik: WTW)\"},{\"@type\":\"BreadcrumbList\",\"@id\":\"https:\\\/\\\/www.organisator.ch\\\/management\\\/finanzen_recht\\\/2022-10-14\\\/negative-anlagerenditen-machen-sich-bei-pensionskassen-bemerkbar\\\/#breadcrumb\",\"itemListElement\":[{\"@type\":\"ListItem\",\"position\":1,\"name\":\"Home\",\"item\":\"https:\\\/\\\/www.organisator.ch\\\/\"},{\"@type\":\"ListItem\",\"position\":2,\"name\":\"Negative Anlagerenditen machen sich bei Pensionskassen bemerkbar\"}]},{\"@type\":\"WebSite\",\"@id\":\"https:\\\/\\\/www.organisator.ch\\\/#website\",\"url\":\"https:\\\/\\\/www.organisator.ch\\\/\",\"name\":\"Organisator\",\"description\":\"Kompetent. Praxisnah. Der ORGANISATOR bereitet in 10 Ausgaben pro Jahr die wesentlichen Themen f\u00fcr F\u00fchrungskr\u00e4fte von KMU auf.\",\"publisher\":{\"@id\":\"https:\\\/\\\/www.organisator.ch\\\/#organization\"},\"potentialAction\":[{\"@type\":\"SearchAction\",\"target\":{\"@type\":\"EntryPoint\",\"urlTemplate\":\"https:\\\/\\\/www.organisator.ch\\\/?s={search_term_string}\"},\"query-input\":{\"@type\":\"PropertyValueSpecification\",\"valueRequired\":true,\"valueName\":\"search_term_string\"}}],\"inLanguage\":\"it-IT\"},{\"@type\":\"Organization\",\"@id\":\"https:\\\/\\\/www.organisator.ch\\\/#organization\",\"name\":\"Organisator\",\"url\":\"https:\\\/\\\/www.organisator.ch\\\/\",\"logo\":{\"@type\":\"ImageObject\",\"inLanguage\":\"it-IT\",\"@id\":\"https:\\\/\\\/www.organisator.ch\\\/#\\\/schema\\\/logo\\\/image\\\/\",\"url\":\"https:\\\/\\\/www.organisator.ch\\\/wp-content\\\/uploads\\\/2022\\\/01\\\/Logo_Organisator_Website.png\",\"contentUrl\":\"https:\\\/\\\/www.organisator.ch\\\/wp-content\\\/uploads\\\/2022\\\/01\\\/Logo_Organisator_Website.png\",\"width\":800,\"height\":77,\"caption\":\"Organisator\"},\"image\":{\"@id\":\"https:\\\/\\\/www.organisator.ch\\\/#\\\/schema\\\/logo\\\/image\\\/\"},\"sameAs\":[\"https:\\\/\\\/www.facebook.com\\\/OrganisatorFachmagazin\",\"https:\\\/\\\/www.linkedin.com\\\/showcase\\\/organisator-das-magazin-fr-kmu\",\"https:\\\/\\\/www.xing.com\\\/news\\\/pages\\\/organisator-ch-695\",\"https:\\\/\\\/www.youtube.com\\\/channel\\\/UCGP2Sq0iWaZwT3BdIAQFYpw\"]},{\"@type\":\"Person\",\"@id\":\"https:\\\/\\\/www.organisator.ch\\\/#\\\/schema\\\/person\\\/6f650f90b2842cd4c0cc334b4e36f67e\",\"name\":\"thomas.berner\",\"image\":{\"@type\":\"ImageObject\",\"inLanguage\":\"it-IT\",\"@id\":\"https:\\\/\\\/secure.gravatar.com\\\/avatar\\\/ac5001d2a36cb6c6cd3e50789007ffca834b477b74a2144564522e944eabff61?s=96&d=mm&r=g\",\"url\":\"https:\\\/\\\/secure.gravatar.com\\\/avatar\\\/ac5001d2a36cb6c6cd3e50789007ffca834b477b74a2144564522e944eabff61?s=96&d=mm&r=g\",\"contentUrl\":\"https:\\\/\\\/secure.gravatar.com\\\/avatar\\\/ac5001d2a36cb6c6cd3e50789007ffca834b477b74a2144564522e944eabff61?s=96&d=mm&r=g\",\"caption\":\"thomas.berner\"},\"url\":\"https:\\\/\\\/www.organisator.ch\\\/it\\\/author\\\/thomas-berner\\\/\"}]}<\/script>\n<!-- \/ Yoast SEO plugin. -->","yoast_head_json":{"title":"I rendimenti negativi degli investimenti si fanno sentire sui fondi pensione - Organizzatore","description":"I bilanci aziendali dei fondi pensione svizzeri risentono ora degli effetti dei rendimenti negativi degli investimenti.","robots":{"index":"index","follow":"follow","max-snippet":"max-snippet:-1","max-image-preview":"max-image-preview:large","max-video-preview":"max-video-preview:-1"},"canonical":"https:\/\/www.organisator.ch\/it\/gestione-2\/finanzen_recht\/2022-10-14\/negative-anlagerenditen-machen-sich-bei-pensionskassen-bemerkbar\/","og_locale":"it_IT","og_type":"article","og_title":"Negative Anlagerenditen machen sich bei Pensionskassen bemerkbar","og_description":"Die Unternehmensbilanzen der Schweizer Pensionskassen sp\u00fcren nun die Auswirkungen von negativen Anlagerenditen.","og_url":"https:\/\/www.organisator.ch\/it\/gestione-2\/finanzen_recht\/2022-10-14\/negative-anlagerenditen-machen-sich-bei-pensionskassen-bemerkbar\/","og_site_name":"Organisator","article_publisher":"https:\/\/www.facebook.com\/OrganisatorFachmagazin","article_published_time":"2022-10-14T07:38:36+00:00","og_image":[{"width":680,"height":434,"url":"https:\/\/www.organisator.ch\/wp-content\/uploads\/2022\/10\/Negative-Anlagerendite-macht-sich-bei-Pensionskassen-bemerkbar_Organisator.jpg","type":"image\/jpeg"}],"author":"thomas.berner","twitter_card":"summary_large_image","twitter_title":"Negative #Anlagerenditen machen sich bei #Pensionskassen bemerkbar","twitter_description":"Die #Unternehmensbilanzen der Schweizer #Pensionskassen sp\u00fcren nun die Auswirkungen von negativen #Anlagerenditen.","twitter_image":"https:\/\/www.organisator.ch\/wp-content\/uploads\/2022\/10\/Negative-Anlagerendite-macht-sich-bei-Pensionskassen-bemerkbar_Organisator.jpg","schema":{"@context":"https:\/\/schema.org","@graph":[{"@type":"Article","@id":"https:\/\/www.organisator.ch\/management\/finanzen_recht\/2022-10-14\/negative-anlagerenditen-machen-sich-bei-pensionskassen-bemerkbar\/#article","isPartOf":{"@id":"https:\/\/www.organisator.ch\/management\/finanzen_recht\/2022-10-14\/negative-anlagerenditen-machen-sich-bei-pensionskassen-bemerkbar\/"},"author":{"name":"thomas.berner","@id":"https:\/\/www.organisator.ch\/#\/schema\/person\/6f650f90b2842cd4c0cc334b4e36f67e"},"headline":"Negative Anlagerenditen machen sich bei Pensionskassen bemerkbar","datePublished":"2022-10-14T07:38:36+00:00","mainEntityOfPage":{"@id":"https:\/\/www.organisator.ch\/management\/finanzen_recht\/2022-10-14\/negative-anlagerenditen-machen-sich-bei-pensionskassen-bemerkbar\/"},"wordCount":893,"publisher":{"@id":"https:\/\/www.organisator.ch\/#organization"},"image":{"@id":"https:\/\/www.organisator.ch\/management\/finanzen_recht\/2022-10-14\/negative-anlagerenditen-machen-sich-bei-pensionskassen-bemerkbar\/#primaryimage"},"thumbnailUrl":"https:\/\/www.organisator.ch\/wp-content\/uploads\/2022\/10\/Negative-Anlagerendite-macht-sich-bei-Pensionskassen-bemerkbar_Organisator.jpg","keywords":["Finanzen\/Recht","Management und Unternehmensf\u00fchrung","Pensionskassen"],"articleSection":["FINANZEN\/RECHT"],"inLanguage":"it-IT"},{"@type":"WebPage","@id":"https:\/\/www.organisator.ch\/management\/finanzen_recht\/2022-10-14\/negative-anlagerenditen-machen-sich-bei-pensionskassen-bemerkbar\/","url":"https:\/\/www.organisator.ch\/management\/finanzen_recht\/2022-10-14\/negative-anlagerenditen-machen-sich-bei-pensionskassen-bemerkbar\/","name":"I rendimenti negativi degli investimenti si fanno sentire sui fondi pensione - Organizzatore","isPartOf":{"@id":"https:\/\/www.organisator.ch\/#website"},"primaryImageOfPage":{"@id":"https:\/\/www.organisator.ch\/management\/finanzen_recht\/2022-10-14\/negative-anlagerenditen-machen-sich-bei-pensionskassen-bemerkbar\/#primaryimage"},"image":{"@id":"https:\/\/www.organisator.ch\/management\/finanzen_recht\/2022-10-14\/negative-anlagerenditen-machen-sich-bei-pensionskassen-bemerkbar\/#primaryimage"},"thumbnailUrl":"https:\/\/www.organisator.ch\/wp-content\/uploads\/2022\/10\/Negative-Anlagerendite-macht-sich-bei-Pensionskassen-bemerkbar_Organisator.jpg","datePublished":"2022-10-14T07:38:36+00:00","description":"I bilanci aziendali dei fondi pensione svizzeri risentono ora degli effetti dei rendimenti negativi degli investimenti.","breadcrumb":{"@id":"https:\/\/www.organisator.ch\/management\/finanzen_recht\/2022-10-14\/negative-anlagerenditen-machen-sich-bei-pensionskassen-bemerkbar\/#breadcrumb"},"inLanguage":"it-IT","potentialAction":[{"@type":"ReadAction","target":["https:\/\/www.organisator.ch\/management\/finanzen_recht\/2022-10-14\/negative-anlagerenditen-machen-sich-bei-pensionskassen-bemerkbar\/"]}]},{"@type":"ImageObject","inLanguage":"it-IT","@id":"https:\/\/www.organisator.ch\/management\/finanzen_recht\/2022-10-14\/negative-anlagerenditen-machen-sich-bei-pensionskassen-bemerkbar\/#primaryimage","url":"https:\/\/www.organisator.ch\/wp-content\/uploads\/2022\/10\/Negative-Anlagerendite-macht-sich-bei-Pensionskassen-bemerkbar_Organisator.jpg","contentUrl":"https:\/\/www.organisator.ch\/wp-content\/uploads\/2022\/10\/Negative-Anlagerendite-macht-sich-bei-Pensionskassen-bemerkbar_Organisator.jpg","width":680,"height":434,"caption":"Der WTW Pension Index ist im dritten Quartal gesunken. Mit verantwortlich daf\u00fcr sind negative Anlagerenditen. (Grafik: WTW)"},{"@type":"BreadcrumbList","@id":"https:\/\/www.organisator.ch\/management\/finanzen_recht\/2022-10-14\/negative-anlagerenditen-machen-sich-bei-pensionskassen-bemerkbar\/#breadcrumb","itemListElement":[{"@type":"ListItem","position":1,"name":"Home","item":"https:\/\/www.organisator.ch\/"},{"@type":"ListItem","position":2,"name":"Negative Anlagerenditen machen sich bei Pensionskassen bemerkbar"}]},{"@type":"WebSite","@id":"https:\/\/www.organisator.ch\/#website","url":"https:\/\/www.organisator.ch\/","name":"Organizzatore","description":"Competente. Pratico. In 10 numeri all'anno, ORGANISATOR presenta i temi essenziali per i manager delle PMI.","publisher":{"@id":"https:\/\/www.organisator.ch\/#organization"},"potentialAction":[{"@type":"SearchAction","target":{"@type":"EntryPoint","urlTemplate":"https:\/\/www.organisator.ch\/?s={search_term_string}"},"query-input":{"@type":"PropertyValueSpecification","valueRequired":true,"valueName":"search_term_string"}}],"inLanguage":"it-IT"},{"@type":"Organization","@id":"https:\/\/www.organisator.ch\/#organization","name":"Organizzatore","url":"https:\/\/www.organisator.ch\/","logo":{"@type":"ImageObject","inLanguage":"it-IT","@id":"https:\/\/www.organisator.ch\/#\/schema\/logo\/image\/","url":"https:\/\/www.organisator.ch\/wp-content\/uploads\/2022\/01\/Logo_Organisator_Website.png","contentUrl":"https:\/\/www.organisator.ch\/wp-content\/uploads\/2022\/01\/Logo_Organisator_Website.png","width":800,"height":77,"caption":"Organisator"},"image":{"@id":"https:\/\/www.organisator.ch\/#\/schema\/logo\/image\/"},"sameAs":["https:\/\/www.facebook.com\/OrganisatorFachmagazin","https:\/\/www.linkedin.com\/showcase\/organisator-das-magazin-fr-kmu","https:\/\/www.xing.com\/news\/pages\/organisator-ch-695","https:\/\/www.youtube.com\/channel\/UCGP2Sq0iWaZwT3BdIAQFYpw"]},{"@type":"Person","@id":"https:\/\/www.organisator.ch\/#\/schema\/person\/6f650f90b2842cd4c0cc334b4e36f67e","name":"Tommaso.berner","image":{"@type":"ImageObject","inLanguage":"it-IT","@id":"https:\/\/secure.gravatar.com\/avatar\/ac5001d2a36cb6c6cd3e50789007ffca834b477b74a2144564522e944eabff61?s=96&d=mm&r=g","url":"https:\/\/secure.gravatar.com\/avatar\/ac5001d2a36cb6c6cd3e50789007ffca834b477b74a2144564522e944eabff61?s=96&d=mm&r=g","contentUrl":"https:\/\/secure.gravatar.com\/avatar\/ac5001d2a36cb6c6cd3e50789007ffca834b477b74a2144564522e944eabff61?s=96&d=mm&r=g","caption":"thomas.berner"},"url":"https:\/\/www.organisator.ch\/it\/author\/thomas-berner\/"}]}},"_links":{"self":[{"href":"https:\/\/www.organisator.ch\/it\/wp-json\/wp\/v2\/posts\/17252","targetHints":{"allow":["GET"]}}],"collection":[{"href":"https:\/\/www.organisator.ch\/it\/wp-json\/wp\/v2\/posts"}],"about":[{"href":"https:\/\/www.organisator.ch\/it\/wp-json\/wp\/v2\/types\/post"}],"author":[{"embeddable":true,"href":"https:\/\/www.organisator.ch\/it\/wp-json\/wp\/v2\/users\/4"}],"replies":[{"embeddable":true,"href":"https:\/\/www.organisator.ch\/it\/wp-json\/wp\/v2\/comments?post=17252"}],"version-history":[{"count":1,"href":"https:\/\/www.organisator.ch\/it\/wp-json\/wp\/v2\/posts\/17252\/revisions"}],"predecessor-version":[{"id":17254,"href":"https:\/\/www.organisator.ch\/it\/wp-json\/wp\/v2\/posts\/17252\/revisions\/17254"}],"wp:featuredmedia":[{"embeddable":true,"href":"https:\/\/www.organisator.ch\/it\/wp-json\/wp\/v2\/media\/17253"}],"wp:attachment":[{"href":"https:\/\/www.organisator.ch\/it\/wp-json\/wp\/v2\/media?parent=17252"}],"wp:term":[{"taxonomy":"category","embeddable":true,"href":"https:\/\/www.organisator.ch\/it\/wp-json\/wp\/v2\/categories?post=17252"},{"taxonomy":"post_tag","embeddable":true,"href":"https:\/\/www.organisator.ch\/it\/wp-json\/wp\/v2\/tags?post=17252"}],"curies":[{"name":"wp","href":"https:\/\/api.w.org\/{rel}","templated":true}]}}