{"id":1726,"date":"2017-04-04T10:37:21","date_gmt":"2017-04-04T08:37:21","guid":{"rendered":"https:\/\/www.organisator.ch\/?p=1726"},"modified":"2017-04-04T10:37:21","modified_gmt":"2017-04-04T08:37:21","slug":"rueckblick-schweizer-bildungsforum-jeder-mensch-bildet-sich-selbst","status":"publish","type":"post","link":"https:\/\/www.organisator.ch\/it\/human-resources\/fit_im_job\/2017-04-04\/rueckblick-schweizer-bildungsforum-jeder-mensch-bildet-sich-selbst\/","title":{"rendered":"Recensione del Forum svizzero dell'educazione: \"Ogni persona educa se stessa\"."},"content":{"rendered":"<figure id=\"attachment_1728\" aria-describedby=\"caption-attachment-1728\" style=\"width: 640px\" class=\"wp-caption alignnone\"><img loading=\"lazy\" decoding=\"async\" class=\"size-full wp-image-1728\" src=\"https:\/\/www.organisator.ch\/wp-content\/uploads\/2017\/04\/Rueckblick-Schweizer-Bildungsforum-Jeder-Mensch-bildet-sich-selbst_Organisator.jpg\" alt=\"\" width=\"640\" height=\"427\" srcset=\"https:\/\/www.organisator.ch\/wp-content\/uploads\/2017\/04\/Rueckblick-Schweizer-Bildungsforum-Jeder-Mensch-bildet-sich-selbst_Organisator.jpg 640w, https:\/\/www.organisator.ch\/wp-content\/uploads\/2017\/04\/Rueckblick-Schweizer-Bildungsforum-Jeder-Mensch-bildet-sich-selbst_Organisator-16x12.jpg 16w, https:\/\/www.organisator.ch\/wp-content\/uploads\/2017\/04\/Rueckblick-Schweizer-Bildungsforum-Jeder-Mensch-bildet-sich-selbst_Organisator-262x175.jpg 262w, https:\/\/www.organisator.ch\/wp-content\/uploads\/2017\/04\/Rueckblick-Schweizer-Bildungsforum-Jeder-Mensch-bildet-sich-selbst_Organisator-525x350.jpg 525w, https:\/\/www.organisator.ch\/wp-content\/uploads\/2017\/04\/Rueckblick-Schweizer-Bildungsforum-Jeder-Mensch-bildet-sich-selbst_Organisator-300x200.jpg 300w\" sizes=\"auto, (max-width: 640px) 100vw, 640px\" \/><figcaption id=\"caption-attachment-1728\" class=\"wp-caption-text\">Diversi punti di vista al Forum svizzero sull'educazione: Il direttore delle risorse umane Martin Bircher, il direttore del centro di formazione continua WBZ-FHS Reto Eugster, la moderatrice Sabine Bianchi, l'imprenditore di successo senza formazione continua Florian Reiser, il futuro quattro volte diplomato del master Beatus Zumstein. (Immagine: PD)<\/figcaption><\/figure>\n<p>Coloro che vogliono continuare la loro istruzione hanno l'imbarazzo della scelta. Le universit\u00e0 svizzere offrono attualmente 317 master, 128 diplomi e 543 certificati per i curiosi. Questo non \u00e8 sorprendente, perch\u00e9 la formazione continua \u00e8 l'argomento della maggior parte delle discussioni dei dipendenti. \u00c8 visto come un investimento utile per il proprio futuro, come la misura di tutte le cose per rimanere compatibili nel mondo del lavoro. Ma \u00e8 davvero cos\u00ec? La Scuola universitaria professionale di San Gallo (FHS) ha posto questa domanda come guardrail al 6\u00b0 Forum svizzero della formazione del 30 marzo e si \u00e8 spinta anche un po' oltre: \"La formazione continua \u00e8 un compito che dura tutta la vita o forse siamo solo prigionieri a vita nella giungla sempre pi\u00f9 grande e ingestibile delle offerte?\"<\/p>\n<p><strong>La formazione continua richiede risorse interne<\/strong><\/p>\n<p>Il Prof. Dr. Jos\u00e9 Gomez, capo del Centro per l'Educazione Superiore ZHB-FHS, ha subito chiarito nella sua presentazione: \"L'educazione significa molto di pi\u00f9 dell'apprendimento, anche pi\u00f9 di una qualifica\". L'educazione, ha detto, dovrebbe essere intesa come auto-educazione, una sorta di formazione della personalit\u00e0 e della capacit\u00e0 di autodeterminazione. La formazione continua mira ad acquisire conoscenze e a trasferirle nella pratica, ma richiede anche tempo e denaro. Pertanto, dovrebbe essere flessibile. \"Nonostante i preziosi mattoni che la formazione continua fornisce, non \u00e8 una garanzia di successo\", aggiunge. Altrettanto importanti, dice, sono le risorse interiori come l'interesse, la motivazione, la perseveranza e la volont\u00e0 di voler fare ancora meglio. \"La gente non \u00e8 istruita, si istruisce da sola.<\/p>\n<p><strong>\"Imparare facendo<\/strong><\/p>\n<p>Un vivido esempio di autoformazione \u00e8 Florian Reiser, imprenditore di successo e comproprietario della Focacceria di San Gallo. Una volta si \u00e8 formato come infermiere psichiatrico. Ma ha viaggiato per il mondo e ha fatto tutto quello che gli piaceva. Per esempio, \u00e8 diventato un istruttore di snowboard, un insegnante di avventura o qualcos'altro di attivo. Nel processo, continuava a trovare nuove idee. Non ha completato alcuna ulteriore formazione in senso classico. Il suo motto \u00e8 piuttosto: imparare facendo. \"Ho sempre amato le scorciatoie, ed \u00e8 cos\u00ec che \u00e8 con me nella formazione continua. Ricevo la conoscenza dappertutto\". A volte fa un lungo viaggio per trovare la migliore ricetta di ravioli. Beatus Zumstein \u00e8 diverso: ha gi\u00e0 tre master all'attivo, e l'unica cosa che resta da fare per il quarto \u00e8 scrivere la sua tesi. \u00c8 la sfida costante che lo eccita. Questo ha plasmato il suo lavoro di squadra e il suo orientamento nella societ\u00e0. Ma ha anche le sue insidie: \"Ho anche sperimentato che sono stato classificato come troppo qualificato o la gente ha avuto la sensazione che fossi un teorico.<\/p>\n<p><strong>La formazione continua come \"pillola anti-invecchiamento<\/strong><\/p>\n<p>A questo si aggiunge l'et\u00e0: la moderatrice Sabine Bianchi ha citato dati di statistiche federali che dicono che le persone oltre i 40 anni hanno meno probabilit\u00e0 di continuare la loro istruzione. Il Prof. Dr. Reto Eugster, capo del centro di formazione continua della WBZ-FHS, conferma queste cifre. Anche all'UAS di San Gallo, la proporzione di persone anziane \u00e8 piuttosto bassa, solo leggermente pi\u00f9 alta nel campo della salute. Martin Bircher, amministratore delegato e responsabile delle risorse umane di Movis AG, lo spiega con la situazione di vita: intorno ai 40-50 anni, le persone sono completamente impegnate nel loro lavoro, si occupano della loro famiglia e non rimane quasi pi\u00f9 tempo per studiare. \"In ogni caso, la formazione continua \u00e8 molto apprezzata qui. \u00c8 una buona guida per riconoscere ci\u00f2 che si fa bene e ci\u00f2 che si fa male. \u00c8 il trasferimento ideale della conoscenza nella pratica\", dice Bircher. L'imprenditore Reiser la vede in modo pragmatico: \"Non importa l'et\u00e0, devi solo continuare a farlo\". Le universit\u00e0, tuttavia, sono sfidate. Secondo Eugster, la tendenza \u00e8 pi\u00f9 verso la formazione interna per ridurre le assenze. Le richieste individuali degli studenti sono anche pi\u00f9 alte oggi, insieme alla questione di quanto tempo si pu\u00f2 o si vuole investire. Ma alla fine, \u00e8 importante accendere il fuoco e suscitare la curiosit\u00e0.<\/p>\n<p>Il Forum svizzero sull'educazione al FHS di San Gallo ha dimostrato: La formazione continua \u00e8 pi\u00f9 di una semplice teoria o di un diploma che puoi mostrare al tuo datore di lavoro. Si acquisisce anche la competenza sociale, la capacit\u00e0 di gestire i conflitti e lo spirito di squadra. \"Abbiamo la possibilit\u00e0 di imparare qualcosa ogni giorno. In innumerevoli modi. Se per tutta la vita o per tutta la vita dipende da ogni persona\", dice Sebastian W\u00f6rwag, rettore della FHS di San Gallo.<\/p>\n<p><em>Ulteriori informazioni sul Forum svizzero dell'educazione (presentazione del Prof. Dr. Gomez):\u00a0<a href=\"https:\/\/www.fhsg.ch\/fhs.nsf\/files\/ZHB_Bildungsforum_2017_Pr\u00e4sentation%20Jos\u00e9%20Gomez\/$FILE\/Jos\u00e9%20Gomez_Referat%20Hochschulweiterbildung.pdf\">www.fhsg.ch\/bildungsforum<\/a><\/em><\/p>\n<p>&nbsp;<\/p>","protected":false},"excerpt":{"rendered":"<p>Wer sich weiterbilden m\u00f6chte, hat die Qual der Wahl. Denn aktuell halten die Schweizer Hochschulen 317 Master-, 128 Diplom- und 543 Zertifikatslehrg\u00e4nge f\u00fcr die Wissbegierigen bereit. Das wundert kaum, weil die Weiterbildung Thema der meisten Mitarbeitenden-Gespr\u00e4che ist. Sie gilt als lohnenswerte Investition in die eigene Zukunft, als Mass der Dinge, um in der Arbeitswelt anschlussf\u00e4hig [&hellip;]<\/p>\n","protected":false},"author":4,"featured_media":1728,"comment_status":"open","ping_status":"open","sticky":false,"template":"","format":"standard","meta":{"_acf_changed":false,"_yoast_wpseo_focuskw":"Schweizer Bildungsforum","_yoast_wpseo_metadesc":"Am 6. Schweizer Bildungsforum der Fachhochschule St.Gallen diskutierten die Expertinnen und Experten \u00fcber die Weiterbildung und deren T\u00fccken wie Chancen.","articlekey":"","footnotes":""},"categories":[25],"tags":[62,254,294,502],"class_list":["post-1726","post","type-post","status-publish","format-standard","has-post-thumbnail","hentry","category-fit_im_job","tag-aus-weiterbildung","tag-hrm","tag-karriere","tag-veranstaltungen"],"acf":[],"yoast_head":"<!-- This site is optimized with the Yoast SEO plugin v27.5 - https:\/\/yoast.com\/product\/yoast-seo-wordpress\/ -->\n<title>R\u00fcckblick Schweizer Bildungsforum: &quot;Jeder Mensch bildet sich selbst&quot; - Organisator<\/title>\n<meta name=\"description\" content=\"Am 6. Schweizer Bildungsforum der Fachhochschule St.Gallen diskutierten die Expertinnen und Experten \u00fcber die Weiterbildung und deren T\u00fccken wie Chancen.\" \/>\n<meta name=\"robots\" content=\"index, follow, max-snippet:-1, max-image-preview:large, max-video-preview:-1\" \/>\n<link rel=\"canonical\" href=\"https:\/\/www.organisator.ch\/it\/risorse-umane\/fit_im_job\/2017-04-04\/rueckblick-schweizer-bildungsforum-jeder-mensch-bildet-sich-selbst\/\" \/>\n<meta property=\"og:locale\" content=\"it_IT\" \/>\n<meta property=\"og:type\" content=\"article\" \/>\n<meta property=\"og:title\" content=\"R\u00fcckblick Schweizer Bildungsforum: &quot;Jeder Mensch bildet sich selbst&quot;\" \/>\n<meta property=\"og:description\" content=\"Am 6. Schweizer #Bildungsforum der #Fachhochschule St.Gallen #FHS diskutierten die Expertinnen und Experten \u00fcber die #Weiterbildung und deren T\u00fccken wie Chancen.\" \/>\n<meta property=\"og:url\" content=\"https:\/\/www.organisator.ch\/it\/risorse-umane\/fit_im_job\/2017-04-04\/rueckblick-schweizer-bildungsforum-jeder-mensch-bildet-sich-selbst\/\" \/>\n<meta property=\"og:site_name\" content=\"Organisator\" \/>\n<meta property=\"article:publisher\" content=\"https:\/\/www.facebook.com\/OrganisatorFachmagazin\" \/>\n<meta property=\"article:published_time\" content=\"2017-04-04T08:37:21+00:00\" \/>\n<meta property=\"og:image\" content=\"https:\/\/www.organisator.ch\/wp-content\/uploads\/2017\/04\/Rueckblick-Schweizer-Bildungsforum-Jeder-Mensch-bildet-sich-selbst_Organisator.jpg\" \/>\n\t<meta property=\"og:image:width\" content=\"640\" \/>\n\t<meta property=\"og:image:height\" content=\"427\" \/>\n\t<meta property=\"og:image:type\" content=\"image\/jpeg\" \/>\n<meta name=\"author\" content=\"thomas.berner\" \/>\n<meta name=\"twitter:card\" content=\"summary_large_image\" \/>\n<meta name=\"twitter:title\" content=\"R\u00fcckblick #SchweizerBildungsforum: &quot;Jeder Mensch bildet sich selbst&quot;\" \/>\n<meta name=\"twitter:description\" content=\"Am 6. Schweizer #Bildungsforum der #Fachhochschule St.Gallen #FHS diskutierten die Expertinnen und Experten \u00fcber die #Weiterbildung und deren T\u00fccken wie Chancen.\" \/>\n<meta name=\"twitter:image\" content=\"https:\/\/www.organisator.ch\/wp-content\/uploads\/2017\/04\/R\u00fcckblick-Schweizer-Bildungsforum-Jeder-Mensch-bildet-sich-selbst_Organisator.jpg\" \/>\n<script type=\"application\/ld+json\" class=\"yoast-schema-graph\">{\"@context\":\"https:\\\/\\\/schema.org\",\"@graph\":[{\"@type\":\"Article\",\"@id\":\"https:\\\/\\\/www.organisator.ch\\\/human-resources\\\/fit_im_job\\\/2017-04-04\\\/rueckblick-schweizer-bildungsforum-jeder-mensch-bildet-sich-selbst\\\/#article\",\"isPartOf\":{\"@id\":\"https:\\\/\\\/www.organisator.ch\\\/human-resources\\\/fit_im_job\\\/2017-04-04\\\/rueckblick-schweizer-bildungsforum-jeder-mensch-bildet-sich-selbst\\\/\"},\"author\":{\"name\":\"thomas.berner\",\"@id\":\"https:\\\/\\\/www.organisator.ch\\\/#\\\/schema\\\/person\\\/6f650f90b2842cd4c0cc334b4e36f67e\"},\"headline\":\"R\u00fcckblick Schweizer Bildungsforum: &#8222;Jeder Mensch bildet sich selbst&#8220;\",\"datePublished\":\"2017-04-04T08:37:21+00:00\",\"mainEntityOfPage\":{\"@id\":\"https:\\\/\\\/www.organisator.ch\\\/human-resources\\\/fit_im_job\\\/2017-04-04\\\/rueckblick-schweizer-bildungsforum-jeder-mensch-bildet-sich-selbst\\\/\"},\"wordCount\":750,\"commentCount\":0,\"publisher\":{\"@id\":\"https:\\\/\\\/www.organisator.ch\\\/#organization\"},\"image\":{\"@id\":\"https:\\\/\\\/www.organisator.ch\\\/human-resources\\\/fit_im_job\\\/2017-04-04\\\/rueckblick-schweizer-bildungsforum-jeder-mensch-bildet-sich-selbst\\\/#primaryimage\"},\"thumbnailUrl\":\"https:\\\/\\\/www.organisator.ch\\\/wp-content\\\/uploads\\\/2017\\\/04\\\/Rueckblick-Schweizer-Bildungsforum-Jeder-Mensch-bildet-sich-selbst_Organisator.jpg\",\"keywords\":[\"Aus-\\\/Weiterbildung\",\"HRM\",\"Karriere\",\"Veranstaltungen\"],\"articleSection\":[\"FIT IM JOB\"],\"inLanguage\":\"it-IT\"},{\"@type\":\"WebPage\",\"@id\":\"https:\\\/\\\/www.organisator.ch\\\/human-resources\\\/fit_im_job\\\/2017-04-04\\\/rueckblick-schweizer-bildungsforum-jeder-mensch-bildet-sich-selbst\\\/\",\"url\":\"https:\\\/\\\/www.organisator.ch\\\/human-resources\\\/fit_im_job\\\/2017-04-04\\\/rueckblick-schweizer-bildungsforum-jeder-mensch-bildet-sich-selbst\\\/\",\"name\":\"R\u00fcckblick Schweizer Bildungsforum: \\\"Jeder Mensch bildet sich selbst\\\" - Organisator\",\"isPartOf\":{\"@id\":\"https:\\\/\\\/www.organisator.ch\\\/#website\"},\"primaryImageOfPage\":{\"@id\":\"https:\\\/\\\/www.organisator.ch\\\/human-resources\\\/fit_im_job\\\/2017-04-04\\\/rueckblick-schweizer-bildungsforum-jeder-mensch-bildet-sich-selbst\\\/#primaryimage\"},\"image\":{\"@id\":\"https:\\\/\\\/www.organisator.ch\\\/human-resources\\\/fit_im_job\\\/2017-04-04\\\/rueckblick-schweizer-bildungsforum-jeder-mensch-bildet-sich-selbst\\\/#primaryimage\"},\"thumbnailUrl\":\"https:\\\/\\\/www.organisator.ch\\\/wp-content\\\/uploads\\\/2017\\\/04\\\/Rueckblick-Schweizer-Bildungsforum-Jeder-Mensch-bildet-sich-selbst_Organisator.jpg\",\"datePublished\":\"2017-04-04T08:37:21+00:00\",\"description\":\"Am 6. Schweizer Bildungsforum der Fachhochschule St.Gallen diskutierten die Expertinnen und Experten \u00fcber die Weiterbildung und deren T\u00fccken wie Chancen.\",\"breadcrumb\":{\"@id\":\"https:\\\/\\\/www.organisator.ch\\\/human-resources\\\/fit_im_job\\\/2017-04-04\\\/rueckblick-schweizer-bildungsforum-jeder-mensch-bildet-sich-selbst\\\/#breadcrumb\"},\"inLanguage\":\"it-IT\",\"potentialAction\":[{\"@type\":\"ReadAction\",\"target\":[\"https:\\\/\\\/www.organisator.ch\\\/human-resources\\\/fit_im_job\\\/2017-04-04\\\/rueckblick-schweizer-bildungsforum-jeder-mensch-bildet-sich-selbst\\\/\"]}]},{\"@type\":\"ImageObject\",\"inLanguage\":\"it-IT\",\"@id\":\"https:\\\/\\\/www.organisator.ch\\\/human-resources\\\/fit_im_job\\\/2017-04-04\\\/rueckblick-schweizer-bildungsforum-jeder-mensch-bildet-sich-selbst\\\/#primaryimage\",\"url\":\"https:\\\/\\\/www.organisator.ch\\\/wp-content\\\/uploads\\\/2017\\\/04\\\/Rueckblick-Schweizer-Bildungsforum-Jeder-Mensch-bildet-sich-selbst_Organisator.jpg\",\"contentUrl\":\"https:\\\/\\\/www.organisator.ch\\\/wp-content\\\/uploads\\\/2017\\\/04\\\/Rueckblick-Schweizer-Bildungsforum-Jeder-Mensch-bildet-sich-selbst_Organisator.jpg\",\"width\":640,\"height\":427,\"caption\":\"Unterschiedliche Standpunkte am Schweizer Bildungsforum: HR-Leiter Martin Bircher, Leiter Weiterbildungszentrum WBZ-FHS Reto Eugster, Moderation Sabine Bianchi, erfolgreicher Unternehmer ohne Weiterbildungen Florian Reiser, angehender vierfacher Masterabsolvent Beatus Zumstein\"},{\"@type\":\"BreadcrumbList\",\"@id\":\"https:\\\/\\\/www.organisator.ch\\\/human-resources\\\/fit_im_job\\\/2017-04-04\\\/rueckblick-schweizer-bildungsforum-jeder-mensch-bildet-sich-selbst\\\/#breadcrumb\",\"itemListElement\":[{\"@type\":\"ListItem\",\"position\":1,\"name\":\"Home\",\"item\":\"https:\\\/\\\/www.organisator.ch\\\/\"},{\"@type\":\"ListItem\",\"position\":2,\"name\":\"R\u00fcckblick Schweizer Bildungsforum: &#8222;Jeder Mensch bildet sich selbst&#8220;\"}]},{\"@type\":\"WebSite\",\"@id\":\"https:\\\/\\\/www.organisator.ch\\\/#website\",\"url\":\"https:\\\/\\\/www.organisator.ch\\\/\",\"name\":\"Organisator\",\"description\":\"Kompetent. Praxisnah. Der ORGANISATOR bereitet in 10 Ausgaben pro Jahr die wesentlichen Themen f\u00fcr F\u00fchrungskr\u00e4fte von KMU auf.\",\"publisher\":{\"@id\":\"https:\\\/\\\/www.organisator.ch\\\/#organization\"},\"potentialAction\":[{\"@type\":\"SearchAction\",\"target\":{\"@type\":\"EntryPoint\",\"urlTemplate\":\"https:\\\/\\\/www.organisator.ch\\\/?s={search_term_string}\"},\"query-input\":{\"@type\":\"PropertyValueSpecification\",\"valueRequired\":true,\"valueName\":\"search_term_string\"}}],\"inLanguage\":\"it-IT\"},{\"@type\":\"Organization\",\"@id\":\"https:\\\/\\\/www.organisator.ch\\\/#organization\",\"name\":\"Organisator\",\"url\":\"https:\\\/\\\/www.organisator.ch\\\/\",\"logo\":{\"@type\":\"ImageObject\",\"inLanguage\":\"it-IT\",\"@id\":\"https:\\\/\\\/www.organisator.ch\\\/#\\\/schema\\\/logo\\\/image\\\/\",\"url\":\"https:\\\/\\\/www.organisator.ch\\\/wp-content\\\/uploads\\\/2022\\\/01\\\/Logo_Organisator_Website.png\",\"contentUrl\":\"https:\\\/\\\/www.organisator.ch\\\/wp-content\\\/uploads\\\/2022\\\/01\\\/Logo_Organisator_Website.png\",\"width\":800,\"height\":77,\"caption\":\"Organisator\"},\"image\":{\"@id\":\"https:\\\/\\\/www.organisator.ch\\\/#\\\/schema\\\/logo\\\/image\\\/\"},\"sameAs\":[\"https:\\\/\\\/www.facebook.com\\\/OrganisatorFachmagazin\",\"https:\\\/\\\/www.linkedin.com\\\/showcase\\\/organisator-das-magazin-fr-kmu\",\"https:\\\/\\\/www.xing.com\\\/news\\\/pages\\\/organisator-ch-695\",\"https:\\\/\\\/www.youtube.com\\\/channel\\\/UCGP2Sq0iWaZwT3BdIAQFYpw\"]},{\"@type\":\"Person\",\"@id\":\"https:\\\/\\\/www.organisator.ch\\\/#\\\/schema\\\/person\\\/6f650f90b2842cd4c0cc334b4e36f67e\",\"name\":\"thomas.berner\",\"image\":{\"@type\":\"ImageObject\",\"inLanguage\":\"it-IT\",\"@id\":\"https:\\\/\\\/secure.gravatar.com\\\/avatar\\\/ac5001d2a36cb6c6cd3e50789007ffca834b477b74a2144564522e944eabff61?s=96&d=mm&r=g\",\"url\":\"https:\\\/\\\/secure.gravatar.com\\\/avatar\\\/ac5001d2a36cb6c6cd3e50789007ffca834b477b74a2144564522e944eabff61?s=96&d=mm&r=g\",\"contentUrl\":\"https:\\\/\\\/secure.gravatar.com\\\/avatar\\\/ac5001d2a36cb6c6cd3e50789007ffca834b477b74a2144564522e944eabff61?s=96&d=mm&r=g\",\"caption\":\"thomas.berner\"},\"url\":\"https:\\\/\\\/www.organisator.ch\\\/it\\\/author\\\/thomas-berner\\\/\"}]}<\/script>\n<!-- \/ Yoast SEO plugin. -->","yoast_head_json":{"title":"Recensione Forum svizzero dell'educazione: \"Ogni persona si educa da sola\" - Organizzatore","description":"In occasione del 6\u00b0 Swiss Education Forum presso l'Universit\u00e0 di Scienze Applicate di San Gallo, gli esperti hanno discusso della formazione continua e delle sue insidie e opportunit\u00e0.","robots":{"index":"index","follow":"follow","max-snippet":"max-snippet:-1","max-image-preview":"max-image-preview:large","max-video-preview":"max-video-preview:-1"},"canonical":"https:\/\/www.organisator.ch\/it\/risorse-umane\/fit_im_job\/2017-04-04\/rueckblick-schweizer-bildungsforum-jeder-mensch-bildet-sich-selbst\/","og_locale":"it_IT","og_type":"article","og_title":"R\u00fcckblick Schweizer Bildungsforum: \"Jeder Mensch bildet sich selbst\"","og_description":"Am 6. Schweizer #Bildungsforum der #Fachhochschule St.Gallen #FHS diskutierten die Expertinnen und Experten \u00fcber die #Weiterbildung und deren T\u00fccken wie Chancen.","og_url":"https:\/\/www.organisator.ch\/it\/risorse-umane\/fit_im_job\/2017-04-04\/rueckblick-schweizer-bildungsforum-jeder-mensch-bildet-sich-selbst\/","og_site_name":"Organisator","article_publisher":"https:\/\/www.facebook.com\/OrganisatorFachmagazin","article_published_time":"2017-04-04T08:37:21+00:00","og_image":[{"width":640,"height":427,"url":"https:\/\/www.organisator.ch\/wp-content\/uploads\/2017\/04\/Rueckblick-Schweizer-Bildungsforum-Jeder-Mensch-bildet-sich-selbst_Organisator.jpg","type":"image\/jpeg"}],"author":"thomas.berner","twitter_card":"summary_large_image","twitter_title":"R\u00fcckblick #SchweizerBildungsforum: \"Jeder Mensch bildet sich selbst\"","twitter_description":"Am 6. Schweizer #Bildungsforum der #Fachhochschule St.Gallen #FHS diskutierten die Expertinnen und Experten \u00fcber die #Weiterbildung und deren T\u00fccken wie Chancen.","twitter_image":"https:\/\/www.organisator.ch\/wp-content\/uploads\/2017\/04\/R\u00fcckblick-Schweizer-Bildungsforum-Jeder-Mensch-bildet-sich-selbst_Organisator.jpg","schema":{"@context":"https:\/\/schema.org","@graph":[{"@type":"Article","@id":"https:\/\/www.organisator.ch\/human-resources\/fit_im_job\/2017-04-04\/rueckblick-schweizer-bildungsforum-jeder-mensch-bildet-sich-selbst\/#article","isPartOf":{"@id":"https:\/\/www.organisator.ch\/human-resources\/fit_im_job\/2017-04-04\/rueckblick-schweizer-bildungsforum-jeder-mensch-bildet-sich-selbst\/"},"author":{"name":"thomas.berner","@id":"https:\/\/www.organisator.ch\/#\/schema\/person\/6f650f90b2842cd4c0cc334b4e36f67e"},"headline":"R\u00fcckblick Schweizer Bildungsforum: &#8222;Jeder Mensch bildet sich selbst&#8220;","datePublished":"2017-04-04T08:37:21+00:00","mainEntityOfPage":{"@id":"https:\/\/www.organisator.ch\/human-resources\/fit_im_job\/2017-04-04\/rueckblick-schweizer-bildungsforum-jeder-mensch-bildet-sich-selbst\/"},"wordCount":750,"commentCount":0,"publisher":{"@id":"https:\/\/www.organisator.ch\/#organization"},"image":{"@id":"https:\/\/www.organisator.ch\/human-resources\/fit_im_job\/2017-04-04\/rueckblick-schweizer-bildungsforum-jeder-mensch-bildet-sich-selbst\/#primaryimage"},"thumbnailUrl":"https:\/\/www.organisator.ch\/wp-content\/uploads\/2017\/04\/Rueckblick-Schweizer-Bildungsforum-Jeder-Mensch-bildet-sich-selbst_Organisator.jpg","keywords":["Aus-\/Weiterbildung","HRM","Karriere","Veranstaltungen"],"articleSection":["FIT IM JOB"],"inLanguage":"it-IT"},{"@type":"WebPage","@id":"https:\/\/www.organisator.ch\/human-resources\/fit_im_job\/2017-04-04\/rueckblick-schweizer-bildungsforum-jeder-mensch-bildet-sich-selbst\/","url":"https:\/\/www.organisator.ch\/human-resources\/fit_im_job\/2017-04-04\/rueckblick-schweizer-bildungsforum-jeder-mensch-bildet-sich-selbst\/","name":"Recensione Forum svizzero dell'educazione: \"Ogni persona si educa da sola\" - Organizzatore","isPartOf":{"@id":"https:\/\/www.organisator.ch\/#website"},"primaryImageOfPage":{"@id":"https:\/\/www.organisator.ch\/human-resources\/fit_im_job\/2017-04-04\/rueckblick-schweizer-bildungsforum-jeder-mensch-bildet-sich-selbst\/#primaryimage"},"image":{"@id":"https:\/\/www.organisator.ch\/human-resources\/fit_im_job\/2017-04-04\/rueckblick-schweizer-bildungsforum-jeder-mensch-bildet-sich-selbst\/#primaryimage"},"thumbnailUrl":"https:\/\/www.organisator.ch\/wp-content\/uploads\/2017\/04\/Rueckblick-Schweizer-Bildungsforum-Jeder-Mensch-bildet-sich-selbst_Organisator.jpg","datePublished":"2017-04-04T08:37:21+00:00","description":"In occasione del 6\u00b0 Swiss Education Forum presso l'Universit\u00e0 di Scienze Applicate di San Gallo, gli esperti hanno discusso della formazione continua e delle sue insidie e opportunit\u00e0.","breadcrumb":{"@id":"https:\/\/www.organisator.ch\/human-resources\/fit_im_job\/2017-04-04\/rueckblick-schweizer-bildungsforum-jeder-mensch-bildet-sich-selbst\/#breadcrumb"},"inLanguage":"it-IT","potentialAction":[{"@type":"ReadAction","target":["https:\/\/www.organisator.ch\/human-resources\/fit_im_job\/2017-04-04\/rueckblick-schweizer-bildungsforum-jeder-mensch-bildet-sich-selbst\/"]}]},{"@type":"ImageObject","inLanguage":"it-IT","@id":"https:\/\/www.organisator.ch\/human-resources\/fit_im_job\/2017-04-04\/rueckblick-schweizer-bildungsforum-jeder-mensch-bildet-sich-selbst\/#primaryimage","url":"https:\/\/www.organisator.ch\/wp-content\/uploads\/2017\/04\/Rueckblick-Schweizer-Bildungsforum-Jeder-Mensch-bildet-sich-selbst_Organisator.jpg","contentUrl":"https:\/\/www.organisator.ch\/wp-content\/uploads\/2017\/04\/Rueckblick-Schweizer-Bildungsforum-Jeder-Mensch-bildet-sich-selbst_Organisator.jpg","width":640,"height":427,"caption":"Unterschiedliche Standpunkte am Schweizer Bildungsforum: HR-Leiter Martin Bircher, Leiter Weiterbildungszentrum WBZ-FHS Reto Eugster, Moderation Sabine Bianchi, erfolgreicher Unternehmer ohne Weiterbildungen Florian Reiser, angehender vierfacher Masterabsolvent Beatus Zumstein"},{"@type":"BreadcrumbList","@id":"https:\/\/www.organisator.ch\/human-resources\/fit_im_job\/2017-04-04\/rueckblick-schweizer-bildungsforum-jeder-mensch-bildet-sich-selbst\/#breadcrumb","itemListElement":[{"@type":"ListItem","position":1,"name":"Home","item":"https:\/\/www.organisator.ch\/"},{"@type":"ListItem","position":2,"name":"R\u00fcckblick Schweizer Bildungsforum: &#8222;Jeder Mensch bildet sich selbst&#8220;"}]},{"@type":"WebSite","@id":"https:\/\/www.organisator.ch\/#website","url":"https:\/\/www.organisator.ch\/","name":"Organizzatore","description":"Competente. Pratico. In 10 numeri all'anno, ORGANISATOR presenta i temi essenziali per i manager delle PMI.","publisher":{"@id":"https:\/\/www.organisator.ch\/#organization"},"potentialAction":[{"@type":"SearchAction","target":{"@type":"EntryPoint","urlTemplate":"https:\/\/www.organisator.ch\/?s={search_term_string}"},"query-input":{"@type":"PropertyValueSpecification","valueRequired":true,"valueName":"search_term_string"}}],"inLanguage":"it-IT"},{"@type":"Organization","@id":"https:\/\/www.organisator.ch\/#organization","name":"Organizzatore","url":"https:\/\/www.organisator.ch\/","logo":{"@type":"ImageObject","inLanguage":"it-IT","@id":"https:\/\/www.organisator.ch\/#\/schema\/logo\/image\/","url":"https:\/\/www.organisator.ch\/wp-content\/uploads\/2022\/01\/Logo_Organisator_Website.png","contentUrl":"https:\/\/www.organisator.ch\/wp-content\/uploads\/2022\/01\/Logo_Organisator_Website.png","width":800,"height":77,"caption":"Organisator"},"image":{"@id":"https:\/\/www.organisator.ch\/#\/schema\/logo\/image\/"},"sameAs":["https:\/\/www.facebook.com\/OrganisatorFachmagazin","https:\/\/www.linkedin.com\/showcase\/organisator-das-magazin-fr-kmu","https:\/\/www.xing.com\/news\/pages\/organisator-ch-695","https:\/\/www.youtube.com\/channel\/UCGP2Sq0iWaZwT3BdIAQFYpw"]},{"@type":"Person","@id":"https:\/\/www.organisator.ch\/#\/schema\/person\/6f650f90b2842cd4c0cc334b4e36f67e","name":"Tommaso.berner","image":{"@type":"ImageObject","inLanguage":"it-IT","@id":"https:\/\/secure.gravatar.com\/avatar\/ac5001d2a36cb6c6cd3e50789007ffca834b477b74a2144564522e944eabff61?s=96&d=mm&r=g","url":"https:\/\/secure.gravatar.com\/avatar\/ac5001d2a36cb6c6cd3e50789007ffca834b477b74a2144564522e944eabff61?s=96&d=mm&r=g","contentUrl":"https:\/\/secure.gravatar.com\/avatar\/ac5001d2a36cb6c6cd3e50789007ffca834b477b74a2144564522e944eabff61?s=96&d=mm&r=g","caption":"thomas.berner"},"url":"https:\/\/www.organisator.ch\/it\/author\/thomas-berner\/"}]}},"_links":{"self":[{"href":"https:\/\/www.organisator.ch\/it\/wp-json\/wp\/v2\/posts\/1726","targetHints":{"allow":["GET"]}}],"collection":[{"href":"https:\/\/www.organisator.ch\/it\/wp-json\/wp\/v2\/posts"}],"about":[{"href":"https:\/\/www.organisator.ch\/it\/wp-json\/wp\/v2\/types\/post"}],"author":[{"embeddable":true,"href":"https:\/\/www.organisator.ch\/it\/wp-json\/wp\/v2\/users\/4"}],"replies":[{"embeddable":true,"href":"https:\/\/www.organisator.ch\/it\/wp-json\/wp\/v2\/comments?post=1726"}],"version-history":[{"count":0,"href":"https:\/\/www.organisator.ch\/it\/wp-json\/wp\/v2\/posts\/1726\/revisions"}],"wp:featuredmedia":[{"embeddable":true,"href":"https:\/\/www.organisator.ch\/it\/wp-json\/wp\/v2\/media\/1728"}],"wp:attachment":[{"href":"https:\/\/www.organisator.ch\/it\/wp-json\/wp\/v2\/media?parent=1726"}],"wp:term":[{"taxonomy":"category","embeddable":true,"href":"https:\/\/www.organisator.ch\/it\/wp-json\/wp\/v2\/categories?post=1726"},{"taxonomy":"post_tag","embeddable":true,"href":"https:\/\/www.organisator.ch\/it\/wp-json\/wp\/v2\/tags?post=1726"}],"curies":[{"name":"wp","href":"https:\/\/api.w.org\/{rel}","templated":true}]}}