{"id":17328,"date":"2022-10-17T08:23:21","date_gmt":"2022-10-17T06:23:21","guid":{"rendered":"https:\/\/www.m-q.ch\/?p=17058"},"modified":"2024-11-21T06:54:55","modified_gmt":"2024-11-21T05:54:55","slug":"begeistertes-fachpublikum-an-der-consense-expo-2022","status":"publish","type":"post","link":"https:\/\/www.organisator.ch\/it\/operational-excellence\/2022-10-17\/begeistertes-fachpublikum-an-der-consense-expo-2022\/","title":{"rendered":"Pubblico entusiasta alla ConSense Expo 2022"},"content":{"rendered":"<figure id=\"attachment_17061\" class=\"wp-caption alignnone\" style=\"width: 680px\" aria-describedby=\"caption-attachment-17061\"><img class=\"alignnone wp-image-17061 size-full\" src=\"https:\/\/www.m-q.ch\/wp-content\/uploads\/2022\/10\/Begeistertes-Fachpublikum-an-der-ConSense-Expo-2022_MQ.jpg\" alt=\"ConSense EXPO\" width=\"680\" height=\"538\" \/>\r\n<figcaption id=\"caption-attachment-17061\" class=\"wp-caption-text\">Circa 1000 partecipanti hanno partecipato alla fiera virtuale d'autunno organizzata da ConSense GmbH. (Immagine: ConSense)<\/figcaption>\r\n<\/figure>\r\n<p>Presso gli stand espositivi virtuali, gli esperti del <a href=\"https:\/\/www.consense-gmbh.de\/home\/\">ConSense GmbH<\/a> era a disposizione del pubblico specializzato per informazioni, domande e scambi intensivi. \u00c8 stata presentata l'intera gamma di prodotti del produttore di software di Aquisgrana: software per la creazione di un IMS o di un software QM, moduli individuali come la gestione delle misure, degli audit o della convalida (GxP), la soluzione basata sul web ConSense PORTAL e i servizi di hosting. Dimostrazioni dal vivo hanno presentato ai visitatori interessati soluzioni pratiche per l'IMS, la gestione degli audit e la gestione delle misure. In uno stand separato erano disponibili anche le ultime novit\u00e0 in materia di formazione e gestione delle qualifiche e di eLearning. Infine, i partecipanti hanno potuto approfondire le loro conoscenze di MQ in vari webinar on-demand.<\/p>\r\n<h3><strong>Punto di forza di ConSense EXPO: il programma della conferenza<\/strong><\/h3>\r\n<p>Secondo gli organizzatori, le conferenze degli esperti, regolarmente il momento clou della fiera virtuale, sono state ancora una volta molto apprezzate: L'organizzatore ConSense ha registrato oltre 1.000 partecipanti alle varie conferenze dal vivo con esperti rinomati del mondo QM, che hanno trattato un'ampia gamma di argomenti. Il Dr. Markus Reimer, esperto di business e qualit\u00e0, ha affrontato il tema \"La sfida digitale - cosa ci aspetta e perch\u00e9 non possiamo pi\u00f9 aspettare\" nel suo ricercato keynote. Secondo gli organizzatori, anche la conferenza di Benedikt Sommerhoff, esperto DGQ per la qualit\u00e0 e l'innovazione, sul tema \"Fare leva sulla strategia invece di impantanarsi nell'operativit\u00e0 - come il dipartimento QM pu\u00f2 ottenere un maggiore impatto per la qualit\u00e0\" ha attirato il pubblico. Molte persone interessate hanno assistito anche alla conferenza del Dr. Bernhard M\u00fcller (consulente e auditor specializzato in sicurezza alimentare), che ha fornito informazioni sul concetto di HACCP nel sistema di gestione. In un'intervista, il responsabile della gestione della qualit\u00e0 Denis D\u00f6rrich ha offerto una visione della pratica e ha descritto con vivacit\u00e0 l'introduzione di un sistema di gestione integrato presso la Fondazione Samaritana di N\u00fcrtingen.<\/p>\r\n<h3><strong>Scambi, networking, lotterie - e visitatori altamente soddisfatti<\/strong><\/h3>\r\n<p>Anche il programma di supporto alla ConSense EXPO non \u00e8 stato trascurato: nella coffee lounge virtuale, il pubblico specializzato ha colto l'opportunit\u00e0 di scambiare opinioni sui temi pi\u00f9 importanti del settore alla tavola rotonda. Piccole sessioni di Pilates online hanno permesso di rilassarsi durante le pause. E chi ha trovato tutti i pezzi del puzzle nascosti all'EXPO nel concorso ha avuto la fortuna di vincere un grande premio. Il concetto generale della fiera virtuale del software ConSense sembra essere stato ancora una volta convincente. Perch\u00e9 i partecipanti hanno lodato, tra le altre cose, l'implementazione complessiva dell'evento virtuale, l'espansione informativa delle presentazioni e le risposte dirette e competenti alle loro domande. \"I numerosi feedback estremamente positivi sono ancora una volta una bella conferma del nostro evento virtuale, che si \u00e8 guadagnato il posto che gli spetta nel calendario delle fiere. Per questo motivo possiamo gi\u00e0 oggi confermare a tutte le parti interessate: ConSense EXPO entrer\u00e0 in un nuovo ciclo il 18 aprile 2023\", promette la dottoressa Iris Bruns della direzione di ConSense GmbH.<\/p>\r\n<p><em>Fonte: <a href=\"https:\/\/www.consense-gmbh.de\/home\/\">ConSense GmbH<\/a><\/em><\/p>\n<p class=\"syndicated-attribution\">Questo articolo \u00e8 apparso originariamente su m-q.ch - <a href=\"https:\/\/www.m-q.ch\/de\/begeistertes-fachpublikum-an-der-consense-expo-2022\/\" target=\"_blank\">https:\/\/www.m-q.ch\/de\/begeistertes-fachpublikum-an-der-consense-expo-2022\/<\/a><\/p>","protected":false},"excerpt":{"rendered":"<p>An virtuellen Messest\u00e4nden standen die Expertinnen und Experten der ConSense GmbH dem Fachpublikum f\u00fcr Informationen, Fragen und intensiven Austausch zur Verf\u00fcgung. Pr\u00e4sentiert wurde die gesamte Produktpalette des Softwareherstellers aus Aachen: Software zum Aufbau eines IMS oder QM-Software, individuelle Module wie Massnahmen-, Audit- oder Validierungsmanagement (GxP), die webbasierte L\u00f6sung ConSense PORTAL sowie Hosting-Services. Live-Demos pr\u00e4sentierten den [\u2026]<\/p>\n","protected":false},"author":8,"featured_media":0,"comment_status":"closed","ping_status":"closed","sticky":false,"template":"","format":"standard","meta":{"_acf_changed":false,"_yoast_wpseo_focuskw":"ConSense EXPO","_yoast_wpseo_metadesc":"ConSense EXPO 2022: Virtuelle Herbstmesse mit \u00fcber 1000 Teilnehmern. Fachvortr\u00e4ge, Live-Demos und intensiver Austausch.","articlekey":"","footnotes":""},"categories":[582],"tags":[],"class_list":["post-17328","post","type-post","status-publish","format-standard","hentry","category-operational-excellence"],"acf":[],"yoast_head":"<!-- This site is optimized with the Yoast SEO plugin v27.5 - https:\/\/yoast.com\/product\/yoast-seo-wordpress\/ -->\n<title>Begeistertes Fachpublikum an der ConSense Expo 2022 - Organisator<\/title>\n<meta name=\"description\" content=\"ConSense EXPO 2022: Virtuelle Herbstmesse mit \u00fcber 1000 Teilnehmern. Fachvortr\u00e4ge, Live-Demos und intensiver Austausch.\" \/>\n<meta name=\"robots\" content=\"index, follow, max-snippet:-1, max-image-preview:large, max-video-preview:-1\" \/>\n<link rel=\"canonical\" href=\"https:\/\/www.organisator.ch\/it\/eccellenza-operativa\/2022-10-17\/begeistertes-fachpublikum-an-der-consense-expo-2022\/\" \/>\n<meta property=\"og:locale\" content=\"it_IT\" \/>\n<meta property=\"og:type\" content=\"article\" \/>\n<meta property=\"og:title\" content=\"Begeistertes Fachpublikum an der ConSense Expo 2022 - Organisator\" \/>\n<meta property=\"og:description\" content=\"ConSense EXPO 2022: Virtuelle Herbstmesse mit \u00fcber 1000 Teilnehmern. Fachvortr\u00e4ge, Live-Demos und intensiver Austausch.\" \/>\n<meta property=\"og:url\" content=\"https:\/\/www.organisator.ch\/it\/eccellenza-operativa\/2022-10-17\/begeistertes-fachpublikum-an-der-consense-expo-2022\/\" \/>\n<meta property=\"og:site_name\" content=\"Organisator\" \/>\n<meta property=\"article:publisher\" content=\"https:\/\/www.facebook.com\/OrganisatorFachmagazin\" \/>\n<meta property=\"article:published_time\" content=\"2022-10-17T06:23:21+00:00\" \/>\n<meta property=\"article:modified_time\" content=\"2024-11-21T05:54:55+00:00\" \/>\n<meta name=\"author\" content=\"galledia\" \/>\n<meta name=\"twitter:card\" content=\"summary_large_image\" \/>\n<meta name=\"twitter:creator\" content=\"@admin\" \/>\n<script type=\"application\/ld+json\" class=\"yoast-schema-graph\">{\"@context\":\"https:\\\/\\\/schema.org\",\"@graph\":[{\"@type\":\"Article\",\"@id\":\"https:\\\/\\\/www.organisator.ch\\\/operational-excellence\\\/2022-10-17\\\/begeistertes-fachpublikum-an-der-consense-expo-2022\\\/#article\",\"isPartOf\":{\"@id\":\"https:\\\/\\\/www.organisator.ch\\\/operational-excellence\\\/2022-10-17\\\/begeistertes-fachpublikum-an-der-consense-expo-2022\\\/\"},\"author\":{\"name\":\"galledia\",\"@id\":\"https:\\\/\\\/www.organisator.ch\\\/#\\\/schema\\\/person\\\/4e51799071cd2dd1232ac003643ef5f0\"},\"headline\":\"Begeistertes Fachpublikum an der ConSense Expo 2022\",\"datePublished\":\"2022-10-17T06:23:21+00:00\",\"dateModified\":\"2024-11-21T05:54:55+00:00\",\"mainEntityOfPage\":{\"@id\":\"https:\\\/\\\/www.organisator.ch\\\/operational-excellence\\\/2022-10-17\\\/begeistertes-fachpublikum-an-der-consense-expo-2022\\\/\"},\"wordCount\":452,\"publisher\":{\"@id\":\"https:\\\/\\\/www.organisator.ch\\\/#organization\"},\"image\":{\"@id\":\"https:\\\/\\\/www.organisator.ch\\\/operational-excellence\\\/2022-10-17\\\/begeistertes-fachpublikum-an-der-consense-expo-2022\\\/#primaryimage\"},\"thumbnailUrl\":\"https:\\\/\\\/www.m-q.ch\\\/wp-content\\\/uploads\\\/2022\\\/10\\\/Begeistertes-Fachpublikum-an-der-ConSense-Expo-2022_MQ.jpg\",\"articleSection\":[\"OPERATIONAL EXCELLENCE\"],\"inLanguage\":\"it-IT\"},{\"@type\":\"WebPage\",\"@id\":\"https:\\\/\\\/www.organisator.ch\\\/operational-excellence\\\/2022-10-17\\\/begeistertes-fachpublikum-an-der-consense-expo-2022\\\/\",\"url\":\"https:\\\/\\\/www.organisator.ch\\\/operational-excellence\\\/2022-10-17\\\/begeistertes-fachpublikum-an-der-consense-expo-2022\\\/\",\"name\":\"Begeistertes Fachpublikum an der ConSense Expo 2022 - Organisator\",\"isPartOf\":{\"@id\":\"https:\\\/\\\/www.organisator.ch\\\/#website\"},\"primaryImageOfPage\":{\"@id\":\"https:\\\/\\\/www.organisator.ch\\\/operational-excellence\\\/2022-10-17\\\/begeistertes-fachpublikum-an-der-consense-expo-2022\\\/#primaryimage\"},\"image\":{\"@id\":\"https:\\\/\\\/www.organisator.ch\\\/operational-excellence\\\/2022-10-17\\\/begeistertes-fachpublikum-an-der-consense-expo-2022\\\/#primaryimage\"},\"thumbnailUrl\":\"https:\\\/\\\/www.m-q.ch\\\/wp-content\\\/uploads\\\/2022\\\/10\\\/Begeistertes-Fachpublikum-an-der-ConSense-Expo-2022_MQ.jpg\",\"datePublished\":\"2022-10-17T06:23:21+00:00\",\"dateModified\":\"2024-11-21T05:54:55+00:00\",\"description\":\"ConSense EXPO 2022: Virtuelle Herbstmesse mit \u00fcber 1000 Teilnehmern. Fachvortr\u00e4ge, Live-Demos und intensiver Austausch.\",\"breadcrumb\":{\"@id\":\"https:\\\/\\\/www.organisator.ch\\\/operational-excellence\\\/2022-10-17\\\/begeistertes-fachpublikum-an-der-consense-expo-2022\\\/#breadcrumb\"},\"inLanguage\":\"it-IT\",\"potentialAction\":[{\"@type\":\"ReadAction\",\"target\":[\"https:\\\/\\\/www.organisator.ch\\\/operational-excellence\\\/2022-10-17\\\/begeistertes-fachpublikum-an-der-consense-expo-2022\\\/\"]}]},{\"@type\":\"ImageObject\",\"inLanguage\":\"it-IT\",\"@id\":\"https:\\\/\\\/www.organisator.ch\\\/operational-excellence\\\/2022-10-17\\\/begeistertes-fachpublikum-an-der-consense-expo-2022\\\/#primaryimage\",\"url\":\"https:\\\/\\\/www.m-q.ch\\\/wp-content\\\/uploads\\\/2022\\\/10\\\/Begeistertes-Fachpublikum-an-der-ConSense-Expo-2022_MQ.jpg\",\"contentUrl\":\"https:\\\/\\\/www.m-q.ch\\\/wp-content\\\/uploads\\\/2022\\\/10\\\/Begeistertes-Fachpublikum-an-der-ConSense-Expo-2022_MQ.jpg\"},{\"@type\":\"BreadcrumbList\",\"@id\":\"https:\\\/\\\/www.organisator.ch\\\/operational-excellence\\\/2022-10-17\\\/begeistertes-fachpublikum-an-der-consense-expo-2022\\\/#breadcrumb\",\"itemListElement\":[{\"@type\":\"ListItem\",\"position\":1,\"name\":\"Home\",\"item\":\"https:\\\/\\\/www.organisator.ch\\\/\"},{\"@type\":\"ListItem\",\"position\":2,\"name\":\"Begeistertes Fachpublikum an der ConSense Expo 2022\"}]},{\"@type\":\"WebSite\",\"@id\":\"https:\\\/\\\/www.organisator.ch\\\/#website\",\"url\":\"https:\\\/\\\/www.organisator.ch\\\/\",\"name\":\"Organisator\",\"description\":\"Kompetent. Praxisnah. Der ORGANISATOR bereitet in 10 Ausgaben pro Jahr die wesentlichen Themen f\u00fcr F\u00fchrungskr\u00e4fte von KMU auf.\",\"publisher\":{\"@id\":\"https:\\\/\\\/www.organisator.ch\\\/#organization\"},\"potentialAction\":[{\"@type\":\"SearchAction\",\"target\":{\"@type\":\"EntryPoint\",\"urlTemplate\":\"https:\\\/\\\/www.organisator.ch\\\/?s={search_term_string}\"},\"query-input\":{\"@type\":\"PropertyValueSpecification\",\"valueRequired\":true,\"valueName\":\"search_term_string\"}}],\"inLanguage\":\"it-IT\"},{\"@type\":\"Organization\",\"@id\":\"https:\\\/\\\/www.organisator.ch\\\/#organization\",\"name\":\"Organisator\",\"url\":\"https:\\\/\\\/www.organisator.ch\\\/\",\"logo\":{\"@type\":\"ImageObject\",\"inLanguage\":\"it-IT\",\"@id\":\"https:\\\/\\\/www.organisator.ch\\\/#\\\/schema\\\/logo\\\/image\\\/\",\"url\":\"https:\\\/\\\/www.organisator.ch\\\/wp-content\\\/uploads\\\/2022\\\/01\\\/Logo_Organisator_Website.png\",\"contentUrl\":\"https:\\\/\\\/www.organisator.ch\\\/wp-content\\\/uploads\\\/2022\\\/01\\\/Logo_Organisator_Website.png\",\"width\":800,\"height\":77,\"caption\":\"Organisator\"},\"image\":{\"@id\":\"https:\\\/\\\/www.organisator.ch\\\/#\\\/schema\\\/logo\\\/image\\\/\"},\"sameAs\":[\"https:\\\/\\\/www.facebook.com\\\/OrganisatorFachmagazin\",\"https:\\\/\\\/www.linkedin.com\\\/showcase\\\/organisator-das-magazin-fr-kmu\",\"https:\\\/\\\/www.xing.com\\\/news\\\/pages\\\/organisator-ch-695\",\"https:\\\/\\\/www.youtube.com\\\/channel\\\/UCGP2Sq0iWaZwT3BdIAQFYpw\"]},{\"@type\":\"Person\",\"@id\":\"https:\\\/\\\/www.organisator.ch\\\/#\\\/schema\\\/person\\\/4e51799071cd2dd1232ac003643ef5f0\",\"name\":\"galledia\",\"image\":{\"@type\":\"ImageObject\",\"inLanguage\":\"it-IT\",\"@id\":\"https:\\\/\\\/secure.gravatar.com\\\/avatar\\\/78a7f90c01fc2bfc875782a0d4922b37cde2cf184ce347b91316d23cd7f69a36?s=96&d=mm&r=g\",\"url\":\"https:\\\/\\\/secure.gravatar.com\\\/avatar\\\/78a7f90c01fc2bfc875782a0d4922b37cde2cf184ce347b91316d23cd7f69a36?s=96&d=mm&r=g\",\"contentUrl\":\"https:\\\/\\\/secure.gravatar.com\\\/avatar\\\/78a7f90c01fc2bfc875782a0d4922b37cde2cf184ce347b91316d23cd7f69a36?s=96&d=mm&r=g\",\"caption\":\"galledia\"},\"sameAs\":[\"https:\\\/\\\/x.com\\\/admin\"],\"url\":\"https:\\\/\\\/www.organisator.ch\\\/it\\\/author\\\/galledia\\\/\"}]}<\/script>\n<!-- \/ Yoast SEO plugin. -->","yoast_head_json":{"title":"Pubblico entusiasta alla ConSense Expo 2022 - Organizzatore","description":"ConSense EXPO 2022: fiera autunnale virtuale con oltre 1000 partecipanti. Presentazioni specialistiche, dimostrazioni dal vivo e dialogo intenso.","robots":{"index":"index","follow":"follow","max-snippet":"max-snippet:-1","max-image-preview":"max-image-preview:large","max-video-preview":"max-video-preview:-1"},"canonical":"https:\/\/www.organisator.ch\/it\/eccellenza-operativa\/2022-10-17\/begeistertes-fachpublikum-an-der-consense-expo-2022\/","og_locale":"it_IT","og_type":"article","og_title":"Begeistertes Fachpublikum an der ConSense Expo 2022 - Organisator","og_description":"ConSense EXPO 2022: Virtuelle Herbstmesse mit \u00fcber 1000 Teilnehmern. Fachvortr\u00e4ge, Live-Demos und intensiver Austausch.","og_url":"https:\/\/www.organisator.ch\/it\/eccellenza-operativa\/2022-10-17\/begeistertes-fachpublikum-an-der-consense-expo-2022\/","og_site_name":"Organisator","article_publisher":"https:\/\/www.facebook.com\/OrganisatorFachmagazin","article_published_time":"2022-10-17T06:23:21+00:00","article_modified_time":"2024-11-21T05:54:55+00:00","author":"galledia","twitter_card":"summary_large_image","twitter_creator":"@admin","schema":{"@context":"https:\/\/schema.org","@graph":[{"@type":"Article","@id":"https:\/\/www.organisator.ch\/operational-excellence\/2022-10-17\/begeistertes-fachpublikum-an-der-consense-expo-2022\/#article","isPartOf":{"@id":"https:\/\/www.organisator.ch\/operational-excellence\/2022-10-17\/begeistertes-fachpublikum-an-der-consense-expo-2022\/"},"author":{"name":"galledia","@id":"https:\/\/www.organisator.ch\/#\/schema\/person\/4e51799071cd2dd1232ac003643ef5f0"},"headline":"Begeistertes Fachpublikum an der ConSense Expo 2022","datePublished":"2022-10-17T06:23:21+00:00","dateModified":"2024-11-21T05:54:55+00:00","mainEntityOfPage":{"@id":"https:\/\/www.organisator.ch\/operational-excellence\/2022-10-17\/begeistertes-fachpublikum-an-der-consense-expo-2022\/"},"wordCount":452,"publisher":{"@id":"https:\/\/www.organisator.ch\/#organization"},"image":{"@id":"https:\/\/www.organisator.ch\/operational-excellence\/2022-10-17\/begeistertes-fachpublikum-an-der-consense-expo-2022\/#primaryimage"},"thumbnailUrl":"https:\/\/www.m-q.ch\/wp-content\/uploads\/2022\/10\/Begeistertes-Fachpublikum-an-der-ConSense-Expo-2022_MQ.jpg","articleSection":["OPERATIONAL EXCELLENCE"],"inLanguage":"it-IT"},{"@type":"WebPage","@id":"https:\/\/www.organisator.ch\/operational-excellence\/2022-10-17\/begeistertes-fachpublikum-an-der-consense-expo-2022\/","url":"https:\/\/www.organisator.ch\/operational-excellence\/2022-10-17\/begeistertes-fachpublikum-an-der-consense-expo-2022\/","name":"Pubblico entusiasta alla ConSense Expo 2022 - Organizzatore","isPartOf":{"@id":"https:\/\/www.organisator.ch\/#website"},"primaryImageOfPage":{"@id":"https:\/\/www.organisator.ch\/operational-excellence\/2022-10-17\/begeistertes-fachpublikum-an-der-consense-expo-2022\/#primaryimage"},"image":{"@id":"https:\/\/www.organisator.ch\/operational-excellence\/2022-10-17\/begeistertes-fachpublikum-an-der-consense-expo-2022\/#primaryimage"},"thumbnailUrl":"https:\/\/www.m-q.ch\/wp-content\/uploads\/2022\/10\/Begeistertes-Fachpublikum-an-der-ConSense-Expo-2022_MQ.jpg","datePublished":"2022-10-17T06:23:21+00:00","dateModified":"2024-11-21T05:54:55+00:00","description":"ConSense EXPO 2022: fiera autunnale virtuale con oltre 1000 partecipanti. Presentazioni specialistiche, dimostrazioni dal vivo e dialogo intenso.","breadcrumb":{"@id":"https:\/\/www.organisator.ch\/operational-excellence\/2022-10-17\/begeistertes-fachpublikum-an-der-consense-expo-2022\/#breadcrumb"},"inLanguage":"it-IT","potentialAction":[{"@type":"ReadAction","target":["https:\/\/www.organisator.ch\/operational-excellence\/2022-10-17\/begeistertes-fachpublikum-an-der-consense-expo-2022\/"]}]},{"@type":"ImageObject","inLanguage":"it-IT","@id":"https:\/\/www.organisator.ch\/operational-excellence\/2022-10-17\/begeistertes-fachpublikum-an-der-consense-expo-2022\/#primaryimage","url":"https:\/\/www.m-q.ch\/wp-content\/uploads\/2022\/10\/Begeistertes-Fachpublikum-an-der-ConSense-Expo-2022_MQ.jpg","contentUrl":"https:\/\/www.m-q.ch\/wp-content\/uploads\/2022\/10\/Begeistertes-Fachpublikum-an-der-ConSense-Expo-2022_MQ.jpg"},{"@type":"BreadcrumbList","@id":"https:\/\/www.organisator.ch\/operational-excellence\/2022-10-17\/begeistertes-fachpublikum-an-der-consense-expo-2022\/#breadcrumb","itemListElement":[{"@type":"ListItem","position":1,"name":"Home","item":"https:\/\/www.organisator.ch\/"},{"@type":"ListItem","position":2,"name":"Begeistertes Fachpublikum an der ConSense Expo 2022"}]},{"@type":"WebSite","@id":"https:\/\/www.organisator.ch\/#website","url":"https:\/\/www.organisator.ch\/","name":"Organizzatore","description":"Competente. Pratico. In 10 numeri all'anno, ORGANISATOR presenta i temi essenziali per i manager delle PMI.","publisher":{"@id":"https:\/\/www.organisator.ch\/#organization"},"potentialAction":[{"@type":"SearchAction","target":{"@type":"EntryPoint","urlTemplate":"https:\/\/www.organisator.ch\/?s={search_term_string}"},"query-input":{"@type":"PropertyValueSpecification","valueRequired":true,"valueName":"search_term_string"}}],"inLanguage":"it-IT"},{"@type":"Organization","@id":"https:\/\/www.organisator.ch\/#organization","name":"Organizzatore","url":"https:\/\/www.organisator.ch\/","logo":{"@type":"ImageObject","inLanguage":"it-IT","@id":"https:\/\/www.organisator.ch\/#\/schema\/logo\/image\/","url":"https:\/\/www.organisator.ch\/wp-content\/uploads\/2022\/01\/Logo_Organisator_Website.png","contentUrl":"https:\/\/www.organisator.ch\/wp-content\/uploads\/2022\/01\/Logo_Organisator_Website.png","width":800,"height":77,"caption":"Organisator"},"image":{"@id":"https:\/\/www.organisator.ch\/#\/schema\/logo\/image\/"},"sameAs":["https:\/\/www.facebook.com\/OrganisatorFachmagazin","https:\/\/www.linkedin.com\/showcase\/organisator-das-magazin-fr-kmu","https:\/\/www.xing.com\/news\/pages\/organisator-ch-695","https:\/\/www.youtube.com\/channel\/UCGP2Sq0iWaZwT3BdIAQFYpw"]},{"@type":"Person","@id":"https:\/\/www.organisator.ch\/#\/schema\/person\/4e51799071cd2dd1232ac003643ef5f0","name":"galledia","image":{"@type":"ImageObject","inLanguage":"it-IT","@id":"https:\/\/secure.gravatar.com\/avatar\/78a7f90c01fc2bfc875782a0d4922b37cde2cf184ce347b91316d23cd7f69a36?s=96&d=mm&r=g","url":"https:\/\/secure.gravatar.com\/avatar\/78a7f90c01fc2bfc875782a0d4922b37cde2cf184ce347b91316d23cd7f69a36?s=96&d=mm&r=g","contentUrl":"https:\/\/secure.gravatar.com\/avatar\/78a7f90c01fc2bfc875782a0d4922b37cde2cf184ce347b91316d23cd7f69a36?s=96&d=mm&r=g","caption":"galledia"},"sameAs":["https:\/\/x.com\/admin"],"url":"https:\/\/www.organisator.ch\/it\/author\/galledia\/"}]}},"_links":{"self":[{"href":"https:\/\/www.organisator.ch\/it\/wp-json\/wp\/v2\/posts\/17328","targetHints":{"allow":["GET"]}}],"collection":[{"href":"https:\/\/www.organisator.ch\/it\/wp-json\/wp\/v2\/posts"}],"about":[{"href":"https:\/\/www.organisator.ch\/it\/wp-json\/wp\/v2\/types\/post"}],"author":[{"embeddable":true,"href":"https:\/\/www.organisator.ch\/it\/wp-json\/wp\/v2\/users\/8"}],"replies":[{"embeddable":true,"href":"https:\/\/www.organisator.ch\/it\/wp-json\/wp\/v2\/comments?post=17328"}],"version-history":[{"count":3,"href":"https:\/\/www.organisator.ch\/it\/wp-json\/wp\/v2\/posts\/17328\/revisions"}],"predecessor-version":[{"id":33708,"href":"https:\/\/www.organisator.ch\/it\/wp-json\/wp\/v2\/posts\/17328\/revisions\/33708"}],"wp:attachment":[{"href":"https:\/\/www.organisator.ch\/it\/wp-json\/wp\/v2\/media?parent=17328"}],"wp:term":[{"taxonomy":"category","embeddable":true,"href":"https:\/\/www.organisator.ch\/it\/wp-json\/wp\/v2\/categories?post=17328"},{"taxonomy":"post_tag","embeddable":true,"href":"https:\/\/www.organisator.ch\/it\/wp-json\/wp\/v2\/tags?post=17328"}],"curies":[{"name":"wp","href":"https:\/\/api.w.org\/{rel}","templated":true}]}}