{"id":17350,"date":"2022-10-19T03:54:06","date_gmt":"2022-10-19T01:54:06","guid":{"rendered":"https:\/\/www.m-q.ch\/?p=17070"},"modified":"2024-11-21T05:54:55","modified_gmt":"2024-11-21T04:54:55","slug":"die-europaeische-kunststoffindustrie-im-bann-von-preissteigerungen-und-stagnation","status":"publish","type":"post","link":"https:\/\/www.organisator.ch\/it\/operational-excellence\/2022-10-19\/die-europaeische-kunststoffindustrie-im-bann-von-preissteigerungen-und-stagnation\/","title":{"rendered":"L'industria europea delle materie plastiche sotto l'incantesimo dell'aumento dei prezzi e della stagnazione"},"content":{"rendered":"<figure id=\"attachment_17071\" class=\"wp-caption alignnone\" style=\"width: 680px\" aria-describedby=\"caption-attachment-17071\"><img class=\"alignnone wp-image-17071 size-full\" src=\"https:\/\/www.m-q.ch\/wp-content\/uploads\/2022\/10\/Die-europaeische-Kunststoffindustrie-im-Bann-von-Preissteigerungen-und-Stagnation-1_MQ.jpg\" alt=\"K 2022 Industria della plastica\" width=\"680\" height=\"467\" \/>\r\n<figcaption id=\"caption-attachment-17071\" class=\"wp-caption-text\">Un grande problema per l'industria europea delle materie plastiche: ci\u00f2 che una volta era considerato un rifiuto ora \u00e8 una materia prima utile. (Foto: SABIC)<\/figcaption>\r\n<\/figure>\r\n<p>L'industria europea delle materie plastiche sta affrontando sfide su diversi fronti. Questo sar\u00e0 evidente anche alla K di quest'anno, probabilmente la pi\u00f9 importante piattaforma informativa e commerciale per l'industria globale della plastica e della gomma. La fiera delle materie plastiche si terr\u00e0 dal 19 al 26 ottobre 2022 a D\u00fcsseldorf ed \u00e8 considerata una vetrina per tutte le industrie di trasformazione delle materie plastiche.\u00a0<\/p>\r\n<p>Nel settore degli imballaggi, di gran lunga il pi\u00f9 grande mercato dell'industria delle materie plastiche, l'industria \u00e8 diventata vittima del suo stesso successo come fornitore di materiali ideali per le applicazioni monouso e per le persone in movimento. Nel settore delle costruzioni, alcuni progetti infrastrutturali potrebbero subire una battuta d'arresto a causa del dirottamento di alcuni fondi dai progetti infrastrutturali alla difesa, anche se l'attivit\u00e0 \u00e8 stimolata dai consumatori che ricevono un sostegno per migliorare l'efficienza energetica delle loro case. Nel settore automobilistico, i fornitori stanno soffrendo a causa dei tagli alla produzione da parte delle case automobilistiche, non in risposta al calo della domanda, ma perch\u00e9 non riescono a ottenere i chip necessari per l'elettronica.<\/p>\r\n<h3>Gli alti prezzi dell'energia gravano sull'industria europea delle materie plastiche<\/h3>\r\n<p>Dall'inizio del 2019, il COVID-19 ha avuto un forte impatto sulla produzione, occasionalmente positivo, ma per lo pi\u00f9 negativo. E ora, mentre l'Europa e il resto del mondo si stanno riprendendo dai due anni devastanti della pandemia, si aggiunge la tragedia del conflitto in Ucraina. Commentando la situazione alla fine di marzo 2022, Martin Wiesweg, direttore esecutivo polimeri EMEA della societ\u00e0 di consulenza IHS Markit, ha affermato che la crisi non solo sta causando una catastrofe umanitaria, ma sta anche pesando sull'industria delle materie plastiche, facendo lievitare i costi, esacerbando le strozzature della catena di approvvigionamento, compresa la fornitura di energia, e sollevando lo spettro di uno shock della domanda, come teme la stagflazione globale. \"Gli alti prezzi del greggio hanno avuto un impatto negativo sulla domanda europea di materie plastiche in passato (vedi grafico)\", ha detto Wiesweg. Se i prezzi continuano a salire, il reddito disponibile dei consumatori potrebbe crollare, con un conseguente impatto sulle vendite al dettaglio. I segmenti che dipendono dalla spesa dei consumatori e che non sono essenziali, come gli elettrodomestici, i beni di consumo e le automobili, registrerebbero una performance negativa in quanto gli acquirenti cercano di risparmiare. \"Nel breve e medio termine, l'Europa potrebbe registrare un calo della domanda di polimeri\".<\/p>\r\n<p><img class=\"alignnone size-full wp-image-17072\" src=\"https:\/\/www.m-q.ch\/wp-content\/uploads\/2022\/10\/Die-europaeische-Kunststoffindustrie-im-Bann-von-Preissteigerungen-und-Stagnation-2_MQ.jpg\" alt=\"\" width=\"680\" height=\"343\" \/><\/p>\r\n<figure id=\"attachment_17073\" class=\"wp-caption alignnone\" style=\"width: 680px\" aria-describedby=\"caption-attachment-17073\"><img class=\"wp-image-17073 size-full\" src=\"https:\/\/www.m-q.ch\/wp-content\/uploads\/2022\/10\/Die-europaeische-Kunststoffindustrie-im-Bann-von-Preissteigerungen-und-Stagnation-3_MQ.jpg\" alt=\"\" width=\"680\" height=\"78\" \/>\r\n<figcaption id=\"caption-attachment-17073\" class=\"wp-caption-text\">Andamento dei prezzi alla produzione di vari prodotti in plastica dal 2018 (100=prezzi dal 2015) (Fonte: DeSatis; GKV\/TecPart)<\/figcaption>\r\n<\/figure>\r\n<p>La Germania rimane la \"centrale elettrica\" dell'industria europea delle materie plastiche con i suoi diversi punti di forza in termini di materiali, attrezzature e capacit\u00e0 di lavorazione. Ma alcuni settori sono comunque in difficolt\u00e0. Secondo la GKV (Gesamtverband Kunststoffverarbeitende Industrie), il fatturato del settore \u00e8 aumentato del 12,6 %, raggiungendo i 69,4 miliardi di euro nel 2021, ma le aziende associate sono ancora sottoposte a una forte pressione sui guadagni. A questo proposito, l'associazione sottolinea un'\"esplosione esorbitante dei costi\" per le materie prime e l'energia, nonch\u00e9 i numerosi ritardi nelle consegne e i conseguenti arresti degli ordini, soprattutto nelle forniture automobilistiche.<\/p>\r\n<p>Unionplast, l'associazione delle aziende italiane di trasformazione delle materie plastiche, lancia l'allarme sui prezzi dell'energia. \"La crisi dei prezzi dell'energia sta avendo un grave impatto su un settore che conta oltre 5.000 aziende e pi\u00f9 di 100.000 dipendenti\", afferma Marco Bergaglio, presidente dell'associazione. \"L'aumento incontrollato dei costi energetici e le crescenti difficolt\u00e0 di approvvigionamento delle materie prime sono un mix letale per il nostro settore e comportano il rischio di non riuscire a soddisfare le richieste dei nostri clienti. Questa situazione si ripercuote inevitabilmente sui prezzi dei nostri prodotti\".<\/p>\r\n<h3><strong>Produttori europei di macchinari in buona forma<\/strong><\/h3>\r\n<p>Le cose vanno meglio per i produttori europei di macchine per materie plastiche. Thorsten K\u00fchmann, segretario generale di EUROMAP, l'associazione europea dei produttori di macchine per materie plastiche e gomma, ha dichiarato a marzo che i libri degli ordini delle aziende associate \"sono pieni fino all'orlo\". L'anno in corso sar\u00e0 quindi un altro anno molto buono. Prevediamo un aumento delle vendite dal 5 al 10 %\". Tuttavia, l'aumento dei prezzi e ora la guerra in Ucraina stanno causando incertezza anche qui. Dario Previero, presidente di Amaplast, l'associazione dei costruttori italiani di macchine e stampi per materie plastiche e gomma, alla fine dello scorso anno aveva previsto: \"Secondo le nostre stime, la produzione alla fine del 2021 dovrebbe essere a un soffio dai livelli pre-pandemici, con un aumento di 11,5 % rispetto al 2020. La significativa ripresa del 2021 ci fa prevedere che la produzione del 2022 sar\u00e0 superiore ai livelli pre-crisi\".<\/p>\r\n<p>Ulrich Reifenh\u00e4user, CSO del Gruppo Reifenh\u00e4user, produttore leader di linee di estrusione, nonch\u00e9 presidente del K Exhibitor Advisory Board, parla di un portafoglio ordini \"straordinariamente positivo\" per l'anno in corso. \"La domanda estremamente elevata per le nostre linee di nontessuti meltblown, che hanno contribuito in modo decisivo a garantire la produzione di un numero sufficiente di maschere protettive mediche in tutto il mondo per combattere la pandemia - soprattutto in Europa con capacit\u00e0 produttive locali - ha dato un contributo significativo a questo risultato.\" Anche Gerd Liebig, CEO del principale produttore di tecnologie di stampaggio a iniezione Sumitomo (SHI) Demag, afferma che i dati di consumo sono complessivamente buoni. \"Tuttavia, la situazione del coronavirus ha avuto un impatto significativo sulla domanda. Tuttavia, ci aspettiamo una rapida ripresa grazie alla nostra solida strategia commerciale\". Anche le vendite di macchine di questa azienda sono sulla buona strada per superare i livelli pre-pandemia. \"La domanda di modelli completamente elettrici continua a crescere e ci aspettiamo che questa quota aumenti ulteriormente\", afferma Liebig. E ad Arburg, Gerhard B\u00f6hm, amministratore delegato delle vendite e dell'assistenza, riferisce: \"Nel 2021 abbiamo venduto pi\u00f9 macchine che mai e anche quest'anno abbiamo una buona raccolta di ordini\". Tuttavia, sottolinea anche che i prezzi dei materiali e i tempi di consegna sono fonte di preoccupazione. \"\u00c8 chiaro che le strozzature nell'approvvigionamento impediscono ai nostri clienti di investire in alcuni casi, ma la domanda \u00e8 certamente presente\", afferma.\u00a0<\/p>\r\n<h3><strong>Le sfide dell'imballaggio<\/strong><\/h3>\r\n<p>L'industria europea delle materie plastiche deve confrontarsi costantemente con diversi provvedimenti legislativi in materia di rifiuti plastici. Ad esempio, \u00e8 previsto che entro il 2030 il 55 % di tutti gli imballaggi in plastica nell'UE debba essere riciclabile, oltre a un'imposta sui rifiuti di imballaggi in plastica non riciclati. Alcuni Paesi stanno inoltre introducendo legislazioni locali (ad esempio, Spagna e Francia), per cui il campo di gioco non \u00e8 cos\u00ec uniforme come dovrebbe essere.<\/p>\r\n<p>L'industria deve gi\u00e0 convivere con le conseguenze della Direttiva VAS, alcuni elementi della quale sono entrati in vigore nella maggior parte dei Paesi dell'UE il 3 luglio 2021, anche se l'introduzione della normativa non \u00e8 stata del tutto agevole. In Italia, ad esempio, \u00e8 entrata in vigore solo a gennaio, il che significa che l'attuazione finale \u00e8 stata ritardata. Inoltre, le definizioni di prodotti in plastica sono pi\u00f9 flessibili di quanto inizialmente previsto da Bruxelles, perch\u00e9 mentre la Direttiva VAS non esclude alcune plastiche biodegradabili, ci\u00f2 avviene nella legislazione italiana.<\/p>\r\n<p>Per quanto riguarda le bioplastiche, l'associazione di categoria European Bioplastics afferma: \"Purtroppo in Europa le bioplastiche non ricevono ancora lo stesso sostegno che ricevono altre industrie innovative dai responsabili politici dell'UE. La Commissione europea ha posizioni in parte contraddittorie sulle bioplastiche. Anche le posizioni degli Stati membri sulle bioplastiche sono molto diverse e il contesto normativo \u00e8 tutt'altro che armonizzato. Questo scoraggia gli investimenti in ricerca e sviluppo e nelle capacit\u00e0 produttive\", si legge.<\/p>\r\n<p>Nonostante queste sfide, lo sviluppo delle bioplastiche europee \u00e8 \"molto positivo\". Le capacit\u00e0 produttive globali rappresentano ancora meno di 1 % degli oltre 367 milioni di tonnellate di tutte le materie plastiche, ma entro il 2026 la produzione di bioplastiche superer\u00e0 per la prima volta le 2 %\". La capacit\u00e0 produttiva di bioplastiche in Europa era di poco inferiore alle 600.000 tonnellate nel 2021 e si prevede un aumento a circa 1.000.000 di tonnellate nei prossimi cinque anni.<\/p>\r\n<h3><strong>Riciclaggio in aumento<\/strong><\/h3>\r\n<p>\"Le nuove leggi e gli obiettivi per il riciclaggio della plastica e l'uso del riciclato stanno cambiando il modo in cui l'intera industria della plastica deve operare\", afferma Elizabeth Carroll, consulente per il riciclaggio e la sostenibilit\u00e0 presso AMI Consulting di Bristol, Regno Unito, la societ\u00e0 di consulenza che ha pubblicato un nuovo rapporto sul riciclaggio meccanico in Europa. \"L'industria del riciclaggio meccanico delle materie plastiche \u00e8 quindi diventata un punto focale per gli investimenti, le acquisizioni e l'espansione\", afferma.<\/p>\r\n<p>Nel 2021, la produzione di plastica riciclata in Europa ammontava a 8,2 milioni di tonnellate e si prevede un aumento di 5,6 % all'anno fino al 2030. Questo dato si confronta con i 35,6 milioni di tonnellate di plastiche standard immesse nel flusso dei rifiuti nel 2021. \"Questo significa che l'Europa nel suo complesso ha raggiunto un tasso di riciclo della plastica di 23,1 %\", afferma Carroll. Questa cifra \u00e8 probabilmente destinata ad aumentare, dato che l'industria delle materie plastiche effettua investimenti sostanziali in varie tecnologie di riciclaggio.<\/p>\r\n<p>A volte, per\u00f2, si tratta di una battaglia in salita, come ammette Guido Frohnhaus, Managing Director Technology &amp; Engineering di Arburg: \"Finch\u00e9 i riciclati sono pi\u00f9 costosi dei materiali vergini, per ogni media impresa si pone il problema del perch\u00e9 utilizzarli a scapito della propria redditivit\u00e0. I politici devono stabilire chiari requisiti legali in questo ambito e l'UE non deve solo vietare i singoli prodotti di plastica, ma anche sostenere coerentemente l'economia circolare.\"<\/p>\r\n<p>Fortunatamente, la tecnologia del riciclaggio sta facendo passi da gigante in Europa. Aziende austriache come Erema e Starlinger, ad esempio, sono tra i leader in questo campo, mentre Amut e Bandera sono tra gli specialisti italiani dell'estrusione che sviluppano sistemi per il trattamento degli scarti di film. Gli specialisti in tecnologie per bottiglie in PET Sipa hanno collaborato con Erema per sviluppare il primo sistema completamente integrato per il riciclo di scaglie post-consumo in bottiglie per applicazioni a contatto con gli alimenti. Anche le tecnologie di selezione automatizzata per le PCR miste stanno facendo passi da gigante, con l'azienda norvegese Tomra che svolge un ruolo importante.<\/p>\r\n<h3><strong>I fornitori di polimeri per l'industria europea delle materie plastiche diventano verdi<\/strong><\/h3>\r\n<p>I produttori europei di polimeri stanno compiendo grandi sforzi per migliorare la sostenibilit\u00e0 dei loro prodotti. Richard Roudeix, Senior Vice President - Olefins &amp; Polyolefins Europe, Middle East, Africa and India di LyondellBasell, uno dei maggiori produttori di poliolefine e compound, spiega: \"Per diventare neutrale dal punto di vista delle emissioni di carbonio entro il 2050, l'industria deve cambiare profondamente in un periodo di tempo relativamente breve, soprattutto se si considera che alcune tecnologie per la completa decarbonizzazione dei nostri processi sono ancora nelle prime fasi di sviluppo\". Attualmente, gli alti costi dell'energia stanno comprimendo i profitti dell'industria proprio nel momento in cui questa ha bisogno di fondi aggiuntivi per investire nella decarbonizzazione.\"<\/p>\r\n<figure id=\"attachment_17075\" class=\"wp-caption alignnone\" style=\"width: 680px\" aria-describedby=\"caption-attachment-17075\"><img class=\"size-full wp-image-17075\" src=\"https:\/\/www.m-q.ch\/wp-content\/uploads\/2022\/10\/Die-europaeische-Kunststoffindustrie-im-Bann-von-Preissteigerungen-und-Stagnation-4_MQ.jpg\" alt=\"\" width=\"680\" height=\"532\" \/>\r\n<figcaption id=\"caption-attachment-17075\" class=\"wp-caption-text\">LyondellBasell sta sviluppando la propria tecnologia di riciclo chimico, MoReTec, in un impianto pilota a Ferrara, in Italia. Molti altri fornitori di polimeri in Europa stanno seguendo l'esempio. (Foto: LyondellBasell)<\/figcaption>\r\n<\/figure>\r\n<p>I fornitori di polimeri non sono del tutto d'accordo con i politici europei sulla transizione verso un'economia verde, ma le opinioni stanno convergendo. \"LyondellBasell ritiene che le politiche governative alternative e le misure volontarie siano pi\u00f9 efficaci del perseguimento degli obiettivi ambientali attraverso le sole imposte nazionali\", afferma Roudeix. Suggerisce di utilizzare una tassa basata sulla riciclabilit\u00e0 del prodotto per finanziare il miglioramento delle infrastrutture e i programmi di riciclaggio della plastica. LyondellBasell ha fissato l'obiettivo di produrre e commercializzare due milioni di tonnellate di polimeri riciclati e rinnovabili all'anno entro il 2030. L'azienda ha gi\u00e0 lanciato plastiche realizzate con rifiuti plastici riciclati meccanicamente e chimicamente e con materie prime biobased.<\/p>\r\n<p>Anche SABIC ha fatto commenti simili. Nel 2019 l'azienda ha lanciato i polimeri riciclati certificati, prodotti riciclando le plastiche usate. \"Di fatto, per\u00f2, la domanda di plastica riciclata \u00e8 attualmente superiore all'offerta\", afferma un rappresentante, aggiungendo: \"I produttori devono trovare un modo per espandere l'offerta per realizzare un vero cambiamento\". Secondo SABIC, \u00e8 necessario un maggiore sostegno normativo da parte dei governi per aiutare gli operatori del settore a sviluppare nuove tecniche come il riciclo chimico. \"Ad esempio, \u00e8 importante che il quadro normativo europeo riconosca la resina riciclata chimicamente come equivalente alla resina vergine prodotta da combustibili fossili, per aumentare la disponibilit\u00e0 e promuovere la scalabilit\u00e0\". Alla BASF, che come SABIC offre un'ampia gamma di materie plastiche per diversi mercati, un rappresentante afferma: \"Prevediamo che le materie plastiche svolgeranno un ruolo importante nel raggiungimento degli obiettivi dell'UE in materia di emissioni nette zero, contribuendo a ridurre le emissioni in settori chiave come l'edilizia, l'industria automobilistica e gli imballaggi alimentari. A livello globale, puntiamo a raggiungere un livello di emissioni nette di CO<sub>2<\/sub> emissioni. Puntiamo inoltre a ridurre le nostre emissioni di gas serra a livello globale di 25 % entro il 2030 rispetto al 2018\".<\/p>\r\n<p><em>Fonte e ulteriori informazioni: <a href=\"http:\/\/www.k-online.de\/\">www.k-online.de<\/a><\/em><\/p>\n<p class=\"syndicated-attribution\">Questo articolo \u00e8 apparso originariamente su m-q.ch - <a href=\"https:\/\/www.m-q.ch\/de\/die-europaeische-kunststoffindustrie-im-bann-von-preissteigerungen-und-stagnation\/\" target=\"_blank\">https:\/\/www.m-q.ch\/de\/die-europaeische-kunststoffindustrie-im-bann-von-preissteigerungen-und-stagnation\/<\/a><\/p>","protected":false},"excerpt":{"rendered":"<p>Die europ\u00e4ische Kunststoffindustrie steht an etlichen Fronten vor Herausforderungen. Dies wird auch an der diesj\u00e4hrigen K, der wohl wichtigsten Informations- und Businessplattform der weltweiten Kunststoff- und Kautschukindustrie sp\u00fcrbar sein. Die Kunststoffmesse findet vom 19. bis 26. Oktober 2022 in D\u00fcsseldorf statt und gilt als Leistungsschau aller kunststoffverarbeitenden Branchen.\u00a0 In der Verpackungsbranche, dem bei weitem gr\u00f6ssten [\u2026]<\/p>\n","protected":false},"author":8,"featured_media":0,"comment_status":"closed","ping_status":"closed","sticky":false,"template":"","format":"standard","meta":{"_acf_changed":false,"_yoast_wpseo_focuskw":"K 2022 Kunststoffindustrie","_yoast_wpseo_metadesc":"K 2022: Europ\u00e4ische Kunststoffindustrie k\u00e4mpft mit Energiepreisen und rechtlichen Vorgaben. Wegweisende Entwicklungen und L\u00f6sungen.","articlekey":"","footnotes":""},"categories":[582],"tags":[],"class_list":["post-17350","post","type-post","status-publish","format-standard","hentry","category-operational-excellence"],"acf":[],"yoast_head":"<!-- This site is optimized with the Yoast SEO plugin v27.5 - https:\/\/yoast.com\/product\/yoast-seo-wordpress\/ -->\n<title>Die europ\u00e4ische Kunststoffindustrie im Bann von Preissteigerungen und Stagnation - Organisator<\/title>\n<meta name=\"description\" content=\"K 2022: Europ\u00e4ische Kunststoffindustrie k\u00e4mpft mit Energiepreisen und rechtlichen Vorgaben. Wegweisende Entwicklungen und L\u00f6sungen.\" \/>\n<meta name=\"robots\" content=\"index, follow, max-snippet:-1, max-image-preview:large, max-video-preview:-1\" \/>\n<link rel=\"canonical\" href=\"https:\/\/www.organisator.ch\/it\/eccellenza-operativa\/2022-10-19\/die-europaeische-kunststoffindustrie-im-bann-von-preissteigerungen-und-stagnation\/\" \/>\n<meta property=\"og:locale\" content=\"it_IT\" \/>\n<meta property=\"og:type\" content=\"article\" \/>\n<meta property=\"og:title\" content=\"Die europ\u00e4ische Kunststoffindustrie im Bann von Preissteigerungen und Stagnation - Organisator\" \/>\n<meta property=\"og:description\" content=\"K 2022: Europ\u00e4ische Kunststoffindustrie k\u00e4mpft mit Energiepreisen und rechtlichen Vorgaben. Wegweisende Entwicklungen und L\u00f6sungen.\" \/>\n<meta property=\"og:url\" content=\"https:\/\/www.organisator.ch\/it\/eccellenza-operativa\/2022-10-19\/die-europaeische-kunststoffindustrie-im-bann-von-preissteigerungen-und-stagnation\/\" \/>\n<meta property=\"og:site_name\" content=\"Organisator\" \/>\n<meta property=\"article:publisher\" content=\"https:\/\/www.facebook.com\/OrganisatorFachmagazin\" \/>\n<meta property=\"article:published_time\" content=\"2022-10-19T01:54:06+00:00\" \/>\n<meta property=\"article:modified_time\" content=\"2024-11-21T04:54:55+00:00\" \/>\n<meta name=\"author\" content=\"galledia\" \/>\n<meta name=\"twitter:card\" content=\"summary_large_image\" \/>\n<meta name=\"twitter:creator\" content=\"@admin\" \/>\n<script type=\"application\/ld+json\" class=\"yoast-schema-graph\">{\"@context\":\"https:\\\/\\\/schema.org\",\"@graph\":[{\"@type\":\"Article\",\"@id\":\"https:\\\/\\\/www.organisator.ch\\\/operational-excellence\\\/2022-10-19\\\/die-europaeische-kunststoffindustrie-im-bann-von-preissteigerungen-und-stagnation\\\/#article\",\"isPartOf\":{\"@id\":\"https:\\\/\\\/www.organisator.ch\\\/operational-excellence\\\/2022-10-19\\\/die-europaeische-kunststoffindustrie-im-bann-von-preissteigerungen-und-stagnation\\\/\"},\"author\":{\"name\":\"galledia\",\"@id\":\"https:\\\/\\\/www.organisator.ch\\\/#\\\/schema\\\/person\\\/4e51799071cd2dd1232ac003643ef5f0\"},\"headline\":\"Die europ\u00e4ische Kunststoffindustrie im Bann von Preissteigerungen und Stagnation\",\"datePublished\":\"2022-10-19T01:54:06+00:00\",\"dateModified\":\"2024-11-21T04:54:55+00:00\",\"mainEntityOfPage\":{\"@id\":\"https:\\\/\\\/www.organisator.ch\\\/operational-excellence\\\/2022-10-19\\\/die-europaeische-kunststoffindustrie-im-bann-von-preissteigerungen-und-stagnation\\\/\"},\"wordCount\":2045,\"publisher\":{\"@id\":\"https:\\\/\\\/www.organisator.ch\\\/#organization\"},\"image\":{\"@id\":\"https:\\\/\\\/www.organisator.ch\\\/operational-excellence\\\/2022-10-19\\\/die-europaeische-kunststoffindustrie-im-bann-von-preissteigerungen-und-stagnation\\\/#primaryimage\"},\"thumbnailUrl\":\"https:\\\/\\\/www.m-q.ch\\\/wp-content\\\/uploads\\\/2022\\\/10\\\/Die-europaeische-Kunststoffindustrie-im-Bann-von-Preissteigerungen-und-Stagnation-1_MQ.jpg\",\"articleSection\":[\"OPERATIONAL EXCELLENCE\"],\"inLanguage\":\"it-IT\"},{\"@type\":\"WebPage\",\"@id\":\"https:\\\/\\\/www.organisator.ch\\\/operational-excellence\\\/2022-10-19\\\/die-europaeische-kunststoffindustrie-im-bann-von-preissteigerungen-und-stagnation\\\/\",\"url\":\"https:\\\/\\\/www.organisator.ch\\\/operational-excellence\\\/2022-10-19\\\/die-europaeische-kunststoffindustrie-im-bann-von-preissteigerungen-und-stagnation\\\/\",\"name\":\"Die europ\u00e4ische Kunststoffindustrie im Bann von Preissteigerungen und Stagnation - Organisator\",\"isPartOf\":{\"@id\":\"https:\\\/\\\/www.organisator.ch\\\/#website\"},\"primaryImageOfPage\":{\"@id\":\"https:\\\/\\\/www.organisator.ch\\\/operational-excellence\\\/2022-10-19\\\/die-europaeische-kunststoffindustrie-im-bann-von-preissteigerungen-und-stagnation\\\/#primaryimage\"},\"image\":{\"@id\":\"https:\\\/\\\/www.organisator.ch\\\/operational-excellence\\\/2022-10-19\\\/die-europaeische-kunststoffindustrie-im-bann-von-preissteigerungen-und-stagnation\\\/#primaryimage\"},\"thumbnailUrl\":\"https:\\\/\\\/www.m-q.ch\\\/wp-content\\\/uploads\\\/2022\\\/10\\\/Die-europaeische-Kunststoffindustrie-im-Bann-von-Preissteigerungen-und-Stagnation-1_MQ.jpg\",\"datePublished\":\"2022-10-19T01:54:06+00:00\",\"dateModified\":\"2024-11-21T04:54:55+00:00\",\"description\":\"K 2022: Europ\u00e4ische Kunststoffindustrie k\u00e4mpft mit Energiepreisen und rechtlichen Vorgaben. Wegweisende Entwicklungen und L\u00f6sungen.\",\"breadcrumb\":{\"@id\":\"https:\\\/\\\/www.organisator.ch\\\/operational-excellence\\\/2022-10-19\\\/die-europaeische-kunststoffindustrie-im-bann-von-preissteigerungen-und-stagnation\\\/#breadcrumb\"},\"inLanguage\":\"it-IT\",\"potentialAction\":[{\"@type\":\"ReadAction\",\"target\":[\"https:\\\/\\\/www.organisator.ch\\\/operational-excellence\\\/2022-10-19\\\/die-europaeische-kunststoffindustrie-im-bann-von-preissteigerungen-und-stagnation\\\/\"]}]},{\"@type\":\"ImageObject\",\"inLanguage\":\"it-IT\",\"@id\":\"https:\\\/\\\/www.organisator.ch\\\/operational-excellence\\\/2022-10-19\\\/die-europaeische-kunststoffindustrie-im-bann-von-preissteigerungen-und-stagnation\\\/#primaryimage\",\"url\":\"https:\\\/\\\/www.m-q.ch\\\/wp-content\\\/uploads\\\/2022\\\/10\\\/Die-europaeische-Kunststoffindustrie-im-Bann-von-Preissteigerungen-und-Stagnation-1_MQ.jpg\",\"contentUrl\":\"https:\\\/\\\/www.m-q.ch\\\/wp-content\\\/uploads\\\/2022\\\/10\\\/Die-europaeische-Kunststoffindustrie-im-Bann-von-Preissteigerungen-und-Stagnation-1_MQ.jpg\"},{\"@type\":\"BreadcrumbList\",\"@id\":\"https:\\\/\\\/www.organisator.ch\\\/operational-excellence\\\/2022-10-19\\\/die-europaeische-kunststoffindustrie-im-bann-von-preissteigerungen-und-stagnation\\\/#breadcrumb\",\"itemListElement\":[{\"@type\":\"ListItem\",\"position\":1,\"name\":\"Home\",\"item\":\"https:\\\/\\\/www.organisator.ch\\\/\"},{\"@type\":\"ListItem\",\"position\":2,\"name\":\"Die europ\u00e4ische Kunststoffindustrie im Bann von Preissteigerungen und Stagnation\"}]},{\"@type\":\"WebSite\",\"@id\":\"https:\\\/\\\/www.organisator.ch\\\/#website\",\"url\":\"https:\\\/\\\/www.organisator.ch\\\/\",\"name\":\"Organisator\",\"description\":\"Kompetent. Praxisnah. Der ORGANISATOR bereitet in 10 Ausgaben pro Jahr die wesentlichen Themen f\u00fcr F\u00fchrungskr\u00e4fte von KMU auf.\",\"publisher\":{\"@id\":\"https:\\\/\\\/www.organisator.ch\\\/#organization\"},\"potentialAction\":[{\"@type\":\"SearchAction\",\"target\":{\"@type\":\"EntryPoint\",\"urlTemplate\":\"https:\\\/\\\/www.organisator.ch\\\/?s={search_term_string}\"},\"query-input\":{\"@type\":\"PropertyValueSpecification\",\"valueRequired\":true,\"valueName\":\"search_term_string\"}}],\"inLanguage\":\"it-IT\"},{\"@type\":\"Organization\",\"@id\":\"https:\\\/\\\/www.organisator.ch\\\/#organization\",\"name\":\"Organisator\",\"url\":\"https:\\\/\\\/www.organisator.ch\\\/\",\"logo\":{\"@type\":\"ImageObject\",\"inLanguage\":\"it-IT\",\"@id\":\"https:\\\/\\\/www.organisator.ch\\\/#\\\/schema\\\/logo\\\/image\\\/\",\"url\":\"https:\\\/\\\/www.organisator.ch\\\/wp-content\\\/uploads\\\/2022\\\/01\\\/Logo_Organisator_Website.png\",\"contentUrl\":\"https:\\\/\\\/www.organisator.ch\\\/wp-content\\\/uploads\\\/2022\\\/01\\\/Logo_Organisator_Website.png\",\"width\":800,\"height\":77,\"caption\":\"Organisator\"},\"image\":{\"@id\":\"https:\\\/\\\/www.organisator.ch\\\/#\\\/schema\\\/logo\\\/image\\\/\"},\"sameAs\":[\"https:\\\/\\\/www.facebook.com\\\/OrganisatorFachmagazin\",\"https:\\\/\\\/www.linkedin.com\\\/showcase\\\/organisator-das-magazin-fr-kmu\",\"https:\\\/\\\/www.xing.com\\\/news\\\/pages\\\/organisator-ch-695\",\"https:\\\/\\\/www.youtube.com\\\/channel\\\/UCGP2Sq0iWaZwT3BdIAQFYpw\"]},{\"@type\":\"Person\",\"@id\":\"https:\\\/\\\/www.organisator.ch\\\/#\\\/schema\\\/person\\\/4e51799071cd2dd1232ac003643ef5f0\",\"name\":\"galledia\",\"image\":{\"@type\":\"ImageObject\",\"inLanguage\":\"it-IT\",\"@id\":\"https:\\\/\\\/secure.gravatar.com\\\/avatar\\\/78a7f90c01fc2bfc875782a0d4922b37cde2cf184ce347b91316d23cd7f69a36?s=96&d=mm&r=g\",\"url\":\"https:\\\/\\\/secure.gravatar.com\\\/avatar\\\/78a7f90c01fc2bfc875782a0d4922b37cde2cf184ce347b91316d23cd7f69a36?s=96&d=mm&r=g\",\"contentUrl\":\"https:\\\/\\\/secure.gravatar.com\\\/avatar\\\/78a7f90c01fc2bfc875782a0d4922b37cde2cf184ce347b91316d23cd7f69a36?s=96&d=mm&r=g\",\"caption\":\"galledia\"},\"sameAs\":[\"https:\\\/\\\/x.com\\\/admin\"],\"url\":\"https:\\\/\\\/www.organisator.ch\\\/it\\\/author\\\/galledia\\\/\"}]}<\/script>\n<!-- \/ Yoast SEO plugin. -->","yoast_head_json":{"title":"L'industria europea delle materie plastiche sotto l'incantesimo dell'aumento dei prezzi e della stagnazione - Organizzatore","description":"K 2022: L'industria europea delle materie plastiche lotta contro i prezzi dell'energia e i requisiti legali. Sviluppi e soluzioni all'avanguardia.","robots":{"index":"index","follow":"follow","max-snippet":"max-snippet:-1","max-image-preview":"max-image-preview:large","max-video-preview":"max-video-preview:-1"},"canonical":"https:\/\/www.organisator.ch\/it\/eccellenza-operativa\/2022-10-19\/die-europaeische-kunststoffindustrie-im-bann-von-preissteigerungen-und-stagnation\/","og_locale":"it_IT","og_type":"article","og_title":"Die europ\u00e4ische Kunststoffindustrie im Bann von Preissteigerungen und Stagnation - Organisator","og_description":"K 2022: Europ\u00e4ische Kunststoffindustrie k\u00e4mpft mit Energiepreisen und rechtlichen Vorgaben. Wegweisende Entwicklungen und L\u00f6sungen.","og_url":"https:\/\/www.organisator.ch\/it\/eccellenza-operativa\/2022-10-19\/die-europaeische-kunststoffindustrie-im-bann-von-preissteigerungen-und-stagnation\/","og_site_name":"Organisator","article_publisher":"https:\/\/www.facebook.com\/OrganisatorFachmagazin","article_published_time":"2022-10-19T01:54:06+00:00","article_modified_time":"2024-11-21T04:54:55+00:00","author":"galledia","twitter_card":"summary_large_image","twitter_creator":"@admin","schema":{"@context":"https:\/\/schema.org","@graph":[{"@type":"Article","@id":"https:\/\/www.organisator.ch\/operational-excellence\/2022-10-19\/die-europaeische-kunststoffindustrie-im-bann-von-preissteigerungen-und-stagnation\/#article","isPartOf":{"@id":"https:\/\/www.organisator.ch\/operational-excellence\/2022-10-19\/die-europaeische-kunststoffindustrie-im-bann-von-preissteigerungen-und-stagnation\/"},"author":{"name":"galledia","@id":"https:\/\/www.organisator.ch\/#\/schema\/person\/4e51799071cd2dd1232ac003643ef5f0"},"headline":"Die europ\u00e4ische Kunststoffindustrie im Bann von Preissteigerungen und Stagnation","datePublished":"2022-10-19T01:54:06+00:00","dateModified":"2024-11-21T04:54:55+00:00","mainEntityOfPage":{"@id":"https:\/\/www.organisator.ch\/operational-excellence\/2022-10-19\/die-europaeische-kunststoffindustrie-im-bann-von-preissteigerungen-und-stagnation\/"},"wordCount":2045,"publisher":{"@id":"https:\/\/www.organisator.ch\/#organization"},"image":{"@id":"https:\/\/www.organisator.ch\/operational-excellence\/2022-10-19\/die-europaeische-kunststoffindustrie-im-bann-von-preissteigerungen-und-stagnation\/#primaryimage"},"thumbnailUrl":"https:\/\/www.m-q.ch\/wp-content\/uploads\/2022\/10\/Die-europaeische-Kunststoffindustrie-im-Bann-von-Preissteigerungen-und-Stagnation-1_MQ.jpg","articleSection":["OPERATIONAL EXCELLENCE"],"inLanguage":"it-IT"},{"@type":"WebPage","@id":"https:\/\/www.organisator.ch\/operational-excellence\/2022-10-19\/die-europaeische-kunststoffindustrie-im-bann-von-preissteigerungen-und-stagnation\/","url":"https:\/\/www.organisator.ch\/operational-excellence\/2022-10-19\/die-europaeische-kunststoffindustrie-im-bann-von-preissteigerungen-und-stagnation\/","name":"L'industria europea delle materie plastiche sotto l'incantesimo dell'aumento dei prezzi e della stagnazione - Organizzatore","isPartOf":{"@id":"https:\/\/www.organisator.ch\/#website"},"primaryImageOfPage":{"@id":"https:\/\/www.organisator.ch\/operational-excellence\/2022-10-19\/die-europaeische-kunststoffindustrie-im-bann-von-preissteigerungen-und-stagnation\/#primaryimage"},"image":{"@id":"https:\/\/www.organisator.ch\/operational-excellence\/2022-10-19\/die-europaeische-kunststoffindustrie-im-bann-von-preissteigerungen-und-stagnation\/#primaryimage"},"thumbnailUrl":"https:\/\/www.m-q.ch\/wp-content\/uploads\/2022\/10\/Die-europaeische-Kunststoffindustrie-im-Bann-von-Preissteigerungen-und-Stagnation-1_MQ.jpg","datePublished":"2022-10-19T01:54:06+00:00","dateModified":"2024-11-21T04:54:55+00:00","description":"K 2022: L'industria europea delle materie plastiche lotta contro i prezzi dell'energia e i requisiti legali. Sviluppi e soluzioni all'avanguardia.","breadcrumb":{"@id":"https:\/\/www.organisator.ch\/operational-excellence\/2022-10-19\/die-europaeische-kunststoffindustrie-im-bann-von-preissteigerungen-und-stagnation\/#breadcrumb"},"inLanguage":"it-IT","potentialAction":[{"@type":"ReadAction","target":["https:\/\/www.organisator.ch\/operational-excellence\/2022-10-19\/die-europaeische-kunststoffindustrie-im-bann-von-preissteigerungen-und-stagnation\/"]}]},{"@type":"ImageObject","inLanguage":"it-IT","@id":"https:\/\/www.organisator.ch\/operational-excellence\/2022-10-19\/die-europaeische-kunststoffindustrie-im-bann-von-preissteigerungen-und-stagnation\/#primaryimage","url":"https:\/\/www.m-q.ch\/wp-content\/uploads\/2022\/10\/Die-europaeische-Kunststoffindustrie-im-Bann-von-Preissteigerungen-und-Stagnation-1_MQ.jpg","contentUrl":"https:\/\/www.m-q.ch\/wp-content\/uploads\/2022\/10\/Die-europaeische-Kunststoffindustrie-im-Bann-von-Preissteigerungen-und-Stagnation-1_MQ.jpg"},{"@type":"BreadcrumbList","@id":"https:\/\/www.organisator.ch\/operational-excellence\/2022-10-19\/die-europaeische-kunststoffindustrie-im-bann-von-preissteigerungen-und-stagnation\/#breadcrumb","itemListElement":[{"@type":"ListItem","position":1,"name":"Home","item":"https:\/\/www.organisator.ch\/"},{"@type":"ListItem","position":2,"name":"Die europ\u00e4ische Kunststoffindustrie im Bann von Preissteigerungen und Stagnation"}]},{"@type":"WebSite","@id":"https:\/\/www.organisator.ch\/#website","url":"https:\/\/www.organisator.ch\/","name":"Organizzatore","description":"Competente. Pratico. In 10 numeri all'anno, ORGANISATOR presenta i temi essenziali per i manager delle PMI.","publisher":{"@id":"https:\/\/www.organisator.ch\/#organization"},"potentialAction":[{"@type":"SearchAction","target":{"@type":"EntryPoint","urlTemplate":"https:\/\/www.organisator.ch\/?s={search_term_string}"},"query-input":{"@type":"PropertyValueSpecification","valueRequired":true,"valueName":"search_term_string"}}],"inLanguage":"it-IT"},{"@type":"Organization","@id":"https:\/\/www.organisator.ch\/#organization","name":"Organizzatore","url":"https:\/\/www.organisator.ch\/","logo":{"@type":"ImageObject","inLanguage":"it-IT","@id":"https:\/\/www.organisator.ch\/#\/schema\/logo\/image\/","url":"https:\/\/www.organisator.ch\/wp-content\/uploads\/2022\/01\/Logo_Organisator_Website.png","contentUrl":"https:\/\/www.organisator.ch\/wp-content\/uploads\/2022\/01\/Logo_Organisator_Website.png","width":800,"height":77,"caption":"Organisator"},"image":{"@id":"https:\/\/www.organisator.ch\/#\/schema\/logo\/image\/"},"sameAs":["https:\/\/www.facebook.com\/OrganisatorFachmagazin","https:\/\/www.linkedin.com\/showcase\/organisator-das-magazin-fr-kmu","https:\/\/www.xing.com\/news\/pages\/organisator-ch-695","https:\/\/www.youtube.com\/channel\/UCGP2Sq0iWaZwT3BdIAQFYpw"]},{"@type":"Person","@id":"https:\/\/www.organisator.ch\/#\/schema\/person\/4e51799071cd2dd1232ac003643ef5f0","name":"galledia","image":{"@type":"ImageObject","inLanguage":"it-IT","@id":"https:\/\/secure.gravatar.com\/avatar\/78a7f90c01fc2bfc875782a0d4922b37cde2cf184ce347b91316d23cd7f69a36?s=96&d=mm&r=g","url":"https:\/\/secure.gravatar.com\/avatar\/78a7f90c01fc2bfc875782a0d4922b37cde2cf184ce347b91316d23cd7f69a36?s=96&d=mm&r=g","contentUrl":"https:\/\/secure.gravatar.com\/avatar\/78a7f90c01fc2bfc875782a0d4922b37cde2cf184ce347b91316d23cd7f69a36?s=96&d=mm&r=g","caption":"galledia"},"sameAs":["https:\/\/x.com\/admin"],"url":"https:\/\/www.organisator.ch\/it\/author\/galledia\/"}]}},"_links":{"self":[{"href":"https:\/\/www.organisator.ch\/it\/wp-json\/wp\/v2\/posts\/17350","targetHints":{"allow":["GET"]}}],"collection":[{"href":"https:\/\/www.organisator.ch\/it\/wp-json\/wp\/v2\/posts"}],"about":[{"href":"https:\/\/www.organisator.ch\/it\/wp-json\/wp\/v2\/types\/post"}],"author":[{"embeddable":true,"href":"https:\/\/www.organisator.ch\/it\/wp-json\/wp\/v2\/users\/8"}],"replies":[{"embeddable":true,"href":"https:\/\/www.organisator.ch\/it\/wp-json\/wp\/v2\/comments?post=17350"}],"version-history":[{"count":2,"href":"https:\/\/www.organisator.ch\/it\/wp-json\/wp\/v2\/posts\/17350\/revisions"}],"predecessor-version":[{"id":33700,"href":"https:\/\/www.organisator.ch\/it\/wp-json\/wp\/v2\/posts\/17350\/revisions\/33700"}],"wp:attachment":[{"href":"https:\/\/www.organisator.ch\/it\/wp-json\/wp\/v2\/media?parent=17350"}],"wp:term":[{"taxonomy":"category","embeddable":true,"href":"https:\/\/www.organisator.ch\/it\/wp-json\/wp\/v2\/categories?post=17350"},{"taxonomy":"post_tag","embeddable":true,"href":"https:\/\/www.organisator.ch\/it\/wp-json\/wp\/v2\/tags?post=17350"}],"curies":[{"name":"wp","href":"https:\/\/api.w.org\/{rel}","templated":true}]}}