{"id":17373,"date":"2022-10-24T10:18:49","date_gmt":"2022-10-24T08:18:49","guid":{"rendered":"https:\/\/www.organisator.ch\/?p=17373"},"modified":"2022-10-24T10:18:49","modified_gmt":"2022-10-24T08:18:49","slug":"sveb-erwartet-leicht-positive-branchenentwicklung-bei-der-weiterbildung","status":"publish","type":"post","link":"https:\/\/www.organisator.ch\/it\/weiterbildung\/2022-10-24\/sveb-erwartet-leicht-positive-branchenentwicklung-bei-der-weiterbildung\/","title":{"rendered":"La SVEB prevede un'evoluzione leggermente positiva del settore della formazione continua"},"content":{"rendered":"<figure id=\"attachment_17375\" aria-describedby=\"caption-attachment-17375\" style=\"width: 680px\" class=\"wp-caption alignnone\"><img loading=\"lazy\" decoding=\"async\" class=\"size-full wp-image-17375\" src=\"https:\/\/www.organisator.ch\/wp-content\/uploads\/2022\/10\/SVEB-erwartet-leicht-positive-Branchenentwicklung-bei-der-Weiterbildung_Organisator.jpg\" alt=\"\" width=\"680\" height=\"453\" srcset=\"https:\/\/www.organisator.ch\/wp-content\/uploads\/2022\/10\/SVEB-erwartet-leicht-positive-Branchenentwicklung-bei-der-Weiterbildung_Organisator.jpg 680w, https:\/\/www.organisator.ch\/wp-content\/uploads\/2022\/10\/SVEB-erwartet-leicht-positive-Branchenentwicklung-bei-der-Weiterbildung_Organisator-18x12.jpg 18w, https:\/\/www.organisator.ch\/wp-content\/uploads\/2022\/10\/SVEB-erwartet-leicht-positive-Branchenentwicklung-bei-der-Weiterbildung_Organisator-263x175.jpg 263w, https:\/\/www.organisator.ch\/wp-content\/uploads\/2022\/10\/SVEB-erwartet-leicht-positive-Branchenentwicklung-bei-der-Weiterbildung_Organisator-525x350.jpg 525w, https:\/\/www.organisator.ch\/wp-content\/uploads\/2022\/10\/SVEB-erwartet-leicht-positive-Branchenentwicklung-bei-der-Weiterbildung_Organisator-300x200.jpg 300w\" sizes=\"auto, (max-width: 680px) 100vw, 680px\" \/><figcaption id=\"caption-attachment-17375\" class=\"wp-caption-text\">La formazione continua \u00e8 ancora richiesta: lo SVEB Industry Monitor mostra aspettative leggermente positive per lo sviluppo del settore. (Immagine: Pixabay.com)<\/figcaption><\/figure>\n<p>Con lo SVEB industry monitor, l'Associazione svizzera per la formazione continua SVEB ha istituito un'osservazione sistematica del settore della formazione continua. Dopo la prima implementazione nel 2021, il monitor \u00e8 stato ulteriormente sviluppato. Anche quest'anno il sondaggio online \u00e8 stato inviato tra aprile e maggio 2022. I risultati del monitoraggio del settore SVEB si riferiscono alle informazioni fornite da 210 istituti di formazione continua.<\/p>\n<h3>SVEB Industry Monitor: leggero ottimismo nonostante l'incertezza<\/h3>\n<p>Secondo l'indagine, la met\u00e0 degli oltre 200 intervistati valuta positivamente l'evoluzione della propria situazione economica per il 2022. Tuttavia, molti fornitori continuano a confrontarsi con l'incertezza economica. Pertanto, la situazione delle misure Corona riveste un ruolo centrale anche dopo due anni di pandemia.<\/p>\n<p>Inoltre, le organizzazioni partecipanti descrivono un'incertezza nel reclutamento dei partecipanti. Di conseguenza, alcuni fornitori citano la reticenza dei clienti come una delle principali sfide. Tuttavia, quasi 60% dei fornitori di formazione continua intervistati valuta positivamente l'andamento della domanda.<\/p>\n<h3><strong>La digitalizzazione ora anche come modello organizzativo e di business <\/strong><\/h3>\n<p>La pandemia di Corona ha portato una spinta alla digitalizzazione del settore della formazione continua. La digitalizzazione continua a essere un tema presente nei vari formati di offerta. Pertanto, molti fornitori sono attualmente alle prese con un uso significativo dell'apprendimento digitale. Allo stesso tempo, la digitalizzazione \u00e8 evidente anche a livello organizzativo.<\/p>\n<p><em><a href=\"https:\/\/alice.ch\/de\/\">Fonte e ulteriori informazioni<\/a><\/em><\/p>","protected":false},"excerpt":{"rendered":"<p>Mit dem SVEB-Branchenmonitor hat der Schweizerische Verband f\u00fcr Weiterbildung SVEB eine systematische Beobachtung der Weiterbildungsbranche aufgebaut. Nach der ersten Durchf\u00fchrung im Jahr 2021 wurde der Monitor weiterentwickelt. Auch dieses Jahr wurde zwischen April und Mai 2022 die Online-Umfrage versendet. Die Resultate des SVEB-Branchenmonitors beziehen sich auf die Angaben von 210 Weiterbildungseinrichtungen. SVEB-Branchenmonitor: Leichter Optimismus trotz [&hellip;]<\/p>\n","protected":false},"author":4,"featured_media":17375,"comment_status":"closed","ping_status":"closed","sticky":false,"template":"","format":"standard","meta":{"_acf_changed":false,"_yoast_wpseo_focuskw":"SVEB","_yoast_wpseo_metadesc":"Schweizer Weiterbildungsanbieter sch\u00e4tzen gem\u00e4ss dem Dachverband SVEB die Entwicklung der Weiterbildungsbranche leicht positiv ein.","articlekey":"","footnotes":""},"categories":[30],"tags":[62,3460,503],"class_list":["post-17373","post","type-post","status-publish","format-standard","has-post-thumbnail","hentry","category-weiterbildung","tag-aus-weiterbildung","tag-branchenentwicklung","tag-verbaende"],"acf":[],"yoast_head":"<!-- This site is optimized with the Yoast SEO plugin v27.4 - https:\/\/yoast.com\/product\/yoast-seo-wordpress\/ -->\n<title>SVEB erwartet leicht positive Branchenentwicklung bei der Weiterbildung - Organisator<\/title>\n<meta name=\"description\" content=\"Schweizer Weiterbildungsanbieter sch\u00e4tzen gem\u00e4ss dem Dachverband SVEB die Entwicklung der Weiterbildungsbranche leicht positiv ein.\" \/>\n<meta name=\"robots\" content=\"index, follow, max-snippet:-1, max-image-preview:large, max-video-preview:-1\" \/>\n<link rel=\"canonical\" href=\"https:\/\/www.organisator.ch\/it\/formazione-continua\/2022-10-24\/sveb-erwartet-leicht-positive-branchenentwicklung-bei-der-weiterbildung\/\" \/>\n<meta property=\"og:locale\" content=\"it_IT\" \/>\n<meta property=\"og:type\" content=\"article\" \/>\n<meta property=\"og:title\" content=\"SVEB erwartet leicht positive Branchenentwicklung bei der Weiterbildung\" \/>\n<meta property=\"og:description\" content=\"Schweizer Weiterbildungsanbieter sch\u00e4tzen gem\u00e4ss dem Dachverband SVEB die Entwicklung der Weiterbildungsbranche leicht positiv ein.\" \/>\n<meta property=\"og:url\" content=\"https:\/\/www.organisator.ch\/it\/formazione-continua\/2022-10-24\/sveb-erwartet-leicht-positive-branchenentwicklung-bei-der-weiterbildung\/\" \/>\n<meta property=\"og:site_name\" content=\"Organisator\" \/>\n<meta property=\"article:publisher\" content=\"https:\/\/www.facebook.com\/OrganisatorFachmagazin\" \/>\n<meta property=\"article:published_time\" content=\"2022-10-24T08:18:49+00:00\" \/>\n<meta property=\"og:image\" content=\"https:\/\/www.organisator.ch\/wp-content\/uploads\/2022\/10\/SVEB-erwartet-leicht-positive-Branchenentwicklung-bei-der-Weiterbildung_Organisator.jpg\" \/>\n\t<meta property=\"og:image:width\" content=\"680\" \/>\n\t<meta property=\"og:image:height\" content=\"453\" \/>\n\t<meta property=\"og:image:type\" content=\"image\/jpeg\" \/>\n<meta name=\"author\" content=\"thomas.berner\" \/>\n<meta name=\"twitter:card\" content=\"summary_large_image\" \/>\n<meta name=\"twitter:title\" content=\"#SVEB erwartet leicht positive #Branchenentwicklung bei der #Weiterbildung\" \/>\n<meta name=\"twitter:description\" content=\"Schweizer Weiterbildungsanbieter sch\u00e4tzen gem\u00e4ss dem Dachverband #SVEB die Entwicklung der #Weiterbildungsbranche leicht positiv ein.\" \/>\n<meta name=\"twitter:image\" content=\"https:\/\/www.organisator.ch\/wp-content\/uploads\/2022\/10\/SVEB-erwartet-leicht-positive-Branchenentwicklung-bei-der-Weiterbildung_Organisator.jpg\" \/>\n<script type=\"application\/ld+json\" class=\"yoast-schema-graph\">{\"@context\":\"https:\\\/\\\/schema.org\",\"@graph\":[{\"@type\":\"Article\",\"@id\":\"https:\\\/\\\/www.organisator.ch\\\/weiterbildung\\\/2022-10-24\\\/sveb-erwartet-leicht-positive-branchenentwicklung-bei-der-weiterbildung\\\/#article\",\"isPartOf\":{\"@id\":\"https:\\\/\\\/www.organisator.ch\\\/weiterbildung\\\/2022-10-24\\\/sveb-erwartet-leicht-positive-branchenentwicklung-bei-der-weiterbildung\\\/\"},\"author\":{\"name\":\"thomas.berner\",\"@id\":\"https:\\\/\\\/www.organisator.ch\\\/#\\\/schema\\\/person\\\/6f650f90b2842cd4c0cc334b4e36f67e\"},\"headline\":\"SVEB erwartet leicht positive Branchenentwicklung bei der Weiterbildung\",\"datePublished\":\"2022-10-24T08:18:49+00:00\",\"mainEntityOfPage\":{\"@id\":\"https:\\\/\\\/www.organisator.ch\\\/weiterbildung\\\/2022-10-24\\\/sveb-erwartet-leicht-positive-branchenentwicklung-bei-der-weiterbildung\\\/\"},\"wordCount\":226,\"publisher\":{\"@id\":\"https:\\\/\\\/www.organisator.ch\\\/#organization\"},\"image\":{\"@id\":\"https:\\\/\\\/www.organisator.ch\\\/weiterbildung\\\/2022-10-24\\\/sveb-erwartet-leicht-positive-branchenentwicklung-bei-der-weiterbildung\\\/#primaryimage\"},\"thumbnailUrl\":\"https:\\\/\\\/www.organisator.ch\\\/wp-content\\\/uploads\\\/2022\\\/10\\\/SVEB-erwartet-leicht-positive-Branchenentwicklung-bei-der-Weiterbildung_Organisator.jpg\",\"keywords\":[\"Aus-\\\/Weiterbildung\",\"Branchenentwicklung\",\"Verb\u00e4nde\"],\"articleSection\":[\"WEITERBILDUNG\"],\"inLanguage\":\"it-IT\"},{\"@type\":\"WebPage\",\"@id\":\"https:\\\/\\\/www.organisator.ch\\\/weiterbildung\\\/2022-10-24\\\/sveb-erwartet-leicht-positive-branchenentwicklung-bei-der-weiterbildung\\\/\",\"url\":\"https:\\\/\\\/www.organisator.ch\\\/weiterbildung\\\/2022-10-24\\\/sveb-erwartet-leicht-positive-branchenentwicklung-bei-der-weiterbildung\\\/\",\"name\":\"SVEB erwartet leicht positive Branchenentwicklung bei der Weiterbildung - Organisator\",\"isPartOf\":{\"@id\":\"https:\\\/\\\/www.organisator.ch\\\/#website\"},\"primaryImageOfPage\":{\"@id\":\"https:\\\/\\\/www.organisator.ch\\\/weiterbildung\\\/2022-10-24\\\/sveb-erwartet-leicht-positive-branchenentwicklung-bei-der-weiterbildung\\\/#primaryimage\"},\"image\":{\"@id\":\"https:\\\/\\\/www.organisator.ch\\\/weiterbildung\\\/2022-10-24\\\/sveb-erwartet-leicht-positive-branchenentwicklung-bei-der-weiterbildung\\\/#primaryimage\"},\"thumbnailUrl\":\"https:\\\/\\\/www.organisator.ch\\\/wp-content\\\/uploads\\\/2022\\\/10\\\/SVEB-erwartet-leicht-positive-Branchenentwicklung-bei-der-Weiterbildung_Organisator.jpg\",\"datePublished\":\"2022-10-24T08:18:49+00:00\",\"description\":\"Schweizer Weiterbildungsanbieter sch\u00e4tzen gem\u00e4ss dem Dachverband SVEB die Entwicklung der Weiterbildungsbranche leicht positiv ein.\",\"breadcrumb\":{\"@id\":\"https:\\\/\\\/www.organisator.ch\\\/weiterbildung\\\/2022-10-24\\\/sveb-erwartet-leicht-positive-branchenentwicklung-bei-der-weiterbildung\\\/#breadcrumb\"},\"inLanguage\":\"it-IT\",\"potentialAction\":[{\"@type\":\"ReadAction\",\"target\":[\"https:\\\/\\\/www.organisator.ch\\\/weiterbildung\\\/2022-10-24\\\/sveb-erwartet-leicht-positive-branchenentwicklung-bei-der-weiterbildung\\\/\"]}]},{\"@type\":\"ImageObject\",\"inLanguage\":\"it-IT\",\"@id\":\"https:\\\/\\\/www.organisator.ch\\\/weiterbildung\\\/2022-10-24\\\/sveb-erwartet-leicht-positive-branchenentwicklung-bei-der-weiterbildung\\\/#primaryimage\",\"url\":\"https:\\\/\\\/www.organisator.ch\\\/wp-content\\\/uploads\\\/2022\\\/10\\\/SVEB-erwartet-leicht-positive-Branchenentwicklung-bei-der-Weiterbildung_Organisator.jpg\",\"contentUrl\":\"https:\\\/\\\/www.organisator.ch\\\/wp-content\\\/uploads\\\/2022\\\/10\\\/SVEB-erwartet-leicht-positive-Branchenentwicklung-bei-der-Weiterbildung_Organisator.jpg\",\"width\":680,\"height\":453,\"caption\":\"Weiterbildung ist nach wie vor gefragt: Der SVEB-Branchenmonitor zeigt leicht positive Erwartungen f\u00fcr die Branchenentwicklung. (Bild: Pixabay.com)\"},{\"@type\":\"BreadcrumbList\",\"@id\":\"https:\\\/\\\/www.organisator.ch\\\/weiterbildung\\\/2022-10-24\\\/sveb-erwartet-leicht-positive-branchenentwicklung-bei-der-weiterbildung\\\/#breadcrumb\",\"itemListElement\":[{\"@type\":\"ListItem\",\"position\":1,\"name\":\"Home\",\"item\":\"https:\\\/\\\/www.organisator.ch\\\/\"},{\"@type\":\"ListItem\",\"position\":2,\"name\":\"SVEB erwartet leicht positive Branchenentwicklung bei der Weiterbildung\"}]},{\"@type\":\"WebSite\",\"@id\":\"https:\\\/\\\/www.organisator.ch\\\/#website\",\"url\":\"https:\\\/\\\/www.organisator.ch\\\/\",\"name\":\"Organisator\",\"description\":\"Kompetent. Praxisnah. Der ORGANISATOR bereitet in 10 Ausgaben pro Jahr die wesentlichen Themen f\u00fcr F\u00fchrungskr\u00e4fte von KMU auf.\",\"publisher\":{\"@id\":\"https:\\\/\\\/www.organisator.ch\\\/#organization\"},\"potentialAction\":[{\"@type\":\"SearchAction\",\"target\":{\"@type\":\"EntryPoint\",\"urlTemplate\":\"https:\\\/\\\/www.organisator.ch\\\/?s={search_term_string}\"},\"query-input\":{\"@type\":\"PropertyValueSpecification\",\"valueRequired\":true,\"valueName\":\"search_term_string\"}}],\"inLanguage\":\"it-IT\"},{\"@type\":\"Organization\",\"@id\":\"https:\\\/\\\/www.organisator.ch\\\/#organization\",\"name\":\"Organisator\",\"url\":\"https:\\\/\\\/www.organisator.ch\\\/\",\"logo\":{\"@type\":\"ImageObject\",\"inLanguage\":\"it-IT\",\"@id\":\"https:\\\/\\\/www.organisator.ch\\\/#\\\/schema\\\/logo\\\/image\\\/\",\"url\":\"https:\\\/\\\/www.organisator.ch\\\/wp-content\\\/uploads\\\/2022\\\/01\\\/Logo_Organisator_Website.png\",\"contentUrl\":\"https:\\\/\\\/www.organisator.ch\\\/wp-content\\\/uploads\\\/2022\\\/01\\\/Logo_Organisator_Website.png\",\"width\":800,\"height\":77,\"caption\":\"Organisator\"},\"image\":{\"@id\":\"https:\\\/\\\/www.organisator.ch\\\/#\\\/schema\\\/logo\\\/image\\\/\"},\"sameAs\":[\"https:\\\/\\\/www.facebook.com\\\/OrganisatorFachmagazin\",\"https:\\\/\\\/www.linkedin.com\\\/showcase\\\/organisator-das-magazin-fr-kmu\",\"https:\\\/\\\/www.xing.com\\\/news\\\/pages\\\/organisator-ch-695\",\"https:\\\/\\\/www.youtube.com\\\/channel\\\/UCGP2Sq0iWaZwT3BdIAQFYpw\"]},{\"@type\":\"Person\",\"@id\":\"https:\\\/\\\/www.organisator.ch\\\/#\\\/schema\\\/person\\\/6f650f90b2842cd4c0cc334b4e36f67e\",\"name\":\"thomas.berner\",\"image\":{\"@type\":\"ImageObject\",\"inLanguage\":\"it-IT\",\"@id\":\"https:\\\/\\\/secure.gravatar.com\\\/avatar\\\/ac5001d2a36cb6c6cd3e50789007ffca834b477b74a2144564522e944eabff61?s=96&d=mm&r=g\",\"url\":\"https:\\\/\\\/secure.gravatar.com\\\/avatar\\\/ac5001d2a36cb6c6cd3e50789007ffca834b477b74a2144564522e944eabff61?s=96&d=mm&r=g\",\"contentUrl\":\"https:\\\/\\\/secure.gravatar.com\\\/avatar\\\/ac5001d2a36cb6c6cd3e50789007ffca834b477b74a2144564522e944eabff61?s=96&d=mm&r=g\",\"caption\":\"thomas.berner\"},\"url\":\"https:\\\/\\\/www.organisator.ch\\\/it\\\/author\\\/thomas-berner\\\/\"}]}<\/script>\n<!-- \/ Yoast SEO plugin. -->","yoast_head_json":{"title":"La SVEB prevede uno sviluppo leggermente positivo del settore della formazione continua - Organizzatore","description":"Secondo l'associazione mantello SVEB, i fornitori svizzeri di formazione continua valutano lo sviluppo del settore della formazione continua come leggermente positivo.","robots":{"index":"index","follow":"follow","max-snippet":"max-snippet:-1","max-image-preview":"max-image-preview:large","max-video-preview":"max-video-preview:-1"},"canonical":"https:\/\/www.organisator.ch\/it\/formazione-continua\/2022-10-24\/sveb-erwartet-leicht-positive-branchenentwicklung-bei-der-weiterbildung\/","og_locale":"it_IT","og_type":"article","og_title":"SVEB erwartet leicht positive Branchenentwicklung bei der Weiterbildung","og_description":"Schweizer Weiterbildungsanbieter sch\u00e4tzen gem\u00e4ss dem Dachverband SVEB die Entwicklung der Weiterbildungsbranche leicht positiv ein.","og_url":"https:\/\/www.organisator.ch\/it\/formazione-continua\/2022-10-24\/sveb-erwartet-leicht-positive-branchenentwicklung-bei-der-weiterbildung\/","og_site_name":"Organisator","article_publisher":"https:\/\/www.facebook.com\/OrganisatorFachmagazin","article_published_time":"2022-10-24T08:18:49+00:00","og_image":[{"width":680,"height":453,"url":"https:\/\/www.organisator.ch\/wp-content\/uploads\/2022\/10\/SVEB-erwartet-leicht-positive-Branchenentwicklung-bei-der-Weiterbildung_Organisator.jpg","type":"image\/jpeg"}],"author":"thomas.berner","twitter_card":"summary_large_image","twitter_title":"#SVEB erwartet leicht positive #Branchenentwicklung bei der #Weiterbildung","twitter_description":"Schweizer Weiterbildungsanbieter sch\u00e4tzen gem\u00e4ss dem Dachverband #SVEB die Entwicklung der #Weiterbildungsbranche leicht positiv ein.","twitter_image":"https:\/\/www.organisator.ch\/wp-content\/uploads\/2022\/10\/SVEB-erwartet-leicht-positive-Branchenentwicklung-bei-der-Weiterbildung_Organisator.jpg","schema":{"@context":"https:\/\/schema.org","@graph":[{"@type":"Article","@id":"https:\/\/www.organisator.ch\/weiterbildung\/2022-10-24\/sveb-erwartet-leicht-positive-branchenentwicklung-bei-der-weiterbildung\/#article","isPartOf":{"@id":"https:\/\/www.organisator.ch\/weiterbildung\/2022-10-24\/sveb-erwartet-leicht-positive-branchenentwicklung-bei-der-weiterbildung\/"},"author":{"name":"thomas.berner","@id":"https:\/\/www.organisator.ch\/#\/schema\/person\/6f650f90b2842cd4c0cc334b4e36f67e"},"headline":"SVEB erwartet leicht positive Branchenentwicklung bei der Weiterbildung","datePublished":"2022-10-24T08:18:49+00:00","mainEntityOfPage":{"@id":"https:\/\/www.organisator.ch\/weiterbildung\/2022-10-24\/sveb-erwartet-leicht-positive-branchenentwicklung-bei-der-weiterbildung\/"},"wordCount":226,"publisher":{"@id":"https:\/\/www.organisator.ch\/#organization"},"image":{"@id":"https:\/\/www.organisator.ch\/weiterbildung\/2022-10-24\/sveb-erwartet-leicht-positive-branchenentwicklung-bei-der-weiterbildung\/#primaryimage"},"thumbnailUrl":"https:\/\/www.organisator.ch\/wp-content\/uploads\/2022\/10\/SVEB-erwartet-leicht-positive-Branchenentwicklung-bei-der-Weiterbildung_Organisator.jpg","keywords":["Aus-\/Weiterbildung","Branchenentwicklung","Verb\u00e4nde"],"articleSection":["WEITERBILDUNG"],"inLanguage":"it-IT"},{"@type":"WebPage","@id":"https:\/\/www.organisator.ch\/weiterbildung\/2022-10-24\/sveb-erwartet-leicht-positive-branchenentwicklung-bei-der-weiterbildung\/","url":"https:\/\/www.organisator.ch\/weiterbildung\/2022-10-24\/sveb-erwartet-leicht-positive-branchenentwicklung-bei-der-weiterbildung\/","name":"La SVEB prevede uno sviluppo leggermente positivo del settore della formazione continua - Organizzatore","isPartOf":{"@id":"https:\/\/www.organisator.ch\/#website"},"primaryImageOfPage":{"@id":"https:\/\/www.organisator.ch\/weiterbildung\/2022-10-24\/sveb-erwartet-leicht-positive-branchenentwicklung-bei-der-weiterbildung\/#primaryimage"},"image":{"@id":"https:\/\/www.organisator.ch\/weiterbildung\/2022-10-24\/sveb-erwartet-leicht-positive-branchenentwicklung-bei-der-weiterbildung\/#primaryimage"},"thumbnailUrl":"https:\/\/www.organisator.ch\/wp-content\/uploads\/2022\/10\/SVEB-erwartet-leicht-positive-Branchenentwicklung-bei-der-Weiterbildung_Organisator.jpg","datePublished":"2022-10-24T08:18:49+00:00","description":"Secondo l'associazione mantello SVEB, i fornitori svizzeri di formazione continua valutano lo sviluppo del settore della formazione continua come leggermente positivo.","breadcrumb":{"@id":"https:\/\/www.organisator.ch\/weiterbildung\/2022-10-24\/sveb-erwartet-leicht-positive-branchenentwicklung-bei-der-weiterbildung\/#breadcrumb"},"inLanguage":"it-IT","potentialAction":[{"@type":"ReadAction","target":["https:\/\/www.organisator.ch\/weiterbildung\/2022-10-24\/sveb-erwartet-leicht-positive-branchenentwicklung-bei-der-weiterbildung\/"]}]},{"@type":"ImageObject","inLanguage":"it-IT","@id":"https:\/\/www.organisator.ch\/weiterbildung\/2022-10-24\/sveb-erwartet-leicht-positive-branchenentwicklung-bei-der-weiterbildung\/#primaryimage","url":"https:\/\/www.organisator.ch\/wp-content\/uploads\/2022\/10\/SVEB-erwartet-leicht-positive-Branchenentwicklung-bei-der-Weiterbildung_Organisator.jpg","contentUrl":"https:\/\/www.organisator.ch\/wp-content\/uploads\/2022\/10\/SVEB-erwartet-leicht-positive-Branchenentwicklung-bei-der-Weiterbildung_Organisator.jpg","width":680,"height":453,"caption":"Weiterbildung ist nach wie vor gefragt: Der SVEB-Branchenmonitor zeigt leicht positive Erwartungen f\u00fcr die Branchenentwicklung. (Bild: Pixabay.com)"},{"@type":"BreadcrumbList","@id":"https:\/\/www.organisator.ch\/weiterbildung\/2022-10-24\/sveb-erwartet-leicht-positive-branchenentwicklung-bei-der-weiterbildung\/#breadcrumb","itemListElement":[{"@type":"ListItem","position":1,"name":"Home","item":"https:\/\/www.organisator.ch\/"},{"@type":"ListItem","position":2,"name":"SVEB erwartet leicht positive Branchenentwicklung bei der Weiterbildung"}]},{"@type":"WebSite","@id":"https:\/\/www.organisator.ch\/#website","url":"https:\/\/www.organisator.ch\/","name":"Organizzatore","description":"Competente. Pratico. In 10 numeri all'anno, ORGANISATOR presenta i temi essenziali per i manager delle PMI.","publisher":{"@id":"https:\/\/www.organisator.ch\/#organization"},"potentialAction":[{"@type":"SearchAction","target":{"@type":"EntryPoint","urlTemplate":"https:\/\/www.organisator.ch\/?s={search_term_string}"},"query-input":{"@type":"PropertyValueSpecification","valueRequired":true,"valueName":"search_term_string"}}],"inLanguage":"it-IT"},{"@type":"Organization","@id":"https:\/\/www.organisator.ch\/#organization","name":"Organizzatore","url":"https:\/\/www.organisator.ch\/","logo":{"@type":"ImageObject","inLanguage":"it-IT","@id":"https:\/\/www.organisator.ch\/#\/schema\/logo\/image\/","url":"https:\/\/www.organisator.ch\/wp-content\/uploads\/2022\/01\/Logo_Organisator_Website.png","contentUrl":"https:\/\/www.organisator.ch\/wp-content\/uploads\/2022\/01\/Logo_Organisator_Website.png","width":800,"height":77,"caption":"Organisator"},"image":{"@id":"https:\/\/www.organisator.ch\/#\/schema\/logo\/image\/"},"sameAs":["https:\/\/www.facebook.com\/OrganisatorFachmagazin","https:\/\/www.linkedin.com\/showcase\/organisator-das-magazin-fr-kmu","https:\/\/www.xing.com\/news\/pages\/organisator-ch-695","https:\/\/www.youtube.com\/channel\/UCGP2Sq0iWaZwT3BdIAQFYpw"]},{"@type":"Person","@id":"https:\/\/www.organisator.ch\/#\/schema\/person\/6f650f90b2842cd4c0cc334b4e36f67e","name":"Tommaso.berner","image":{"@type":"ImageObject","inLanguage":"it-IT","@id":"https:\/\/secure.gravatar.com\/avatar\/ac5001d2a36cb6c6cd3e50789007ffca834b477b74a2144564522e944eabff61?s=96&d=mm&r=g","url":"https:\/\/secure.gravatar.com\/avatar\/ac5001d2a36cb6c6cd3e50789007ffca834b477b74a2144564522e944eabff61?s=96&d=mm&r=g","contentUrl":"https:\/\/secure.gravatar.com\/avatar\/ac5001d2a36cb6c6cd3e50789007ffca834b477b74a2144564522e944eabff61?s=96&d=mm&r=g","caption":"thomas.berner"},"url":"https:\/\/www.organisator.ch\/it\/author\/thomas-berner\/"}]}},"_links":{"self":[{"href":"https:\/\/www.organisator.ch\/it\/wp-json\/wp\/v2\/posts\/17373","targetHints":{"allow":["GET"]}}],"collection":[{"href":"https:\/\/www.organisator.ch\/it\/wp-json\/wp\/v2\/posts"}],"about":[{"href":"https:\/\/www.organisator.ch\/it\/wp-json\/wp\/v2\/types\/post"}],"author":[{"embeddable":true,"href":"https:\/\/www.organisator.ch\/it\/wp-json\/wp\/v2\/users\/4"}],"replies":[{"embeddable":true,"href":"https:\/\/www.organisator.ch\/it\/wp-json\/wp\/v2\/comments?post=17373"}],"version-history":[{"count":1,"href":"https:\/\/www.organisator.ch\/it\/wp-json\/wp\/v2\/posts\/17373\/revisions"}],"predecessor-version":[{"id":17376,"href":"https:\/\/www.organisator.ch\/it\/wp-json\/wp\/v2\/posts\/17373\/revisions\/17376"}],"wp:featuredmedia":[{"embeddable":true,"href":"https:\/\/www.organisator.ch\/it\/wp-json\/wp\/v2\/media\/17375"}],"wp:attachment":[{"href":"https:\/\/www.organisator.ch\/it\/wp-json\/wp\/v2\/media?parent=17373"}],"wp:term":[{"taxonomy":"category","embeddable":true,"href":"https:\/\/www.organisator.ch\/it\/wp-json\/wp\/v2\/categories?post=17373"},{"taxonomy":"post_tag","embeddable":true,"href":"https:\/\/www.organisator.ch\/it\/wp-json\/wp\/v2\/tags?post=17373"}],"curies":[{"name":"wp","href":"https:\/\/api.w.org\/{rel}","templated":true}]}}