{"id":17392,"date":"2022-10-25T08:47:30","date_gmt":"2022-10-25T06:47:30","guid":{"rendered":"https:\/\/www.organisator.ch\/?p=17392"},"modified":"2022-10-25T08:47:30","modified_gmt":"2022-10-25T06:47:30","slug":"helvetia-ceo-philipp-gmuer-kuendigt-ruecktritt-an","status":"publish","type":"post","link":"https:\/\/www.organisator.ch\/it\/management\/2022-10-25\/helvetia-ceo-philipp-gmuer-kuendigt-ruecktritt-an\/","title":{"rendered":"Il CEO di Helvetia Philipp Gm\u00fcr annuncia le sue dimissioni"},"content":{"rendered":"<figure id=\"attachment_17393\" aria-describedby=\"caption-attachment-17393\" style=\"width: 680px\" class=\"wp-caption alignnone\"><img loading=\"lazy\" decoding=\"async\" class=\"size-full wp-image-17393\" src=\"https:\/\/www.organisator.ch\/wp-content\/uploads\/2022\/10\/Helvetia-CEO-Philipp-Gmuer-kuendigt-Ruecktritt-an_Organisator.jpg\" alt=\"\" width=\"680\" height=\"469\" srcset=\"https:\/\/www.organisator.ch\/wp-content\/uploads\/2022\/10\/Helvetia-CEO-Philipp-Gmuer-kuendigt-Ruecktritt-an_Organisator.jpg 680w, https:\/\/www.organisator.ch\/wp-content\/uploads\/2022\/10\/Helvetia-CEO-Philipp-Gmuer-kuendigt-Ruecktritt-an_Organisator-18x12.jpg 18w, https:\/\/www.organisator.ch\/wp-content\/uploads\/2022\/10\/Helvetia-CEO-Philipp-Gmuer-kuendigt-Ruecktritt-an_Organisator-254x175.jpg 254w, https:\/\/www.organisator.ch\/wp-content\/uploads\/2022\/10\/Helvetia-CEO-Philipp-Gmuer-kuendigt-Ruecktritt-an_Organisator-507x350.jpg 507w, https:\/\/www.organisator.ch\/wp-content\/uploads\/2022\/10\/Helvetia-CEO-Philipp-Gmuer-kuendigt-Ruecktritt-an_Organisator-300x207.jpg 300w\" sizes=\"auto, (max-width: 680px) 100vw, 680px\" \/><figcaption id=\"caption-attachment-17393\" class=\"wp-caption-text\">Philipp Gm\u00fcr, CEO del Gruppo Helvetia Assicurazioni. (Immagine: Helvetia)<\/figcaption><\/figure>\n<p>Philipp Gm\u00fcr, Presidente della Direzione del Gruppo e CEO del Gruppo Helvetia Assicurazioni, lascer\u00e0 il suo incarico a met\u00e0 del 2023, ha annunciato la compagnia in un breve comunicato. Gm\u00fcr, che ha studiato giurisprudenza, \u00e8 entrato in Helvetia nel 1993, dove ha assunto la carica di Presidente della Direzione del Gruppo nel 2016 dopo varie fasi di carriera. \"Dopo 30 anni di lavoro con il Gruppo Helvetia, di cui 13 anni come CEO del mercato nazionale svizzero e sette anni come CEO del Gruppo, \u00e8 arrivato il momento di voltare pagina\", ha commentato Gm\u00fcr al momento del suo ritiro. \u00c8 stato un privilegio e un piacere poter dare forma allo sviluppo del Gruppo Helvetia insieme a un team forte\", ha proseguito Gm\u00fcr. \"Ma sono anche impaziente di passare il testimone e di assumere altri incarichi al di fuori del Gruppo Helvetia\".<\/p>\n<p>Il Presidente del Consiglio di Amministrazione Thomas Schmuckli rende omaggio al lavoro del suo CEO e spiega: \"Philipp Gm\u00fcr ha lasciato un segno indelebile nel Gruppo Helvetia. Sotto la sua pluriennale guida come CEO Svizzera, Helvetia si \u00e8 sviluppata fino a diventare un assicuratore all-line leader nel suo mercato nazionale. In qualit\u00e0 di CEO del Gruppo, ha portato avanti l'internazionalizzazione del Gruppo, l'espansione di altri rami assicurativi e l'introduzione di nuovi modelli di business in modo mirato. Desideriamo ringraziare sentitamente Philipp Gm\u00fcr per l'enorme impegno profuso per molti anni a favore del Gruppo Helvetia.<\/p>\n<p>Non si sa ancora chi prender\u00e0 il posto di Philipp Gm\u00fcr. Tuttavia, secondo un comunicato stampa, il Consiglio di amministrazione ha avviato il processo di ricerca di un successore.<\/p>\n<p><em>Fonte: <a href=\"http:\/\/www.helvetia.com\">Helvetia Assicurazione<\/a><\/em><\/p>","protected":false},"excerpt":{"rendered":"<p>Philipp Gm\u00fcr, Vorsitzender der Konzernleitung und Group CEO von Helvetia Versicherungen, wird per Mitte 2023 zur\u00fccktreten, wie das Unternehmen in einem kurzen Communiqu\u00e9 mitteilt. Der ausgebildete Rechtsanwalt Gm\u00fcr trat 1993 in Helvetia ein, in der er nach verschiedenen Karrierestationen 2016 den Vorsitz der Konzernleitung \u00fcbernahm. \u00abNach 30 Jahren in der Helvetia Gruppe, davon 13 Jahre [&hellip;]<\/p>\n","protected":false},"author":4,"featured_media":17393,"comment_status":"closed","ping_status":"closed","sticky":false,"template":"","format":"standard","meta":{"_acf_changed":false,"_yoast_wpseo_focuskw":"Philipp Gm\u00fcr","_yoast_wpseo_metadesc":"Philipp Gm\u00fcr, Vorsitzender der Konzernleitung und Group CEO von Helvetia Versicherungen, tritt per Mitte 2023 zur\u00fcck.","articlekey":"","footnotes":""},"categories":[28],"tags":[335,381,511],"class_list":["post-17392","post","type-post","status-publish","format-standard","has-post-thumbnail","hentry","category-management","tag-management-und-unternehmensfuehrung","tag-personalia","tag-versicherungen"],"acf":[],"yoast_head":"<!-- This site is optimized with the Yoast SEO plugin v27.4 - https:\/\/yoast.com\/product\/yoast-seo-wordpress\/ -->\n<title>Helvetia-CEO Philipp Gm\u00fcr k\u00fcndigt R\u00fccktritt an - Organisator<\/title>\n<meta name=\"description\" content=\"Philipp Gm\u00fcr, Vorsitzender der Konzernleitung und Group CEO von Helvetia Versicherungen, tritt per Mitte 2023 zur\u00fcck.\" \/>\n<meta name=\"robots\" content=\"index, follow, max-snippet:-1, max-image-preview:large, max-video-preview:-1\" \/>\n<link rel=\"canonical\" href=\"https:\/\/www.organisator.ch\/it\/gestione-2\/2022-10-25\/helvetia-ceo-philipp-gmuer-kuendigt-ruecktritt-an\/\" \/>\n<meta property=\"og:locale\" content=\"it_IT\" \/>\n<meta property=\"og:type\" content=\"article\" \/>\n<meta property=\"og:title\" content=\"Helvetia-CEO Philipp Gm\u00fcr k\u00fcndigt R\u00fccktritt an\" \/>\n<meta property=\"og:description\" content=\"Philipp Gm\u00fcr, Vorsitzender der Konzernleitung und Group CEO von Helvetia Versicherungen, tritt per Mitte 2023 zur\u00fcck.\" \/>\n<meta property=\"og:url\" content=\"https:\/\/www.organisator.ch\/it\/gestione-2\/2022-10-25\/helvetia-ceo-philipp-gmuer-kuendigt-ruecktritt-an\/\" \/>\n<meta property=\"og:site_name\" content=\"Organisator\" \/>\n<meta property=\"article:publisher\" content=\"https:\/\/www.facebook.com\/OrganisatorFachmagazin\" \/>\n<meta property=\"article:published_time\" content=\"2022-10-25T06:47:30+00:00\" \/>\n<meta property=\"og:image\" content=\"https:\/\/www.organisator.ch\/wp-content\/uploads\/2022\/10\/Helvetia-CEO-Philipp-Gmuer-kuendigt-Ruecktritt-an_Organisator.jpg\" \/>\n\t<meta property=\"og:image:width\" content=\"680\" \/>\n\t<meta property=\"og:image:height\" content=\"469\" \/>\n\t<meta property=\"og:image:type\" content=\"image\/jpeg\" \/>\n<meta name=\"author\" content=\"thomas.berner\" \/>\n<meta name=\"twitter:card\" content=\"summary_large_image\" \/>\n<meta name=\"twitter:title\" content=\"#Helvetia-CEO Philipp #Gm\u00fcr k\u00fcndigt #R\u00fccktritt an\" \/>\n<meta name=\"twitter:description\" content=\"Philipp #Gm\u00fcr, Vorsitzender der #Konzernleitung und Group CEO von #Helvetia Versicherungen, tritt per Mitte 2023 zur\u00fcck.\" \/>\n<meta name=\"twitter:image\" content=\"https:\/\/www.organisator.ch\/wp-content\/uploads\/2022\/10\/Helvetia-CEO-Philipp-Gmuer-kuendigt-Ruecktritt-an_Organisator.jpg\" \/>\n<script type=\"application\/ld+json\" class=\"yoast-schema-graph\">{\"@context\":\"https:\\\/\\\/schema.org\",\"@graph\":[{\"@type\":\"Article\",\"@id\":\"https:\\\/\\\/www.organisator.ch\\\/management\\\/2022-10-25\\\/helvetia-ceo-philipp-gmuer-kuendigt-ruecktritt-an\\\/#article\",\"isPartOf\":{\"@id\":\"https:\\\/\\\/www.organisator.ch\\\/management\\\/2022-10-25\\\/helvetia-ceo-philipp-gmuer-kuendigt-ruecktritt-an\\\/\"},\"author\":{\"name\":\"thomas.berner\",\"@id\":\"https:\\\/\\\/www.organisator.ch\\\/#\\\/schema\\\/person\\\/6f650f90b2842cd4c0cc334b4e36f67e\"},\"headline\":\"Helvetia-CEO Philipp Gm\u00fcr k\u00fcndigt R\u00fccktritt an\",\"datePublished\":\"2022-10-25T06:47:30+00:00\",\"mainEntityOfPage\":{\"@id\":\"https:\\\/\\\/www.organisator.ch\\\/management\\\/2022-10-25\\\/helvetia-ceo-philipp-gmuer-kuendigt-ruecktritt-an\\\/\"},\"wordCount\":264,\"publisher\":{\"@id\":\"https:\\\/\\\/www.organisator.ch\\\/#organization\"},\"image\":{\"@id\":\"https:\\\/\\\/www.organisator.ch\\\/management\\\/2022-10-25\\\/helvetia-ceo-philipp-gmuer-kuendigt-ruecktritt-an\\\/#primaryimage\"},\"thumbnailUrl\":\"https:\\\/\\\/www.organisator.ch\\\/wp-content\\\/uploads\\\/2022\\\/10\\\/Helvetia-CEO-Philipp-Gmuer-kuendigt-Ruecktritt-an_Organisator.jpg\",\"keywords\":[\"Management und Unternehmensf\u00fchrung\",\"Personalia\",\"Versicherungen\"],\"articleSection\":[\"MANAGEMENT\"],\"inLanguage\":\"it-IT\"},{\"@type\":\"WebPage\",\"@id\":\"https:\\\/\\\/www.organisator.ch\\\/management\\\/2022-10-25\\\/helvetia-ceo-philipp-gmuer-kuendigt-ruecktritt-an\\\/\",\"url\":\"https:\\\/\\\/www.organisator.ch\\\/management\\\/2022-10-25\\\/helvetia-ceo-philipp-gmuer-kuendigt-ruecktritt-an\\\/\",\"name\":\"Helvetia-CEO Philipp Gm\u00fcr k\u00fcndigt R\u00fccktritt an - Organisator\",\"isPartOf\":{\"@id\":\"https:\\\/\\\/www.organisator.ch\\\/#website\"},\"primaryImageOfPage\":{\"@id\":\"https:\\\/\\\/www.organisator.ch\\\/management\\\/2022-10-25\\\/helvetia-ceo-philipp-gmuer-kuendigt-ruecktritt-an\\\/#primaryimage\"},\"image\":{\"@id\":\"https:\\\/\\\/www.organisator.ch\\\/management\\\/2022-10-25\\\/helvetia-ceo-philipp-gmuer-kuendigt-ruecktritt-an\\\/#primaryimage\"},\"thumbnailUrl\":\"https:\\\/\\\/www.organisator.ch\\\/wp-content\\\/uploads\\\/2022\\\/10\\\/Helvetia-CEO-Philipp-Gmuer-kuendigt-Ruecktritt-an_Organisator.jpg\",\"datePublished\":\"2022-10-25T06:47:30+00:00\",\"description\":\"Philipp Gm\u00fcr, Vorsitzender der Konzernleitung und Group CEO von Helvetia Versicherungen, tritt per Mitte 2023 zur\u00fcck.\",\"breadcrumb\":{\"@id\":\"https:\\\/\\\/www.organisator.ch\\\/management\\\/2022-10-25\\\/helvetia-ceo-philipp-gmuer-kuendigt-ruecktritt-an\\\/#breadcrumb\"},\"inLanguage\":\"it-IT\",\"potentialAction\":[{\"@type\":\"ReadAction\",\"target\":[\"https:\\\/\\\/www.organisator.ch\\\/management\\\/2022-10-25\\\/helvetia-ceo-philipp-gmuer-kuendigt-ruecktritt-an\\\/\"]}]},{\"@type\":\"ImageObject\",\"inLanguage\":\"it-IT\",\"@id\":\"https:\\\/\\\/www.organisator.ch\\\/management\\\/2022-10-25\\\/helvetia-ceo-philipp-gmuer-kuendigt-ruecktritt-an\\\/#primaryimage\",\"url\":\"https:\\\/\\\/www.organisator.ch\\\/wp-content\\\/uploads\\\/2022\\\/10\\\/Helvetia-CEO-Philipp-Gmuer-kuendigt-Ruecktritt-an_Organisator.jpg\",\"contentUrl\":\"https:\\\/\\\/www.organisator.ch\\\/wp-content\\\/uploads\\\/2022\\\/10\\\/Helvetia-CEO-Philipp-Gmuer-kuendigt-Ruecktritt-an_Organisator.jpg\",\"width\":680,\"height\":469,\"caption\":\"Philipp Gm\u00fcr, Group CEO von Helvetia Versicherungen. (Bild: Helvetia)\"},{\"@type\":\"BreadcrumbList\",\"@id\":\"https:\\\/\\\/www.organisator.ch\\\/management\\\/2022-10-25\\\/helvetia-ceo-philipp-gmuer-kuendigt-ruecktritt-an\\\/#breadcrumb\",\"itemListElement\":[{\"@type\":\"ListItem\",\"position\":1,\"name\":\"Home\",\"item\":\"https:\\\/\\\/www.organisator.ch\\\/\"},{\"@type\":\"ListItem\",\"position\":2,\"name\":\"Helvetia-CEO Philipp Gm\u00fcr k\u00fcndigt R\u00fccktritt an\"}]},{\"@type\":\"WebSite\",\"@id\":\"https:\\\/\\\/www.organisator.ch\\\/#website\",\"url\":\"https:\\\/\\\/www.organisator.ch\\\/\",\"name\":\"Organisator\",\"description\":\"Kompetent. Praxisnah. Der ORGANISATOR bereitet in 10 Ausgaben pro Jahr die wesentlichen Themen f\u00fcr F\u00fchrungskr\u00e4fte von KMU auf.\",\"publisher\":{\"@id\":\"https:\\\/\\\/www.organisator.ch\\\/#organization\"},\"potentialAction\":[{\"@type\":\"SearchAction\",\"target\":{\"@type\":\"EntryPoint\",\"urlTemplate\":\"https:\\\/\\\/www.organisator.ch\\\/?s={search_term_string}\"},\"query-input\":{\"@type\":\"PropertyValueSpecification\",\"valueRequired\":true,\"valueName\":\"search_term_string\"}}],\"inLanguage\":\"it-IT\"},{\"@type\":\"Organization\",\"@id\":\"https:\\\/\\\/www.organisator.ch\\\/#organization\",\"name\":\"Organisator\",\"url\":\"https:\\\/\\\/www.organisator.ch\\\/\",\"logo\":{\"@type\":\"ImageObject\",\"inLanguage\":\"it-IT\",\"@id\":\"https:\\\/\\\/www.organisator.ch\\\/#\\\/schema\\\/logo\\\/image\\\/\",\"url\":\"https:\\\/\\\/www.organisator.ch\\\/wp-content\\\/uploads\\\/2022\\\/01\\\/Logo_Organisator_Website.png\",\"contentUrl\":\"https:\\\/\\\/www.organisator.ch\\\/wp-content\\\/uploads\\\/2022\\\/01\\\/Logo_Organisator_Website.png\",\"width\":800,\"height\":77,\"caption\":\"Organisator\"},\"image\":{\"@id\":\"https:\\\/\\\/www.organisator.ch\\\/#\\\/schema\\\/logo\\\/image\\\/\"},\"sameAs\":[\"https:\\\/\\\/www.facebook.com\\\/OrganisatorFachmagazin\",\"https:\\\/\\\/www.linkedin.com\\\/showcase\\\/organisator-das-magazin-fr-kmu\",\"https:\\\/\\\/www.xing.com\\\/news\\\/pages\\\/organisator-ch-695\",\"https:\\\/\\\/www.youtube.com\\\/channel\\\/UCGP2Sq0iWaZwT3BdIAQFYpw\"]},{\"@type\":\"Person\",\"@id\":\"https:\\\/\\\/www.organisator.ch\\\/#\\\/schema\\\/person\\\/6f650f90b2842cd4c0cc334b4e36f67e\",\"name\":\"thomas.berner\",\"image\":{\"@type\":\"ImageObject\",\"inLanguage\":\"it-IT\",\"@id\":\"https:\\\/\\\/secure.gravatar.com\\\/avatar\\\/ac5001d2a36cb6c6cd3e50789007ffca834b477b74a2144564522e944eabff61?s=96&d=mm&r=g\",\"url\":\"https:\\\/\\\/secure.gravatar.com\\\/avatar\\\/ac5001d2a36cb6c6cd3e50789007ffca834b477b74a2144564522e944eabff61?s=96&d=mm&r=g\",\"contentUrl\":\"https:\\\/\\\/secure.gravatar.com\\\/avatar\\\/ac5001d2a36cb6c6cd3e50789007ffca834b477b74a2144564522e944eabff61?s=96&d=mm&r=g\",\"caption\":\"thomas.berner\"},\"url\":\"https:\\\/\\\/www.organisator.ch\\\/it\\\/author\\\/thomas-berner\\\/\"}]}<\/script>\n<!-- \/ Yoast SEO plugin. -->","yoast_head_json":{"title":"Il CEO di Helvetia Philipp Gm\u00fcr annuncia le sue dimissioni - Organizzatore","description":"Philipp Gm\u00fcr, Presidente della Direzione del Gruppo e CEO del Gruppo Helvetia Assicurazioni, si dimetter\u00e0 a met\u00e0 del 2023.","robots":{"index":"index","follow":"follow","max-snippet":"max-snippet:-1","max-image-preview":"max-image-preview:large","max-video-preview":"max-video-preview:-1"},"canonical":"https:\/\/www.organisator.ch\/it\/gestione-2\/2022-10-25\/helvetia-ceo-philipp-gmuer-kuendigt-ruecktritt-an\/","og_locale":"it_IT","og_type":"article","og_title":"Helvetia-CEO Philipp Gm\u00fcr k\u00fcndigt R\u00fccktritt an","og_description":"Philipp Gm\u00fcr, Vorsitzender der Konzernleitung und Group CEO von Helvetia Versicherungen, tritt per Mitte 2023 zur\u00fcck.","og_url":"https:\/\/www.organisator.ch\/it\/gestione-2\/2022-10-25\/helvetia-ceo-philipp-gmuer-kuendigt-ruecktritt-an\/","og_site_name":"Organisator","article_publisher":"https:\/\/www.facebook.com\/OrganisatorFachmagazin","article_published_time":"2022-10-25T06:47:30+00:00","og_image":[{"width":680,"height":469,"url":"https:\/\/www.organisator.ch\/wp-content\/uploads\/2022\/10\/Helvetia-CEO-Philipp-Gmuer-kuendigt-Ruecktritt-an_Organisator.jpg","type":"image\/jpeg"}],"author":"thomas.berner","twitter_card":"summary_large_image","twitter_title":"#Helvetia-CEO Philipp #Gm\u00fcr k\u00fcndigt #R\u00fccktritt an","twitter_description":"Philipp #Gm\u00fcr, Vorsitzender der #Konzernleitung und Group CEO von #Helvetia Versicherungen, tritt per Mitte 2023 zur\u00fcck.","twitter_image":"https:\/\/www.organisator.ch\/wp-content\/uploads\/2022\/10\/Helvetia-CEO-Philipp-Gmuer-kuendigt-Ruecktritt-an_Organisator.jpg","schema":{"@context":"https:\/\/schema.org","@graph":[{"@type":"Article","@id":"https:\/\/www.organisator.ch\/management\/2022-10-25\/helvetia-ceo-philipp-gmuer-kuendigt-ruecktritt-an\/#article","isPartOf":{"@id":"https:\/\/www.organisator.ch\/management\/2022-10-25\/helvetia-ceo-philipp-gmuer-kuendigt-ruecktritt-an\/"},"author":{"name":"thomas.berner","@id":"https:\/\/www.organisator.ch\/#\/schema\/person\/6f650f90b2842cd4c0cc334b4e36f67e"},"headline":"Helvetia-CEO Philipp Gm\u00fcr k\u00fcndigt R\u00fccktritt an","datePublished":"2022-10-25T06:47:30+00:00","mainEntityOfPage":{"@id":"https:\/\/www.organisator.ch\/management\/2022-10-25\/helvetia-ceo-philipp-gmuer-kuendigt-ruecktritt-an\/"},"wordCount":264,"publisher":{"@id":"https:\/\/www.organisator.ch\/#organization"},"image":{"@id":"https:\/\/www.organisator.ch\/management\/2022-10-25\/helvetia-ceo-philipp-gmuer-kuendigt-ruecktritt-an\/#primaryimage"},"thumbnailUrl":"https:\/\/www.organisator.ch\/wp-content\/uploads\/2022\/10\/Helvetia-CEO-Philipp-Gmuer-kuendigt-Ruecktritt-an_Organisator.jpg","keywords":["Management und Unternehmensf\u00fchrung","Personalia","Versicherungen"],"articleSection":["MANAGEMENT"],"inLanguage":"it-IT"},{"@type":"WebPage","@id":"https:\/\/www.organisator.ch\/management\/2022-10-25\/helvetia-ceo-philipp-gmuer-kuendigt-ruecktritt-an\/","url":"https:\/\/www.organisator.ch\/management\/2022-10-25\/helvetia-ceo-philipp-gmuer-kuendigt-ruecktritt-an\/","name":"Il CEO di Helvetia Philipp Gm\u00fcr annuncia le sue dimissioni - Organizzatore","isPartOf":{"@id":"https:\/\/www.organisator.ch\/#website"},"primaryImageOfPage":{"@id":"https:\/\/www.organisator.ch\/management\/2022-10-25\/helvetia-ceo-philipp-gmuer-kuendigt-ruecktritt-an\/#primaryimage"},"image":{"@id":"https:\/\/www.organisator.ch\/management\/2022-10-25\/helvetia-ceo-philipp-gmuer-kuendigt-ruecktritt-an\/#primaryimage"},"thumbnailUrl":"https:\/\/www.organisator.ch\/wp-content\/uploads\/2022\/10\/Helvetia-CEO-Philipp-Gmuer-kuendigt-Ruecktritt-an_Organisator.jpg","datePublished":"2022-10-25T06:47:30+00:00","description":"Philipp Gm\u00fcr, Presidente della Direzione del Gruppo e CEO del Gruppo Helvetia Assicurazioni, si dimetter\u00e0 a met\u00e0 del 2023.","breadcrumb":{"@id":"https:\/\/www.organisator.ch\/management\/2022-10-25\/helvetia-ceo-philipp-gmuer-kuendigt-ruecktritt-an\/#breadcrumb"},"inLanguage":"it-IT","potentialAction":[{"@type":"ReadAction","target":["https:\/\/www.organisator.ch\/management\/2022-10-25\/helvetia-ceo-philipp-gmuer-kuendigt-ruecktritt-an\/"]}]},{"@type":"ImageObject","inLanguage":"it-IT","@id":"https:\/\/www.organisator.ch\/management\/2022-10-25\/helvetia-ceo-philipp-gmuer-kuendigt-ruecktritt-an\/#primaryimage","url":"https:\/\/www.organisator.ch\/wp-content\/uploads\/2022\/10\/Helvetia-CEO-Philipp-Gmuer-kuendigt-Ruecktritt-an_Organisator.jpg","contentUrl":"https:\/\/www.organisator.ch\/wp-content\/uploads\/2022\/10\/Helvetia-CEO-Philipp-Gmuer-kuendigt-Ruecktritt-an_Organisator.jpg","width":680,"height":469,"caption":"Philipp Gm\u00fcr, Group CEO von Helvetia Versicherungen. (Bild: Helvetia)"},{"@type":"BreadcrumbList","@id":"https:\/\/www.organisator.ch\/management\/2022-10-25\/helvetia-ceo-philipp-gmuer-kuendigt-ruecktritt-an\/#breadcrumb","itemListElement":[{"@type":"ListItem","position":1,"name":"Home","item":"https:\/\/www.organisator.ch\/"},{"@type":"ListItem","position":2,"name":"Helvetia-CEO Philipp Gm\u00fcr k\u00fcndigt R\u00fccktritt an"}]},{"@type":"WebSite","@id":"https:\/\/www.organisator.ch\/#website","url":"https:\/\/www.organisator.ch\/","name":"Organizzatore","description":"Competente. Pratico. In 10 numeri all'anno, ORGANISATOR presenta i temi essenziali per i manager delle PMI.","publisher":{"@id":"https:\/\/www.organisator.ch\/#organization"},"potentialAction":[{"@type":"SearchAction","target":{"@type":"EntryPoint","urlTemplate":"https:\/\/www.organisator.ch\/?s={search_term_string}"},"query-input":{"@type":"PropertyValueSpecification","valueRequired":true,"valueName":"search_term_string"}}],"inLanguage":"it-IT"},{"@type":"Organization","@id":"https:\/\/www.organisator.ch\/#organization","name":"Organizzatore","url":"https:\/\/www.organisator.ch\/","logo":{"@type":"ImageObject","inLanguage":"it-IT","@id":"https:\/\/www.organisator.ch\/#\/schema\/logo\/image\/","url":"https:\/\/www.organisator.ch\/wp-content\/uploads\/2022\/01\/Logo_Organisator_Website.png","contentUrl":"https:\/\/www.organisator.ch\/wp-content\/uploads\/2022\/01\/Logo_Organisator_Website.png","width":800,"height":77,"caption":"Organisator"},"image":{"@id":"https:\/\/www.organisator.ch\/#\/schema\/logo\/image\/"},"sameAs":["https:\/\/www.facebook.com\/OrganisatorFachmagazin","https:\/\/www.linkedin.com\/showcase\/organisator-das-magazin-fr-kmu","https:\/\/www.xing.com\/news\/pages\/organisator-ch-695","https:\/\/www.youtube.com\/channel\/UCGP2Sq0iWaZwT3BdIAQFYpw"]},{"@type":"Person","@id":"https:\/\/www.organisator.ch\/#\/schema\/person\/6f650f90b2842cd4c0cc334b4e36f67e","name":"Tommaso.berner","image":{"@type":"ImageObject","inLanguage":"it-IT","@id":"https:\/\/secure.gravatar.com\/avatar\/ac5001d2a36cb6c6cd3e50789007ffca834b477b74a2144564522e944eabff61?s=96&d=mm&r=g","url":"https:\/\/secure.gravatar.com\/avatar\/ac5001d2a36cb6c6cd3e50789007ffca834b477b74a2144564522e944eabff61?s=96&d=mm&r=g","contentUrl":"https:\/\/secure.gravatar.com\/avatar\/ac5001d2a36cb6c6cd3e50789007ffca834b477b74a2144564522e944eabff61?s=96&d=mm&r=g","caption":"thomas.berner"},"url":"https:\/\/www.organisator.ch\/it\/author\/thomas-berner\/"}]}},"_links":{"self":[{"href":"https:\/\/www.organisator.ch\/it\/wp-json\/wp\/v2\/posts\/17392","targetHints":{"allow":["GET"]}}],"collection":[{"href":"https:\/\/www.organisator.ch\/it\/wp-json\/wp\/v2\/posts"}],"about":[{"href":"https:\/\/www.organisator.ch\/it\/wp-json\/wp\/v2\/types\/post"}],"author":[{"embeddable":true,"href":"https:\/\/www.organisator.ch\/it\/wp-json\/wp\/v2\/users\/4"}],"replies":[{"embeddable":true,"href":"https:\/\/www.organisator.ch\/it\/wp-json\/wp\/v2\/comments?post=17392"}],"version-history":[{"count":1,"href":"https:\/\/www.organisator.ch\/it\/wp-json\/wp\/v2\/posts\/17392\/revisions"}],"predecessor-version":[{"id":17394,"href":"https:\/\/www.organisator.ch\/it\/wp-json\/wp\/v2\/posts\/17392\/revisions\/17394"}],"wp:featuredmedia":[{"embeddable":true,"href":"https:\/\/www.organisator.ch\/it\/wp-json\/wp\/v2\/media\/17393"}],"wp:attachment":[{"href":"https:\/\/www.organisator.ch\/it\/wp-json\/wp\/v2\/media?parent=17392"}],"wp:term":[{"taxonomy":"category","embeddable":true,"href":"https:\/\/www.organisator.ch\/it\/wp-json\/wp\/v2\/categories?post=17392"},{"taxonomy":"post_tag","embeddable":true,"href":"https:\/\/www.organisator.ch\/it\/wp-json\/wp\/v2\/tags?post=17392"}],"curies":[{"name":"wp","href":"https:\/\/api.w.org\/{rel}","templated":true}]}}