{"id":17492,"date":"2022-10-26T19:13:09","date_gmt":"2022-10-26T17:13:09","guid":{"rendered":"https:\/\/www.organisator.ch\/?p=17492"},"modified":"2022-10-26T19:13:09","modified_gmt":"2022-10-26T17:13:09","slug":"business-mode-bunt-sind-schon-die-waelder-gelb-die-stoppelfelder","status":"publish","type":"post","link":"https:\/\/www.organisator.ch\/it\/allgemein\/2022-10-26\/business-mode-bunt-sind-schon-die-waelder-gelb-die-stoppelfelder\/","title":{"rendered":"Business fashion: i boschi sono gi\u00e0 colorati, i campi di stoppie gialli ..."},"content":{"rendered":"<section class=\"focus\">\n<figure id=\"attachment_17493\" aria-describedby=\"caption-attachment-17493\" style=\"width: 900px\" class=\"wp-caption alignnone\"><img loading=\"lazy\" decoding=\"async\" class=\"wp-image-17493 size-full\" src=\"https:\/\/www.organisator.ch\/wp-content\/uploads\/2022\/10\/Organisator-Bunt-sind-schon-die-Waelder-gelb-die-Stoppelfelder\u2009...-1-Kopie.jpg\" alt=\"\" width=\"900\" height=\"600\" srcset=\"https:\/\/www.organisator.ch\/wp-content\/uploads\/2022\/10\/Organisator-Bunt-sind-schon-die-Waelder-gelb-die-Stoppelfelder\u2009...-1-Kopie.jpg 900w, https:\/\/www.organisator.ch\/wp-content\/uploads\/2022\/10\/Organisator-Bunt-sind-schon-die-Waelder-gelb-die-Stoppelfelder\u2009...-1-Kopie-680x453.jpg 680w, https:\/\/www.organisator.ch\/wp-content\/uploads\/2022\/10\/Organisator-Bunt-sind-schon-die-Waelder-gelb-die-Stoppelfelder\u2009...-1-Kopie-768x512.jpg 768w, https:\/\/www.organisator.ch\/wp-content\/uploads\/2022\/10\/Organisator-Bunt-sind-schon-die-Waelder-gelb-die-Stoppelfelder\u2009...-1-Kopie-18x12.jpg 18w, https:\/\/www.organisator.ch\/wp-content\/uploads\/2022\/10\/Organisator-Bunt-sind-schon-die-Waelder-gelb-die-Stoppelfelder\u2009...-1-Kopie-263x175.jpg 263w, https:\/\/www.organisator.ch\/wp-content\/uploads\/2022\/10\/Organisator-Bunt-sind-schon-die-Waelder-gelb-die-Stoppelfelder\u2009...-1-Kopie-525x350.jpg 525w, https:\/\/www.organisator.ch\/wp-content\/uploads\/2022\/10\/Organisator-Bunt-sind-schon-die-Waelder-gelb-die-Stoppelfelder\u2009...-1-Kopie-300x200.jpg 300w\" sizes=\"auto, (max-width: 900px) 100vw, 900px\" \/><figcaption id=\"caption-attachment-17493\" class=\"wp-caption-text\">Immagine 1:Di tendenza: abito pantalone a fantasia<br \/>Immagine: ledergerber.mode<\/figcaption><\/figure>\n<p>Arrivano le giornate autunnali e quindi anche le tendenze autunnali e invernali. Quali sono le tendenze attuali della moda e l'abbigliamento business autunnale per le donne, lo sa e.g. ledergerber.mode:<\/p>\n<p>Il tempo dei cappotti e degli stivali \u00e8 di nuovo qui. Il trench classico e versatile \u00e8 il pezzo forte della stagione. Le nuove varianti, come i cappotti con tagli o stampe e i cappotti di lana di alta qualit\u00e0, fanno battere i nostri cuori fashion. Soprattutto per l'inverno, un cappotto lungo in piuma, con o senza maniche, deve essere presente in ogni guardaroba, abbinato a una scarpa college dal profilo deciso.<\/p>\n<p>Per gli abiti da lavoro, gli abiti a due pezzi sono all'ordine del giorno. Che siano a fantasia o a righe, gli abiti a due pezzi sono indispensabili per il business. Gessati e tagli classici prendono lo scettro. Le maxi gonne lunghe in generale sono di tendenza, abbinate a biker boots o a stivali sopra il ginocchio. Preferibilmente in colori come il nero e il grigio con blazer aderenti. Quest'autunno e inverno, le silhouette sono spesso coronate da tagli ampi. A catturare l'attenzione sono soprattutto i blazer di pap\u00e0, le camicette con risvolto, i pantaloni a pieghe, le gonne a matita, ma anche i tailleur con pantaloni larghi e cintura in vita (foto 1).<\/p>\n<p>La scelta del materiale \u00e8 in primo piano in questa stagione di tendenza. Per gli affari, le donne optano per tessuti di lana pregiata, velluto e seta. Abbinato ai giorni pi\u00f9 freddi con maglieria e maglioni; a scelta con o senza dolcevita. In modalit\u00e0 oversize, anche con motivi geometrici, stampe o scritte colorate.<\/p>\n<p>Possiamo guardare ai colori di questa stagione: nello spirito del \"nero \u00e8 bello\", troviamo molto nero con accenti di colore che hanno tutto: colori brillanti e luminosi; in primo luogo il blu neon o il blu ciano, seguito dal colore rosa, dal verde neon al verde salvia, un mix di viola e blu e l'arancione. Le tonalit\u00e0 metalliche scintillanti sono di moda per gli eventi di lavoro serali.<\/p>\n<h3>Casual chic per l'ufficio<\/h3>\n<p>Il gentleman britannico \u00e8 sinonimo di classicit\u00e0 ed eleganza che non passano mai di moda. \u00c8 sinonimo di autenticit\u00e0, gusto squisito e senso dello stile. Che si tratti di una giornata casual in ufficio, di un drink dopo il lavoro o di un'apparizione elegante: l'ispirazione alla moda della Gran Bretagna costituisce la base del guardaroba dell'uomo di tutto il mondo. Toni caldi del marrone, bianco sporco e bordeaux: questo \u00e8 il codice colore per i look invernali pi\u00f9 chic. Paisley, quadri, stampe e tweed citano lo stile e la tradizione britannica. Pantaloni di velluto a coste, camicie Oxford e maglioni in cashmere di alta qualit\u00e0 sono la scelta ideale per le fredde giornate invernali.<\/p>\n<figure id=\"attachment_17496\" aria-describedby=\"caption-attachment-17496\" style=\"width: 900px\" class=\"wp-caption alignnone\"><img loading=\"lazy\" decoding=\"async\" class=\"size-full wp-image-17496\" src=\"https:\/\/www.organisator.ch\/wp-content\/uploads\/2022\/10\/Organisator-Bunt-sind-schon-die-Waelder-gelb-die-Stoppelfelder ...-4-copy.jpg\" alt=\"\" width=\"900\" height=\"600\" srcset=\"\" sizes=\"auto, (max-width: 900px) 100vw, 900px\" data-srcset=\"\" \/><figcaption id=\"caption-attachment-17496\" class=\"wp-caption-text\">Immagine 2: Con stili esclusivi, le tendenze tipiche dell'inconfondibile Brit-chic e gli outfit casual, PKZ Men si lancia nella prossima stagione invernale!<br \/>Immagine: PKZ<\/figcaption><\/figure>\n<p>Un buon abito ha bisogno di una vestibilit\u00e0 perfetta: ecco perch\u00e9 il team PKZ Made-to-Measure offre moda su misura per il look professionale d'affari. Nelle Tall Collections, gli uomini troveranno anche un'ampia selezione di marchi di spicco come Boss e Windsor. (Immagine 2)!<\/p>\n<h3>150 anni di armonia e stile<\/h3>\n<p>Shiseido ha origine nel 1872, un gruppo di aziende fondato da Arinobu Fukuhara. Dalla prima farmacia in Giappone, situata nel quartiere Ginza di Tokyo, Shiseido si \u00e8 sviluppata oggi in tutto il mondo con un'armonia sempre dinamica e una qualit\u00e0 giapponese. Ecco un momento saliente, giusto in tempo per il 150\u00b0 anniversario:<\/p>\n<figure id=\"attachment_17494\" aria-describedby=\"caption-attachment-17494\" style=\"width: 900px\" class=\"wp-caption alignnone\"><img loading=\"lazy\" decoding=\"async\" class=\"size-full wp-image-17494\" src=\"https:\/\/www.organisator.ch\/wp-content\/uploads\/2022\/10\/Organisator-Bunt-sind-schon-die-Waelder-gelb-die-Stoppelfelder\u20092-Kopie.jpg\" alt=\"\" width=\"900\" height=\"600\" srcset=\"https:\/\/www.organisator.ch\/wp-content\/uploads\/2022\/10\/Organisator-Bunt-sind-schon-die-Waelder-gelb-die-Stoppelfelder\u20092-Kopie.jpg 900w, https:\/\/www.organisator.ch\/wp-content\/uploads\/2022\/10\/Organisator-Bunt-sind-schon-die-Waelder-gelb-die-Stoppelfelder\u20092-Kopie-680x453.jpg 680w, https:\/\/www.organisator.ch\/wp-content\/uploads\/2022\/10\/Organisator-Bunt-sind-schon-die-Waelder-gelb-die-Stoppelfelder\u20092-Kopie-768x512.jpg 768w, https:\/\/www.organisator.ch\/wp-content\/uploads\/2022\/10\/Organisator-Bunt-sind-schon-die-Waelder-gelb-die-Stoppelfelder\u20092-Kopie-18x12.jpg 18w, https:\/\/www.organisator.ch\/wp-content\/uploads\/2022\/10\/Organisator-Bunt-sind-schon-die-Waelder-gelb-die-Stoppelfelder\u20092-Kopie-263x175.jpg 263w, https:\/\/www.organisator.ch\/wp-content\/uploads\/2022\/10\/Organisator-Bunt-sind-schon-die-Waelder-gelb-die-Stoppelfelder\u20092-Kopie-525x350.jpg 525w, https:\/\/www.organisator.ch\/wp-content\/uploads\/2022\/10\/Organisator-Bunt-sind-schon-die-Waelder-gelb-die-Stoppelfelder\u20092-Kopie-300x200.jpg 300w\" sizes=\"auto, (max-width: 900px) 100vw, 900px\" \/><figcaption id=\"caption-attachment-17494\" class=\"wp-caption-text\">Immagine 3: Shiseido Ultimune Power 150 Anni<br \/>Immagine: Shiseido<\/figcaption><\/figure>\n<p>Ultimune Power Shot 150th Anniversary Edition (disponibile dall'autunno presso Jelmoli Svizzera): una formulazione concentrata del siero antiet\u00e0 #1. Un concentrato sorprendentemente leggero e intenso che viene assorbito rapidamente dalla pelle. Ultimune Power Shot \u00e8 dotato della tecnologia ImuGeneration150TM, che fornisce alla pelle gli ingredienti altamente efficaci di Ultimune in una concentrazione 15 volte superiore (immagine 3).<\/p>\n<figure id=\"attachment_17495\" aria-describedby=\"caption-attachment-17495\" style=\"width: 900px\" class=\"wp-caption alignnone\"><img loading=\"lazy\" decoding=\"async\" class=\"size-full wp-image-17495\" src=\"https:\/\/www.organisator.ch\/wp-content\/uploads\/2022\/10\/Organisator-Bunt-sind-schon-die-Waelder-gelb-die-Stoppelfelder\u20093-Kopie.jpg\" alt=\"\" width=\"900\" height=\"600\" srcset=\"https:\/\/www.organisator.ch\/wp-content\/uploads\/2022\/10\/Organisator-Bunt-sind-schon-die-Waelder-gelb-die-Stoppelfelder\u20093-Kopie.jpg 900w, https:\/\/www.organisator.ch\/wp-content\/uploads\/2022\/10\/Organisator-Bunt-sind-schon-die-Waelder-gelb-die-Stoppelfelder\u20093-Kopie-680x453.jpg 680w, https:\/\/www.organisator.ch\/wp-content\/uploads\/2022\/10\/Organisator-Bunt-sind-schon-die-Waelder-gelb-die-Stoppelfelder\u20093-Kopie-768x512.jpg 768w, https:\/\/www.organisator.ch\/wp-content\/uploads\/2022\/10\/Organisator-Bunt-sind-schon-die-Waelder-gelb-die-Stoppelfelder\u20093-Kopie-18x12.jpg 18w, https:\/\/www.organisator.ch\/wp-content\/uploads\/2022\/10\/Organisator-Bunt-sind-schon-die-Waelder-gelb-die-Stoppelfelder\u20093-Kopie-263x175.jpg 263w, https:\/\/www.organisator.ch\/wp-content\/uploads\/2022\/10\/Organisator-Bunt-sind-schon-die-Waelder-gelb-die-Stoppelfelder\u20093-Kopie-525x350.jpg 525w, https:\/\/www.organisator.ch\/wp-content\/uploads\/2022\/10\/Organisator-Bunt-sind-schon-die-Waelder-gelb-die-Stoppelfelder\u20093-Kopie-300x200.jpg 300w\" sizes=\"auto, (max-width: 900px) 100vw, 900px\" \/><figcaption id=\"caption-attachment-17495\" class=\"wp-caption-text\">Immagine 4: Shiseido BOP Skin Filler<br \/>Immagine: Shiseido<\/figcaption><\/figure>\n<p>Bio-Performance Skin Filler Serums (disponibili dall'autunno presso Jelmoli Svizzera): per la prima volta, i Bio-Performance Skin Filler Serums consentono di apportare alla pelle acido ialuronico ad alta molecolarit\u00e0 e di sfruttarne al contempo le massime propriet\u00e0 idratanti e rimpolpanti - una novit\u00e0 assoluta in campo cosmetico. Entrambi i sieri (Night Infill e Day Full Expansion) agiscono in sinergia per donare alla pelle un aspetto pi\u00f9 giovane fin dalla prima applicazione (immagine 4).<\/p>\n<\/section>\n<section>\n<h3>Autore<\/h3>\n<p>Barbara R\u00fcttimann \u00e8 un'editorialista regolare di moda e lifestyle per l'ORGANISATOR.<\/p>\n<p>&gt;<a href=\"https:\/\/www.rbconsulting.info\/\">www.rbconsulting.info\/<\/a><\/p>\n<\/section>","protected":false},"excerpt":{"rendered":"<p>Die Herbsttage und somit auch die Herbst- und Wintertrends treffen bei uns ein. Worin die aktuellen Modetrends bestehen und das herbstliche Business-Outfit f\u00fcr die Frau, weiss z.B. ledergerber.mode: Die Zeit der M\u00e4ntel und Boots ist wieder da. Dabei ist der Allrounder und Klassiker Trenchcoat der Renner der Saison. Die neuen Variationen wie z.B. M\u00e4ntel mit [&hellip;]<\/p>\n","protected":false},"author":1,"featured_media":17496,"comment_status":"closed","ping_status":"closed","sticky":false,"template":"","format":"standard","meta":{"_acf_changed":false,"_yoast_wpseo_focuskw":"Business-Mode","_yoast_wpseo_metadesc":"Herbstt\u00f6ne in den W\u00e4ldern, da und dort die ersten regnerischen Tage: Was bedeutet das f\u00fcr die Business-Mode?","articlekey":"","footnotes":""},"categories":[1],"tags":[3431,108,2633],"class_list":["post-17492","post","type-post","status-publish","format-standard","has-post-thumbnail","hentry","category-allgemein","tag-ausgabe-9-10-2022","tag-business-und-style","tag-mode"],"acf":[],"yoast_head":"<!-- This site is optimized with the Yoast SEO plugin v27.5 - https:\/\/yoast.com\/product\/yoast-seo-wordpress\/ -->\n<title>Business-Mode: Bunt sind schon die W\u00e4lder, gelb die Stoppelfelder\u2009... - Organisator<\/title>\n<meta name=\"description\" content=\"Herbstt\u00f6ne in den W\u00e4ldern, da und dort die ersten regnerischen Tage: Was bedeutet das f\u00fcr die Business-Mode?\" \/>\n<meta name=\"robots\" content=\"index, follow, max-snippet:-1, max-image-preview:large, max-video-preview:-1\" \/>\n<link rel=\"canonical\" href=\"https:\/\/www.organisator.ch\/it\/generale\/2022-10-26\/business-mode-bunt-sind-schon-die-waelder-gelb-die-stoppelfelder\/\" \/>\n<meta property=\"og:locale\" content=\"it_IT\" \/>\n<meta property=\"og:type\" content=\"article\" \/>\n<meta property=\"og:title\" content=\"Business-Mode: Bunt sind schon die W\u00e4lder, gelb die Stoppelfelder\u2009... - Organisator\" \/>\n<meta property=\"og:description\" content=\"Herbstt\u00f6ne in den W\u00e4ldern, da und dort die ersten regnerischen Tage: Was bedeutet das f\u00fcr die Business-Mode?\" \/>\n<meta property=\"og:url\" content=\"https:\/\/www.organisator.ch\/it\/generale\/2022-10-26\/business-mode-bunt-sind-schon-die-waelder-gelb-die-stoppelfelder\/\" \/>\n<meta property=\"og:site_name\" content=\"Organisator\" \/>\n<meta property=\"article:publisher\" content=\"https:\/\/www.facebook.com\/OrganisatorFachmagazin\" \/>\n<meta property=\"article:published_time\" content=\"2022-10-26T17:13:09+00:00\" \/>\n<meta property=\"og:image\" content=\"https:\/\/www.organisator.ch\/wp-content\/uploads\/2022\/10\/Organisator-Bunt-sind-schon-die-Waelder-gelb-die-Stoppelfelder\u2009...-4-Kopie.jpg\" \/>\n\t<meta property=\"og:image:width\" content=\"768\" \/>\n\t<meta property=\"og:image:height\" content=\"512\" \/>\n\t<meta property=\"og:image:type\" content=\"image\/jpeg\" \/>\n<meta name=\"author\" content=\"admin\" \/>\n<meta name=\"twitter:card\" content=\"summary_large_image\" \/>\n<script type=\"application\/ld+json\" class=\"yoast-schema-graph\">{\"@context\":\"https:\\\/\\\/schema.org\",\"@graph\":[{\"@type\":\"Article\",\"@id\":\"https:\\\/\\\/www.organisator.ch\\\/allgemein\\\/2022-10-26\\\/business-mode-bunt-sind-schon-die-waelder-gelb-die-stoppelfelder\\\/#article\",\"isPartOf\":{\"@id\":\"https:\\\/\\\/www.organisator.ch\\\/allgemein\\\/2022-10-26\\\/business-mode-bunt-sind-schon-die-waelder-gelb-die-stoppelfelder\\\/\"},\"author\":{\"name\":\"admin\",\"@id\":\"https:\\\/\\\/www.organisator.ch\\\/#\\\/schema\\\/person\\\/aa2bace6c5c5aad60102004a50c4eb1c\"},\"headline\":\"Business-Mode: Bunt sind schon die W\u00e4lder, gelb die Stoppelfelder\u2009&#8230;\",\"datePublished\":\"2022-10-26T17:13:09+00:00\",\"mainEntityOfPage\":{\"@id\":\"https:\\\/\\\/www.organisator.ch\\\/allgemein\\\/2022-10-26\\\/business-mode-bunt-sind-schon-die-waelder-gelb-die-stoppelfelder\\\/\"},\"wordCount\":688,\"publisher\":{\"@id\":\"https:\\\/\\\/www.organisator.ch\\\/#organization\"},\"image\":{\"@id\":\"https:\\\/\\\/www.organisator.ch\\\/allgemein\\\/2022-10-26\\\/business-mode-bunt-sind-schon-die-waelder-gelb-die-stoppelfelder\\\/#primaryimage\"},\"thumbnailUrl\":\"https:\\\/\\\/www.organisator.ch\\\/wp-content\\\/uploads\\\/2022\\\/10\\\/Organisator-Bunt-sind-schon-die-Waelder-gelb-die-Stoppelfelder\u2009...-4-Kopie.jpg\",\"keywords\":[\"Ausgabe 9-10\\\/2022\",\"Business und Style\",\"Mode\"],\"articleSection\":[\"Allgemein\"],\"inLanguage\":\"it-IT\"},{\"@type\":\"WebPage\",\"@id\":\"https:\\\/\\\/www.organisator.ch\\\/allgemein\\\/2022-10-26\\\/business-mode-bunt-sind-schon-die-waelder-gelb-die-stoppelfelder\\\/\",\"url\":\"https:\\\/\\\/www.organisator.ch\\\/allgemein\\\/2022-10-26\\\/business-mode-bunt-sind-schon-die-waelder-gelb-die-stoppelfelder\\\/\",\"name\":\"Business-Mode: Bunt sind schon die W\u00e4lder, gelb die Stoppelfelder\u2009... - Organisator\",\"isPartOf\":{\"@id\":\"https:\\\/\\\/www.organisator.ch\\\/#website\"},\"primaryImageOfPage\":{\"@id\":\"https:\\\/\\\/www.organisator.ch\\\/allgemein\\\/2022-10-26\\\/business-mode-bunt-sind-schon-die-waelder-gelb-die-stoppelfelder\\\/#primaryimage\"},\"image\":{\"@id\":\"https:\\\/\\\/www.organisator.ch\\\/allgemein\\\/2022-10-26\\\/business-mode-bunt-sind-schon-die-waelder-gelb-die-stoppelfelder\\\/#primaryimage\"},\"thumbnailUrl\":\"https:\\\/\\\/www.organisator.ch\\\/wp-content\\\/uploads\\\/2022\\\/10\\\/Organisator-Bunt-sind-schon-die-Waelder-gelb-die-Stoppelfelder\u2009...-4-Kopie.jpg\",\"datePublished\":\"2022-10-26T17:13:09+00:00\",\"description\":\"Herbstt\u00f6ne in den W\u00e4ldern, da und dort die ersten regnerischen Tage: Was bedeutet das f\u00fcr die Business-Mode?\",\"breadcrumb\":{\"@id\":\"https:\\\/\\\/www.organisator.ch\\\/allgemein\\\/2022-10-26\\\/business-mode-bunt-sind-schon-die-waelder-gelb-die-stoppelfelder\\\/#breadcrumb\"},\"inLanguage\":\"it-IT\",\"potentialAction\":[{\"@type\":\"ReadAction\",\"target\":[\"https:\\\/\\\/www.organisator.ch\\\/allgemein\\\/2022-10-26\\\/business-mode-bunt-sind-schon-die-waelder-gelb-die-stoppelfelder\\\/\"]}]},{\"@type\":\"ImageObject\",\"inLanguage\":\"it-IT\",\"@id\":\"https:\\\/\\\/www.organisator.ch\\\/allgemein\\\/2022-10-26\\\/business-mode-bunt-sind-schon-die-waelder-gelb-die-stoppelfelder\\\/#primaryimage\",\"url\":\"https:\\\/\\\/www.organisator.ch\\\/wp-content\\\/uploads\\\/2022\\\/10\\\/Organisator-Bunt-sind-schon-die-Waelder-gelb-die-Stoppelfelder\u2009...-4-Kopie.jpg\",\"contentUrl\":\"https:\\\/\\\/www.organisator.ch\\\/wp-content\\\/uploads\\\/2022\\\/10\\\/Organisator-Bunt-sind-schon-die-Waelder-gelb-die-Stoppelfelder\u2009...-4-Kopie.jpg\",\"width\":900,\"height\":600,\"caption\":\"Bild 2: Mit exklusiven Styles, den Signature-Trends des unverkennbaren Brit-Chic und l\u00e4ssigen Outfits startet PKZ Men in die kommende Wintersaison! Bild: PKZ\"},{\"@type\":\"BreadcrumbList\",\"@id\":\"https:\\\/\\\/www.organisator.ch\\\/allgemein\\\/2022-10-26\\\/business-mode-bunt-sind-schon-die-waelder-gelb-die-stoppelfelder\\\/#breadcrumb\",\"itemListElement\":[{\"@type\":\"ListItem\",\"position\":1,\"name\":\"Home\",\"item\":\"https:\\\/\\\/www.organisator.ch\\\/\"},{\"@type\":\"ListItem\",\"position\":2,\"name\":\"Business-Mode: Bunt sind schon die W\u00e4lder, gelb die Stoppelfelder\u2009&#8230;\"}]},{\"@type\":\"WebSite\",\"@id\":\"https:\\\/\\\/www.organisator.ch\\\/#website\",\"url\":\"https:\\\/\\\/www.organisator.ch\\\/\",\"name\":\"Organisator\",\"description\":\"Kompetent. Praxisnah. Der ORGANISATOR bereitet in 10 Ausgaben pro Jahr die wesentlichen Themen f\u00fcr F\u00fchrungskr\u00e4fte von KMU auf.\",\"publisher\":{\"@id\":\"https:\\\/\\\/www.organisator.ch\\\/#organization\"},\"potentialAction\":[{\"@type\":\"SearchAction\",\"target\":{\"@type\":\"EntryPoint\",\"urlTemplate\":\"https:\\\/\\\/www.organisator.ch\\\/?s={search_term_string}\"},\"query-input\":{\"@type\":\"PropertyValueSpecification\",\"valueRequired\":true,\"valueName\":\"search_term_string\"}}],\"inLanguage\":\"it-IT\"},{\"@type\":\"Organization\",\"@id\":\"https:\\\/\\\/www.organisator.ch\\\/#organization\",\"name\":\"Organisator\",\"url\":\"https:\\\/\\\/www.organisator.ch\\\/\",\"logo\":{\"@type\":\"ImageObject\",\"inLanguage\":\"it-IT\",\"@id\":\"https:\\\/\\\/www.organisator.ch\\\/#\\\/schema\\\/logo\\\/image\\\/\",\"url\":\"https:\\\/\\\/www.organisator.ch\\\/wp-content\\\/uploads\\\/2022\\\/01\\\/Logo_Organisator_Website.png\",\"contentUrl\":\"https:\\\/\\\/www.organisator.ch\\\/wp-content\\\/uploads\\\/2022\\\/01\\\/Logo_Organisator_Website.png\",\"width\":800,\"height\":77,\"caption\":\"Organisator\"},\"image\":{\"@id\":\"https:\\\/\\\/www.organisator.ch\\\/#\\\/schema\\\/logo\\\/image\\\/\"},\"sameAs\":[\"https:\\\/\\\/www.facebook.com\\\/OrganisatorFachmagazin\",\"https:\\\/\\\/www.linkedin.com\\\/showcase\\\/organisator-das-magazin-fr-kmu\",\"https:\\\/\\\/www.xing.com\\\/news\\\/pages\\\/organisator-ch-695\",\"https:\\\/\\\/www.youtube.com\\\/channel\\\/UCGP2Sq0iWaZwT3BdIAQFYpw\"]},{\"@type\":\"Person\",\"@id\":\"https:\\\/\\\/www.organisator.ch\\\/#\\\/schema\\\/person\\\/aa2bace6c5c5aad60102004a50c4eb1c\",\"name\":\"admin\",\"image\":{\"@type\":\"ImageObject\",\"inLanguage\":\"it-IT\",\"@id\":\"https:\\\/\\\/secure.gravatar.com\\\/avatar\\\/ae2f4d718e6c49043e314ce431e7e645d646302a24a5ef5a8bc8e3f5a032e319?s=96&d=mm&r=g\",\"url\":\"https:\\\/\\\/secure.gravatar.com\\\/avatar\\\/ae2f4d718e6c49043e314ce431e7e645d646302a24a5ef5a8bc8e3f5a032e319?s=96&d=mm&r=g\",\"contentUrl\":\"https:\\\/\\\/secure.gravatar.com\\\/avatar\\\/ae2f4d718e6c49043e314ce431e7e645d646302a24a5ef5a8bc8e3f5a032e319?s=96&d=mm&r=g\",\"caption\":\"admin\"},\"sameAs\":[\"https:\\\/\\\/www.organisator.ch\"],\"url\":\"https:\\\/\\\/www.organisator.ch\\\/it\\\/author\\\/admin\\\/\"}]}<\/script>\n<!-- \/ Yoast SEO plugin. -->","yoast_head_json":{"title":"Business fashion: i boschi sono gi\u00e0 colorati, i campi di stoppie gialli ... - Organizzatore","description":"Toni autunnali nei boschi, primi giorni di pioggia qua e l\u00e0: cosa significa questo per la moda business?","robots":{"index":"index","follow":"follow","max-snippet":"max-snippet:-1","max-image-preview":"max-image-preview:large","max-video-preview":"max-video-preview:-1"},"canonical":"https:\/\/www.organisator.ch\/it\/generale\/2022-10-26\/business-mode-bunt-sind-schon-die-waelder-gelb-die-stoppelfelder\/","og_locale":"it_IT","og_type":"article","og_title":"Business-Mode: Bunt sind schon die W\u00e4lder, gelb die Stoppelfelder\u2009... - Organisator","og_description":"Herbstt\u00f6ne in den W\u00e4ldern, da und dort die ersten regnerischen Tage: Was bedeutet das f\u00fcr die Business-Mode?","og_url":"https:\/\/www.organisator.ch\/it\/generale\/2022-10-26\/business-mode-bunt-sind-schon-die-waelder-gelb-die-stoppelfelder\/","og_site_name":"Organisator","article_publisher":"https:\/\/www.facebook.com\/OrganisatorFachmagazin","article_published_time":"2022-10-26T17:13:09+00:00","og_image":[{"url":"https:\/\/www.organisator.ch\/wp-content\/uploads\/2022\/10\/Organisator-Bunt-sind-schon-die-Waelder-gelb-die-Stoppelfelder\u2009...-4-Kopie.jpg","width":768,"height":512,"type":"image\/jpeg"}],"author":"admin","twitter_card":"summary_large_image","schema":{"@context":"https:\/\/schema.org","@graph":[{"@type":"Article","@id":"https:\/\/www.organisator.ch\/allgemein\/2022-10-26\/business-mode-bunt-sind-schon-die-waelder-gelb-die-stoppelfelder\/#article","isPartOf":{"@id":"https:\/\/www.organisator.ch\/allgemein\/2022-10-26\/business-mode-bunt-sind-schon-die-waelder-gelb-die-stoppelfelder\/"},"author":{"name":"admin","@id":"https:\/\/www.organisator.ch\/#\/schema\/person\/aa2bace6c5c5aad60102004a50c4eb1c"},"headline":"Business-Mode: Bunt sind schon die W\u00e4lder, gelb die Stoppelfelder\u2009&#8230;","datePublished":"2022-10-26T17:13:09+00:00","mainEntityOfPage":{"@id":"https:\/\/www.organisator.ch\/allgemein\/2022-10-26\/business-mode-bunt-sind-schon-die-waelder-gelb-die-stoppelfelder\/"},"wordCount":688,"publisher":{"@id":"https:\/\/www.organisator.ch\/#organization"},"image":{"@id":"https:\/\/www.organisator.ch\/allgemein\/2022-10-26\/business-mode-bunt-sind-schon-die-waelder-gelb-die-stoppelfelder\/#primaryimage"},"thumbnailUrl":"https:\/\/www.organisator.ch\/wp-content\/uploads\/2022\/10\/Organisator-Bunt-sind-schon-die-Waelder-gelb-die-Stoppelfelder\u2009...-4-Kopie.jpg","keywords":["Ausgabe 9-10\/2022","Business und Style","Mode"],"articleSection":["Allgemein"],"inLanguage":"it-IT"},{"@type":"WebPage","@id":"https:\/\/www.organisator.ch\/allgemein\/2022-10-26\/business-mode-bunt-sind-schon-die-waelder-gelb-die-stoppelfelder\/","url":"https:\/\/www.organisator.ch\/allgemein\/2022-10-26\/business-mode-bunt-sind-schon-die-waelder-gelb-die-stoppelfelder\/","name":"Business fashion: i boschi sono gi\u00e0 colorati, i campi di stoppie gialli ... - Organizzatore","isPartOf":{"@id":"https:\/\/www.organisator.ch\/#website"},"primaryImageOfPage":{"@id":"https:\/\/www.organisator.ch\/allgemein\/2022-10-26\/business-mode-bunt-sind-schon-die-waelder-gelb-die-stoppelfelder\/#primaryimage"},"image":{"@id":"https:\/\/www.organisator.ch\/allgemein\/2022-10-26\/business-mode-bunt-sind-schon-die-waelder-gelb-die-stoppelfelder\/#primaryimage"},"thumbnailUrl":"https:\/\/www.organisator.ch\/wp-content\/uploads\/2022\/10\/Organisator-Bunt-sind-schon-die-Waelder-gelb-die-Stoppelfelder\u2009...-4-Kopie.jpg","datePublished":"2022-10-26T17:13:09+00:00","description":"Toni autunnali nei boschi, primi giorni di pioggia qua e l\u00e0: cosa significa questo per la moda business?","breadcrumb":{"@id":"https:\/\/www.organisator.ch\/allgemein\/2022-10-26\/business-mode-bunt-sind-schon-die-waelder-gelb-die-stoppelfelder\/#breadcrumb"},"inLanguage":"it-IT","potentialAction":[{"@type":"ReadAction","target":["https:\/\/www.organisator.ch\/allgemein\/2022-10-26\/business-mode-bunt-sind-schon-die-waelder-gelb-die-stoppelfelder\/"]}]},{"@type":"ImageObject","inLanguage":"it-IT","@id":"https:\/\/www.organisator.ch\/allgemein\/2022-10-26\/business-mode-bunt-sind-schon-die-waelder-gelb-die-stoppelfelder\/#primaryimage","url":"https:\/\/www.organisator.ch\/wp-content\/uploads\/2022\/10\/Organisator-Bunt-sind-schon-die-Waelder-gelb-die-Stoppelfelder\u2009...-4-Kopie.jpg","contentUrl":"https:\/\/www.organisator.ch\/wp-content\/uploads\/2022\/10\/Organisator-Bunt-sind-schon-die-Waelder-gelb-die-Stoppelfelder\u2009...-4-Kopie.jpg","width":900,"height":600,"caption":"Bild 2: Mit exklusiven Styles, den Signature-Trends des unverkennbaren Brit-Chic und l\u00e4ssigen Outfits startet PKZ Men in die kommende Wintersaison! Bild: PKZ"},{"@type":"BreadcrumbList","@id":"https:\/\/www.organisator.ch\/allgemein\/2022-10-26\/business-mode-bunt-sind-schon-die-waelder-gelb-die-stoppelfelder\/#breadcrumb","itemListElement":[{"@type":"ListItem","position":1,"name":"Home","item":"https:\/\/www.organisator.ch\/"},{"@type":"ListItem","position":2,"name":"Business-Mode: Bunt sind schon die W\u00e4lder, gelb die Stoppelfelder\u2009&#8230;"}]},{"@type":"WebSite","@id":"https:\/\/www.organisator.ch\/#website","url":"https:\/\/www.organisator.ch\/","name":"Organizzatore","description":"Competente. Pratico. In 10 numeri all'anno, ORGANISATOR presenta i temi essenziali per i manager delle PMI.","publisher":{"@id":"https:\/\/www.organisator.ch\/#organization"},"potentialAction":[{"@type":"SearchAction","target":{"@type":"EntryPoint","urlTemplate":"https:\/\/www.organisator.ch\/?s={search_term_string}"},"query-input":{"@type":"PropertyValueSpecification","valueRequired":true,"valueName":"search_term_string"}}],"inLanguage":"it-IT"},{"@type":"Organization","@id":"https:\/\/www.organisator.ch\/#organization","name":"Organizzatore","url":"https:\/\/www.organisator.ch\/","logo":{"@type":"ImageObject","inLanguage":"it-IT","@id":"https:\/\/www.organisator.ch\/#\/schema\/logo\/image\/","url":"https:\/\/www.organisator.ch\/wp-content\/uploads\/2022\/01\/Logo_Organisator_Website.png","contentUrl":"https:\/\/www.organisator.ch\/wp-content\/uploads\/2022\/01\/Logo_Organisator_Website.png","width":800,"height":77,"caption":"Organisator"},"image":{"@id":"https:\/\/www.organisator.ch\/#\/schema\/logo\/image\/"},"sameAs":["https:\/\/www.facebook.com\/OrganisatorFachmagazin","https:\/\/www.linkedin.com\/showcase\/organisator-das-magazin-fr-kmu","https:\/\/www.xing.com\/news\/pages\/organisator-ch-695","https:\/\/www.youtube.com\/channel\/UCGP2Sq0iWaZwT3BdIAQFYpw"]},{"@type":"Person","@id":"https:\/\/www.organisator.ch\/#\/schema\/person\/aa2bace6c5c5aad60102004a50c4eb1c","name":"amministratore","image":{"@type":"ImageObject","inLanguage":"it-IT","@id":"https:\/\/secure.gravatar.com\/avatar\/ae2f4d718e6c49043e314ce431e7e645d646302a24a5ef5a8bc8e3f5a032e319?s=96&d=mm&r=g","url":"https:\/\/secure.gravatar.com\/avatar\/ae2f4d718e6c49043e314ce431e7e645d646302a24a5ef5a8bc8e3f5a032e319?s=96&d=mm&r=g","contentUrl":"https:\/\/secure.gravatar.com\/avatar\/ae2f4d718e6c49043e314ce431e7e645d646302a24a5ef5a8bc8e3f5a032e319?s=96&d=mm&r=g","caption":"admin"},"sameAs":["https:\/\/www.organisator.ch"],"url":"https:\/\/www.organisator.ch\/it\/author\/admin\/"}]}},"_links":{"self":[{"href":"https:\/\/www.organisator.ch\/it\/wp-json\/wp\/v2\/posts\/17492","targetHints":{"allow":["GET"]}}],"collection":[{"href":"https:\/\/www.organisator.ch\/it\/wp-json\/wp\/v2\/posts"}],"about":[{"href":"https:\/\/www.organisator.ch\/it\/wp-json\/wp\/v2\/types\/post"}],"author":[{"embeddable":true,"href":"https:\/\/www.organisator.ch\/it\/wp-json\/wp\/v2\/users\/1"}],"replies":[{"embeddable":true,"href":"https:\/\/www.organisator.ch\/it\/wp-json\/wp\/v2\/comments?post=17492"}],"version-history":[{"count":4,"href":"https:\/\/www.organisator.ch\/it\/wp-json\/wp\/v2\/posts\/17492\/revisions"}],"predecessor-version":[{"id":17534,"href":"https:\/\/www.organisator.ch\/it\/wp-json\/wp\/v2\/posts\/17492\/revisions\/17534"}],"wp:featuredmedia":[{"embeddable":true,"href":"https:\/\/www.organisator.ch\/it\/wp-json\/wp\/v2\/media\/17496"}],"wp:attachment":[{"href":"https:\/\/www.organisator.ch\/it\/wp-json\/wp\/v2\/media?parent=17492"}],"wp:term":[{"taxonomy":"category","embeddable":true,"href":"https:\/\/www.organisator.ch\/it\/wp-json\/wp\/v2\/categories?post=17492"},{"taxonomy":"post_tag","embeddable":true,"href":"https:\/\/www.organisator.ch\/it\/wp-json\/wp\/v2\/tags?post=17492"}],"curies":[{"name":"wp","href":"https:\/\/api.w.org\/{rel}","templated":true}]}}