{"id":17519,"date":"2022-10-26T02:04:32","date_gmt":"2022-10-26T00:04:32","guid":{"rendered":"https:\/\/www.organisator.ch\/?p=17519"},"modified":"2022-10-25T19:22:54","modified_gmt":"2022-10-25T17:22:54","slug":"firmennachfolge-in-berggebieten-unterstuetzen","status":"publish","type":"post","link":"https:\/\/www.organisator.ch\/it\/management\/2022-10-26\/firmennachfolge-in-berggebieten-unterstuetzen\/","title":{"rendered":"Sostenere la successione aziendale nelle regioni montane"},"content":{"rendered":"<figure id=\"attachment_17520\" aria-describedby=\"caption-attachment-17520\" style=\"width: 680px\" class=\"wp-caption alignnone\"><img loading=\"lazy\" decoding=\"async\" class=\"size-medium wp-image-17520\" src=\"https:\/\/www.organisator.ch\/wp-content\/uploads\/2022\/10\/9816549-680x383.jpg\" alt=\"\" width=\"680\" height=\"383\" srcset=\"https:\/\/www.organisator.ch\/wp-content\/uploads\/2022\/10\/9816549-680x383.jpg 680w, https:\/\/www.organisator.ch\/wp-content\/uploads\/2022\/10\/9816549-1024x576.jpg 1024w, https:\/\/www.organisator.ch\/wp-content\/uploads\/2022\/10\/9816549-768x432.jpg 768w, https:\/\/www.organisator.ch\/wp-content\/uploads\/2022\/10\/9816549-18x10.jpg 18w, https:\/\/www.organisator.ch\/wp-content\/uploads\/2022\/10\/9816549-311x175.jpg 311w, https:\/\/www.organisator.ch\/wp-content\/uploads\/2022\/10\/9816549-622x350.jpg 622w, https:\/\/www.organisator.ch\/wp-content\/uploads\/2022\/10\/9816549-920x518.jpg 920w, https:\/\/www.organisator.ch\/wp-content\/uploads\/2022\/10\/9816549-300x169.jpg 300w, https:\/\/www.organisator.ch\/wp-content\/uploads\/2022\/10\/9816549.jpg 1200w\" sizes=\"auto, (max-width: 680px) 100vw, 680px\" \/><figcaption id=\"caption-attachment-17520\" class=\"wp-caption-text\">Il F\u00e4nglihof si trova in questo idilliaco paesaggio montano. (Immagine: <a href=\"https:\/\/faenglihof.ch\/home\">www.faenglihof.ch<\/a>)<\/figcaption><\/figure>\n<p>Numerose PMI sono alle prese con la pianificazione della successione. Le PMI delle aree urbane hanno generalmente maggiori possibilit\u00e0 di trovare una soluzione successoria di successo rispetto alle PMI delle aree montane. Per questo motivo, Business Transaction AG ha unito le forze con Schweizer Berghilfe e sta sostenendo la costruzione di un caseificio di fattoria nell'Oberland bernese per garantire il suo futuro economico a lungo termine.<\/p>\n<h3>Un'attivit\u00e0 tradizionale in crisi<\/h3>\n<p>Il F\u00e4nglihof si trova a Zweisimmen, nell'Oberland Bernese, a 1.070 metri sul livello del mare. Sui 30 ettari di prato in parte scosceso vengono allevati circa 120 pecore da latte e 60 giovani animali. Ci sono anche 4 mucche madri con prole e 50 galline ovaiole. L'azienda \u00e8 gestita con convinzione secondo le linee guida di Bio-Suisse e si impegna a lavorare in modo ecologico e a risparmio di risorse. La famiglia Eggen \u00e8 la quarta generazione a gestire l'azienda agricola e la quinta sta crescendo. All'inizio del 2017, i fratelli Christoph e Thomas e le loro famiglie hanno rilevato l'azienda agricola. Il capo anziano \u00e8 ancora a disposizione per offrire consigli e supporto e, insieme alla moglie, si occupa regolarmente della promozione di giovani talenti.<\/p>\n<h3>Sostenibile nel futuro<\/h3>\n<p>Con l'acquisizione da parte della generazione successiva, gli investimenti erano necessari per garantire l'azienda di famiglia e l'indipendenza economica. Con la costruzione del proprio caseificio, la famiglia Eg-gen pu\u00f2 ora trasformare il latte di pecora in formaggio e yogurt, rendendosi meno dipendente dagli acquirenti esterni di latte e aumentando allo stesso tempo la propria catena di valore. In questo modo, F\u00e4nglihof segue la tendenza della produzione e della commercializzazione regionale e ha stabilito un solido punto d'appoggio per garantire la propria esistenza economica.<\/p>\n<h3>Lavorare insieme per preservare le regioni montane svizzere come spazi vitali ed economici diversificati<\/h3>\n<p>Business Transaction AG ha voluto unire le forze con Schweizer Berghilfe, che dal 1943 aiuta le imprese e le persone nelle regioni montane, per sostenere le imprese nelle regioni economicamente emarginate, in linea con il suo slogan \"Impegnati nella successione\". per sostenerli. Business Transaction AG non ha perso l'occasione di presentare il progetto in formato video.<\/p>\n<p><em>Fonte: <a href=\"https:\/\/businesstransaction.ch\/\">Transazione commerciale<\/a><\/em><\/p>","protected":false},"excerpt":{"rendered":"<p>Zahlreiche KMU stehen vor ihrer Nachfolgeregelung. Dabei haben KMU in urbanen Gebieten in der Regel bessere Chancen auf eine erfolgreiche Nachfolgel\u00f6sung als KMU in Berggebieten. Aus diesem Grund spannt die Business Transaction AG mit der Schweizer Berghilfe zusammen und unterst\u00fctzt den Bau einer Hofk\u00e4serei im Berner Oberland, um deren wirtschaftliche Zukunft nachhaltig zu sichern. Ein [&hellip;]<\/p>\n","protected":false},"author":4,"featured_media":17520,"comment_status":"closed","ping_status":"closed","sticky":false,"template":"","format":"standard","meta":{"_acf_changed":false,"_yoast_wpseo_focuskw":"in Berggebieten","_yoast_wpseo_metadesc":"Firmennachfolge in Berggebieten: Die Business Transaction AG unterst\u00fctzt zusammen mit der Schweizer Berghilfe eine Alpk\u00e4serei.","articlekey":"","footnotes":""},"categories":[28],"tags":[3465,207,335],"class_list":["post-17519","post","type-post","status-publish","format-standard","has-post-thumbnail","hentry","category-management","tag-berghilfe","tag-firmennachfolge","tag-management-und-unternehmensfuehrung"],"acf":[],"yoast_head":"<!-- This site is optimized with the Yoast SEO plugin v27.5 - https:\/\/yoast.com\/product\/yoast-seo-wordpress\/ -->\n<title>Firmennachfolge in Berggebieten unterst\u00fctzen - Organisator<\/title>\n<meta name=\"description\" content=\"Firmennachfolge in Berggebieten: Die Business Transaction AG unterst\u00fctzt zusammen mit der Schweizer Berghilfe eine Alpk\u00e4serei.\" \/>\n<meta name=\"robots\" content=\"index, follow, max-snippet:-1, max-image-preview:large, max-video-preview:-1\" \/>\n<link rel=\"canonical\" href=\"https:\/\/www.organisator.ch\/it\/gestione-2\/2022-10-26\/firmennachfolge-in-berggebieten-unterstuetzen\/\" \/>\n<meta property=\"og:locale\" content=\"it_IT\" \/>\n<meta property=\"og:type\" content=\"article\" \/>\n<meta property=\"og:title\" content=\"Firmennachfolge in Berggebieten unterst\u00fctzen\" \/>\n<meta property=\"og:description\" content=\"Firmennachfolge in Berggebieten: Die Business Transaction AG unterst\u00fctzt zusammen mit der Schweizer Berghilfe eine Alpk\u00e4serei.\" \/>\n<meta property=\"og:url\" content=\"https:\/\/www.organisator.ch\/it\/gestione-2\/2022-10-26\/firmennachfolge-in-berggebieten-unterstuetzen\/\" \/>\n<meta property=\"og:site_name\" content=\"Organisator\" \/>\n<meta property=\"article:publisher\" content=\"https:\/\/www.facebook.com\/OrganisatorFachmagazin\" \/>\n<meta property=\"article:published_time\" content=\"2022-10-26T00:04:32+00:00\" \/>\n<meta property=\"og:image\" content=\"https:\/\/www.organisator.ch\/wp-content\/uploads\/2022\/10\/9816549.jpg\" \/>\n\t<meta property=\"og:image:width\" content=\"1200\" \/>\n\t<meta property=\"og:image:height\" content=\"675\" \/>\n\t<meta property=\"og:image:type\" content=\"image\/jpeg\" \/>\n<meta name=\"author\" content=\"thomas.berner\" \/>\n<meta name=\"twitter:card\" content=\"summary_large_image\" \/>\n<meta name=\"twitter:title\" content=\"Firmennachfolge in Berggebieten unterst\u00fctzen\" \/>\n<meta name=\"twitter:description\" content=\"Firmennachfolge in Berggebieten: Die Business Transaction AG unterst\u00fctzt zusammen mit der Schweizer Berghilfe eine Alpk\u00e4serei.\" \/>\n<meta name=\"twitter:image\" content=\"https:\/\/www.organisator.ch\/wp-content\/uploads\/2022\/10\/9816549.jpg\" \/>\n<script type=\"application\/ld+json\" class=\"yoast-schema-graph\">{\"@context\":\"https:\\\/\\\/schema.org\",\"@graph\":[{\"@type\":\"Article\",\"@id\":\"https:\\\/\\\/www.organisator.ch\\\/management\\\/2022-10-26\\\/firmennachfolge-in-berggebieten-unterstuetzen\\\/#article\",\"isPartOf\":{\"@id\":\"https:\\\/\\\/www.organisator.ch\\\/management\\\/2022-10-26\\\/firmennachfolge-in-berggebieten-unterstuetzen\\\/\"},\"author\":{\"name\":\"thomas.berner\",\"@id\":\"https:\\\/\\\/www.organisator.ch\\\/#\\\/schema\\\/person\\\/6f650f90b2842cd4c0cc334b4e36f67e\"},\"headline\":\"Firmennachfolge in Berggebieten unterst\u00fctzen\",\"datePublished\":\"2022-10-26T00:04:32+00:00\",\"mainEntityOfPage\":{\"@id\":\"https:\\\/\\\/www.organisator.ch\\\/management\\\/2022-10-26\\\/firmennachfolge-in-berggebieten-unterstuetzen\\\/\"},\"wordCount\":356,\"publisher\":{\"@id\":\"https:\\\/\\\/www.organisator.ch\\\/#organization\"},\"image\":{\"@id\":\"https:\\\/\\\/www.organisator.ch\\\/management\\\/2022-10-26\\\/firmennachfolge-in-berggebieten-unterstuetzen\\\/#primaryimage\"},\"thumbnailUrl\":\"https:\\\/\\\/www.organisator.ch\\\/wp-content\\\/uploads\\\/2022\\\/10\\\/9816549.jpg\",\"keywords\":[\"Berghilfe\",\"Firmennachfolge\",\"Management und Unternehmensf\u00fchrung\"],\"articleSection\":[\"MANAGEMENT\"],\"inLanguage\":\"it-IT\"},{\"@type\":\"WebPage\",\"@id\":\"https:\\\/\\\/www.organisator.ch\\\/management\\\/2022-10-26\\\/firmennachfolge-in-berggebieten-unterstuetzen\\\/\",\"url\":\"https:\\\/\\\/www.organisator.ch\\\/management\\\/2022-10-26\\\/firmennachfolge-in-berggebieten-unterstuetzen\\\/\",\"name\":\"Firmennachfolge in Berggebieten unterst\u00fctzen - Organisator\",\"isPartOf\":{\"@id\":\"https:\\\/\\\/www.organisator.ch\\\/#website\"},\"primaryImageOfPage\":{\"@id\":\"https:\\\/\\\/www.organisator.ch\\\/management\\\/2022-10-26\\\/firmennachfolge-in-berggebieten-unterstuetzen\\\/#primaryimage\"},\"image\":{\"@id\":\"https:\\\/\\\/www.organisator.ch\\\/management\\\/2022-10-26\\\/firmennachfolge-in-berggebieten-unterstuetzen\\\/#primaryimage\"},\"thumbnailUrl\":\"https:\\\/\\\/www.organisator.ch\\\/wp-content\\\/uploads\\\/2022\\\/10\\\/9816549.jpg\",\"datePublished\":\"2022-10-26T00:04:32+00:00\",\"description\":\"Firmennachfolge in Berggebieten: Die Business Transaction AG unterst\u00fctzt zusammen mit der Schweizer Berghilfe eine Alpk\u00e4serei.\",\"breadcrumb\":{\"@id\":\"https:\\\/\\\/www.organisator.ch\\\/management\\\/2022-10-26\\\/firmennachfolge-in-berggebieten-unterstuetzen\\\/#breadcrumb\"},\"inLanguage\":\"it-IT\",\"potentialAction\":[{\"@type\":\"ReadAction\",\"target\":[\"https:\\\/\\\/www.organisator.ch\\\/management\\\/2022-10-26\\\/firmennachfolge-in-berggebieten-unterstuetzen\\\/\"]}]},{\"@type\":\"ImageObject\",\"inLanguage\":\"it-IT\",\"@id\":\"https:\\\/\\\/www.organisator.ch\\\/management\\\/2022-10-26\\\/firmennachfolge-in-berggebieten-unterstuetzen\\\/#primaryimage\",\"url\":\"https:\\\/\\\/www.organisator.ch\\\/wp-content\\\/uploads\\\/2022\\\/10\\\/9816549.jpg\",\"contentUrl\":\"https:\\\/\\\/www.organisator.ch\\\/wp-content\\\/uploads\\\/2022\\\/10\\\/9816549.jpg\",\"width\":1200,\"height\":675,\"caption\":\"In dieser idyllischen Berglandschaft liegt der F\u00e4nglihof. (Bild: www.faenglihof.ch)\"},{\"@type\":\"BreadcrumbList\",\"@id\":\"https:\\\/\\\/www.organisator.ch\\\/management\\\/2022-10-26\\\/firmennachfolge-in-berggebieten-unterstuetzen\\\/#breadcrumb\",\"itemListElement\":[{\"@type\":\"ListItem\",\"position\":1,\"name\":\"Home\",\"item\":\"https:\\\/\\\/www.organisator.ch\\\/\"},{\"@type\":\"ListItem\",\"position\":2,\"name\":\"Firmennachfolge in Berggebieten unterst\u00fctzen\"}]},{\"@type\":\"WebSite\",\"@id\":\"https:\\\/\\\/www.organisator.ch\\\/#website\",\"url\":\"https:\\\/\\\/www.organisator.ch\\\/\",\"name\":\"Organisator\",\"description\":\"Kompetent. Praxisnah. Der ORGANISATOR bereitet in 10 Ausgaben pro Jahr die wesentlichen Themen f\u00fcr F\u00fchrungskr\u00e4fte von KMU auf.\",\"publisher\":{\"@id\":\"https:\\\/\\\/www.organisator.ch\\\/#organization\"},\"potentialAction\":[{\"@type\":\"SearchAction\",\"target\":{\"@type\":\"EntryPoint\",\"urlTemplate\":\"https:\\\/\\\/www.organisator.ch\\\/?s={search_term_string}\"},\"query-input\":{\"@type\":\"PropertyValueSpecification\",\"valueRequired\":true,\"valueName\":\"search_term_string\"}}],\"inLanguage\":\"it-IT\"},{\"@type\":\"Organization\",\"@id\":\"https:\\\/\\\/www.organisator.ch\\\/#organization\",\"name\":\"Organisator\",\"url\":\"https:\\\/\\\/www.organisator.ch\\\/\",\"logo\":{\"@type\":\"ImageObject\",\"inLanguage\":\"it-IT\",\"@id\":\"https:\\\/\\\/www.organisator.ch\\\/#\\\/schema\\\/logo\\\/image\\\/\",\"url\":\"https:\\\/\\\/www.organisator.ch\\\/wp-content\\\/uploads\\\/2022\\\/01\\\/Logo_Organisator_Website.png\",\"contentUrl\":\"https:\\\/\\\/www.organisator.ch\\\/wp-content\\\/uploads\\\/2022\\\/01\\\/Logo_Organisator_Website.png\",\"width\":800,\"height\":77,\"caption\":\"Organisator\"},\"image\":{\"@id\":\"https:\\\/\\\/www.organisator.ch\\\/#\\\/schema\\\/logo\\\/image\\\/\"},\"sameAs\":[\"https:\\\/\\\/www.facebook.com\\\/OrganisatorFachmagazin\",\"https:\\\/\\\/www.linkedin.com\\\/showcase\\\/organisator-das-magazin-fr-kmu\",\"https:\\\/\\\/www.xing.com\\\/news\\\/pages\\\/organisator-ch-695\",\"https:\\\/\\\/www.youtube.com\\\/channel\\\/UCGP2Sq0iWaZwT3BdIAQFYpw\"]},{\"@type\":\"Person\",\"@id\":\"https:\\\/\\\/www.organisator.ch\\\/#\\\/schema\\\/person\\\/6f650f90b2842cd4c0cc334b4e36f67e\",\"name\":\"thomas.berner\",\"image\":{\"@type\":\"ImageObject\",\"inLanguage\":\"it-IT\",\"@id\":\"https:\\\/\\\/secure.gravatar.com\\\/avatar\\\/ac5001d2a36cb6c6cd3e50789007ffca834b477b74a2144564522e944eabff61?s=96&d=mm&r=g\",\"url\":\"https:\\\/\\\/secure.gravatar.com\\\/avatar\\\/ac5001d2a36cb6c6cd3e50789007ffca834b477b74a2144564522e944eabff61?s=96&d=mm&r=g\",\"contentUrl\":\"https:\\\/\\\/secure.gravatar.com\\\/avatar\\\/ac5001d2a36cb6c6cd3e50789007ffca834b477b74a2144564522e944eabff61?s=96&d=mm&r=g\",\"caption\":\"thomas.berner\"},\"url\":\"https:\\\/\\\/www.organisator.ch\\\/it\\\/author\\\/thomas-berner\\\/\"}]}<\/script>\n<!-- \/ Yoast SEO plugin. -->","yoast_head_json":{"title":"Sostenere la successione aziendale nelle aree montane - Organizzatore","description":"Successione aziendale nelle regioni montane: Business Transaction AG sostiene un caseificio alpino insieme all'Aiuto svizzero alla montagna.","robots":{"index":"index","follow":"follow","max-snippet":"max-snippet:-1","max-image-preview":"max-image-preview:large","max-video-preview":"max-video-preview:-1"},"canonical":"https:\/\/www.organisator.ch\/it\/gestione-2\/2022-10-26\/firmennachfolge-in-berggebieten-unterstuetzen\/","og_locale":"it_IT","og_type":"article","og_title":"Firmennachfolge in Berggebieten unterst\u00fctzen","og_description":"Firmennachfolge in Berggebieten: Die Business Transaction AG unterst\u00fctzt zusammen mit der Schweizer Berghilfe eine Alpk\u00e4serei.","og_url":"https:\/\/www.organisator.ch\/it\/gestione-2\/2022-10-26\/firmennachfolge-in-berggebieten-unterstuetzen\/","og_site_name":"Organisator","article_publisher":"https:\/\/www.facebook.com\/OrganisatorFachmagazin","article_published_time":"2022-10-26T00:04:32+00:00","og_image":[{"width":1200,"height":675,"url":"https:\/\/www.organisator.ch\/wp-content\/uploads\/2022\/10\/9816549.jpg","type":"image\/jpeg"}],"author":"thomas.berner","twitter_card":"summary_large_image","twitter_title":"Firmennachfolge in Berggebieten unterst\u00fctzen","twitter_description":"Firmennachfolge in Berggebieten: Die Business Transaction AG unterst\u00fctzt zusammen mit der Schweizer Berghilfe eine Alpk\u00e4serei.","twitter_image":"https:\/\/www.organisator.ch\/wp-content\/uploads\/2022\/10\/9816549.jpg","schema":{"@context":"https:\/\/schema.org","@graph":[{"@type":"Article","@id":"https:\/\/www.organisator.ch\/management\/2022-10-26\/firmennachfolge-in-berggebieten-unterstuetzen\/#article","isPartOf":{"@id":"https:\/\/www.organisator.ch\/management\/2022-10-26\/firmennachfolge-in-berggebieten-unterstuetzen\/"},"author":{"name":"thomas.berner","@id":"https:\/\/www.organisator.ch\/#\/schema\/person\/6f650f90b2842cd4c0cc334b4e36f67e"},"headline":"Firmennachfolge in Berggebieten unterst\u00fctzen","datePublished":"2022-10-26T00:04:32+00:00","mainEntityOfPage":{"@id":"https:\/\/www.organisator.ch\/management\/2022-10-26\/firmennachfolge-in-berggebieten-unterstuetzen\/"},"wordCount":356,"publisher":{"@id":"https:\/\/www.organisator.ch\/#organization"},"image":{"@id":"https:\/\/www.organisator.ch\/management\/2022-10-26\/firmennachfolge-in-berggebieten-unterstuetzen\/#primaryimage"},"thumbnailUrl":"https:\/\/www.organisator.ch\/wp-content\/uploads\/2022\/10\/9816549.jpg","keywords":["Berghilfe","Firmennachfolge","Management und Unternehmensf\u00fchrung"],"articleSection":["MANAGEMENT"],"inLanguage":"it-IT"},{"@type":"WebPage","@id":"https:\/\/www.organisator.ch\/management\/2022-10-26\/firmennachfolge-in-berggebieten-unterstuetzen\/","url":"https:\/\/www.organisator.ch\/management\/2022-10-26\/firmennachfolge-in-berggebieten-unterstuetzen\/","name":"Sostenere la successione aziendale nelle aree montane - Organizzatore","isPartOf":{"@id":"https:\/\/www.organisator.ch\/#website"},"primaryImageOfPage":{"@id":"https:\/\/www.organisator.ch\/management\/2022-10-26\/firmennachfolge-in-berggebieten-unterstuetzen\/#primaryimage"},"image":{"@id":"https:\/\/www.organisator.ch\/management\/2022-10-26\/firmennachfolge-in-berggebieten-unterstuetzen\/#primaryimage"},"thumbnailUrl":"https:\/\/www.organisator.ch\/wp-content\/uploads\/2022\/10\/9816549.jpg","datePublished":"2022-10-26T00:04:32+00:00","description":"Successione aziendale nelle regioni montane: Business Transaction AG sostiene un caseificio alpino insieme all'Aiuto svizzero alla montagna.","breadcrumb":{"@id":"https:\/\/www.organisator.ch\/management\/2022-10-26\/firmennachfolge-in-berggebieten-unterstuetzen\/#breadcrumb"},"inLanguage":"it-IT","potentialAction":[{"@type":"ReadAction","target":["https:\/\/www.organisator.ch\/management\/2022-10-26\/firmennachfolge-in-berggebieten-unterstuetzen\/"]}]},{"@type":"ImageObject","inLanguage":"it-IT","@id":"https:\/\/www.organisator.ch\/management\/2022-10-26\/firmennachfolge-in-berggebieten-unterstuetzen\/#primaryimage","url":"https:\/\/www.organisator.ch\/wp-content\/uploads\/2022\/10\/9816549.jpg","contentUrl":"https:\/\/www.organisator.ch\/wp-content\/uploads\/2022\/10\/9816549.jpg","width":1200,"height":675,"caption":"In dieser idyllischen Berglandschaft liegt der F\u00e4nglihof. (Bild: www.faenglihof.ch)"},{"@type":"BreadcrumbList","@id":"https:\/\/www.organisator.ch\/management\/2022-10-26\/firmennachfolge-in-berggebieten-unterstuetzen\/#breadcrumb","itemListElement":[{"@type":"ListItem","position":1,"name":"Home","item":"https:\/\/www.organisator.ch\/"},{"@type":"ListItem","position":2,"name":"Firmennachfolge in Berggebieten unterst\u00fctzen"}]},{"@type":"WebSite","@id":"https:\/\/www.organisator.ch\/#website","url":"https:\/\/www.organisator.ch\/","name":"Organizzatore","description":"Competente. Pratico. In 10 numeri all'anno, ORGANISATOR presenta i temi essenziali per i manager delle PMI.","publisher":{"@id":"https:\/\/www.organisator.ch\/#organization"},"potentialAction":[{"@type":"SearchAction","target":{"@type":"EntryPoint","urlTemplate":"https:\/\/www.organisator.ch\/?s={search_term_string}"},"query-input":{"@type":"PropertyValueSpecification","valueRequired":true,"valueName":"search_term_string"}}],"inLanguage":"it-IT"},{"@type":"Organization","@id":"https:\/\/www.organisator.ch\/#organization","name":"Organizzatore","url":"https:\/\/www.organisator.ch\/","logo":{"@type":"ImageObject","inLanguage":"it-IT","@id":"https:\/\/www.organisator.ch\/#\/schema\/logo\/image\/","url":"https:\/\/www.organisator.ch\/wp-content\/uploads\/2022\/01\/Logo_Organisator_Website.png","contentUrl":"https:\/\/www.organisator.ch\/wp-content\/uploads\/2022\/01\/Logo_Organisator_Website.png","width":800,"height":77,"caption":"Organisator"},"image":{"@id":"https:\/\/www.organisator.ch\/#\/schema\/logo\/image\/"},"sameAs":["https:\/\/www.facebook.com\/OrganisatorFachmagazin","https:\/\/www.linkedin.com\/showcase\/organisator-das-magazin-fr-kmu","https:\/\/www.xing.com\/news\/pages\/organisator-ch-695","https:\/\/www.youtube.com\/channel\/UCGP2Sq0iWaZwT3BdIAQFYpw"]},{"@type":"Person","@id":"https:\/\/www.organisator.ch\/#\/schema\/person\/6f650f90b2842cd4c0cc334b4e36f67e","name":"Tommaso.berner","image":{"@type":"ImageObject","inLanguage":"it-IT","@id":"https:\/\/secure.gravatar.com\/avatar\/ac5001d2a36cb6c6cd3e50789007ffca834b477b74a2144564522e944eabff61?s=96&d=mm&r=g","url":"https:\/\/secure.gravatar.com\/avatar\/ac5001d2a36cb6c6cd3e50789007ffca834b477b74a2144564522e944eabff61?s=96&d=mm&r=g","contentUrl":"https:\/\/secure.gravatar.com\/avatar\/ac5001d2a36cb6c6cd3e50789007ffca834b477b74a2144564522e944eabff61?s=96&d=mm&r=g","caption":"thomas.berner"},"url":"https:\/\/www.organisator.ch\/it\/author\/thomas-berner\/"}]}},"_links":{"self":[{"href":"https:\/\/www.organisator.ch\/it\/wp-json\/wp\/v2\/posts\/17519","targetHints":{"allow":["GET"]}}],"collection":[{"href":"https:\/\/www.organisator.ch\/it\/wp-json\/wp\/v2\/posts"}],"about":[{"href":"https:\/\/www.organisator.ch\/it\/wp-json\/wp\/v2\/types\/post"}],"author":[{"embeddable":true,"href":"https:\/\/www.organisator.ch\/it\/wp-json\/wp\/v2\/users\/4"}],"replies":[{"embeddable":true,"href":"https:\/\/www.organisator.ch\/it\/wp-json\/wp\/v2\/comments?post=17519"}],"version-history":[{"count":1,"href":"https:\/\/www.organisator.ch\/it\/wp-json\/wp\/v2\/posts\/17519\/revisions"}],"predecessor-version":[{"id":17521,"href":"https:\/\/www.organisator.ch\/it\/wp-json\/wp\/v2\/posts\/17519\/revisions\/17521"}],"wp:featuredmedia":[{"embeddable":true,"href":"https:\/\/www.organisator.ch\/it\/wp-json\/wp\/v2\/media\/17520"}],"wp:attachment":[{"href":"https:\/\/www.organisator.ch\/it\/wp-json\/wp\/v2\/media?parent=17519"}],"wp:term":[{"taxonomy":"category","embeddable":true,"href":"https:\/\/www.organisator.ch\/it\/wp-json\/wp\/v2\/categories?post=17519"},{"taxonomy":"post_tag","embeddable":true,"href":"https:\/\/www.organisator.ch\/it\/wp-json\/wp\/v2\/tags?post=17519"}],"curies":[{"name":"wp","href":"https:\/\/api.w.org\/{rel}","templated":true}]}}