{"id":1757,"date":"2018-06-26T11:54:10","date_gmt":"2018-06-26T09:54:10","guid":{"rendered":"https:\/\/www.umweltperspektiven.ch\/?p=1757"},"modified":"2022-02-09T11:10:09","modified_gmt":"2022-02-09T10:10:09","slug":"un-nachhaltigkeitsagenda-agenda-2030-ziele-partnerschaftlich-umsetzen","status":"publish","type":"post","link":"https:\/\/www.organisator.ch\/it\/sustainability\/2018-06-26\/un-nachhaltigkeitsagenda-agenda-2030-ziele-partnerschaftlich-umsetzen\/","title":{"rendered":"Agenda 2030 delle Nazioni Unite per lo sviluppo sostenibile: attuare gli obiettivi in partenariato"},"content":{"rendered":"<div class=\"container--small\">\n<figure id=\"attachment_1758\" aria-describedby=\"caption-attachment-1758\" style=\"width: 462px\" class=\"wp-caption alignnone\"><img loading=\"lazy\" decoding=\"async\" class=\"size-full wp-image-1758\" src=\"\/\/www.umweltperspektiven.ch\/wp-content\/uploads\/2018\/06\/Agenda-2030-UN-Ziele-partnerschaftlich-umsetzen-up-umweltperspektiven.jpg\" alt=\"\" width=\"462\" height=\"286\" \/><figcaption id=\"caption-attachment-1758\" class=\"wp-caption-text\">economiesuisse \u00e8 convinta che un ancoraggio istituzionale degli obiettivi di sviluppo sostenibile (SDGs) sia importante anche nella politica svizzera.<\/figcaption><\/figure>\n<p class=\"article__title hyphenate Hyphenator440css3hyphenate\">L'Agenda per lo sviluppo sostenibile delle Nazioni Unite (Agenda 2030) \u00e8 riuscita a delineare un quadro comune per tutti gli attori per lavorare insieme in partenariato. Il rapporto sul paese pubblicato dal Consiglio federale chiarisce che la Svizzera \u00e8 sulla buona strada in questo senso. In molti settori, le imprese e lo Stato o le imprese e la societ\u00e0 civile stanno gi\u00e0 cooperando con successo e hanno cos\u00ec stabilito soluzioni con carattere di modello; tra queste il sistema educativo duale, il partenariato sociale o il sistema pensionistico finanziato in modo relativamente stabile.<\/p>\n<\/div>\n<div class=\"container--small\">\n<div class=\"field field--name-body field--type-text-with-summary field--label-hidden field--item\">\n<p>La Svizzera non si sottrae al confronto internazionale e occupa le prime posizioni in settori importanti come la protezione dell'ambiente, la coesione sociale, la qualit\u00e0 della vita e l'attivit\u00e0 economica sostenibile.<\/p>\n<h2>Ancorare gli SDGs nella politica globale<\/h2>\n<p>economieuisse \u00e8 convinta che gli obiettivi di sviluppo sostenibile (SDGs) debbano essere ancorati istituzionalmente nella politica svizzera. Nel contesto dell'ottavo obiettivo SDG (SDG 8), che mira al lavoro dignitoso e alla crescita economica, diventa particolarmente visibile che il business e la sostenibilit\u00e0 non sono opposti. Dopo tutto, gli obiettivi di sviluppo sostenibile delle Nazioni Unite sono nell'interesse dell'economia: dove la povert\u00e0 diminuisce e la certezza del diritto cresce, i mercati crescono.<\/p>\n<p>Questo porta alla prosperit\u00e0, alla pace attraverso il commercio e gli investimenti. Attraverso il suo impegno con istituzioni internazionali come l'OMC, l'OCSE, la Banca mondiale e il FMI, la Svizzera contribuisce a livello internazionale all'SDG 8, ad esempio lavorando per migliorare l'accesso al mercato dei Paesi in via di sviluppo. L'economia svizzera \u00e8 anche fortemente contraria agli sforzi protezionistici.<\/p>\n<h2>Le aziende assumono una responsabilit\u00e0 congiunta<\/h2>\n<p>Il numero di aziende svizzere che integrano gli SDGs nella loro strategia e quindi nel loro core business \u00e8 in costante aumento. Tuttavia, c'\u00e8 ancora bisogno di aumentare la consapevolezza dell'Agenda 2030 in ampie cerchie della comunit\u00e0 imprenditoriale, di evidenziare le diverse opportunit\u00e0 commerciali e di promuovere un reporting efficace su ci\u00f2 che le aziende hanno realizzato. economiesuisse sostiene attivamente questo lavoro di sensibilizzazione e di implementazione.<\/p>\n<h2>Intensificare la cooperazione<\/h2>\n<p>In definitiva, secondo economiesuisse, \u00e8 importante notare che c'\u00e8 una linea molto sottile tra l'eccesso di regolamentazione e gli sforzi per rafforzare l'economia nella sua propria responsabilit\u00e0. Entrambi i partner hanno un dovere qui: lo Stato in quanto concede alle aziende la massima libert\u00e0 di attuazione, e le aziende in quanto si assumono la loro responsabilit\u00e0. Quello che serve sono le strategie e l'implementazione, non le controversie legali. Perch\u00e9 senza la partecipazione del settore privato e senza soluzioni imprenditoriali, le sfide globali non possono essere superate.<\/p>\n<p><em>Potete trovare altre riflessioni su questo argomento sotto questo <a href=\"\/\/www.economiesuisse.ch\/de\/artikel\/agenda-2030-un-ziele-partnerschaftlich-umsetzen?utm_source=economiesuisse+sign+up+Newsletter+2018&amp;utm_campaign=d14452c573-29052017_Newsletter_DE_COPY_01&amp;utm_medium=email&amp;utm_term=0_90b8869e8e-d14452c573-94363333\">Link<\/a> da economiesuisse<\/em><\/p>\n<\/div>\n<\/div>","protected":false},"excerpt":{"rendered":"<p>Mit der UN-Nachhaltigkeitsagenda (Agenda 2030) ist es gelungen, einen gemeinsamen Rahmen f\u00fcr eine partnerschaftliche Zusammenarbeit aller Akteure zu skizzieren. Der vom Bundesrat ver\u00f6ffentlichte L\u00e4nderbericht verdeutlicht, dass die Schweiz diesbez\u00fcglich auf gutem Weg ist. In vielen Bereichen kooperieren Unternehmen und Staat oder Unternehmen und Zivilgesellschaft bereits erfolgreich und haben so L\u00f6sungen mit Modellcharakter etabliert; darunter das [&hellip;]<\/p>\n","protected":false},"author":5,"featured_media":9557,"comment_status":"open","ping_status":"open","sticky":false,"template":"","format":"standard","meta":{"_acf_changed":false,"_yoast_wpseo_focuskw":"Agenda 2030","_yoast_wpseo_metadesc":"Eine Analyse zeigt, dass die Schweiz die Agenda 2030 \u2013 die konstruktive Zusammenarbeit zwischen Unternehmen, Staat und Zivilgesellschaft \u2013 erfolgreich lebt.","articlekey":"","footnotes":""},"categories":[580],"tags":[679,358,2401],"class_list":["post-1757","post","type-post","status-publish","format-standard","has-post-thumbnail","hentry","category-sustainability","tag-agenda-2030","tag-nachhaltige-wirtschaft","tag-un-ziele"],"acf":[],"yoast_head":"<!-- This site is optimized with the Yoast SEO plugin v27.5 - https:\/\/yoast.com\/product\/yoast-seo-wordpress\/ -->\n<title>UN-Nachhaltigkeitsagenda Agenda 2030: Ziele partnerschaftlich umsetzen - Organisator<\/title>\n<meta name=\"description\" content=\"Eine Analyse zeigt, dass die Schweiz die Agenda 2030 \u2013 die konstruktive Zusammenarbeit zwischen Unternehmen, Staat und Zivilgesellschaft \u2013 erfolgreich lebt.\" \/>\n<meta name=\"robots\" content=\"index, follow, max-snippet:-1, max-image-preview:large, max-video-preview:-1\" \/>\n<link rel=\"canonical\" href=\"https:\/\/www.organisator.ch\/it\/sostenibilita\/2018-06-26\/un-nachhaltigkeitsagenda-agenda-2030-ziele-partnerschaftlich-umsetzen\/\" \/>\n<meta property=\"og:locale\" content=\"it_IT\" \/>\n<meta property=\"og:type\" content=\"article\" \/>\n<meta property=\"og:title\" content=\"UN-Nachhaltigkeitsagenda Agenda 2030: Ziele partnerschaftlich umsetzen - Organisator\" \/>\n<meta property=\"og:description\" content=\"Eine Analyse zeigt, dass die Schweiz die Agenda 2030 \u2013 die konstruktive Zusammenarbeit zwischen Unternehmen, Staat und Zivilgesellschaft \u2013 erfolgreich lebt.\" \/>\n<meta property=\"og:url\" content=\"https:\/\/www.organisator.ch\/it\/sostenibilita\/2018-06-26\/un-nachhaltigkeitsagenda-agenda-2030-ziele-partnerschaftlich-umsetzen\/\" \/>\n<meta property=\"og:site_name\" content=\"Organisator\" \/>\n<meta property=\"article:publisher\" content=\"https:\/\/www.facebook.com\/OrganisatorFachmagazin\" \/>\n<meta property=\"article:published_time\" content=\"2018-06-26T09:54:10+00:00\" \/>\n<meta property=\"article:modified_time\" content=\"2022-02-09T10:10:09+00:00\" \/>\n<meta property=\"og:image\" content=\"https:\/\/www.organisator.ch\/wp-content\/uploads\/2018\/06\/Agenda-2030-UN-Ziele-partnerschaftlich-umsetzen-up-umweltperspektiven.jpg\" \/>\n\t<meta property=\"og:image:width\" content=\"462\" \/>\n\t<meta property=\"og:image:height\" content=\"286\" \/>\n\t<meta property=\"og:image:type\" content=\"image\/jpeg\" \/>\n<meta name=\"author\" content=\"michael.merz\" \/>\n<meta name=\"twitter:card\" content=\"summary_large_image\" \/>\n<script type=\"application\/ld+json\" class=\"yoast-schema-graph\">{\"@context\":\"https:\\\/\\\/schema.org\",\"@graph\":[{\"@type\":\"Article\",\"@id\":\"https:\\\/\\\/www.organisator.ch\\\/sustainability\\\/2018-06-26\\\/un-nachhaltigkeitsagenda-agenda-2030-ziele-partnerschaftlich-umsetzen\\\/#article\",\"isPartOf\":{\"@id\":\"https:\\\/\\\/www.organisator.ch\\\/sustainability\\\/2018-06-26\\\/un-nachhaltigkeitsagenda-agenda-2030-ziele-partnerschaftlich-umsetzen\\\/\"},\"author\":{\"name\":\"michael.merz\",\"@id\":\"https:\\\/\\\/www.organisator.ch\\\/#\\\/schema\\\/person\\\/134708ca9321c57b0362cceb7948ffbd\"},\"headline\":\"UN-Nachhaltigkeitsagenda Agenda 2030: Ziele partnerschaftlich umsetzen\",\"datePublished\":\"2018-06-26T09:54:10+00:00\",\"dateModified\":\"2022-02-09T10:10:09+00:00\",\"mainEntityOfPage\":{\"@id\":\"https:\\\/\\\/www.organisator.ch\\\/sustainability\\\/2018-06-26\\\/un-nachhaltigkeitsagenda-agenda-2030-ziele-partnerschaftlich-umsetzen\\\/\"},\"wordCount\":417,\"commentCount\":0,\"publisher\":{\"@id\":\"https:\\\/\\\/www.organisator.ch\\\/#organization\"},\"image\":{\"@id\":\"https:\\\/\\\/www.organisator.ch\\\/sustainability\\\/2018-06-26\\\/un-nachhaltigkeitsagenda-agenda-2030-ziele-partnerschaftlich-umsetzen\\\/#primaryimage\"},\"thumbnailUrl\":\"https:\\\/\\\/www.organisator.ch\\\/wp-content\\\/uploads\\\/2018\\\/06\\\/Agenda-2030-UN-Ziele-partnerschaftlich-umsetzen-up-umweltperspektiven.jpg\",\"keywords\":[\"Agenda 2030\",\"Nachhaltige Wirtschaft\",\"UN-Ziele\"],\"articleSection\":[\"SUSTAINABILITY\"],\"inLanguage\":\"it-IT\"},{\"@type\":\"WebPage\",\"@id\":\"https:\\\/\\\/www.organisator.ch\\\/sustainability\\\/2018-06-26\\\/un-nachhaltigkeitsagenda-agenda-2030-ziele-partnerschaftlich-umsetzen\\\/\",\"url\":\"https:\\\/\\\/www.organisator.ch\\\/sustainability\\\/2018-06-26\\\/un-nachhaltigkeitsagenda-agenda-2030-ziele-partnerschaftlich-umsetzen\\\/\",\"name\":\"UN-Nachhaltigkeitsagenda Agenda 2030: Ziele partnerschaftlich umsetzen - Organisator\",\"isPartOf\":{\"@id\":\"https:\\\/\\\/www.organisator.ch\\\/#website\"},\"primaryImageOfPage\":{\"@id\":\"https:\\\/\\\/www.organisator.ch\\\/sustainability\\\/2018-06-26\\\/un-nachhaltigkeitsagenda-agenda-2030-ziele-partnerschaftlich-umsetzen\\\/#primaryimage\"},\"image\":{\"@id\":\"https:\\\/\\\/www.organisator.ch\\\/sustainability\\\/2018-06-26\\\/un-nachhaltigkeitsagenda-agenda-2030-ziele-partnerschaftlich-umsetzen\\\/#primaryimage\"},\"thumbnailUrl\":\"https:\\\/\\\/www.organisator.ch\\\/wp-content\\\/uploads\\\/2018\\\/06\\\/Agenda-2030-UN-Ziele-partnerschaftlich-umsetzen-up-umweltperspektiven.jpg\",\"datePublished\":\"2018-06-26T09:54:10+00:00\",\"dateModified\":\"2022-02-09T10:10:09+00:00\",\"description\":\"Eine Analyse zeigt, dass die Schweiz die Agenda 2030 \u2013 die konstruktive Zusammenarbeit zwischen Unternehmen, Staat und Zivilgesellschaft \u2013 erfolgreich lebt.\",\"breadcrumb\":{\"@id\":\"https:\\\/\\\/www.organisator.ch\\\/sustainability\\\/2018-06-26\\\/un-nachhaltigkeitsagenda-agenda-2030-ziele-partnerschaftlich-umsetzen\\\/#breadcrumb\"},\"inLanguage\":\"it-IT\",\"potentialAction\":[{\"@type\":\"ReadAction\",\"target\":[\"https:\\\/\\\/www.organisator.ch\\\/sustainability\\\/2018-06-26\\\/un-nachhaltigkeitsagenda-agenda-2030-ziele-partnerschaftlich-umsetzen\\\/\"]}]},{\"@type\":\"ImageObject\",\"inLanguage\":\"it-IT\",\"@id\":\"https:\\\/\\\/www.organisator.ch\\\/sustainability\\\/2018-06-26\\\/un-nachhaltigkeitsagenda-agenda-2030-ziele-partnerschaftlich-umsetzen\\\/#primaryimage\",\"url\":\"https:\\\/\\\/www.organisator.ch\\\/wp-content\\\/uploads\\\/2018\\\/06\\\/Agenda-2030-UN-Ziele-partnerschaftlich-umsetzen-up-umweltperspektiven.jpg\",\"contentUrl\":\"https:\\\/\\\/www.organisator.ch\\\/wp-content\\\/uploads\\\/2018\\\/06\\\/Agenda-2030-UN-Ziele-partnerschaftlich-umsetzen-up-umweltperspektiven.jpg\",\"width\":462,\"height\":286,\"caption\":\"economiesuisse ist \u00fcberzeugt: eine institutionelle Verankerung der Sustainable Development Goals (SDGs) ist auch wichtig in der Schweizer Politik.\"},{\"@type\":\"BreadcrumbList\",\"@id\":\"https:\\\/\\\/www.organisator.ch\\\/sustainability\\\/2018-06-26\\\/un-nachhaltigkeitsagenda-agenda-2030-ziele-partnerschaftlich-umsetzen\\\/#breadcrumb\",\"itemListElement\":[{\"@type\":\"ListItem\",\"position\":1,\"name\":\"Home\",\"item\":\"https:\\\/\\\/www.organisator.ch\\\/\"},{\"@type\":\"ListItem\",\"position\":2,\"name\":\"UN-Nachhaltigkeitsagenda Agenda 2030: Ziele partnerschaftlich umsetzen\"}]},{\"@type\":\"WebSite\",\"@id\":\"https:\\\/\\\/www.organisator.ch\\\/#website\",\"url\":\"https:\\\/\\\/www.organisator.ch\\\/\",\"name\":\"Organisator\",\"description\":\"Kompetent. Praxisnah. Der ORGANISATOR bereitet in 10 Ausgaben pro Jahr die wesentlichen Themen f\u00fcr F\u00fchrungskr\u00e4fte von KMU auf.\",\"publisher\":{\"@id\":\"https:\\\/\\\/www.organisator.ch\\\/#organization\"},\"potentialAction\":[{\"@type\":\"SearchAction\",\"target\":{\"@type\":\"EntryPoint\",\"urlTemplate\":\"https:\\\/\\\/www.organisator.ch\\\/?s={search_term_string}\"},\"query-input\":{\"@type\":\"PropertyValueSpecification\",\"valueRequired\":true,\"valueName\":\"search_term_string\"}}],\"inLanguage\":\"it-IT\"},{\"@type\":\"Organization\",\"@id\":\"https:\\\/\\\/www.organisator.ch\\\/#organization\",\"name\":\"Organisator\",\"url\":\"https:\\\/\\\/www.organisator.ch\\\/\",\"logo\":{\"@type\":\"ImageObject\",\"inLanguage\":\"it-IT\",\"@id\":\"https:\\\/\\\/www.organisator.ch\\\/#\\\/schema\\\/logo\\\/image\\\/\",\"url\":\"https:\\\/\\\/www.organisator.ch\\\/wp-content\\\/uploads\\\/2022\\\/01\\\/Logo_Organisator_Website.png\",\"contentUrl\":\"https:\\\/\\\/www.organisator.ch\\\/wp-content\\\/uploads\\\/2022\\\/01\\\/Logo_Organisator_Website.png\",\"width\":800,\"height\":77,\"caption\":\"Organisator\"},\"image\":{\"@id\":\"https:\\\/\\\/www.organisator.ch\\\/#\\\/schema\\\/logo\\\/image\\\/\"},\"sameAs\":[\"https:\\\/\\\/www.facebook.com\\\/OrganisatorFachmagazin\",\"https:\\\/\\\/www.linkedin.com\\\/showcase\\\/organisator-das-magazin-fr-kmu\",\"https:\\\/\\\/www.xing.com\\\/news\\\/pages\\\/organisator-ch-695\",\"https:\\\/\\\/www.youtube.com\\\/channel\\\/UCGP2Sq0iWaZwT3BdIAQFYpw\"]},{\"@type\":\"Person\",\"@id\":\"https:\\\/\\\/www.organisator.ch\\\/#\\\/schema\\\/person\\\/134708ca9321c57b0362cceb7948ffbd\",\"name\":\"michael.merz\",\"image\":{\"@type\":\"ImageObject\",\"inLanguage\":\"it-IT\",\"@id\":\"https:\\\/\\\/secure.gravatar.com\\\/avatar\\\/?s=96&d=mm&r=g\",\"url\":\"https:\\\/\\\/secure.gravatar.com\\\/avatar\\\/?s=96&d=mm&r=g\",\"contentUrl\":\"https:\\\/\\\/secure.gravatar.com\\\/avatar\\\/?s=96&d=mm&r=g\",\"caption\":\"michael.merz\"},\"url\":\"https:\\\/\\\/www.organisator.ch\\\/it\\\/author\\\/michael-merz\\\/\"}]}<\/script>\n<!-- \/ Yoast SEO plugin. -->","yoast_head_json":{"title":"Agenda 2030 delle Nazioni Unite per lo sviluppo sostenibile: attuare gli obiettivi in partenariato - Organizzatore","description":"Un'analisi mostra che la Svizzera sta vivendo con successo l'Agenda 2030 - una cooperazione costruttiva tra imprese, Stato e societ\u00e0 civile.","robots":{"index":"index","follow":"follow","max-snippet":"max-snippet:-1","max-image-preview":"max-image-preview:large","max-video-preview":"max-video-preview:-1"},"canonical":"https:\/\/www.organisator.ch\/it\/sostenibilita\/2018-06-26\/un-nachhaltigkeitsagenda-agenda-2030-ziele-partnerschaftlich-umsetzen\/","og_locale":"it_IT","og_type":"article","og_title":"UN-Nachhaltigkeitsagenda Agenda 2030: Ziele partnerschaftlich umsetzen - Organisator","og_description":"Eine Analyse zeigt, dass die Schweiz die Agenda 2030 \u2013 die konstruktive Zusammenarbeit zwischen Unternehmen, Staat und Zivilgesellschaft \u2013 erfolgreich lebt.","og_url":"https:\/\/www.organisator.ch\/it\/sostenibilita\/2018-06-26\/un-nachhaltigkeitsagenda-agenda-2030-ziele-partnerschaftlich-umsetzen\/","og_site_name":"Organisator","article_publisher":"https:\/\/www.facebook.com\/OrganisatorFachmagazin","article_published_time":"2018-06-26T09:54:10+00:00","article_modified_time":"2022-02-09T10:10:09+00:00","og_image":[{"width":462,"height":286,"url":"https:\/\/www.organisator.ch\/wp-content\/uploads\/2018\/06\/Agenda-2030-UN-Ziele-partnerschaftlich-umsetzen-up-umweltperspektiven.jpg","type":"image\/jpeg"}],"author":"michael.merz","twitter_card":"summary_large_image","schema":{"@context":"https:\/\/schema.org","@graph":[{"@type":"Article","@id":"https:\/\/www.organisator.ch\/sustainability\/2018-06-26\/un-nachhaltigkeitsagenda-agenda-2030-ziele-partnerschaftlich-umsetzen\/#article","isPartOf":{"@id":"https:\/\/www.organisator.ch\/sustainability\/2018-06-26\/un-nachhaltigkeitsagenda-agenda-2030-ziele-partnerschaftlich-umsetzen\/"},"author":{"name":"michael.merz","@id":"https:\/\/www.organisator.ch\/#\/schema\/person\/134708ca9321c57b0362cceb7948ffbd"},"headline":"UN-Nachhaltigkeitsagenda Agenda 2030: Ziele partnerschaftlich umsetzen","datePublished":"2018-06-26T09:54:10+00:00","dateModified":"2022-02-09T10:10:09+00:00","mainEntityOfPage":{"@id":"https:\/\/www.organisator.ch\/sustainability\/2018-06-26\/un-nachhaltigkeitsagenda-agenda-2030-ziele-partnerschaftlich-umsetzen\/"},"wordCount":417,"commentCount":0,"publisher":{"@id":"https:\/\/www.organisator.ch\/#organization"},"image":{"@id":"https:\/\/www.organisator.ch\/sustainability\/2018-06-26\/un-nachhaltigkeitsagenda-agenda-2030-ziele-partnerschaftlich-umsetzen\/#primaryimage"},"thumbnailUrl":"https:\/\/www.organisator.ch\/wp-content\/uploads\/2018\/06\/Agenda-2030-UN-Ziele-partnerschaftlich-umsetzen-up-umweltperspektiven.jpg","keywords":["Agenda 2030","Nachhaltige Wirtschaft","UN-Ziele"],"articleSection":["SUSTAINABILITY"],"inLanguage":"it-IT"},{"@type":"WebPage","@id":"https:\/\/www.organisator.ch\/sustainability\/2018-06-26\/un-nachhaltigkeitsagenda-agenda-2030-ziele-partnerschaftlich-umsetzen\/","url":"https:\/\/www.organisator.ch\/sustainability\/2018-06-26\/un-nachhaltigkeitsagenda-agenda-2030-ziele-partnerschaftlich-umsetzen\/","name":"Agenda 2030 delle Nazioni Unite per lo sviluppo sostenibile: attuare gli obiettivi in partenariato - Organizzatore","isPartOf":{"@id":"https:\/\/www.organisator.ch\/#website"},"primaryImageOfPage":{"@id":"https:\/\/www.organisator.ch\/sustainability\/2018-06-26\/un-nachhaltigkeitsagenda-agenda-2030-ziele-partnerschaftlich-umsetzen\/#primaryimage"},"image":{"@id":"https:\/\/www.organisator.ch\/sustainability\/2018-06-26\/un-nachhaltigkeitsagenda-agenda-2030-ziele-partnerschaftlich-umsetzen\/#primaryimage"},"thumbnailUrl":"https:\/\/www.organisator.ch\/wp-content\/uploads\/2018\/06\/Agenda-2030-UN-Ziele-partnerschaftlich-umsetzen-up-umweltperspektiven.jpg","datePublished":"2018-06-26T09:54:10+00:00","dateModified":"2022-02-09T10:10:09+00:00","description":"Un'analisi mostra che la Svizzera sta vivendo con successo l'Agenda 2030 - una cooperazione costruttiva tra imprese, Stato e societ\u00e0 civile.","breadcrumb":{"@id":"https:\/\/www.organisator.ch\/sustainability\/2018-06-26\/un-nachhaltigkeitsagenda-agenda-2030-ziele-partnerschaftlich-umsetzen\/#breadcrumb"},"inLanguage":"it-IT","potentialAction":[{"@type":"ReadAction","target":["https:\/\/www.organisator.ch\/sustainability\/2018-06-26\/un-nachhaltigkeitsagenda-agenda-2030-ziele-partnerschaftlich-umsetzen\/"]}]},{"@type":"ImageObject","inLanguage":"it-IT","@id":"https:\/\/www.organisator.ch\/sustainability\/2018-06-26\/un-nachhaltigkeitsagenda-agenda-2030-ziele-partnerschaftlich-umsetzen\/#primaryimage","url":"https:\/\/www.organisator.ch\/wp-content\/uploads\/2018\/06\/Agenda-2030-UN-Ziele-partnerschaftlich-umsetzen-up-umweltperspektiven.jpg","contentUrl":"https:\/\/www.organisator.ch\/wp-content\/uploads\/2018\/06\/Agenda-2030-UN-Ziele-partnerschaftlich-umsetzen-up-umweltperspektiven.jpg","width":462,"height":286,"caption":"economiesuisse ist \u00fcberzeugt: eine institutionelle Verankerung der Sustainable Development Goals (SDGs) ist auch wichtig in der Schweizer Politik."},{"@type":"BreadcrumbList","@id":"https:\/\/www.organisator.ch\/sustainability\/2018-06-26\/un-nachhaltigkeitsagenda-agenda-2030-ziele-partnerschaftlich-umsetzen\/#breadcrumb","itemListElement":[{"@type":"ListItem","position":1,"name":"Home","item":"https:\/\/www.organisator.ch\/"},{"@type":"ListItem","position":2,"name":"UN-Nachhaltigkeitsagenda Agenda 2030: Ziele partnerschaftlich umsetzen"}]},{"@type":"WebSite","@id":"https:\/\/www.organisator.ch\/#website","url":"https:\/\/www.organisator.ch\/","name":"Organizzatore","description":"Competente. Pratico. In 10 numeri all'anno, ORGANISATOR presenta i temi essenziali per i manager delle PMI.","publisher":{"@id":"https:\/\/www.organisator.ch\/#organization"},"potentialAction":[{"@type":"SearchAction","target":{"@type":"EntryPoint","urlTemplate":"https:\/\/www.organisator.ch\/?s={search_term_string}"},"query-input":{"@type":"PropertyValueSpecification","valueRequired":true,"valueName":"search_term_string"}}],"inLanguage":"it-IT"},{"@type":"Organization","@id":"https:\/\/www.organisator.ch\/#organization","name":"Organizzatore","url":"https:\/\/www.organisator.ch\/","logo":{"@type":"ImageObject","inLanguage":"it-IT","@id":"https:\/\/www.organisator.ch\/#\/schema\/logo\/image\/","url":"https:\/\/www.organisator.ch\/wp-content\/uploads\/2022\/01\/Logo_Organisator_Website.png","contentUrl":"https:\/\/www.organisator.ch\/wp-content\/uploads\/2022\/01\/Logo_Organisator_Website.png","width":800,"height":77,"caption":"Organisator"},"image":{"@id":"https:\/\/www.organisator.ch\/#\/schema\/logo\/image\/"},"sameAs":["https:\/\/www.facebook.com\/OrganisatorFachmagazin","https:\/\/www.linkedin.com\/showcase\/organisator-das-magazin-fr-kmu","https:\/\/www.xing.com\/news\/pages\/organisator-ch-695","https:\/\/www.youtube.com\/channel\/UCGP2Sq0iWaZwT3BdIAQFYpw"]},{"@type":"Person","@id":"https:\/\/www.organisator.ch\/#\/schema\/person\/134708ca9321c57b0362cceb7948ffbd","name":"michael.merz","image":{"@type":"ImageObject","inLanguage":"it-IT","@id":"https:\/\/secure.gravatar.com\/avatar\/?s=96&d=mm&r=g","url":"https:\/\/secure.gravatar.com\/avatar\/?s=96&d=mm&r=g","contentUrl":"https:\/\/secure.gravatar.com\/avatar\/?s=96&d=mm&r=g","caption":"michael.merz"},"url":"https:\/\/www.organisator.ch\/it\/author\/michael-merz\/"}]}},"_links":{"self":[{"href":"https:\/\/www.organisator.ch\/it\/wp-json\/wp\/v2\/posts\/1757","targetHints":{"allow":["GET"]}}],"collection":[{"href":"https:\/\/www.organisator.ch\/it\/wp-json\/wp\/v2\/posts"}],"about":[{"href":"https:\/\/www.organisator.ch\/it\/wp-json\/wp\/v2\/types\/post"}],"author":[{"embeddable":true,"href":"https:\/\/www.organisator.ch\/it\/wp-json\/wp\/v2\/users\/5"}],"replies":[{"embeddable":true,"href":"https:\/\/www.organisator.ch\/it\/wp-json\/wp\/v2\/comments?post=1757"}],"version-history":[{"count":1,"href":"https:\/\/www.organisator.ch\/it\/wp-json\/wp\/v2\/posts\/1757\/revisions"}],"predecessor-version":[{"id":10922,"href":"https:\/\/www.organisator.ch\/it\/wp-json\/wp\/v2\/posts\/1757\/revisions\/10922"}],"wp:featuredmedia":[{"embeddable":true,"href":"https:\/\/www.organisator.ch\/it\/wp-json\/wp\/v2\/media\/9557"}],"wp:attachment":[{"href":"https:\/\/www.organisator.ch\/it\/wp-json\/wp\/v2\/media?parent=1757"}],"wp:term":[{"taxonomy":"category","embeddable":true,"href":"https:\/\/www.organisator.ch\/it\/wp-json\/wp\/v2\/categories?post=1757"},{"taxonomy":"post_tag","embeddable":true,"href":"https:\/\/www.organisator.ch\/it\/wp-json\/wp\/v2\/tags?post=1757"}],"curies":[{"name":"wp","href":"https:\/\/api.w.org\/{rel}","templated":true}]}}