{"id":176,"date":"2016-03-09T16:52:59","date_gmt":"2016-03-09T15:52:59","guid":{"rendered":"http:\/\/dev.organisator.ch\/?p=176"},"modified":"2016-03-09T16:52:59","modified_gmt":"2016-03-09T15:52:59","slug":"handel-schweiz-warnt-vor-sonderrolle-der-schweiz","status":"publish","type":"post","link":"https:\/\/www.organisator.ch\/it\/allgemein\/2016-03-09\/handel-schweiz-warnt-vor-sonderrolle-der-schweiz\/","title":{"rendered":"Commercio Svizzera avverte contro il ruolo speciale della Svizzera"},"content":{"rendered":"<figure id=\"attachment_177\" aria-describedby=\"caption-attachment-177\" style=\"width: 640px\" class=\"wp-caption alignnone\"><img loading=\"lazy\" decoding=\"async\" class=\"size-full wp-image-177\" src=\"https:\/\/www.organisator.ch\/wp-content\/uploads\/2016\/12\/Handel-Schweiz-warnt-vor-Sonderrolle-der-Schweiz-organisator.jpg\" alt=\"\" width=\"640\" height=\"427\" srcset=\"https:\/\/www.organisator.ch\/wp-content\/uploads\/2016\/12\/Handel-Schweiz-warnt-vor-Sonderrolle-der-Schweiz-organisator.jpg 640w, https:\/\/www.organisator.ch\/wp-content\/uploads\/2016\/12\/Handel-Schweiz-warnt-vor-Sonderrolle-der-Schweiz-organisator-16x12.jpg 16w, https:\/\/www.organisator.ch\/wp-content\/uploads\/2016\/12\/Handel-Schweiz-warnt-vor-Sonderrolle-der-Schweiz-organisator-262x175.jpg 262w, https:\/\/www.organisator.ch\/wp-content\/uploads\/2016\/12\/Handel-Schweiz-warnt-vor-Sonderrolle-der-Schweiz-organisator-525x350.jpg 525w, https:\/\/www.organisator.ch\/wp-content\/uploads\/2016\/12\/Handel-Schweiz-warnt-vor-Sonderrolle-der-Schweiz-organisator-300x200.jpg 300w\" sizes=\"auto, (max-width: 640px) 100vw, 640px\" \/><figcaption id=\"caption-attachment-177\" class=\"wp-caption-text\">Kaspar Engeli, direttore di Handel Schweiz<\/figcaption><\/figure>\n<p><iframe loading=\"lazy\" title=\"SRF Tagesschau: La Svizzera teme gli svantaggi del TTIP\" width=\"768\" height=\"432\" src=\"https:\/\/www.youtube.com\/embed\/lFyoRzYheWM?feature=oembed\" frameborder=\"0\" allow=\"accelerometer; autoplay; clipboard-write; encrypted-media; gyroscope; picture-in-picture\" allowfullscreen><\/iframe><\/p>\n<p><em>SRF Tagesschau: La Svizzera teme gli svantaggi del TTIP<\/em><\/p>\n<blockquote><p>Il commercio svizzero dovr\u00e0 adottare ci\u00f2 che l'UE e gli USA negoziano tra loro.<\/p><\/blockquote>\n<p>Si prevede un calo delle esportazioni dal 12 al 15%, ha detto Kaspar Engeli, direttore del Commercio Svizzera, in una conferenza stampa a Zurigo il 9 marzo. Questo perch\u00e9 due terzi del commercio estero svizzero si svolge nell'area TTIP.<\/p>\n<p>Secondo gli studi, Trade Switzerland si aspetta un aumento dei prezzi all'importazione e al consumo se la Svizzera dovesse ritirarsi dall'accordo di libero scambio. Questo influenzerebbe direttamente il singolo cittadino. Considerando tutti gli effetti diretti e indiretti insieme, il commercio svizzero prevede il sette per cento di reddito in meno per i singoli cittadini.<\/p>\n<p>Questo equivale all'incirca alla tredicesima mensilit\u00e0, ha detto Engeli.<\/p>\n<p><strong>Piccole aziende agricole interessate<\/strong><\/p>\n<p>Di conseguenza, la Svizzera vede la partecipazione al TTIP come una grande opportunit\u00e0. Anche se l'accordo agricolo vero e proprio \u00e8 ancora formulato in modo vago per quanto riguarda le misure sui fertilizzanti o gli standard alimentari, le aziende agricole potrebbero beneficiarne, ha detto il direttore di Swiss Trade. Oggi (tariffa USA del 40% sui prodotti lattiero-caseari), i prodotti agricoli svizzeri come lo yogurt sono molto costosi negli USA a causa delle alte tariffe d'importazione.<\/p>\n<p>Di conseguenza, verrebbero venduti solo in un segmento premium.<\/p>\n<p>Con un accordo di libero scambio, i prodotti agricoli svizzeri sarebbero accessibili a un pubblico molto pi\u00f9 vasto. Tuttavia, anche le imprese commerciali e agricole pi\u00f9 piccole mostrano preoccupazione per le condizioni di lavoro \"imposte\" a livello internazionale e per il mercato interno della sostenibilit\u00e0.<\/p>\n<p><strong>La tecnologia medica vede vantaggi<\/strong><\/p>\n<p>Gli impianti e le protesi svizzeri sono gi\u00e0 un successo nell'esportazione. Nel 2015, il settore medico ha esportato per 2 miliardi di franchi svizzeri dispositivi di misurazione e tecnologie come gli apparecchi acustici. Anche se i dazi doganali sono gi\u00e0 molto bassi o sono gi\u00e0 stati aboliti per alcuni operatori del settore, un accordo reciproco TTIP potrebbe ancora far risparmiare circa il 2,4 per cento dei dazi doganali. Questo corrisponderebbe a circa 50 milioni di CHF. Inoltre, verrebbero eliminate anche le barriere commerciali non tariffarie nel settore della ricerca e dello sviluppo.<\/p>\n<p>In generale, tuttavia, il commercio svizzero dovr\u00e0 adottare ci\u00f2 che l'UE e gli USA negoziano tra loro. Ora, dice Jean-Marc Probst, presidente di Swiss Trade, \"si tratta di mettersi in forma per poter attuare le norme negoziate\". (mm)<\/p>","protected":false},"excerpt":{"rendered":"<p>SRF Tagesschau: Die Schweiz f\u00fcrchtet Nachteile durch TTIP Der Schweizer Handel werde das \u00fcbernehmen m\u00fcssen, was die EU und die USA untereinander aushandeln. Man gehe von einem Exportr\u00fcckgang von 12 bis 15 Prozent aus, sagte Kaspar Engeli, Direktor von Handel Schweiz, am 9. M\u00e4rz in einem Pressegespr\u00e4ch in Z\u00fcrich. Denn zwei Drittel des Schweizer Aussenhandels [&hellip;]<\/p>\n","protected":false},"author":1,"featured_media":177,"comment_status":"open","ping_status":"open","sticky":false,"template":"","format":"standard","meta":{"_acf_changed":false,"_yoast_wpseo_focuskw":"Handel","_yoast_wpseo_metadesc":"Handel in der Schweiz: Hohe Z\u00f6lle, sinkende Exporte, steigende Preise, Druck auf das Bruttoinlandprodukt.","articlekey":"","footnotes":""},"categories":[1],"tags":[364,374,508],"class_list":["post-176","post","type-post","status-publish","format-standard","has-post-thumbnail","hentry","category-allgemein","tag-normenstandards","tag-parlament","tag-vermischtes"],"acf":[],"yoast_head":"<!-- This site is optimized with the Yoast SEO plugin v27.5 - https:\/\/yoast.com\/product\/yoast-seo-wordpress\/ -->\n<title>Handel Schweiz warnt vor Sonderrolle der Schweiz - Organisator<\/title>\n<meta name=\"description\" content=\"Handel in der Schweiz: Hohe Z\u00f6lle, sinkende Exporte, steigende Preise, Druck auf das Bruttoinlandprodukt.\" \/>\n<meta name=\"robots\" content=\"index, follow, max-snippet:-1, max-image-preview:large, max-video-preview:-1\" \/>\n<link rel=\"canonical\" href=\"https:\/\/www.organisator.ch\/it\/generale\/2016-03-09\/handel-schweiz-warnt-vor-sonderrolle-der-schweiz\/\" \/>\n<meta property=\"og:locale\" content=\"it_IT\" \/>\n<meta property=\"og:type\" content=\"article\" \/>\n<meta property=\"og:title\" content=\"Handel Schweiz warnt vor Sonderrolle der Schweiz\" \/>\n<meta property=\"og:description\" content=\"Hohe Z\u00f6lle, sinkende Exporte, steigende Preise, Druck auf das Bruttoinlandprodukt: Steht die Schweiz beim Freihandelsabkommen zwischen der EU und den USA (TTIP, Transpazifische Partnerschaft) abseits, hat dies gem\u00e4ss dem Branchenverband Handel Schweiz gravierende Folgen.\" \/>\n<meta property=\"og:url\" content=\"https:\/\/www.organisator.ch\/it\/generale\/2016-03-09\/handel-schweiz-warnt-vor-sonderrolle-der-schweiz\/\" \/>\n<meta property=\"og:site_name\" content=\"Organisator\" \/>\n<meta property=\"article:publisher\" content=\"https:\/\/www.facebook.com\/OrganisatorFachmagazin\" \/>\n<meta property=\"article:published_time\" content=\"2016-03-09T15:52:59+00:00\" \/>\n<meta name=\"author\" content=\"admin\" \/>\n<meta name=\"twitter:card\" content=\"summary_large_image\" \/>\n<meta name=\"twitter:image\" content=\"https:\/\/www.organisator.ch\/wp-content\/uploads\/2016\/12\/Handel-Schweiz-warnt-vor-Sonderrolle-der-Schweiz-organisator.jpg\" \/>\n<script type=\"application\/ld+json\" class=\"yoast-schema-graph\">{\"@context\":\"https:\\\/\\\/schema.org\",\"@graph\":[{\"@type\":\"Article\",\"@id\":\"https:\\\/\\\/www.organisator.ch\\\/de\\\/allgemein\\\/2016-03-09\\\/handel-schweiz-warnt-vor-sonderrolle-der-schweiz\\\/#article\",\"isPartOf\":{\"@id\":\"https:\\\/\\\/www.organisator.ch\\\/de\\\/allgemein\\\/2016-03-09\\\/handel-schweiz-warnt-vor-sonderrolle-der-schweiz\\\/\"},\"author\":{\"name\":\"admin\",\"@id\":\"https:\\\/\\\/www.organisator.ch\\\/#\\\/schema\\\/person\\\/aa2bace6c5c5aad60102004a50c4eb1c\"},\"headline\":\"Handel Schweiz warnt vor Sonderrolle der Schweiz\",\"datePublished\":\"2016-03-09T15:52:59+00:00\",\"mainEntityOfPage\":{\"@id\":\"https:\\\/\\\/www.organisator.ch\\\/de\\\/allgemein\\\/2016-03-09\\\/handel-schweiz-warnt-vor-sonderrolle-der-schweiz\\\/\"},\"wordCount\":367,\"commentCount\":0,\"publisher\":{\"@id\":\"https:\\\/\\\/www.organisator.ch\\\/#organization\"},\"image\":{\"@id\":\"https:\\\/\\\/www.organisator.ch\\\/de\\\/allgemein\\\/2016-03-09\\\/handel-schweiz-warnt-vor-sonderrolle-der-schweiz\\\/#primaryimage\"},\"thumbnailUrl\":\"https:\\\/\\\/www.organisator.ch\\\/wp-content\\\/uploads\\\/2016\\\/12\\\/Handel-Schweiz-warnt-vor-Sonderrolle-der-Schweiz-organisator.jpg\",\"keywords\":[\"Normen\\\/Standards\",\"Parlament\",\"Vermischtes\"],\"articleSection\":[\"Allgemein\"],\"inLanguage\":\"it-IT\"},{\"@type\":\"WebPage\",\"@id\":\"https:\\\/\\\/www.organisator.ch\\\/de\\\/allgemein\\\/2016-03-09\\\/handel-schweiz-warnt-vor-sonderrolle-der-schweiz\\\/\",\"url\":\"https:\\\/\\\/www.organisator.ch\\\/de\\\/allgemein\\\/2016-03-09\\\/handel-schweiz-warnt-vor-sonderrolle-der-schweiz\\\/\",\"name\":\"Handel Schweiz warnt vor Sonderrolle der Schweiz - Organisator\",\"isPartOf\":{\"@id\":\"https:\\\/\\\/www.organisator.ch\\\/#website\"},\"primaryImageOfPage\":{\"@id\":\"https:\\\/\\\/www.organisator.ch\\\/de\\\/allgemein\\\/2016-03-09\\\/handel-schweiz-warnt-vor-sonderrolle-der-schweiz\\\/#primaryimage\"},\"image\":{\"@id\":\"https:\\\/\\\/www.organisator.ch\\\/de\\\/allgemein\\\/2016-03-09\\\/handel-schweiz-warnt-vor-sonderrolle-der-schweiz\\\/#primaryimage\"},\"thumbnailUrl\":\"https:\\\/\\\/www.organisator.ch\\\/wp-content\\\/uploads\\\/2016\\\/12\\\/Handel-Schweiz-warnt-vor-Sonderrolle-der-Schweiz-organisator.jpg\",\"datePublished\":\"2016-03-09T15:52:59+00:00\",\"description\":\"Handel in der Schweiz: Hohe Z\u00f6lle, sinkende Exporte, steigende Preise, Druck auf das Bruttoinlandprodukt.\",\"breadcrumb\":{\"@id\":\"https:\\\/\\\/www.organisator.ch\\\/de\\\/allgemein\\\/2016-03-09\\\/handel-schweiz-warnt-vor-sonderrolle-der-schweiz\\\/#breadcrumb\"},\"inLanguage\":\"it-IT\",\"potentialAction\":[{\"@type\":\"ReadAction\",\"target\":[\"https:\\\/\\\/www.organisator.ch\\\/de\\\/allgemein\\\/2016-03-09\\\/handel-schweiz-warnt-vor-sonderrolle-der-schweiz\\\/\"]}]},{\"@type\":\"ImageObject\",\"inLanguage\":\"it-IT\",\"@id\":\"https:\\\/\\\/www.organisator.ch\\\/de\\\/allgemein\\\/2016-03-09\\\/handel-schweiz-warnt-vor-sonderrolle-der-schweiz\\\/#primaryimage\",\"url\":\"https:\\\/\\\/www.organisator.ch\\\/wp-content\\\/uploads\\\/2016\\\/12\\\/Handel-Schweiz-warnt-vor-Sonderrolle-der-Schweiz-organisator.jpg\",\"contentUrl\":\"https:\\\/\\\/www.organisator.ch\\\/wp-content\\\/uploads\\\/2016\\\/12\\\/Handel-Schweiz-warnt-vor-Sonderrolle-der-Schweiz-organisator.jpg\",\"width\":640,\"height\":427,\"caption\":\"Kaspar Engeli, Direktor von Handel Schweiz\"},{\"@type\":\"BreadcrumbList\",\"@id\":\"https:\\\/\\\/www.organisator.ch\\\/de\\\/allgemein\\\/2016-03-09\\\/handel-schweiz-warnt-vor-sonderrolle-der-schweiz\\\/#breadcrumb\",\"itemListElement\":[{\"@type\":\"ListItem\",\"position\":1,\"name\":\"Home\",\"item\":\"https:\\\/\\\/www.organisator.ch\\\/\"},{\"@type\":\"ListItem\",\"position\":2,\"name\":\"Handel Schweiz warnt vor Sonderrolle der Schweiz\"}]},{\"@type\":\"WebSite\",\"@id\":\"https:\\\/\\\/www.organisator.ch\\\/#website\",\"url\":\"https:\\\/\\\/www.organisator.ch\\\/\",\"name\":\"Organisator\",\"description\":\"Kompetent. Praxisnah. Der ORGANISATOR bereitet in 10 Ausgaben pro Jahr die wesentlichen Themen f\u00fcr F\u00fchrungskr\u00e4fte von KMU auf.\",\"publisher\":{\"@id\":\"https:\\\/\\\/www.organisator.ch\\\/#organization\"},\"potentialAction\":[{\"@type\":\"SearchAction\",\"target\":{\"@type\":\"EntryPoint\",\"urlTemplate\":\"https:\\\/\\\/www.organisator.ch\\\/?s={search_term_string}\"},\"query-input\":{\"@type\":\"PropertyValueSpecification\",\"valueRequired\":true,\"valueName\":\"search_term_string\"}}],\"inLanguage\":\"it-IT\"},{\"@type\":\"Organization\",\"@id\":\"https:\\\/\\\/www.organisator.ch\\\/#organization\",\"name\":\"Organisator\",\"url\":\"https:\\\/\\\/www.organisator.ch\\\/\",\"logo\":{\"@type\":\"ImageObject\",\"inLanguage\":\"it-IT\",\"@id\":\"https:\\\/\\\/www.organisator.ch\\\/#\\\/schema\\\/logo\\\/image\\\/\",\"url\":\"https:\\\/\\\/www.organisator.ch\\\/wp-content\\\/uploads\\\/2022\\\/01\\\/Logo_Organisator_Website.png\",\"contentUrl\":\"https:\\\/\\\/www.organisator.ch\\\/wp-content\\\/uploads\\\/2022\\\/01\\\/Logo_Organisator_Website.png\",\"width\":800,\"height\":77,\"caption\":\"Organisator\"},\"image\":{\"@id\":\"https:\\\/\\\/www.organisator.ch\\\/#\\\/schema\\\/logo\\\/image\\\/\"},\"sameAs\":[\"https:\\\/\\\/www.facebook.com\\\/OrganisatorFachmagazin\",\"https:\\\/\\\/www.linkedin.com\\\/showcase\\\/organisator-das-magazin-fr-kmu\",\"https:\\\/\\\/www.xing.com\\\/news\\\/pages\\\/organisator-ch-695\",\"https:\\\/\\\/www.youtube.com\\\/channel\\\/UCGP2Sq0iWaZwT3BdIAQFYpw\"]},{\"@type\":\"Person\",\"@id\":\"https:\\\/\\\/www.organisator.ch\\\/#\\\/schema\\\/person\\\/aa2bace6c5c5aad60102004a50c4eb1c\",\"name\":\"admin\",\"image\":{\"@type\":\"ImageObject\",\"inLanguage\":\"it-IT\",\"@id\":\"https:\\\/\\\/secure.gravatar.com\\\/avatar\\\/ae2f4d718e6c49043e314ce431e7e645d646302a24a5ef5a8bc8e3f5a032e319?s=96&d=mm&r=g\",\"url\":\"https:\\\/\\\/secure.gravatar.com\\\/avatar\\\/ae2f4d718e6c49043e314ce431e7e645d646302a24a5ef5a8bc8e3f5a032e319?s=96&d=mm&r=g\",\"contentUrl\":\"https:\\\/\\\/secure.gravatar.com\\\/avatar\\\/ae2f4d718e6c49043e314ce431e7e645d646302a24a5ef5a8bc8e3f5a032e319?s=96&d=mm&r=g\",\"caption\":\"admin\"},\"sameAs\":[\"https:\\\/\\\/www.organisator.ch\"],\"url\":\"https:\\\/\\\/www.organisator.ch\\\/it\\\/author\\\/admin\\\/\"}]}<\/script>\n<!-- \/ Yoast SEO plugin. -->","yoast_head_json":{"title":"Trade Switzerland mette in guardia dal ruolo speciale della Svizzera - Organizzatore","description":"Commercio in Svizzera: tariffe elevate, calo delle esportazioni, aumento dei prezzi, pressione sul prodotto interno lordo.","robots":{"index":"index","follow":"follow","max-snippet":"max-snippet:-1","max-image-preview":"max-image-preview:large","max-video-preview":"max-video-preview:-1"},"canonical":"https:\/\/www.organisator.ch\/it\/generale\/2016-03-09\/handel-schweiz-warnt-vor-sonderrolle-der-schweiz\/","og_locale":"it_IT","og_type":"article","og_title":"Handel Schweiz warnt vor Sonderrolle der Schweiz","og_description":"Hohe Z\u00f6lle, sinkende Exporte, steigende Preise, Druck auf das Bruttoinlandprodukt: Steht die Schweiz beim Freihandelsabkommen zwischen der EU und den USA (TTIP, Transpazifische Partnerschaft) abseits, hat dies gem\u00e4ss dem Branchenverband Handel Schweiz gravierende Folgen.","og_url":"https:\/\/www.organisator.ch\/it\/generale\/2016-03-09\/handel-schweiz-warnt-vor-sonderrolle-der-schweiz\/","og_site_name":"Organisator","article_publisher":"https:\/\/www.facebook.com\/OrganisatorFachmagazin","article_published_time":"2016-03-09T15:52:59+00:00","author":"admin","twitter_card":"summary_large_image","twitter_image":"https:\/\/www.organisator.ch\/wp-content\/uploads\/2016\/12\/Handel-Schweiz-warnt-vor-Sonderrolle-der-Schweiz-organisator.jpg","schema":{"@context":"https:\/\/schema.org","@graph":[{"@type":"Article","@id":"https:\/\/www.organisator.ch\/de\/allgemein\/2016-03-09\/handel-schweiz-warnt-vor-sonderrolle-der-schweiz\/#article","isPartOf":{"@id":"https:\/\/www.organisator.ch\/de\/allgemein\/2016-03-09\/handel-schweiz-warnt-vor-sonderrolle-der-schweiz\/"},"author":{"name":"admin","@id":"https:\/\/www.organisator.ch\/#\/schema\/person\/aa2bace6c5c5aad60102004a50c4eb1c"},"headline":"Handel Schweiz warnt vor Sonderrolle der Schweiz","datePublished":"2016-03-09T15:52:59+00:00","mainEntityOfPage":{"@id":"https:\/\/www.organisator.ch\/de\/allgemein\/2016-03-09\/handel-schweiz-warnt-vor-sonderrolle-der-schweiz\/"},"wordCount":367,"commentCount":0,"publisher":{"@id":"https:\/\/www.organisator.ch\/#organization"},"image":{"@id":"https:\/\/www.organisator.ch\/de\/allgemein\/2016-03-09\/handel-schweiz-warnt-vor-sonderrolle-der-schweiz\/#primaryimage"},"thumbnailUrl":"https:\/\/www.organisator.ch\/wp-content\/uploads\/2016\/12\/Handel-Schweiz-warnt-vor-Sonderrolle-der-Schweiz-organisator.jpg","keywords":["Normen\/Standards","Parlament","Vermischtes"],"articleSection":["Allgemein"],"inLanguage":"it-IT"},{"@type":"WebPage","@id":"https:\/\/www.organisator.ch\/de\/allgemein\/2016-03-09\/handel-schweiz-warnt-vor-sonderrolle-der-schweiz\/","url":"https:\/\/www.organisator.ch\/de\/allgemein\/2016-03-09\/handel-schweiz-warnt-vor-sonderrolle-der-schweiz\/","name":"Trade Switzerland mette in guardia dal ruolo speciale della Svizzera - Organizzatore","isPartOf":{"@id":"https:\/\/www.organisator.ch\/#website"},"primaryImageOfPage":{"@id":"https:\/\/www.organisator.ch\/de\/allgemein\/2016-03-09\/handel-schweiz-warnt-vor-sonderrolle-der-schweiz\/#primaryimage"},"image":{"@id":"https:\/\/www.organisator.ch\/de\/allgemein\/2016-03-09\/handel-schweiz-warnt-vor-sonderrolle-der-schweiz\/#primaryimage"},"thumbnailUrl":"https:\/\/www.organisator.ch\/wp-content\/uploads\/2016\/12\/Handel-Schweiz-warnt-vor-Sonderrolle-der-Schweiz-organisator.jpg","datePublished":"2016-03-09T15:52:59+00:00","description":"Commercio in Svizzera: tariffe elevate, calo delle esportazioni, aumento dei prezzi, pressione sul prodotto interno lordo.","breadcrumb":{"@id":"https:\/\/www.organisator.ch\/de\/allgemein\/2016-03-09\/handel-schweiz-warnt-vor-sonderrolle-der-schweiz\/#breadcrumb"},"inLanguage":"it-IT","potentialAction":[{"@type":"ReadAction","target":["https:\/\/www.organisator.ch\/de\/allgemein\/2016-03-09\/handel-schweiz-warnt-vor-sonderrolle-der-schweiz\/"]}]},{"@type":"ImageObject","inLanguage":"it-IT","@id":"https:\/\/www.organisator.ch\/de\/allgemein\/2016-03-09\/handel-schweiz-warnt-vor-sonderrolle-der-schweiz\/#primaryimage","url":"https:\/\/www.organisator.ch\/wp-content\/uploads\/2016\/12\/Handel-Schweiz-warnt-vor-Sonderrolle-der-Schweiz-organisator.jpg","contentUrl":"https:\/\/www.organisator.ch\/wp-content\/uploads\/2016\/12\/Handel-Schweiz-warnt-vor-Sonderrolle-der-Schweiz-organisator.jpg","width":640,"height":427,"caption":"Kaspar Engeli, Direktor von Handel Schweiz"},{"@type":"BreadcrumbList","@id":"https:\/\/www.organisator.ch\/de\/allgemein\/2016-03-09\/handel-schweiz-warnt-vor-sonderrolle-der-schweiz\/#breadcrumb","itemListElement":[{"@type":"ListItem","position":1,"name":"Home","item":"https:\/\/www.organisator.ch\/"},{"@type":"ListItem","position":2,"name":"Handel Schweiz warnt vor Sonderrolle der Schweiz"}]},{"@type":"WebSite","@id":"https:\/\/www.organisator.ch\/#website","url":"https:\/\/www.organisator.ch\/","name":"Organizzatore","description":"Competente. Pratico. In 10 numeri all'anno, ORGANISATOR presenta i temi essenziali per i manager delle PMI.","publisher":{"@id":"https:\/\/www.organisator.ch\/#organization"},"potentialAction":[{"@type":"SearchAction","target":{"@type":"EntryPoint","urlTemplate":"https:\/\/www.organisator.ch\/?s={search_term_string}"},"query-input":{"@type":"PropertyValueSpecification","valueRequired":true,"valueName":"search_term_string"}}],"inLanguage":"it-IT"},{"@type":"Organization","@id":"https:\/\/www.organisator.ch\/#organization","name":"Organizzatore","url":"https:\/\/www.organisator.ch\/","logo":{"@type":"ImageObject","inLanguage":"it-IT","@id":"https:\/\/www.organisator.ch\/#\/schema\/logo\/image\/","url":"https:\/\/www.organisator.ch\/wp-content\/uploads\/2022\/01\/Logo_Organisator_Website.png","contentUrl":"https:\/\/www.organisator.ch\/wp-content\/uploads\/2022\/01\/Logo_Organisator_Website.png","width":800,"height":77,"caption":"Organisator"},"image":{"@id":"https:\/\/www.organisator.ch\/#\/schema\/logo\/image\/"},"sameAs":["https:\/\/www.facebook.com\/OrganisatorFachmagazin","https:\/\/www.linkedin.com\/showcase\/organisator-das-magazin-fr-kmu","https:\/\/www.xing.com\/news\/pages\/organisator-ch-695","https:\/\/www.youtube.com\/channel\/UCGP2Sq0iWaZwT3BdIAQFYpw"]},{"@type":"Person","@id":"https:\/\/www.organisator.ch\/#\/schema\/person\/aa2bace6c5c5aad60102004a50c4eb1c","name":"amministratore","image":{"@type":"ImageObject","inLanguage":"it-IT","@id":"https:\/\/secure.gravatar.com\/avatar\/ae2f4d718e6c49043e314ce431e7e645d646302a24a5ef5a8bc8e3f5a032e319?s=96&d=mm&r=g","url":"https:\/\/secure.gravatar.com\/avatar\/ae2f4d718e6c49043e314ce431e7e645d646302a24a5ef5a8bc8e3f5a032e319?s=96&d=mm&r=g","contentUrl":"https:\/\/secure.gravatar.com\/avatar\/ae2f4d718e6c49043e314ce431e7e645d646302a24a5ef5a8bc8e3f5a032e319?s=96&d=mm&r=g","caption":"admin"},"sameAs":["https:\/\/www.organisator.ch"],"url":"https:\/\/www.organisator.ch\/it\/author\/admin\/"}]}},"_links":{"self":[{"href":"https:\/\/www.organisator.ch\/it\/wp-json\/wp\/v2\/posts\/176","targetHints":{"allow":["GET"]}}],"collection":[{"href":"https:\/\/www.organisator.ch\/it\/wp-json\/wp\/v2\/posts"}],"about":[{"href":"https:\/\/www.organisator.ch\/it\/wp-json\/wp\/v2\/types\/post"}],"author":[{"embeddable":true,"href":"https:\/\/www.organisator.ch\/it\/wp-json\/wp\/v2\/users\/1"}],"replies":[{"embeddable":true,"href":"https:\/\/www.organisator.ch\/it\/wp-json\/wp\/v2\/comments?post=176"}],"version-history":[{"count":0,"href":"https:\/\/www.organisator.ch\/it\/wp-json\/wp\/v2\/posts\/176\/revisions"}],"wp:featuredmedia":[{"embeddable":true,"href":"https:\/\/www.organisator.ch\/it\/wp-json\/wp\/v2\/media\/177"}],"wp:attachment":[{"href":"https:\/\/www.organisator.ch\/it\/wp-json\/wp\/v2\/media?parent=176"}],"wp:term":[{"taxonomy":"category","embeddable":true,"href":"https:\/\/www.organisator.ch\/it\/wp-json\/wp\/v2\/categories?post=176"},{"taxonomy":"post_tag","embeddable":true,"href":"https:\/\/www.organisator.ch\/it\/wp-json\/wp\/v2\/tags?post=176"}],"curies":[{"name":"wp","href":"https:\/\/api.w.org\/{rel}","templated":true}]}}