{"id":17639,"date":"2022-10-31T13:48:51","date_gmt":"2022-10-31T12:48:51","guid":{"rendered":"https:\/\/www.organisator.ch\/?p=17639"},"modified":"2022-10-31T13:48:51","modified_gmt":"2022-10-31T12:48:51","slug":"modernster-innovationspark-der-schweiz-eroeffnet","status":"publish","type":"post","link":"https:\/\/www.organisator.ch\/it\/allgemein\/2022-10-31\/modernster-innovationspark-der-schweiz-eroeffnet\/","title":{"rendered":"Apre il pi\u00f9 moderno parco di innovazione della Svizzera"},"content":{"rendered":"<figure id=\"attachment_17643\" aria-describedby=\"caption-attachment-17643\" style=\"width: 680px\" class=\"wp-caption alignnone\"><img loading=\"lazy\" decoding=\"async\" class=\"size-full wp-image-17643\" src=\"https:\/\/www.organisator.ch\/wp-content\/uploads\/2022\/10\/Modernster-Innovationspark-der-Schweiz-eroeffnet-1_Organsiator.jpg\" alt=\"\" width=\"680\" height=\"466\" srcset=\"https:\/\/www.organisator.ch\/wp-content\/uploads\/2022\/10\/Modernster-Innovationspark-der-Schweiz-eroeffnet-1_Organsiator.jpg 680w, https:\/\/www.organisator.ch\/wp-content\/uploads\/2022\/10\/Modernster-Innovationspark-der-Schweiz-eroeffnet-1_Organsiator-18x12.jpg 18w, https:\/\/www.organisator.ch\/wp-content\/uploads\/2022\/10\/Modernster-Innovationspark-der-Schweiz-eroeffnet-1_Organsiator-255x175.jpg 255w, https:\/\/www.organisator.ch\/wp-content\/uploads\/2022\/10\/Modernster-Innovationspark-der-Schweiz-eroeffnet-1_Organsiator-511x350.jpg 511w, https:\/\/www.organisator.ch\/wp-content\/uploads\/2022\/10\/Modernster-Innovationspark-der-Schweiz-eroeffnet-1_Organsiator-300x206.jpg 300w\" sizes=\"auto, (max-width: 680px) 100vw, 680px\" \/><figcaption id=\"caption-attachment-17643\" class=\"wp-caption-text\">Il Ministro dell'Economia Guy Parmelin in occasione del discorso di apertura del Campus principale dello Switzerland Innovation Park Basel Area. (Immagine: Area di Basilea)<\/figcaption><\/figure>\n<p>Il parco di innovazione, che si dichiara il pi\u00f9 moderno della Svizzera, \u00e8 stato inaugurato ufficialmente sabato 29 ottobre 2022 alla presenza del Consigliere federale Guy Parmelin. \"Il cluster delle scienze della vita dell'area di Basilea non solo \u00e8 di enorme importanza per l'economia svizzera, ma occupa anche una posizione di primo piano in Europa e nel mondo. Sono convinto che il Campus principale dello Switzerland Innovation Park Basel Area accrescer\u00e0 ulteriormente l'importanza della regione\", ha dichiarato il capo del Dipartimento federale dell'economia, dell'istruzione e della ricerca nel suo discorso. Circa 200 ospiti del mondo economico e politico hanno partecipato alla cerimonia di inaugurazione nell'area di Bachgraben ad Allschwil, proprio al confine con Basilea. I tre cantoni sponsor dello Switzerland Innovation Park Basel Area erano rappresentati dai consiglieri cantonali Thomas Weber (BL), Kaspar Sutter (BS) e Jacques Gerber (JU), che hanno partecipato insieme al consigliere federale Parmelin a una tavola rotonda. In occasione della cerimonia di inaugurazione, diverse personalit\u00e0 hanno espresso i loro auspici per il futuro del Campus principale, tra cui Raymond Cron, CEO di Switzerland Innovation: \"Auguro allo Switzerland Innovation Park Basel Area di affermarsi come faro internazionale per i progetti innovativi nel campo della salute e delle scienze della vita.\" Lo Switzerland Innovation Park Basel Area, con le sue quattro sedi, \u00e8 uno dei sei parchi di innovazione della rete nazionale della Fondazione Svizzera per l'Innovazione.<\/p>\n<figure id=\"attachment_17644\" aria-describedby=\"caption-attachment-17644\" style=\"width: 680px\" class=\"wp-caption alignnone\"><img loading=\"lazy\" decoding=\"async\" class=\"size-full wp-image-17644\" src=\"https:\/\/www.organisator.ch\/wp-content\/uploads\/2022\/10\/Modernster-Innovationspark-der-Schweiz-eroeffnet-2_Organsiator.jpg\" alt=\"\" width=\"680\" height=\"431\" srcset=\"https:\/\/www.organisator.ch\/wp-content\/uploads\/2022\/10\/Modernster-Innovationspark-der-Schweiz-eroeffnet-2_Organsiator.jpg 680w, https:\/\/www.organisator.ch\/wp-content\/uploads\/2022\/10\/Modernster-Innovationspark-der-Schweiz-eroeffnet-2_Organsiator-18x12.jpg 18w, https:\/\/www.organisator.ch\/wp-content\/uploads\/2022\/10\/Modernster-Innovationspark-der-Schweiz-eroeffnet-2_Organsiator-276x175.jpg 276w, https:\/\/www.organisator.ch\/wp-content\/uploads\/2022\/10\/Modernster-Innovationspark-der-Schweiz-eroeffnet-2_Organsiator-552x350.jpg 552w, https:\/\/www.organisator.ch\/wp-content\/uploads\/2022\/10\/Modernster-Innovationspark-der-Schweiz-eroeffnet-2_Organsiator-300x190.jpg 300w\" sizes=\"auto, (max-width: 680px) 100vw, 680px\" \/><figcaption id=\"caption-attachment-17644\" class=\"wp-caption-text\">Il pi\u00f9 moderno parco di innovazione della Svizzera come visualizzazione. (Immagine: Area di Basilea)<\/figcaption><\/figure>\n<p>Il Campus principale, ora inaugurato, \u00e8 stato progettato dagli architetti Herzog &amp; de Meuron e realizzato dal costruttore Senn Resources AG. Attualmente, circa il 70% dei 50.000 m2 di superficie \u00e8 gi\u00e0 stato affittato. Gli inquilini comprendono attualmente 38 aziende e istituzioni, tra cui l'Universit\u00e0 di Basilea, Johnson &amp; Johnson, Basilea e numerose start-up. Il 30-40% dello spazio sar\u00e0 costituito da laboratori, mentre il restante spazio sar\u00e0 destinato a uffici, sale per eventi e formazione e un auditorium. Nell'edificio potranno lavorare circa 2.000 persone. Potranno incontrarsi attraverso una terrazza continua all'interno e all'esterno, che favorir\u00e0 lo scambio di idee e animer\u00e0 l'ecosistema dell'innovazione. Il cuore del Campus principale \u00e8 il cortile interno verde, grande quanto un campo da calcio, dove sono disponibili strutture ricreative e di ristorazione. Il Campus principale si trova al centro del Miglio delle Scienze della Vita a Bachgraben, nelle immediate vicinanze di vicini come l'Istituto Svizzero di Salute Tropicale e Pubblica, Skan, Abbott e Idorsia.<\/p>\n<p><em>Fonti e ulteriori informazioni: <a href=\"http:\/\/www.baselarea.swiss\">www.baselarea.swiss<\/a>, <a href=\"http:\/\/www.maincampus.ch\">www.maincampus.ch<\/a><\/em><\/p>","protected":false},"excerpt":{"rendered":"<p>Der nach eigenen Angaben modernste Innovationspark der Schweiz wurde am Samstag, 29. Oktober 2022 im Beisein von Bundesrat Guy Parmelin feierlich er\u00f6ffnet.\u00a0\u00abDer Life Sciences Cluster der Basel Area hat nicht nur f\u00fcr die Schweizer Volkswirtschaft eine enorme Bedeutung, sondern nimmt auch europa- und weltweit eine Spitzenposition ein. Ich bin \u00fcberzeugt, dass der Main Campus des [&hellip;]<\/p>\n","protected":false},"author":4,"featured_media":17643,"comment_status":"closed","ping_status":"closed","sticky":false,"template":"","format":"standard","meta":{"_acf_changed":false,"_yoast_wpseo_focuskw":"Innovationspark","_yoast_wpseo_metadesc":"Der Main Campus des Switzerland Innovation Park Basel Area, der wohl modernste Innovationspark der Schweiz, wurde feierlich er\u00f6ffnet.","articlekey":"","footnotes":""},"categories":[1],"tags":[274,451,2707],"class_list":["post-17639","post","type-post","status-publish","format-standard","has-post-thumbnail","hentry","category-allgemein","tag-innovation","tag-startups","tag-wirtschaftsfoerderung"],"acf":[],"yoast_head":"<!-- This site is optimized with the Yoast SEO plugin v27.5 - https:\/\/yoast.com\/product\/yoast-seo-wordpress\/ -->\n<title>Modernster Innovationspark der Schweiz er\u00f6ffnet - Organisator<\/title>\n<meta name=\"description\" content=\"Der Main Campus des Switzerland Innovation Park Basel Area, der wohl modernste Innovationspark der Schweiz, wurde feierlich er\u00f6ffnet.\" \/>\n<meta name=\"robots\" content=\"index, follow, max-snippet:-1, max-image-preview:large, max-video-preview:-1\" \/>\n<link rel=\"canonical\" href=\"https:\/\/www.organisator.ch\/it\/generale\/2022-10-31\/modernster-innovationspark-der-schweiz-eroeffnet\/\" \/>\n<meta property=\"og:locale\" content=\"it_IT\" \/>\n<meta property=\"og:type\" content=\"article\" \/>\n<meta property=\"og:title\" content=\"Modernster Innovationspark der Schweiz er\u00f6ffnet\" \/>\n<meta property=\"og:description\" content=\"Der Main Campus des Switzerland Innovation Park Basel Area, der wohl modernste Innovationspark der Schweiz, wurde feierlich er\u00f6ffnet.\" \/>\n<meta property=\"og:url\" content=\"https:\/\/www.organisator.ch\/it\/generale\/2022-10-31\/modernster-innovationspark-der-schweiz-eroeffnet\/\" \/>\n<meta property=\"og:site_name\" content=\"Organisator\" \/>\n<meta property=\"article:publisher\" content=\"https:\/\/www.facebook.com\/OrganisatorFachmagazin\" \/>\n<meta property=\"article:published_time\" content=\"2022-10-31T12:48:51+00:00\" \/>\n<meta property=\"og:image\" content=\"https:\/\/www.organisator.ch\/wp-content\/uploads\/2022\/10\/Modernster-Innovationspark-der-Schweiz-eroeffnet-2_Organsiator.jpg\" \/>\n\t<meta property=\"og:image:width\" content=\"680\" \/>\n\t<meta property=\"og:image:height\" content=\"431\" \/>\n\t<meta property=\"og:image:type\" content=\"image\/jpeg\" \/>\n<meta name=\"author\" content=\"thomas.berner\" \/>\n<meta name=\"twitter:card\" content=\"summary_large_image\" \/>\n<meta name=\"twitter:title\" content=\"Modernster #Innovationspark der Schweiz er\u00f6ffnet\" \/>\n<meta name=\"twitter:description\" content=\"Der Main Campus des Switzerland Innovation Park Basel Area, der wohl modernste #Innovationspark der Schweiz, wurde feierlich er\u00f6ffnet.\" \/>\n<meta name=\"twitter:image\" content=\"https:\/\/www.organisator.ch\/wp-content\/uploads\/2022\/10\/Modernster-Innovationspark-der-Schweiz-eroeffnet-2_Organsiator.jpg\" \/>\n<script type=\"application\/ld+json\" class=\"yoast-schema-graph\">{\"@context\":\"https:\\\/\\\/schema.org\",\"@graph\":[{\"@type\":\"Article\",\"@id\":\"https:\\\/\\\/www.organisator.ch\\\/allgemein\\\/2022-10-31\\\/modernster-innovationspark-der-schweiz-eroeffnet\\\/#article\",\"isPartOf\":{\"@id\":\"https:\\\/\\\/www.organisator.ch\\\/allgemein\\\/2022-10-31\\\/modernster-innovationspark-der-schweiz-eroeffnet\\\/\"},\"author\":{\"name\":\"thomas.berner\",\"@id\":\"https:\\\/\\\/www.organisator.ch\\\/#\\\/schema\\\/person\\\/6f650f90b2842cd4c0cc334b4e36f67e\"},\"headline\":\"Modernster Innovationspark der Schweiz er\u00f6ffnet\",\"datePublished\":\"2022-10-31T12:48:51+00:00\",\"mainEntityOfPage\":{\"@id\":\"https:\\\/\\\/www.organisator.ch\\\/allgemein\\\/2022-10-31\\\/modernster-innovationspark-der-schweiz-eroeffnet\\\/\"},\"wordCount\":438,\"publisher\":{\"@id\":\"https:\\\/\\\/www.organisator.ch\\\/#organization\"},\"image\":{\"@id\":\"https:\\\/\\\/www.organisator.ch\\\/allgemein\\\/2022-10-31\\\/modernster-innovationspark-der-schweiz-eroeffnet\\\/#primaryimage\"},\"thumbnailUrl\":\"https:\\\/\\\/www.organisator.ch\\\/wp-content\\\/uploads\\\/2022\\\/10\\\/Modernster-Innovationspark-der-Schweiz-eroeffnet-1_Organsiator.jpg\",\"keywords\":[\"Innovation\",\"Startups\",\"Wirtschaftsf\u00f6rderung\"],\"articleSection\":[\"Allgemein\"],\"inLanguage\":\"it-IT\"},{\"@type\":\"WebPage\",\"@id\":\"https:\\\/\\\/www.organisator.ch\\\/allgemein\\\/2022-10-31\\\/modernster-innovationspark-der-schweiz-eroeffnet\\\/\",\"url\":\"https:\\\/\\\/www.organisator.ch\\\/allgemein\\\/2022-10-31\\\/modernster-innovationspark-der-schweiz-eroeffnet\\\/\",\"name\":\"Modernster Innovationspark der Schweiz er\u00f6ffnet - Organisator\",\"isPartOf\":{\"@id\":\"https:\\\/\\\/www.organisator.ch\\\/#website\"},\"primaryImageOfPage\":{\"@id\":\"https:\\\/\\\/www.organisator.ch\\\/allgemein\\\/2022-10-31\\\/modernster-innovationspark-der-schweiz-eroeffnet\\\/#primaryimage\"},\"image\":{\"@id\":\"https:\\\/\\\/www.organisator.ch\\\/allgemein\\\/2022-10-31\\\/modernster-innovationspark-der-schweiz-eroeffnet\\\/#primaryimage\"},\"thumbnailUrl\":\"https:\\\/\\\/www.organisator.ch\\\/wp-content\\\/uploads\\\/2022\\\/10\\\/Modernster-Innovationspark-der-Schweiz-eroeffnet-1_Organsiator.jpg\",\"datePublished\":\"2022-10-31T12:48:51+00:00\",\"description\":\"Der Main Campus des Switzerland Innovation Park Basel Area, der wohl modernste Innovationspark der Schweiz, wurde feierlich er\u00f6ffnet.\",\"breadcrumb\":{\"@id\":\"https:\\\/\\\/www.organisator.ch\\\/allgemein\\\/2022-10-31\\\/modernster-innovationspark-der-schweiz-eroeffnet\\\/#breadcrumb\"},\"inLanguage\":\"it-IT\",\"potentialAction\":[{\"@type\":\"ReadAction\",\"target\":[\"https:\\\/\\\/www.organisator.ch\\\/allgemein\\\/2022-10-31\\\/modernster-innovationspark-der-schweiz-eroeffnet\\\/\"]}]},{\"@type\":\"ImageObject\",\"inLanguage\":\"it-IT\",\"@id\":\"https:\\\/\\\/www.organisator.ch\\\/allgemein\\\/2022-10-31\\\/modernster-innovationspark-der-schweiz-eroeffnet\\\/#primaryimage\",\"url\":\"https:\\\/\\\/www.organisator.ch\\\/wp-content\\\/uploads\\\/2022\\\/10\\\/Modernster-Innovationspark-der-Schweiz-eroeffnet-1_Organsiator.jpg\",\"contentUrl\":\"https:\\\/\\\/www.organisator.ch\\\/wp-content\\\/uploads\\\/2022\\\/10\\\/Modernster-Innovationspark-der-Schweiz-eroeffnet-1_Organsiator.jpg\",\"width\":680,\"height\":466,\"caption\":\"Wirtschaftsminister Guy Parmelin bei der Er\u00f6ffnungsansprache zum Main Campus des Switzerland Innovation Park Basel Area. (Bild: Basel Area)\"},{\"@type\":\"BreadcrumbList\",\"@id\":\"https:\\\/\\\/www.organisator.ch\\\/allgemein\\\/2022-10-31\\\/modernster-innovationspark-der-schweiz-eroeffnet\\\/#breadcrumb\",\"itemListElement\":[{\"@type\":\"ListItem\",\"position\":1,\"name\":\"Home\",\"item\":\"https:\\\/\\\/www.organisator.ch\\\/\"},{\"@type\":\"ListItem\",\"position\":2,\"name\":\"Modernster Innovationspark der Schweiz er\u00f6ffnet\"}]},{\"@type\":\"WebSite\",\"@id\":\"https:\\\/\\\/www.organisator.ch\\\/#website\",\"url\":\"https:\\\/\\\/www.organisator.ch\\\/\",\"name\":\"Organisator\",\"description\":\"Kompetent. Praxisnah. Der ORGANISATOR bereitet in 10 Ausgaben pro Jahr die wesentlichen Themen f\u00fcr F\u00fchrungskr\u00e4fte von KMU auf.\",\"publisher\":{\"@id\":\"https:\\\/\\\/www.organisator.ch\\\/#organization\"},\"potentialAction\":[{\"@type\":\"SearchAction\",\"target\":{\"@type\":\"EntryPoint\",\"urlTemplate\":\"https:\\\/\\\/www.organisator.ch\\\/?s={search_term_string}\"},\"query-input\":{\"@type\":\"PropertyValueSpecification\",\"valueRequired\":true,\"valueName\":\"search_term_string\"}}],\"inLanguage\":\"it-IT\"},{\"@type\":\"Organization\",\"@id\":\"https:\\\/\\\/www.organisator.ch\\\/#organization\",\"name\":\"Organisator\",\"url\":\"https:\\\/\\\/www.organisator.ch\\\/\",\"logo\":{\"@type\":\"ImageObject\",\"inLanguage\":\"it-IT\",\"@id\":\"https:\\\/\\\/www.organisator.ch\\\/#\\\/schema\\\/logo\\\/image\\\/\",\"url\":\"https:\\\/\\\/www.organisator.ch\\\/wp-content\\\/uploads\\\/2022\\\/01\\\/Logo_Organisator_Website.png\",\"contentUrl\":\"https:\\\/\\\/www.organisator.ch\\\/wp-content\\\/uploads\\\/2022\\\/01\\\/Logo_Organisator_Website.png\",\"width\":800,\"height\":77,\"caption\":\"Organisator\"},\"image\":{\"@id\":\"https:\\\/\\\/www.organisator.ch\\\/#\\\/schema\\\/logo\\\/image\\\/\"},\"sameAs\":[\"https:\\\/\\\/www.facebook.com\\\/OrganisatorFachmagazin\",\"https:\\\/\\\/www.linkedin.com\\\/showcase\\\/organisator-das-magazin-fr-kmu\",\"https:\\\/\\\/www.xing.com\\\/news\\\/pages\\\/organisator-ch-695\",\"https:\\\/\\\/www.youtube.com\\\/channel\\\/UCGP2Sq0iWaZwT3BdIAQFYpw\"]},{\"@type\":\"Person\",\"@id\":\"https:\\\/\\\/www.organisator.ch\\\/#\\\/schema\\\/person\\\/6f650f90b2842cd4c0cc334b4e36f67e\",\"name\":\"thomas.berner\",\"image\":{\"@type\":\"ImageObject\",\"inLanguage\":\"it-IT\",\"@id\":\"https:\\\/\\\/secure.gravatar.com\\\/avatar\\\/ac5001d2a36cb6c6cd3e50789007ffca834b477b74a2144564522e944eabff61?s=96&d=mm&r=g\",\"url\":\"https:\\\/\\\/secure.gravatar.com\\\/avatar\\\/ac5001d2a36cb6c6cd3e50789007ffca834b477b74a2144564522e944eabff61?s=96&d=mm&r=g\",\"contentUrl\":\"https:\\\/\\\/secure.gravatar.com\\\/avatar\\\/ac5001d2a36cb6c6cd3e50789007ffca834b477b74a2144564522e944eabff61?s=96&d=mm&r=g\",\"caption\":\"thomas.berner\"},\"url\":\"https:\\\/\\\/www.organisator.ch\\\/it\\\/author\\\/thomas-berner\\\/\"}]}<\/script>\n<!-- \/ Yoast SEO plugin. -->","yoast_head_json":{"title":"Apre il pi\u00f9 moderno parco di innovazione della Svizzera - Organizzatore","description":"Il Campus principale dello Switzerland Innovation Park Basel Area, probabilmente il pi\u00f9 moderno parco di innovazione della Svizzera, \u00e8 stato inaugurato con una cerimonia.","robots":{"index":"index","follow":"follow","max-snippet":"max-snippet:-1","max-image-preview":"max-image-preview:large","max-video-preview":"max-video-preview:-1"},"canonical":"https:\/\/www.organisator.ch\/it\/generale\/2022-10-31\/modernster-innovationspark-der-schweiz-eroeffnet\/","og_locale":"it_IT","og_type":"article","og_title":"Modernster Innovationspark der Schweiz er\u00f6ffnet","og_description":"Der Main Campus des Switzerland Innovation Park Basel Area, der wohl modernste Innovationspark der Schweiz, wurde feierlich er\u00f6ffnet.","og_url":"https:\/\/www.organisator.ch\/it\/generale\/2022-10-31\/modernster-innovationspark-der-schweiz-eroeffnet\/","og_site_name":"Organisator","article_publisher":"https:\/\/www.facebook.com\/OrganisatorFachmagazin","article_published_time":"2022-10-31T12:48:51+00:00","og_image":[{"width":680,"height":431,"url":"https:\/\/www.organisator.ch\/wp-content\/uploads\/2022\/10\/Modernster-Innovationspark-der-Schweiz-eroeffnet-2_Organsiator.jpg","type":"image\/jpeg"}],"author":"thomas.berner","twitter_card":"summary_large_image","twitter_title":"Modernster #Innovationspark der Schweiz er\u00f6ffnet","twitter_description":"Der Main Campus des Switzerland Innovation Park Basel Area, der wohl modernste #Innovationspark der Schweiz, wurde feierlich er\u00f6ffnet.","twitter_image":"https:\/\/www.organisator.ch\/wp-content\/uploads\/2022\/10\/Modernster-Innovationspark-der-Schweiz-eroeffnet-2_Organsiator.jpg","schema":{"@context":"https:\/\/schema.org","@graph":[{"@type":"Article","@id":"https:\/\/www.organisator.ch\/allgemein\/2022-10-31\/modernster-innovationspark-der-schweiz-eroeffnet\/#article","isPartOf":{"@id":"https:\/\/www.organisator.ch\/allgemein\/2022-10-31\/modernster-innovationspark-der-schweiz-eroeffnet\/"},"author":{"name":"thomas.berner","@id":"https:\/\/www.organisator.ch\/#\/schema\/person\/6f650f90b2842cd4c0cc334b4e36f67e"},"headline":"Modernster Innovationspark der Schweiz er\u00f6ffnet","datePublished":"2022-10-31T12:48:51+00:00","mainEntityOfPage":{"@id":"https:\/\/www.organisator.ch\/allgemein\/2022-10-31\/modernster-innovationspark-der-schweiz-eroeffnet\/"},"wordCount":438,"publisher":{"@id":"https:\/\/www.organisator.ch\/#organization"},"image":{"@id":"https:\/\/www.organisator.ch\/allgemein\/2022-10-31\/modernster-innovationspark-der-schweiz-eroeffnet\/#primaryimage"},"thumbnailUrl":"https:\/\/www.organisator.ch\/wp-content\/uploads\/2022\/10\/Modernster-Innovationspark-der-Schweiz-eroeffnet-1_Organsiator.jpg","keywords":["Innovation","Startups","Wirtschaftsf\u00f6rderung"],"articleSection":["Allgemein"],"inLanguage":"it-IT"},{"@type":"WebPage","@id":"https:\/\/www.organisator.ch\/allgemein\/2022-10-31\/modernster-innovationspark-der-schweiz-eroeffnet\/","url":"https:\/\/www.organisator.ch\/allgemein\/2022-10-31\/modernster-innovationspark-der-schweiz-eroeffnet\/","name":"Apre il pi\u00f9 moderno parco di innovazione della Svizzera - Organizzatore","isPartOf":{"@id":"https:\/\/www.organisator.ch\/#website"},"primaryImageOfPage":{"@id":"https:\/\/www.organisator.ch\/allgemein\/2022-10-31\/modernster-innovationspark-der-schweiz-eroeffnet\/#primaryimage"},"image":{"@id":"https:\/\/www.organisator.ch\/allgemein\/2022-10-31\/modernster-innovationspark-der-schweiz-eroeffnet\/#primaryimage"},"thumbnailUrl":"https:\/\/www.organisator.ch\/wp-content\/uploads\/2022\/10\/Modernster-Innovationspark-der-Schweiz-eroeffnet-1_Organsiator.jpg","datePublished":"2022-10-31T12:48:51+00:00","description":"Il Campus principale dello Switzerland Innovation Park Basel Area, probabilmente il pi\u00f9 moderno parco di innovazione della Svizzera, \u00e8 stato inaugurato con una cerimonia.","breadcrumb":{"@id":"https:\/\/www.organisator.ch\/allgemein\/2022-10-31\/modernster-innovationspark-der-schweiz-eroeffnet\/#breadcrumb"},"inLanguage":"it-IT","potentialAction":[{"@type":"ReadAction","target":["https:\/\/www.organisator.ch\/allgemein\/2022-10-31\/modernster-innovationspark-der-schweiz-eroeffnet\/"]}]},{"@type":"ImageObject","inLanguage":"it-IT","@id":"https:\/\/www.organisator.ch\/allgemein\/2022-10-31\/modernster-innovationspark-der-schweiz-eroeffnet\/#primaryimage","url":"https:\/\/www.organisator.ch\/wp-content\/uploads\/2022\/10\/Modernster-Innovationspark-der-Schweiz-eroeffnet-1_Organsiator.jpg","contentUrl":"https:\/\/www.organisator.ch\/wp-content\/uploads\/2022\/10\/Modernster-Innovationspark-der-Schweiz-eroeffnet-1_Organsiator.jpg","width":680,"height":466,"caption":"Wirtschaftsminister Guy Parmelin bei der Er\u00f6ffnungsansprache zum Main Campus des Switzerland Innovation Park Basel Area. (Bild: Basel Area)"},{"@type":"BreadcrumbList","@id":"https:\/\/www.organisator.ch\/allgemein\/2022-10-31\/modernster-innovationspark-der-schweiz-eroeffnet\/#breadcrumb","itemListElement":[{"@type":"ListItem","position":1,"name":"Home","item":"https:\/\/www.organisator.ch\/"},{"@type":"ListItem","position":2,"name":"Modernster Innovationspark der Schweiz er\u00f6ffnet"}]},{"@type":"WebSite","@id":"https:\/\/www.organisator.ch\/#website","url":"https:\/\/www.organisator.ch\/","name":"Organizzatore","description":"Competente. Pratico. In 10 numeri all'anno, ORGANISATOR presenta i temi essenziali per i manager delle PMI.","publisher":{"@id":"https:\/\/www.organisator.ch\/#organization"},"potentialAction":[{"@type":"SearchAction","target":{"@type":"EntryPoint","urlTemplate":"https:\/\/www.organisator.ch\/?s={search_term_string}"},"query-input":{"@type":"PropertyValueSpecification","valueRequired":true,"valueName":"search_term_string"}}],"inLanguage":"it-IT"},{"@type":"Organization","@id":"https:\/\/www.organisator.ch\/#organization","name":"Organizzatore","url":"https:\/\/www.organisator.ch\/","logo":{"@type":"ImageObject","inLanguage":"it-IT","@id":"https:\/\/www.organisator.ch\/#\/schema\/logo\/image\/","url":"https:\/\/www.organisator.ch\/wp-content\/uploads\/2022\/01\/Logo_Organisator_Website.png","contentUrl":"https:\/\/www.organisator.ch\/wp-content\/uploads\/2022\/01\/Logo_Organisator_Website.png","width":800,"height":77,"caption":"Organisator"},"image":{"@id":"https:\/\/www.organisator.ch\/#\/schema\/logo\/image\/"},"sameAs":["https:\/\/www.facebook.com\/OrganisatorFachmagazin","https:\/\/www.linkedin.com\/showcase\/organisator-das-magazin-fr-kmu","https:\/\/www.xing.com\/news\/pages\/organisator-ch-695","https:\/\/www.youtube.com\/channel\/UCGP2Sq0iWaZwT3BdIAQFYpw"]},{"@type":"Person","@id":"https:\/\/www.organisator.ch\/#\/schema\/person\/6f650f90b2842cd4c0cc334b4e36f67e","name":"Tommaso.berner","image":{"@type":"ImageObject","inLanguage":"it-IT","@id":"https:\/\/secure.gravatar.com\/avatar\/ac5001d2a36cb6c6cd3e50789007ffca834b477b74a2144564522e944eabff61?s=96&d=mm&r=g","url":"https:\/\/secure.gravatar.com\/avatar\/ac5001d2a36cb6c6cd3e50789007ffca834b477b74a2144564522e944eabff61?s=96&d=mm&r=g","contentUrl":"https:\/\/secure.gravatar.com\/avatar\/ac5001d2a36cb6c6cd3e50789007ffca834b477b74a2144564522e944eabff61?s=96&d=mm&r=g","caption":"thomas.berner"},"url":"https:\/\/www.organisator.ch\/it\/author\/thomas-berner\/"}]}},"_links":{"self":[{"href":"https:\/\/www.organisator.ch\/it\/wp-json\/wp\/v2\/posts\/17639","targetHints":{"allow":["GET"]}}],"collection":[{"href":"https:\/\/www.organisator.ch\/it\/wp-json\/wp\/v2\/posts"}],"about":[{"href":"https:\/\/www.organisator.ch\/it\/wp-json\/wp\/v2\/types\/post"}],"author":[{"embeddable":true,"href":"https:\/\/www.organisator.ch\/it\/wp-json\/wp\/v2\/users\/4"}],"replies":[{"embeddable":true,"href":"https:\/\/www.organisator.ch\/it\/wp-json\/wp\/v2\/comments?post=17639"}],"version-history":[{"count":1,"href":"https:\/\/www.organisator.ch\/it\/wp-json\/wp\/v2\/posts\/17639\/revisions"}],"predecessor-version":[{"id":17645,"href":"https:\/\/www.organisator.ch\/it\/wp-json\/wp\/v2\/posts\/17639\/revisions\/17645"}],"wp:featuredmedia":[{"embeddable":true,"href":"https:\/\/www.organisator.ch\/it\/wp-json\/wp\/v2\/media\/17643"}],"wp:attachment":[{"href":"https:\/\/www.organisator.ch\/it\/wp-json\/wp\/v2\/media?parent=17639"}],"wp:term":[{"taxonomy":"category","embeddable":true,"href":"https:\/\/www.organisator.ch\/it\/wp-json\/wp\/v2\/categories?post=17639"},{"taxonomy":"post_tag","embeddable":true,"href":"https:\/\/www.organisator.ch\/it\/wp-json\/wp\/v2\/tags?post=17639"}],"curies":[{"name":"wp","href":"https:\/\/api.w.org\/{rel}","templated":true}]}}