{"id":17710,"date":"2022-11-04T07:42:31","date_gmt":"2022-11-04T06:42:31","guid":{"rendered":"https:\/\/www.organisator.ch\/?p=17710"},"modified":"2022-11-04T07:42:31","modified_gmt":"2022-11-04T06:42:31","slug":"thurgauer-rezepturen-gegen-krisen","status":"publish","type":"post","link":"https:\/\/www.organisator.ch\/it\/management\/2022-11-04\/thurgauer-rezepturen-gegen-krisen\/","title":{"rendered":"Le ricette di Thurgau contro le crisi"},"content":{"rendered":"<figure id=\"attachment_17711\" aria-describedby=\"caption-attachment-17711\" style=\"width: 680px\" class=\"wp-caption alignnone\"><img loading=\"lazy\" decoding=\"async\" class=\"size-full wp-image-17711\" src=\"https:\/\/www.organisator.ch\/wp-content\/uploads\/2022\/11\/Thurgauer-Rezepturen-gegen-Krisen_Organisator.jpg\" alt=\"\" width=\"680\" height=\"453\" srcset=\"https:\/\/www.organisator.ch\/wp-content\/uploads\/2022\/11\/Thurgauer-Rezepturen-gegen-Krisen_Organisator.jpg 680w, https:\/\/www.organisator.ch\/wp-content\/uploads\/2022\/11\/Thurgauer-Rezepturen-gegen-Krisen_Organisator-18x12.jpg 18w, https:\/\/www.organisator.ch\/wp-content\/uploads\/2022\/11\/Thurgauer-Rezepturen-gegen-Krisen_Organisator-263x175.jpg 263w, https:\/\/www.organisator.ch\/wp-content\/uploads\/2022\/11\/Thurgauer-Rezepturen-gegen-Krisen_Organisator-525x350.jpg 525w, https:\/\/www.organisator.ch\/wp-content\/uploads\/2022\/11\/Thurgauer-Rezepturen-gegen-Krisen_Organisator-300x200.jpg 300w\" sizes=\"auto, (max-width: 680px) 100vw, 680px\" \/><figcaption id=\"caption-attachment-17711\" class=\"wp-caption-text\">Hans-Werner Sinn al Forum economico di Turgovia. (Immagine: zVg)<\/figcaption><\/figure>\n<p>Dalla regione all'economia globale, dalle PMI alle grandi banche internazionali: i relatori del 26\u00b0 Forum economico di Turgovia (WFT) hanno coperto l'intero spettro dell'attivit\u00e0 economica nel mondo di oggi. Secondo l'economista tedesco ed ex direttore dell'Istituto Ifo di Monaco, Hans-Werner Sinn, la situazione di inflazione pi\u00f9 o meno elevata in Svizzera e in altri Paesi e la contemporanea stagnazione hanno una causa: i \"cigni neri\". Questo \u00e8 ci\u00f2 che lui chiama eventi estremi che nessuno si aspetta.<\/p>\n<h3><strong>Svizzera \"relativamente splendida<\/strong><\/h3>\n<p>Sinn ha parlato di una \"situazione del tutto straordinaria\" in cui si trovano oggi le economie nazionali. La causa \u00e8 stata la persistente strozzatura delle forniture causata dalla crisi della Corona, dalla carenza di energia e dalle \"orge del debito pubblico\". L'economia svizzera sta reggendo \"relativamente bene\", ad esempio rispetto alla Germania. In una conversazione con la moderatrice Mona Vetsch, Hans-Werner Sinn ha mostrato un tranquillo ottimismo: \"\u00c8 necessaria una crisi per agire.<\/p>\n<p>L'ex banchiere Oswald Gr\u00fcbel, che ha diretto sia il Credit Suisse che l'UBS, ha parlato soprattutto del Credit Suisse, che \u00e8 stato scosso da crisi. La Svizzera ha bisogno di due grandi banche per poter fornire all'economia svizzera una liquidit\u00e0 sufficiente. Gr\u00fcbel \u00e8 cautamente positivo sul futuro del Credit Suisse e consiglia, per una volta, di acquistare un'azione del CS (che \u00e8 pi\u00f9 conveniente ai prezzi attuali) invece di un bratwurst.<\/p>\n<h3><strong>Rimedio per la crisi dei capelli<\/strong><\/h3>\n<p>In qualit\u00e0 di rappresentante di una PMI turgoviese, Sandra Banholzer, CEO di Kreuzlinger Rausch AG, ha spiegato come la sua azienda rimanga innovativa anche in tempi di crisi: con una cultura aziendale vivace, flessibilit\u00e0, buona comunicazione e marketing sfacciato. Come esempio di un'innovazione imminente, ha annunciato una nuova formula contro le crisi dei capelli, impregnata di estratto di mela Thurgau frizzante.<\/p>\n<p>La professoressa onoraria dell'HSG Monika B\u00fctler si \u00e8 concentrata sulle condizioni quadro che consentono alle PMI di rimanere resilienti e di operare con successo anche in tempi di crisi. Grazie a una cooperazione e a una suddivisione dei compiti relativamente buona tra lo Stato e il settore privato, la Svizzera \u00e8 riuscita a superare la crisi in modo relativamente buono ai tempi di Corona. \"Se la Svizzera continuer\u00e0 a gestire\", dice B\u00fctler, \"a plasmare le istituzioni in modo tale che tutti mantengano la propria capacit\u00e0 di recupero e l'accesso alle risorse, riusciremo a passare al nuovo mondo.\"<\/p>\n<h3><strong>Turista dell'anno<\/strong><\/h3>\n<p>Per la prima volta, il Forum economico ha incluso una discussione con il cittadino turgoviese dell'anno, appena premiato, in collaborazione con la Thurgauer Zeitung. Questa volta \u00e8 stato premiato il satirico Thomas G\u00f6tz, che di anno in anno tiene lo specchio agli abitanti della Turgovia con il titolo \"Erg\u00f6tzliches\" (\"Divertente\"). Thomas G\u00f6tz ha insegnato ai partecipanti al WFT: \"La Turgovia \u00e8 il cantone delle distanze brevi, ma a volte anche delle linee lunghe\".<\/p>\n<p>Inoltre, per la prima volta, la Banca Cantonale della Turgovia \u00e8 stata lo sponsor principale del WFT. Nel suo discorso di benvenuto, il CEO Thomas Koller ha citato quattro elementi per trovare la via d'uscita dalle crisi, in riferimento a Winston Churchill: Conoscenza, fiducia, azione e divertimento. Con 330 partecipanti, il Forum economico della Turgovia ha registrato il tutto esaurito.  Il 27\u00b0 Forum economico della Turgovia si terr\u00e0 il 16 novembre 2023.<\/p>\n<p><em>Ulteriori informazioni: <a href=\"https:\/\/www.wft.ch\/\">Forum economico della Turgovia<\/a><\/em><\/p>","protected":false},"excerpt":{"rendered":"<p>Von der Region zur Weltwirtschaft, vom KMU zur internationalen Grossbank: Die Referentinnen und Referenten am 26. Thurgauer Wirtschaftsforum (WFT) deckten die gesamte Bandbreite des Wirtschaftens in heutiger Zeit ab. Die Situation mit unterschiedlich hoher Inflation in der Schweiz und weiteren L\u00e4ndern bei gleichzeitiger Stagnation hat gem\u00e4ss dem deutschen Volkswirtschafter und ehemaligen Direktor des M\u00fcnchner ifo-Instituts, [&hellip;]<\/p>\n","protected":false},"author":4,"featured_media":17711,"comment_status":"closed","ping_status":"closed","sticky":false,"template":"","format":"standard","meta":{"_acf_changed":false,"_yoast_wpseo_focuskw":"Thurgauer","_yoast_wpseo_metadesc":"Das Thurgauer Wirtschaftsforum vom 3. November 2022 hat sich mit der Finanzwelt und Wirtschaft im Kontext der aktuellen Krisen befasst.","articlekey":"","footnotes":""},"categories":[28],"tags":[193,335,531],"class_list":["post-17710","post","type-post","status-publish","format-standard","has-post-thumbnail","hentry","category-management","tag-fachkongressfachmesse","tag-management-und-unternehmensfuehrung","tag-wirtschaftspolitik"],"acf":[],"yoast_head":"<!-- This site is optimized with the Yoast SEO plugin v27.4 - https:\/\/yoast.com\/product\/yoast-seo-wordpress\/ -->\n<title>Thurgauer Rezepturen gegen Krisen - Organisator<\/title>\n<meta name=\"description\" content=\"Das Thurgauer Wirtschaftsforum vom 3. November 2022 hat sich mit der Finanzwelt und Wirtschaft im Kontext der aktuellen Krisen befasst.\" \/>\n<meta name=\"robots\" content=\"index, follow, max-snippet:-1, max-image-preview:large, max-video-preview:-1\" \/>\n<link rel=\"canonical\" href=\"https:\/\/www.organisator.ch\/it\/gestione-2\/2022-11-04\/thurgauer-rezepturen-gegen-krisen\/\" \/>\n<meta property=\"og:locale\" content=\"it_IT\" \/>\n<meta property=\"og:type\" content=\"article\" \/>\n<meta property=\"og:title\" content=\"Thurgauer Rezepturen gegen Krisen\" \/>\n<meta property=\"og:description\" content=\"Das Thurgauer Wirtschaftsforum vom 3. November 2022 hat sich mit der Finanzwelt und Wirtschaft im Kontext der aktuellen Krisen befasst.\" \/>\n<meta property=\"og:url\" content=\"https:\/\/www.organisator.ch\/it\/gestione-2\/2022-11-04\/thurgauer-rezepturen-gegen-krisen\/\" \/>\n<meta property=\"og:site_name\" content=\"Organisator\" \/>\n<meta property=\"article:publisher\" content=\"https:\/\/www.facebook.com\/OrganisatorFachmagazin\" \/>\n<meta property=\"article:published_time\" content=\"2022-11-04T06:42:31+00:00\" \/>\n<meta property=\"og:image\" content=\"https:\/\/www.organisator.ch\/wp-content\/uploads\/2022\/11\/Thurgauer-Rezepturen-gegen-Krisen_Organisator.jpg\" \/>\n\t<meta property=\"og:image:width\" content=\"680\" \/>\n\t<meta property=\"og:image:height\" content=\"453\" \/>\n\t<meta property=\"og:image:type\" content=\"image\/jpeg\" \/>\n<meta name=\"author\" content=\"thomas.berner\" \/>\n<meta name=\"twitter:card\" content=\"summary_large_image\" \/>\n<meta name=\"twitter:title\" content=\"#Thurgauer #Rezepturen gegen #Krisen\" \/>\n<meta name=\"twitter:description\" content=\"Das #Thurgauer #Wirtschaftsforum vom 3. November 2022 hat sich mit der #Finanzwelt und Wirtschaft im Kontext der aktuellen #Krisen befasst.\" \/>\n<meta name=\"twitter:image\" content=\"https:\/\/www.organisator.ch\/wp-content\/uploads\/2022\/11\/Thurgauer-Rezepturen-gegen-Krisen_Organisator.jpg\" \/>\n<script type=\"application\/ld+json\" class=\"yoast-schema-graph\">{\"@context\":\"https:\\\/\\\/schema.org\",\"@graph\":[{\"@type\":\"Article\",\"@id\":\"https:\\\/\\\/www.organisator.ch\\\/management\\\/2022-11-04\\\/thurgauer-rezepturen-gegen-krisen\\\/#article\",\"isPartOf\":{\"@id\":\"https:\\\/\\\/www.organisator.ch\\\/management\\\/2022-11-04\\\/thurgauer-rezepturen-gegen-krisen\\\/\"},\"author\":{\"name\":\"thomas.berner\",\"@id\":\"https:\\\/\\\/www.organisator.ch\\\/#\\\/schema\\\/person\\\/6f650f90b2842cd4c0cc334b4e36f67e\"},\"headline\":\"Thurgauer Rezepturen gegen Krisen\",\"datePublished\":\"2022-11-04T06:42:31+00:00\",\"mainEntityOfPage\":{\"@id\":\"https:\\\/\\\/www.organisator.ch\\\/management\\\/2022-11-04\\\/thurgauer-rezepturen-gegen-krisen\\\/\"},\"wordCount\":500,\"publisher\":{\"@id\":\"https:\\\/\\\/www.organisator.ch\\\/#organization\"},\"image\":{\"@id\":\"https:\\\/\\\/www.organisator.ch\\\/management\\\/2022-11-04\\\/thurgauer-rezepturen-gegen-krisen\\\/#primaryimage\"},\"thumbnailUrl\":\"https:\\\/\\\/www.organisator.ch\\\/wp-content\\\/uploads\\\/2022\\\/11\\\/Thurgauer-Rezepturen-gegen-Krisen_Organisator.jpg\",\"keywords\":[\"Fachkongress\\\/Fachmesse\",\"Management und Unternehmensf\u00fchrung\",\"Wirtschaftspolitik\"],\"articleSection\":[\"MANAGEMENT\"],\"inLanguage\":\"it-IT\"},{\"@type\":\"WebPage\",\"@id\":\"https:\\\/\\\/www.organisator.ch\\\/management\\\/2022-11-04\\\/thurgauer-rezepturen-gegen-krisen\\\/\",\"url\":\"https:\\\/\\\/www.organisator.ch\\\/management\\\/2022-11-04\\\/thurgauer-rezepturen-gegen-krisen\\\/\",\"name\":\"Thurgauer Rezepturen gegen Krisen - Organisator\",\"isPartOf\":{\"@id\":\"https:\\\/\\\/www.organisator.ch\\\/#website\"},\"primaryImageOfPage\":{\"@id\":\"https:\\\/\\\/www.organisator.ch\\\/management\\\/2022-11-04\\\/thurgauer-rezepturen-gegen-krisen\\\/#primaryimage\"},\"image\":{\"@id\":\"https:\\\/\\\/www.organisator.ch\\\/management\\\/2022-11-04\\\/thurgauer-rezepturen-gegen-krisen\\\/#primaryimage\"},\"thumbnailUrl\":\"https:\\\/\\\/www.organisator.ch\\\/wp-content\\\/uploads\\\/2022\\\/11\\\/Thurgauer-Rezepturen-gegen-Krisen_Organisator.jpg\",\"datePublished\":\"2022-11-04T06:42:31+00:00\",\"description\":\"Das Thurgauer Wirtschaftsforum vom 3. November 2022 hat sich mit der Finanzwelt und Wirtschaft im Kontext der aktuellen Krisen befasst.\",\"breadcrumb\":{\"@id\":\"https:\\\/\\\/www.organisator.ch\\\/management\\\/2022-11-04\\\/thurgauer-rezepturen-gegen-krisen\\\/#breadcrumb\"},\"inLanguage\":\"it-IT\",\"potentialAction\":[{\"@type\":\"ReadAction\",\"target\":[\"https:\\\/\\\/www.organisator.ch\\\/management\\\/2022-11-04\\\/thurgauer-rezepturen-gegen-krisen\\\/\"]}]},{\"@type\":\"ImageObject\",\"inLanguage\":\"it-IT\",\"@id\":\"https:\\\/\\\/www.organisator.ch\\\/management\\\/2022-11-04\\\/thurgauer-rezepturen-gegen-krisen\\\/#primaryimage\",\"url\":\"https:\\\/\\\/www.organisator.ch\\\/wp-content\\\/uploads\\\/2022\\\/11\\\/Thurgauer-Rezepturen-gegen-Krisen_Organisator.jpg\",\"contentUrl\":\"https:\\\/\\\/www.organisator.ch\\\/wp-content\\\/uploads\\\/2022\\\/11\\\/Thurgauer-Rezepturen-gegen-Krisen_Organisator.jpg\",\"width\":680,\"height\":453,\"caption\":\"Hans-Werner Sinn am Thurgauer Wirtschaftsforum. (Bild: zVg)\"},{\"@type\":\"BreadcrumbList\",\"@id\":\"https:\\\/\\\/www.organisator.ch\\\/management\\\/2022-11-04\\\/thurgauer-rezepturen-gegen-krisen\\\/#breadcrumb\",\"itemListElement\":[{\"@type\":\"ListItem\",\"position\":1,\"name\":\"Home\",\"item\":\"https:\\\/\\\/www.organisator.ch\\\/\"},{\"@type\":\"ListItem\",\"position\":2,\"name\":\"Thurgauer Rezepturen gegen Krisen\"}]},{\"@type\":\"WebSite\",\"@id\":\"https:\\\/\\\/www.organisator.ch\\\/#website\",\"url\":\"https:\\\/\\\/www.organisator.ch\\\/\",\"name\":\"Organisator\",\"description\":\"Kompetent. Praxisnah. Der ORGANISATOR bereitet in 10 Ausgaben pro Jahr die wesentlichen Themen f\u00fcr F\u00fchrungskr\u00e4fte von KMU auf.\",\"publisher\":{\"@id\":\"https:\\\/\\\/www.organisator.ch\\\/#organization\"},\"potentialAction\":[{\"@type\":\"SearchAction\",\"target\":{\"@type\":\"EntryPoint\",\"urlTemplate\":\"https:\\\/\\\/www.organisator.ch\\\/?s={search_term_string}\"},\"query-input\":{\"@type\":\"PropertyValueSpecification\",\"valueRequired\":true,\"valueName\":\"search_term_string\"}}],\"inLanguage\":\"it-IT\"},{\"@type\":\"Organization\",\"@id\":\"https:\\\/\\\/www.organisator.ch\\\/#organization\",\"name\":\"Organisator\",\"url\":\"https:\\\/\\\/www.organisator.ch\\\/\",\"logo\":{\"@type\":\"ImageObject\",\"inLanguage\":\"it-IT\",\"@id\":\"https:\\\/\\\/www.organisator.ch\\\/#\\\/schema\\\/logo\\\/image\\\/\",\"url\":\"https:\\\/\\\/www.organisator.ch\\\/wp-content\\\/uploads\\\/2022\\\/01\\\/Logo_Organisator_Website.png\",\"contentUrl\":\"https:\\\/\\\/www.organisator.ch\\\/wp-content\\\/uploads\\\/2022\\\/01\\\/Logo_Organisator_Website.png\",\"width\":800,\"height\":77,\"caption\":\"Organisator\"},\"image\":{\"@id\":\"https:\\\/\\\/www.organisator.ch\\\/#\\\/schema\\\/logo\\\/image\\\/\"},\"sameAs\":[\"https:\\\/\\\/www.facebook.com\\\/OrganisatorFachmagazin\",\"https:\\\/\\\/www.linkedin.com\\\/showcase\\\/organisator-das-magazin-fr-kmu\",\"https:\\\/\\\/www.xing.com\\\/news\\\/pages\\\/organisator-ch-695\",\"https:\\\/\\\/www.youtube.com\\\/channel\\\/UCGP2Sq0iWaZwT3BdIAQFYpw\"]},{\"@type\":\"Person\",\"@id\":\"https:\\\/\\\/www.organisator.ch\\\/#\\\/schema\\\/person\\\/6f650f90b2842cd4c0cc334b4e36f67e\",\"name\":\"thomas.berner\",\"image\":{\"@type\":\"ImageObject\",\"inLanguage\":\"it-IT\",\"@id\":\"https:\\\/\\\/secure.gravatar.com\\\/avatar\\\/ac5001d2a36cb6c6cd3e50789007ffca834b477b74a2144564522e944eabff61?s=96&d=mm&r=g\",\"url\":\"https:\\\/\\\/secure.gravatar.com\\\/avatar\\\/ac5001d2a36cb6c6cd3e50789007ffca834b477b74a2144564522e944eabff61?s=96&d=mm&r=g\",\"contentUrl\":\"https:\\\/\\\/secure.gravatar.com\\\/avatar\\\/ac5001d2a36cb6c6cd3e50789007ffca834b477b74a2144564522e944eabff61?s=96&d=mm&r=g\",\"caption\":\"thomas.berner\"},\"url\":\"https:\\\/\\\/www.organisator.ch\\\/it\\\/author\\\/thomas-berner\\\/\"}]}<\/script>\n<!-- \/ Yoast SEO plugin. -->","yoast_head_json":{"title":"Le ricette della Turgovia contro le crisi - Organizzatore","description":"Il Forum economico di Turgovia del 3 novembre 2022 ha affrontato il mondo della finanza e dell'economia nel contesto delle crisi attuali.","robots":{"index":"index","follow":"follow","max-snippet":"max-snippet:-1","max-image-preview":"max-image-preview:large","max-video-preview":"max-video-preview:-1"},"canonical":"https:\/\/www.organisator.ch\/it\/gestione-2\/2022-11-04\/thurgauer-rezepturen-gegen-krisen\/","og_locale":"it_IT","og_type":"article","og_title":"Thurgauer Rezepturen gegen Krisen","og_description":"Das Thurgauer Wirtschaftsforum vom 3. November 2022 hat sich mit der Finanzwelt und Wirtschaft im Kontext der aktuellen Krisen befasst.","og_url":"https:\/\/www.organisator.ch\/it\/gestione-2\/2022-11-04\/thurgauer-rezepturen-gegen-krisen\/","og_site_name":"Organisator","article_publisher":"https:\/\/www.facebook.com\/OrganisatorFachmagazin","article_published_time":"2022-11-04T06:42:31+00:00","og_image":[{"width":680,"height":453,"url":"https:\/\/www.organisator.ch\/wp-content\/uploads\/2022\/11\/Thurgauer-Rezepturen-gegen-Krisen_Organisator.jpg","type":"image\/jpeg"}],"author":"thomas.berner","twitter_card":"summary_large_image","twitter_title":"#Thurgauer #Rezepturen gegen #Krisen","twitter_description":"Das #Thurgauer #Wirtschaftsforum vom 3. November 2022 hat sich mit der #Finanzwelt und Wirtschaft im Kontext der aktuellen #Krisen befasst.","twitter_image":"https:\/\/www.organisator.ch\/wp-content\/uploads\/2022\/11\/Thurgauer-Rezepturen-gegen-Krisen_Organisator.jpg","schema":{"@context":"https:\/\/schema.org","@graph":[{"@type":"Article","@id":"https:\/\/www.organisator.ch\/management\/2022-11-04\/thurgauer-rezepturen-gegen-krisen\/#article","isPartOf":{"@id":"https:\/\/www.organisator.ch\/management\/2022-11-04\/thurgauer-rezepturen-gegen-krisen\/"},"author":{"name":"thomas.berner","@id":"https:\/\/www.organisator.ch\/#\/schema\/person\/6f650f90b2842cd4c0cc334b4e36f67e"},"headline":"Thurgauer Rezepturen gegen Krisen","datePublished":"2022-11-04T06:42:31+00:00","mainEntityOfPage":{"@id":"https:\/\/www.organisator.ch\/management\/2022-11-04\/thurgauer-rezepturen-gegen-krisen\/"},"wordCount":500,"publisher":{"@id":"https:\/\/www.organisator.ch\/#organization"},"image":{"@id":"https:\/\/www.organisator.ch\/management\/2022-11-04\/thurgauer-rezepturen-gegen-krisen\/#primaryimage"},"thumbnailUrl":"https:\/\/www.organisator.ch\/wp-content\/uploads\/2022\/11\/Thurgauer-Rezepturen-gegen-Krisen_Organisator.jpg","keywords":["Fachkongress\/Fachmesse","Management und Unternehmensf\u00fchrung","Wirtschaftspolitik"],"articleSection":["MANAGEMENT"],"inLanguage":"it-IT"},{"@type":"WebPage","@id":"https:\/\/www.organisator.ch\/management\/2022-11-04\/thurgauer-rezepturen-gegen-krisen\/","url":"https:\/\/www.organisator.ch\/management\/2022-11-04\/thurgauer-rezepturen-gegen-krisen\/","name":"Le ricette della Turgovia contro le crisi - Organizzatore","isPartOf":{"@id":"https:\/\/www.organisator.ch\/#website"},"primaryImageOfPage":{"@id":"https:\/\/www.organisator.ch\/management\/2022-11-04\/thurgauer-rezepturen-gegen-krisen\/#primaryimage"},"image":{"@id":"https:\/\/www.organisator.ch\/management\/2022-11-04\/thurgauer-rezepturen-gegen-krisen\/#primaryimage"},"thumbnailUrl":"https:\/\/www.organisator.ch\/wp-content\/uploads\/2022\/11\/Thurgauer-Rezepturen-gegen-Krisen_Organisator.jpg","datePublished":"2022-11-04T06:42:31+00:00","description":"Il Forum economico di Turgovia del 3 novembre 2022 ha affrontato il mondo della finanza e dell'economia nel contesto delle crisi attuali.","breadcrumb":{"@id":"https:\/\/www.organisator.ch\/management\/2022-11-04\/thurgauer-rezepturen-gegen-krisen\/#breadcrumb"},"inLanguage":"it-IT","potentialAction":[{"@type":"ReadAction","target":["https:\/\/www.organisator.ch\/management\/2022-11-04\/thurgauer-rezepturen-gegen-krisen\/"]}]},{"@type":"ImageObject","inLanguage":"it-IT","@id":"https:\/\/www.organisator.ch\/management\/2022-11-04\/thurgauer-rezepturen-gegen-krisen\/#primaryimage","url":"https:\/\/www.organisator.ch\/wp-content\/uploads\/2022\/11\/Thurgauer-Rezepturen-gegen-Krisen_Organisator.jpg","contentUrl":"https:\/\/www.organisator.ch\/wp-content\/uploads\/2022\/11\/Thurgauer-Rezepturen-gegen-Krisen_Organisator.jpg","width":680,"height":453,"caption":"Hans-Werner Sinn am Thurgauer Wirtschaftsforum. (Bild: zVg)"},{"@type":"BreadcrumbList","@id":"https:\/\/www.organisator.ch\/management\/2022-11-04\/thurgauer-rezepturen-gegen-krisen\/#breadcrumb","itemListElement":[{"@type":"ListItem","position":1,"name":"Home","item":"https:\/\/www.organisator.ch\/"},{"@type":"ListItem","position":2,"name":"Thurgauer Rezepturen gegen Krisen"}]},{"@type":"WebSite","@id":"https:\/\/www.organisator.ch\/#website","url":"https:\/\/www.organisator.ch\/","name":"Organizzatore","description":"Competente. Pratico. In 10 numeri all'anno, ORGANISATOR presenta i temi essenziali per i manager delle PMI.","publisher":{"@id":"https:\/\/www.organisator.ch\/#organization"},"potentialAction":[{"@type":"SearchAction","target":{"@type":"EntryPoint","urlTemplate":"https:\/\/www.organisator.ch\/?s={search_term_string}"},"query-input":{"@type":"PropertyValueSpecification","valueRequired":true,"valueName":"search_term_string"}}],"inLanguage":"it-IT"},{"@type":"Organization","@id":"https:\/\/www.organisator.ch\/#organization","name":"Organizzatore","url":"https:\/\/www.organisator.ch\/","logo":{"@type":"ImageObject","inLanguage":"it-IT","@id":"https:\/\/www.organisator.ch\/#\/schema\/logo\/image\/","url":"https:\/\/www.organisator.ch\/wp-content\/uploads\/2022\/01\/Logo_Organisator_Website.png","contentUrl":"https:\/\/www.organisator.ch\/wp-content\/uploads\/2022\/01\/Logo_Organisator_Website.png","width":800,"height":77,"caption":"Organisator"},"image":{"@id":"https:\/\/www.organisator.ch\/#\/schema\/logo\/image\/"},"sameAs":["https:\/\/www.facebook.com\/OrganisatorFachmagazin","https:\/\/www.linkedin.com\/showcase\/organisator-das-magazin-fr-kmu","https:\/\/www.xing.com\/news\/pages\/organisator-ch-695","https:\/\/www.youtube.com\/channel\/UCGP2Sq0iWaZwT3BdIAQFYpw"]},{"@type":"Person","@id":"https:\/\/www.organisator.ch\/#\/schema\/person\/6f650f90b2842cd4c0cc334b4e36f67e","name":"Tommaso.berner","image":{"@type":"ImageObject","inLanguage":"it-IT","@id":"https:\/\/secure.gravatar.com\/avatar\/ac5001d2a36cb6c6cd3e50789007ffca834b477b74a2144564522e944eabff61?s=96&d=mm&r=g","url":"https:\/\/secure.gravatar.com\/avatar\/ac5001d2a36cb6c6cd3e50789007ffca834b477b74a2144564522e944eabff61?s=96&d=mm&r=g","contentUrl":"https:\/\/secure.gravatar.com\/avatar\/ac5001d2a36cb6c6cd3e50789007ffca834b477b74a2144564522e944eabff61?s=96&d=mm&r=g","caption":"thomas.berner"},"url":"https:\/\/www.organisator.ch\/it\/author\/thomas-berner\/"}]}},"_links":{"self":[{"href":"https:\/\/www.organisator.ch\/it\/wp-json\/wp\/v2\/posts\/17710","targetHints":{"allow":["GET"]}}],"collection":[{"href":"https:\/\/www.organisator.ch\/it\/wp-json\/wp\/v2\/posts"}],"about":[{"href":"https:\/\/www.organisator.ch\/it\/wp-json\/wp\/v2\/types\/post"}],"author":[{"embeddable":true,"href":"https:\/\/www.organisator.ch\/it\/wp-json\/wp\/v2\/users\/4"}],"replies":[{"embeddable":true,"href":"https:\/\/www.organisator.ch\/it\/wp-json\/wp\/v2\/comments?post=17710"}],"version-history":[{"count":1,"href":"https:\/\/www.organisator.ch\/it\/wp-json\/wp\/v2\/posts\/17710\/revisions"}],"predecessor-version":[{"id":17712,"href":"https:\/\/www.organisator.ch\/it\/wp-json\/wp\/v2\/posts\/17710\/revisions\/17712"}],"wp:featuredmedia":[{"embeddable":true,"href":"https:\/\/www.organisator.ch\/it\/wp-json\/wp\/v2\/media\/17711"}],"wp:attachment":[{"href":"https:\/\/www.organisator.ch\/it\/wp-json\/wp\/v2\/media?parent=17710"}],"wp:term":[{"taxonomy":"category","embeddable":true,"href":"https:\/\/www.organisator.ch\/it\/wp-json\/wp\/v2\/categories?post=17710"},{"taxonomy":"post_tag","embeddable":true,"href":"https:\/\/www.organisator.ch\/it\/wp-json\/wp\/v2\/tags?post=17710"}],"curies":[{"name":"wp","href":"https:\/\/api.w.org\/{rel}","templated":true}]}}