{"id":1775,"date":"2018-07-10T11:41:14","date_gmt":"2018-07-10T09:41:14","guid":{"rendered":"https:\/\/www.umweltperspektiven.ch\/?p=1775"},"modified":"2022-02-09T11:06:53","modified_gmt":"2022-02-09T10:06:53","slug":"rekord-bei-bike-to-work-65000-velofahrende-schaffen-die-16-millionen-grenze","status":"publish","type":"post","link":"https:\/\/www.organisator.ch\/it\/sustainability\/2018-07-10\/rekord-bei-bike-to-work-65000-velofahrende-schaffen-die-16-millionen-grenze\/","title":{"rendered":"Record di bike to work: 65.000 ciclisti superano la barriera dei 16 milioni"},"content":{"rendered":"<figure id=\"attachment_1776\" aria-describedby=\"caption-attachment-1776\" style=\"width: 576px\" class=\"wp-caption alignnone\"><img loading=\"lazy\" decoding=\"async\" class=\"size-full wp-image-1776\" src=\"\/\/www.umweltperspektiven.ch\/wp-content\/uploads\/2018\/07\/Velokurs_Verkehrsregeln.jpg\" alt=\"\" width=\"576\" height=\"396\" srcset=\"https:\/\/www.organisator.ch\/wp-content\/uploads\/2018\/07\/Velokurs_Verkehrsregeln.jpg 576w, https:\/\/www.organisator.ch\/wp-content\/uploads\/2018\/07\/Velokurs_Verkehrsregeln-18x12.jpg 18w, https:\/\/www.organisator.ch\/wp-content\/uploads\/2018\/07\/Velokurs_Verkehrsregeln-255x175.jpg 255w, https:\/\/www.organisator.ch\/wp-content\/uploads\/2018\/07\/Velokurs_Verkehrsregeln-509x350.jpg 509w, https:\/\/www.organisator.ch\/wp-content\/uploads\/2018\/07\/Velokurs_Verkehrsregeln-300x206.jpg 300w\" sizes=\"auto, (max-width: 576px) 100vw, 576px\" \/><figcaption id=\"caption-attachment-1776\" class=\"wp-caption-text\">Andare al lavoro in bicicletta significa anche prendersi cura gli uni degli altri, risparmiare energia, imparare gli uni dagli altri. (Immagine: Pro Velo Schweiz)<\/figcaption><\/figure>\n<p>Nel 2018, il bike to work ha stabilito un record dopo l'altro: in media, le aziende hanno partecipato alla campagna Pro Velo Schweiz per due mesi quest'anno. Il 51% delle aziende ha partecipato a maggio e giugno. Ci\u00f2 si riflette anche nel numero record di chilometri percorsi, pari a 15,9 milioni (+26%).<\/p>\n<p>In media, ogni partecipante ha percorso 247 chilometri in bicicletta per recarsi al lavoro nell'arco di 19 giorni.<\/p>\n<p><strong>Grande successo<\/strong><\/p>\n<p>\"Il successo del bike to work dimostra quanto sar\u00e0 importante la bicicletta per le aziende in futuro. Le aziende investono sempre di pi\u00f9 nella bicicletta come mezzo di mobilit\u00e0, poich\u00e9 ha effetti positivi sulla salute dei dipendenti, potenziali risparmi nelle infrastrutture e una mobilit\u00e0 efficiente all'interno degli agglomerati urbani\", afferma Matthias Aebischer, Presidente di Pro Velo Schweiz.<\/p>\n<p>Un numero particolarmente elevato di partecipanti si \u00e8 registrato per andare a lavorare in bicicletta negli agglomerati urbani di Zurigo, Berna e Losanna. Nei centri urbani della Svizzera di oggi, la bicicletta \u00e8 molto pi\u00f9 di un semplice mezzo di trasporto: \u00e8 uno stile di vita, una dichiarazione e un divertimento allo stesso tempo. Grazie al bike to work, numerosi partecipanti per la prima volta hanno trovato la strada per la bicicletta e si sono entusiasmati per la campagna ciclistica. Sono rimasti sorpresi da quanto sia facile andare al lavoro in bicicletta e dall'effetto positivo che ha l'uso della bicicletta.<\/p>\n<p>Isabelle K. di Baden ha partecipato per la prima volta quest'anno: \"La sensazione di andare al lavoro in bicicletta sulle strade tranquille del primo mattino \u00e8 unica. Il movimento mi sveglia e allo stesso tempo ho completato la mia prima unit\u00e0 sportiva. E: andare al lavoro in bicicletta acuisce i sensi. All'improvviso si notano cose che prima non esistevano. Posso davvero consigliare a chiunque il bike to work: \u00e8 un'esperienza fantastica che porta movimento e divertimento nella vita di tutti i giorni\".<\/p>\n<p><strong>Promozione della salute di successo per le aziende<\/strong><\/p>\n<p>La bicicletta al lavoro \u00e8 sinonimo di maggiore esercizio fisico nella giornata lavorativa. Chi va al lavoro in bicicletta ha gi\u00e0 fatto parte dell'attivit\u00e0 fisica giornaliera raccomandata. Le misure di promozione della salute in azienda, che comprendono anche il bike to work, hanno anche un'importanza economica. I dipendenti pi\u00f9 sani hanno meno probabilit\u00e0 di assentarsi dal lavoro e sono pi\u00f9 produttivi. In questo modo \u00e8 possibile ridurre i costi derivanti dalle malattie.<\/p>\n<p>&nbsp;<\/p>\n<p><strong>bike to work Challenge 2018 in dettaglio:<\/strong><\/p>\n<p>Partecipante<\/p>\n<p>64.680 partecipanti +18% (anno precedente: 54.780)<\/p>\n<p>Squadre<\/p>\n<p>17.054 squadre +17% (anno precedente: 14.547)<\/p>\n<p>Fattorie<\/p>\n<p>2.114 stabilimenti +12% (anno precedente: 1.885)<\/p>\n<p>Chilometri<\/p>\n<p>15.970.071 chilometri +26% (anno precedente: 12.697.250)<\/p>\n<p>&nbsp;<\/p>\n<p>Equivalenza di CO2*<\/p>\n<p>2.300 tonnellate +26% (anno precedente: 1.828)<\/p>\n<p>*Base di calcolo: 144 g\/km di emissioni di CO2<\/p>\n<p>&nbsp;<\/p>\n<p>Le prime 3 aziende per numero di squadre<\/p>\n<ol>\n<li>Gruppo Migros 425 squadre<\/li>\n<li>Politecnico di Zurigo 280 squadre<\/li>\n<li>Posta 270 squadre<\/li>\n<li><\/li>\n<\/ol>\n<p>I primi 6 cantoni per numero di aziende agricole<\/p>\n<ol>\n<li>Cantone di Zurigo 466 stabilimenti<\/li>\n<li>Cantone di Berna 424 aziende agricole<\/li>\n<li>Cantone Argovia 165 aziende agricole<\/li>\n<li>Cantone San Gallo 158 aziende agricole<\/li>\n<li>Cantone Lucerna 139 aziende agricole<\/li>\n<li>Cantone di Vaud 81 aziende agricole<\/li>\n<\/ol>\n<p>&nbsp;<\/p>\n<p><em>Ulteriori valutazioni e vincitori in questo <a href=\"\/\/www.biketowork.ch\/\">Link<\/a><\/em><\/p>\n<p>&nbsp;<\/p>\n<p>&nbsp;<\/p>\n<p>&nbsp;<\/p>","protected":false},"excerpt":{"rendered":"<p>2018 reiht sich ein Rekord neben den anderen bei bike to work:\u00a0 durchschnittlich sind dieses Jahr die Betriebe zwei Monate bei der Aktion von Pro Velo Schweiz mitgefahren. So nahmen 51 Prozent der Betriebe im Mai &amp; Juni teil. Dies zeigt sich auch in der Rekordzahl der zur\u00fcckgelegten Kilometer von 15,9 Millionen (+26%). Durchschnittlich fuhr [&hellip;]<\/p>\n","protected":false},"author":5,"featured_media":1776,"comment_status":"open","ping_status":"open","sticky":false,"template":"","format":"standard","meta":{"_acf_changed":false,"_yoast_wpseo_focuskw":"bike to work","_yoast_wpseo_metadesc":"Die bike to work Challenge 2018 bricht alle Rekorde: mehr Teilnehmende, mehr Teams, mehr Betriebe und mehr Kilometer, die Schweizer Betriebe aufweisen!","articlekey":"","footnotes":""},"categories":[580],"tags":[81,424,2432],"class_list":["post-1775","post","type-post","status-publish","format-standard","has-post-thumbnail","hentry","category-sustainability","tag-bike-to-work","tag-schweiz","tag-velofahren"],"acf":[],"yoast_head":"<!-- This site is optimized with the Yoast SEO plugin v27.4 - https:\/\/yoast.com\/product\/yoast-seo-wordpress\/ -->\n<title>Rekord bei bike to work: 65\u2019000 Velofahrende schaffen die 16-Millionen-Grenze - Organisator<\/title>\n<meta name=\"description\" content=\"Die bike to work Challenge 2018 bricht alle Rekorde: mehr Teilnehmende, mehr Teams, mehr Betriebe und mehr Kilometer, die Schweizer Betriebe aufweisen!\" \/>\n<meta name=\"robots\" content=\"index, follow, max-snippet:-1, max-image-preview:large, max-video-preview:-1\" \/>\n<link rel=\"canonical\" href=\"https:\/\/www.organisator.ch\/it\/sostenibilita\/2018-07-10\/rekord-bei-bike-to-work-65000-velofahrende-schaffen-die-16-millionen-grenze\/\" \/>\n<meta property=\"og:locale\" content=\"it_IT\" \/>\n<meta property=\"og:type\" content=\"article\" \/>\n<meta property=\"og:title\" content=\"Rekord bei bike to work: 65\u2019000 Velofahrende schaffen die 16-Millionen-Grenze - Organisator\" \/>\n<meta property=\"og:description\" content=\"Die bike to work Challenge 2018 bricht alle Rekorde: mehr Teilnehmende, mehr Teams, mehr Betriebe und mehr Kilometer, die Schweizer Betriebe aufweisen!\" \/>\n<meta property=\"og:url\" content=\"https:\/\/www.organisator.ch\/it\/sostenibilita\/2018-07-10\/rekord-bei-bike-to-work-65000-velofahrende-schaffen-die-16-millionen-grenze\/\" \/>\n<meta property=\"og:site_name\" content=\"Organisator\" \/>\n<meta property=\"article:publisher\" content=\"https:\/\/www.facebook.com\/OrganisatorFachmagazin\" \/>\n<meta property=\"article:published_time\" content=\"2018-07-10T09:41:14+00:00\" \/>\n<meta property=\"article:modified_time\" content=\"2022-02-09T10:06:53+00:00\" \/>\n<meta property=\"og:image\" content=\"https:\/\/www.organisator.ch\/wp-content\/uploads\/2018\/07\/Velokurs_Verkehrsregeln.jpg\" \/>\n\t<meta property=\"og:image:width\" content=\"576\" \/>\n\t<meta property=\"og:image:height\" content=\"396\" \/>\n\t<meta property=\"og:image:type\" content=\"image\/jpeg\" \/>\n<meta name=\"author\" content=\"michael.merz\" \/>\n<meta name=\"twitter:card\" content=\"summary_large_image\" \/>\n<script type=\"application\/ld+json\" class=\"yoast-schema-graph\">{\"@context\":\"https:\\\/\\\/schema.org\",\"@graph\":[{\"@type\":\"Article\",\"@id\":\"https:\\\/\\\/www.organisator.ch\\\/sustainability\\\/2018-07-10\\\/rekord-bei-bike-to-work-65000-velofahrende-schaffen-die-16-millionen-grenze\\\/#article\",\"isPartOf\":{\"@id\":\"https:\\\/\\\/www.organisator.ch\\\/sustainability\\\/2018-07-10\\\/rekord-bei-bike-to-work-65000-velofahrende-schaffen-die-16-millionen-grenze\\\/\"},\"author\":{\"name\":\"michael.merz\",\"@id\":\"https:\\\/\\\/www.organisator.ch\\\/#\\\/schema\\\/person\\\/134708ca9321c57b0362cceb7948ffbd\"},\"headline\":\"Rekord bei bike to work: 65\u2019000 Velofahrende schaffen die 16-Millionen-Grenze\",\"datePublished\":\"2018-07-10T09:41:14+00:00\",\"dateModified\":\"2022-02-09T10:06:53+00:00\",\"mainEntityOfPage\":{\"@id\":\"https:\\\/\\\/www.organisator.ch\\\/sustainability\\\/2018-07-10\\\/rekord-bei-bike-to-work-65000-velofahrende-schaffen-die-16-millionen-grenze\\\/\"},\"wordCount\":483,\"commentCount\":0,\"publisher\":{\"@id\":\"https:\\\/\\\/www.organisator.ch\\\/#organization\"},\"image\":{\"@id\":\"https:\\\/\\\/www.organisator.ch\\\/sustainability\\\/2018-07-10\\\/rekord-bei-bike-to-work-65000-velofahrende-schaffen-die-16-millionen-grenze\\\/#primaryimage\"},\"thumbnailUrl\":\"https:\\\/\\\/www.organisator.ch\\\/wp-content\\\/uploads\\\/2018\\\/07\\\/Velokurs_Verkehrsregeln.jpg\",\"keywords\":[\"Bike to Work\",\"Schweiz\",\"Velofahren\"],\"articleSection\":[\"SUSTAINABILITY\"],\"inLanguage\":\"it-IT\"},{\"@type\":\"WebPage\",\"@id\":\"https:\\\/\\\/www.organisator.ch\\\/sustainability\\\/2018-07-10\\\/rekord-bei-bike-to-work-65000-velofahrende-schaffen-die-16-millionen-grenze\\\/\",\"url\":\"https:\\\/\\\/www.organisator.ch\\\/sustainability\\\/2018-07-10\\\/rekord-bei-bike-to-work-65000-velofahrende-schaffen-die-16-millionen-grenze\\\/\",\"name\":\"Rekord bei bike to work: 65\u2019000 Velofahrende schaffen die 16-Millionen-Grenze - Organisator\",\"isPartOf\":{\"@id\":\"https:\\\/\\\/www.organisator.ch\\\/#website\"},\"primaryImageOfPage\":{\"@id\":\"https:\\\/\\\/www.organisator.ch\\\/sustainability\\\/2018-07-10\\\/rekord-bei-bike-to-work-65000-velofahrende-schaffen-die-16-millionen-grenze\\\/#primaryimage\"},\"image\":{\"@id\":\"https:\\\/\\\/www.organisator.ch\\\/sustainability\\\/2018-07-10\\\/rekord-bei-bike-to-work-65000-velofahrende-schaffen-die-16-millionen-grenze\\\/#primaryimage\"},\"thumbnailUrl\":\"https:\\\/\\\/www.organisator.ch\\\/wp-content\\\/uploads\\\/2018\\\/07\\\/Velokurs_Verkehrsregeln.jpg\",\"datePublished\":\"2018-07-10T09:41:14+00:00\",\"dateModified\":\"2022-02-09T10:06:53+00:00\",\"description\":\"Die bike to work Challenge 2018 bricht alle Rekorde: mehr Teilnehmende, mehr Teams, mehr Betriebe und mehr Kilometer, die Schweizer Betriebe aufweisen!\",\"breadcrumb\":{\"@id\":\"https:\\\/\\\/www.organisator.ch\\\/sustainability\\\/2018-07-10\\\/rekord-bei-bike-to-work-65000-velofahrende-schaffen-die-16-millionen-grenze\\\/#breadcrumb\"},\"inLanguage\":\"it-IT\",\"potentialAction\":[{\"@type\":\"ReadAction\",\"target\":[\"https:\\\/\\\/www.organisator.ch\\\/sustainability\\\/2018-07-10\\\/rekord-bei-bike-to-work-65000-velofahrende-schaffen-die-16-millionen-grenze\\\/\"]}]},{\"@type\":\"ImageObject\",\"inLanguage\":\"it-IT\",\"@id\":\"https:\\\/\\\/www.organisator.ch\\\/sustainability\\\/2018-07-10\\\/rekord-bei-bike-to-work-65000-velofahrende-schaffen-die-16-millionen-grenze\\\/#primaryimage\",\"url\":\"https:\\\/\\\/www.organisator.ch\\\/wp-content\\\/uploads\\\/2018\\\/07\\\/Velokurs_Verkehrsregeln.jpg\",\"contentUrl\":\"https:\\\/\\\/www.organisator.ch\\\/wp-content\\\/uploads\\\/2018\\\/07\\\/Velokurs_Verkehrsregeln.jpg\",\"width\":576,\"height\":396,\"caption\":\"Mit dem Velo zur Arbeit fahren, heisst auch aufeinander Acht zu tragen, Energie zu sparen, voneinander zu lernen. (Bild: Pro Velo Schweiz)\"},{\"@type\":\"BreadcrumbList\",\"@id\":\"https:\\\/\\\/www.organisator.ch\\\/sustainability\\\/2018-07-10\\\/rekord-bei-bike-to-work-65000-velofahrende-schaffen-die-16-millionen-grenze\\\/#breadcrumb\",\"itemListElement\":[{\"@type\":\"ListItem\",\"position\":1,\"name\":\"Home\",\"item\":\"https:\\\/\\\/www.organisator.ch\\\/\"},{\"@type\":\"ListItem\",\"position\":2,\"name\":\"Rekord bei bike to work: 65\u2019000 Velofahrende schaffen die 16-Millionen-Grenze\"}]},{\"@type\":\"WebSite\",\"@id\":\"https:\\\/\\\/www.organisator.ch\\\/#website\",\"url\":\"https:\\\/\\\/www.organisator.ch\\\/\",\"name\":\"Organisator\",\"description\":\"Kompetent. Praxisnah. Der ORGANISATOR bereitet in 10 Ausgaben pro Jahr die wesentlichen Themen f\u00fcr F\u00fchrungskr\u00e4fte von KMU auf.\",\"publisher\":{\"@id\":\"https:\\\/\\\/www.organisator.ch\\\/#organization\"},\"potentialAction\":[{\"@type\":\"SearchAction\",\"target\":{\"@type\":\"EntryPoint\",\"urlTemplate\":\"https:\\\/\\\/www.organisator.ch\\\/?s={search_term_string}\"},\"query-input\":{\"@type\":\"PropertyValueSpecification\",\"valueRequired\":true,\"valueName\":\"search_term_string\"}}],\"inLanguage\":\"it-IT\"},{\"@type\":\"Organization\",\"@id\":\"https:\\\/\\\/www.organisator.ch\\\/#organization\",\"name\":\"Organisator\",\"url\":\"https:\\\/\\\/www.organisator.ch\\\/\",\"logo\":{\"@type\":\"ImageObject\",\"inLanguage\":\"it-IT\",\"@id\":\"https:\\\/\\\/www.organisator.ch\\\/#\\\/schema\\\/logo\\\/image\\\/\",\"url\":\"https:\\\/\\\/www.organisator.ch\\\/wp-content\\\/uploads\\\/2022\\\/01\\\/Logo_Organisator_Website.png\",\"contentUrl\":\"https:\\\/\\\/www.organisator.ch\\\/wp-content\\\/uploads\\\/2022\\\/01\\\/Logo_Organisator_Website.png\",\"width\":800,\"height\":77,\"caption\":\"Organisator\"},\"image\":{\"@id\":\"https:\\\/\\\/www.organisator.ch\\\/#\\\/schema\\\/logo\\\/image\\\/\"},\"sameAs\":[\"https:\\\/\\\/www.facebook.com\\\/OrganisatorFachmagazin\",\"https:\\\/\\\/www.linkedin.com\\\/showcase\\\/organisator-das-magazin-fr-kmu\",\"https:\\\/\\\/www.xing.com\\\/news\\\/pages\\\/organisator-ch-695\",\"https:\\\/\\\/www.youtube.com\\\/channel\\\/UCGP2Sq0iWaZwT3BdIAQFYpw\"]},{\"@type\":\"Person\",\"@id\":\"https:\\\/\\\/www.organisator.ch\\\/#\\\/schema\\\/person\\\/134708ca9321c57b0362cceb7948ffbd\",\"name\":\"michael.merz\",\"image\":{\"@type\":\"ImageObject\",\"inLanguage\":\"it-IT\",\"@id\":\"https:\\\/\\\/secure.gravatar.com\\\/avatar\\\/?s=96&d=mm&r=g\",\"url\":\"https:\\\/\\\/secure.gravatar.com\\\/avatar\\\/?s=96&d=mm&r=g\",\"contentUrl\":\"https:\\\/\\\/secure.gravatar.com\\\/avatar\\\/?s=96&d=mm&r=g\",\"caption\":\"michael.merz\"},\"url\":\"https:\\\/\\\/www.organisator.ch\\\/it\\\/author\\\/michael-merz\\\/\"}]}<\/script>\n<!-- \/ Yoast SEO plugin. -->","yoast_head_json":{"title":"Record di bike to work: 65.000 ciclisti rompono la barriera dei 16 milioni - organizzatore","description":"La Bike to Work Challenge 2018 sta battendo tutti i record: pi\u00f9 partecipanti, pi\u00f9 squadre, pi\u00f9 aziende e pi\u00f9 chilometri percorsi dalle aziende svizzere!","robots":{"index":"index","follow":"follow","max-snippet":"max-snippet:-1","max-image-preview":"max-image-preview:large","max-video-preview":"max-video-preview:-1"},"canonical":"https:\/\/www.organisator.ch\/it\/sostenibilita\/2018-07-10\/rekord-bei-bike-to-work-65000-velofahrende-schaffen-die-16-millionen-grenze\/","og_locale":"it_IT","og_type":"article","og_title":"Rekord bei bike to work: 65\u2019000 Velofahrende schaffen die 16-Millionen-Grenze - Organisator","og_description":"Die bike to work Challenge 2018 bricht alle Rekorde: mehr Teilnehmende, mehr Teams, mehr Betriebe und mehr Kilometer, die Schweizer Betriebe aufweisen!","og_url":"https:\/\/www.organisator.ch\/it\/sostenibilita\/2018-07-10\/rekord-bei-bike-to-work-65000-velofahrende-schaffen-die-16-millionen-grenze\/","og_site_name":"Organisator","article_publisher":"https:\/\/www.facebook.com\/OrganisatorFachmagazin","article_published_time":"2018-07-10T09:41:14+00:00","article_modified_time":"2022-02-09T10:06:53+00:00","og_image":[{"width":576,"height":396,"url":"https:\/\/www.organisator.ch\/wp-content\/uploads\/2018\/07\/Velokurs_Verkehrsregeln.jpg","type":"image\/jpeg"}],"author":"michael.merz","twitter_card":"summary_large_image","schema":{"@context":"https:\/\/schema.org","@graph":[{"@type":"Article","@id":"https:\/\/www.organisator.ch\/sustainability\/2018-07-10\/rekord-bei-bike-to-work-65000-velofahrende-schaffen-die-16-millionen-grenze\/#article","isPartOf":{"@id":"https:\/\/www.organisator.ch\/sustainability\/2018-07-10\/rekord-bei-bike-to-work-65000-velofahrende-schaffen-die-16-millionen-grenze\/"},"author":{"name":"michael.merz","@id":"https:\/\/www.organisator.ch\/#\/schema\/person\/134708ca9321c57b0362cceb7948ffbd"},"headline":"Rekord bei bike to work: 65\u2019000 Velofahrende schaffen die 16-Millionen-Grenze","datePublished":"2018-07-10T09:41:14+00:00","dateModified":"2022-02-09T10:06:53+00:00","mainEntityOfPage":{"@id":"https:\/\/www.organisator.ch\/sustainability\/2018-07-10\/rekord-bei-bike-to-work-65000-velofahrende-schaffen-die-16-millionen-grenze\/"},"wordCount":483,"commentCount":0,"publisher":{"@id":"https:\/\/www.organisator.ch\/#organization"},"image":{"@id":"https:\/\/www.organisator.ch\/sustainability\/2018-07-10\/rekord-bei-bike-to-work-65000-velofahrende-schaffen-die-16-millionen-grenze\/#primaryimage"},"thumbnailUrl":"https:\/\/www.organisator.ch\/wp-content\/uploads\/2018\/07\/Velokurs_Verkehrsregeln.jpg","keywords":["Bike to Work","Schweiz","Velofahren"],"articleSection":["SUSTAINABILITY"],"inLanguage":"it-IT"},{"@type":"WebPage","@id":"https:\/\/www.organisator.ch\/sustainability\/2018-07-10\/rekord-bei-bike-to-work-65000-velofahrende-schaffen-die-16-millionen-grenze\/","url":"https:\/\/www.organisator.ch\/sustainability\/2018-07-10\/rekord-bei-bike-to-work-65000-velofahrende-schaffen-die-16-millionen-grenze\/","name":"Record di bike to work: 65.000 ciclisti rompono la barriera dei 16 milioni - organizzatore","isPartOf":{"@id":"https:\/\/www.organisator.ch\/#website"},"primaryImageOfPage":{"@id":"https:\/\/www.organisator.ch\/sustainability\/2018-07-10\/rekord-bei-bike-to-work-65000-velofahrende-schaffen-die-16-millionen-grenze\/#primaryimage"},"image":{"@id":"https:\/\/www.organisator.ch\/sustainability\/2018-07-10\/rekord-bei-bike-to-work-65000-velofahrende-schaffen-die-16-millionen-grenze\/#primaryimage"},"thumbnailUrl":"https:\/\/www.organisator.ch\/wp-content\/uploads\/2018\/07\/Velokurs_Verkehrsregeln.jpg","datePublished":"2018-07-10T09:41:14+00:00","dateModified":"2022-02-09T10:06:53+00:00","description":"La Bike to Work Challenge 2018 sta battendo tutti i record: pi\u00f9 partecipanti, pi\u00f9 squadre, pi\u00f9 aziende e pi\u00f9 chilometri percorsi dalle aziende svizzere!","breadcrumb":{"@id":"https:\/\/www.organisator.ch\/sustainability\/2018-07-10\/rekord-bei-bike-to-work-65000-velofahrende-schaffen-die-16-millionen-grenze\/#breadcrumb"},"inLanguage":"it-IT","potentialAction":[{"@type":"ReadAction","target":["https:\/\/www.organisator.ch\/sustainability\/2018-07-10\/rekord-bei-bike-to-work-65000-velofahrende-schaffen-die-16-millionen-grenze\/"]}]},{"@type":"ImageObject","inLanguage":"it-IT","@id":"https:\/\/www.organisator.ch\/sustainability\/2018-07-10\/rekord-bei-bike-to-work-65000-velofahrende-schaffen-die-16-millionen-grenze\/#primaryimage","url":"https:\/\/www.organisator.ch\/wp-content\/uploads\/2018\/07\/Velokurs_Verkehrsregeln.jpg","contentUrl":"https:\/\/www.organisator.ch\/wp-content\/uploads\/2018\/07\/Velokurs_Verkehrsregeln.jpg","width":576,"height":396,"caption":"Mit dem Velo zur Arbeit fahren, heisst auch aufeinander Acht zu tragen, Energie zu sparen, voneinander zu lernen. (Bild: Pro Velo Schweiz)"},{"@type":"BreadcrumbList","@id":"https:\/\/www.organisator.ch\/sustainability\/2018-07-10\/rekord-bei-bike-to-work-65000-velofahrende-schaffen-die-16-millionen-grenze\/#breadcrumb","itemListElement":[{"@type":"ListItem","position":1,"name":"Home","item":"https:\/\/www.organisator.ch\/"},{"@type":"ListItem","position":2,"name":"Rekord bei bike to work: 65\u2019000 Velofahrende schaffen die 16-Millionen-Grenze"}]},{"@type":"WebSite","@id":"https:\/\/www.organisator.ch\/#website","url":"https:\/\/www.organisator.ch\/","name":"Organizzatore","description":"Competente. Pratico. In 10 numeri all'anno, ORGANISATOR presenta i temi essenziali per i manager delle PMI.","publisher":{"@id":"https:\/\/www.organisator.ch\/#organization"},"potentialAction":[{"@type":"SearchAction","target":{"@type":"EntryPoint","urlTemplate":"https:\/\/www.organisator.ch\/?s={search_term_string}"},"query-input":{"@type":"PropertyValueSpecification","valueRequired":true,"valueName":"search_term_string"}}],"inLanguage":"it-IT"},{"@type":"Organization","@id":"https:\/\/www.organisator.ch\/#organization","name":"Organizzatore","url":"https:\/\/www.organisator.ch\/","logo":{"@type":"ImageObject","inLanguage":"it-IT","@id":"https:\/\/www.organisator.ch\/#\/schema\/logo\/image\/","url":"https:\/\/www.organisator.ch\/wp-content\/uploads\/2022\/01\/Logo_Organisator_Website.png","contentUrl":"https:\/\/www.organisator.ch\/wp-content\/uploads\/2022\/01\/Logo_Organisator_Website.png","width":800,"height":77,"caption":"Organisator"},"image":{"@id":"https:\/\/www.organisator.ch\/#\/schema\/logo\/image\/"},"sameAs":["https:\/\/www.facebook.com\/OrganisatorFachmagazin","https:\/\/www.linkedin.com\/showcase\/organisator-das-magazin-fr-kmu","https:\/\/www.xing.com\/news\/pages\/organisator-ch-695","https:\/\/www.youtube.com\/channel\/UCGP2Sq0iWaZwT3BdIAQFYpw"]},{"@type":"Person","@id":"https:\/\/www.organisator.ch\/#\/schema\/person\/134708ca9321c57b0362cceb7948ffbd","name":"michael.merz","image":{"@type":"ImageObject","inLanguage":"it-IT","@id":"https:\/\/secure.gravatar.com\/avatar\/?s=96&d=mm&r=g","url":"https:\/\/secure.gravatar.com\/avatar\/?s=96&d=mm&r=g","contentUrl":"https:\/\/secure.gravatar.com\/avatar\/?s=96&d=mm&r=g","caption":"michael.merz"},"url":"https:\/\/www.organisator.ch\/it\/author\/michael-merz\/"}]}},"_links":{"self":[{"href":"https:\/\/www.organisator.ch\/it\/wp-json\/wp\/v2\/posts\/1775","targetHints":{"allow":["GET"]}}],"collection":[{"href":"https:\/\/www.organisator.ch\/it\/wp-json\/wp\/v2\/posts"}],"about":[{"href":"https:\/\/www.organisator.ch\/it\/wp-json\/wp\/v2\/types\/post"}],"author":[{"embeddable":true,"href":"https:\/\/www.organisator.ch\/it\/wp-json\/wp\/v2\/users\/5"}],"replies":[{"embeddable":true,"href":"https:\/\/www.organisator.ch\/it\/wp-json\/wp\/v2\/comments?post=1775"}],"version-history":[{"count":1,"href":"https:\/\/www.organisator.ch\/it\/wp-json\/wp\/v2\/posts\/1775\/revisions"}],"predecessor-version":[{"id":10709,"href":"https:\/\/www.organisator.ch\/it\/wp-json\/wp\/v2\/posts\/1775\/revisions\/10709"}],"wp:featuredmedia":[{"embeddable":true,"href":"https:\/\/www.organisator.ch\/it\/wp-json\/wp\/v2\/media\/1776"}],"wp:attachment":[{"href":"https:\/\/www.organisator.ch\/it\/wp-json\/wp\/v2\/media?parent=1775"}],"wp:term":[{"taxonomy":"category","embeddable":true,"href":"https:\/\/www.organisator.ch\/it\/wp-json\/wp\/v2\/categories?post=1775"},{"taxonomy":"post_tag","embeddable":true,"href":"https:\/\/www.organisator.ch\/it\/wp-json\/wp\/v2\/tags?post=1775"}],"curies":[{"name":"wp","href":"https:\/\/api.w.org\/{rel}","templated":true}]}}