{"id":1778,"date":"2018-07-09T12:40:14","date_gmt":"2018-07-09T10:40:14","guid":{"rendered":"https:\/\/www.umweltperspektiven.ch\/?p=1778"},"modified":"2022-02-09T11:05:36","modified_gmt":"2022-02-09T10:05:36","slug":"129000-tonnen-elektroschrott-im-2017-gesammelt","status":"publish","type":"post","link":"https:\/\/www.organisator.ch\/it\/sustainability\/2018-07-09\/129000-tonnen-elektroschrott-im-2017-gesammelt\/","title":{"rendered":"129.000 tonnellate di rifiuti elettronici raccolti nel 2017"},"content":{"rendered":"<figure id=\"attachment_1779\" aria-describedby=\"caption-attachment-1779\" style=\"width: 680px\" class=\"wp-caption alignnone\"><img loading=\"lazy\" decoding=\"async\" class=\"size-medium wp-image-1779\" src=\"\/\/www.umweltperspektiven.ch\/wp-content\/uploads\/2018\/07\/radon2.jpg\" alt=\"\" width=\"680\" height=\"467\" \/><figcaption id=\"caption-attachment-1779\" class=\"wp-caption-text\">Non \u00e8 solo nei garage dei consumatori che ci sono sempre meno tubi catodici. (Immagine: depositphotos)<\/figcaption><\/figure>\n<p>Non tutte le apparecchiature elettriche ed elettroniche restituite in Svizzera sono rifiuti elettronici. Da un lato, nel vecchio apparecchio c'\u00e8 ancora una tassa di riciclaggio anticipata (TRA), che viene sostenuta quando si acquista un nuovo prodotto. D'altra parte, nei molti dispositivi elettronici riciclabili si possono trovare componenti di valore.<\/p>\n<p>Il riciclaggio degli apparecchi elettronici \u00e8 organizzato e gestito dai due sistemi di ritiro Swico Recycling e SENS eRecycling. Nel 2017 sono state generate 129.218 tonnellate di rifiuti elettronici (l'anno precedente 137.808). Ci\u00f2 corrisponde a 15 kg per abitante. In termini di peso totale, il 62% \u00e8 rappresentato da elettrodomestici e lampadine (SENS eRecycling), mentre il 38% da vecchie apparecchiature informatiche, di telecomunicazione e di elettronica di consumo (Swico Recycling).<\/p>\n<p><strong>L'ammaccatura del televisore \u00e8 ancora evidente<\/strong><br \/>\nLa tendenza verso prodotti ICT pi\u00f9 potenti e allo stesso tempo pi\u00f9 leggeri \u00e8 proseguita nel 2017. Sono state restituite 48.525 tonnellate di apparecchiature informatiche, elettroniche di consumo e di telecomunicazione (l'anno precedente 52.362 tonnellate). Il numero di articoli ha continuato ad aumentare, ma il peso totale delle quantit\u00e0 ritirate da Swico Recycling \u00e8 diminuito di circa il 7,3%. Il principale fattore trainante rimane il cambiamento tecnologico dei televisori, che rappresentano gran parte delle tonnellate di Swico: Mentre un tempo i televisori CRT venivano restituiti, oggi gli schermi piatti sono sempre pi\u00f9 leggeri. Il numero di monitor PC CRT restituiti \u00e8 diminuito del 26%, mentre il numero di televisori CRT \u00e8 sceso del 24%.<\/p>\n<p><strong>Sempre pi\u00f9 persone si uniscono a noi<\/strong><\/p>\n<p>Il sistema di ritiro volontario Swico Recycling \u00e8 molto apprezzato anche dai produttori e dagli importatori di ICT, elettronica di consumo e tecnologia per ufficio. Il numero dei firmatari della convenzione, ossia delle aziende che partecipano al sistema e aggiungono la quota di riciclaggio anticipato alle loro apparecchiature, \u00e8 cresciuto lo scorso anno di 42 nuovi partner, arrivando a 568 aziende (+8%). \u00c8 gratificante che in Svizzera non ci siano free rider nel settore dell'ICT e dell'elettronica di consumo che mettano in pericolo la solidariet\u00e0. Ulteriori dati e informazioni sono disponibili nel documento <a href=\"\/\/swico.us7.list-manage.com\/track\/click?u=04612cfcc7c2a1d40b4229878&amp;id=8308413c7f&amp;e=b74ab90633\">Rapporto annuale Swico 2017<\/a>.<\/p>\n<p><strong>Conto del fondo presso la SENS eRecycling bilanciato<\/strong><br \/>\nL'anno scorso SENS eRecycling ha rivisto il sistema di ridenominazione volontaria e lo ha reso ancora pi\u00f9 snello ed efficiente. Grazie a questo aggiornamento proattivo del sistema e ai buoni prezzi delle materie prime, la SENS pu\u00f2 vantare un risultato soddisfacente nell'anno d'esercizio 2017 e pu\u00f2 cos\u00ec compensare le mancate entrate nel fondo derivanti dagli acquisti all'estero e dal commercio online estero. Con 722 produttori e importatori affiliati, il sistema di ritiro \u00e8 ben posizionato e ampiamente supportato in tutta la Svizzera. Per ulteriori informazioni sui dati e sui punti salienti del 2017, consultare il documento <a href=\"\/\/swico.us7.list-manage.com\/track\/click?u=04612cfcc7c2a1d40b4229878&amp;id=88c71d6f87&amp;e=b74ab90633\">Relazione annuale 2017<\/a>.<\/p>\n<p><strong>Quantit\u00e0 di ritiro degli elettrodomestici simili a quelle dell'anno precedente<\/strong><br \/>\nNel sistema SENS sono state ritirate e trattate 80.000 tonnellate di apparecchiature elettriche ed elettroniche. La quantit\u00e0 ritirata \u00e8 rimasta invariata o addirittura leggermente diminuita in quasi tutte le categorie rispetto all'anno precedente. Lo sviluppo del fotovoltaico \u00e8 entusiasmante: dall'inizio del 2015 i moduli sono stati ritirati in tutti i punti di raccolta SENS. Gli impianti fotovoltaici di prima generazione vengono ora continuamente smantellati e sostituiti da sistemi moderni ed efficienti. Questa tendenza si riflette molto chiaramente nei tassi di ritiro: Mentre nel 2015 sono state riciclate con la SENS circa 70 tonnellate di moduli fotovoltaici ciascuno, nel 2017 questa cifra era gi\u00e0 di circa 337 tonnellate. Tuttavia, si tratta ancora di quantit\u00e0 molto ridotte.<\/p>\n<p>Informazioni dettagliate sulle singole categorie di dispositivi sono disponibili nella relazione tecnica sui nostri rispettivi siti web: <a href=\"\/\/swico.us7.list-manage.com\/track\/click?u=04612cfcc7c2a1d40b4229878&amp;id=0456f966cf&amp;e=b74ab90633\">swico.ch<\/a> e <a href=\"\/\/swico.us7.list-manage.com\/track\/click?u=04612cfcc7c2a1d40b4229878&amp;id=3a6c691b23&amp;e=b74ab90633\">eRecycling.ch<\/a><\/p>","protected":false},"excerpt":{"rendered":"<p>Es ist nicht alles Elektroschrott, was in der Schweiz an Elektro- und Elektronik-Ger\u00e4te zur\u00fcck gebracht wird. Einersseits steckt noch ein vorgezogener Recyclingbeitrag (VRB), der beim Kauf eines neuen Produkts anf\u00e4llt, im Altger\u00e4t. Andererseits finden sich in den vielen recycelbaren Elektronikger\u00e4ten wertvolle Komponenten. Organisiert und verwaltet wird das Elektronik-Recycling durch die beiden R\u00fccknahmesysteme Swico Recycling und [&hellip;]<\/p>\n","protected":false},"author":5,"featured_media":9558,"comment_status":"open","ping_status":"open","sticky":false,"template":"","format":"standard","meta":{"_acf_changed":false,"_yoast_wpseo_focuskw":"Elektroschrott","_yoast_wpseo_metadesc":"Elektroschrott l\u00e4sst gr\u00fcssen: Die Schweizer Bev\u00f6lkerung hat im Jahr 2017 etwas \u00fcber 129\u2019000 Tonnen Elektro- und Elektronik-Altger\u00e4te entsorgt.","articlekey":"","footnotes":""},"categories":[580],"tags":[1007,1033,1987,424],"class_list":["post-1778","post","type-post","status-publish","format-standard","has-post-thumbnail","hentry","category-sustainability","tag-e-recycling","tag-elektro-schrott","tag-recycling","tag-schweiz"],"acf":[],"yoast_head":"<!-- This site is optimized with the Yoast SEO plugin v27.4 - https:\/\/yoast.com\/product\/yoast-seo-wordpress\/ -->\n<title>129\u2018000 Tonnen Elektroschrott im 2017 gesammelt - Organisator<\/title>\n<meta name=\"description\" content=\"Elektroschrott l\u00e4sst gr\u00fcssen: Die Schweizer Bev\u00f6lkerung hat im Jahr 2017 etwas \u00fcber 129\u2019000 Tonnen Elektro- und Elektronik-Altger\u00e4te entsorgt.\" \/>\n<meta name=\"robots\" content=\"index, follow, max-snippet:-1, max-image-preview:large, max-video-preview:-1\" \/>\n<link rel=\"canonical\" href=\"https:\/\/www.organisator.ch\/it\/sostenibilita\/2018-07-09\/129000-tonnen-elektroschrott-im-2017-gesammelt\/\" \/>\n<meta property=\"og:locale\" content=\"it_IT\" \/>\n<meta property=\"og:type\" content=\"article\" \/>\n<meta property=\"og:title\" content=\"129\u2018000 Tonnen Elektroschrott im 2017 gesammelt - Organisator\" \/>\n<meta property=\"og:description\" content=\"Elektroschrott l\u00e4sst gr\u00fcssen: Die Schweizer Bev\u00f6lkerung hat im Jahr 2017 etwas \u00fcber 129\u2019000 Tonnen Elektro- und Elektronik-Altger\u00e4te entsorgt.\" \/>\n<meta property=\"og:url\" content=\"https:\/\/www.organisator.ch\/it\/sostenibilita\/2018-07-09\/129000-tonnen-elektroschrott-im-2017-gesammelt\/\" \/>\n<meta property=\"og:site_name\" content=\"Organisator\" \/>\n<meta property=\"article:publisher\" content=\"https:\/\/www.facebook.com\/OrganisatorFachmagazin\" \/>\n<meta property=\"article:published_time\" content=\"2018-07-09T10:40:14+00:00\" \/>\n<meta property=\"article:modified_time\" content=\"2022-02-09T10:05:36+00:00\" \/>\n<meta property=\"og:image\" content=\"https:\/\/www.organisator.ch\/wp-content\/uploads\/2018\/07\/radon2.jpg\" \/>\n\t<meta property=\"og:image:width\" content=\"1497\" \/>\n\t<meta property=\"og:image:height\" content=\"1028\" \/>\n\t<meta property=\"og:image:type\" content=\"image\/jpeg\" \/>\n<meta name=\"author\" content=\"michael.merz\" \/>\n<meta name=\"twitter:card\" content=\"summary_large_image\" \/>\n<script type=\"application\/ld+json\" class=\"yoast-schema-graph\">{\"@context\":\"https:\\\/\\\/schema.org\",\"@graph\":[{\"@type\":\"Article\",\"@id\":\"https:\\\/\\\/www.organisator.ch\\\/sustainability\\\/2018-07-09\\\/129000-tonnen-elektroschrott-im-2017-gesammelt\\\/#article\",\"isPartOf\":{\"@id\":\"https:\\\/\\\/www.organisator.ch\\\/sustainability\\\/2018-07-09\\\/129000-tonnen-elektroschrott-im-2017-gesammelt\\\/\"},\"author\":{\"name\":\"michael.merz\",\"@id\":\"https:\\\/\\\/www.organisator.ch\\\/#\\\/schema\\\/person\\\/134708ca9321c57b0362cceb7948ffbd\"},\"headline\":\"129\u2018000 Tonnen Elektroschrott im 2017 gesammelt\",\"datePublished\":\"2018-07-09T10:40:14+00:00\",\"dateModified\":\"2022-02-09T10:05:36+00:00\",\"mainEntityOfPage\":{\"@id\":\"https:\\\/\\\/www.organisator.ch\\\/sustainability\\\/2018-07-09\\\/129000-tonnen-elektroschrott-im-2017-gesammelt\\\/\"},\"wordCount\":529,\"commentCount\":0,\"publisher\":{\"@id\":\"https:\\\/\\\/www.organisator.ch\\\/#organization\"},\"image\":{\"@id\":\"https:\\\/\\\/www.organisator.ch\\\/sustainability\\\/2018-07-09\\\/129000-tonnen-elektroschrott-im-2017-gesammelt\\\/#primaryimage\"},\"thumbnailUrl\":\"https:\\\/\\\/www.organisator.ch\\\/wp-content\\\/uploads\\\/2018\\\/07\\\/radon2.jpg\",\"keywords\":[\"E-Recycling\",\"Elektro-Schrott\",\"Recycling\",\"Schweiz\"],\"articleSection\":[\"SUSTAINABILITY\"],\"inLanguage\":\"it-IT\"},{\"@type\":\"WebPage\",\"@id\":\"https:\\\/\\\/www.organisator.ch\\\/sustainability\\\/2018-07-09\\\/129000-tonnen-elektroschrott-im-2017-gesammelt\\\/\",\"url\":\"https:\\\/\\\/www.organisator.ch\\\/sustainability\\\/2018-07-09\\\/129000-tonnen-elektroschrott-im-2017-gesammelt\\\/\",\"name\":\"129\u2018000 Tonnen Elektroschrott im 2017 gesammelt - Organisator\",\"isPartOf\":{\"@id\":\"https:\\\/\\\/www.organisator.ch\\\/#website\"},\"primaryImageOfPage\":{\"@id\":\"https:\\\/\\\/www.organisator.ch\\\/sustainability\\\/2018-07-09\\\/129000-tonnen-elektroschrott-im-2017-gesammelt\\\/#primaryimage\"},\"image\":{\"@id\":\"https:\\\/\\\/www.organisator.ch\\\/sustainability\\\/2018-07-09\\\/129000-tonnen-elektroschrott-im-2017-gesammelt\\\/#primaryimage\"},\"thumbnailUrl\":\"https:\\\/\\\/www.organisator.ch\\\/wp-content\\\/uploads\\\/2018\\\/07\\\/radon2.jpg\",\"datePublished\":\"2018-07-09T10:40:14+00:00\",\"dateModified\":\"2022-02-09T10:05:36+00:00\",\"description\":\"Elektroschrott l\u00e4sst gr\u00fcssen: Die Schweizer Bev\u00f6lkerung hat im Jahr 2017 etwas \u00fcber 129\u2019000 Tonnen Elektro- und Elektronik-Altger\u00e4te entsorgt.\",\"breadcrumb\":{\"@id\":\"https:\\\/\\\/www.organisator.ch\\\/sustainability\\\/2018-07-09\\\/129000-tonnen-elektroschrott-im-2017-gesammelt\\\/#breadcrumb\"},\"inLanguage\":\"it-IT\",\"potentialAction\":[{\"@type\":\"ReadAction\",\"target\":[\"https:\\\/\\\/www.organisator.ch\\\/sustainability\\\/2018-07-09\\\/129000-tonnen-elektroschrott-im-2017-gesammelt\\\/\"]}]},{\"@type\":\"ImageObject\",\"inLanguage\":\"it-IT\",\"@id\":\"https:\\\/\\\/www.organisator.ch\\\/sustainability\\\/2018-07-09\\\/129000-tonnen-elektroschrott-im-2017-gesammelt\\\/#primaryimage\",\"url\":\"https:\\\/\\\/www.organisator.ch\\\/wp-content\\\/uploads\\\/2018\\\/07\\\/radon2.jpg\",\"contentUrl\":\"https:\\\/\\\/www.organisator.ch\\\/wp-content\\\/uploads\\\/2018\\\/07\\\/radon2.jpg\",\"width\":1497,\"height\":1028,\"caption\":\"Nicht nur in Garagen von Konsumenten stehen immer weniger R\u00f6hrenger\u00e4te herum. (Bild: depositphotos)\"},{\"@type\":\"BreadcrumbList\",\"@id\":\"https:\\\/\\\/www.organisator.ch\\\/sustainability\\\/2018-07-09\\\/129000-tonnen-elektroschrott-im-2017-gesammelt\\\/#breadcrumb\",\"itemListElement\":[{\"@type\":\"ListItem\",\"position\":1,\"name\":\"Home\",\"item\":\"https:\\\/\\\/www.organisator.ch\\\/\"},{\"@type\":\"ListItem\",\"position\":2,\"name\":\"129\u2018000 Tonnen Elektroschrott im 2017 gesammelt\"}]},{\"@type\":\"WebSite\",\"@id\":\"https:\\\/\\\/www.organisator.ch\\\/#website\",\"url\":\"https:\\\/\\\/www.organisator.ch\\\/\",\"name\":\"Organisator\",\"description\":\"Kompetent. Praxisnah. Der ORGANISATOR bereitet in 10 Ausgaben pro Jahr die wesentlichen Themen f\u00fcr F\u00fchrungskr\u00e4fte von KMU auf.\",\"publisher\":{\"@id\":\"https:\\\/\\\/www.organisator.ch\\\/#organization\"},\"potentialAction\":[{\"@type\":\"SearchAction\",\"target\":{\"@type\":\"EntryPoint\",\"urlTemplate\":\"https:\\\/\\\/www.organisator.ch\\\/?s={search_term_string}\"},\"query-input\":{\"@type\":\"PropertyValueSpecification\",\"valueRequired\":true,\"valueName\":\"search_term_string\"}}],\"inLanguage\":\"it-IT\"},{\"@type\":\"Organization\",\"@id\":\"https:\\\/\\\/www.organisator.ch\\\/#organization\",\"name\":\"Organisator\",\"url\":\"https:\\\/\\\/www.organisator.ch\\\/\",\"logo\":{\"@type\":\"ImageObject\",\"inLanguage\":\"it-IT\",\"@id\":\"https:\\\/\\\/www.organisator.ch\\\/#\\\/schema\\\/logo\\\/image\\\/\",\"url\":\"https:\\\/\\\/www.organisator.ch\\\/wp-content\\\/uploads\\\/2022\\\/01\\\/Logo_Organisator_Website.png\",\"contentUrl\":\"https:\\\/\\\/www.organisator.ch\\\/wp-content\\\/uploads\\\/2022\\\/01\\\/Logo_Organisator_Website.png\",\"width\":800,\"height\":77,\"caption\":\"Organisator\"},\"image\":{\"@id\":\"https:\\\/\\\/www.organisator.ch\\\/#\\\/schema\\\/logo\\\/image\\\/\"},\"sameAs\":[\"https:\\\/\\\/www.facebook.com\\\/OrganisatorFachmagazin\",\"https:\\\/\\\/www.linkedin.com\\\/showcase\\\/organisator-das-magazin-fr-kmu\",\"https:\\\/\\\/www.xing.com\\\/news\\\/pages\\\/organisator-ch-695\",\"https:\\\/\\\/www.youtube.com\\\/channel\\\/UCGP2Sq0iWaZwT3BdIAQFYpw\"]},{\"@type\":\"Person\",\"@id\":\"https:\\\/\\\/www.organisator.ch\\\/#\\\/schema\\\/person\\\/134708ca9321c57b0362cceb7948ffbd\",\"name\":\"michael.merz\",\"image\":{\"@type\":\"ImageObject\",\"inLanguage\":\"it-IT\",\"@id\":\"https:\\\/\\\/secure.gravatar.com\\\/avatar\\\/?s=96&d=mm&r=g\",\"url\":\"https:\\\/\\\/secure.gravatar.com\\\/avatar\\\/?s=96&d=mm&r=g\",\"contentUrl\":\"https:\\\/\\\/secure.gravatar.com\\\/avatar\\\/?s=96&d=mm&r=g\",\"caption\":\"michael.merz\"},\"url\":\"https:\\\/\\\/www.organisator.ch\\\/it\\\/author\\\/michael-merz\\\/\"}]}<\/script>\n<!-- \/ Yoast SEO plugin. -->","yoast_head_json":{"title":"129.000 tonnellate di rifiuti elettronici raccolti nel 2017 - organizzatore","description":"E-waste vi saluta: Nel 2017 la popolazione svizzera ha smaltito poco pi\u00f9 di 129.000 tonnellate di rifiuti di apparecchiature elettriche ed elettroniche.","robots":{"index":"index","follow":"follow","max-snippet":"max-snippet:-1","max-image-preview":"max-image-preview:large","max-video-preview":"max-video-preview:-1"},"canonical":"https:\/\/www.organisator.ch\/it\/sostenibilita\/2018-07-09\/129000-tonnen-elektroschrott-im-2017-gesammelt\/","og_locale":"it_IT","og_type":"article","og_title":"129\u2018000 Tonnen Elektroschrott im 2017 gesammelt - Organisator","og_description":"Elektroschrott l\u00e4sst gr\u00fcssen: Die Schweizer Bev\u00f6lkerung hat im Jahr 2017 etwas \u00fcber 129\u2019000 Tonnen Elektro- und Elektronik-Altger\u00e4te entsorgt.","og_url":"https:\/\/www.organisator.ch\/it\/sostenibilita\/2018-07-09\/129000-tonnen-elektroschrott-im-2017-gesammelt\/","og_site_name":"Organisator","article_publisher":"https:\/\/www.facebook.com\/OrganisatorFachmagazin","article_published_time":"2018-07-09T10:40:14+00:00","article_modified_time":"2022-02-09T10:05:36+00:00","og_image":[{"width":1497,"height":1028,"url":"https:\/\/www.organisator.ch\/wp-content\/uploads\/2018\/07\/radon2.jpg","type":"image\/jpeg"}],"author":"michael.merz","twitter_card":"summary_large_image","schema":{"@context":"https:\/\/schema.org","@graph":[{"@type":"Article","@id":"https:\/\/www.organisator.ch\/sustainability\/2018-07-09\/129000-tonnen-elektroschrott-im-2017-gesammelt\/#article","isPartOf":{"@id":"https:\/\/www.organisator.ch\/sustainability\/2018-07-09\/129000-tonnen-elektroschrott-im-2017-gesammelt\/"},"author":{"name":"michael.merz","@id":"https:\/\/www.organisator.ch\/#\/schema\/person\/134708ca9321c57b0362cceb7948ffbd"},"headline":"129\u2018000 Tonnen Elektroschrott im 2017 gesammelt","datePublished":"2018-07-09T10:40:14+00:00","dateModified":"2022-02-09T10:05:36+00:00","mainEntityOfPage":{"@id":"https:\/\/www.organisator.ch\/sustainability\/2018-07-09\/129000-tonnen-elektroschrott-im-2017-gesammelt\/"},"wordCount":529,"commentCount":0,"publisher":{"@id":"https:\/\/www.organisator.ch\/#organization"},"image":{"@id":"https:\/\/www.organisator.ch\/sustainability\/2018-07-09\/129000-tonnen-elektroschrott-im-2017-gesammelt\/#primaryimage"},"thumbnailUrl":"https:\/\/www.organisator.ch\/wp-content\/uploads\/2018\/07\/radon2.jpg","keywords":["E-Recycling","Elektro-Schrott","Recycling","Schweiz"],"articleSection":["SUSTAINABILITY"],"inLanguage":"it-IT"},{"@type":"WebPage","@id":"https:\/\/www.organisator.ch\/sustainability\/2018-07-09\/129000-tonnen-elektroschrott-im-2017-gesammelt\/","url":"https:\/\/www.organisator.ch\/sustainability\/2018-07-09\/129000-tonnen-elektroschrott-im-2017-gesammelt\/","name":"129.000 tonnellate di rifiuti elettronici raccolti nel 2017 - organizzatore","isPartOf":{"@id":"https:\/\/www.organisator.ch\/#website"},"primaryImageOfPage":{"@id":"https:\/\/www.organisator.ch\/sustainability\/2018-07-09\/129000-tonnen-elektroschrott-im-2017-gesammelt\/#primaryimage"},"image":{"@id":"https:\/\/www.organisator.ch\/sustainability\/2018-07-09\/129000-tonnen-elektroschrott-im-2017-gesammelt\/#primaryimage"},"thumbnailUrl":"https:\/\/www.organisator.ch\/wp-content\/uploads\/2018\/07\/radon2.jpg","datePublished":"2018-07-09T10:40:14+00:00","dateModified":"2022-02-09T10:05:36+00:00","description":"E-waste vi saluta: Nel 2017 la popolazione svizzera ha smaltito poco pi\u00f9 di 129.000 tonnellate di rifiuti di apparecchiature elettriche ed elettroniche.","breadcrumb":{"@id":"https:\/\/www.organisator.ch\/sustainability\/2018-07-09\/129000-tonnen-elektroschrott-im-2017-gesammelt\/#breadcrumb"},"inLanguage":"it-IT","potentialAction":[{"@type":"ReadAction","target":["https:\/\/www.organisator.ch\/sustainability\/2018-07-09\/129000-tonnen-elektroschrott-im-2017-gesammelt\/"]}]},{"@type":"ImageObject","inLanguage":"it-IT","@id":"https:\/\/www.organisator.ch\/sustainability\/2018-07-09\/129000-tonnen-elektroschrott-im-2017-gesammelt\/#primaryimage","url":"https:\/\/www.organisator.ch\/wp-content\/uploads\/2018\/07\/radon2.jpg","contentUrl":"https:\/\/www.organisator.ch\/wp-content\/uploads\/2018\/07\/radon2.jpg","width":1497,"height":1028,"caption":"Nicht nur in Garagen von Konsumenten stehen immer weniger R\u00f6hrenger\u00e4te herum. (Bild: depositphotos)"},{"@type":"BreadcrumbList","@id":"https:\/\/www.organisator.ch\/sustainability\/2018-07-09\/129000-tonnen-elektroschrott-im-2017-gesammelt\/#breadcrumb","itemListElement":[{"@type":"ListItem","position":1,"name":"Home","item":"https:\/\/www.organisator.ch\/"},{"@type":"ListItem","position":2,"name":"129\u2018000 Tonnen Elektroschrott im 2017 gesammelt"}]},{"@type":"WebSite","@id":"https:\/\/www.organisator.ch\/#website","url":"https:\/\/www.organisator.ch\/","name":"Organizzatore","description":"Competente. Pratico. In 10 numeri all'anno, ORGANISATOR presenta i temi essenziali per i manager delle PMI.","publisher":{"@id":"https:\/\/www.organisator.ch\/#organization"},"potentialAction":[{"@type":"SearchAction","target":{"@type":"EntryPoint","urlTemplate":"https:\/\/www.organisator.ch\/?s={search_term_string}"},"query-input":{"@type":"PropertyValueSpecification","valueRequired":true,"valueName":"search_term_string"}}],"inLanguage":"it-IT"},{"@type":"Organization","@id":"https:\/\/www.organisator.ch\/#organization","name":"Organizzatore","url":"https:\/\/www.organisator.ch\/","logo":{"@type":"ImageObject","inLanguage":"it-IT","@id":"https:\/\/www.organisator.ch\/#\/schema\/logo\/image\/","url":"https:\/\/www.organisator.ch\/wp-content\/uploads\/2022\/01\/Logo_Organisator_Website.png","contentUrl":"https:\/\/www.organisator.ch\/wp-content\/uploads\/2022\/01\/Logo_Organisator_Website.png","width":800,"height":77,"caption":"Organisator"},"image":{"@id":"https:\/\/www.organisator.ch\/#\/schema\/logo\/image\/"},"sameAs":["https:\/\/www.facebook.com\/OrganisatorFachmagazin","https:\/\/www.linkedin.com\/showcase\/organisator-das-magazin-fr-kmu","https:\/\/www.xing.com\/news\/pages\/organisator-ch-695","https:\/\/www.youtube.com\/channel\/UCGP2Sq0iWaZwT3BdIAQFYpw"]},{"@type":"Person","@id":"https:\/\/www.organisator.ch\/#\/schema\/person\/134708ca9321c57b0362cceb7948ffbd","name":"michael.merz","image":{"@type":"ImageObject","inLanguage":"it-IT","@id":"https:\/\/secure.gravatar.com\/avatar\/?s=96&d=mm&r=g","url":"https:\/\/secure.gravatar.com\/avatar\/?s=96&d=mm&r=g","contentUrl":"https:\/\/secure.gravatar.com\/avatar\/?s=96&d=mm&r=g","caption":"michael.merz"},"url":"https:\/\/www.organisator.ch\/it\/author\/michael-merz\/"}]}},"_links":{"self":[{"href":"https:\/\/www.organisator.ch\/it\/wp-json\/wp\/v2\/posts\/1778","targetHints":{"allow":["GET"]}}],"collection":[{"href":"https:\/\/www.organisator.ch\/it\/wp-json\/wp\/v2\/posts"}],"about":[{"href":"https:\/\/www.organisator.ch\/it\/wp-json\/wp\/v2\/types\/post"}],"author":[{"embeddable":true,"href":"https:\/\/www.organisator.ch\/it\/wp-json\/wp\/v2\/users\/5"}],"replies":[{"embeddable":true,"href":"https:\/\/www.organisator.ch\/it\/wp-json\/wp\/v2\/comments?post=1778"}],"version-history":[{"count":1,"href":"https:\/\/www.organisator.ch\/it\/wp-json\/wp\/v2\/posts\/1778\/revisions"}],"predecessor-version":[{"id":10416,"href":"https:\/\/www.organisator.ch\/it\/wp-json\/wp\/v2\/posts\/1778\/revisions\/10416"}],"wp:featuredmedia":[{"embeddable":true,"href":"https:\/\/www.organisator.ch\/it\/wp-json\/wp\/v2\/media\/9558"}],"wp:attachment":[{"href":"https:\/\/www.organisator.ch\/it\/wp-json\/wp\/v2\/media?parent=1778"}],"wp:term":[{"taxonomy":"category","embeddable":true,"href":"https:\/\/www.organisator.ch\/it\/wp-json\/wp\/v2\/categories?post=1778"},{"taxonomy":"post_tag","embeddable":true,"href":"https:\/\/www.organisator.ch\/it\/wp-json\/wp\/v2\/tags?post=1778"}],"curies":[{"name":"wp","href":"https:\/\/api.w.org\/{rel}","templated":true}]}}