{"id":17783,"date":"2022-11-11T07:39:05","date_gmt":"2022-11-11T06:39:05","guid":{"rendered":"https:\/\/www.organisator.ch\/?p=17783"},"modified":"2022-11-11T07:39:05","modified_gmt":"2022-11-11T06:39:05","slug":"it-fuehrungskraefte-tempo-des-digitalen-wandels-verschaerft-fachkraeftemangel","status":"publish","type":"post","link":"https:\/\/www.organisator.ch\/it\/human-resources\/2022-11-11\/it-fuehrungskraefte-tempo-des-digitalen-wandels-verschaerft-fachkraeftemangel\/","title":{"rendered":"Dirigenti IT: il ritmo del cambiamento digitale aggrava la carenza di competenze"},"content":{"rendered":"<figure id=\"attachment_17784\" aria-describedby=\"caption-attachment-17784\" style=\"width: 680px\" class=\"wp-caption alignnone\"><img loading=\"lazy\" decoding=\"async\" class=\"size-full wp-image-17784\" src=\"https:\/\/www.organisator.ch\/wp-content\/uploads\/2022\/11\/IT-Fuehrungskraefte-Tempo-des-digitalen-Wandels-verschaerft-Fachkraeftemangel-1_Organisator.jpg\" alt=\"\" width=\"680\" height=\"383\" srcset=\"https:\/\/www.organisator.ch\/wp-content\/uploads\/2022\/11\/IT-Fuehrungskraefte-Tempo-des-digitalen-Wandels-verschaerft-Fachkraeftemangel-1_Organisator.jpg 680w, https:\/\/www.organisator.ch\/wp-content\/uploads\/2022\/11\/IT-Fuehrungskraefte-Tempo-des-digitalen-Wandels-verschaerft-Fachkraeftemangel-1_Organisator-18x10.jpg 18w, https:\/\/www.organisator.ch\/wp-content\/uploads\/2022\/11\/IT-Fuehrungskraefte-Tempo-des-digitalen-Wandels-verschaerft-Fachkraeftemangel-1_Organisator-311x175.jpg 311w, https:\/\/www.organisator.ch\/wp-content\/uploads\/2022\/11\/IT-Fuehrungskraefte-Tempo-des-digitalen-Wandels-verschaerft-Fachkraeftemangel-1_Organisator-621x350.jpg 621w, https:\/\/www.organisator.ch\/wp-content\/uploads\/2022\/11\/IT-Fuehrungskraefte-Tempo-des-digitalen-Wandels-verschaerft-Fachkraeftemangel-1_Organisator-300x169.jpg 300w\" sizes=\"auto, (max-width: 680px) 100vw, 680px\" \/><figcaption id=\"caption-attachment-17784\" class=\"wp-caption-text\">I dirigenti IT si accorgono che la rapida trasformazione digitale sta ulteriormente aggravando la carenza di lavoratori qualificati. I programmi di riqualificazione sono concepiti per colmare le lacune. (Immagine: Equinix)<\/figcaption><\/figure>\n<p>Un'indagine commissionata da Equinix, societ\u00e0 globale di infrastrutture digitali, ha rilevato che i responsabili IT di tutto il mondo sono seriamente preoccupati di trattenere e assumere i dipendenti. Secondo l'indagine Global Tech Trends di Equinix 2022, il 62 % dei responsabili delle decisioni IT in tutto il mondo (54 % in Svizzera) considera la carenza di competenze IT come una delle maggiori minacce per la propria azienda. Le organizzazioni, tra cui Equinix, cercano di ampliare il bacino dei talenti e di attrarre una maggiore diversit\u00e0 di candidati attraverso misure di reclutamento alternative. I 2.900 intervistati - di cui 100 dalla Svizzera - hanno riconosciuto che la velocit\u00e0 con cui il settore tecnologico sta cambiando rende difficile per le aziende trovare dipendenti con le giuste competenze per affrontare le sfide attuali e future.<\/p>\n<h3>Molti candidati con le qualifiche sbagliate<\/h3>\n<p>Le preoccupazioni pi\u00f9 comuni riguardano la candidatura di candidati con le competenze sbagliate (44 % a livello globale e in Svizzera) e la necessit\u00e0 di trattenere i talenti attuali (44 % a livello globale e 47 % in Svizzera). Tra questi, i professionisti dell'IT (27 % a livello globale \/ 25 % in Svizzera), gli specialisti del cloud computing (26 % a livello globale \/ 17 % in Svizzera) e i professionisti dell'AI e dell'apprendimento automatico (26 % a livello globale e in Svizzera) sono i professionisti pi\u00f9 richiesti. Si registrano ulteriori carenze nei settori dell'analisi dei dati (21 % a livello globale \/ 17 % a livello locale), della protezione dei dati (21 % a livello globale \/ 19 % a livello locale), dello sviluppo di software di sicurezza (19 % a livello globale \/ 9 % in Svizzera) e dell'analisi della sicurezza (18 % a livello globale \/ 21 % a livello locale). I leader IT prevedono che le lacune nelle competenze tecniche rimarranno simili in futuro, con l'AI e l'apprendimento automatico che diventeranno ancora pi\u00f9 importanti.<\/p>\n<p>Keri Gilder, CEO di Colt Technology Services, spiega: \"Trovare le competenze giuste \u00e8 un problema reale nel settore tecnologico, soprattutto nel software. La realt\u00e0 \u00e8 che con la softwarizzazione dei servizi, tutti i settori cercano gli stessi lavoratori qualificati. Una delle sfide \u00e8 la mancanza di consapevolezza tra i giovani talenti sulle opportunit\u00e0 offerte dal settore tecnologico. I fornitori di connettivit\u00e0 non sono presenti in molti casi d'uso, nemmeno a livello universitario, anche se si sta facendo molto in settori come quello sottomarino, satellitare e delle fibre ottiche. Dobbiamo pensare al talento insieme e lavorare come industria per includere anche tutti coloro che sono in attesa di un'opportunit\u00e0\".<\/p>\n<h3>Con la riqualificazione contro la carenza di lavoratori qualificati<\/h3>\n<p>In risposta alla carenza di competenze, molte aziende stanno lavorando duramente per riqualificare i dipendenti provenienti da altri settori. Ad esempio, 62 % (39 % in Svizzera) hanno riferito di riqualificare lavoratori provenienti da industrie simili, mentre 34 % (21 % a livello locale) cercano di aumentare la propria forza lavoro con lavoratori provenienti da settori non industriali. Visti i recenti licenziamenti e le riduzioni di personale che possono spingere i dipendenti a cercare opportunit\u00e0 per migliorare le proprie competenze o la propria carriera, le aziende tecnologiche che offrono opportunit\u00e0 di formazione e sviluppo possono essere meglio posizionate per attrarre talenti.<\/p>\n<p>Le fonti pi\u00f9 comuni di lavoratori riqualificati sono l'amministrazione e il supporto alle imprese (36 % a livello globale \/ 21 % in Svizzera), la finanza e le assicurazioni (33 % a livello globale \/ 25 % a livello locale) e le persone che tornano al lavoro dopo un'assenza (30 % a livello globale \/ 13 % a livello locale). Questi lavoratori riqualificati possono aiutare le aziende a colmare le lacune in campo tecnico lavorando come professionisti IT (51 % a livello globale \/ 48 % a livello locale), nel cloud computing (36 % a livello globale \/ 30 % a livello locale) e nell'analisi dei dati (35 % a livello globale \/ 24 % a livello locale). Il cliente di studio Equinix offre anche una serie di programmi di transizione o cambiamento di carriera nell'ambito del suo portafoglio Career Pathways.<\/p>\n<h3>Dirigenti IT: \"Investire nel talento paga\"<\/h3>\n<p>Le aziende cercano anche di attrarre nuovi dipendenti attraverso programmi di istruzione e formazione superiore. I dirigenti IT di tutto il mondo hanno indicato che, quando collaborano con gli istituti di istruzione superiore, le loro aziende offrono principalmente stage per gli studenti (42 % \/ 38 % in Svizzera), gestiscono programmi di formazione congiunti con gli istituti di istruzione superiore (41 % a livello globale \/ 25 % a livello locale), partecipano a fiere di carriera per l'istruzione superiore (37 % \/ 24 % a livello locale) e collaborano con programmi di formazione (34 % \/ 26 % a livello locale).<\/p>\n<figure id=\"attachment_17785\" aria-describedby=\"caption-attachment-17785\" style=\"width: 680px\" class=\"wp-caption alignnone\"><img loading=\"lazy\" decoding=\"async\" class=\"size-full wp-image-17785\" src=\"https:\/\/www.organisator.ch\/wp-content\/uploads\/2022\/11\/IT-Fuehrungskraefte-Tempo-des-digitalen-Wandels-verschaerft-Fachkraeftemangel-2_Organisator.jpg\" alt=\"\" width=\"680\" height=\"475\" srcset=\"https:\/\/www.organisator.ch\/wp-content\/uploads\/2022\/11\/IT-Fuehrungskraefte-Tempo-des-digitalen-Wandels-verschaerft-Fachkraeftemangel-2_Organisator.jpg 680w, https:\/\/www.organisator.ch\/wp-content\/uploads\/2022\/11\/IT-Fuehrungskraefte-Tempo-des-digitalen-Wandels-verschaerft-Fachkraeftemangel-2_Organisator-18x12.jpg 18w, https:\/\/www.organisator.ch\/wp-content\/uploads\/2022\/11\/IT-Fuehrungskraefte-Tempo-des-digitalen-Wandels-verschaerft-Fachkraeftemangel-2_Organisator-251x175.jpg 251w, https:\/\/www.organisator.ch\/wp-content\/uploads\/2022\/11\/IT-Fuehrungskraefte-Tempo-des-digitalen-Wandels-verschaerft-Fachkraeftemangel-2_Organisator-501x350.jpg 501w, https:\/\/www.organisator.ch\/wp-content\/uploads\/2022\/11\/IT-Fuehrungskraefte-Tempo-des-digitalen-Wandels-verschaerft-Fachkraeftemangel-2_Organisator-300x210.jpg 300w\" sizes=\"auto, (max-width: 680px) 100vw, 680px\" \/><figcaption id=\"caption-attachment-17785\" class=\"wp-caption-text\">Roger Semprini di Equinix Svizzera \u00e8 convinto che investire nel talento paghi. (Immagine: Equinix)<\/figcaption><\/figure>\n<p>Roger Semprini, amministratore delegato di Equinix, Svizzera: \"Investire nelle persone e nei talenti ripaga sempre, soprattutto in tempi incerti. Ora, con le incertezze economiche che incombono, il primo istinto di alcuni dirigenti d'azienda \u00e8 quello di risparmiare su cose che non sono \"essenziali per la sopravvivenza\", come assumere nuovi dipendenti o investire nel loro sviluppo professionale. Dal nostro punto di vista, questa mentalit\u00e0 \u00e8 miope. Investiamo molto nel talento\". Brandi Galvin Morandi, Chief Legal and HR Officer di Equinix: \"L'indagine mostra che l'inadeguatezza delle competenze ostacola l'acquisizione di talenti nei team incentrati sulla tecnologia in tutto il mondo. C'\u00e8 una generale mancanza di comprensione delle competenze specifiche richieste per alcuni ruoli e i potenziali candidati hanno bisogno di una migliore guida sulla formazione, la preparazione e le opportunit\u00e0 di lavoro. Questa sfida offre al nostro settore l'opportunit\u00e0 di reclutare e sviluppare i talenti in modo diverso e questo \u00e8 un aspetto su cui abbiamo lavorato negli ultimi anni. Riteniamo che le aziende debbano promuovere un piano di sviluppo progressivo dei talenti per le posizioni tecnologiche che si rivolga sia a candidati inesperti che a quelli gi\u00e0 formati\".<\/p>\n<p><em>Fonte: <a href=\"https:\/\/de.equinix.ch\/\">Equinix<\/a><\/em><\/p>","protected":false},"excerpt":{"rendered":"<p>Eine von Equinix, einem globalen Unternehmen f\u00fcr digitale Infrastruktur, in Auftrag gegebene Umfrage hat ergeben, dass sich IT-F\u00fchrungskr\u00e4fte weltweit ernsthafte Sorgen um die Bindung und Einstellung von Mitarbeitenden machen. Laut der Equinix 2022 Global Tech Trends Survey sehen 62 % der IT-Entscheidungstr\u00e4ger weltweit (54 % in der Schweiz) den Mangel an IT-Fachkr\u00e4ften als eine der [&hellip;]<\/p>\n","protected":false},"author":4,"featured_media":17784,"comment_status":"closed","ping_status":"closed","sticky":false,"template":"","format":"standard","meta":{"_acf_changed":false,"_yoast_wpseo_focuskw":"IT-F\u00fchrungskr\u00e4fte","_yoast_wpseo_metadesc":"Die digitalen Anforderungen steigen weiter. IT-F\u00fchrungskr\u00e4fte m\u00fcssen Fachkr\u00e4fte vermehrt in alternativen Talentpools suchen.","articlekey":"","footnotes":""},"categories":[579],"tags":[194,286,487],"class_list":["post-17783","post","type-post","status-publish","format-standard","has-post-thumbnail","hentry","category-human-resources","tag-fachkraeftemangel","tag-it","tag-umfrage"],"acf":[],"yoast_head":"<!-- This site is optimized with the Yoast SEO plugin v27.5 - https:\/\/yoast.com\/product\/yoast-seo-wordpress\/ -->\n<title>IT-F\u00fchrungskr\u00e4fte: Tempo des digitalen Wandels versch\u00e4rft Fachkr\u00e4ftemangel - Organisator<\/title>\n<meta name=\"description\" content=\"Die digitalen Anforderungen steigen weiter. IT-F\u00fchrungskr\u00e4fte m\u00fcssen Fachkr\u00e4fte vermehrt in alternativen Talentpools suchen.\" \/>\n<meta name=\"robots\" content=\"index, follow, max-snippet:-1, max-image-preview:large, max-video-preview:-1\" \/>\n<link rel=\"canonical\" href=\"https:\/\/www.organisator.ch\/it\/risorse-umane\/2022-11-11\/it-fuehrungskraefte-tempo-des-digitalen-wandels-verschaerft-fachkraeftemangel\/\" \/>\n<meta property=\"og:locale\" content=\"it_IT\" \/>\n<meta property=\"og:type\" content=\"article\" \/>\n<meta property=\"og:title\" content=\"IT-F\u00fchrungskr\u00e4fte: Tempo des digitalen Wandels versch\u00e4rft Fachkr\u00e4ftemangel\" \/>\n<meta property=\"og:description\" content=\"Die digitalen Anforderungen steigen weiter. IT-F\u00fchrungskr\u00e4fte m\u00fcssen Fachkr\u00e4fte vermehrt in alternativen Talentpools suchen.\" \/>\n<meta property=\"og:url\" content=\"https:\/\/www.organisator.ch\/it\/risorse-umane\/2022-11-11\/it-fuehrungskraefte-tempo-des-digitalen-wandels-verschaerft-fachkraeftemangel\/\" \/>\n<meta property=\"og:site_name\" content=\"Organisator\" \/>\n<meta property=\"article:publisher\" content=\"https:\/\/www.facebook.com\/OrganisatorFachmagazin\" \/>\n<meta property=\"article:published_time\" content=\"2022-11-11T06:39:05+00:00\" \/>\n<meta property=\"og:image\" content=\"https:\/\/www.organisator.ch\/wp-content\/uploads\/2022\/11\/IT-Fuehrungskraefte-Tempo-des-digitalen-Wandels-verschaerft-Fachkraeftemangel-1_Organisator.jpg\" \/>\n\t<meta property=\"og:image:width\" content=\"680\" \/>\n\t<meta property=\"og:image:height\" content=\"383\" \/>\n\t<meta property=\"og:image:type\" content=\"image\/jpeg\" \/>\n<meta name=\"author\" content=\"thomas.berner\" \/>\n<meta name=\"twitter:card\" content=\"summary_large_image\" \/>\n<meta name=\"twitter:title\" content=\"#IT-F\u00fchrungskr\u00e4fte: Tempo des digitalen Wandels versch\u00e4rft #Fachkr\u00e4ftemangel\" \/>\n<meta name=\"twitter:description\" content=\"Die digitalen Anforderungen steigen weiter. #IT-F\u00fchrungskr\u00e4fte m\u00fcssen Fachkr\u00e4fte vermehrt in alternativen #Talentpools suchen.\" \/>\n<meta name=\"twitter:image\" content=\"https:\/\/www.organisator.ch\/wp-content\/uploads\/2022\/11\/IT-Fuehrungskraefte-Tempo-des-digitalen-Wandels-verschaerft-Fachkraeftemangel-1_Organisator.jpg\" \/>\n<script type=\"application\/ld+json\" class=\"yoast-schema-graph\">{\"@context\":\"https:\\\/\\\/schema.org\",\"@graph\":[{\"@type\":\"Article\",\"@id\":\"https:\\\/\\\/www.organisator.ch\\\/human-resources\\\/2022-11-11\\\/it-fuehrungskraefte-tempo-des-digitalen-wandels-verschaerft-fachkraeftemangel\\\/#article\",\"isPartOf\":{\"@id\":\"https:\\\/\\\/www.organisator.ch\\\/human-resources\\\/2022-11-11\\\/it-fuehrungskraefte-tempo-des-digitalen-wandels-verschaerft-fachkraeftemangel\\\/\"},\"author\":{\"name\":\"thomas.berner\",\"@id\":\"https:\\\/\\\/www.organisator.ch\\\/#\\\/schema\\\/person\\\/6f650f90b2842cd4c0cc334b4e36f67e\"},\"headline\":\"IT-F\u00fchrungskr\u00e4fte: Tempo des digitalen Wandels versch\u00e4rft Fachkr\u00e4ftemangel\",\"datePublished\":\"2022-11-11T06:39:05+00:00\",\"mainEntityOfPage\":{\"@id\":\"https:\\\/\\\/www.organisator.ch\\\/human-resources\\\/2022-11-11\\\/it-fuehrungskraefte-tempo-des-digitalen-wandels-verschaerft-fachkraeftemangel\\\/\"},\"wordCount\":852,\"publisher\":{\"@id\":\"https:\\\/\\\/www.organisator.ch\\\/#organization\"},\"image\":{\"@id\":\"https:\\\/\\\/www.organisator.ch\\\/human-resources\\\/2022-11-11\\\/it-fuehrungskraefte-tempo-des-digitalen-wandels-verschaerft-fachkraeftemangel\\\/#primaryimage\"},\"thumbnailUrl\":\"https:\\\/\\\/www.organisator.ch\\\/wp-content\\\/uploads\\\/2022\\\/11\\\/IT-Fuehrungskraefte-Tempo-des-digitalen-Wandels-verschaerft-Fachkraeftemangel-1_Organisator.jpg\",\"keywords\":[\"Fachkr\u00e4ftemangel\",\"IT\",\"Umfrage\"],\"articleSection\":[\"HUMAN RESOURCES\"],\"inLanguage\":\"it-IT\"},{\"@type\":\"WebPage\",\"@id\":\"https:\\\/\\\/www.organisator.ch\\\/human-resources\\\/2022-11-11\\\/it-fuehrungskraefte-tempo-des-digitalen-wandels-verschaerft-fachkraeftemangel\\\/\",\"url\":\"https:\\\/\\\/www.organisator.ch\\\/human-resources\\\/2022-11-11\\\/it-fuehrungskraefte-tempo-des-digitalen-wandels-verschaerft-fachkraeftemangel\\\/\",\"name\":\"IT-F\u00fchrungskr\u00e4fte: Tempo des digitalen Wandels versch\u00e4rft Fachkr\u00e4ftemangel - Organisator\",\"isPartOf\":{\"@id\":\"https:\\\/\\\/www.organisator.ch\\\/#website\"},\"primaryImageOfPage\":{\"@id\":\"https:\\\/\\\/www.organisator.ch\\\/human-resources\\\/2022-11-11\\\/it-fuehrungskraefte-tempo-des-digitalen-wandels-verschaerft-fachkraeftemangel\\\/#primaryimage\"},\"image\":{\"@id\":\"https:\\\/\\\/www.organisator.ch\\\/human-resources\\\/2022-11-11\\\/it-fuehrungskraefte-tempo-des-digitalen-wandels-verschaerft-fachkraeftemangel\\\/#primaryimage\"},\"thumbnailUrl\":\"https:\\\/\\\/www.organisator.ch\\\/wp-content\\\/uploads\\\/2022\\\/11\\\/IT-Fuehrungskraefte-Tempo-des-digitalen-Wandels-verschaerft-Fachkraeftemangel-1_Organisator.jpg\",\"datePublished\":\"2022-11-11T06:39:05+00:00\",\"description\":\"Die digitalen Anforderungen steigen weiter. IT-F\u00fchrungskr\u00e4fte m\u00fcssen Fachkr\u00e4fte vermehrt in alternativen Talentpools suchen.\",\"breadcrumb\":{\"@id\":\"https:\\\/\\\/www.organisator.ch\\\/human-resources\\\/2022-11-11\\\/it-fuehrungskraefte-tempo-des-digitalen-wandels-verschaerft-fachkraeftemangel\\\/#breadcrumb\"},\"inLanguage\":\"it-IT\",\"potentialAction\":[{\"@type\":\"ReadAction\",\"target\":[\"https:\\\/\\\/www.organisator.ch\\\/human-resources\\\/2022-11-11\\\/it-fuehrungskraefte-tempo-des-digitalen-wandels-verschaerft-fachkraeftemangel\\\/\"]}]},{\"@type\":\"ImageObject\",\"inLanguage\":\"it-IT\",\"@id\":\"https:\\\/\\\/www.organisator.ch\\\/human-resources\\\/2022-11-11\\\/it-fuehrungskraefte-tempo-des-digitalen-wandels-verschaerft-fachkraeftemangel\\\/#primaryimage\",\"url\":\"https:\\\/\\\/www.organisator.ch\\\/wp-content\\\/uploads\\\/2022\\\/11\\\/IT-Fuehrungskraefte-Tempo-des-digitalen-Wandels-verschaerft-Fachkraeftemangel-1_Organisator.jpg\",\"contentUrl\":\"https:\\\/\\\/www.organisator.ch\\\/wp-content\\\/uploads\\\/2022\\\/11\\\/IT-Fuehrungskraefte-Tempo-des-digitalen-Wandels-verschaerft-Fachkraeftemangel-1_Organisator.jpg\",\"width\":680,\"height\":383,\"caption\":\"Die schnell fortschreitende digitale Transformation versch\u00e4rft den Fachkr\u00e4ftemangel weiter. Umschulungsprogramme sollen L\u00fccken schliessen. (Bild: Equinix)\"},{\"@type\":\"BreadcrumbList\",\"@id\":\"https:\\\/\\\/www.organisator.ch\\\/human-resources\\\/2022-11-11\\\/it-fuehrungskraefte-tempo-des-digitalen-wandels-verschaerft-fachkraeftemangel\\\/#breadcrumb\",\"itemListElement\":[{\"@type\":\"ListItem\",\"position\":1,\"name\":\"Home\",\"item\":\"https:\\\/\\\/www.organisator.ch\\\/\"},{\"@type\":\"ListItem\",\"position\":2,\"name\":\"IT-F\u00fchrungskr\u00e4fte: Tempo des digitalen Wandels versch\u00e4rft Fachkr\u00e4ftemangel\"}]},{\"@type\":\"WebSite\",\"@id\":\"https:\\\/\\\/www.organisator.ch\\\/#website\",\"url\":\"https:\\\/\\\/www.organisator.ch\\\/\",\"name\":\"Organisator\",\"description\":\"Kompetent. Praxisnah. Der ORGANISATOR bereitet in 10 Ausgaben pro Jahr die wesentlichen Themen f\u00fcr F\u00fchrungskr\u00e4fte von KMU auf.\",\"publisher\":{\"@id\":\"https:\\\/\\\/www.organisator.ch\\\/#organization\"},\"potentialAction\":[{\"@type\":\"SearchAction\",\"target\":{\"@type\":\"EntryPoint\",\"urlTemplate\":\"https:\\\/\\\/www.organisator.ch\\\/?s={search_term_string}\"},\"query-input\":{\"@type\":\"PropertyValueSpecification\",\"valueRequired\":true,\"valueName\":\"search_term_string\"}}],\"inLanguage\":\"it-IT\"},{\"@type\":\"Organization\",\"@id\":\"https:\\\/\\\/www.organisator.ch\\\/#organization\",\"name\":\"Organisator\",\"url\":\"https:\\\/\\\/www.organisator.ch\\\/\",\"logo\":{\"@type\":\"ImageObject\",\"inLanguage\":\"it-IT\",\"@id\":\"https:\\\/\\\/www.organisator.ch\\\/#\\\/schema\\\/logo\\\/image\\\/\",\"url\":\"https:\\\/\\\/www.organisator.ch\\\/wp-content\\\/uploads\\\/2022\\\/01\\\/Logo_Organisator_Website.png\",\"contentUrl\":\"https:\\\/\\\/www.organisator.ch\\\/wp-content\\\/uploads\\\/2022\\\/01\\\/Logo_Organisator_Website.png\",\"width\":800,\"height\":77,\"caption\":\"Organisator\"},\"image\":{\"@id\":\"https:\\\/\\\/www.organisator.ch\\\/#\\\/schema\\\/logo\\\/image\\\/\"},\"sameAs\":[\"https:\\\/\\\/www.facebook.com\\\/OrganisatorFachmagazin\",\"https:\\\/\\\/www.linkedin.com\\\/showcase\\\/organisator-das-magazin-fr-kmu\",\"https:\\\/\\\/www.xing.com\\\/news\\\/pages\\\/organisator-ch-695\",\"https:\\\/\\\/www.youtube.com\\\/channel\\\/UCGP2Sq0iWaZwT3BdIAQFYpw\"]},{\"@type\":\"Person\",\"@id\":\"https:\\\/\\\/www.organisator.ch\\\/#\\\/schema\\\/person\\\/6f650f90b2842cd4c0cc334b4e36f67e\",\"name\":\"thomas.berner\",\"image\":{\"@type\":\"ImageObject\",\"inLanguage\":\"it-IT\",\"@id\":\"https:\\\/\\\/secure.gravatar.com\\\/avatar\\\/ac5001d2a36cb6c6cd3e50789007ffca834b477b74a2144564522e944eabff61?s=96&d=mm&r=g\",\"url\":\"https:\\\/\\\/secure.gravatar.com\\\/avatar\\\/ac5001d2a36cb6c6cd3e50789007ffca834b477b74a2144564522e944eabff61?s=96&d=mm&r=g\",\"contentUrl\":\"https:\\\/\\\/secure.gravatar.com\\\/avatar\\\/ac5001d2a36cb6c6cd3e50789007ffca834b477b74a2144564522e944eabff61?s=96&d=mm&r=g\",\"caption\":\"thomas.berner\"},\"url\":\"https:\\\/\\\/www.organisator.ch\\\/it\\\/author\\\/thomas-berner\\\/\"}]}<\/script>\n<!-- \/ Yoast SEO plugin. -->","yoast_head_json":{"title":"Dirigenti IT: il ritmo del cambiamento digitale aggrava la carenza di competenze - Organizzatore","description":"Le esigenze digitali continuano a crescere. I responsabili IT devono sempre pi\u00f9 cercare lavoratori qualificati in bacini di talenti alternativi.","robots":{"index":"index","follow":"follow","max-snippet":"max-snippet:-1","max-image-preview":"max-image-preview:large","max-video-preview":"max-video-preview:-1"},"canonical":"https:\/\/www.organisator.ch\/it\/risorse-umane\/2022-11-11\/it-fuehrungskraefte-tempo-des-digitalen-wandels-verschaerft-fachkraeftemangel\/","og_locale":"it_IT","og_type":"article","og_title":"IT-F\u00fchrungskr\u00e4fte: Tempo des digitalen Wandels versch\u00e4rft Fachkr\u00e4ftemangel","og_description":"Die digitalen Anforderungen steigen weiter. IT-F\u00fchrungskr\u00e4fte m\u00fcssen Fachkr\u00e4fte vermehrt in alternativen Talentpools suchen.","og_url":"https:\/\/www.organisator.ch\/it\/risorse-umane\/2022-11-11\/it-fuehrungskraefte-tempo-des-digitalen-wandels-verschaerft-fachkraeftemangel\/","og_site_name":"Organisator","article_publisher":"https:\/\/www.facebook.com\/OrganisatorFachmagazin","article_published_time":"2022-11-11T06:39:05+00:00","og_image":[{"width":680,"height":383,"url":"https:\/\/www.organisator.ch\/wp-content\/uploads\/2022\/11\/IT-Fuehrungskraefte-Tempo-des-digitalen-Wandels-verschaerft-Fachkraeftemangel-1_Organisator.jpg","type":"image\/jpeg"}],"author":"thomas.berner","twitter_card":"summary_large_image","twitter_title":"#IT-F\u00fchrungskr\u00e4fte: Tempo des digitalen Wandels versch\u00e4rft #Fachkr\u00e4ftemangel","twitter_description":"Die digitalen Anforderungen steigen weiter. #IT-F\u00fchrungskr\u00e4fte m\u00fcssen Fachkr\u00e4fte vermehrt in alternativen #Talentpools suchen.","twitter_image":"https:\/\/www.organisator.ch\/wp-content\/uploads\/2022\/11\/IT-Fuehrungskraefte-Tempo-des-digitalen-Wandels-verschaerft-Fachkraeftemangel-1_Organisator.jpg","schema":{"@context":"https:\/\/schema.org","@graph":[{"@type":"Article","@id":"https:\/\/www.organisator.ch\/human-resources\/2022-11-11\/it-fuehrungskraefte-tempo-des-digitalen-wandels-verschaerft-fachkraeftemangel\/#article","isPartOf":{"@id":"https:\/\/www.organisator.ch\/human-resources\/2022-11-11\/it-fuehrungskraefte-tempo-des-digitalen-wandels-verschaerft-fachkraeftemangel\/"},"author":{"name":"thomas.berner","@id":"https:\/\/www.organisator.ch\/#\/schema\/person\/6f650f90b2842cd4c0cc334b4e36f67e"},"headline":"IT-F\u00fchrungskr\u00e4fte: Tempo des digitalen Wandels versch\u00e4rft Fachkr\u00e4ftemangel","datePublished":"2022-11-11T06:39:05+00:00","mainEntityOfPage":{"@id":"https:\/\/www.organisator.ch\/human-resources\/2022-11-11\/it-fuehrungskraefte-tempo-des-digitalen-wandels-verschaerft-fachkraeftemangel\/"},"wordCount":852,"publisher":{"@id":"https:\/\/www.organisator.ch\/#organization"},"image":{"@id":"https:\/\/www.organisator.ch\/human-resources\/2022-11-11\/it-fuehrungskraefte-tempo-des-digitalen-wandels-verschaerft-fachkraeftemangel\/#primaryimage"},"thumbnailUrl":"https:\/\/www.organisator.ch\/wp-content\/uploads\/2022\/11\/IT-Fuehrungskraefte-Tempo-des-digitalen-Wandels-verschaerft-Fachkraeftemangel-1_Organisator.jpg","keywords":["Fachkr\u00e4ftemangel","IT","Umfrage"],"articleSection":["HUMAN RESOURCES"],"inLanguage":"it-IT"},{"@type":"WebPage","@id":"https:\/\/www.organisator.ch\/human-resources\/2022-11-11\/it-fuehrungskraefte-tempo-des-digitalen-wandels-verschaerft-fachkraeftemangel\/","url":"https:\/\/www.organisator.ch\/human-resources\/2022-11-11\/it-fuehrungskraefte-tempo-des-digitalen-wandels-verschaerft-fachkraeftemangel\/","name":"Dirigenti IT: il ritmo del cambiamento digitale aggrava la carenza di competenze - Organizzatore","isPartOf":{"@id":"https:\/\/www.organisator.ch\/#website"},"primaryImageOfPage":{"@id":"https:\/\/www.organisator.ch\/human-resources\/2022-11-11\/it-fuehrungskraefte-tempo-des-digitalen-wandels-verschaerft-fachkraeftemangel\/#primaryimage"},"image":{"@id":"https:\/\/www.organisator.ch\/human-resources\/2022-11-11\/it-fuehrungskraefte-tempo-des-digitalen-wandels-verschaerft-fachkraeftemangel\/#primaryimage"},"thumbnailUrl":"https:\/\/www.organisator.ch\/wp-content\/uploads\/2022\/11\/IT-Fuehrungskraefte-Tempo-des-digitalen-Wandels-verschaerft-Fachkraeftemangel-1_Organisator.jpg","datePublished":"2022-11-11T06:39:05+00:00","description":"Le esigenze digitali continuano a crescere. I responsabili IT devono sempre pi\u00f9 cercare lavoratori qualificati in bacini di talenti alternativi.","breadcrumb":{"@id":"https:\/\/www.organisator.ch\/human-resources\/2022-11-11\/it-fuehrungskraefte-tempo-des-digitalen-wandels-verschaerft-fachkraeftemangel\/#breadcrumb"},"inLanguage":"it-IT","potentialAction":[{"@type":"ReadAction","target":["https:\/\/www.organisator.ch\/human-resources\/2022-11-11\/it-fuehrungskraefte-tempo-des-digitalen-wandels-verschaerft-fachkraeftemangel\/"]}]},{"@type":"ImageObject","inLanguage":"it-IT","@id":"https:\/\/www.organisator.ch\/human-resources\/2022-11-11\/it-fuehrungskraefte-tempo-des-digitalen-wandels-verschaerft-fachkraeftemangel\/#primaryimage","url":"https:\/\/www.organisator.ch\/wp-content\/uploads\/2022\/11\/IT-Fuehrungskraefte-Tempo-des-digitalen-Wandels-verschaerft-Fachkraeftemangel-1_Organisator.jpg","contentUrl":"https:\/\/www.organisator.ch\/wp-content\/uploads\/2022\/11\/IT-Fuehrungskraefte-Tempo-des-digitalen-Wandels-verschaerft-Fachkraeftemangel-1_Organisator.jpg","width":680,"height":383,"caption":"Die schnell fortschreitende digitale Transformation versch\u00e4rft den Fachkr\u00e4ftemangel weiter. Umschulungsprogramme sollen L\u00fccken schliessen. (Bild: Equinix)"},{"@type":"BreadcrumbList","@id":"https:\/\/www.organisator.ch\/human-resources\/2022-11-11\/it-fuehrungskraefte-tempo-des-digitalen-wandels-verschaerft-fachkraeftemangel\/#breadcrumb","itemListElement":[{"@type":"ListItem","position":1,"name":"Home","item":"https:\/\/www.organisator.ch\/"},{"@type":"ListItem","position":2,"name":"IT-F\u00fchrungskr\u00e4fte: Tempo des digitalen Wandels versch\u00e4rft Fachkr\u00e4ftemangel"}]},{"@type":"WebSite","@id":"https:\/\/www.organisator.ch\/#website","url":"https:\/\/www.organisator.ch\/","name":"Organizzatore","description":"Competente. Pratico. In 10 numeri all'anno, ORGANISATOR presenta i temi essenziali per i manager delle PMI.","publisher":{"@id":"https:\/\/www.organisator.ch\/#organization"},"potentialAction":[{"@type":"SearchAction","target":{"@type":"EntryPoint","urlTemplate":"https:\/\/www.organisator.ch\/?s={search_term_string}"},"query-input":{"@type":"PropertyValueSpecification","valueRequired":true,"valueName":"search_term_string"}}],"inLanguage":"it-IT"},{"@type":"Organization","@id":"https:\/\/www.organisator.ch\/#organization","name":"Organizzatore","url":"https:\/\/www.organisator.ch\/","logo":{"@type":"ImageObject","inLanguage":"it-IT","@id":"https:\/\/www.organisator.ch\/#\/schema\/logo\/image\/","url":"https:\/\/www.organisator.ch\/wp-content\/uploads\/2022\/01\/Logo_Organisator_Website.png","contentUrl":"https:\/\/www.organisator.ch\/wp-content\/uploads\/2022\/01\/Logo_Organisator_Website.png","width":800,"height":77,"caption":"Organisator"},"image":{"@id":"https:\/\/www.organisator.ch\/#\/schema\/logo\/image\/"},"sameAs":["https:\/\/www.facebook.com\/OrganisatorFachmagazin","https:\/\/www.linkedin.com\/showcase\/organisator-das-magazin-fr-kmu","https:\/\/www.xing.com\/news\/pages\/organisator-ch-695","https:\/\/www.youtube.com\/channel\/UCGP2Sq0iWaZwT3BdIAQFYpw"]},{"@type":"Person","@id":"https:\/\/www.organisator.ch\/#\/schema\/person\/6f650f90b2842cd4c0cc334b4e36f67e","name":"Tommaso.berner","image":{"@type":"ImageObject","inLanguage":"it-IT","@id":"https:\/\/secure.gravatar.com\/avatar\/ac5001d2a36cb6c6cd3e50789007ffca834b477b74a2144564522e944eabff61?s=96&d=mm&r=g","url":"https:\/\/secure.gravatar.com\/avatar\/ac5001d2a36cb6c6cd3e50789007ffca834b477b74a2144564522e944eabff61?s=96&d=mm&r=g","contentUrl":"https:\/\/secure.gravatar.com\/avatar\/ac5001d2a36cb6c6cd3e50789007ffca834b477b74a2144564522e944eabff61?s=96&d=mm&r=g","caption":"thomas.berner"},"url":"https:\/\/www.organisator.ch\/it\/author\/thomas-berner\/"}]}},"_links":{"self":[{"href":"https:\/\/www.organisator.ch\/it\/wp-json\/wp\/v2\/posts\/17783","targetHints":{"allow":["GET"]}}],"collection":[{"href":"https:\/\/www.organisator.ch\/it\/wp-json\/wp\/v2\/posts"}],"about":[{"href":"https:\/\/www.organisator.ch\/it\/wp-json\/wp\/v2\/types\/post"}],"author":[{"embeddable":true,"href":"https:\/\/www.organisator.ch\/it\/wp-json\/wp\/v2\/users\/4"}],"replies":[{"embeddable":true,"href":"https:\/\/www.organisator.ch\/it\/wp-json\/wp\/v2\/comments?post=17783"}],"version-history":[{"count":1,"href":"https:\/\/www.organisator.ch\/it\/wp-json\/wp\/v2\/posts\/17783\/revisions"}],"predecessor-version":[{"id":17786,"href":"https:\/\/www.organisator.ch\/it\/wp-json\/wp\/v2\/posts\/17783\/revisions\/17786"}],"wp:featuredmedia":[{"embeddable":true,"href":"https:\/\/www.organisator.ch\/it\/wp-json\/wp\/v2\/media\/17784"}],"wp:attachment":[{"href":"https:\/\/www.organisator.ch\/it\/wp-json\/wp\/v2\/media?parent=17783"}],"wp:term":[{"taxonomy":"category","embeddable":true,"href":"https:\/\/www.organisator.ch\/it\/wp-json\/wp\/v2\/categories?post=17783"},{"taxonomy":"post_tag","embeddable":true,"href":"https:\/\/www.organisator.ch\/it\/wp-json\/wp\/v2\/tags?post=17783"}],"curies":[{"name":"wp","href":"https:\/\/api.w.org\/{rel}","templated":true}]}}