{"id":1779,"date":"2017-04-10T12:08:33","date_gmt":"2017-04-10T10:08:33","guid":{"rendered":"https:\/\/www.organisator.ch\/?p=1779"},"modified":"2017-04-10T12:08:33","modified_gmt":"2017-04-10T10:08:33","slug":"10-jahre-prix-perspectives-bewerbungen-willkommen","status":"publish","type":"post","link":"https:\/\/www.organisator.ch\/it\/allgemein\/2017-04-10\/10-jahre-prix-perspectives-bewerbungen-willkommen\/","title":{"rendered":"10\u00b0 anniversario del \"Prix Perspectives\" - benvenuto alle candidature"},"content":{"rendered":"<figure id=\"attachment_1780\" aria-describedby=\"caption-attachment-1780\" style=\"width: 680px\" class=\"wp-caption alignnone\"><img loading=\"lazy\" decoding=\"async\" class=\"size-medium wp-image-1780\" src=\"https:\/\/www.organisator.ch\/wp-content\/uploads\/2017\/04\/10-Jahre-Prix-Perspectives--Bewerbungen-willkommen-org-organisator.jpg\" alt=\"\" width=\"680\" height=\"454\" srcset=\"\" sizes=\"auto, (max-width: 680px) 100vw, 680px\" data-srcset=\"\" \/><figcaption id=\"caption-attachment-1780\" class=\"wp-caption-text\">Il decimo \"Prix Perspectives\" si terr\u00e0 a Berna nel 2017. (depositphotos_ SashaKhala)<\/figcaption><\/figure>\n<p>Per 10 anni, il \"Prix Perspectives\" ha considerato progetti che promuovono un impegno particolarmente innovativo e sostenibile nel campo della malattia mentale. La malattia mentale \u00e8 un problema crescente. Per molte persone, non \u00e8 ancora chiaro cosa si nasconde dietro le varie forme di malattia mentale.<\/p>\n<p>Questa ignoranza porta al pregiudizio. La societ\u00e0 trova corrispondentemente difficile trattare con le persone malate di mente, il che rende la vita ancora pi\u00f9 difficile a chi ne \u00e8 affetto. Per questo motivo, Janssen ha lanciato per la prima volta nel 2006 il \"Prix Perspectives\", un premio promozionale che assegna un totale di 25.000 CHF a progetti di aiuto privati o istituzionali in questo settore.<\/p>\n<p><strong>Apprezzamento e promozione <\/strong><\/p>\n<p>Insieme alla giuria di esperti, Janssen-Cilag AG incoraggia le persone impegnate a presentare i loro progetti e attivit\u00e0. Le domande sono aperte a privati, cos\u00ec come a gruppi organizzati e cliniche che gestiscono progetti come gruppi di auto-aiuto, servizi di assistenza e punti di contatto (organizzazioni di supporto) per i parenti.<\/p>\n<p>L'obiettivo di questi progetti dovrebbe essere quello di aiutare le persone colpite e i loro parenti ad affrontare meglio la malattia.<\/p>\n<p>Oltre alla possibilit\u00e0 di vincere la borsa di studio, tutti i partecipanti hanno l'opportunit\u00e0 di presentare il loro progetto a un ampio pubblico professionale al congresso annuale del SGPP il 15 settembre 2017 a Berna e di scambiare idee tra loro. In questo modo, il \"Prix Perspectives\" non solo fornisce un sostegno finanziario, ma aiuta anche a rendere pi\u00f9 persone consapevoli della malattia mentale e dei servizi di supporto esistenti e a incoraggiare preziosi aiutanti nel loro impegno. Perch\u00e9 danno un contributo essenziale in questo campo.<\/p>\n<p><strong>I vincitori del 2015 <\/strong><\/p>\n<p>Come negli anni precedenti, una giuria di esperti seleziona i progetti vincitori. Al Prix Perspectives del 2015, c'\u00e8 stata una doppia vittoria: il premio in denaro \u00e8 stato diviso tra due progetti vincitori. Met\u00e0 del premio \u00e8 andato a \"Radio loco motivo\", un programma radiofonico di persone con esperienza psichiatrica per promuovere nuovi sviluppi in psichiatria. Radio loco motivo ha stabilito una vasta \"campagna anti-stigma\", dalla riabilitazione per le persone colpite, attraverso lo scambio con i parenti, alla sensibilizzazione sociale sulle questioni psichiatriche in generale.<\/p>\n<p>Il secondo vincitore \u00e8 stato un servizio di alloggi mobili creato a Zurigo. Da un lato, sostiene le strutture di vita assistita nel rendere i loro servizi pi\u00f9 flessibili e migliorare la loro sostenibilit\u00e0. D'altra parte, aiuta a creare nuovi servizi per i malati mentali che vogliono trovare e mantenere la propria casa.<\/p>\n<p><strong>Candidati ora per il \"Prix Perspectives\":<\/strong><\/p>\n<p>Il periodo di candidatura va fino al 1\u00b0 giugno 2017 compreso. La premiazione avr\u00e0 luogo in occasione del Congresso annuale della Societ\u00e0 svizzera di psichiatria e psicoterapia (SGPP) il 15 settembre 2017 a Berna. Ulteriori informazioni, il modulo di domanda e il regolamento si trovano su <a href=\"http:\/\/www.prixperspectives.ch\">www.prixperspectives.ch<\/a><\/p>\n<p>&nbsp;<\/p>\n<p>&nbsp;<\/p>","protected":false},"excerpt":{"rendered":"<p>Seit 10 Jahren ber\u00fccksichtigt der &#8222;Prix Perspectives&#8220; Projekte, die besonders innovativ und nachhaltig Engagements im Bereich psychischer Erkrankungen f\u00f6rdern. Psychische Erkrankungen sind ein zunehmendes Problem. F\u00fcr viele Menschen ist nach wie vor nicht greifbar, was sich hinter den verschiedenen Auspr\u00e4gungen im Bereich psychischer Erkrankungen verbirgt. Diese Unwissenheit f\u00fchrt zu Vorurteilen. Entsprechend schwer f\u00e4llt der Gesellschaft [&hellip;]<\/p>\n","protected":false},"author":5,"featured_media":1780,"comment_status":"open","ping_status":"open","sticky":false,"template":"","format":"standard","meta":{"_acf_changed":false,"_yoast_wpseo_focuskw":"Prix Perspectives","_yoast_wpseo_metadesc":"Bereits seit 2006 f\u00f6rdert die Janssen-Cilag AG durch die Verleihung des \"Prix Perspectives\" Projekte, die besonders innovativ und nachhaltig sind.","articlekey":"","footnotes":""},"categories":[1],"tags":[389,396],"class_list":["post-1779","post","type-post","status-publish","format-standard","has-post-thumbnail","hentry","category-allgemein","tag-prix-perspectives","tag-projektentwicklung"],"acf":[],"yoast_head":"<!-- This site is optimized with the Yoast SEO plugin v27.4 - https:\/\/yoast.com\/product\/yoast-seo-wordpress\/ -->\n<title>10 Jahre &quot;Prix Perspectives&quot; \u2013 Bewerbungen willkommen - Organisator<\/title>\n<meta name=\"description\" content=\"Bereits seit 2006 f\u00f6rdert die Janssen-Cilag AG durch die Verleihung des &quot;Prix Perspectives&quot; Projekte, die besonders innovativ und nachhaltig sind.\" \/>\n<meta name=\"robots\" content=\"index, follow, max-snippet:-1, max-image-preview:large, max-video-preview:-1\" \/>\n<link rel=\"canonical\" href=\"https:\/\/www.organisator.ch\/it\/generale\/2017-04-10\/10-jahre-prix-perspectives-bewerbungen-willkommen\/\" \/>\n<meta property=\"og:locale\" content=\"it_IT\" \/>\n<meta property=\"og:type\" content=\"article\" \/>\n<meta property=\"og:title\" content=\"10 Jahre &quot;Prix Perspectives&quot; \u2013 Bewerbungen willkommen - Organisator\" \/>\n<meta property=\"og:description\" content=\"Bereits seit 2006 f\u00f6rdert die Janssen-Cilag AG durch die Verleihung des &quot;Prix Perspectives&quot; Projekte, die besonders innovativ und nachhaltig sind.\" \/>\n<meta property=\"og:url\" content=\"https:\/\/www.organisator.ch\/it\/generale\/2017-04-10\/10-jahre-prix-perspectives-bewerbungen-willkommen\/\" \/>\n<meta property=\"og:site_name\" content=\"Organisator\" \/>\n<meta property=\"article:publisher\" content=\"https:\/\/www.facebook.com\/OrganisatorFachmagazin\" \/>\n<meta property=\"article:published_time\" content=\"2017-04-10T10:08:33+00:00\" \/>\n<meta property=\"og:image\" content=\"https:\/\/www.organisator.ch\/wp-content\/uploads\/2017\/04\/10-Jahre-Prix-Perspectives-\u2013Bewerbungen-willkommen-org-organisator.jpg\" \/>\n\t<meta property=\"og:image:width\" content=\"999\" \/>\n\t<meta property=\"og:image:height\" content=\"667\" \/>\n\t<meta property=\"og:image:type\" content=\"image\/jpeg\" \/>\n<meta name=\"author\" content=\"michael.merz\" \/>\n<meta name=\"twitter:card\" content=\"summary_large_image\" \/>\n<script type=\"application\/ld+json\" class=\"yoast-schema-graph\">{\"@context\":\"https:\\\/\\\/schema.org\",\"@graph\":[{\"@type\":\"Article\",\"@id\":\"https:\\\/\\\/www.organisator.ch\\\/it\\\/generale\\\/2017-04-10\\\/10-jahre-prix-perspectives-bewerbungen-willkommen\\\/#article\",\"isPartOf\":{\"@id\":\"https:\\\/\\\/www.organisator.ch\\\/it\\\/generale\\\/2017-04-10\\\/10-jahre-prix-perspectives-bewerbungen-willkommen\\\/\"},\"author\":{\"name\":\"michael.merz\",\"@id\":\"https:\\\/\\\/www.organisator.ch\\\/#\\\/schema\\\/person\\\/134708ca9321c57b0362cceb7948ffbd\"},\"headline\":\"10 Jahre &#8222;Prix Perspectives&#8220; \u2013 Bewerbungen willkommen\",\"datePublished\":\"2017-04-10T10:08:33+00:00\",\"mainEntityOfPage\":{\"@id\":\"https:\\\/\\\/www.organisator.ch\\\/it\\\/generale\\\/2017-04-10\\\/10-jahre-prix-perspectives-bewerbungen-willkommen\\\/\"},\"wordCount\":444,\"commentCount\":0,\"publisher\":{\"@id\":\"https:\\\/\\\/www.organisator.ch\\\/#organization\"},\"image\":{\"@id\":\"https:\\\/\\\/www.organisator.ch\\\/it\\\/generale\\\/2017-04-10\\\/10-jahre-prix-perspectives-bewerbungen-willkommen\\\/#primaryimage\"},\"thumbnailUrl\":\"https:\\\/\\\/www.organisator.ch\\\/wp-content\\\/uploads\\\/2017\\\/04\\\/10-Jahre-Prix-Perspectives-\u2013Bewerbungen-willkommen-org-organisator.jpg\",\"keywords\":[\"Prix Perspectives\",\"Projektentwicklung\"],\"articleSection\":[\"Allgemein\"],\"inLanguage\":\"it-IT\"},{\"@type\":\"WebPage\",\"@id\":\"https:\\\/\\\/www.organisator.ch\\\/it\\\/generale\\\/2017-04-10\\\/10-jahre-prix-perspectives-bewerbungen-willkommen\\\/\",\"url\":\"https:\\\/\\\/www.organisator.ch\\\/it\\\/generale\\\/2017-04-10\\\/10-jahre-prix-perspectives-bewerbungen-willkommen\\\/\",\"name\":\"10 Jahre \\\"Prix Perspectives\\\" \u2013 Bewerbungen willkommen - Organisator\",\"isPartOf\":{\"@id\":\"https:\\\/\\\/www.organisator.ch\\\/#website\"},\"primaryImageOfPage\":{\"@id\":\"https:\\\/\\\/www.organisator.ch\\\/it\\\/generale\\\/2017-04-10\\\/10-jahre-prix-perspectives-bewerbungen-willkommen\\\/#primaryimage\"},\"image\":{\"@id\":\"https:\\\/\\\/www.organisator.ch\\\/it\\\/generale\\\/2017-04-10\\\/10-jahre-prix-perspectives-bewerbungen-willkommen\\\/#primaryimage\"},\"thumbnailUrl\":\"https:\\\/\\\/www.organisator.ch\\\/wp-content\\\/uploads\\\/2017\\\/04\\\/10-Jahre-Prix-Perspectives-\u2013Bewerbungen-willkommen-org-organisator.jpg\",\"datePublished\":\"2017-04-10T10:08:33+00:00\",\"description\":\"Bereits seit 2006 f\u00f6rdert die Janssen-Cilag AG durch die Verleihung des \\\"Prix Perspectives\\\" Projekte, die besonders innovativ und nachhaltig sind.\",\"breadcrumb\":{\"@id\":\"https:\\\/\\\/www.organisator.ch\\\/it\\\/generale\\\/2017-04-10\\\/10-jahre-prix-perspectives-bewerbungen-willkommen\\\/#breadcrumb\"},\"inLanguage\":\"it-IT\",\"potentialAction\":[{\"@type\":\"ReadAction\",\"target\":[\"https:\\\/\\\/www.organisator.ch\\\/it\\\/generale\\\/2017-04-10\\\/10-jahre-prix-perspectives-bewerbungen-willkommen\\\/\"]}]},{\"@type\":\"ImageObject\",\"inLanguage\":\"it-IT\",\"@id\":\"https:\\\/\\\/www.organisator.ch\\\/it\\\/generale\\\/2017-04-10\\\/10-jahre-prix-perspectives-bewerbungen-willkommen\\\/#primaryimage\",\"url\":\"https:\\\/\\\/www.organisator.ch\\\/wp-content\\\/uploads\\\/2017\\\/04\\\/10-Jahre-Prix-Perspectives-\u2013Bewerbungen-willkommen-org-organisator.jpg\",\"contentUrl\":\"https:\\\/\\\/www.organisator.ch\\\/wp-content\\\/uploads\\\/2017\\\/04\\\/10-Jahre-Prix-Perspectives-\u2013Bewerbungen-willkommen-org-organisator.jpg\",\"width\":999,\"height\":667,\"caption\":\"Der zehnte \\\"Prix Perspectives\\\" wird 2017 zum zehnten Mal in Bern durchgef\u00fchrt. (Bild: depositphotos_ SashaKhala)\"},{\"@type\":\"BreadcrumbList\",\"@id\":\"https:\\\/\\\/www.organisator.ch\\\/it\\\/generale\\\/2017-04-10\\\/10-jahre-prix-perspectives-bewerbungen-willkommen\\\/#breadcrumb\",\"itemListElement\":[{\"@type\":\"ListItem\",\"position\":1,\"name\":\"Home\",\"item\":\"https:\\\/\\\/www.organisator.ch\\\/\"},{\"@type\":\"ListItem\",\"position\":2,\"name\":\"10 Jahre &#8222;Prix Perspectives&#8220; \u2013 Bewerbungen willkommen\"}]},{\"@type\":\"WebSite\",\"@id\":\"https:\\\/\\\/www.organisator.ch\\\/#website\",\"url\":\"https:\\\/\\\/www.organisator.ch\\\/\",\"name\":\"Organisator\",\"description\":\"Kompetent. Praxisnah. Der ORGANISATOR bereitet in 10 Ausgaben pro Jahr die wesentlichen Themen f\u00fcr F\u00fchrungskr\u00e4fte von KMU auf.\",\"publisher\":{\"@id\":\"https:\\\/\\\/www.organisator.ch\\\/#organization\"},\"potentialAction\":[{\"@type\":\"SearchAction\",\"target\":{\"@type\":\"EntryPoint\",\"urlTemplate\":\"https:\\\/\\\/www.organisator.ch\\\/?s={search_term_string}\"},\"query-input\":{\"@type\":\"PropertyValueSpecification\",\"valueRequired\":true,\"valueName\":\"search_term_string\"}}],\"inLanguage\":\"it-IT\"},{\"@type\":\"Organization\",\"@id\":\"https:\\\/\\\/www.organisator.ch\\\/#organization\",\"name\":\"Organisator\",\"url\":\"https:\\\/\\\/www.organisator.ch\\\/\",\"logo\":{\"@type\":\"ImageObject\",\"inLanguage\":\"it-IT\",\"@id\":\"https:\\\/\\\/www.organisator.ch\\\/#\\\/schema\\\/logo\\\/image\\\/\",\"url\":\"https:\\\/\\\/www.organisator.ch\\\/wp-content\\\/uploads\\\/2022\\\/01\\\/Logo_Organisator_Website.png\",\"contentUrl\":\"https:\\\/\\\/www.organisator.ch\\\/wp-content\\\/uploads\\\/2022\\\/01\\\/Logo_Organisator_Website.png\",\"width\":800,\"height\":77,\"caption\":\"Organisator\"},\"image\":{\"@id\":\"https:\\\/\\\/www.organisator.ch\\\/#\\\/schema\\\/logo\\\/image\\\/\"},\"sameAs\":[\"https:\\\/\\\/www.facebook.com\\\/OrganisatorFachmagazin\",\"https:\\\/\\\/www.linkedin.com\\\/showcase\\\/organisator-das-magazin-fr-kmu\",\"https:\\\/\\\/www.xing.com\\\/news\\\/pages\\\/organisator-ch-695\",\"https:\\\/\\\/www.youtube.com\\\/channel\\\/UCGP2Sq0iWaZwT3BdIAQFYpw\"]},{\"@type\":\"Person\",\"@id\":\"https:\\\/\\\/www.organisator.ch\\\/#\\\/schema\\\/person\\\/134708ca9321c57b0362cceb7948ffbd\",\"name\":\"michael.merz\",\"image\":{\"@type\":\"ImageObject\",\"inLanguage\":\"it-IT\",\"@id\":\"https:\\\/\\\/secure.gravatar.com\\\/avatar\\\/?s=96&d=mm&r=g\",\"url\":\"https:\\\/\\\/secure.gravatar.com\\\/avatar\\\/?s=96&d=mm&r=g\",\"contentUrl\":\"https:\\\/\\\/secure.gravatar.com\\\/avatar\\\/?s=96&d=mm&r=g\",\"caption\":\"michael.merz\"},\"url\":\"https:\\\/\\\/www.organisator.ch\\\/it\\\/author\\\/michael-merz\\\/\"}]}<\/script>\n<!-- \/ Yoast SEO plugin. -->","yoast_head_json":{"title":"10\u00b0 anniversario del \"Prix Perspectives\" - iscrizioni benvenute - organizzatore","description":"Dal 2006, Janssen-Cilag AG sostiene progetti particolarmente innovativi e sostenibili assegnando il \"Prix Perspectives\".","robots":{"index":"index","follow":"follow","max-snippet":"max-snippet:-1","max-image-preview":"max-image-preview:large","max-video-preview":"max-video-preview:-1"},"canonical":"https:\/\/www.organisator.ch\/it\/generale\/2017-04-10\/10-jahre-prix-perspectives-bewerbungen-willkommen\/","og_locale":"it_IT","og_type":"article","og_title":"10 Jahre \"Prix Perspectives\" \u2013 Bewerbungen willkommen - Organisator","og_description":"Bereits seit 2006 f\u00f6rdert die Janssen-Cilag AG durch die Verleihung des \"Prix Perspectives\" Projekte, die besonders innovativ und nachhaltig sind.","og_url":"https:\/\/www.organisator.ch\/it\/generale\/2017-04-10\/10-jahre-prix-perspectives-bewerbungen-willkommen\/","og_site_name":"Organisator","article_publisher":"https:\/\/www.facebook.com\/OrganisatorFachmagazin","article_published_time":"2017-04-10T10:08:33+00:00","og_image":[{"width":999,"height":667,"url":"https:\/\/www.organisator.ch\/wp-content\/uploads\/2017\/04\/10-Jahre-Prix-Perspectives-\u2013Bewerbungen-willkommen-org-organisator.jpg","type":"image\/jpeg"}],"author":"michael.merz","twitter_card":"summary_large_image","schema":{"@context":"https:\/\/schema.org","@graph":[{"@type":"Article","@id":"https:\/\/www.organisator.ch\/it\/generale\/2017-04-10\/10-jahre-prix-perspectives-bewerbungen-willkommen\/#article","isPartOf":{"@id":"https:\/\/www.organisator.ch\/it\/generale\/2017-04-10\/10-jahre-prix-perspectives-bewerbungen-willkommen\/"},"author":{"name":"michael.merz","@id":"https:\/\/www.organisator.ch\/#\/schema\/person\/134708ca9321c57b0362cceb7948ffbd"},"headline":"10 Jahre &#8222;Prix Perspectives&#8220; \u2013 Bewerbungen willkommen","datePublished":"2017-04-10T10:08:33+00:00","mainEntityOfPage":{"@id":"https:\/\/www.organisator.ch\/it\/generale\/2017-04-10\/10-jahre-prix-perspectives-bewerbungen-willkommen\/"},"wordCount":444,"commentCount":0,"publisher":{"@id":"https:\/\/www.organisator.ch\/#organization"},"image":{"@id":"https:\/\/www.organisator.ch\/it\/generale\/2017-04-10\/10-jahre-prix-perspectives-bewerbungen-willkommen\/#primaryimage"},"thumbnailUrl":"https:\/\/www.organisator.ch\/wp-content\/uploads\/2017\/04\/10-Jahre-Prix-Perspectives-\u2013Bewerbungen-willkommen-org-organisator.jpg","keywords":["Prix Perspectives","Projektentwicklung"],"articleSection":["Allgemein"],"inLanguage":"it-IT"},{"@type":"WebPage","@id":"https:\/\/www.organisator.ch\/it\/generale\/2017-04-10\/10-jahre-prix-perspectives-bewerbungen-willkommen\/","url":"https:\/\/www.organisator.ch\/it\/generale\/2017-04-10\/10-jahre-prix-perspectives-bewerbungen-willkommen\/","name":"10\u00b0 anniversario del \"Prix Perspectives\" - iscrizioni benvenute - organizzatore","isPartOf":{"@id":"https:\/\/www.organisator.ch\/#website"},"primaryImageOfPage":{"@id":"https:\/\/www.organisator.ch\/it\/generale\/2017-04-10\/10-jahre-prix-perspectives-bewerbungen-willkommen\/#primaryimage"},"image":{"@id":"https:\/\/www.organisator.ch\/it\/generale\/2017-04-10\/10-jahre-prix-perspectives-bewerbungen-willkommen\/#primaryimage"},"thumbnailUrl":"https:\/\/www.organisator.ch\/wp-content\/uploads\/2017\/04\/10-Jahre-Prix-Perspectives-\u2013Bewerbungen-willkommen-org-organisator.jpg","datePublished":"2017-04-10T10:08:33+00:00","description":"Dal 2006, Janssen-Cilag AG sostiene progetti particolarmente innovativi e sostenibili assegnando il \"Prix Perspectives\".","breadcrumb":{"@id":"https:\/\/www.organisator.ch\/it\/generale\/2017-04-10\/10-jahre-prix-perspectives-bewerbungen-willkommen\/#breadcrumb"},"inLanguage":"it-IT","potentialAction":[{"@type":"ReadAction","target":["https:\/\/www.organisator.ch\/it\/generale\/2017-04-10\/10-jahre-prix-perspectives-bewerbungen-willkommen\/"]}]},{"@type":"ImageObject","inLanguage":"it-IT","@id":"https:\/\/www.organisator.ch\/it\/generale\/2017-04-10\/10-jahre-prix-perspectives-bewerbungen-willkommen\/#primaryimage","url":"https:\/\/www.organisator.ch\/wp-content\/uploads\/2017\/04\/10-Jahre-Prix-Perspectives-\u2013Bewerbungen-willkommen-org-organisator.jpg","contentUrl":"https:\/\/www.organisator.ch\/wp-content\/uploads\/2017\/04\/10-Jahre-Prix-Perspectives-\u2013Bewerbungen-willkommen-org-organisator.jpg","width":999,"height":667,"caption":"Der zehnte \"Prix Perspectives\" wird 2017 zum zehnten Mal in Bern durchgef\u00fchrt. (Bild: depositphotos_ SashaKhala)"},{"@type":"BreadcrumbList","@id":"https:\/\/www.organisator.ch\/it\/generale\/2017-04-10\/10-jahre-prix-perspectives-bewerbungen-willkommen\/#breadcrumb","itemListElement":[{"@type":"ListItem","position":1,"name":"Home","item":"https:\/\/www.organisator.ch\/"},{"@type":"ListItem","position":2,"name":"10 Jahre &#8222;Prix Perspectives&#8220; \u2013 Bewerbungen willkommen"}]},{"@type":"WebSite","@id":"https:\/\/www.organisator.ch\/#website","url":"https:\/\/www.organisator.ch\/","name":"Organizzatore","description":"Competente. Pratico. In 10 numeri all'anno, ORGANISATOR presenta i temi essenziali per i manager delle PMI.","publisher":{"@id":"https:\/\/www.organisator.ch\/#organization"},"potentialAction":[{"@type":"SearchAction","target":{"@type":"EntryPoint","urlTemplate":"https:\/\/www.organisator.ch\/?s={search_term_string}"},"query-input":{"@type":"PropertyValueSpecification","valueRequired":true,"valueName":"search_term_string"}}],"inLanguage":"it-IT"},{"@type":"Organization","@id":"https:\/\/www.organisator.ch\/#organization","name":"Organizzatore","url":"https:\/\/www.organisator.ch\/","logo":{"@type":"ImageObject","inLanguage":"it-IT","@id":"https:\/\/www.organisator.ch\/#\/schema\/logo\/image\/","url":"https:\/\/www.organisator.ch\/wp-content\/uploads\/2022\/01\/Logo_Organisator_Website.png","contentUrl":"https:\/\/www.organisator.ch\/wp-content\/uploads\/2022\/01\/Logo_Organisator_Website.png","width":800,"height":77,"caption":"Organisator"},"image":{"@id":"https:\/\/www.organisator.ch\/#\/schema\/logo\/image\/"},"sameAs":["https:\/\/www.facebook.com\/OrganisatorFachmagazin","https:\/\/www.linkedin.com\/showcase\/organisator-das-magazin-fr-kmu","https:\/\/www.xing.com\/news\/pages\/organisator-ch-695","https:\/\/www.youtube.com\/channel\/UCGP2Sq0iWaZwT3BdIAQFYpw"]},{"@type":"Person","@id":"https:\/\/www.organisator.ch\/#\/schema\/person\/134708ca9321c57b0362cceb7948ffbd","name":"michael.merz","image":{"@type":"ImageObject","inLanguage":"it-IT","@id":"https:\/\/secure.gravatar.com\/avatar\/?s=96&d=mm&r=g","url":"https:\/\/secure.gravatar.com\/avatar\/?s=96&d=mm&r=g","contentUrl":"https:\/\/secure.gravatar.com\/avatar\/?s=96&d=mm&r=g","caption":"michael.merz"},"url":"https:\/\/www.organisator.ch\/it\/author\/michael-merz\/"}]}},"_links":{"self":[{"href":"https:\/\/www.organisator.ch\/it\/wp-json\/wp\/v2\/posts\/1779","targetHints":{"allow":["GET"]}}],"collection":[{"href":"https:\/\/www.organisator.ch\/it\/wp-json\/wp\/v2\/posts"}],"about":[{"href":"https:\/\/www.organisator.ch\/it\/wp-json\/wp\/v2\/types\/post"}],"author":[{"embeddable":true,"href":"https:\/\/www.organisator.ch\/it\/wp-json\/wp\/v2\/users\/5"}],"replies":[{"embeddable":true,"href":"https:\/\/www.organisator.ch\/it\/wp-json\/wp\/v2\/comments?post=1779"}],"version-history":[{"count":0,"href":"https:\/\/www.organisator.ch\/it\/wp-json\/wp\/v2\/posts\/1779\/revisions"}],"wp:featuredmedia":[{"embeddable":true,"href":"https:\/\/www.organisator.ch\/it\/wp-json\/wp\/v2\/media\/1780"}],"wp:attachment":[{"href":"https:\/\/www.organisator.ch\/it\/wp-json\/wp\/v2\/media?parent=1779"}],"wp:term":[{"taxonomy":"category","embeddable":true,"href":"https:\/\/www.organisator.ch\/it\/wp-json\/wp\/v2\/categories?post=1779"},{"taxonomy":"post_tag","embeddable":true,"href":"https:\/\/www.organisator.ch\/it\/wp-json\/wp\/v2\/tags?post=1779"}],"curies":[{"name":"wp","href":"https:\/\/api.w.org\/{rel}","templated":true}]}}