{"id":17809,"date":"2022-11-14T08:01:21","date_gmt":"2022-11-14T07:01:21","guid":{"rendered":"https:\/\/www.organisator.ch\/?p=17809"},"modified":"2022-11-14T08:01:21","modified_gmt":"2022-11-14T07:01:21","slug":"frauenanteil-in-schweizer-verwaltungsraeten-steigt-langsam","status":"publish","type":"post","link":"https:\/\/www.organisator.ch\/it\/human-resources\/2022-11-14\/frauenanteil-in-schweizer-verwaltungsraeten-steigt-langsam\/","title":{"rendered":"La percentuale di donne nei consigli di amministrazione svizzeri sta lentamente aumentando"},"content":{"rendered":"<figure id=\"attachment_17810\" aria-describedby=\"caption-attachment-17810\" style=\"width: 680px\" class=\"wp-caption alignnone\"><img loading=\"lazy\" decoding=\"async\" class=\"size-full wp-image-17810\" src=\"https:\/\/www.organisator.ch\/wp-content\/uploads\/2022\/11\/Frauenanteil-in-Schweizer-Verwaltungsraeten-steigt-langsam_Organisator.jpg\" alt=\"\" width=\"680\" height=\"454\" srcset=\"https:\/\/www.organisator.ch\/wp-content\/uploads\/2022\/11\/Frauenanteil-in-Schweizer-Verwaltungsraeten-steigt-langsam_Organisator.jpg 680w, https:\/\/www.organisator.ch\/wp-content\/uploads\/2022\/11\/Frauenanteil-in-Schweizer-Verwaltungsraeten-steigt-langsam_Organisator-18x12.jpg 18w, https:\/\/www.organisator.ch\/wp-content\/uploads\/2022\/11\/Frauenanteil-in-Schweizer-Verwaltungsraeten-steigt-langsam_Organisator-375x250.jpg 375w, https:\/\/www.organisator.ch\/wp-content\/uploads\/2022\/11\/Frauenanteil-in-Schweizer-Verwaltungsraeten-steigt-langsam_Organisator-524x350.jpg 524w\" sizes=\"auto, (max-width: 680px) 100vw, 680px\" \/><figcaption id=\"caption-attachment-17810\" class=\"wp-caption-text\">Secondo un'analisi, c'\u00e8 ancora molta strada da fare per raggiungere una vera diversit\u00e0 nei consigli di amministrazione svizzeri: ad esempio, la percentuale di donne \u00e8 aumentata meno rapidamente dal 2004 rispetto ad altri Paesi dell'Europa occidentale. (Immagine: Depositphotos.com)<\/figcaption><\/figure>\n<p>La societ\u00e0 di consulenza sulle risorse umane Egon Zehnder ha pubblicato i risultati del Global Board Diversity Tracker 2022. Dal 2004 lo studio analizza la diversit\u00e0 dei consigli di amministrazione in termini di genere, et\u00e0 e internazionalit\u00e0 a livello globale. I risultati mostrano che la percentuale di consigli di amministrazione diversificati sta aumentando solo molto lentamente. La Svizzera, in particolare, \u00e8 ancora in ritardo in termini di nomine diversificate in posizioni dirigenziali. Ad esempio, dal primo studio di 18 anni fa, la percentuale di donne nei consigli di amministrazione svizzeri \u00e8 solo del 29,1%. Questo dato \u00e8 inferiore alla media dell'Europa occidentale, pari al 35,5%. Dal 2004 la Francia ha aumentato la sua quota di donne dal 6% a un totale del 45,3%, ponendosi cos\u00ec in testa ai Paesi dell'Europa occidentale.<\/p>\n<h3>Aumentare la percentuale di donne: Il ritmo in Svizzera \u00e8 troppo lento<\/h3>\n<p>Tutte le aziende svizzere analizzate hanno almeno una donna nel proprio consiglio di amministrazione: il 100% delle aziende svizzere analizzate ha oggi almeno un membro del consiglio di amministrazione donna. Nel 2020, la percentuale era ancora del 97,6%. Anche se questo sarebbe piacevole, \"i risultati dovrebbero essere un campanello d'allarme per i manager uomini e donne in Svizzera. \u00c8 necessario un ripensamento nell'assegnazione delle posizioni di vertice\", afferma Dominik Schaller, Managing Partner di Egon Zehnder Svizzera. \"Perch\u00e9 il cambiamento deve partire dai vertici dell'azienda. Solo cos\u00ec i leader provenienti da contesti diversi possono fungere da modello per l'intera organizzazione e dare forma a una cultura inclusiva\".<\/p>\n<p>Considerando l'Europa occidentale nel suo complesso, la percentuale di donne nei consigli di amministrazione \u00e8 aumentata pi\u00f9 rapidamente negli ultimi due anni rispetto ai dieci anni precedenti. Oggi, il numero di donne che fanno parte di un consiglio di amministrazione \u00e8 nettamente superiore alla media mondiale. Questo vale anche per la Svizzera, ma va notato che del 10,6% dei nuovi posti nei consigli di amministrazione, il 6,8% \u00e8 stato occupato da uomini e solo il 3,8% da donne. La dimensione media dei consigli di amministrazione in Svizzera \u00e8 di 9,7 posti.<\/p>\n<h3>L'internazionalizzazione dei consigli di amministrazione a livello globale \u00e8 lenta<\/h3>\n<p>Indipendentemente dal genere, la percentuale media di membri dei consigli di amministrazione con un background internazionale \u00e8 di circa un quarto a livello globale ed \u00e8 in calo in quasi tutte le regioni del mondo dal 2012. L'Europa occidentale, con una media di quasi il 39%, \u00e8 l'unica regione a registrare una tendenza continua, anche se piuttosto lenta, all'aumento. La Svizzera rappresenta un'eccezione e, con una quota del 63,5%, si colloca nettamente al di sopra della media dell'Europa occidentale in questo settore. La percentuale molto alta di membri del consiglio di amministrazione di sesso femminile con un background internazionale \u00e8 notevole in questo caso, raggiungendo addirittura il 75,8% in Svizzera.<\/p>\n<p>\"Il fatto che il bacino di talenti per i membri dei consigli di amministrazione di sesso femminile in Svizzera si trovi principalmente all'estero fa riflettere\", afferma Simone Stebler, consulente e responsabile di Diversity &amp; Inclusion presso Egon Zehnder Svizzera. \"\u00c8 necessario costruire pipeline di talenti diversificati, soprattutto per i ruoli di CFO e CEO. I team eterogenei non solo hanno pi\u00f9 successo economico, ma sono anche pi\u00f9 innovativi nello sviluppo dei prodotti, pi\u00f9 resistenti nelle crisi e pi\u00f9 creativi nelle situazioni problematiche. Costruire una cultura aziendale inclusiva \u00e8 essenziale per attrarre e sviluppare questi talenti diversi, fino ai pi\u00f9 alti livelli dirigenziali\".<\/p>\n<p><em>Fonte: <a href=\"https:\/\/www.egonzehnder.com\/\">Egon Zehnder<\/a><\/em><\/p>","protected":false},"excerpt":{"rendered":"<p>Das Personalberatungsunternehmen Egon Zehnder hat die Ergebnisse des Global Board Diversity Trackers 2022 ver\u00f6ffentlicht. Die Studie analysiert bereits seit 2004, wie divers Verwaltungsr\u00e4te in Bezug auf Geschlecht, Alter und Internationalit\u00e4t auf globaler Ebene aufgestellt sind. Die Ergebnisse zeigen, dass der Anteil diverser Verwaltungsr\u00e4te nur sehr langsam steigt. Insbesondere die Schweiz hinkt bei der diversen Besetzung [&hellip;]<\/p>\n","protected":false},"author":4,"featured_media":17810,"comment_status":"closed","ping_status":"closed","sticky":false,"template":"","format":"standard","meta":{"_acf_changed":false,"_yoast_wpseo_focuskw":"Frauenanteil","_yoast_wpseo_metadesc":"Innert 18 Jahren stieg laut Egon Zehnder der Frauenanteil in Schweizer Verwaltungsr\u00e4ten von 9 Prozent im Jahr 2004 nur um 20,1 Prozent.","articlekey":"","footnotes":""},"categories":[579],"tags":[159,254,459,513],"class_list":["post-17809","post","type-post","status-publish","format-standard","has-post-thumbnail","hentry","category-human-resources","tag-diversity","tag-hrm","tag-studie","tag-verwaltungsraete"],"acf":[],"yoast_head":"<!-- This site is optimized with the Yoast SEO plugin v27.5 - https:\/\/yoast.com\/product\/yoast-seo-wordpress\/ -->\n<title>Frauenanteil in Schweizer Verwaltungsr\u00e4ten steigt langsam - Organisator<\/title>\n<meta name=\"description\" content=\"Innert 18 Jahren stieg laut Egon Zehnder der Frauenanteil in Schweizer Verwaltungsr\u00e4ten von 9 Prozent im Jahr 2004 nur um 20,1 Prozent.\" \/>\n<meta name=\"robots\" content=\"index, follow, max-snippet:-1, max-image-preview:large, max-video-preview:-1\" \/>\n<link rel=\"canonical\" href=\"https:\/\/www.organisator.ch\/it\/risorse-umane\/2022-11-14\/frauenanteil-in-schweizer-verwaltungsraeten-steigt-langsam\/\" \/>\n<meta property=\"og:locale\" content=\"it_IT\" \/>\n<meta property=\"og:type\" content=\"article\" \/>\n<meta property=\"og:title\" content=\"Frauenanteil in Schweizer Verwaltungsr\u00e4ten steigt langsam\" \/>\n<meta property=\"og:description\" content=\"Innert 18 Jahren stieg laut Egon Zehnder der Frauenanteil in Schweizer Verwaltungsr\u00e4ten von 9 Prozent im Jahr 2004 nur um 20,1 Prozent.\" \/>\n<meta property=\"og:url\" content=\"https:\/\/www.organisator.ch\/it\/risorse-umane\/2022-11-14\/frauenanteil-in-schweizer-verwaltungsraeten-steigt-langsam\/\" \/>\n<meta property=\"og:site_name\" content=\"Organisator\" \/>\n<meta property=\"article:publisher\" content=\"https:\/\/www.facebook.com\/OrganisatorFachmagazin\" \/>\n<meta property=\"article:published_time\" content=\"2022-11-14T07:01:21+00:00\" \/>\n<meta property=\"og:image\" content=\"https:\/\/www.organisator.ch\/wp-content\/uploads\/2022\/11\/Frauenanteil-in-Schweizer-Verwaltungsraeten-steigt-langsam_Organisator.jpg\" \/>\n\t<meta property=\"og:image:width\" content=\"680\" \/>\n\t<meta property=\"og:image:height\" content=\"454\" \/>\n\t<meta property=\"og:image:type\" content=\"image\/jpeg\" \/>\n<meta name=\"author\" content=\"thomas.berner\" \/>\n<meta name=\"twitter:card\" content=\"summary_large_image\" \/>\n<meta name=\"twitter:title\" content=\"#Frauenanteil in Schweizer #Verwaltungsr\u00e4ten steigt langsam\" \/>\n<meta name=\"twitter:description\" content=\"Innert 18 Jahren stieg laut Egon Zehnder der #Frauenanteil in Schweizer #Verwaltungsr\u00e4ten von 9 Prozent im Jahr 2004 nur um 20,1 Prozent.\" \/>\n<meta name=\"twitter:image\" content=\"https:\/\/www.organisator.ch\/wp-content\/uploads\/2022\/11\/Frauenanteil-in-Schweizer-Verwaltungsraeten-steigt-langsam_Organisator.jpg\" \/>\n<script type=\"application\/ld+json\" class=\"yoast-schema-graph\">{\"@context\":\"https:\\\/\\\/schema.org\",\"@graph\":[{\"@type\":\"Article\",\"@id\":\"https:\\\/\\\/www.organisator.ch\\\/human-resources\\\/2022-11-14\\\/frauenanteil-in-schweizer-verwaltungsraeten-steigt-langsam\\\/#article\",\"isPartOf\":{\"@id\":\"https:\\\/\\\/www.organisator.ch\\\/human-resources\\\/2022-11-14\\\/frauenanteil-in-schweizer-verwaltungsraeten-steigt-langsam\\\/\"},\"author\":{\"name\":\"thomas.berner\",\"@id\":\"https:\\\/\\\/www.organisator.ch\\\/#\\\/schema\\\/person\\\/6f650f90b2842cd4c0cc334b4e36f67e\"},\"headline\":\"Frauenanteil in Schweizer Verwaltungsr\u00e4ten steigt langsam\",\"datePublished\":\"2022-11-14T07:01:21+00:00\",\"mainEntityOfPage\":{\"@id\":\"https:\\\/\\\/www.organisator.ch\\\/human-resources\\\/2022-11-14\\\/frauenanteil-in-schweizer-verwaltungsraeten-steigt-langsam\\\/\"},\"wordCount\":530,\"publisher\":{\"@id\":\"https:\\\/\\\/www.organisator.ch\\\/#organization\"},\"image\":{\"@id\":\"https:\\\/\\\/www.organisator.ch\\\/human-resources\\\/2022-11-14\\\/frauenanteil-in-schweizer-verwaltungsraeten-steigt-langsam\\\/#primaryimage\"},\"thumbnailUrl\":\"https:\\\/\\\/www.organisator.ch\\\/wp-content\\\/uploads\\\/2022\\\/11\\\/Frauenanteil-in-Schweizer-Verwaltungsraeten-steigt-langsam_Organisator.jpg\",\"keywords\":[\"Diversity\",\"HRM\",\"Studie\",\"Verwaltungsr\u00e4te\"],\"articleSection\":[\"HUMAN RESOURCES\"],\"inLanguage\":\"it-IT\"},{\"@type\":\"WebPage\",\"@id\":\"https:\\\/\\\/www.organisator.ch\\\/human-resources\\\/2022-11-14\\\/frauenanteil-in-schweizer-verwaltungsraeten-steigt-langsam\\\/\",\"url\":\"https:\\\/\\\/www.organisator.ch\\\/human-resources\\\/2022-11-14\\\/frauenanteil-in-schweizer-verwaltungsraeten-steigt-langsam\\\/\",\"name\":\"Frauenanteil in Schweizer Verwaltungsr\u00e4ten steigt langsam - Organisator\",\"isPartOf\":{\"@id\":\"https:\\\/\\\/www.organisator.ch\\\/#website\"},\"primaryImageOfPage\":{\"@id\":\"https:\\\/\\\/www.organisator.ch\\\/human-resources\\\/2022-11-14\\\/frauenanteil-in-schweizer-verwaltungsraeten-steigt-langsam\\\/#primaryimage\"},\"image\":{\"@id\":\"https:\\\/\\\/www.organisator.ch\\\/human-resources\\\/2022-11-14\\\/frauenanteil-in-schweizer-verwaltungsraeten-steigt-langsam\\\/#primaryimage\"},\"thumbnailUrl\":\"https:\\\/\\\/www.organisator.ch\\\/wp-content\\\/uploads\\\/2022\\\/11\\\/Frauenanteil-in-Schweizer-Verwaltungsraeten-steigt-langsam_Organisator.jpg\",\"datePublished\":\"2022-11-14T07:01:21+00:00\",\"description\":\"Innert 18 Jahren stieg laut Egon Zehnder der Frauenanteil in Schweizer Verwaltungsr\u00e4ten von 9 Prozent im Jahr 2004 nur um 20,1 Prozent.\",\"breadcrumb\":{\"@id\":\"https:\\\/\\\/www.organisator.ch\\\/human-resources\\\/2022-11-14\\\/frauenanteil-in-schweizer-verwaltungsraeten-steigt-langsam\\\/#breadcrumb\"},\"inLanguage\":\"it-IT\",\"potentialAction\":[{\"@type\":\"ReadAction\",\"target\":[\"https:\\\/\\\/www.organisator.ch\\\/human-resources\\\/2022-11-14\\\/frauenanteil-in-schweizer-verwaltungsraeten-steigt-langsam\\\/\"]}]},{\"@type\":\"ImageObject\",\"inLanguage\":\"it-IT\",\"@id\":\"https:\\\/\\\/www.organisator.ch\\\/human-resources\\\/2022-11-14\\\/frauenanteil-in-schweizer-verwaltungsraeten-steigt-langsam\\\/#primaryimage\",\"url\":\"https:\\\/\\\/www.organisator.ch\\\/wp-content\\\/uploads\\\/2022\\\/11\\\/Frauenanteil-in-Schweizer-Verwaltungsraeten-steigt-langsam_Organisator.jpg\",\"contentUrl\":\"https:\\\/\\\/www.organisator.ch\\\/wp-content\\\/uploads\\\/2022\\\/11\\\/Frauenanteil-in-Schweizer-Verwaltungsraeten-steigt-langsam_Organisator.jpg\",\"width\":680,\"height\":454,\"caption\":\"Zu echter Diversity in Schweizer Verwaltungsr\u00e4ten ist es laut einer Analyse noch ein weiter Weg: So ist etwa der Frauenanteil seit 2004 weniger schnell angestiegen als in anderen westeurop\u00e4ischen L\u00e4ndern. (Bild: Depositphotos.com)\"},{\"@type\":\"BreadcrumbList\",\"@id\":\"https:\\\/\\\/www.organisator.ch\\\/human-resources\\\/2022-11-14\\\/frauenanteil-in-schweizer-verwaltungsraeten-steigt-langsam\\\/#breadcrumb\",\"itemListElement\":[{\"@type\":\"ListItem\",\"position\":1,\"name\":\"Home\",\"item\":\"https:\\\/\\\/www.organisator.ch\\\/\"},{\"@type\":\"ListItem\",\"position\":2,\"name\":\"Frauenanteil in Schweizer Verwaltungsr\u00e4ten steigt langsam\"}]},{\"@type\":\"WebSite\",\"@id\":\"https:\\\/\\\/www.organisator.ch\\\/#website\",\"url\":\"https:\\\/\\\/www.organisator.ch\\\/\",\"name\":\"Organisator\",\"description\":\"Kompetent. Praxisnah. Der ORGANISATOR bereitet in 10 Ausgaben pro Jahr die wesentlichen Themen f\u00fcr F\u00fchrungskr\u00e4fte von KMU auf.\",\"publisher\":{\"@id\":\"https:\\\/\\\/www.organisator.ch\\\/#organization\"},\"potentialAction\":[{\"@type\":\"SearchAction\",\"target\":{\"@type\":\"EntryPoint\",\"urlTemplate\":\"https:\\\/\\\/www.organisator.ch\\\/?s={search_term_string}\"},\"query-input\":{\"@type\":\"PropertyValueSpecification\",\"valueRequired\":true,\"valueName\":\"search_term_string\"}}],\"inLanguage\":\"it-IT\"},{\"@type\":\"Organization\",\"@id\":\"https:\\\/\\\/www.organisator.ch\\\/#organization\",\"name\":\"Organisator\",\"url\":\"https:\\\/\\\/www.organisator.ch\\\/\",\"logo\":{\"@type\":\"ImageObject\",\"inLanguage\":\"it-IT\",\"@id\":\"https:\\\/\\\/www.organisator.ch\\\/#\\\/schema\\\/logo\\\/image\\\/\",\"url\":\"https:\\\/\\\/www.organisator.ch\\\/wp-content\\\/uploads\\\/2022\\\/01\\\/Logo_Organisator_Website.png\",\"contentUrl\":\"https:\\\/\\\/www.organisator.ch\\\/wp-content\\\/uploads\\\/2022\\\/01\\\/Logo_Organisator_Website.png\",\"width\":800,\"height\":77,\"caption\":\"Organisator\"},\"image\":{\"@id\":\"https:\\\/\\\/www.organisator.ch\\\/#\\\/schema\\\/logo\\\/image\\\/\"},\"sameAs\":[\"https:\\\/\\\/www.facebook.com\\\/OrganisatorFachmagazin\",\"https:\\\/\\\/www.linkedin.com\\\/showcase\\\/organisator-das-magazin-fr-kmu\",\"https:\\\/\\\/www.xing.com\\\/news\\\/pages\\\/organisator-ch-695\",\"https:\\\/\\\/www.youtube.com\\\/channel\\\/UCGP2Sq0iWaZwT3BdIAQFYpw\"]},{\"@type\":\"Person\",\"@id\":\"https:\\\/\\\/www.organisator.ch\\\/#\\\/schema\\\/person\\\/6f650f90b2842cd4c0cc334b4e36f67e\",\"name\":\"thomas.berner\",\"image\":{\"@type\":\"ImageObject\",\"inLanguage\":\"it-IT\",\"@id\":\"https:\\\/\\\/secure.gravatar.com\\\/avatar\\\/ac5001d2a36cb6c6cd3e50789007ffca834b477b74a2144564522e944eabff61?s=96&d=mm&r=g\",\"url\":\"https:\\\/\\\/secure.gravatar.com\\\/avatar\\\/ac5001d2a36cb6c6cd3e50789007ffca834b477b74a2144564522e944eabff61?s=96&d=mm&r=g\",\"contentUrl\":\"https:\\\/\\\/secure.gravatar.com\\\/avatar\\\/ac5001d2a36cb6c6cd3e50789007ffca834b477b74a2144564522e944eabff61?s=96&d=mm&r=g\",\"caption\":\"thomas.berner\"},\"url\":\"https:\\\/\\\/www.organisator.ch\\\/it\\\/author\\\/thomas-berner\\\/\"}]}<\/script>\n<!-- \/ Yoast SEO plugin. -->","yoast_head_json":{"title":"La percentuale di donne nei consigli di amministrazione svizzeri sta lentamente aumentando - Organizzatore","description":"Secondo Egon Zehnder, in 18 anni la percentuale di donne nei consigli di amministrazione svizzeri \u00e8 aumentata solo del 20,1% rispetto al 9% del 2004.","robots":{"index":"index","follow":"follow","max-snippet":"max-snippet:-1","max-image-preview":"max-image-preview:large","max-video-preview":"max-video-preview:-1"},"canonical":"https:\/\/www.organisator.ch\/it\/risorse-umane\/2022-11-14\/frauenanteil-in-schweizer-verwaltungsraeten-steigt-langsam\/","og_locale":"it_IT","og_type":"article","og_title":"Frauenanteil in Schweizer Verwaltungsr\u00e4ten steigt langsam","og_description":"Innert 18 Jahren stieg laut Egon Zehnder der Frauenanteil in Schweizer Verwaltungsr\u00e4ten von 9 Prozent im Jahr 2004 nur um 20,1 Prozent.","og_url":"https:\/\/www.organisator.ch\/it\/risorse-umane\/2022-11-14\/frauenanteil-in-schweizer-verwaltungsraeten-steigt-langsam\/","og_site_name":"Organisator","article_publisher":"https:\/\/www.facebook.com\/OrganisatorFachmagazin","article_published_time":"2022-11-14T07:01:21+00:00","og_image":[{"width":680,"height":454,"url":"https:\/\/www.organisator.ch\/wp-content\/uploads\/2022\/11\/Frauenanteil-in-Schweizer-Verwaltungsraeten-steigt-langsam_Organisator.jpg","type":"image\/jpeg"}],"author":"thomas.berner","twitter_card":"summary_large_image","twitter_title":"#Frauenanteil in Schweizer #Verwaltungsr\u00e4ten steigt langsam","twitter_description":"Innert 18 Jahren stieg laut Egon Zehnder der #Frauenanteil in Schweizer #Verwaltungsr\u00e4ten von 9 Prozent im Jahr 2004 nur um 20,1 Prozent.","twitter_image":"https:\/\/www.organisator.ch\/wp-content\/uploads\/2022\/11\/Frauenanteil-in-Schweizer-Verwaltungsraeten-steigt-langsam_Organisator.jpg","schema":{"@context":"https:\/\/schema.org","@graph":[{"@type":"Article","@id":"https:\/\/www.organisator.ch\/human-resources\/2022-11-14\/frauenanteil-in-schweizer-verwaltungsraeten-steigt-langsam\/#article","isPartOf":{"@id":"https:\/\/www.organisator.ch\/human-resources\/2022-11-14\/frauenanteil-in-schweizer-verwaltungsraeten-steigt-langsam\/"},"author":{"name":"thomas.berner","@id":"https:\/\/www.organisator.ch\/#\/schema\/person\/6f650f90b2842cd4c0cc334b4e36f67e"},"headline":"Frauenanteil in Schweizer Verwaltungsr\u00e4ten steigt langsam","datePublished":"2022-11-14T07:01:21+00:00","mainEntityOfPage":{"@id":"https:\/\/www.organisator.ch\/human-resources\/2022-11-14\/frauenanteil-in-schweizer-verwaltungsraeten-steigt-langsam\/"},"wordCount":530,"publisher":{"@id":"https:\/\/www.organisator.ch\/#organization"},"image":{"@id":"https:\/\/www.organisator.ch\/human-resources\/2022-11-14\/frauenanteil-in-schweizer-verwaltungsraeten-steigt-langsam\/#primaryimage"},"thumbnailUrl":"https:\/\/www.organisator.ch\/wp-content\/uploads\/2022\/11\/Frauenanteil-in-Schweizer-Verwaltungsraeten-steigt-langsam_Organisator.jpg","keywords":["Diversity","HRM","Studie","Verwaltungsr\u00e4te"],"articleSection":["HUMAN RESOURCES"],"inLanguage":"it-IT"},{"@type":"WebPage","@id":"https:\/\/www.organisator.ch\/human-resources\/2022-11-14\/frauenanteil-in-schweizer-verwaltungsraeten-steigt-langsam\/","url":"https:\/\/www.organisator.ch\/human-resources\/2022-11-14\/frauenanteil-in-schweizer-verwaltungsraeten-steigt-langsam\/","name":"La percentuale di donne nei consigli di amministrazione svizzeri sta lentamente aumentando - Organizzatore","isPartOf":{"@id":"https:\/\/www.organisator.ch\/#website"},"primaryImageOfPage":{"@id":"https:\/\/www.organisator.ch\/human-resources\/2022-11-14\/frauenanteil-in-schweizer-verwaltungsraeten-steigt-langsam\/#primaryimage"},"image":{"@id":"https:\/\/www.organisator.ch\/human-resources\/2022-11-14\/frauenanteil-in-schweizer-verwaltungsraeten-steigt-langsam\/#primaryimage"},"thumbnailUrl":"https:\/\/www.organisator.ch\/wp-content\/uploads\/2022\/11\/Frauenanteil-in-Schweizer-Verwaltungsraeten-steigt-langsam_Organisator.jpg","datePublished":"2022-11-14T07:01:21+00:00","description":"Secondo Egon Zehnder, in 18 anni la percentuale di donne nei consigli di amministrazione svizzeri \u00e8 aumentata solo del 20,1% rispetto al 9% del 2004.","breadcrumb":{"@id":"https:\/\/www.organisator.ch\/human-resources\/2022-11-14\/frauenanteil-in-schweizer-verwaltungsraeten-steigt-langsam\/#breadcrumb"},"inLanguage":"it-IT","potentialAction":[{"@type":"ReadAction","target":["https:\/\/www.organisator.ch\/human-resources\/2022-11-14\/frauenanteil-in-schweizer-verwaltungsraeten-steigt-langsam\/"]}]},{"@type":"ImageObject","inLanguage":"it-IT","@id":"https:\/\/www.organisator.ch\/human-resources\/2022-11-14\/frauenanteil-in-schweizer-verwaltungsraeten-steigt-langsam\/#primaryimage","url":"https:\/\/www.organisator.ch\/wp-content\/uploads\/2022\/11\/Frauenanteil-in-Schweizer-Verwaltungsraeten-steigt-langsam_Organisator.jpg","contentUrl":"https:\/\/www.organisator.ch\/wp-content\/uploads\/2022\/11\/Frauenanteil-in-Schweizer-Verwaltungsraeten-steigt-langsam_Organisator.jpg","width":680,"height":454,"caption":"Zu echter Diversity in Schweizer Verwaltungsr\u00e4ten ist es laut einer Analyse noch ein weiter Weg: So ist etwa der Frauenanteil seit 2004 weniger schnell angestiegen als in anderen westeurop\u00e4ischen L\u00e4ndern. (Bild: Depositphotos.com)"},{"@type":"BreadcrumbList","@id":"https:\/\/www.organisator.ch\/human-resources\/2022-11-14\/frauenanteil-in-schweizer-verwaltungsraeten-steigt-langsam\/#breadcrumb","itemListElement":[{"@type":"ListItem","position":1,"name":"Home","item":"https:\/\/www.organisator.ch\/"},{"@type":"ListItem","position":2,"name":"Frauenanteil in Schweizer Verwaltungsr\u00e4ten steigt langsam"}]},{"@type":"WebSite","@id":"https:\/\/www.organisator.ch\/#website","url":"https:\/\/www.organisator.ch\/","name":"Organizzatore","description":"Competente. Pratico. In 10 numeri all'anno, ORGANISATOR presenta i temi essenziali per i manager delle PMI.","publisher":{"@id":"https:\/\/www.organisator.ch\/#organization"},"potentialAction":[{"@type":"SearchAction","target":{"@type":"EntryPoint","urlTemplate":"https:\/\/www.organisator.ch\/?s={search_term_string}"},"query-input":{"@type":"PropertyValueSpecification","valueRequired":true,"valueName":"search_term_string"}}],"inLanguage":"it-IT"},{"@type":"Organization","@id":"https:\/\/www.organisator.ch\/#organization","name":"Organizzatore","url":"https:\/\/www.organisator.ch\/","logo":{"@type":"ImageObject","inLanguage":"it-IT","@id":"https:\/\/www.organisator.ch\/#\/schema\/logo\/image\/","url":"https:\/\/www.organisator.ch\/wp-content\/uploads\/2022\/01\/Logo_Organisator_Website.png","contentUrl":"https:\/\/www.organisator.ch\/wp-content\/uploads\/2022\/01\/Logo_Organisator_Website.png","width":800,"height":77,"caption":"Organisator"},"image":{"@id":"https:\/\/www.organisator.ch\/#\/schema\/logo\/image\/"},"sameAs":["https:\/\/www.facebook.com\/OrganisatorFachmagazin","https:\/\/www.linkedin.com\/showcase\/organisator-das-magazin-fr-kmu","https:\/\/www.xing.com\/news\/pages\/organisator-ch-695","https:\/\/www.youtube.com\/channel\/UCGP2Sq0iWaZwT3BdIAQFYpw"]},{"@type":"Person","@id":"https:\/\/www.organisator.ch\/#\/schema\/person\/6f650f90b2842cd4c0cc334b4e36f67e","name":"Tommaso.berner","image":{"@type":"ImageObject","inLanguage":"it-IT","@id":"https:\/\/secure.gravatar.com\/avatar\/ac5001d2a36cb6c6cd3e50789007ffca834b477b74a2144564522e944eabff61?s=96&d=mm&r=g","url":"https:\/\/secure.gravatar.com\/avatar\/ac5001d2a36cb6c6cd3e50789007ffca834b477b74a2144564522e944eabff61?s=96&d=mm&r=g","contentUrl":"https:\/\/secure.gravatar.com\/avatar\/ac5001d2a36cb6c6cd3e50789007ffca834b477b74a2144564522e944eabff61?s=96&d=mm&r=g","caption":"thomas.berner"},"url":"https:\/\/www.organisator.ch\/it\/author\/thomas-berner\/"}]}},"_links":{"self":[{"href":"https:\/\/www.organisator.ch\/it\/wp-json\/wp\/v2\/posts\/17809","targetHints":{"allow":["GET"]}}],"collection":[{"href":"https:\/\/www.organisator.ch\/it\/wp-json\/wp\/v2\/posts"}],"about":[{"href":"https:\/\/www.organisator.ch\/it\/wp-json\/wp\/v2\/types\/post"}],"author":[{"embeddable":true,"href":"https:\/\/www.organisator.ch\/it\/wp-json\/wp\/v2\/users\/4"}],"replies":[{"embeddable":true,"href":"https:\/\/www.organisator.ch\/it\/wp-json\/wp\/v2\/comments?post=17809"}],"version-history":[{"count":1,"href":"https:\/\/www.organisator.ch\/it\/wp-json\/wp\/v2\/posts\/17809\/revisions"}],"predecessor-version":[{"id":17811,"href":"https:\/\/www.organisator.ch\/it\/wp-json\/wp\/v2\/posts\/17809\/revisions\/17811"}],"wp:featuredmedia":[{"embeddable":true,"href":"https:\/\/www.organisator.ch\/it\/wp-json\/wp\/v2\/media\/17810"}],"wp:attachment":[{"href":"https:\/\/www.organisator.ch\/it\/wp-json\/wp\/v2\/media?parent=17809"}],"wp:term":[{"taxonomy":"category","embeddable":true,"href":"https:\/\/www.organisator.ch\/it\/wp-json\/wp\/v2\/categories?post=17809"},{"taxonomy":"post_tag","embeddable":true,"href":"https:\/\/www.organisator.ch\/it\/wp-json\/wp\/v2\/tags?post=17809"}],"curies":[{"name":"wp","href":"https:\/\/api.w.org\/{rel}","templated":true}]}}