{"id":17834,"date":"2022-11-16T07:59:45","date_gmt":"2022-11-16T06:59:45","guid":{"rendered":"https:\/\/www.organisator.ch\/?p=17834"},"modified":"2022-11-16T07:59:45","modified_gmt":"2022-11-16T06:59:45","slug":"mecaplast-sa-gewinnt-den-zehnten-prix-svc-suisse-romande-2022","status":"publish","type":"post","link":"https:\/\/www.organisator.ch\/it\/management\/2022-11-16\/mecaplast-sa-gewinnt-den-zehnten-prix-svc-suisse-romande-2022\/","title":{"rendered":"Mecaplast SA vince il decimo Prix SVC Suisse Romande 2022"},"content":{"rendered":"<figure id=\"attachment_17835\" aria-describedby=\"caption-attachment-17835\" style=\"width: 680px\" class=\"wp-caption alignnone\"><img loading=\"lazy\" decoding=\"async\" class=\"size-full wp-image-17835\" src=\"https:\/\/www.organisator.ch\/wp-content\/uploads\/2022\/11\/Mecaplast-SA-gewinnt-den-zehnten-Prix-SVC-Suisse-Romande-2022_Organisator.jpg\" alt=\"\" width=\"680\" height=\"552\" srcset=\"https:\/\/www.organisator.ch\/wp-content\/uploads\/2022\/11\/Mecaplast-SA-gewinnt-den-zehnten-Prix-SVC-Suisse-Romande-2022_Organisator.jpg 680w, https:\/\/www.organisator.ch\/wp-content\/uploads\/2022\/11\/Mecaplast-SA-gewinnt-den-zehnten-Prix-SVC-Suisse-Romande-2022_Organisator-15x12.jpg 15w, https:\/\/www.organisator.ch\/wp-content\/uploads\/2022\/11\/Mecaplast-SA-gewinnt-den-zehnten-Prix-SVC-Suisse-Romande-2022_Organisator-370x300.jpg 370w, https:\/\/www.organisator.ch\/wp-content\/uploads\/2022\/11\/Mecaplast-SA-gewinnt-den-zehnten-Prix-SVC-Suisse-Romande-2022_Organisator-431x350.jpg 431w\" sizes=\"auto, (max-width: 680px) 100vw, 680px\" \/><figcaption id=\"caption-attachment-17835\" class=\"wp-caption-text\">Jean-Marc Jaccottet, proprietario e CEO di Mecaplast SA, con il trofeo del vincitore del Prix SVC Suisse Romande 2022. (Foto: SVC\/Manuel Lopez)<\/figcaption><\/figure>\n<p>La cerimonia di premiazione e la presentazione dei finalisti di questa decima edizione del Prix SVC Suisse Romande si \u00e8 svolta il 15 novembre 2022 presso lo SwissTech Convention Center dell'EPFL davanti a circa 1000 ospiti provenienti dal mondo dell'economia, della politica, della cultura e dei media.<\/p>\n<h3>Mecaplast SA trionfa all'edizione dell'anniversario<\/h3>\n<p>Fondata nel 1971 a Botterens, Mecaplast SA crede che la tecnologia delle materie plastiche possa fornire soluzioni ecologiche nel settore medico, offrendo vantaggi tecnici innovativi rispetto ai processi attuali. Grazie alla sua grande flessibilit\u00e0, pu\u00f2 rispondere a esigenze di produzione personalizzate che vanno da pochi pezzi a diversi milioni. Oltre alla crescente produzione di strumenti chirurgici, Mecaplast \u00e8 attiva anche nell'orologeria e in vari componenti tecnici. Come ha sottolineato con piacere la presidente della giuria, Isabelle Harsch: \"La forza di Mecaplast sta nel fatto che ha internalizzato la maggior parte dei suoi processi, il che le conferisce una grande flessibilit\u00e0 e quindi la capacit\u00e0 di offrire ai suoi clienti prodotti personalizzati in base alle loro esigenze, in quantit\u00e0 che vanno da pochi pezzi a diversi milioni.\"<\/p>\n<h3>Sul podio dei vincitori anche Crevoisier SA e Baccinex SA<\/h3>\n<p>Il secondo premio \u00e8 andato a Crevoisier SA. Fondata nel 1966 con sede a Les Genevez, l'azienda produceva inizialmente leve di serraggio. Dal 1974, l'azienda sviluppa e produce macchine utensili specializzate nella lavorazione, nella rettifica di materiali duri, nella lucidatura e nell'automazione. Ogni macchina Crevoisier \u00e8 un pezzo unico con un carattere inimitabile, dicono.<\/p>\n<p>Il terzo classificato \u00e8 Baccinex, un laboratorio di forniture farmaceutiche specializzato nello sviluppo e nella produzione di prodotti (bio)farmaceutici iniettabili, liquidi o liofilizzati. L'azienda giurassiana \u00e8 un anello cruciale nello sviluppo di terapie innovative, come i cinque farmaci per la lotta contro il Covid-19.<\/p>\n<h3>Diplomi per E.M.S. Electro Medical System S.A., La Fabrique Cornu SA e Planair SA<\/h3>\n<p>Altri tre candidati hanno ricevuto il quarto premio ex aequo: EMS \u00e8 stata fondata nel 1981 nella Vall\u00e9e de Joux ed \u00e8 oggi leader mondiale nelle sue tre aree di attivit\u00e0 - sviluppo di soluzioni e dispositivi all'avanguardia per la profilassi dentale, trattamento dei calcoli renali e trattamento a onde d'urto delle malattie muscolo-scheletriche. L'azienda vodese Cornu SA, specializzata nella produzione di prodotti da forno pregiati, lavora ogni anno l'equivalente di oltre 1.000 ettari di grano e il suo consumo di burro equivale alla produzione di latte di circa 16.000 mucche. Infine, Planair SA, che fin dalla sua creazione \u00e8 stata un'impegnata promotrice del risparmio e dell'efficienza energetica, che aumentano la competitivit\u00e0 delle aziende e la salute finanziaria degli enti pubblici e dei privati.<\/p>\n<p><em>Fonte e ulteriori informazioni: <a href=\"http:\/\/www.svc.swiss\">Club svizzero di Venture<\/a><\/em><\/p>","protected":false},"excerpt":{"rendered":"<p>Die Preisverleihung und die Vorstellung der Finalisten dieser 10. Ausgabe des Prix SVC Suisse Romande fand am 15. November 2022 im SwissTech Convention Center der EPFL vor rund 1000 G\u00e4sten aus Wirtschaft, Politik, Kultur und Medien statt. Mecaplast SA triumphiert bei der Jubil\u00e4umsausgabe Die 1971 in Botterens gegr\u00fcndete Mecaplast SA ist davon \u00fcberzeugt, dass die [&hellip;]<\/p>\n","protected":false},"author":4,"featured_media":0,"comment_status":"closed","ping_status":"closed","sticky":false,"template":"","format":"standard","meta":{"_acf_changed":false,"_yoast_wpseo_focuskw":"Mecaplast SA","_yoast_wpseo_metadesc":"Das in Botterens ans\u00e4ssige Familienunternehmen Mecaplast SA ist der Gewinner des Prix SVC Suisse Romande 2022.","articlekey":"","footnotes":""},"categories":[28],"tags":[66,390,466,492],"class_list":["post-17834","post","type-post","status-publish","format-standard","hentry","category-management","tag-awards","tag-prix-svc","tag-swiss-venture-club","tag-unternehmen"],"acf":[],"yoast_head":"<!-- This site is optimized with the Yoast SEO plugin v27.5 - https:\/\/yoast.com\/product\/yoast-seo-wordpress\/ -->\n<title>Mecaplast SA gewinnt den zehnten Prix SVC Suisse Romande 2022 - Organisator<\/title>\n<meta name=\"description\" content=\"Das in Botterens ans\u00e4ssige Familienunternehmen Mecaplast SA ist der Gewinner des Prix SVC Suisse Romande 2022.\" \/>\n<meta name=\"robots\" content=\"index, follow, max-snippet:-1, max-image-preview:large, max-video-preview:-1\" \/>\n<link rel=\"canonical\" href=\"https:\/\/www.organisator.ch\/it\/gestione-2\/2022-11-16\/mecaplast-sa-gewinnt-den-zehnten-prix-svc-suisse-romande-2022\/\" \/>\n<meta property=\"og:locale\" content=\"it_IT\" \/>\n<meta property=\"og:type\" content=\"article\" \/>\n<meta property=\"og:title\" content=\"Mecaplast SA gewinnt den zehnten Prix SVC Suisse Romande 2022\" \/>\n<meta property=\"og:description\" content=\"Das in Botterens ans\u00e4ssige Familienunternehmen Mecaplast SA ist der Gewinner des Prix SVC Suisse Romande 2022.\" \/>\n<meta property=\"og:url\" content=\"https:\/\/www.organisator.ch\/it\/gestione-2\/2022-11-16\/mecaplast-sa-gewinnt-den-zehnten-prix-svc-suisse-romande-2022\/\" \/>\n<meta property=\"og:site_name\" content=\"Organisator\" \/>\n<meta property=\"article:publisher\" content=\"https:\/\/www.facebook.com\/OrganisatorFachmagazin\" \/>\n<meta property=\"article:published_time\" content=\"2022-11-16T06:59:45+00:00\" \/>\n<meta property=\"og:image\" content=\"https:\/\/www.organisator.ch\/wp-content\/uploads\/2022\/11\/Mecaplast-SA-gewinnt-den-zehnten-Prix-SVC-Suisse-Romande-2022_Organisator.jpg\" \/>\n\t<meta property=\"og:image:width\" content=\"680\" \/>\n\t<meta property=\"og:image:height\" content=\"552\" \/>\n\t<meta property=\"og:image:type\" content=\"image\/jpeg\" \/>\n<meta name=\"author\" content=\"thomas.berner\" \/>\n<meta name=\"twitter:card\" content=\"summary_large_image\" \/>\n<meta name=\"twitter:title\" content=\"#Mecaplast SA gewinnt den zehnten Prix SVC Suisse Romande 2022\" \/>\n<meta name=\"twitter:description\" content=\"Das in Botterens ans\u00e4ssige Familienunternehmen #Mecaplast SA ist der Gewinner des Prix #SVC Suisse Romande 2022.\" \/>\n<meta name=\"twitter:image\" content=\"https:\/\/www.organisator.ch\/wp-content\/uploads\/2022\/11\/Mecaplast-SA-gewinnt-den-zehnten-Prix-SVC-Suisse-Romande-2022_Organisator.jpg\" \/>\n<script type=\"application\/ld+json\" class=\"yoast-schema-graph\">{\"@context\":\"https:\\\/\\\/schema.org\",\"@graph\":[{\"@type\":\"Article\",\"@id\":\"https:\\\/\\\/www.organisator.ch\\\/management\\\/2022-11-16\\\/mecaplast-sa-gewinnt-den-zehnten-prix-svc-suisse-romande-2022\\\/#article\",\"isPartOf\":{\"@id\":\"https:\\\/\\\/www.organisator.ch\\\/management\\\/2022-11-16\\\/mecaplast-sa-gewinnt-den-zehnten-prix-svc-suisse-romande-2022\\\/\"},\"author\":{\"name\":\"thomas.berner\",\"@id\":\"https:\\\/\\\/www.organisator.ch\\\/#\\\/schema\\\/person\\\/6f650f90b2842cd4c0cc334b4e36f67e\"},\"headline\":\"Mecaplast SA gewinnt den zehnten Prix SVC Suisse Romande 2022\",\"datePublished\":\"2022-11-16T06:59:45+00:00\",\"mainEntityOfPage\":{\"@id\":\"https:\\\/\\\/www.organisator.ch\\\/management\\\/2022-11-16\\\/mecaplast-sa-gewinnt-den-zehnten-prix-svc-suisse-romande-2022\\\/\"},\"wordCount\":483,\"publisher\":{\"@id\":\"https:\\\/\\\/www.organisator.ch\\\/#organization\"},\"image\":{\"@id\":\"https:\\\/\\\/www.organisator.ch\\\/management\\\/2022-11-16\\\/mecaplast-sa-gewinnt-den-zehnten-prix-svc-suisse-romande-2022\\\/#primaryimage\"},\"thumbnailUrl\":\"https:\\\/\\\/www.organisator.ch\\\/wp-content\\\/uploads\\\/2022\\\/11\\\/Mecaplast-SA-gewinnt-den-zehnten-Prix-SVC-Suisse-Romande-2022_Organisator.jpg\",\"keywords\":[\"Awards\",\"Prix SVC\",\"Swiss Venture Club\",\"Unternehmen\"],\"articleSection\":[\"MANAGEMENT\"],\"inLanguage\":\"it-IT\"},{\"@type\":\"WebPage\",\"@id\":\"https:\\\/\\\/www.organisator.ch\\\/management\\\/2022-11-16\\\/mecaplast-sa-gewinnt-den-zehnten-prix-svc-suisse-romande-2022\\\/\",\"url\":\"https:\\\/\\\/www.organisator.ch\\\/management\\\/2022-11-16\\\/mecaplast-sa-gewinnt-den-zehnten-prix-svc-suisse-romande-2022\\\/\",\"name\":\"Mecaplast SA gewinnt den zehnten Prix SVC Suisse Romande 2022 - Organisator\",\"isPartOf\":{\"@id\":\"https:\\\/\\\/www.organisator.ch\\\/#website\"},\"primaryImageOfPage\":{\"@id\":\"https:\\\/\\\/www.organisator.ch\\\/management\\\/2022-11-16\\\/mecaplast-sa-gewinnt-den-zehnten-prix-svc-suisse-romande-2022\\\/#primaryimage\"},\"image\":{\"@id\":\"https:\\\/\\\/www.organisator.ch\\\/management\\\/2022-11-16\\\/mecaplast-sa-gewinnt-den-zehnten-prix-svc-suisse-romande-2022\\\/#primaryimage\"},\"thumbnailUrl\":\"https:\\\/\\\/www.organisator.ch\\\/wp-content\\\/uploads\\\/2022\\\/11\\\/Mecaplast-SA-gewinnt-den-zehnten-Prix-SVC-Suisse-Romande-2022_Organisator.jpg\",\"datePublished\":\"2022-11-16T06:59:45+00:00\",\"description\":\"Das in Botterens ans\u00e4ssige Familienunternehmen Mecaplast SA ist der Gewinner des Prix SVC Suisse Romande 2022.\",\"breadcrumb\":{\"@id\":\"https:\\\/\\\/www.organisator.ch\\\/management\\\/2022-11-16\\\/mecaplast-sa-gewinnt-den-zehnten-prix-svc-suisse-romande-2022\\\/#breadcrumb\"},\"inLanguage\":\"it-IT\",\"potentialAction\":[{\"@type\":\"ReadAction\",\"target\":[\"https:\\\/\\\/www.organisator.ch\\\/management\\\/2022-11-16\\\/mecaplast-sa-gewinnt-den-zehnten-prix-svc-suisse-romande-2022\\\/\"]}]},{\"@type\":\"ImageObject\",\"inLanguage\":\"it-IT\",\"@id\":\"https:\\\/\\\/www.organisator.ch\\\/management\\\/2022-11-16\\\/mecaplast-sa-gewinnt-den-zehnten-prix-svc-suisse-romande-2022\\\/#primaryimage\",\"url\":\"https:\\\/\\\/www.organisator.ch\\\/wp-content\\\/uploads\\\/2022\\\/11\\\/Mecaplast-SA-gewinnt-den-zehnten-Prix-SVC-Suisse-Romande-2022_Organisator.jpg\",\"contentUrl\":\"https:\\\/\\\/www.organisator.ch\\\/wp-content\\\/uploads\\\/2022\\\/11\\\/Mecaplast-SA-gewinnt-den-zehnten-Prix-SVC-Suisse-Romande-2022_Organisator.jpg\"},{\"@type\":\"BreadcrumbList\",\"@id\":\"https:\\\/\\\/www.organisator.ch\\\/management\\\/2022-11-16\\\/mecaplast-sa-gewinnt-den-zehnten-prix-svc-suisse-romande-2022\\\/#breadcrumb\",\"itemListElement\":[{\"@type\":\"ListItem\",\"position\":1,\"name\":\"Home\",\"item\":\"https:\\\/\\\/www.organisator.ch\\\/\"},{\"@type\":\"ListItem\",\"position\":2,\"name\":\"Mecaplast SA gewinnt den zehnten Prix SVC Suisse Romande 2022\"}]},{\"@type\":\"WebSite\",\"@id\":\"https:\\\/\\\/www.organisator.ch\\\/#website\",\"url\":\"https:\\\/\\\/www.organisator.ch\\\/\",\"name\":\"Organisator\",\"description\":\"Kompetent. Praxisnah. Der ORGANISATOR bereitet in 10 Ausgaben pro Jahr die wesentlichen Themen f\u00fcr F\u00fchrungskr\u00e4fte von KMU auf.\",\"publisher\":{\"@id\":\"https:\\\/\\\/www.organisator.ch\\\/#organization\"},\"potentialAction\":[{\"@type\":\"SearchAction\",\"target\":{\"@type\":\"EntryPoint\",\"urlTemplate\":\"https:\\\/\\\/www.organisator.ch\\\/?s={search_term_string}\"},\"query-input\":{\"@type\":\"PropertyValueSpecification\",\"valueRequired\":true,\"valueName\":\"search_term_string\"}}],\"inLanguage\":\"it-IT\"},{\"@type\":\"Organization\",\"@id\":\"https:\\\/\\\/www.organisator.ch\\\/#organization\",\"name\":\"Organisator\",\"url\":\"https:\\\/\\\/www.organisator.ch\\\/\",\"logo\":{\"@type\":\"ImageObject\",\"inLanguage\":\"it-IT\",\"@id\":\"https:\\\/\\\/www.organisator.ch\\\/#\\\/schema\\\/logo\\\/image\\\/\",\"url\":\"https:\\\/\\\/www.organisator.ch\\\/wp-content\\\/uploads\\\/2022\\\/01\\\/Logo_Organisator_Website.png\",\"contentUrl\":\"https:\\\/\\\/www.organisator.ch\\\/wp-content\\\/uploads\\\/2022\\\/01\\\/Logo_Organisator_Website.png\",\"width\":800,\"height\":77,\"caption\":\"Organisator\"},\"image\":{\"@id\":\"https:\\\/\\\/www.organisator.ch\\\/#\\\/schema\\\/logo\\\/image\\\/\"},\"sameAs\":[\"https:\\\/\\\/www.facebook.com\\\/OrganisatorFachmagazin\",\"https:\\\/\\\/www.linkedin.com\\\/showcase\\\/organisator-das-magazin-fr-kmu\",\"https:\\\/\\\/www.xing.com\\\/news\\\/pages\\\/organisator-ch-695\",\"https:\\\/\\\/www.youtube.com\\\/channel\\\/UCGP2Sq0iWaZwT3BdIAQFYpw\"]},{\"@type\":\"Person\",\"@id\":\"https:\\\/\\\/www.organisator.ch\\\/#\\\/schema\\\/person\\\/6f650f90b2842cd4c0cc334b4e36f67e\",\"name\":\"thomas.berner\",\"image\":{\"@type\":\"ImageObject\",\"inLanguage\":\"it-IT\",\"@id\":\"https:\\\/\\\/secure.gravatar.com\\\/avatar\\\/ac5001d2a36cb6c6cd3e50789007ffca834b477b74a2144564522e944eabff61?s=96&d=mm&r=g\",\"url\":\"https:\\\/\\\/secure.gravatar.com\\\/avatar\\\/ac5001d2a36cb6c6cd3e50789007ffca834b477b74a2144564522e944eabff61?s=96&d=mm&r=g\",\"contentUrl\":\"https:\\\/\\\/secure.gravatar.com\\\/avatar\\\/ac5001d2a36cb6c6cd3e50789007ffca834b477b74a2144564522e944eabff61?s=96&d=mm&r=g\",\"caption\":\"thomas.berner\"},\"url\":\"https:\\\/\\\/www.organisator.ch\\\/it\\\/author\\\/thomas-berner\\\/\"}]}<\/script>\n<!-- \/ Yoast SEO plugin. -->","yoast_head_json":{"title":"Mecaplast SA vince il decimo Prix SVC Suisse Romande 2022 - Organizzatore","description":"Mecaplast SA, un'azienda familiare con sede a Botterens, \u00e8 la vincitrice del Prix SVC Suisse Romande 2022.","robots":{"index":"index","follow":"follow","max-snippet":"max-snippet:-1","max-image-preview":"max-image-preview:large","max-video-preview":"max-video-preview:-1"},"canonical":"https:\/\/www.organisator.ch\/it\/gestione-2\/2022-11-16\/mecaplast-sa-gewinnt-den-zehnten-prix-svc-suisse-romande-2022\/","og_locale":"it_IT","og_type":"article","og_title":"Mecaplast SA gewinnt den zehnten Prix SVC Suisse Romande 2022","og_description":"Das in Botterens ans\u00e4ssige Familienunternehmen Mecaplast SA ist der Gewinner des Prix SVC Suisse Romande 2022.","og_url":"https:\/\/www.organisator.ch\/it\/gestione-2\/2022-11-16\/mecaplast-sa-gewinnt-den-zehnten-prix-svc-suisse-romande-2022\/","og_site_name":"Organisator","article_publisher":"https:\/\/www.facebook.com\/OrganisatorFachmagazin","article_published_time":"2022-11-16T06:59:45+00:00","og_image":[{"width":680,"height":552,"url":"https:\/\/www.organisator.ch\/wp-content\/uploads\/2022\/11\/Mecaplast-SA-gewinnt-den-zehnten-Prix-SVC-Suisse-Romande-2022_Organisator.jpg","type":"image\/jpeg"}],"author":"thomas.berner","twitter_card":"summary_large_image","twitter_title":"#Mecaplast SA gewinnt den zehnten Prix SVC Suisse Romande 2022","twitter_description":"Das in Botterens ans\u00e4ssige Familienunternehmen #Mecaplast SA ist der Gewinner des Prix #SVC Suisse Romande 2022.","twitter_image":"https:\/\/www.organisator.ch\/wp-content\/uploads\/2022\/11\/Mecaplast-SA-gewinnt-den-zehnten-Prix-SVC-Suisse-Romande-2022_Organisator.jpg","schema":{"@context":"https:\/\/schema.org","@graph":[{"@type":"Article","@id":"https:\/\/www.organisator.ch\/management\/2022-11-16\/mecaplast-sa-gewinnt-den-zehnten-prix-svc-suisse-romande-2022\/#article","isPartOf":{"@id":"https:\/\/www.organisator.ch\/management\/2022-11-16\/mecaplast-sa-gewinnt-den-zehnten-prix-svc-suisse-romande-2022\/"},"author":{"name":"thomas.berner","@id":"https:\/\/www.organisator.ch\/#\/schema\/person\/6f650f90b2842cd4c0cc334b4e36f67e"},"headline":"Mecaplast SA gewinnt den zehnten Prix SVC Suisse Romande 2022","datePublished":"2022-11-16T06:59:45+00:00","mainEntityOfPage":{"@id":"https:\/\/www.organisator.ch\/management\/2022-11-16\/mecaplast-sa-gewinnt-den-zehnten-prix-svc-suisse-romande-2022\/"},"wordCount":483,"publisher":{"@id":"https:\/\/www.organisator.ch\/#organization"},"image":{"@id":"https:\/\/www.organisator.ch\/management\/2022-11-16\/mecaplast-sa-gewinnt-den-zehnten-prix-svc-suisse-romande-2022\/#primaryimage"},"thumbnailUrl":"https:\/\/www.organisator.ch\/wp-content\/uploads\/2022\/11\/Mecaplast-SA-gewinnt-den-zehnten-Prix-SVC-Suisse-Romande-2022_Organisator.jpg","keywords":["Awards","Prix SVC","Swiss Venture Club","Unternehmen"],"articleSection":["MANAGEMENT"],"inLanguage":"it-IT"},{"@type":"WebPage","@id":"https:\/\/www.organisator.ch\/management\/2022-11-16\/mecaplast-sa-gewinnt-den-zehnten-prix-svc-suisse-romande-2022\/","url":"https:\/\/www.organisator.ch\/management\/2022-11-16\/mecaplast-sa-gewinnt-den-zehnten-prix-svc-suisse-romande-2022\/","name":"Mecaplast SA vince il decimo Prix SVC Suisse Romande 2022 - Organizzatore","isPartOf":{"@id":"https:\/\/www.organisator.ch\/#website"},"primaryImageOfPage":{"@id":"https:\/\/www.organisator.ch\/management\/2022-11-16\/mecaplast-sa-gewinnt-den-zehnten-prix-svc-suisse-romande-2022\/#primaryimage"},"image":{"@id":"https:\/\/www.organisator.ch\/management\/2022-11-16\/mecaplast-sa-gewinnt-den-zehnten-prix-svc-suisse-romande-2022\/#primaryimage"},"thumbnailUrl":"https:\/\/www.organisator.ch\/wp-content\/uploads\/2022\/11\/Mecaplast-SA-gewinnt-den-zehnten-Prix-SVC-Suisse-Romande-2022_Organisator.jpg","datePublished":"2022-11-16T06:59:45+00:00","description":"Mecaplast SA, un'azienda familiare con sede a Botterens, \u00e8 la vincitrice del Prix SVC Suisse Romande 2022.","breadcrumb":{"@id":"https:\/\/www.organisator.ch\/management\/2022-11-16\/mecaplast-sa-gewinnt-den-zehnten-prix-svc-suisse-romande-2022\/#breadcrumb"},"inLanguage":"it-IT","potentialAction":[{"@type":"ReadAction","target":["https:\/\/www.organisator.ch\/management\/2022-11-16\/mecaplast-sa-gewinnt-den-zehnten-prix-svc-suisse-romande-2022\/"]}]},{"@type":"ImageObject","inLanguage":"it-IT","@id":"https:\/\/www.organisator.ch\/management\/2022-11-16\/mecaplast-sa-gewinnt-den-zehnten-prix-svc-suisse-romande-2022\/#primaryimage","url":"https:\/\/www.organisator.ch\/wp-content\/uploads\/2022\/11\/Mecaplast-SA-gewinnt-den-zehnten-Prix-SVC-Suisse-Romande-2022_Organisator.jpg","contentUrl":"https:\/\/www.organisator.ch\/wp-content\/uploads\/2022\/11\/Mecaplast-SA-gewinnt-den-zehnten-Prix-SVC-Suisse-Romande-2022_Organisator.jpg"},{"@type":"BreadcrumbList","@id":"https:\/\/www.organisator.ch\/management\/2022-11-16\/mecaplast-sa-gewinnt-den-zehnten-prix-svc-suisse-romande-2022\/#breadcrumb","itemListElement":[{"@type":"ListItem","position":1,"name":"Home","item":"https:\/\/www.organisator.ch\/"},{"@type":"ListItem","position":2,"name":"Mecaplast SA gewinnt den zehnten Prix SVC Suisse Romande 2022"}]},{"@type":"WebSite","@id":"https:\/\/www.organisator.ch\/#website","url":"https:\/\/www.organisator.ch\/","name":"Organizzatore","description":"Competente. Pratico. In 10 numeri all'anno, ORGANISATOR presenta i temi essenziali per i manager delle PMI.","publisher":{"@id":"https:\/\/www.organisator.ch\/#organization"},"potentialAction":[{"@type":"SearchAction","target":{"@type":"EntryPoint","urlTemplate":"https:\/\/www.organisator.ch\/?s={search_term_string}"},"query-input":{"@type":"PropertyValueSpecification","valueRequired":true,"valueName":"search_term_string"}}],"inLanguage":"it-IT"},{"@type":"Organization","@id":"https:\/\/www.organisator.ch\/#organization","name":"Organizzatore","url":"https:\/\/www.organisator.ch\/","logo":{"@type":"ImageObject","inLanguage":"it-IT","@id":"https:\/\/www.organisator.ch\/#\/schema\/logo\/image\/","url":"https:\/\/www.organisator.ch\/wp-content\/uploads\/2022\/01\/Logo_Organisator_Website.png","contentUrl":"https:\/\/www.organisator.ch\/wp-content\/uploads\/2022\/01\/Logo_Organisator_Website.png","width":800,"height":77,"caption":"Organisator"},"image":{"@id":"https:\/\/www.organisator.ch\/#\/schema\/logo\/image\/"},"sameAs":["https:\/\/www.facebook.com\/OrganisatorFachmagazin","https:\/\/www.linkedin.com\/showcase\/organisator-das-magazin-fr-kmu","https:\/\/www.xing.com\/news\/pages\/organisator-ch-695","https:\/\/www.youtube.com\/channel\/UCGP2Sq0iWaZwT3BdIAQFYpw"]},{"@type":"Person","@id":"https:\/\/www.organisator.ch\/#\/schema\/person\/6f650f90b2842cd4c0cc334b4e36f67e","name":"Tommaso.berner","image":{"@type":"ImageObject","inLanguage":"it-IT","@id":"https:\/\/secure.gravatar.com\/avatar\/ac5001d2a36cb6c6cd3e50789007ffca834b477b74a2144564522e944eabff61?s=96&d=mm&r=g","url":"https:\/\/secure.gravatar.com\/avatar\/ac5001d2a36cb6c6cd3e50789007ffca834b477b74a2144564522e944eabff61?s=96&d=mm&r=g","contentUrl":"https:\/\/secure.gravatar.com\/avatar\/ac5001d2a36cb6c6cd3e50789007ffca834b477b74a2144564522e944eabff61?s=96&d=mm&r=g","caption":"thomas.berner"},"url":"https:\/\/www.organisator.ch\/it\/author\/thomas-berner\/"}]}},"_links":{"self":[{"href":"https:\/\/www.organisator.ch\/it\/wp-json\/wp\/v2\/posts\/17834","targetHints":{"allow":["GET"]}}],"collection":[{"href":"https:\/\/www.organisator.ch\/it\/wp-json\/wp\/v2\/posts"}],"about":[{"href":"https:\/\/www.organisator.ch\/it\/wp-json\/wp\/v2\/types\/post"}],"author":[{"embeddable":true,"href":"https:\/\/www.organisator.ch\/it\/wp-json\/wp\/v2\/users\/4"}],"replies":[{"embeddable":true,"href":"https:\/\/www.organisator.ch\/it\/wp-json\/wp\/v2\/comments?post=17834"}],"version-history":[{"count":1,"href":"https:\/\/www.organisator.ch\/it\/wp-json\/wp\/v2\/posts\/17834\/revisions"}],"predecessor-version":[{"id":17836,"href":"https:\/\/www.organisator.ch\/it\/wp-json\/wp\/v2\/posts\/17834\/revisions\/17836"}],"wp:attachment":[{"href":"https:\/\/www.organisator.ch\/it\/wp-json\/wp\/v2\/media?parent=17834"}],"wp:term":[{"taxonomy":"category","embeddable":true,"href":"https:\/\/www.organisator.ch\/it\/wp-json\/wp\/v2\/categories?post=17834"},{"taxonomy":"post_tag","embeddable":true,"href":"https:\/\/www.organisator.ch\/it\/wp-json\/wp\/v2\/tags?post=17834"}],"curies":[{"name":"wp","href":"https:\/\/api.w.org\/{rel}","templated":true}]}}