{"id":17878,"date":"2022-11-21T11:05:21","date_gmt":"2022-11-21T10:05:21","guid":{"rendered":"https:\/\/www.organisator.ch\/?p=17878"},"modified":"2022-11-21T11:24:59","modified_gmt":"2022-11-21T10:24:59","slug":"nwx23-festival-fuer-arbeit-und-zukunft","status":"publish","type":"post","link":"https:\/\/www.organisator.ch\/it\/human-resources\/2022-11-21\/nwx23-festival-fuer-arbeit-und-zukunft\/","title":{"rendered":"NWX23: Festival del lavoro e del futuro"},"content":{"rendered":"<figure id=\"attachment_17879\" aria-describedby=\"caption-attachment-17879\" style=\"width: 680px\" class=\"wp-caption alignnone\"><img loading=\"lazy\" decoding=\"async\" class=\"size-full wp-image-17879\" src=\"https:\/\/www.organisator.ch\/wp-content\/uploads\/2022\/11\/NWX23-Festival-fuer-Arbeit-und-Zukunft_Organisator.jpg\" alt=\"\" width=\"680\" height=\"453\" srcset=\"https:\/\/www.organisator.ch\/wp-content\/uploads\/2022\/11\/NWX23-Festival-fuer-Arbeit-und-Zukunft_Organisator.jpg 680w, https:\/\/www.organisator.ch\/wp-content\/uploads\/2022\/11\/NWX23-Festival-fuer-Arbeit-und-Zukunft_Organisator-18x12.jpg 18w, https:\/\/www.organisator.ch\/wp-content\/uploads\/2022\/11\/NWX23-Festival-fuer-Arbeit-und-Zukunft_Organisator-375x250.jpg 375w, https:\/\/www.organisator.ch\/wp-content\/uploads\/2022\/11\/NWX23-Festival-fuer-Arbeit-und-Zukunft_Organisator-525x350.jpg 525w\" sizes=\"auto, (max-width: 680px) 100vw, 680px\" \/><figcaption id=\"caption-attachment-17879\" class=\"wp-caption-text\">La Elbphilharmonie di Amburgo far\u00e0 ancora una volta da sfondo alla NWX23. (Immagine: New Work SE)<\/figcaption><\/figure>\n<p>Il <a href=\"https:\/\/www.organisator.ch\/de\/human-resources\/2022-06-21\/nwx22-ein-fest-fuer-die-unternehmenskultur\/\">Nuova esperienza di lavoro (NWX)<\/a> inizier\u00e0 il suo sesto ciclo nel 2023. All'insegna del motto \"Work Forward\", il 14 giugno 2023 la societ\u00e0 New Work SE presenter\u00e0 per la prima volta ad Amburgo il festival del lavoro e del futuro insieme agli esperti della sua stessa societ\u00e0, la rete di collocamento XING, i professionisti del recruiting di onlyfy by XING e i responsabili della piattaforma di valutazione dei datori di lavoro kununu. La sede del New Work Festival sar\u00e0 ancora una volta la Elbphilharmonie. Per la prima volta, singoli format di eventi si svolgeranno contemporaneamente in altre sedi della citt\u00e0 anseatica, come il \"New Work Harbour\", che \u00e8 uno degli uffici pi\u00f9 moderni della Germania, e in speciali location collaterali nella HafenCity di Amburgo, per sottolineare il nuovo carattere di festival dell'evento.<\/p>\n<h3>Riunire designer e leader di pensiero del mondo del lavoro<\/h3>\n<p>L'economia e di conseguenza il mondo del lavoro stanno affrontando sfide importanti e sconvolgimenti storici. All'incrocio tra energia e clima, talento e tecnologia, prospettive e sostenibilit\u00e0 si trova il mondo del lavoro di domani. Come si possono guidare con successo le aziende in questi tempi difficili? Quali sono le possibilit\u00e0 di contrastare la carenza di lavoratori qualificati? E dove i talenti trovano l'orientamento personale nella loro vita lavorativa? Con NWX23, New Work SE, insieme ai suoi marchi XING, onlyfy by XING e kununu, riunir\u00e0 talenti, designer e leader di pensiero in un festival unico con un formato di conferenza ad Amburgo nel giugno 2023.<\/p>\n<p><strong>NWX23 diventa il luogo di incontro della comunit\u00e0 del Nuovo Lavoro<\/strong><\/p>\n<p>Che si tratti di manager e leader di pensiero, strateghi e talenti, professionisti ed esordienti, provenienti da aziende e politica, HR e innovazione, consulenza e formazione di opinioni - NWX23 sar\u00e0 il luogo di incontro della comunit\u00e0 del New Work, con l'obiettivo di migliorare il mondo del lavoro di domani, rendendo i dipendenti pi\u00f9 soddisfatti e quindi le aziende pi\u00f9 di successo. A tal fine, i visitatori della NWX23 possono aspettarsi un programma variegato, composto da diverse masterclass, sessioni emozionanti e workshop stimolanti tenuti da e con relatori di fama. Gli spettacoli musicali dal vivo completano il nuovo concetto di evento.<\/p>\n<h3><strong>I biglietti Early Bird per la NWX23 sono disponibili da subito<\/strong><\/h3>\n<p>La prevendita per la NWX23 inizia ora su\u00a0<a href=\"http:\/\/www.nwx.new-work.se\/events\/nwx23\/tickets\">www.nwx.new-work.se\/events\/nwx23\/tickets<\/a>. Per la prima volta, sono disponibili diverse categorie di biglietti per un'esperienza di evento ancora pi\u00f9 personalizzata e adatta alle esigenze dei diversi gruppi di visitatori. Sia che si tratti di livelli C, di reclutatori, di persone in cerca di lavoro o di studenti, con i nuovi biglietti d'ingresso tutti troveranno il giusto pacchetto per il festival. Per un breve periodo, i biglietti possono essere acquistati al prezzo Early Bird.<\/p>","protected":false},"excerpt":{"rendered":"<p>Die New Work Experience (NWX) startet 2023 in die sechste Runde. Unter dem Motto: \u201eWork Forward\u201c\u00a0pr\u00e4sentiert am\u00a014.\u00a0Juni 2023 das Unternehmen New Work SE erstmals gemeinsam mit Experten und Expertinnen aus dem eigenen Haus, dem Job-Netzwerk XING, den Recruiting-Profis von onlyfy by XING sowie den Verantwortlichen hinter der Arbeitgeberbewertungsplattform kununu, das Festival\u00a0f\u00fcr Arbeit und Zukunft in [&hellip;]<\/p>\n","protected":false},"author":4,"featured_media":17879,"comment_status":"closed","ping_status":"closed","sticky":false,"template":"","format":"standard","meta":{"_acf_changed":false,"_yoast_wpseo_focuskw":"NWX23","_yoast_wpseo_metadesc":"Die NWX23, das nach eigenen Angaben gr\u00f6sste Event f\u00fcr Arbeit und Zukunft, pr\u00e4sentiert sich mit einem neuem Eventkonzept.","articlekey":"","footnotes":""},"categories":[579],"tags":[193,254,339,363],"class_list":["post-17878","post","type-post","status-publish","format-standard","has-post-thumbnail","hentry","category-human-resources","tag-fachkongressfachmesse","tag-hrm","tag-marketing","tag-new-work"],"acf":[],"yoast_head":"<!-- This site is optimized with the Yoast SEO plugin v27.5 - https:\/\/yoast.com\/product\/yoast-seo-wordpress\/ -->\n<title>NWX23: Festival f\u00fcr Arbeit und Zukunft - Organisator<\/title>\n<meta name=\"description\" content=\"Die NWX23, das nach eigenen Angaben gr\u00f6sste Event f\u00fcr Arbeit und Zukunft, pr\u00e4sentiert sich mit einem neuem Eventkonzept.\" \/>\n<meta name=\"robots\" content=\"index, follow, max-snippet:-1, max-image-preview:large, max-video-preview:-1\" \/>\n<link rel=\"canonical\" href=\"https:\/\/www.organisator.ch\/it\/risorse-umane\/2022-11-21\/nwx23-festival-fuer-arbeit-und-zukunft\/\" \/>\n<meta property=\"og:locale\" content=\"it_IT\" \/>\n<meta property=\"og:type\" content=\"article\" \/>\n<meta property=\"og:title\" content=\"NWX23: Festival f\u00fcr Arbeit und Zukunft\" \/>\n<meta property=\"og:description\" content=\"Die NWX23, das nach eigenen Angaben gr\u00f6sste Event f\u00fcr Arbeit und Zukunft, pr\u00e4sentiert sich mit einem neuem Eventkonzept.\" \/>\n<meta property=\"og:url\" content=\"https:\/\/www.organisator.ch\/it\/risorse-umane\/2022-11-21\/nwx23-festival-fuer-arbeit-und-zukunft\/\" \/>\n<meta property=\"og:site_name\" content=\"Organisator\" \/>\n<meta property=\"article:publisher\" content=\"https:\/\/www.facebook.com\/OrganisatorFachmagazin\" \/>\n<meta property=\"article:published_time\" content=\"2022-11-21T10:05:21+00:00\" \/>\n<meta property=\"article:modified_time\" content=\"2022-11-21T10:24:59+00:00\" \/>\n<meta property=\"og:image\" content=\"https:\/\/www.organisator.ch\/wp-content\/uploads\/2022\/11\/NWX23-Festival-fuer-Arbeit-und-Zukunft_Organisator.jpg\" \/>\n\t<meta property=\"og:image:width\" content=\"680\" \/>\n\t<meta property=\"og:image:height\" content=\"453\" \/>\n\t<meta property=\"og:image:type\" content=\"image\/jpeg\" \/>\n<meta name=\"author\" content=\"thomas.berner\" \/>\n<meta name=\"twitter:card\" content=\"summary_large_image\" \/>\n<meta name=\"twitter:title\" content=\"#NWX23: #Festival f\u00fcr Arbeit und Zukunft\" \/>\n<meta name=\"twitter:description\" content=\"Die #NWX23, das nach eigenen Angaben gr\u00f6sste Event f\u00fcr Arbeit und Zukunft, pr\u00e4sentiert sich mit einem neuem #Eventkonzept.\" \/>\n<meta name=\"twitter:image\" content=\"https:\/\/www.organisator.ch\/wp-content\/uploads\/2022\/11\/NWX23-Festival-fuer-Arbeit-und-Zukunft_Organisator.jpg\" \/>\n<script type=\"application\/ld+json\" class=\"yoast-schema-graph\">{\"@context\":\"https:\\\/\\\/schema.org\",\"@graph\":[{\"@type\":\"Article\",\"@id\":\"https:\\\/\\\/www.organisator.ch\\\/human-resources\\\/2022-11-21\\\/nwx23-festival-fuer-arbeit-und-zukunft\\\/#article\",\"isPartOf\":{\"@id\":\"https:\\\/\\\/www.organisator.ch\\\/human-resources\\\/2022-11-21\\\/nwx23-festival-fuer-arbeit-und-zukunft\\\/\"},\"author\":{\"name\":\"thomas.berner\",\"@id\":\"https:\\\/\\\/www.organisator.ch\\\/#\\\/schema\\\/person\\\/6f650f90b2842cd4c0cc334b4e36f67e\"},\"headline\":\"NWX23: Festival f\u00fcr Arbeit und Zukunft\",\"datePublished\":\"2022-11-21T10:05:21+00:00\",\"dateModified\":\"2022-11-21T10:24:59+00:00\",\"mainEntityOfPage\":{\"@id\":\"https:\\\/\\\/www.organisator.ch\\\/human-resources\\\/2022-11-21\\\/nwx23-festival-fuer-arbeit-und-zukunft\\\/\"},\"wordCount\":413,\"publisher\":{\"@id\":\"https:\\\/\\\/www.organisator.ch\\\/#organization\"},\"image\":{\"@id\":\"https:\\\/\\\/www.organisator.ch\\\/human-resources\\\/2022-11-21\\\/nwx23-festival-fuer-arbeit-und-zukunft\\\/#primaryimage\"},\"thumbnailUrl\":\"https:\\\/\\\/www.organisator.ch\\\/wp-content\\\/uploads\\\/2022\\\/11\\\/NWX23-Festival-fuer-Arbeit-und-Zukunft_Organisator.jpg\",\"keywords\":[\"Fachkongress\\\/Fachmesse\",\"HRM\",\"Marketing\",\"New Work\"],\"articleSection\":[\"HUMAN RESOURCES\"],\"inLanguage\":\"it-IT\"},{\"@type\":\"WebPage\",\"@id\":\"https:\\\/\\\/www.organisator.ch\\\/human-resources\\\/2022-11-21\\\/nwx23-festival-fuer-arbeit-und-zukunft\\\/\",\"url\":\"https:\\\/\\\/www.organisator.ch\\\/human-resources\\\/2022-11-21\\\/nwx23-festival-fuer-arbeit-und-zukunft\\\/\",\"name\":\"NWX23: Festival f\u00fcr Arbeit und Zukunft - Organisator\",\"isPartOf\":{\"@id\":\"https:\\\/\\\/www.organisator.ch\\\/#website\"},\"primaryImageOfPage\":{\"@id\":\"https:\\\/\\\/www.organisator.ch\\\/human-resources\\\/2022-11-21\\\/nwx23-festival-fuer-arbeit-und-zukunft\\\/#primaryimage\"},\"image\":{\"@id\":\"https:\\\/\\\/www.organisator.ch\\\/human-resources\\\/2022-11-21\\\/nwx23-festival-fuer-arbeit-und-zukunft\\\/#primaryimage\"},\"thumbnailUrl\":\"https:\\\/\\\/www.organisator.ch\\\/wp-content\\\/uploads\\\/2022\\\/11\\\/NWX23-Festival-fuer-Arbeit-und-Zukunft_Organisator.jpg\",\"datePublished\":\"2022-11-21T10:05:21+00:00\",\"dateModified\":\"2022-11-21T10:24:59+00:00\",\"description\":\"Die NWX23, das nach eigenen Angaben gr\u00f6sste Event f\u00fcr Arbeit und Zukunft, pr\u00e4sentiert sich mit einem neuem Eventkonzept.\",\"breadcrumb\":{\"@id\":\"https:\\\/\\\/www.organisator.ch\\\/human-resources\\\/2022-11-21\\\/nwx23-festival-fuer-arbeit-und-zukunft\\\/#breadcrumb\"},\"inLanguage\":\"it-IT\",\"potentialAction\":[{\"@type\":\"ReadAction\",\"target\":[\"https:\\\/\\\/www.organisator.ch\\\/human-resources\\\/2022-11-21\\\/nwx23-festival-fuer-arbeit-und-zukunft\\\/\"]}]},{\"@type\":\"ImageObject\",\"inLanguage\":\"it-IT\",\"@id\":\"https:\\\/\\\/www.organisator.ch\\\/human-resources\\\/2022-11-21\\\/nwx23-festival-fuer-arbeit-und-zukunft\\\/#primaryimage\",\"url\":\"https:\\\/\\\/www.organisator.ch\\\/wp-content\\\/uploads\\\/2022\\\/11\\\/NWX23-Festival-fuer-Arbeit-und-Zukunft_Organisator.jpg\",\"contentUrl\":\"https:\\\/\\\/www.organisator.ch\\\/wp-content\\\/uploads\\\/2022\\\/11\\\/NWX23-Festival-fuer-Arbeit-und-Zukunft_Organisator.jpg\",\"width\":680,\"height\":453,\"caption\":\"Die Elbphilharmonie in Hamburg bildet wieder die Kulisse f\u00fcr die NWX23. (Bild: New Work SE)\"},{\"@type\":\"BreadcrumbList\",\"@id\":\"https:\\\/\\\/www.organisator.ch\\\/human-resources\\\/2022-11-21\\\/nwx23-festival-fuer-arbeit-und-zukunft\\\/#breadcrumb\",\"itemListElement\":[{\"@type\":\"ListItem\",\"position\":1,\"name\":\"Home\",\"item\":\"https:\\\/\\\/www.organisator.ch\\\/\"},{\"@type\":\"ListItem\",\"position\":2,\"name\":\"NWX23: Festival f\u00fcr Arbeit und Zukunft\"}]},{\"@type\":\"WebSite\",\"@id\":\"https:\\\/\\\/www.organisator.ch\\\/#website\",\"url\":\"https:\\\/\\\/www.organisator.ch\\\/\",\"name\":\"Organisator\",\"description\":\"Kompetent. Praxisnah. Der ORGANISATOR bereitet in 10 Ausgaben pro Jahr die wesentlichen Themen f\u00fcr F\u00fchrungskr\u00e4fte von KMU auf.\",\"publisher\":{\"@id\":\"https:\\\/\\\/www.organisator.ch\\\/#organization\"},\"potentialAction\":[{\"@type\":\"SearchAction\",\"target\":{\"@type\":\"EntryPoint\",\"urlTemplate\":\"https:\\\/\\\/www.organisator.ch\\\/?s={search_term_string}\"},\"query-input\":{\"@type\":\"PropertyValueSpecification\",\"valueRequired\":true,\"valueName\":\"search_term_string\"}}],\"inLanguage\":\"it-IT\"},{\"@type\":\"Organization\",\"@id\":\"https:\\\/\\\/www.organisator.ch\\\/#organization\",\"name\":\"Organisator\",\"url\":\"https:\\\/\\\/www.organisator.ch\\\/\",\"logo\":{\"@type\":\"ImageObject\",\"inLanguage\":\"it-IT\",\"@id\":\"https:\\\/\\\/www.organisator.ch\\\/#\\\/schema\\\/logo\\\/image\\\/\",\"url\":\"https:\\\/\\\/www.organisator.ch\\\/wp-content\\\/uploads\\\/2022\\\/01\\\/Logo_Organisator_Website.png\",\"contentUrl\":\"https:\\\/\\\/www.organisator.ch\\\/wp-content\\\/uploads\\\/2022\\\/01\\\/Logo_Organisator_Website.png\",\"width\":800,\"height\":77,\"caption\":\"Organisator\"},\"image\":{\"@id\":\"https:\\\/\\\/www.organisator.ch\\\/#\\\/schema\\\/logo\\\/image\\\/\"},\"sameAs\":[\"https:\\\/\\\/www.facebook.com\\\/OrganisatorFachmagazin\",\"https:\\\/\\\/www.linkedin.com\\\/showcase\\\/organisator-das-magazin-fr-kmu\",\"https:\\\/\\\/www.xing.com\\\/news\\\/pages\\\/organisator-ch-695\",\"https:\\\/\\\/www.youtube.com\\\/channel\\\/UCGP2Sq0iWaZwT3BdIAQFYpw\"]},{\"@type\":\"Person\",\"@id\":\"https:\\\/\\\/www.organisator.ch\\\/#\\\/schema\\\/person\\\/6f650f90b2842cd4c0cc334b4e36f67e\",\"name\":\"thomas.berner\",\"image\":{\"@type\":\"ImageObject\",\"inLanguage\":\"it-IT\",\"@id\":\"https:\\\/\\\/secure.gravatar.com\\\/avatar\\\/ac5001d2a36cb6c6cd3e50789007ffca834b477b74a2144564522e944eabff61?s=96&d=mm&r=g\",\"url\":\"https:\\\/\\\/secure.gravatar.com\\\/avatar\\\/ac5001d2a36cb6c6cd3e50789007ffca834b477b74a2144564522e944eabff61?s=96&d=mm&r=g\",\"contentUrl\":\"https:\\\/\\\/secure.gravatar.com\\\/avatar\\\/ac5001d2a36cb6c6cd3e50789007ffca834b477b74a2144564522e944eabff61?s=96&d=mm&r=g\",\"caption\":\"thomas.berner\"},\"url\":\"https:\\\/\\\/www.organisator.ch\\\/it\\\/author\\\/thomas-berner\\\/\"}]}<\/script>\n<!-- \/ Yoast SEO plugin. -->","yoast_head_json":{"title":"NWX23: Festival del lavoro e del futuro - Organizzatore","description":"NWX23, che sostiene di essere il pi\u00f9 grande evento per il lavoro e il futuro, si presenta con un nuovo concetto di evento.","robots":{"index":"index","follow":"follow","max-snippet":"max-snippet:-1","max-image-preview":"max-image-preview:large","max-video-preview":"max-video-preview:-1"},"canonical":"https:\/\/www.organisator.ch\/it\/risorse-umane\/2022-11-21\/nwx23-festival-fuer-arbeit-und-zukunft\/","og_locale":"it_IT","og_type":"article","og_title":"NWX23: Festival f\u00fcr Arbeit und Zukunft","og_description":"Die NWX23, das nach eigenen Angaben gr\u00f6sste Event f\u00fcr Arbeit und Zukunft, pr\u00e4sentiert sich mit einem neuem Eventkonzept.","og_url":"https:\/\/www.organisator.ch\/it\/risorse-umane\/2022-11-21\/nwx23-festival-fuer-arbeit-und-zukunft\/","og_site_name":"Organisator","article_publisher":"https:\/\/www.facebook.com\/OrganisatorFachmagazin","article_published_time":"2022-11-21T10:05:21+00:00","article_modified_time":"2022-11-21T10:24:59+00:00","og_image":[{"width":680,"height":453,"url":"https:\/\/www.organisator.ch\/wp-content\/uploads\/2022\/11\/NWX23-Festival-fuer-Arbeit-und-Zukunft_Organisator.jpg","type":"image\/jpeg"}],"author":"thomas.berner","twitter_card":"summary_large_image","twitter_title":"#NWX23: #Festival f\u00fcr Arbeit und Zukunft","twitter_description":"Die #NWX23, das nach eigenen Angaben gr\u00f6sste Event f\u00fcr Arbeit und Zukunft, pr\u00e4sentiert sich mit einem neuem #Eventkonzept.","twitter_image":"https:\/\/www.organisator.ch\/wp-content\/uploads\/2022\/11\/NWX23-Festival-fuer-Arbeit-und-Zukunft_Organisator.jpg","schema":{"@context":"https:\/\/schema.org","@graph":[{"@type":"Article","@id":"https:\/\/www.organisator.ch\/human-resources\/2022-11-21\/nwx23-festival-fuer-arbeit-und-zukunft\/#article","isPartOf":{"@id":"https:\/\/www.organisator.ch\/human-resources\/2022-11-21\/nwx23-festival-fuer-arbeit-und-zukunft\/"},"author":{"name":"thomas.berner","@id":"https:\/\/www.organisator.ch\/#\/schema\/person\/6f650f90b2842cd4c0cc334b4e36f67e"},"headline":"NWX23: Festival f\u00fcr Arbeit und Zukunft","datePublished":"2022-11-21T10:05:21+00:00","dateModified":"2022-11-21T10:24:59+00:00","mainEntityOfPage":{"@id":"https:\/\/www.organisator.ch\/human-resources\/2022-11-21\/nwx23-festival-fuer-arbeit-und-zukunft\/"},"wordCount":413,"publisher":{"@id":"https:\/\/www.organisator.ch\/#organization"},"image":{"@id":"https:\/\/www.organisator.ch\/human-resources\/2022-11-21\/nwx23-festival-fuer-arbeit-und-zukunft\/#primaryimage"},"thumbnailUrl":"https:\/\/www.organisator.ch\/wp-content\/uploads\/2022\/11\/NWX23-Festival-fuer-Arbeit-und-Zukunft_Organisator.jpg","keywords":["Fachkongress\/Fachmesse","HRM","Marketing","New Work"],"articleSection":["HUMAN RESOURCES"],"inLanguage":"it-IT"},{"@type":"WebPage","@id":"https:\/\/www.organisator.ch\/human-resources\/2022-11-21\/nwx23-festival-fuer-arbeit-und-zukunft\/","url":"https:\/\/www.organisator.ch\/human-resources\/2022-11-21\/nwx23-festival-fuer-arbeit-und-zukunft\/","name":"NWX23: Festival del lavoro e del futuro - Organizzatore","isPartOf":{"@id":"https:\/\/www.organisator.ch\/#website"},"primaryImageOfPage":{"@id":"https:\/\/www.organisator.ch\/human-resources\/2022-11-21\/nwx23-festival-fuer-arbeit-und-zukunft\/#primaryimage"},"image":{"@id":"https:\/\/www.organisator.ch\/human-resources\/2022-11-21\/nwx23-festival-fuer-arbeit-und-zukunft\/#primaryimage"},"thumbnailUrl":"https:\/\/www.organisator.ch\/wp-content\/uploads\/2022\/11\/NWX23-Festival-fuer-Arbeit-und-Zukunft_Organisator.jpg","datePublished":"2022-11-21T10:05:21+00:00","dateModified":"2022-11-21T10:24:59+00:00","description":"NWX23, che sostiene di essere il pi\u00f9 grande evento per il lavoro e il futuro, si presenta con un nuovo concetto di evento.","breadcrumb":{"@id":"https:\/\/www.organisator.ch\/human-resources\/2022-11-21\/nwx23-festival-fuer-arbeit-und-zukunft\/#breadcrumb"},"inLanguage":"it-IT","potentialAction":[{"@type":"ReadAction","target":["https:\/\/www.organisator.ch\/human-resources\/2022-11-21\/nwx23-festival-fuer-arbeit-und-zukunft\/"]}]},{"@type":"ImageObject","inLanguage":"it-IT","@id":"https:\/\/www.organisator.ch\/human-resources\/2022-11-21\/nwx23-festival-fuer-arbeit-und-zukunft\/#primaryimage","url":"https:\/\/www.organisator.ch\/wp-content\/uploads\/2022\/11\/NWX23-Festival-fuer-Arbeit-und-Zukunft_Organisator.jpg","contentUrl":"https:\/\/www.organisator.ch\/wp-content\/uploads\/2022\/11\/NWX23-Festival-fuer-Arbeit-und-Zukunft_Organisator.jpg","width":680,"height":453,"caption":"Die Elbphilharmonie in Hamburg bildet wieder die Kulisse f\u00fcr die NWX23. (Bild: New Work SE)"},{"@type":"BreadcrumbList","@id":"https:\/\/www.organisator.ch\/human-resources\/2022-11-21\/nwx23-festival-fuer-arbeit-und-zukunft\/#breadcrumb","itemListElement":[{"@type":"ListItem","position":1,"name":"Home","item":"https:\/\/www.organisator.ch\/"},{"@type":"ListItem","position":2,"name":"NWX23: Festival f\u00fcr Arbeit und Zukunft"}]},{"@type":"WebSite","@id":"https:\/\/www.organisator.ch\/#website","url":"https:\/\/www.organisator.ch\/","name":"Organizzatore","description":"Competente. Pratico. In 10 numeri all'anno, ORGANISATOR presenta i temi essenziali per i manager delle PMI.","publisher":{"@id":"https:\/\/www.organisator.ch\/#organization"},"potentialAction":[{"@type":"SearchAction","target":{"@type":"EntryPoint","urlTemplate":"https:\/\/www.organisator.ch\/?s={search_term_string}"},"query-input":{"@type":"PropertyValueSpecification","valueRequired":true,"valueName":"search_term_string"}}],"inLanguage":"it-IT"},{"@type":"Organization","@id":"https:\/\/www.organisator.ch\/#organization","name":"Organizzatore","url":"https:\/\/www.organisator.ch\/","logo":{"@type":"ImageObject","inLanguage":"it-IT","@id":"https:\/\/www.organisator.ch\/#\/schema\/logo\/image\/","url":"https:\/\/www.organisator.ch\/wp-content\/uploads\/2022\/01\/Logo_Organisator_Website.png","contentUrl":"https:\/\/www.organisator.ch\/wp-content\/uploads\/2022\/01\/Logo_Organisator_Website.png","width":800,"height":77,"caption":"Organisator"},"image":{"@id":"https:\/\/www.organisator.ch\/#\/schema\/logo\/image\/"},"sameAs":["https:\/\/www.facebook.com\/OrganisatorFachmagazin","https:\/\/www.linkedin.com\/showcase\/organisator-das-magazin-fr-kmu","https:\/\/www.xing.com\/news\/pages\/organisator-ch-695","https:\/\/www.youtube.com\/channel\/UCGP2Sq0iWaZwT3BdIAQFYpw"]},{"@type":"Person","@id":"https:\/\/www.organisator.ch\/#\/schema\/person\/6f650f90b2842cd4c0cc334b4e36f67e","name":"Tommaso.berner","image":{"@type":"ImageObject","inLanguage":"it-IT","@id":"https:\/\/secure.gravatar.com\/avatar\/ac5001d2a36cb6c6cd3e50789007ffca834b477b74a2144564522e944eabff61?s=96&d=mm&r=g","url":"https:\/\/secure.gravatar.com\/avatar\/ac5001d2a36cb6c6cd3e50789007ffca834b477b74a2144564522e944eabff61?s=96&d=mm&r=g","contentUrl":"https:\/\/secure.gravatar.com\/avatar\/ac5001d2a36cb6c6cd3e50789007ffca834b477b74a2144564522e944eabff61?s=96&d=mm&r=g","caption":"thomas.berner"},"url":"https:\/\/www.organisator.ch\/it\/author\/thomas-berner\/"}]}},"_links":{"self":[{"href":"https:\/\/www.organisator.ch\/it\/wp-json\/wp\/v2\/posts\/17878","targetHints":{"allow":["GET"]}}],"collection":[{"href":"https:\/\/www.organisator.ch\/it\/wp-json\/wp\/v2\/posts"}],"about":[{"href":"https:\/\/www.organisator.ch\/it\/wp-json\/wp\/v2\/types\/post"}],"author":[{"embeddable":true,"href":"https:\/\/www.organisator.ch\/it\/wp-json\/wp\/v2\/users\/4"}],"replies":[{"embeddable":true,"href":"https:\/\/www.organisator.ch\/it\/wp-json\/wp\/v2\/comments?post=17878"}],"version-history":[{"count":1,"href":"https:\/\/www.organisator.ch\/it\/wp-json\/wp\/v2\/posts\/17878\/revisions"}],"predecessor-version":[{"id":17880,"href":"https:\/\/www.organisator.ch\/it\/wp-json\/wp\/v2\/posts\/17878\/revisions\/17880"}],"wp:featuredmedia":[{"embeddable":true,"href":"https:\/\/www.organisator.ch\/it\/wp-json\/wp\/v2\/media\/17879"}],"wp:attachment":[{"href":"https:\/\/www.organisator.ch\/it\/wp-json\/wp\/v2\/media?parent=17878"}],"wp:term":[{"taxonomy":"category","embeddable":true,"href":"https:\/\/www.organisator.ch\/it\/wp-json\/wp\/v2\/categories?post=17878"},{"taxonomy":"post_tag","embeddable":true,"href":"https:\/\/www.organisator.ch\/it\/wp-json\/wp\/v2\/tags?post=17878"}],"curies":[{"name":"wp","href":"https:\/\/api.w.org\/{rel}","templated":true}]}}