{"id":17888,"date":"2022-11-22T06:18:41","date_gmt":"2022-11-22T05:18:41","guid":{"rendered":"https:\/\/www.organisator.ch\/?p=17888"},"modified":"2022-12-22T09:51:03","modified_gmt":"2022-12-22T08:51:03","slug":"vor-abschluss-der-worldskills-2022-schweiz-unter-den-top-nationen","status":"publish","type":"post","link":"https:\/\/www.organisator.ch\/it\/weiterbildung\/2022-11-22\/vor-abschluss-der-worldskills-2022-schweiz-unter-den-top-nationen\/","title":{"rendered":"Prima della conclusione delle WorldSkills 2022: la Svizzera tra le nazioni top"},"content":{"rendered":"<figure id=\"attachment_17894\" aria-describedby=\"caption-attachment-17894\" style=\"width: 680px\" class=\"wp-caption alignnone\"><img loading=\"lazy\" decoding=\"async\" class=\"size-full wp-image-17894\" src=\"https:\/\/www.organisator.ch\/wp-content\/uploads\/2022\/11\/Vor-Abschluss-der-WorldSkills-2022-Schweiz-unter-den-Top-Nationen_Organisator.jpg\" alt=\"\" width=\"680\" height=\"453\" srcset=\"https:\/\/www.organisator.ch\/wp-content\/uploads\/2022\/11\/Vor-Abschluss-der-WorldSkills-2022-Schweiz-unter-den-Top-Nationen_Organisator.jpg 680w, https:\/\/www.organisator.ch\/wp-content\/uploads\/2022\/11\/Vor-Abschluss-der-WorldSkills-2022-Schweiz-unter-den-Top-Nationen_Organisator-18x12.jpg 18w, https:\/\/www.organisator.ch\/wp-content\/uploads\/2022\/11\/Vor-Abschluss-der-WorldSkills-2022-Schweiz-unter-den-Top-Nationen_Organisator-375x250.jpg 375w, https:\/\/www.organisator.ch\/wp-content\/uploads\/2022\/11\/Vor-Abschluss-der-WorldSkills-2022-Schweiz-unter-den-Top-Nationen_Organisator-525x350.jpg 525w\" sizes=\"auto, (max-width: 680px) 100vw, 680px\" \/><figcaption id=\"caption-attachment-17894\" class=\"wp-caption-text\">La panettiera Vera Stocker (bronzo) e la pasticciera Juliana Th\u00f6ny (oro) fanno parte del team svizzero di grande successo alle WorldSkills 2022. (Foto: Fondazione SwissSkills)<\/figcaption><\/figure>\n<p>Il formato dei Campionati WorldSkills di quest'anno \u00e8 unico: distribuite in 15 Paesi, le 62 competizioni delle WorldSkills Competition 2022 si sono svolte a partire da settembre. La Svizzera partecipa a un totale di 34 competizioni <a href=\"https:\/\/www.organisator.ch\/de\/weiterbildung\/2021-10-13\/42-junge-schweizer-berufs-champions-fuer-die-worldskills-2022-in-shanghai-ausgewaehlt\/\">con 37 giovani professionisti presso la<\/a> partecipazione. Questo formato alternativo \u00e8 stato sviluppato su iniziativa, tra gli altri, della Fondazione SwissSkills. Solo alla fine di maggio le WorldSkills 2022 previste a Shanghai sono state cancellate a causa di una pandemia. La Svizzera non solo ha contribuito all'idea e al concetto di campionati mondiali decentralizzati, ma si \u00e8 anche resa disponibile come organizzatore di 14 competizioni - nessun altro Paese si \u00e8 fatto carico dell'organizzazione di cos\u00ec tante discipline WorldSkills.<\/p>\n<h3><strong>Bilancio intermedio svizzero positivo come organizzatore...<\/strong><\/h3>\n<p>\"L'enorme sforzo \u00e8 valso la pena. \u00c8 stata una sfida enorme organizzare e mettere in scena con successo 14 competizioni WorldSkills in 9 sedi in poche settimane. Grazie al grande impegno delle associazioni professionali partecipanti e di molte altre organizzazioni e persone coinvolte, possiamo trarre una conclusione assolutamente positiva dalla WorldSkills Competition in Svizzera\", afferma Andr\u00e9 Burri, Managing Director di SwissSkills. In tutto il mondo, pi\u00f9 di 1.000 giovani professionisti attendevano con ansia le WorldSkills 2022 e si erano preparati intensamente. \"Nel frattempo, il sogno di partecipare alle WorldSkills sembrava svanire nel nulla per loro. Il formato decentrato \u00e8 riuscito a dare ai giovani e ambiziosi professionisti l'opportunit\u00e0 di partecipare alle WorldSkills e di scambiare idee con i migliori professionisti del loro settore.<\/p>\n<h3><strong>...e come nazione partecipante<\/strong><\/h3>\n<p>Oltre alla conclusione positiva dal punto di vista del co-organizzatore, i risultati svizzeri sono positivi anche prima delle ultime gare a Salisburgo. Nelle 30 competizioni a cui la Svizzera ha partecipato finora, lo SwissSkills National Team ha vinto 15 medaglie e altri 12 diplomi, il cosiddetto Medallion for Excellence. I quattro titoli svizzeri di Coppa del Mondo finora conquistati sono stati festeggiati da Juliana Th\u00f6ny (pasticcera\/pasticciera\/Oberlunkhofen, AG), Florent Lacilla (meccatronica automobilistica\/Cottens, FR) e dai due duo Silvan Wiedmer (Winterthur, ZH) e Yunus Ruff (Winterthur, ZH) nella competizione \"Industria 4.0\", nonch\u00e9 da Fabian Baumann (Oberdiessbach, BE) e Marc Baumberger (Koppigen, BE) nella competizione paesaggistica.<\/p>\n<h3><strong>Un impressionante bottino di medaglie<\/strong><\/h3>\n<p>Il rendimento dei giovani professionisti svizzeri, che hanno tutti iniziato con successo la loro carriera con un apprendistato e una qualifica EFZ, \u00e8 quindi paragonabile a quello dei precedenti eventi WorldSkills. Solo Cina e Corea del Sud hanno vinto pi\u00f9 medaglie in rapporto al numero di partecipanti. Tuttavia, queste WorldSkills confermano anche che la competizione ai vertici assoluti sta diventando sempre pi\u00f9 dura. Altre nazioni asiatiche e la Francia, organizzatrice delle prossime WorldSkills nel 2024, hanno ottenuto ulteriori guadagni rispetto alle ultime WorldSkills di Kazan del 2019.<\/p>\n<h3><strong>Salisburgo come ultima tappa delle WorldSkills 2022<\/strong><\/h3>\n<p>Questa settimana a Salisburgo si decider\u00e0 se la Svizzera o la Francia saranno le nazioni europee con il maggior numero di medaglie. Da gioved\u00ec saranno in azione gli ultimi quattro partecipanti svizzeri: il muratore Ben Zaugg (B\u00e4rau, BE), l'elettricista Patrik Siegenthaler (Linden, BE), l'elettricista di impianti Yannick Flepp (Sedrun, GR) e il meccanico di macchine agricole Pascal Hofstetter (Wildhaus, SG) faranno del loro meglio per continuare la storia di successo della Svizzera alle WorldSkills Competition 2022.<\/p>\n<p><em>Fonte: <a href=\"http:\/\/www.swiss-skills.ch\">Fondazione SwissSkills<\/a><\/em><\/p>\n<blockquote>\n<h3><strong>Panoramica dei precedenti risultati svizzeri alle WorldSkills 2022<\/strong><\/h3>\n<p><u>Medaglia d'oro (4)<\/u><\/p>\n<ul>\n<li>Pasticceria: Juliana Th\u00f6ny (Oberlunkhofen\/AG)<\/li>\n<li>Tecnico meccatronico dell'automobile: Florent Lacilla (Cottens\/FR)<\/li>\n<li>Giardinaggio e architettura del paesaggio: Marc Baumberger (Koppigen\/BE) e Fabian Baumann (Oberdiessbach\/BE)<\/li>\n<li>Industria 4.0: Silvan Wiedmer (Winterthur\/ZH) e Yunus Ruff (Winterthur\/ZH)<\/li>\n<\/ul>\n<p><u>Medaglia d'argento (5)<\/u><\/p>\n<ul>\n<li>Tecnologo di stampa: Nina Manser (Kesswil\/TG)<\/li>\n<li>Fiorista: Jasmin W\u00fcthrich (Gossau\/SG)<\/li>\n<li>Allestitore di carrelli: Dominik Bartlome (Schwarzenburg\/BE)<\/li>\n<li>Reception dell'hotel: Tim Oberli (Wiesendangen\/ZH)<\/li>\n<li>Tecnico elettronico: Mario Liechti (Windisch\/AG)<\/li>\n<\/ul>\n<p><u>Medaglia di bronzo (6)<\/u><\/p>\n<ul>\n<li>Panetteria: Vera Stocker (Gunzwil\/LU)<\/li>\n<li>Servizio di ristorazione: Shania Colombo (M\u00fcnchwilen\/TG)<\/li>\n<li>Tecnici dell'automazione: Dario Fl\u00fckiger (L\u00fctzelfl\u00fch\/BE) e Adrian Matthys (M\u00f6hlin\/AG)<\/li>\n<li>Carpentiere: Romain Mingard (Couvet\/NE)<\/li>\n<li>Stuccatore a secco: Adrian B\u00fcttler (Grund vicino a Gstaad\/BE)<\/li>\n<li>Automazione polimeccanica: Gil Beutler (Linden\/BE)<\/li>\n<\/ul>\n<p>Aggiornamento 28 novembre 2022:<\/p>\n<p>Al termine della \"WorldSkills Competition 2022\" decentralizzata di Salisburgo, il muratore Ben Zaugg (B\u00e4rau\/BE) si \u00e8 assicurato il quinto titolo WorldSkills per la Svizzera. L'elettricista Patrik Siegenthaler (Linden\/BE), il meccanico di macchine agricole Pascal Hofstetter (Wildhaus\/SG) e l'elettricista di impianti Yannick Flepp (Sedrun\/GR) hanno vinto il bronzo. Con 19 medaglie su 34 partecipanti, la squadra nazionale svizzera \u00e8 la migliore nazione europea ai Campionati mondiali di abilit\u00e0 di quest'anno.<\/p><\/blockquote>","protected":false},"excerpt":{"rendered":"<p>Einzigartig ist das Format der diesj\u00e4hrigen Berufs-Weltmeisterschaften: Verteilt \u00fcber 15 L\u00e4nder werden seit September die 62 Wettbewerbe der WorldSkills Competition 2022 durchgef\u00fchrt. Die Schweiz nimmt an insgesamt 34 Wettk\u00e4mpfen mit 37 jungen Berufsleuten daran teil. Entstanden ist dieses Alternativformat unter anderem auf Initiative der Stiftung SwissSkills. Erst Ende Mai wurden die in Shanghai geplanten WorldSkills [&hellip;]<\/p>\n","protected":false},"author":4,"featured_media":17894,"comment_status":"closed","ping_status":"closed","sticky":false,"template":"","format":"standard","meta":{"_acf_changed":false,"_yoast_wpseo_focuskw":"WorldSkills 2022","_yoast_wpseo_metadesc":"Am kommenden Sonntag gehen in Salzburg die dezentral \u00fcber drei Monate durchgef\u00fchrten WorldSkills Competition 2022 zu Ende.","articlekey":"","footnotes":""},"categories":[30],"tags":[62,73,3134,2709],"class_list":["post-17888","post","type-post","status-publish","format-standard","has-post-thumbnail","hentry","category-weiterbildung","tag-aus-weiterbildung","tag-berufsbildung","tag-berufsweltmeisterschaften","tag-worldskills"],"acf":[],"yoast_head":"<!-- This site is optimized with the Yoast SEO plugin v27.4 - https:\/\/yoast.com\/product\/yoast-seo-wordpress\/ -->\n<title>Vor Abschluss der WorldSkills 2022: Schweiz unter den Top-Nationen - Organisator<\/title>\n<meta name=\"description\" content=\"Am kommenden Sonntag gehen in Salzburg die dezentral \u00fcber drei Monate durchgef\u00fchrten WorldSkills Competition 2022 zu Ende.\" \/>\n<meta name=\"robots\" content=\"index, follow, max-snippet:-1, max-image-preview:large, max-video-preview:-1\" \/>\n<link rel=\"canonical\" href=\"https:\/\/www.organisator.ch\/it\/formazione-continua\/2022-11-22\/vor-abschluss-der-worldskills-2022-schweiz-unter-den-top-nationen\/\" \/>\n<meta property=\"og:locale\" content=\"it_IT\" \/>\n<meta property=\"og:type\" content=\"article\" \/>\n<meta property=\"og:title\" content=\"Vor Abschluss der #WorldSkills 2022: Schweiz unter den #Top-Nationen\" \/>\n<meta property=\"og:description\" content=\"Am kommenden Sonntag gehen in #Salzburg die dezentral \u00fcber drei Monate durchgef\u00fchrten #WorldSkills Competition 2022 zu Ende.\" \/>\n<meta property=\"og:url\" content=\"https:\/\/www.organisator.ch\/it\/formazione-continua\/2022-11-22\/vor-abschluss-der-worldskills-2022-schweiz-unter-den-top-nationen\/\" \/>\n<meta property=\"og:site_name\" content=\"Organisator\" \/>\n<meta property=\"article:publisher\" content=\"https:\/\/www.facebook.com\/OrganisatorFachmagazin\" \/>\n<meta property=\"article:published_time\" content=\"2022-11-22T05:18:41+00:00\" \/>\n<meta property=\"article:modified_time\" content=\"2022-12-22T08:51:03+00:00\" \/>\n<meta property=\"og:image\" content=\"https:\/\/www.organisator.ch\/wp-content\/uploads\/2022\/11\/Vor-Abschluss-der-WorldSkills-2022-Schweiz-unter-den-Top-Nationen_Organisator.jpg\" \/>\n\t<meta property=\"og:image:width\" content=\"680\" \/>\n\t<meta property=\"og:image:height\" content=\"453\" \/>\n\t<meta property=\"og:image:type\" content=\"image\/jpeg\" \/>\n<meta name=\"author\" content=\"thomas.berner\" \/>\n<meta name=\"twitter:card\" content=\"summary_large_image\" \/>\n<meta name=\"twitter:description\" content=\"Am kommenden Sonntag gehen in Salzburg die dezentral \u00fcber drei Monate durchgef\u00fchrten WorldSkills Competition 2022 zu Ende.\" \/>\n<meta name=\"twitter:image\" content=\"https:\/\/www.organisator.ch\/wp-content\/uploads\/2022\/11\/Vor-Abschluss-der-WorldSkills-2022-Schweiz-unter-den-Top-Nationen_Organisator.jpg\" \/>\n<script type=\"application\/ld+json\" class=\"yoast-schema-graph\">{\"@context\":\"https:\\\/\\\/schema.org\",\"@graph\":[{\"@type\":\"Article\",\"@id\":\"https:\\\/\\\/www.organisator.ch\\\/weiterbildung\\\/2022-11-22\\\/vor-abschluss-der-worldskills-2022-schweiz-unter-den-top-nationen\\\/#article\",\"isPartOf\":{\"@id\":\"https:\\\/\\\/www.organisator.ch\\\/weiterbildung\\\/2022-11-22\\\/vor-abschluss-der-worldskills-2022-schweiz-unter-den-top-nationen\\\/\"},\"author\":{\"name\":\"thomas.berner\",\"@id\":\"https:\\\/\\\/www.organisator.ch\\\/#\\\/schema\\\/person\\\/6f650f90b2842cd4c0cc334b4e36f67e\"},\"headline\":\"Vor Abschluss der WorldSkills 2022: Schweiz unter den Top-Nationen\",\"datePublished\":\"2022-11-22T05:18:41+00:00\",\"dateModified\":\"2022-12-22T08:51:03+00:00\",\"mainEntityOfPage\":{\"@id\":\"https:\\\/\\\/www.organisator.ch\\\/weiterbildung\\\/2022-11-22\\\/vor-abschluss-der-worldskills-2022-schweiz-unter-den-top-nationen\\\/\"},\"wordCount\":712,\"publisher\":{\"@id\":\"https:\\\/\\\/www.organisator.ch\\\/#organization\"},\"image\":{\"@id\":\"https:\\\/\\\/www.organisator.ch\\\/weiterbildung\\\/2022-11-22\\\/vor-abschluss-der-worldskills-2022-schweiz-unter-den-top-nationen\\\/#primaryimage\"},\"thumbnailUrl\":\"https:\\\/\\\/www.organisator.ch\\\/wp-content\\\/uploads\\\/2022\\\/11\\\/Vor-Abschluss-der-WorldSkills-2022-Schweiz-unter-den-Top-Nationen_Organisator.jpg\",\"keywords\":[\"Aus-\\\/Weiterbildung\",\"Berufsbildung\",\"Berufsweltmeisterschaften\",\"WorldSkills\"],\"articleSection\":[\"WEITERBILDUNG\"],\"inLanguage\":\"it-IT\"},{\"@type\":\"WebPage\",\"@id\":\"https:\\\/\\\/www.organisator.ch\\\/weiterbildung\\\/2022-11-22\\\/vor-abschluss-der-worldskills-2022-schweiz-unter-den-top-nationen\\\/\",\"url\":\"https:\\\/\\\/www.organisator.ch\\\/weiterbildung\\\/2022-11-22\\\/vor-abschluss-der-worldskills-2022-schweiz-unter-den-top-nationen\\\/\",\"name\":\"Vor Abschluss der WorldSkills 2022: Schweiz unter den Top-Nationen - Organisator\",\"isPartOf\":{\"@id\":\"https:\\\/\\\/www.organisator.ch\\\/#website\"},\"primaryImageOfPage\":{\"@id\":\"https:\\\/\\\/www.organisator.ch\\\/weiterbildung\\\/2022-11-22\\\/vor-abschluss-der-worldskills-2022-schweiz-unter-den-top-nationen\\\/#primaryimage\"},\"image\":{\"@id\":\"https:\\\/\\\/www.organisator.ch\\\/weiterbildung\\\/2022-11-22\\\/vor-abschluss-der-worldskills-2022-schweiz-unter-den-top-nationen\\\/#primaryimage\"},\"thumbnailUrl\":\"https:\\\/\\\/www.organisator.ch\\\/wp-content\\\/uploads\\\/2022\\\/11\\\/Vor-Abschluss-der-WorldSkills-2022-Schweiz-unter-den-Top-Nationen_Organisator.jpg\",\"datePublished\":\"2022-11-22T05:18:41+00:00\",\"dateModified\":\"2022-12-22T08:51:03+00:00\",\"description\":\"Am kommenden Sonntag gehen in Salzburg die dezentral \u00fcber drei Monate durchgef\u00fchrten WorldSkills Competition 2022 zu Ende.\",\"breadcrumb\":{\"@id\":\"https:\\\/\\\/www.organisator.ch\\\/weiterbildung\\\/2022-11-22\\\/vor-abschluss-der-worldskills-2022-schweiz-unter-den-top-nationen\\\/#breadcrumb\"},\"inLanguage\":\"it-IT\",\"potentialAction\":[{\"@type\":\"ReadAction\",\"target\":[\"https:\\\/\\\/www.organisator.ch\\\/weiterbildung\\\/2022-11-22\\\/vor-abschluss-der-worldskills-2022-schweiz-unter-den-top-nationen\\\/\"]}]},{\"@type\":\"ImageObject\",\"inLanguage\":\"it-IT\",\"@id\":\"https:\\\/\\\/www.organisator.ch\\\/weiterbildung\\\/2022-11-22\\\/vor-abschluss-der-worldskills-2022-schweiz-unter-den-top-nationen\\\/#primaryimage\",\"url\":\"https:\\\/\\\/www.organisator.ch\\\/wp-content\\\/uploads\\\/2022\\\/11\\\/Vor-Abschluss-der-WorldSkills-2022-Schweiz-unter-den-Top-Nationen_Organisator.jpg\",\"contentUrl\":\"https:\\\/\\\/www.organisator.ch\\\/wp-content\\\/uploads\\\/2022\\\/11\\\/Vor-Abschluss-der-WorldSkills-2022-Schweiz-unter-den-Top-Nationen_Organisator.jpg\",\"width\":680,\"height\":453,\"caption\":\"B\u00e4ckerin Vera Stocker (Bronze) und Konditorin-Confiseurin Juliana Th\u00f6ny (Gold) geh\u00f6ren zum \u00e4usserst erfolgreichen SwissSkills National Team. (Bild: Stiftung SwissSkills)\"},{\"@type\":\"BreadcrumbList\",\"@id\":\"https:\\\/\\\/www.organisator.ch\\\/weiterbildung\\\/2022-11-22\\\/vor-abschluss-der-worldskills-2022-schweiz-unter-den-top-nationen\\\/#breadcrumb\",\"itemListElement\":[{\"@type\":\"ListItem\",\"position\":1,\"name\":\"Home\",\"item\":\"https:\\\/\\\/www.organisator.ch\\\/\"},{\"@type\":\"ListItem\",\"position\":2,\"name\":\"Vor Abschluss der WorldSkills 2022: Schweiz unter den Top-Nationen\"}]},{\"@type\":\"WebSite\",\"@id\":\"https:\\\/\\\/www.organisator.ch\\\/#website\",\"url\":\"https:\\\/\\\/www.organisator.ch\\\/\",\"name\":\"Organisator\",\"description\":\"Kompetent. Praxisnah. Der ORGANISATOR bereitet in 10 Ausgaben pro Jahr die wesentlichen Themen f\u00fcr F\u00fchrungskr\u00e4fte von KMU auf.\",\"publisher\":{\"@id\":\"https:\\\/\\\/www.organisator.ch\\\/#organization\"},\"potentialAction\":[{\"@type\":\"SearchAction\",\"target\":{\"@type\":\"EntryPoint\",\"urlTemplate\":\"https:\\\/\\\/www.organisator.ch\\\/?s={search_term_string}\"},\"query-input\":{\"@type\":\"PropertyValueSpecification\",\"valueRequired\":true,\"valueName\":\"search_term_string\"}}],\"inLanguage\":\"it-IT\"},{\"@type\":\"Organization\",\"@id\":\"https:\\\/\\\/www.organisator.ch\\\/#organization\",\"name\":\"Organisator\",\"url\":\"https:\\\/\\\/www.organisator.ch\\\/\",\"logo\":{\"@type\":\"ImageObject\",\"inLanguage\":\"it-IT\",\"@id\":\"https:\\\/\\\/www.organisator.ch\\\/#\\\/schema\\\/logo\\\/image\\\/\",\"url\":\"https:\\\/\\\/www.organisator.ch\\\/wp-content\\\/uploads\\\/2022\\\/01\\\/Logo_Organisator_Website.png\",\"contentUrl\":\"https:\\\/\\\/www.organisator.ch\\\/wp-content\\\/uploads\\\/2022\\\/01\\\/Logo_Organisator_Website.png\",\"width\":800,\"height\":77,\"caption\":\"Organisator\"},\"image\":{\"@id\":\"https:\\\/\\\/www.organisator.ch\\\/#\\\/schema\\\/logo\\\/image\\\/\"},\"sameAs\":[\"https:\\\/\\\/www.facebook.com\\\/OrganisatorFachmagazin\",\"https:\\\/\\\/www.linkedin.com\\\/showcase\\\/organisator-das-magazin-fr-kmu\",\"https:\\\/\\\/www.xing.com\\\/news\\\/pages\\\/organisator-ch-695\",\"https:\\\/\\\/www.youtube.com\\\/channel\\\/UCGP2Sq0iWaZwT3BdIAQFYpw\"]},{\"@type\":\"Person\",\"@id\":\"https:\\\/\\\/www.organisator.ch\\\/#\\\/schema\\\/person\\\/6f650f90b2842cd4c0cc334b4e36f67e\",\"name\":\"thomas.berner\",\"image\":{\"@type\":\"ImageObject\",\"inLanguage\":\"it-IT\",\"@id\":\"https:\\\/\\\/secure.gravatar.com\\\/avatar\\\/ac5001d2a36cb6c6cd3e50789007ffca834b477b74a2144564522e944eabff61?s=96&d=mm&r=g\",\"url\":\"https:\\\/\\\/secure.gravatar.com\\\/avatar\\\/ac5001d2a36cb6c6cd3e50789007ffca834b477b74a2144564522e944eabff61?s=96&d=mm&r=g\",\"contentUrl\":\"https:\\\/\\\/secure.gravatar.com\\\/avatar\\\/ac5001d2a36cb6c6cd3e50789007ffca834b477b74a2144564522e944eabff61?s=96&d=mm&r=g\",\"caption\":\"thomas.berner\"},\"url\":\"https:\\\/\\\/www.organisator.ch\\\/it\\\/author\\\/thomas-berner\\\/\"}]}<\/script>\n<!-- \/ Yoast SEO plugin. -->","yoast_head_json":{"title":"Prima della conclusione delle WorldSkills 2022: la Svizzera tra le prime nazioni - Organizzatore","description":"Domenica prossima si concluderanno a Salisburgo le WorldSkills Competition 2022, che si svolgeranno in modo decentrato nell'arco di tre mesi.","robots":{"index":"index","follow":"follow","max-snippet":"max-snippet:-1","max-image-preview":"max-image-preview:large","max-video-preview":"max-video-preview:-1"},"canonical":"https:\/\/www.organisator.ch\/it\/formazione-continua\/2022-11-22\/vor-abschluss-der-worldskills-2022-schweiz-unter-den-top-nationen\/","og_locale":"it_IT","og_type":"article","og_title":"Vor Abschluss der #WorldSkills 2022: Schweiz unter den #Top-Nationen","og_description":"Am kommenden Sonntag gehen in #Salzburg die dezentral \u00fcber drei Monate durchgef\u00fchrten #WorldSkills Competition 2022 zu Ende.","og_url":"https:\/\/www.organisator.ch\/it\/formazione-continua\/2022-11-22\/vor-abschluss-der-worldskills-2022-schweiz-unter-den-top-nationen\/","og_site_name":"Organisator","article_publisher":"https:\/\/www.facebook.com\/OrganisatorFachmagazin","article_published_time":"2022-11-22T05:18:41+00:00","article_modified_time":"2022-12-22T08:51:03+00:00","og_image":[{"width":680,"height":453,"url":"https:\/\/www.organisator.ch\/wp-content\/uploads\/2022\/11\/Vor-Abschluss-der-WorldSkills-2022-Schweiz-unter-den-Top-Nationen_Organisator.jpg","type":"image\/jpeg"}],"author":"thomas.berner","twitter_card":"summary_large_image","twitter_description":"Am kommenden Sonntag gehen in Salzburg die dezentral \u00fcber drei Monate durchgef\u00fchrten WorldSkills Competition 2022 zu Ende.","twitter_image":"https:\/\/www.organisator.ch\/wp-content\/uploads\/2022\/11\/Vor-Abschluss-der-WorldSkills-2022-Schweiz-unter-den-Top-Nationen_Organisator.jpg","schema":{"@context":"https:\/\/schema.org","@graph":[{"@type":"Article","@id":"https:\/\/www.organisator.ch\/weiterbildung\/2022-11-22\/vor-abschluss-der-worldskills-2022-schweiz-unter-den-top-nationen\/#article","isPartOf":{"@id":"https:\/\/www.organisator.ch\/weiterbildung\/2022-11-22\/vor-abschluss-der-worldskills-2022-schweiz-unter-den-top-nationen\/"},"author":{"name":"thomas.berner","@id":"https:\/\/www.organisator.ch\/#\/schema\/person\/6f650f90b2842cd4c0cc334b4e36f67e"},"headline":"Vor Abschluss der WorldSkills 2022: Schweiz unter den Top-Nationen","datePublished":"2022-11-22T05:18:41+00:00","dateModified":"2022-12-22T08:51:03+00:00","mainEntityOfPage":{"@id":"https:\/\/www.organisator.ch\/weiterbildung\/2022-11-22\/vor-abschluss-der-worldskills-2022-schweiz-unter-den-top-nationen\/"},"wordCount":712,"publisher":{"@id":"https:\/\/www.organisator.ch\/#organization"},"image":{"@id":"https:\/\/www.organisator.ch\/weiterbildung\/2022-11-22\/vor-abschluss-der-worldskills-2022-schweiz-unter-den-top-nationen\/#primaryimage"},"thumbnailUrl":"https:\/\/www.organisator.ch\/wp-content\/uploads\/2022\/11\/Vor-Abschluss-der-WorldSkills-2022-Schweiz-unter-den-Top-Nationen_Organisator.jpg","keywords":["Aus-\/Weiterbildung","Berufsbildung","Berufsweltmeisterschaften","WorldSkills"],"articleSection":["WEITERBILDUNG"],"inLanguage":"it-IT"},{"@type":"WebPage","@id":"https:\/\/www.organisator.ch\/weiterbildung\/2022-11-22\/vor-abschluss-der-worldskills-2022-schweiz-unter-den-top-nationen\/","url":"https:\/\/www.organisator.ch\/weiterbildung\/2022-11-22\/vor-abschluss-der-worldskills-2022-schweiz-unter-den-top-nationen\/","name":"Prima della conclusione delle WorldSkills 2022: la Svizzera tra le prime nazioni - Organizzatore","isPartOf":{"@id":"https:\/\/www.organisator.ch\/#website"},"primaryImageOfPage":{"@id":"https:\/\/www.organisator.ch\/weiterbildung\/2022-11-22\/vor-abschluss-der-worldskills-2022-schweiz-unter-den-top-nationen\/#primaryimage"},"image":{"@id":"https:\/\/www.organisator.ch\/weiterbildung\/2022-11-22\/vor-abschluss-der-worldskills-2022-schweiz-unter-den-top-nationen\/#primaryimage"},"thumbnailUrl":"https:\/\/www.organisator.ch\/wp-content\/uploads\/2022\/11\/Vor-Abschluss-der-WorldSkills-2022-Schweiz-unter-den-Top-Nationen_Organisator.jpg","datePublished":"2022-11-22T05:18:41+00:00","dateModified":"2022-12-22T08:51:03+00:00","description":"Domenica prossima si concluderanno a Salisburgo le WorldSkills Competition 2022, che si svolgeranno in modo decentrato nell'arco di tre mesi.","breadcrumb":{"@id":"https:\/\/www.organisator.ch\/weiterbildung\/2022-11-22\/vor-abschluss-der-worldskills-2022-schweiz-unter-den-top-nationen\/#breadcrumb"},"inLanguage":"it-IT","potentialAction":[{"@type":"ReadAction","target":["https:\/\/www.organisator.ch\/weiterbildung\/2022-11-22\/vor-abschluss-der-worldskills-2022-schweiz-unter-den-top-nationen\/"]}]},{"@type":"ImageObject","inLanguage":"it-IT","@id":"https:\/\/www.organisator.ch\/weiterbildung\/2022-11-22\/vor-abschluss-der-worldskills-2022-schweiz-unter-den-top-nationen\/#primaryimage","url":"https:\/\/www.organisator.ch\/wp-content\/uploads\/2022\/11\/Vor-Abschluss-der-WorldSkills-2022-Schweiz-unter-den-Top-Nationen_Organisator.jpg","contentUrl":"https:\/\/www.organisator.ch\/wp-content\/uploads\/2022\/11\/Vor-Abschluss-der-WorldSkills-2022-Schweiz-unter-den-Top-Nationen_Organisator.jpg","width":680,"height":453,"caption":"B\u00e4ckerin Vera Stocker (Bronze) und Konditorin-Confiseurin Juliana Th\u00f6ny (Gold) geh\u00f6ren zum \u00e4usserst erfolgreichen SwissSkills National Team. (Bild: Stiftung SwissSkills)"},{"@type":"BreadcrumbList","@id":"https:\/\/www.organisator.ch\/weiterbildung\/2022-11-22\/vor-abschluss-der-worldskills-2022-schweiz-unter-den-top-nationen\/#breadcrumb","itemListElement":[{"@type":"ListItem","position":1,"name":"Home","item":"https:\/\/www.organisator.ch\/"},{"@type":"ListItem","position":2,"name":"Vor Abschluss der WorldSkills 2022: Schweiz unter den Top-Nationen"}]},{"@type":"WebSite","@id":"https:\/\/www.organisator.ch\/#website","url":"https:\/\/www.organisator.ch\/","name":"Organizzatore","description":"Competente. Pratico. In 10 numeri all'anno, ORGANISATOR presenta i temi essenziali per i manager delle PMI.","publisher":{"@id":"https:\/\/www.organisator.ch\/#organization"},"potentialAction":[{"@type":"SearchAction","target":{"@type":"EntryPoint","urlTemplate":"https:\/\/www.organisator.ch\/?s={search_term_string}"},"query-input":{"@type":"PropertyValueSpecification","valueRequired":true,"valueName":"search_term_string"}}],"inLanguage":"it-IT"},{"@type":"Organization","@id":"https:\/\/www.organisator.ch\/#organization","name":"Organizzatore","url":"https:\/\/www.organisator.ch\/","logo":{"@type":"ImageObject","inLanguage":"it-IT","@id":"https:\/\/www.organisator.ch\/#\/schema\/logo\/image\/","url":"https:\/\/www.organisator.ch\/wp-content\/uploads\/2022\/01\/Logo_Organisator_Website.png","contentUrl":"https:\/\/www.organisator.ch\/wp-content\/uploads\/2022\/01\/Logo_Organisator_Website.png","width":800,"height":77,"caption":"Organisator"},"image":{"@id":"https:\/\/www.organisator.ch\/#\/schema\/logo\/image\/"},"sameAs":["https:\/\/www.facebook.com\/OrganisatorFachmagazin","https:\/\/www.linkedin.com\/showcase\/organisator-das-magazin-fr-kmu","https:\/\/www.xing.com\/news\/pages\/organisator-ch-695","https:\/\/www.youtube.com\/channel\/UCGP2Sq0iWaZwT3BdIAQFYpw"]},{"@type":"Person","@id":"https:\/\/www.organisator.ch\/#\/schema\/person\/6f650f90b2842cd4c0cc334b4e36f67e","name":"Tommaso.berner","image":{"@type":"ImageObject","inLanguage":"it-IT","@id":"https:\/\/secure.gravatar.com\/avatar\/ac5001d2a36cb6c6cd3e50789007ffca834b477b74a2144564522e944eabff61?s=96&d=mm&r=g","url":"https:\/\/secure.gravatar.com\/avatar\/ac5001d2a36cb6c6cd3e50789007ffca834b477b74a2144564522e944eabff61?s=96&d=mm&r=g","contentUrl":"https:\/\/secure.gravatar.com\/avatar\/ac5001d2a36cb6c6cd3e50789007ffca834b477b74a2144564522e944eabff61?s=96&d=mm&r=g","caption":"thomas.berner"},"url":"https:\/\/www.organisator.ch\/it\/author\/thomas-berner\/"}]}},"_links":{"self":[{"href":"https:\/\/www.organisator.ch\/it\/wp-json\/wp\/v2\/posts\/17888","targetHints":{"allow":["GET"]}}],"collection":[{"href":"https:\/\/www.organisator.ch\/it\/wp-json\/wp\/v2\/posts"}],"about":[{"href":"https:\/\/www.organisator.ch\/it\/wp-json\/wp\/v2\/types\/post"}],"author":[{"embeddable":true,"href":"https:\/\/www.organisator.ch\/it\/wp-json\/wp\/v2\/users\/4"}],"replies":[{"embeddable":true,"href":"https:\/\/www.organisator.ch\/it\/wp-json\/wp\/v2\/comments?post=17888"}],"version-history":[{"count":5,"href":"https:\/\/www.organisator.ch\/it\/wp-json\/wp\/v2\/posts\/17888\/revisions"}],"predecessor-version":[{"id":17952,"href":"https:\/\/www.organisator.ch\/it\/wp-json\/wp\/v2\/posts\/17888\/revisions\/17952"}],"wp:featuredmedia":[{"embeddable":true,"href":"https:\/\/www.organisator.ch\/it\/wp-json\/wp\/v2\/media\/17894"}],"wp:attachment":[{"href":"https:\/\/www.organisator.ch\/it\/wp-json\/wp\/v2\/media?parent=17888"}],"wp:term":[{"taxonomy":"category","embeddable":true,"href":"https:\/\/www.organisator.ch\/it\/wp-json\/wp\/v2\/categories?post=17888"},{"taxonomy":"post_tag","embeddable":true,"href":"https:\/\/www.organisator.ch\/it\/wp-json\/wp\/v2\/tags?post=17888"}],"curies":[{"name":"wp","href":"https:\/\/api.w.org\/{rel}","templated":true}]}}