{"id":17923,"date":"2022-11-24T13:30:50","date_gmt":"2022-11-24T12:30:50","guid":{"rendered":"https:\/\/www.m-q.ch\/?p=17201"},"modified":"2024-11-20T09:09:05","modified_gmt":"2024-11-20T08:09:05","slug":"wirtschaftliche-grundversorgung-im-krisenfall-weitgehend-gewaehrleistet","status":"publish","type":"post","link":"https:\/\/www.organisator.ch\/it\/operational-excellence\/2022-11-24\/wirtschaftliche-grundversorgung-im-krisenfall-weitgehend-gewaehrleistet\/","title":{"rendered":"Approvvigionamento economico di base ampiamente garantito in caso di crisi"},"content":{"rendered":"<figure id=\"attachment_17202\" class=\"wp-caption alignnone\" style=\"width: 680px\" aria-describedby=\"caption-attachment-17202\"><img class=\"alignnone wp-image-17202 size-full\" src=\"https:\/\/www.m-q.ch\/wp-content\/uploads\/2022\/11\/Wirtschaftliche-Grundversorgung-im-Krisenfall-weitgehend-gewaehrleistet-1_MQ.jpg\" alt=\"Barometro della resilienza Deloitte\" width=\"680\" height=\"453\" \/>\r\n<figcaption id=\"caption-attachment-17202\" class=\"wp-caption-text\">Per quanto riguarda l'approvvigionamento di base, il settore energetico si dimostra sorprendentemente resistente in caso di crisi. (Immagine: Pixabay.com)<\/figcaption>\r\n<\/figure>\r\n<p>La societ\u00e0 di revisione Deloitte ha pubblicato un nuovo barometro della resilienza per l'economia svizzera. A tal fine, gli autori hanno suddiviso l'economia in otto aree con ulteriori sotto-aree. Ogni sottosettore \u00e8 stato poi esaminato per verificarne la resilienza a tre scenari selezionati. Gli scenari scelti sono stati, in primo luogo, una pandemia altamente contagiosa e patogena, in secondo luogo, un'intensificazione delle tensioni politiche globali con la formazione di blocchi, l'aumento delle sanzioni e l'interruzione delle catene di approvvigionamento, e in terzo luogo, un'ulteriore intensificazione dei cambiamenti climatici con eventi climatici estremi come ondate di calore o inondazioni. Si pu\u00f2 ritenere che tutti questi scenari rappresentino un rischio considerevole per l'approvvigionamento di base.<\/p>\r\n<h3>Notevoli differenze tra i settori economici<\/h3>\r\n<p>Lo studio rivela differenze significative tra le otto aree centrali per il funzionamento dell'economia: L'infrastruttura del mercato finanziario, ad esempio, \u00e8 lusinghieramente resistente. L'approvvigionamento energetico, attualmente molto discusso, presenta alcuni punti deboli, ma l'approvvigionamento di base pu\u00f2 essere ampiamente mantenuto. Meno resiliente \u00e8 l'assistenza sanitaria, che subirebbe notevoli limitazioni negli scenari Epidemia globale e Tensioni geopolitiche e formazione di blocchi. Anche la logistica \u00e8 molto vulnerabile a causa della globalizzazione, soprattutto per quanto riguarda lo scenario delle tensioni geopolitiche. \"Quando le persone svolgono un lavoro importante a livello locale, diventa difficile in caso di crisi\", afferma Ralph Wyss, partner e responsabile del settore Difesa, Sicurezza e Giustizia di Deloitte Svizzera.<\/p>\r\n<h3>La logistica come nucleo centrale deve essere rafforzata<\/h3>\r\n<p>Mentre alcune lacune nell'offerta di assistenza sanitaria non sono sorprendenti in caso di una grave pandemia, la resilienza della logistica potrebbe essere rafforzata. \u00c8 chiaro che l'economia svizzera dipende fortemente dalle catene di approvvigionamento globali che non sono in grado di resistere n\u00e9 a una pandemia n\u00e9 a un aumento delle tensioni politiche. \"Una logistica funzionante \u00e8 il cuore dell'economia. Le aziende e le associazioni dovrebbero quindi affrontare rapidamente i punti deboli emersi dallo studio\", spiega Ralph Wyss.<\/p>\r\n<h3>La resilienza dipende fortemente dallo scenario<\/h3>\r\n<p>Dei tre scenari analizzati, una pandemia ha l'impatto pi\u00f9 forte sull'economia svizzera, anche se la Svizzera e il mondo intero hanno gi\u00e0 acquisito molta esperienza con Covid-19: \"\u00c8 molto difficile costruire una migliore resilienza in caso di una pandemia ancora pi\u00f9 contagiosa. In definitiva, in questo caso, le persone sane aiutano le persone malate. Finch\u00e9 la tecnologia non sostituir\u00e0 in modo significativo le persone, la debolezza del sistema rimarr\u00e0\", afferma Ralph Wyss.<\/p>\r\n<figure id=\"attachment_17203\" class=\"wp-caption alignnone\" style=\"width: 680px\" aria-describedby=\"caption-attachment-17203\"><img class=\"size-full wp-image-17203\" src=\"https:\/\/www.m-q.ch\/wp-content\/uploads\/2022\/11\/Wirtschaftliche-Grundversorgung-im-Krisenfall-weitgehend-gewaehrleistet-2_MQ.jpg\" alt=\"\" width=\"680\" height=\"423\" \/>\r\n<figcaption id=\"caption-attachment-17203\" class=\"wp-caption-text\">Valori di resilienza Svizzera in base agli scenari. (Grafico: Deloitte)<\/figcaption>\r\n<\/figure>\r\n<p>L'aumento degli eventi climatici estremi sta avendo un effetto meno pronunciato, ma comunque progressivamente evidente. Oltre alla logistica, questi hanno anche un impatto crescente sull'approvvigionamento alimentare. \"Nei prossimi tre-cinque anni non si prevede che eventi climatici estremi mettano in pericolo l'approvvigionamento di base dell'economia svizzera. Le previsioni per il futuro dipendono in larga misura dal successo della comunit\u00e0 internazionale nell'arrestare l'aumento della temperatura globale\", afferma C\u00e9line Neuenschwander, ricercatrice di Deloitte Svizzera e responsabile dello studio.<\/p>\r\n<h3>La sicurezza pubblica dipende in larga misura dal sistema della milizia.<\/h3>\r\n<p>La sicurezza pubblica \u00e8 ampiamente resistente alle crisi in tutti gli scenari. Un'eccezione \u00e8 rappresentata dal settore medico, che subisce gravi restrizioni in caso di pandemia. L'esercito, come ultima risorsa per il mantenimento della sicurezza pubblica, ha difficolt\u00e0, soprattutto nello scenario delle tensioni geopolitiche, poich\u00e9 gli armamenti sono ora difficili da procurare. Inoltre, numerose istituzioni come l'esercito, la protezione civile, le squadre di crisi, ma anche i vigili del fuoco si basano sul sistema della milizia in quasi tutto il Paese. \"Con l'avanzare della durata di una crisi, le persone responsabili di una funzione di milizia dovranno tornare alle loro professioni tradizionali. Questa \u00e8 la grande sfida per il nostro sistema di milizia, altrimenti ben funzionante\", afferma Ralph Wyss.<\/p>\r\n<h3>L'infrastruttura del mercato finanziario e l'approvvigionamento di energia sono lusinghieramente resilienti<\/h3>\r\n<p>In positivo, l'infrastruttura del mercato finanziario e l'approvvigionamento energetico mostrano entrambi valori di resilienza elevati nella valutazione complessiva. Tuttavia, in caso di forti tensioni geopolitiche e di intensificazione della formazione di blocchi, la resilienza dell'approvvigionamento energetico della Svizzera diminuisce rapidamente. \"In vista di un'economia sempre pi\u00f9 digitalizzata, un approvvigionamento energetico vulnerabile \u00e8 problematico. Attualmente, la maggior parte delle aziende ha quindi adottato misure per comprendere meglio i propri consumi e si sta preparando a ridurre il consumo di elettricit\u00e0 nel breve termine e a pianificare come affrontare gli imprevisti e le interruzioni di corrente\", afferma Ralph Wyss.<\/p>\r\n<p>Lo studio distingue consapevolmente tra il mantenimento dell'attuale situazione di comfort e un'offerta di base che fornisce solo il necessario. \"\u00c8 gratificante vedere che, con poche eccezioni, l'economia svizzera riesce a garantire un buon approvvigionamento di base. Tuttavia, i punti deboli individuati dimostrano che le aziende e le autorit\u00e0 devono adottare un approccio ampio al tema della resilienza. L'attuale attenzione all'approvvigionamento energetico \u00e8 importante, ma non rende giustizia all'ampiezza delle sfide che ci attendono\", conclude Ralph Wyss.<\/p>\r\n<p><em>Fonte: <a href=\"https:\/\/www2.deloitte.com\/ch\/de.html\">Deloitte<\/a><\/em><\/p>\n<p class=\"syndicated-attribution\">Questo articolo \u00e8 apparso originariamente su m-q.ch - <a href=\"https:\/\/www.m-q.ch\/de\/wirtschaftliche-grundversorgung-im-krisenfall-weitgehend-gewaehrleistet\/\" target=\"_blank\">https:\/\/www.m-q.ch\/de\/wirtschaftliche-grundversorgung-im-krisenfall-weitgehend-gewaehrleistet\/<\/a><\/p>","protected":false},"excerpt":{"rendered":"<p>Das Wirtschaftspr\u00fcfungsunternehmen Deloitte hat einen neuen Resilienz-Barometer f\u00fcr die Schweizer Wirtschaft ver\u00f6ffentlicht. Zu diesem Zweck haben die Autorinnen und Autoren die Wirtschaft in acht Bereiche mit weiteren Unterbereichen eingeteilt. Jeder Unterbereich wurde dann auf seine Widerstandskraft gegen\u00fcber drei ausgew\u00e4hlten Szenarien untersucht. Als Szenarien gew\u00e4hlt wurden erstens eine hochansteckende und krankmachende Pandemie, zweitens eine Versch\u00e4rfung der [\u2026]<\/p>\n","protected":false},"author":8,"featured_media":0,"comment_status":"closed","ping_status":"closed","sticky":false,"template":"","format":"standard","meta":{"_acf_changed":false,"_yoast_wpseo_focuskw":"Deloitte Resilienz-Barometer","_yoast_wpseo_metadesc":"Deloitte Resilienz-Barometer 2023: Schweizer Wirtschaft zeigt Schwachstellen und St\u00e4rken in Krisenzeiten. Logistik st\u00e4rken.","articlekey":"","footnotes":""},"categories":[582],"tags":[3521],"class_list":["post-17923","post","type-post","status-publish","format-standard","hentry","category-operational-excellence","tag-grundversorgung"],"acf":[],"yoast_head":"<!-- This site is optimized with the Yoast SEO plugin v27.5 - https:\/\/yoast.com\/product\/yoast-seo-wordpress\/ -->\n<title>Wirtschaftliche Grundversorgung im Krisenfall weitgehend gew\u00e4hrleistet - Organisator<\/title>\n<meta name=\"description\" content=\"Deloitte Resilienz-Barometer 2023: Schweizer Wirtschaft zeigt Schwachstellen und St\u00e4rken in Krisenzeiten. Logistik st\u00e4rken.\" \/>\n<meta name=\"robots\" content=\"index, follow, max-snippet:-1, max-image-preview:large, max-video-preview:-1\" \/>\n<link rel=\"canonical\" href=\"https:\/\/www.organisator.ch\/it\/eccellenza-operativa\/2022-11-24\/wirtschaftliche-grundversorgung-im-krisenfall-weitgehend-gewaehrleistet\/\" \/>\n<meta property=\"og:locale\" content=\"it_IT\" \/>\n<meta property=\"og:type\" content=\"article\" \/>\n<meta property=\"og:title\" content=\"Wirtschaftliche Grundversorgung im Krisenfall weitgehend gew\u00e4hrleistet - Organisator\" \/>\n<meta property=\"og:description\" content=\"Deloitte Resilienz-Barometer 2023: Schweizer Wirtschaft zeigt Schwachstellen und St\u00e4rken in Krisenzeiten. Logistik st\u00e4rken.\" \/>\n<meta property=\"og:url\" content=\"https:\/\/www.organisator.ch\/it\/eccellenza-operativa\/2022-11-24\/wirtschaftliche-grundversorgung-im-krisenfall-weitgehend-gewaehrleistet\/\" \/>\n<meta property=\"og:site_name\" content=\"Organisator\" \/>\n<meta property=\"article:publisher\" content=\"https:\/\/www.facebook.com\/OrganisatorFachmagazin\" \/>\n<meta property=\"article:published_time\" content=\"2022-11-24T12:30:50+00:00\" \/>\n<meta property=\"article:modified_time\" content=\"2024-11-20T08:09:05+00:00\" \/>\n<meta name=\"author\" content=\"galledia\" \/>\n<meta name=\"twitter:card\" content=\"summary_large_image\" \/>\n<meta name=\"twitter:creator\" content=\"@admin\" \/>\n<script type=\"application\/ld+json\" class=\"yoast-schema-graph\">{\"@context\":\"https:\\\/\\\/schema.org\",\"@graph\":[{\"@type\":\"Article\",\"@id\":\"https:\\\/\\\/www.organisator.ch\\\/operational-excellence\\\/2022-11-24\\\/wirtschaftliche-grundversorgung-im-krisenfall-weitgehend-gewaehrleistet\\\/#article\",\"isPartOf\":{\"@id\":\"https:\\\/\\\/www.organisator.ch\\\/operational-excellence\\\/2022-11-24\\\/wirtschaftliche-grundversorgung-im-krisenfall-weitgehend-gewaehrleistet\\\/\"},\"author\":{\"name\":\"galledia\",\"@id\":\"https:\\\/\\\/www.organisator.ch\\\/#\\\/schema\\\/person\\\/4e51799071cd2dd1232ac003643ef5f0\"},\"headline\":\"Wirtschaftliche Grundversorgung im Krisenfall weitgehend gew\u00e4hrleistet\",\"datePublished\":\"2022-11-24T12:30:50+00:00\",\"dateModified\":\"2024-11-20T08:09:05+00:00\",\"mainEntityOfPage\":{\"@id\":\"https:\\\/\\\/www.organisator.ch\\\/operational-excellence\\\/2022-11-24\\\/wirtschaftliche-grundversorgung-im-krisenfall-weitgehend-gewaehrleistet\\\/\"},\"wordCount\":788,\"publisher\":{\"@id\":\"https:\\\/\\\/www.organisator.ch\\\/#organization\"},\"image\":{\"@id\":\"https:\\\/\\\/www.organisator.ch\\\/operational-excellence\\\/2022-11-24\\\/wirtschaftliche-grundversorgung-im-krisenfall-weitgehend-gewaehrleistet\\\/#primaryimage\"},\"thumbnailUrl\":\"https:\\\/\\\/www.m-q.ch\\\/wp-content\\\/uploads\\\/2022\\\/11\\\/Wirtschaftliche-Grundversorgung-im-Krisenfall-weitgehend-gewaehrleistet-1_MQ.jpg\",\"keywords\":[\"Grundversorgung\"],\"articleSection\":[\"OPERATIONAL EXCELLENCE\"],\"inLanguage\":\"it-IT\"},{\"@type\":\"WebPage\",\"@id\":\"https:\\\/\\\/www.organisator.ch\\\/operational-excellence\\\/2022-11-24\\\/wirtschaftliche-grundversorgung-im-krisenfall-weitgehend-gewaehrleistet\\\/\",\"url\":\"https:\\\/\\\/www.organisator.ch\\\/operational-excellence\\\/2022-11-24\\\/wirtschaftliche-grundversorgung-im-krisenfall-weitgehend-gewaehrleistet\\\/\",\"name\":\"Wirtschaftliche Grundversorgung im Krisenfall weitgehend gew\u00e4hrleistet - Organisator\",\"isPartOf\":{\"@id\":\"https:\\\/\\\/www.organisator.ch\\\/#website\"},\"primaryImageOfPage\":{\"@id\":\"https:\\\/\\\/www.organisator.ch\\\/operational-excellence\\\/2022-11-24\\\/wirtschaftliche-grundversorgung-im-krisenfall-weitgehend-gewaehrleistet\\\/#primaryimage\"},\"image\":{\"@id\":\"https:\\\/\\\/www.organisator.ch\\\/operational-excellence\\\/2022-11-24\\\/wirtschaftliche-grundversorgung-im-krisenfall-weitgehend-gewaehrleistet\\\/#primaryimage\"},\"thumbnailUrl\":\"https:\\\/\\\/www.m-q.ch\\\/wp-content\\\/uploads\\\/2022\\\/11\\\/Wirtschaftliche-Grundversorgung-im-Krisenfall-weitgehend-gewaehrleistet-1_MQ.jpg\",\"datePublished\":\"2022-11-24T12:30:50+00:00\",\"dateModified\":\"2024-11-20T08:09:05+00:00\",\"description\":\"Deloitte Resilienz-Barometer 2023: Schweizer Wirtschaft zeigt Schwachstellen und St\u00e4rken in Krisenzeiten. Logistik st\u00e4rken.\",\"breadcrumb\":{\"@id\":\"https:\\\/\\\/www.organisator.ch\\\/operational-excellence\\\/2022-11-24\\\/wirtschaftliche-grundversorgung-im-krisenfall-weitgehend-gewaehrleistet\\\/#breadcrumb\"},\"inLanguage\":\"it-IT\",\"potentialAction\":[{\"@type\":\"ReadAction\",\"target\":[\"https:\\\/\\\/www.organisator.ch\\\/operational-excellence\\\/2022-11-24\\\/wirtschaftliche-grundversorgung-im-krisenfall-weitgehend-gewaehrleistet\\\/\"]}]},{\"@type\":\"ImageObject\",\"inLanguage\":\"it-IT\",\"@id\":\"https:\\\/\\\/www.organisator.ch\\\/operational-excellence\\\/2022-11-24\\\/wirtschaftliche-grundversorgung-im-krisenfall-weitgehend-gewaehrleistet\\\/#primaryimage\",\"url\":\"https:\\\/\\\/www.m-q.ch\\\/wp-content\\\/uploads\\\/2022\\\/11\\\/Wirtschaftliche-Grundversorgung-im-Krisenfall-weitgehend-gewaehrleistet-1_MQ.jpg\",\"contentUrl\":\"https:\\\/\\\/www.m-q.ch\\\/wp-content\\\/uploads\\\/2022\\\/11\\\/Wirtschaftliche-Grundversorgung-im-Krisenfall-weitgehend-gewaehrleistet-1_MQ.jpg\"},{\"@type\":\"BreadcrumbList\",\"@id\":\"https:\\\/\\\/www.organisator.ch\\\/operational-excellence\\\/2022-11-24\\\/wirtschaftliche-grundversorgung-im-krisenfall-weitgehend-gewaehrleistet\\\/#breadcrumb\",\"itemListElement\":[{\"@type\":\"ListItem\",\"position\":1,\"name\":\"Home\",\"item\":\"https:\\\/\\\/www.organisator.ch\\\/\"},{\"@type\":\"ListItem\",\"position\":2,\"name\":\"Wirtschaftliche Grundversorgung im Krisenfall weitgehend gew\u00e4hrleistet\"}]},{\"@type\":\"WebSite\",\"@id\":\"https:\\\/\\\/www.organisator.ch\\\/#website\",\"url\":\"https:\\\/\\\/www.organisator.ch\\\/\",\"name\":\"Organisator\",\"description\":\"Kompetent. Praxisnah. Der ORGANISATOR bereitet in 10 Ausgaben pro Jahr die wesentlichen Themen f\u00fcr F\u00fchrungskr\u00e4fte von KMU auf.\",\"publisher\":{\"@id\":\"https:\\\/\\\/www.organisator.ch\\\/#organization\"},\"potentialAction\":[{\"@type\":\"SearchAction\",\"target\":{\"@type\":\"EntryPoint\",\"urlTemplate\":\"https:\\\/\\\/www.organisator.ch\\\/?s={search_term_string}\"},\"query-input\":{\"@type\":\"PropertyValueSpecification\",\"valueRequired\":true,\"valueName\":\"search_term_string\"}}],\"inLanguage\":\"it-IT\"},{\"@type\":\"Organization\",\"@id\":\"https:\\\/\\\/www.organisator.ch\\\/#organization\",\"name\":\"Organisator\",\"url\":\"https:\\\/\\\/www.organisator.ch\\\/\",\"logo\":{\"@type\":\"ImageObject\",\"inLanguage\":\"it-IT\",\"@id\":\"https:\\\/\\\/www.organisator.ch\\\/#\\\/schema\\\/logo\\\/image\\\/\",\"url\":\"https:\\\/\\\/www.organisator.ch\\\/wp-content\\\/uploads\\\/2022\\\/01\\\/Logo_Organisator_Website.png\",\"contentUrl\":\"https:\\\/\\\/www.organisator.ch\\\/wp-content\\\/uploads\\\/2022\\\/01\\\/Logo_Organisator_Website.png\",\"width\":800,\"height\":77,\"caption\":\"Organisator\"},\"image\":{\"@id\":\"https:\\\/\\\/www.organisator.ch\\\/#\\\/schema\\\/logo\\\/image\\\/\"},\"sameAs\":[\"https:\\\/\\\/www.facebook.com\\\/OrganisatorFachmagazin\",\"https:\\\/\\\/www.linkedin.com\\\/showcase\\\/organisator-das-magazin-fr-kmu\",\"https:\\\/\\\/www.xing.com\\\/news\\\/pages\\\/organisator-ch-695\",\"https:\\\/\\\/www.youtube.com\\\/channel\\\/UCGP2Sq0iWaZwT3BdIAQFYpw\"]},{\"@type\":\"Person\",\"@id\":\"https:\\\/\\\/www.organisator.ch\\\/#\\\/schema\\\/person\\\/4e51799071cd2dd1232ac003643ef5f0\",\"name\":\"galledia\",\"image\":{\"@type\":\"ImageObject\",\"inLanguage\":\"it-IT\",\"@id\":\"https:\\\/\\\/secure.gravatar.com\\\/avatar\\\/78a7f90c01fc2bfc875782a0d4922b37cde2cf184ce347b91316d23cd7f69a36?s=96&d=mm&r=g\",\"url\":\"https:\\\/\\\/secure.gravatar.com\\\/avatar\\\/78a7f90c01fc2bfc875782a0d4922b37cde2cf184ce347b91316d23cd7f69a36?s=96&d=mm&r=g\",\"contentUrl\":\"https:\\\/\\\/secure.gravatar.com\\\/avatar\\\/78a7f90c01fc2bfc875782a0d4922b37cde2cf184ce347b91316d23cd7f69a36?s=96&d=mm&r=g\",\"caption\":\"galledia\"},\"sameAs\":[\"https:\\\/\\\/x.com\\\/admin\"],\"url\":\"https:\\\/\\\/www.organisator.ch\\\/it\\\/author\\\/galledia\\\/\"}]}<\/script>\n<!-- \/ Yoast SEO plugin. -->","yoast_head_json":{"title":"L'approvvigionamento economico di base \u00e8 ampiamente garantito in caso di crisi - Organizzatore","description":"Barometro della resilienza Deloitte 2023: L'economia svizzera mostra debolezze e punti di forza in tempi di crisi. Rafforzare la logistica.","robots":{"index":"index","follow":"follow","max-snippet":"max-snippet:-1","max-image-preview":"max-image-preview:large","max-video-preview":"max-video-preview:-1"},"canonical":"https:\/\/www.organisator.ch\/it\/eccellenza-operativa\/2022-11-24\/wirtschaftliche-grundversorgung-im-krisenfall-weitgehend-gewaehrleistet\/","og_locale":"it_IT","og_type":"article","og_title":"Wirtschaftliche Grundversorgung im Krisenfall weitgehend gew\u00e4hrleistet - Organisator","og_description":"Deloitte Resilienz-Barometer 2023: Schweizer Wirtschaft zeigt Schwachstellen und St\u00e4rken in Krisenzeiten. Logistik st\u00e4rken.","og_url":"https:\/\/www.organisator.ch\/it\/eccellenza-operativa\/2022-11-24\/wirtschaftliche-grundversorgung-im-krisenfall-weitgehend-gewaehrleistet\/","og_site_name":"Organisator","article_publisher":"https:\/\/www.facebook.com\/OrganisatorFachmagazin","article_published_time":"2022-11-24T12:30:50+00:00","article_modified_time":"2024-11-20T08:09:05+00:00","author":"galledia","twitter_card":"summary_large_image","twitter_creator":"@admin","schema":{"@context":"https:\/\/schema.org","@graph":[{"@type":"Article","@id":"https:\/\/www.organisator.ch\/operational-excellence\/2022-11-24\/wirtschaftliche-grundversorgung-im-krisenfall-weitgehend-gewaehrleistet\/#article","isPartOf":{"@id":"https:\/\/www.organisator.ch\/operational-excellence\/2022-11-24\/wirtschaftliche-grundversorgung-im-krisenfall-weitgehend-gewaehrleistet\/"},"author":{"name":"galledia","@id":"https:\/\/www.organisator.ch\/#\/schema\/person\/4e51799071cd2dd1232ac003643ef5f0"},"headline":"Wirtschaftliche Grundversorgung im Krisenfall weitgehend gew\u00e4hrleistet","datePublished":"2022-11-24T12:30:50+00:00","dateModified":"2024-11-20T08:09:05+00:00","mainEntityOfPage":{"@id":"https:\/\/www.organisator.ch\/operational-excellence\/2022-11-24\/wirtschaftliche-grundversorgung-im-krisenfall-weitgehend-gewaehrleistet\/"},"wordCount":788,"publisher":{"@id":"https:\/\/www.organisator.ch\/#organization"},"image":{"@id":"https:\/\/www.organisator.ch\/operational-excellence\/2022-11-24\/wirtschaftliche-grundversorgung-im-krisenfall-weitgehend-gewaehrleistet\/#primaryimage"},"thumbnailUrl":"https:\/\/www.m-q.ch\/wp-content\/uploads\/2022\/11\/Wirtschaftliche-Grundversorgung-im-Krisenfall-weitgehend-gewaehrleistet-1_MQ.jpg","keywords":["Grundversorgung"],"articleSection":["OPERATIONAL EXCELLENCE"],"inLanguage":"it-IT"},{"@type":"WebPage","@id":"https:\/\/www.organisator.ch\/operational-excellence\/2022-11-24\/wirtschaftliche-grundversorgung-im-krisenfall-weitgehend-gewaehrleistet\/","url":"https:\/\/www.organisator.ch\/operational-excellence\/2022-11-24\/wirtschaftliche-grundversorgung-im-krisenfall-weitgehend-gewaehrleistet\/","name":"L'approvvigionamento economico di base \u00e8 ampiamente garantito in caso di crisi - Organizzatore","isPartOf":{"@id":"https:\/\/www.organisator.ch\/#website"},"primaryImageOfPage":{"@id":"https:\/\/www.organisator.ch\/operational-excellence\/2022-11-24\/wirtschaftliche-grundversorgung-im-krisenfall-weitgehend-gewaehrleistet\/#primaryimage"},"image":{"@id":"https:\/\/www.organisator.ch\/operational-excellence\/2022-11-24\/wirtschaftliche-grundversorgung-im-krisenfall-weitgehend-gewaehrleistet\/#primaryimage"},"thumbnailUrl":"https:\/\/www.m-q.ch\/wp-content\/uploads\/2022\/11\/Wirtschaftliche-Grundversorgung-im-Krisenfall-weitgehend-gewaehrleistet-1_MQ.jpg","datePublished":"2022-11-24T12:30:50+00:00","dateModified":"2024-11-20T08:09:05+00:00","description":"Barometro della resilienza Deloitte 2023: L'economia svizzera mostra debolezze e punti di forza in tempi di crisi. Rafforzare la logistica.","breadcrumb":{"@id":"https:\/\/www.organisator.ch\/operational-excellence\/2022-11-24\/wirtschaftliche-grundversorgung-im-krisenfall-weitgehend-gewaehrleistet\/#breadcrumb"},"inLanguage":"it-IT","potentialAction":[{"@type":"ReadAction","target":["https:\/\/www.organisator.ch\/operational-excellence\/2022-11-24\/wirtschaftliche-grundversorgung-im-krisenfall-weitgehend-gewaehrleistet\/"]}]},{"@type":"ImageObject","inLanguage":"it-IT","@id":"https:\/\/www.organisator.ch\/operational-excellence\/2022-11-24\/wirtschaftliche-grundversorgung-im-krisenfall-weitgehend-gewaehrleistet\/#primaryimage","url":"https:\/\/www.m-q.ch\/wp-content\/uploads\/2022\/11\/Wirtschaftliche-Grundversorgung-im-Krisenfall-weitgehend-gewaehrleistet-1_MQ.jpg","contentUrl":"https:\/\/www.m-q.ch\/wp-content\/uploads\/2022\/11\/Wirtschaftliche-Grundversorgung-im-Krisenfall-weitgehend-gewaehrleistet-1_MQ.jpg"},{"@type":"BreadcrumbList","@id":"https:\/\/www.organisator.ch\/operational-excellence\/2022-11-24\/wirtschaftliche-grundversorgung-im-krisenfall-weitgehend-gewaehrleistet\/#breadcrumb","itemListElement":[{"@type":"ListItem","position":1,"name":"Home","item":"https:\/\/www.organisator.ch\/"},{"@type":"ListItem","position":2,"name":"Wirtschaftliche Grundversorgung im Krisenfall weitgehend gew\u00e4hrleistet"}]},{"@type":"WebSite","@id":"https:\/\/www.organisator.ch\/#website","url":"https:\/\/www.organisator.ch\/","name":"Organizzatore","description":"Competente. Pratico. In 10 numeri all'anno, ORGANISATOR presenta i temi essenziali per i manager delle PMI.","publisher":{"@id":"https:\/\/www.organisator.ch\/#organization"},"potentialAction":[{"@type":"SearchAction","target":{"@type":"EntryPoint","urlTemplate":"https:\/\/www.organisator.ch\/?s={search_term_string}"},"query-input":{"@type":"PropertyValueSpecification","valueRequired":true,"valueName":"search_term_string"}}],"inLanguage":"it-IT"},{"@type":"Organization","@id":"https:\/\/www.organisator.ch\/#organization","name":"Organizzatore","url":"https:\/\/www.organisator.ch\/","logo":{"@type":"ImageObject","inLanguage":"it-IT","@id":"https:\/\/www.organisator.ch\/#\/schema\/logo\/image\/","url":"https:\/\/www.organisator.ch\/wp-content\/uploads\/2022\/01\/Logo_Organisator_Website.png","contentUrl":"https:\/\/www.organisator.ch\/wp-content\/uploads\/2022\/01\/Logo_Organisator_Website.png","width":800,"height":77,"caption":"Organisator"},"image":{"@id":"https:\/\/www.organisator.ch\/#\/schema\/logo\/image\/"},"sameAs":["https:\/\/www.facebook.com\/OrganisatorFachmagazin","https:\/\/www.linkedin.com\/showcase\/organisator-das-magazin-fr-kmu","https:\/\/www.xing.com\/news\/pages\/organisator-ch-695","https:\/\/www.youtube.com\/channel\/UCGP2Sq0iWaZwT3BdIAQFYpw"]},{"@type":"Person","@id":"https:\/\/www.organisator.ch\/#\/schema\/person\/4e51799071cd2dd1232ac003643ef5f0","name":"galledia","image":{"@type":"ImageObject","inLanguage":"it-IT","@id":"https:\/\/secure.gravatar.com\/avatar\/78a7f90c01fc2bfc875782a0d4922b37cde2cf184ce347b91316d23cd7f69a36?s=96&d=mm&r=g","url":"https:\/\/secure.gravatar.com\/avatar\/78a7f90c01fc2bfc875782a0d4922b37cde2cf184ce347b91316d23cd7f69a36?s=96&d=mm&r=g","contentUrl":"https:\/\/secure.gravatar.com\/avatar\/78a7f90c01fc2bfc875782a0d4922b37cde2cf184ce347b91316d23cd7f69a36?s=96&d=mm&r=g","caption":"galledia"},"sameAs":["https:\/\/x.com\/admin"],"url":"https:\/\/www.organisator.ch\/it\/author\/galledia\/"}]}},"_links":{"self":[{"href":"https:\/\/www.organisator.ch\/it\/wp-json\/wp\/v2\/posts\/17923","targetHints":{"allow":["GET"]}}],"collection":[{"href":"https:\/\/www.organisator.ch\/it\/wp-json\/wp\/v2\/posts"}],"about":[{"href":"https:\/\/www.organisator.ch\/it\/wp-json\/wp\/v2\/types\/post"}],"author":[{"embeddable":true,"href":"https:\/\/www.organisator.ch\/it\/wp-json\/wp\/v2\/users\/8"}],"replies":[{"embeddable":true,"href":"https:\/\/www.organisator.ch\/it\/wp-json\/wp\/v2\/comments?post=17923"}],"version-history":[{"count":4,"href":"https:\/\/www.organisator.ch\/it\/wp-json\/wp\/v2\/posts\/17923\/revisions"}],"predecessor-version":[{"id":33606,"href":"https:\/\/www.organisator.ch\/it\/wp-json\/wp\/v2\/posts\/17923\/revisions\/33606"}],"wp:attachment":[{"href":"https:\/\/www.organisator.ch\/it\/wp-json\/wp\/v2\/media?parent=17923"}],"wp:term":[{"taxonomy":"category","embeddable":true,"href":"https:\/\/www.organisator.ch\/it\/wp-json\/wp\/v2\/categories?post=17923"},{"taxonomy":"post_tag","embeddable":true,"href":"https:\/\/www.organisator.ch\/it\/wp-json\/wp\/v2\/tags?post=17923"}],"curies":[{"name":"wp","href":"https:\/\/api.w.org\/{rel}","templated":true}]}}