{"id":17934,"date":"2022-11-25T10:09:14","date_gmt":"2022-11-25T09:09:14","guid":{"rendered":"https:\/\/www.organisator.ch\/?p=17934"},"modified":"2022-11-25T10:09:14","modified_gmt":"2022-11-25T09:09:14","slug":"valentin-vogt-tritt-als-arbeitgeber-praesident-zurueck","status":"publish","type":"post","link":"https:\/\/www.organisator.ch\/it\/management\/2022-11-25\/valentin-vogt-tritt-als-arbeitgeber-praesident-zurueck\/","title":{"rendered":"Valentin Vogt si dimette da Presidente del datore di lavoro"},"content":{"rendered":"<figure id=\"attachment_17935\" aria-describedby=\"caption-attachment-17935\" style=\"width: 680px\" class=\"wp-caption alignnone\"><img loading=\"lazy\" decoding=\"async\" class=\"size-full wp-image-17935\" src=\"https:\/\/www.organisator.ch\/wp-content\/uploads\/2022\/11\/Valentin-Vogt-tritt-als-Arbeitgeber-Praesident-zurueck-1_Organisator.jpg\" alt=\"\" width=\"680\" height=\"453\" srcset=\"https:\/\/www.organisator.ch\/wp-content\/uploads\/2022\/11\/Valentin-Vogt-tritt-als-Arbeitgeber-Praesident-zurueck-1_Organisator.jpg 680w, https:\/\/www.organisator.ch\/wp-content\/uploads\/2022\/11\/Valentin-Vogt-tritt-als-Arbeitgeber-Praesident-zurueck-1_Organisator-18x12.jpg 18w, https:\/\/www.organisator.ch\/wp-content\/uploads\/2022\/11\/Valentin-Vogt-tritt-als-Arbeitgeber-Praesident-zurueck-1_Organisator-375x250.jpg 375w, https:\/\/www.organisator.ch\/wp-content\/uploads\/2022\/11\/Valentin-Vogt-tritt-als-Arbeitgeber-Praesident-zurueck-1_Organisator-525x350.jpg 525w\" sizes=\"auto, (max-width: 680px) 100vw, 680px\" \/><figcaption id=\"caption-attachment-17935\" class=\"wp-caption-text\">Valentin Vogt lascia la carica di Presidente dei datori di lavoro. (Immagine: Confederazione svizzera dei datori di lavoro)<\/figcaption><\/figure>\n<p>Valentin Vogt ha deciso di cedere la presidenza dell'Associazione svizzera dei datori di lavoro (SAV) alla prossima assemblea generale del 27 giugno 2023. Vogt \u00e8 presidente della SAV dal luglio 2011. Questo \u00e8 stato annunciato dall'associazione il 25 novembre 2022. Valentin Vogt vuole ritirarsi in gran parte dalla scena pubblica: \"Dopo 12 anni, \u00e8 giunto il momento di lasciare la presidenza. Questo \u00e8 un altro passo del mio progetto di ritirarmi dai miei uffici e dalle mie funzioni pubbliche nei prossimi anni. Non vedo l'ora di potermi concentrare maggiormente sulle mie attivit\u00e0 imprenditoriali e sui miei mandati in consiglio di amministrazione presso societ\u00e0 non quotate\", spiega nel comunicato stampa. Durante la sua presidenza, l'associazione dei datori di lavoro \u00e8 stata riposizionata e ha acquisito un notevole peso, ha dichiarato l'associazione nel suo apprezzamento.<\/p>\n<p>Le disposizioni per la successione del Presidente dei datori di lavoro sono gi\u00e0 in corso. Il Comitato esecutivo della SAV propone Severin Moser per l'elezione a nuovo Presidente del Comitato esecutivo all'attenzione dell'Assemblea generale. L'elezione di Severin Moser avverr\u00e0 in occasione della prossima Giornata dei datori di lavoro, l'assemblea annuale dell'AVS, il 27 giugno 2023. Con Severin Moser, per la prima volta nella storia dell'Associazione svizzera dei datori di lavoro, verr\u00e0 proposto per l'elezione un candidato con un background professionale nel settore dei servizi in crescita.<\/p>\n<figure id=\"attachment_17936\" aria-describedby=\"caption-attachment-17936\" style=\"width: 680px\" class=\"wp-caption alignnone\"><img loading=\"lazy\" decoding=\"async\" class=\"size-full wp-image-17936\" src=\"https:\/\/www.organisator.ch\/wp-content\/uploads\/2022\/11\/Valentin-Vogt-tritt-als-Arbeitgeber-Praesident-zurueck-2_Organisator.jpg\" alt=\"\" width=\"680\" height=\"453\" srcset=\"https:\/\/www.organisator.ch\/wp-content\/uploads\/2022\/11\/Valentin-Vogt-tritt-als-Arbeitgeber-Praesident-zurueck-2_Organisator.jpg 680w, https:\/\/www.organisator.ch\/wp-content\/uploads\/2022\/11\/Valentin-Vogt-tritt-als-Arbeitgeber-Praesident-zurueck-2_Organisator-18x12.jpg 18w, https:\/\/www.organisator.ch\/wp-content\/uploads\/2022\/11\/Valentin-Vogt-tritt-als-Arbeitgeber-Praesident-zurueck-2_Organisator-375x250.jpg 375w, https:\/\/www.organisator.ch\/wp-content\/uploads\/2022\/11\/Valentin-Vogt-tritt-als-Arbeitgeber-Praesident-zurueck-2_Organisator-525x350.jpg 525w\" sizes=\"auto, (max-width: 680px) 100vw, 680px\" \/><figcaption id=\"caption-attachment-17936\" class=\"wp-caption-text\">Proposto come nuovo Presidente: Severin Moser. (Foto: Pohlmann \/ Allianz)<\/figcaption><\/figure>\n<p>L'economista sessantenne Severin Moser vanta una lunga esperienza come CEO e membro del consiglio di amministrazione nel settore assicurativo ed \u00e8 stato CEO di Allianz Versicherungen Schweiz e membro del consiglio di amministrazione dell'Associazione Svizzera di Assicurazioni fino alla fine del 2021. Severin Moser conosce molto bene l'Associazione svizzera dei datori di lavoro e i suoi temi principali, essendo stato per 5 anni membro del Comitato direttivo della SAV. \"Oltre al mio lavoro come membro del consiglio di amministrazione, vorrei impegnarmi maggiormente nella politica dei datori di lavoro e lavorare per ottenere buone condizioni quadro per l'economia svizzera e per un partenariato sociale sostenibile\", spiega Moser.<\/p>\n<p><em>Fonte: <a href=\"http:\/\/www.arbeitgeber.ch\">Confederazione svizzera dei datori di lavoro<\/a><\/em><\/p>","protected":false},"excerpt":{"rendered":"<p>Valentin Vogt hat sich entschieden, das Pr\u00e4sidium des Schweizerischen Arbeitgeberverbandes (SAV) an der n\u00e4chsten Mitgliederversammlung am 27. Juni 2023 abzugeben. Vogt ist seit Juli 2011 Pr\u00e4sident des SAV. Dies teilte der Verband am 25. November 2022 mit. Valentin Vogt will sich weitgehend aus der \u00d6ffentlichkeit zur\u00fcckziehen: \u00abNach 12 Jahren ist es Zeit, das Pr\u00e4sidentenamt weiterzugeben. [&hellip;]<\/p>\n","protected":false},"author":4,"featured_media":17935,"comment_status":"closed","ping_status":"closed","sticky":false,"template":"","format":"standard","meta":{"_acf_changed":false,"_yoast_wpseo_focuskw":"Valentin Vogt","_yoast_wpseo_metadesc":"Valentin Vogt hat sich entschieden, das Pr\u00e4sidium des Schweizerischen Arbeitgeberverbandes (SAV) Ende Juni 2023 abzugeben.","articlekey":"","footnotes":""},"categories":[28],"tags":[334,381,503],"class_list":["post-17934","post","type-post","status-publish","format-standard","has-post-thumbnail","hentry","category-management","tag-management","tag-personalia","tag-verbaende"],"acf":[],"yoast_head":"<!-- This site is optimized with the Yoast SEO plugin v27.4 - https:\/\/yoast.com\/product\/yoast-seo-wordpress\/ -->\n<title>Valentin Vogt tritt als Arbeitgeber-Pr\u00e4sident zur\u00fcck - Organisator<\/title>\n<meta name=\"description\" content=\"Valentin Vogt hat sich entschieden, das Pr\u00e4sidium des Schweizerischen Arbeitgeberverbandes (SAV) Ende Juni 2023 abzugeben.\" \/>\n<meta name=\"robots\" content=\"index, follow, max-snippet:-1, max-image-preview:large, max-video-preview:-1\" \/>\n<link rel=\"canonical\" href=\"https:\/\/www.organisator.ch\/it\/gestione-2\/2022-11-25\/valentin-vogt-tritt-als-arbeitgeber-praesident-zurueck\/\" \/>\n<meta property=\"og:locale\" content=\"it_IT\" \/>\n<meta property=\"og:type\" content=\"article\" \/>\n<meta property=\"og:title\" content=\"Valentin Vogt tritt als Arbeitgeber-Pr\u00e4sident zur\u00fcck\" \/>\n<meta property=\"og:description\" content=\"Valentin Vogt hat sich entschieden, das Pr\u00e4sidium des Schweizerischen Arbeitgeberverbandes (SAV) Ende Juni 2023 abzugeben.\" \/>\n<meta property=\"og:url\" content=\"https:\/\/www.organisator.ch\/it\/gestione-2\/2022-11-25\/valentin-vogt-tritt-als-arbeitgeber-praesident-zurueck\/\" \/>\n<meta property=\"og:site_name\" content=\"Organisator\" \/>\n<meta property=\"article:publisher\" content=\"https:\/\/www.facebook.com\/OrganisatorFachmagazin\" \/>\n<meta property=\"article:published_time\" content=\"2022-11-25T09:09:14+00:00\" \/>\n<meta property=\"og:image\" content=\"https:\/\/www.organisator.ch\/wp-content\/uploads\/2022\/11\/Valentin-Vogt-tritt-als-Arbeitgeber-Praesident-zurueck-1_Organisator.jpg\" \/>\n\t<meta property=\"og:image:width\" content=\"680\" \/>\n\t<meta property=\"og:image:height\" content=\"453\" \/>\n\t<meta property=\"og:image:type\" content=\"image\/jpeg\" \/>\n<meta name=\"author\" content=\"thomas.berner\" \/>\n<meta name=\"twitter:card\" content=\"summary_large_image\" \/>\n<meta name=\"twitter:title\" content=\"Valentin #Vogt tritt als #Arbeitgeber-Pr\u00e4sident zur\u00fcck\" \/>\n<meta name=\"twitter:description\" content=\"Valentin #Vogt hat sich entschieden, das Pr\u00e4sidium des Schweizerischen Arbeitgeberverbandes (#SAV) Ende Juni 2023 abzugeben.\" \/>\n<meta name=\"twitter:image\" content=\"https:\/\/www.organisator.ch\/wp-content\/uploads\/2022\/11\/Valentin-Vogt-tritt-als-Arbeitgeber-Praesident-zurueck-1_Organisator.jpg\" \/>\n<script type=\"application\/ld+json\" class=\"yoast-schema-graph\">{\"@context\":\"https:\\\/\\\/schema.org\",\"@graph\":[{\"@type\":\"Article\",\"@id\":\"https:\\\/\\\/www.organisator.ch\\\/management\\\/2022-11-25\\\/valentin-vogt-tritt-als-arbeitgeber-praesident-zurueck\\\/#article\",\"isPartOf\":{\"@id\":\"https:\\\/\\\/www.organisator.ch\\\/management\\\/2022-11-25\\\/valentin-vogt-tritt-als-arbeitgeber-praesident-zurueck\\\/\"},\"author\":{\"name\":\"thomas.berner\",\"@id\":\"https:\\\/\\\/www.organisator.ch\\\/#\\\/schema\\\/person\\\/6f650f90b2842cd4c0cc334b4e36f67e\"},\"headline\":\"Valentin Vogt tritt als Arbeitgeber-Pr\u00e4sident zur\u00fcck\",\"datePublished\":\"2022-11-25T09:09:14+00:00\",\"mainEntityOfPage\":{\"@id\":\"https:\\\/\\\/www.organisator.ch\\\/management\\\/2022-11-25\\\/valentin-vogt-tritt-als-arbeitgeber-praesident-zurueck\\\/\"},\"wordCount\":332,\"publisher\":{\"@id\":\"https:\\\/\\\/www.organisator.ch\\\/#organization\"},\"image\":{\"@id\":\"https:\\\/\\\/www.organisator.ch\\\/management\\\/2022-11-25\\\/valentin-vogt-tritt-als-arbeitgeber-praesident-zurueck\\\/#primaryimage\"},\"thumbnailUrl\":\"https:\\\/\\\/www.organisator.ch\\\/wp-content\\\/uploads\\\/2022\\\/11\\\/Valentin-Vogt-tritt-als-Arbeitgeber-Praesident-zurueck-1_Organisator.jpg\",\"keywords\":[\"Management\",\"Personalia\",\"Verb\u00e4nde\"],\"articleSection\":[\"MANAGEMENT\"],\"inLanguage\":\"it-IT\"},{\"@type\":\"WebPage\",\"@id\":\"https:\\\/\\\/www.organisator.ch\\\/management\\\/2022-11-25\\\/valentin-vogt-tritt-als-arbeitgeber-praesident-zurueck\\\/\",\"url\":\"https:\\\/\\\/www.organisator.ch\\\/management\\\/2022-11-25\\\/valentin-vogt-tritt-als-arbeitgeber-praesident-zurueck\\\/\",\"name\":\"Valentin Vogt tritt als Arbeitgeber-Pr\u00e4sident zur\u00fcck - Organisator\",\"isPartOf\":{\"@id\":\"https:\\\/\\\/www.organisator.ch\\\/#website\"},\"primaryImageOfPage\":{\"@id\":\"https:\\\/\\\/www.organisator.ch\\\/management\\\/2022-11-25\\\/valentin-vogt-tritt-als-arbeitgeber-praesident-zurueck\\\/#primaryimage\"},\"image\":{\"@id\":\"https:\\\/\\\/www.organisator.ch\\\/management\\\/2022-11-25\\\/valentin-vogt-tritt-als-arbeitgeber-praesident-zurueck\\\/#primaryimage\"},\"thumbnailUrl\":\"https:\\\/\\\/www.organisator.ch\\\/wp-content\\\/uploads\\\/2022\\\/11\\\/Valentin-Vogt-tritt-als-Arbeitgeber-Praesident-zurueck-1_Organisator.jpg\",\"datePublished\":\"2022-11-25T09:09:14+00:00\",\"description\":\"Valentin Vogt hat sich entschieden, das Pr\u00e4sidium des Schweizerischen Arbeitgeberverbandes (SAV) Ende Juni 2023 abzugeben.\",\"breadcrumb\":{\"@id\":\"https:\\\/\\\/www.organisator.ch\\\/management\\\/2022-11-25\\\/valentin-vogt-tritt-als-arbeitgeber-praesident-zurueck\\\/#breadcrumb\"},\"inLanguage\":\"it-IT\",\"potentialAction\":[{\"@type\":\"ReadAction\",\"target\":[\"https:\\\/\\\/www.organisator.ch\\\/management\\\/2022-11-25\\\/valentin-vogt-tritt-als-arbeitgeber-praesident-zurueck\\\/\"]}]},{\"@type\":\"ImageObject\",\"inLanguage\":\"it-IT\",\"@id\":\"https:\\\/\\\/www.organisator.ch\\\/management\\\/2022-11-25\\\/valentin-vogt-tritt-als-arbeitgeber-praesident-zurueck\\\/#primaryimage\",\"url\":\"https:\\\/\\\/www.organisator.ch\\\/wp-content\\\/uploads\\\/2022\\\/11\\\/Valentin-Vogt-tritt-als-Arbeitgeber-Praesident-zurueck-1_Organisator.jpg\",\"contentUrl\":\"https:\\\/\\\/www.organisator.ch\\\/wp-content\\\/uploads\\\/2022\\\/11\\\/Valentin-Vogt-tritt-als-Arbeitgeber-Praesident-zurueck-1_Organisator.jpg\",\"width\":680,\"height\":453,\"caption\":\"Valentin Vogt gibt sein Amt als Arbeitgeber-Pr\u00e4sident ab. (Bild: Schweizerischer Arbeitgeberverband)\"},{\"@type\":\"BreadcrumbList\",\"@id\":\"https:\\\/\\\/www.organisator.ch\\\/management\\\/2022-11-25\\\/valentin-vogt-tritt-als-arbeitgeber-praesident-zurueck\\\/#breadcrumb\",\"itemListElement\":[{\"@type\":\"ListItem\",\"position\":1,\"name\":\"Home\",\"item\":\"https:\\\/\\\/www.organisator.ch\\\/\"},{\"@type\":\"ListItem\",\"position\":2,\"name\":\"Valentin Vogt tritt als Arbeitgeber-Pr\u00e4sident zur\u00fcck\"}]},{\"@type\":\"WebSite\",\"@id\":\"https:\\\/\\\/www.organisator.ch\\\/#website\",\"url\":\"https:\\\/\\\/www.organisator.ch\\\/\",\"name\":\"Organisator\",\"description\":\"Kompetent. Praxisnah. Der ORGANISATOR bereitet in 10 Ausgaben pro Jahr die wesentlichen Themen f\u00fcr F\u00fchrungskr\u00e4fte von KMU auf.\",\"publisher\":{\"@id\":\"https:\\\/\\\/www.organisator.ch\\\/#organization\"},\"potentialAction\":[{\"@type\":\"SearchAction\",\"target\":{\"@type\":\"EntryPoint\",\"urlTemplate\":\"https:\\\/\\\/www.organisator.ch\\\/?s={search_term_string}\"},\"query-input\":{\"@type\":\"PropertyValueSpecification\",\"valueRequired\":true,\"valueName\":\"search_term_string\"}}],\"inLanguage\":\"it-IT\"},{\"@type\":\"Organization\",\"@id\":\"https:\\\/\\\/www.organisator.ch\\\/#organization\",\"name\":\"Organisator\",\"url\":\"https:\\\/\\\/www.organisator.ch\\\/\",\"logo\":{\"@type\":\"ImageObject\",\"inLanguage\":\"it-IT\",\"@id\":\"https:\\\/\\\/www.organisator.ch\\\/#\\\/schema\\\/logo\\\/image\\\/\",\"url\":\"https:\\\/\\\/www.organisator.ch\\\/wp-content\\\/uploads\\\/2022\\\/01\\\/Logo_Organisator_Website.png\",\"contentUrl\":\"https:\\\/\\\/www.organisator.ch\\\/wp-content\\\/uploads\\\/2022\\\/01\\\/Logo_Organisator_Website.png\",\"width\":800,\"height\":77,\"caption\":\"Organisator\"},\"image\":{\"@id\":\"https:\\\/\\\/www.organisator.ch\\\/#\\\/schema\\\/logo\\\/image\\\/\"},\"sameAs\":[\"https:\\\/\\\/www.facebook.com\\\/OrganisatorFachmagazin\",\"https:\\\/\\\/www.linkedin.com\\\/showcase\\\/organisator-das-magazin-fr-kmu\",\"https:\\\/\\\/www.xing.com\\\/news\\\/pages\\\/organisator-ch-695\",\"https:\\\/\\\/www.youtube.com\\\/channel\\\/UCGP2Sq0iWaZwT3BdIAQFYpw\"]},{\"@type\":\"Person\",\"@id\":\"https:\\\/\\\/www.organisator.ch\\\/#\\\/schema\\\/person\\\/6f650f90b2842cd4c0cc334b4e36f67e\",\"name\":\"thomas.berner\",\"image\":{\"@type\":\"ImageObject\",\"inLanguage\":\"it-IT\",\"@id\":\"https:\\\/\\\/secure.gravatar.com\\\/avatar\\\/ac5001d2a36cb6c6cd3e50789007ffca834b477b74a2144564522e944eabff61?s=96&d=mm&r=g\",\"url\":\"https:\\\/\\\/secure.gravatar.com\\\/avatar\\\/ac5001d2a36cb6c6cd3e50789007ffca834b477b74a2144564522e944eabff61?s=96&d=mm&r=g\",\"contentUrl\":\"https:\\\/\\\/secure.gravatar.com\\\/avatar\\\/ac5001d2a36cb6c6cd3e50789007ffca834b477b74a2144564522e944eabff61?s=96&d=mm&r=g\",\"caption\":\"thomas.berner\"},\"url\":\"https:\\\/\\\/www.organisator.ch\\\/it\\\/author\\\/thomas-berner\\\/\"}]}<\/script>\n<!-- \/ Yoast SEO plugin. -->","yoast_head_json":{"title":"Valentin Vogt si dimette da presidente del datore di lavoro - Organizzatore","description":"Valentin Vogt ha deciso di lasciare la presidenza dell'Associazione svizzera dei datori di lavoro (SAV) alla fine di giugno 2023.","robots":{"index":"index","follow":"follow","max-snippet":"max-snippet:-1","max-image-preview":"max-image-preview:large","max-video-preview":"max-video-preview:-1"},"canonical":"https:\/\/www.organisator.ch\/it\/gestione-2\/2022-11-25\/valentin-vogt-tritt-als-arbeitgeber-praesident-zurueck\/","og_locale":"it_IT","og_type":"article","og_title":"Valentin Vogt tritt als Arbeitgeber-Pr\u00e4sident zur\u00fcck","og_description":"Valentin Vogt hat sich entschieden, das Pr\u00e4sidium des Schweizerischen Arbeitgeberverbandes (SAV) Ende Juni 2023 abzugeben.","og_url":"https:\/\/www.organisator.ch\/it\/gestione-2\/2022-11-25\/valentin-vogt-tritt-als-arbeitgeber-praesident-zurueck\/","og_site_name":"Organisator","article_publisher":"https:\/\/www.facebook.com\/OrganisatorFachmagazin","article_published_time":"2022-11-25T09:09:14+00:00","og_image":[{"width":680,"height":453,"url":"https:\/\/www.organisator.ch\/wp-content\/uploads\/2022\/11\/Valentin-Vogt-tritt-als-Arbeitgeber-Praesident-zurueck-1_Organisator.jpg","type":"image\/jpeg"}],"author":"thomas.berner","twitter_card":"summary_large_image","twitter_title":"Valentin #Vogt tritt als #Arbeitgeber-Pr\u00e4sident zur\u00fcck","twitter_description":"Valentin #Vogt hat sich entschieden, das Pr\u00e4sidium des Schweizerischen Arbeitgeberverbandes (#SAV) Ende Juni 2023 abzugeben.","twitter_image":"https:\/\/www.organisator.ch\/wp-content\/uploads\/2022\/11\/Valentin-Vogt-tritt-als-Arbeitgeber-Praesident-zurueck-1_Organisator.jpg","schema":{"@context":"https:\/\/schema.org","@graph":[{"@type":"Article","@id":"https:\/\/www.organisator.ch\/management\/2022-11-25\/valentin-vogt-tritt-als-arbeitgeber-praesident-zurueck\/#article","isPartOf":{"@id":"https:\/\/www.organisator.ch\/management\/2022-11-25\/valentin-vogt-tritt-als-arbeitgeber-praesident-zurueck\/"},"author":{"name":"thomas.berner","@id":"https:\/\/www.organisator.ch\/#\/schema\/person\/6f650f90b2842cd4c0cc334b4e36f67e"},"headline":"Valentin Vogt tritt als Arbeitgeber-Pr\u00e4sident zur\u00fcck","datePublished":"2022-11-25T09:09:14+00:00","mainEntityOfPage":{"@id":"https:\/\/www.organisator.ch\/management\/2022-11-25\/valentin-vogt-tritt-als-arbeitgeber-praesident-zurueck\/"},"wordCount":332,"publisher":{"@id":"https:\/\/www.organisator.ch\/#organization"},"image":{"@id":"https:\/\/www.organisator.ch\/management\/2022-11-25\/valentin-vogt-tritt-als-arbeitgeber-praesident-zurueck\/#primaryimage"},"thumbnailUrl":"https:\/\/www.organisator.ch\/wp-content\/uploads\/2022\/11\/Valentin-Vogt-tritt-als-Arbeitgeber-Praesident-zurueck-1_Organisator.jpg","keywords":["Management","Personalia","Verb\u00e4nde"],"articleSection":["MANAGEMENT"],"inLanguage":"it-IT"},{"@type":"WebPage","@id":"https:\/\/www.organisator.ch\/management\/2022-11-25\/valentin-vogt-tritt-als-arbeitgeber-praesident-zurueck\/","url":"https:\/\/www.organisator.ch\/management\/2022-11-25\/valentin-vogt-tritt-als-arbeitgeber-praesident-zurueck\/","name":"Valentin Vogt si dimette da presidente del datore di lavoro - Organizzatore","isPartOf":{"@id":"https:\/\/www.organisator.ch\/#website"},"primaryImageOfPage":{"@id":"https:\/\/www.organisator.ch\/management\/2022-11-25\/valentin-vogt-tritt-als-arbeitgeber-praesident-zurueck\/#primaryimage"},"image":{"@id":"https:\/\/www.organisator.ch\/management\/2022-11-25\/valentin-vogt-tritt-als-arbeitgeber-praesident-zurueck\/#primaryimage"},"thumbnailUrl":"https:\/\/www.organisator.ch\/wp-content\/uploads\/2022\/11\/Valentin-Vogt-tritt-als-Arbeitgeber-Praesident-zurueck-1_Organisator.jpg","datePublished":"2022-11-25T09:09:14+00:00","description":"Valentin Vogt ha deciso di lasciare la presidenza dell'Associazione svizzera dei datori di lavoro (SAV) alla fine di giugno 2023.","breadcrumb":{"@id":"https:\/\/www.organisator.ch\/management\/2022-11-25\/valentin-vogt-tritt-als-arbeitgeber-praesident-zurueck\/#breadcrumb"},"inLanguage":"it-IT","potentialAction":[{"@type":"ReadAction","target":["https:\/\/www.organisator.ch\/management\/2022-11-25\/valentin-vogt-tritt-als-arbeitgeber-praesident-zurueck\/"]}]},{"@type":"ImageObject","inLanguage":"it-IT","@id":"https:\/\/www.organisator.ch\/management\/2022-11-25\/valentin-vogt-tritt-als-arbeitgeber-praesident-zurueck\/#primaryimage","url":"https:\/\/www.organisator.ch\/wp-content\/uploads\/2022\/11\/Valentin-Vogt-tritt-als-Arbeitgeber-Praesident-zurueck-1_Organisator.jpg","contentUrl":"https:\/\/www.organisator.ch\/wp-content\/uploads\/2022\/11\/Valentin-Vogt-tritt-als-Arbeitgeber-Praesident-zurueck-1_Organisator.jpg","width":680,"height":453,"caption":"Valentin Vogt gibt sein Amt als Arbeitgeber-Pr\u00e4sident ab. (Bild: Schweizerischer Arbeitgeberverband)"},{"@type":"BreadcrumbList","@id":"https:\/\/www.organisator.ch\/management\/2022-11-25\/valentin-vogt-tritt-als-arbeitgeber-praesident-zurueck\/#breadcrumb","itemListElement":[{"@type":"ListItem","position":1,"name":"Home","item":"https:\/\/www.organisator.ch\/"},{"@type":"ListItem","position":2,"name":"Valentin Vogt tritt als Arbeitgeber-Pr\u00e4sident zur\u00fcck"}]},{"@type":"WebSite","@id":"https:\/\/www.organisator.ch\/#website","url":"https:\/\/www.organisator.ch\/","name":"Organizzatore","description":"Competente. Pratico. In 10 numeri all'anno, ORGANISATOR presenta i temi essenziali per i manager delle PMI.","publisher":{"@id":"https:\/\/www.organisator.ch\/#organization"},"potentialAction":[{"@type":"SearchAction","target":{"@type":"EntryPoint","urlTemplate":"https:\/\/www.organisator.ch\/?s={search_term_string}"},"query-input":{"@type":"PropertyValueSpecification","valueRequired":true,"valueName":"search_term_string"}}],"inLanguage":"it-IT"},{"@type":"Organization","@id":"https:\/\/www.organisator.ch\/#organization","name":"Organizzatore","url":"https:\/\/www.organisator.ch\/","logo":{"@type":"ImageObject","inLanguage":"it-IT","@id":"https:\/\/www.organisator.ch\/#\/schema\/logo\/image\/","url":"https:\/\/www.organisator.ch\/wp-content\/uploads\/2022\/01\/Logo_Organisator_Website.png","contentUrl":"https:\/\/www.organisator.ch\/wp-content\/uploads\/2022\/01\/Logo_Organisator_Website.png","width":800,"height":77,"caption":"Organisator"},"image":{"@id":"https:\/\/www.organisator.ch\/#\/schema\/logo\/image\/"},"sameAs":["https:\/\/www.facebook.com\/OrganisatorFachmagazin","https:\/\/www.linkedin.com\/showcase\/organisator-das-magazin-fr-kmu","https:\/\/www.xing.com\/news\/pages\/organisator-ch-695","https:\/\/www.youtube.com\/channel\/UCGP2Sq0iWaZwT3BdIAQFYpw"]},{"@type":"Person","@id":"https:\/\/www.organisator.ch\/#\/schema\/person\/6f650f90b2842cd4c0cc334b4e36f67e","name":"Tommaso.berner","image":{"@type":"ImageObject","inLanguage":"it-IT","@id":"https:\/\/secure.gravatar.com\/avatar\/ac5001d2a36cb6c6cd3e50789007ffca834b477b74a2144564522e944eabff61?s=96&d=mm&r=g","url":"https:\/\/secure.gravatar.com\/avatar\/ac5001d2a36cb6c6cd3e50789007ffca834b477b74a2144564522e944eabff61?s=96&d=mm&r=g","contentUrl":"https:\/\/secure.gravatar.com\/avatar\/ac5001d2a36cb6c6cd3e50789007ffca834b477b74a2144564522e944eabff61?s=96&d=mm&r=g","caption":"thomas.berner"},"url":"https:\/\/www.organisator.ch\/it\/author\/thomas-berner\/"}]}},"_links":{"self":[{"href":"https:\/\/www.organisator.ch\/it\/wp-json\/wp\/v2\/posts\/17934","targetHints":{"allow":["GET"]}}],"collection":[{"href":"https:\/\/www.organisator.ch\/it\/wp-json\/wp\/v2\/posts"}],"about":[{"href":"https:\/\/www.organisator.ch\/it\/wp-json\/wp\/v2\/types\/post"}],"author":[{"embeddable":true,"href":"https:\/\/www.organisator.ch\/it\/wp-json\/wp\/v2\/users\/4"}],"replies":[{"embeddable":true,"href":"https:\/\/www.organisator.ch\/it\/wp-json\/wp\/v2\/comments?post=17934"}],"version-history":[{"count":1,"href":"https:\/\/www.organisator.ch\/it\/wp-json\/wp\/v2\/posts\/17934\/revisions"}],"predecessor-version":[{"id":17937,"href":"https:\/\/www.organisator.ch\/it\/wp-json\/wp\/v2\/posts\/17934\/revisions\/17937"}],"wp:featuredmedia":[{"embeddable":true,"href":"https:\/\/www.organisator.ch\/it\/wp-json\/wp\/v2\/media\/17935"}],"wp:attachment":[{"href":"https:\/\/www.organisator.ch\/it\/wp-json\/wp\/v2\/media?parent=17934"}],"wp:term":[{"taxonomy":"category","embeddable":true,"href":"https:\/\/www.organisator.ch\/it\/wp-json\/wp\/v2\/categories?post=17934"},{"taxonomy":"post_tag","embeddable":true,"href":"https:\/\/www.organisator.ch\/it\/wp-json\/wp\/v2\/tags?post=17934"}],"curies":[{"name":"wp","href":"https:\/\/api.w.org\/{rel}","templated":true}]}}