{"id":17941,"date":"2022-11-25T14:17:27","date_gmt":"2022-11-25T13:17:27","guid":{"rendered":"https:\/\/www.m-q.ch\/?p=17207"},"modified":"2024-11-20T08:47:51","modified_gmt":"2024-11-20T07:47:51","slug":"international-metrology-congress-feiert-40-jaehriges-bestehen","status":"publish","type":"post","link":"https:\/\/www.organisator.ch\/it\/operational-excellence\/2022-11-25\/international-metrology-congress-feiert-40-jaehriges-bestehen\/","title":{"rendered":"Il Congresso Internazionale di Metrologia celebra il 40\u00b0 anniversario"},"content":{"rendered":"<figure id=\"attachment_17208\" class=\"wp-caption alignnone\" style=\"width: 680px\" aria-describedby=\"caption-attachment-17208\"><img class=\"alignnone wp-image-17208 size-full\" src=\"https:\/\/www.m-q.ch\/wp-content\/uploads\/2022\/11\/International-Metrology-Congress-feiert-40-jaehriges-Bestehen_MQ.jpg\" alt=\"Congresso internazionale di metrologia\" width=\"680\" height=\"303\" \/>\r\n<figcaption id=\"caption-attachment-17208\" class=\"wp-caption-text\">Il Congresso internazionale di metrologia CIM2023 si terr\u00e0 a Lione dal 7 al 10 marzo.<\/figcaption>\r\n<\/figure>\r\n<p>Il Congresso Internazionale di Metrologia (Congr\u00e8s International de M\u00e9trology, CIM) si \u00e8 tenuto per la prima volta a Bordeaux nel 1983. Da allora, l'evento si \u00e8 spostato molto, fino a stabilirsi definitivamente a Lione. I metrologi sono abituati a lavorare da soli, ma devono tenersi aggiornati sugli ultimi standard tecnici, sulle normative e sugli sviluppi tecnologici. Questo desiderio e questa necessit\u00e0 hanno dato vita a questo Congresso Internazionale di Metrologia. Questo congresso biennale si muove con i tempi e i loro vincoli, ma ha sempre mantenuto il suo DNA, come nota Pierre Barbier, iniziatore dell'evento.<\/p>\r\n<h3>Congresso Internazionale di Metrologia: inserito in una fiera importante<\/h3>\r\n<p>Anche quest'anno il congresso \u00e8 dedicato alle migliori pratiche dell'industria e della R&amp;S applicate alla misurazione, all'analisi e alle prove. L'evento \u00e8 un luogo d'incontro per la scienza, l'industria e le organizzazioni istituzionali di metrologia. Anche quest'anno il congresso si svolger\u00e0 dal 7 al 10 marzo nell'ambito della fiera industriale francese \"<a href=\"https:\/\/global-industrie.com\/en\/home\">Industria globale<\/a>\" all'Eurexpo di Lione, dove sono attesi circa 40.000 visitatori.\u00a0<\/p>\r\n<p>L'evento si estende per quattro giorni con l'obiettivo di affrontare, esplorare e trattare tutti i temi che rispondono alle sfide internazionali. Il Congresso Internazionale di Metrologia \u00e8 un'occasione per condividere le competenze e raccogliere informazioni sullo sviluppo della ricerca nel campo della misurazione.<\/p>\r\n<h3>Un programma \"muscolare\" al centro delle sfide globali<\/h3>\r\n<p>Sono previste 200 presentazioni e sei tavole rotonde sui temi attuali dell'idrogeno, dell'economia circolare, dell'Industria 4.0, del cambiamento digitale, delle professioni e della salute. Un evento plenario con il motto \"Metrologia senza limiti a portata di mano\" si concentrer\u00e0 inoltre su temi quali Industria 4.0, ambiente e salute. \u00c8 previsto anche un programma di supporto con molte opportunit\u00e0 di networking, tra cui il \"Village M\u00e9trologie\", dove saranno esposte anche diverse presentazioni di poster. Gli organizzatori prevedono che al congresso parteciperanno circa 800 partecipanti provenienti da 45 Paesi, principalmente dall'industria, ma circa un terzo proverr\u00e0 anche da istituti di istruzione, ricerca e calibrazione.\u00a0<\/p>\r\n<p><em>Fonte e ulteriori informazioni: <a href=\"http:\/\/www.cim2023.com\/\">www.cim2023.com<\/a><\/em><\/p>\n<p class=\"syndicated-attribution\">Questo articolo \u00e8 apparso originariamente su m-q.ch - <a href=\"https:\/\/www.m-q.ch\/de\/international-metrology-congress-feiert-40-jaehriges-bestehen\/\" target=\"_blank\">https:\/\/www.m-q.ch\/de\/international-metrology-congress-feiert-40-jaehriges-bestehen\/<\/a><\/p>","protected":false},"excerpt":{"rendered":"<p>Erstmals fand der International Metrology Congress (Congr\u00e8s International de M\u00e9trology, CIM) im Jahr 1983 in Bordeaux statt. Seit damals ist der Anlass viel herumgekommen, bis er sich definitiv in Lyon niederliess. Messtechniker sind es gewohnt, allein zu arbeiten, aber sie m\u00fcssen sich st\u00e4ndig \u00fcber die neuesten technischen Normen, Vorschriften und technologischen Entwicklungen auf dem Laufenden [\u2026]<\/p>\n","protected":false},"author":8,"featured_media":0,"comment_status":"closed","ping_status":"closed","sticky":false,"template":"","format":"standard","meta":{"_acf_changed":false,"_yoast_wpseo_focuskw":"Internationaler Metrologie-Kongress","_yoast_wpseo_metadesc":"CIM2023: Internationaler Metrologie-Kongress in Lyon, 7.-10. M\u00e4rz. Fachwissen und Networking im Mittelpunkt.","articlekey":"","footnotes":""},"categories":[582],"tags":[3527],"class_list":["post-17941","post","type-post","status-publish","format-standard","hentry","category-operational-excellence","tag-metrologie"],"acf":[],"yoast_head":"<!-- This site is optimized with the Yoast SEO plugin v27.5 - https:\/\/yoast.com\/product\/yoast-seo-wordpress\/ -->\n<title>International Metrology Congress feiert 40-j\u00e4hriges Bestehen - Organisator<\/title>\n<meta name=\"description\" content=\"CIM2023: Internationaler Metrologie-Kongress in Lyon, 7.-10. M\u00e4rz. Fachwissen und Networking im Mittelpunkt.\" \/>\n<meta name=\"robots\" content=\"index, follow, max-snippet:-1, max-image-preview:large, max-video-preview:-1\" \/>\n<link rel=\"canonical\" href=\"https:\/\/www.organisator.ch\/it\/eccellenza-operativa\/2022-11-25\/international-metrology-congress-feiert-40-jaehriges-bestehen\/\" \/>\n<meta property=\"og:locale\" content=\"it_IT\" \/>\n<meta property=\"og:type\" content=\"article\" \/>\n<meta property=\"og:title\" content=\"International Metrology Congress feiert 40-j\u00e4hriges Bestehen - Organisator\" \/>\n<meta property=\"og:description\" content=\"CIM2023: Internationaler Metrologie-Kongress in Lyon, 7.-10. M\u00e4rz. Fachwissen und Networking im Mittelpunkt.\" \/>\n<meta property=\"og:url\" content=\"https:\/\/www.organisator.ch\/it\/eccellenza-operativa\/2022-11-25\/international-metrology-congress-feiert-40-jaehriges-bestehen\/\" \/>\n<meta property=\"og:site_name\" content=\"Organisator\" \/>\n<meta property=\"article:publisher\" content=\"https:\/\/www.facebook.com\/OrganisatorFachmagazin\" \/>\n<meta property=\"article:published_time\" content=\"2022-11-25T13:17:27+00:00\" \/>\n<meta property=\"article:modified_time\" content=\"2024-11-20T07:47:51+00:00\" \/>\n<meta name=\"author\" content=\"galledia\" \/>\n<meta name=\"twitter:card\" content=\"summary_large_image\" \/>\n<meta name=\"twitter:creator\" content=\"@admin\" \/>\n<script type=\"application\/ld+json\" class=\"yoast-schema-graph\">{\"@context\":\"https:\\\/\\\/schema.org\",\"@graph\":[{\"@type\":\"Article\",\"@id\":\"https:\\\/\\\/www.organisator.ch\\\/operational-excellence\\\/2022-11-25\\\/international-metrology-congress-feiert-40-jaehriges-bestehen\\\/#article\",\"isPartOf\":{\"@id\":\"https:\\\/\\\/www.organisator.ch\\\/operational-excellence\\\/2022-11-25\\\/international-metrology-congress-feiert-40-jaehriges-bestehen\\\/\"},\"author\":{\"name\":\"galledia\",\"@id\":\"https:\\\/\\\/www.organisator.ch\\\/#\\\/schema\\\/person\\\/4e51799071cd2dd1232ac003643ef5f0\"},\"headline\":\"International Metrology Congress feiert 40-j\u00e4hriges Bestehen\",\"datePublished\":\"2022-11-25T13:17:27+00:00\",\"dateModified\":\"2024-11-20T07:47:51+00:00\",\"mainEntityOfPage\":{\"@id\":\"https:\\\/\\\/www.organisator.ch\\\/operational-excellence\\\/2022-11-25\\\/international-metrology-congress-feiert-40-jaehriges-bestehen\\\/\"},\"wordCount\":354,\"publisher\":{\"@id\":\"https:\\\/\\\/www.organisator.ch\\\/#organization\"},\"image\":{\"@id\":\"https:\\\/\\\/www.organisator.ch\\\/operational-excellence\\\/2022-11-25\\\/international-metrology-congress-feiert-40-jaehriges-bestehen\\\/#primaryimage\"},\"thumbnailUrl\":\"https:\\\/\\\/www.m-q.ch\\\/wp-content\\\/uploads\\\/2022\\\/11\\\/International-Metrology-Congress-feiert-40-jaehriges-Bestehen_MQ.jpg\",\"keywords\":[\"Metrologie\"],\"articleSection\":[\"OPERATIONAL EXCELLENCE\"],\"inLanguage\":\"it-IT\"},{\"@type\":\"WebPage\",\"@id\":\"https:\\\/\\\/www.organisator.ch\\\/operational-excellence\\\/2022-11-25\\\/international-metrology-congress-feiert-40-jaehriges-bestehen\\\/\",\"url\":\"https:\\\/\\\/www.organisator.ch\\\/operational-excellence\\\/2022-11-25\\\/international-metrology-congress-feiert-40-jaehriges-bestehen\\\/\",\"name\":\"International Metrology Congress feiert 40-j\u00e4hriges Bestehen - Organisator\",\"isPartOf\":{\"@id\":\"https:\\\/\\\/www.organisator.ch\\\/#website\"},\"primaryImageOfPage\":{\"@id\":\"https:\\\/\\\/www.organisator.ch\\\/operational-excellence\\\/2022-11-25\\\/international-metrology-congress-feiert-40-jaehriges-bestehen\\\/#primaryimage\"},\"image\":{\"@id\":\"https:\\\/\\\/www.organisator.ch\\\/operational-excellence\\\/2022-11-25\\\/international-metrology-congress-feiert-40-jaehriges-bestehen\\\/#primaryimage\"},\"thumbnailUrl\":\"https:\\\/\\\/www.m-q.ch\\\/wp-content\\\/uploads\\\/2022\\\/11\\\/International-Metrology-Congress-feiert-40-jaehriges-Bestehen_MQ.jpg\",\"datePublished\":\"2022-11-25T13:17:27+00:00\",\"dateModified\":\"2024-11-20T07:47:51+00:00\",\"description\":\"CIM2023: Internationaler Metrologie-Kongress in Lyon, 7.-10. M\u00e4rz. Fachwissen und Networking im Mittelpunkt.\",\"breadcrumb\":{\"@id\":\"https:\\\/\\\/www.organisator.ch\\\/operational-excellence\\\/2022-11-25\\\/international-metrology-congress-feiert-40-jaehriges-bestehen\\\/#breadcrumb\"},\"inLanguage\":\"it-IT\",\"potentialAction\":[{\"@type\":\"ReadAction\",\"target\":[\"https:\\\/\\\/www.organisator.ch\\\/operational-excellence\\\/2022-11-25\\\/international-metrology-congress-feiert-40-jaehriges-bestehen\\\/\"]}]},{\"@type\":\"ImageObject\",\"inLanguage\":\"it-IT\",\"@id\":\"https:\\\/\\\/www.organisator.ch\\\/operational-excellence\\\/2022-11-25\\\/international-metrology-congress-feiert-40-jaehriges-bestehen\\\/#primaryimage\",\"url\":\"https:\\\/\\\/www.m-q.ch\\\/wp-content\\\/uploads\\\/2022\\\/11\\\/International-Metrology-Congress-feiert-40-jaehriges-Bestehen_MQ.jpg\",\"contentUrl\":\"https:\\\/\\\/www.m-q.ch\\\/wp-content\\\/uploads\\\/2022\\\/11\\\/International-Metrology-Congress-feiert-40-jaehriges-Bestehen_MQ.jpg\"},{\"@type\":\"BreadcrumbList\",\"@id\":\"https:\\\/\\\/www.organisator.ch\\\/operational-excellence\\\/2022-11-25\\\/international-metrology-congress-feiert-40-jaehriges-bestehen\\\/#breadcrumb\",\"itemListElement\":[{\"@type\":\"ListItem\",\"position\":1,\"name\":\"Home\",\"item\":\"https:\\\/\\\/www.organisator.ch\\\/\"},{\"@type\":\"ListItem\",\"position\":2,\"name\":\"International Metrology Congress feiert 40-j\u00e4hriges Bestehen\"}]},{\"@type\":\"WebSite\",\"@id\":\"https:\\\/\\\/www.organisator.ch\\\/#website\",\"url\":\"https:\\\/\\\/www.organisator.ch\\\/\",\"name\":\"Organisator\",\"description\":\"Kompetent. Praxisnah. Der ORGANISATOR bereitet in 10 Ausgaben pro Jahr die wesentlichen Themen f\u00fcr F\u00fchrungskr\u00e4fte von KMU auf.\",\"publisher\":{\"@id\":\"https:\\\/\\\/www.organisator.ch\\\/#organization\"},\"potentialAction\":[{\"@type\":\"SearchAction\",\"target\":{\"@type\":\"EntryPoint\",\"urlTemplate\":\"https:\\\/\\\/www.organisator.ch\\\/?s={search_term_string}\"},\"query-input\":{\"@type\":\"PropertyValueSpecification\",\"valueRequired\":true,\"valueName\":\"search_term_string\"}}],\"inLanguage\":\"it-IT\"},{\"@type\":\"Organization\",\"@id\":\"https:\\\/\\\/www.organisator.ch\\\/#organization\",\"name\":\"Organisator\",\"url\":\"https:\\\/\\\/www.organisator.ch\\\/\",\"logo\":{\"@type\":\"ImageObject\",\"inLanguage\":\"it-IT\",\"@id\":\"https:\\\/\\\/www.organisator.ch\\\/#\\\/schema\\\/logo\\\/image\\\/\",\"url\":\"https:\\\/\\\/www.organisator.ch\\\/wp-content\\\/uploads\\\/2022\\\/01\\\/Logo_Organisator_Website.png\",\"contentUrl\":\"https:\\\/\\\/www.organisator.ch\\\/wp-content\\\/uploads\\\/2022\\\/01\\\/Logo_Organisator_Website.png\",\"width\":800,\"height\":77,\"caption\":\"Organisator\"},\"image\":{\"@id\":\"https:\\\/\\\/www.organisator.ch\\\/#\\\/schema\\\/logo\\\/image\\\/\"},\"sameAs\":[\"https:\\\/\\\/www.facebook.com\\\/OrganisatorFachmagazin\",\"https:\\\/\\\/www.linkedin.com\\\/showcase\\\/organisator-das-magazin-fr-kmu\",\"https:\\\/\\\/www.xing.com\\\/news\\\/pages\\\/organisator-ch-695\",\"https:\\\/\\\/www.youtube.com\\\/channel\\\/UCGP2Sq0iWaZwT3BdIAQFYpw\"]},{\"@type\":\"Person\",\"@id\":\"https:\\\/\\\/www.organisator.ch\\\/#\\\/schema\\\/person\\\/4e51799071cd2dd1232ac003643ef5f0\",\"name\":\"galledia\",\"image\":{\"@type\":\"ImageObject\",\"inLanguage\":\"it-IT\",\"@id\":\"https:\\\/\\\/secure.gravatar.com\\\/avatar\\\/78a7f90c01fc2bfc875782a0d4922b37cde2cf184ce347b91316d23cd7f69a36?s=96&d=mm&r=g\",\"url\":\"https:\\\/\\\/secure.gravatar.com\\\/avatar\\\/78a7f90c01fc2bfc875782a0d4922b37cde2cf184ce347b91316d23cd7f69a36?s=96&d=mm&r=g\",\"contentUrl\":\"https:\\\/\\\/secure.gravatar.com\\\/avatar\\\/78a7f90c01fc2bfc875782a0d4922b37cde2cf184ce347b91316d23cd7f69a36?s=96&d=mm&r=g\",\"caption\":\"galledia\"},\"sameAs\":[\"https:\\\/\\\/x.com\\\/admin\"],\"url\":\"https:\\\/\\\/www.organisator.ch\\\/it\\\/author\\\/galledia\\\/\"}]}<\/script>\n<!-- \/ Yoast SEO plugin. -->","yoast_head_json":{"title":"Il Congresso Internazionale di Metrologia celebra il 40\u00b0 anniversario - Organizzatore","description":"CIM2023: Congresso internazionale di metrologia a Lione, 7-10 marzo. Competenza e networking al centro dell'attenzione.","robots":{"index":"index","follow":"follow","max-snippet":"max-snippet:-1","max-image-preview":"max-image-preview:large","max-video-preview":"max-video-preview:-1"},"canonical":"https:\/\/www.organisator.ch\/it\/eccellenza-operativa\/2022-11-25\/international-metrology-congress-feiert-40-jaehriges-bestehen\/","og_locale":"it_IT","og_type":"article","og_title":"International Metrology Congress feiert 40-j\u00e4hriges Bestehen - Organisator","og_description":"CIM2023: Internationaler Metrologie-Kongress in Lyon, 7.-10. M\u00e4rz. Fachwissen und Networking im Mittelpunkt.","og_url":"https:\/\/www.organisator.ch\/it\/eccellenza-operativa\/2022-11-25\/international-metrology-congress-feiert-40-jaehriges-bestehen\/","og_site_name":"Organisator","article_publisher":"https:\/\/www.facebook.com\/OrganisatorFachmagazin","article_published_time":"2022-11-25T13:17:27+00:00","article_modified_time":"2024-11-20T07:47:51+00:00","author":"galledia","twitter_card":"summary_large_image","twitter_creator":"@admin","schema":{"@context":"https:\/\/schema.org","@graph":[{"@type":"Article","@id":"https:\/\/www.organisator.ch\/operational-excellence\/2022-11-25\/international-metrology-congress-feiert-40-jaehriges-bestehen\/#article","isPartOf":{"@id":"https:\/\/www.organisator.ch\/operational-excellence\/2022-11-25\/international-metrology-congress-feiert-40-jaehriges-bestehen\/"},"author":{"name":"galledia","@id":"https:\/\/www.organisator.ch\/#\/schema\/person\/4e51799071cd2dd1232ac003643ef5f0"},"headline":"International Metrology Congress feiert 40-j\u00e4hriges Bestehen","datePublished":"2022-11-25T13:17:27+00:00","dateModified":"2024-11-20T07:47:51+00:00","mainEntityOfPage":{"@id":"https:\/\/www.organisator.ch\/operational-excellence\/2022-11-25\/international-metrology-congress-feiert-40-jaehriges-bestehen\/"},"wordCount":354,"publisher":{"@id":"https:\/\/www.organisator.ch\/#organization"},"image":{"@id":"https:\/\/www.organisator.ch\/operational-excellence\/2022-11-25\/international-metrology-congress-feiert-40-jaehriges-bestehen\/#primaryimage"},"thumbnailUrl":"https:\/\/www.m-q.ch\/wp-content\/uploads\/2022\/11\/International-Metrology-Congress-feiert-40-jaehriges-Bestehen_MQ.jpg","keywords":["Metrologie"],"articleSection":["OPERATIONAL EXCELLENCE"],"inLanguage":"it-IT"},{"@type":"WebPage","@id":"https:\/\/www.organisator.ch\/operational-excellence\/2022-11-25\/international-metrology-congress-feiert-40-jaehriges-bestehen\/","url":"https:\/\/www.organisator.ch\/operational-excellence\/2022-11-25\/international-metrology-congress-feiert-40-jaehriges-bestehen\/","name":"Il Congresso Internazionale di Metrologia celebra il 40\u00b0 anniversario - Organizzatore","isPartOf":{"@id":"https:\/\/www.organisator.ch\/#website"},"primaryImageOfPage":{"@id":"https:\/\/www.organisator.ch\/operational-excellence\/2022-11-25\/international-metrology-congress-feiert-40-jaehriges-bestehen\/#primaryimage"},"image":{"@id":"https:\/\/www.organisator.ch\/operational-excellence\/2022-11-25\/international-metrology-congress-feiert-40-jaehriges-bestehen\/#primaryimage"},"thumbnailUrl":"https:\/\/www.m-q.ch\/wp-content\/uploads\/2022\/11\/International-Metrology-Congress-feiert-40-jaehriges-Bestehen_MQ.jpg","datePublished":"2022-11-25T13:17:27+00:00","dateModified":"2024-11-20T07:47:51+00:00","description":"CIM2023: Congresso internazionale di metrologia a Lione, 7-10 marzo. Competenza e networking al centro dell'attenzione.","breadcrumb":{"@id":"https:\/\/www.organisator.ch\/operational-excellence\/2022-11-25\/international-metrology-congress-feiert-40-jaehriges-bestehen\/#breadcrumb"},"inLanguage":"it-IT","potentialAction":[{"@type":"ReadAction","target":["https:\/\/www.organisator.ch\/operational-excellence\/2022-11-25\/international-metrology-congress-feiert-40-jaehriges-bestehen\/"]}]},{"@type":"ImageObject","inLanguage":"it-IT","@id":"https:\/\/www.organisator.ch\/operational-excellence\/2022-11-25\/international-metrology-congress-feiert-40-jaehriges-bestehen\/#primaryimage","url":"https:\/\/www.m-q.ch\/wp-content\/uploads\/2022\/11\/International-Metrology-Congress-feiert-40-jaehriges-Bestehen_MQ.jpg","contentUrl":"https:\/\/www.m-q.ch\/wp-content\/uploads\/2022\/11\/International-Metrology-Congress-feiert-40-jaehriges-Bestehen_MQ.jpg"},{"@type":"BreadcrumbList","@id":"https:\/\/www.organisator.ch\/operational-excellence\/2022-11-25\/international-metrology-congress-feiert-40-jaehriges-bestehen\/#breadcrumb","itemListElement":[{"@type":"ListItem","position":1,"name":"Home","item":"https:\/\/www.organisator.ch\/"},{"@type":"ListItem","position":2,"name":"International Metrology Congress feiert 40-j\u00e4hriges Bestehen"}]},{"@type":"WebSite","@id":"https:\/\/www.organisator.ch\/#website","url":"https:\/\/www.organisator.ch\/","name":"Organizzatore","description":"Competente. Pratico. In 10 numeri all'anno, ORGANISATOR presenta i temi essenziali per i manager delle PMI.","publisher":{"@id":"https:\/\/www.organisator.ch\/#organization"},"potentialAction":[{"@type":"SearchAction","target":{"@type":"EntryPoint","urlTemplate":"https:\/\/www.organisator.ch\/?s={search_term_string}"},"query-input":{"@type":"PropertyValueSpecification","valueRequired":true,"valueName":"search_term_string"}}],"inLanguage":"it-IT"},{"@type":"Organization","@id":"https:\/\/www.organisator.ch\/#organization","name":"Organizzatore","url":"https:\/\/www.organisator.ch\/","logo":{"@type":"ImageObject","inLanguage":"it-IT","@id":"https:\/\/www.organisator.ch\/#\/schema\/logo\/image\/","url":"https:\/\/www.organisator.ch\/wp-content\/uploads\/2022\/01\/Logo_Organisator_Website.png","contentUrl":"https:\/\/www.organisator.ch\/wp-content\/uploads\/2022\/01\/Logo_Organisator_Website.png","width":800,"height":77,"caption":"Organisator"},"image":{"@id":"https:\/\/www.organisator.ch\/#\/schema\/logo\/image\/"},"sameAs":["https:\/\/www.facebook.com\/OrganisatorFachmagazin","https:\/\/www.linkedin.com\/showcase\/organisator-das-magazin-fr-kmu","https:\/\/www.xing.com\/news\/pages\/organisator-ch-695","https:\/\/www.youtube.com\/channel\/UCGP2Sq0iWaZwT3BdIAQFYpw"]},{"@type":"Person","@id":"https:\/\/www.organisator.ch\/#\/schema\/person\/4e51799071cd2dd1232ac003643ef5f0","name":"galledia","image":{"@type":"ImageObject","inLanguage":"it-IT","@id":"https:\/\/secure.gravatar.com\/avatar\/78a7f90c01fc2bfc875782a0d4922b37cde2cf184ce347b91316d23cd7f69a36?s=96&d=mm&r=g","url":"https:\/\/secure.gravatar.com\/avatar\/78a7f90c01fc2bfc875782a0d4922b37cde2cf184ce347b91316d23cd7f69a36?s=96&d=mm&r=g","contentUrl":"https:\/\/secure.gravatar.com\/avatar\/78a7f90c01fc2bfc875782a0d4922b37cde2cf184ce347b91316d23cd7f69a36?s=96&d=mm&r=g","caption":"galledia"},"sameAs":["https:\/\/x.com\/admin"],"url":"https:\/\/www.organisator.ch\/it\/author\/galledia\/"}]}},"_links":{"self":[{"href":"https:\/\/www.organisator.ch\/it\/wp-json\/wp\/v2\/posts\/17941","targetHints":{"allow":["GET"]}}],"collection":[{"href":"https:\/\/www.organisator.ch\/it\/wp-json\/wp\/v2\/posts"}],"about":[{"href":"https:\/\/www.organisator.ch\/it\/wp-json\/wp\/v2\/types\/post"}],"author":[{"embeddable":true,"href":"https:\/\/www.organisator.ch\/it\/wp-json\/wp\/v2\/users\/8"}],"replies":[{"embeddable":true,"href":"https:\/\/www.organisator.ch\/it\/wp-json\/wp\/v2\/comments?post=17941"}],"version-history":[{"count":5,"href":"https:\/\/www.organisator.ch\/it\/wp-json\/wp\/v2\/posts\/17941\/revisions"}],"predecessor-version":[{"id":33595,"href":"https:\/\/www.organisator.ch\/it\/wp-json\/wp\/v2\/posts\/17941\/revisions\/33595"}],"wp:attachment":[{"href":"https:\/\/www.organisator.ch\/it\/wp-json\/wp\/v2\/media?parent=17941"}],"wp:term":[{"taxonomy":"category","embeddable":true,"href":"https:\/\/www.organisator.ch\/it\/wp-json\/wp\/v2\/categories?post=17941"},{"taxonomy":"post_tag","embeddable":true,"href":"https:\/\/www.organisator.ch\/it\/wp-json\/wp\/v2\/tags?post=17941"}],"curies":[{"name":"wp","href":"https:\/\/api.w.org\/{rel}","templated":true}]}}