{"id":17953,"date":"2022-11-28T08:11:22","date_gmt":"2022-11-28T07:11:22","guid":{"rendered":"https:\/\/www.organisator.ch\/?p=17953"},"modified":"2022-11-28T08:11:22","modified_gmt":"2022-11-28T07:11:22","slug":"bank-wir-kuendigt-wechsel-im-verwaltungsrat-an","status":"publish","type":"post","link":"https:\/\/www.organisator.ch\/it\/management\/2022-11-28\/bank-wir-kuendigt-wechsel-im-verwaltungsrat-an\/","title":{"rendered":"La Banca WIR annuncia un cambiamento nel Consiglio di amministrazione"},"content":{"rendered":"<figure id=\"attachment_17954\" aria-describedby=\"caption-attachment-17954\" style=\"width: 680px\" class=\"wp-caption alignnone\"><img loading=\"lazy\" decoding=\"async\" class=\"size-full wp-image-17954\" src=\"https:\/\/www.organisator.ch\/wp-content\/uploads\/2022\/11\/WIR-Bank-kuendigt-Wechsel-im-Verwaltungsrat-an-1_Organisator.jpg\" alt=\"\" width=\"680\" height=\"680\" srcset=\"https:\/\/www.organisator.ch\/wp-content\/uploads\/2022\/11\/WIR-Bank-kuendigt-Wechsel-im-Verwaltungsrat-an-1_Organisator.jpg 680w, https:\/\/www.organisator.ch\/wp-content\/uploads\/2022\/11\/WIR-Bank-kuendigt-Wechsel-im-Verwaltungsrat-an-1_Organisator-150x150.jpg 150w, https:\/\/www.organisator.ch\/wp-content\/uploads\/2022\/11\/WIR-Bank-kuendigt-Wechsel-im-Verwaltungsrat-an-1_Organisator-12x12.jpg 12w, https:\/\/www.organisator.ch\/wp-content\/uploads\/2022\/11\/WIR-Bank-kuendigt-Wechsel-im-Verwaltungsrat-an-1_Organisator-300x300.jpg 300w, https:\/\/www.organisator.ch\/wp-content\/uploads\/2022\/11\/WIR-Bank-kuendigt-Wechsel-im-Verwaltungsrat-an-1_Organisator-350x350.jpg 350w, https:\/\/www.organisator.ch\/wp-content\/uploads\/2022\/11\/WIR-Bank-kuendigt-Wechsel-im-Verwaltungsrat-an-1_Organisator-250x250.jpg 250w\" sizes=\"auto, (max-width: 680px) 100vw, 680px\" \/><figcaption id=\"caption-attachment-17954\" class=\"wp-caption-text\">Cambio nel Consiglio di amministrazione della Banca WIR: Karin Zahnd Cadoux non si candider\u00e0 per la rielezione. (Immagine: zVg \/ Banca WIR)<\/figcaption><\/figure>\n<p>Karin Zahnd Cadoux, eletta nel Consiglio di amministrazione della Banca WIR nel 2014 e presidente nel 2019, ha deciso di non ricandidarsi alle elezioni per il rinnovo generale del Consiglio di amministrazione in occasione dell'Assemblea generale del 5 giugno 2023. Il 49enne cita motivi personali per questa decisione: \"Sono uno stacanovista, ma due morti e una grave malattia nel mio ambiente mi hanno fatto ripensare alle mie priorit\u00e0\". In qualit\u00e0 di direttrice dell'azienda, Zahnd Cadoux vuole quindi non solo concentrarsi di nuovo sulla propria attivit\u00e0, ma anche avere pi\u00f9 tempo per la propria famiglia.<\/p>\n<figure id=\"attachment_17955\" aria-describedby=\"caption-attachment-17955\" style=\"width: 680px\" class=\"wp-caption alignnone\"><img loading=\"lazy\" decoding=\"async\" class=\"size-full wp-image-17955\" src=\"https:\/\/www.organisator.ch\/wp-content\/uploads\/2022\/11\/WIR-Bank-kuendigt-Wechsel-im-Verwaltungsrat-an-2_Organisator.jpg\" alt=\"\" width=\"680\" height=\"585\" srcset=\"https:\/\/www.organisator.ch\/wp-content\/uploads\/2022\/11\/WIR-Bank-kuendigt-Wechsel-im-Verwaltungsrat-an-2_Organisator.jpg 680w, https:\/\/www.organisator.ch\/wp-content\/uploads\/2022\/11\/WIR-Bank-kuendigt-Wechsel-im-Verwaltungsrat-an-2_Organisator-14x12.jpg 14w, https:\/\/www.organisator.ch\/wp-content\/uploads\/2022\/11\/WIR-Bank-kuendigt-Wechsel-im-Verwaltungsrat-an-2_Organisator-349x300.jpg 349w, https:\/\/www.organisator.ch\/wp-content\/uploads\/2022\/11\/WIR-Bank-kuendigt-Wechsel-im-Verwaltungsrat-an-2_Organisator-407x350.jpg 407w\" sizes=\"auto, (max-width: 680px) 100vw, 680px\" \/><figcaption id=\"caption-attachment-17955\" class=\"wp-caption-text\">Proposto come nuovo Presidente del Consiglio di amministrazione: Marc Reimann. (Immagine: zVg \/ Banca WIR)<\/figcaption><\/figure>\n<p>Al fine di raggiungere l'equilibrio tra continuit\u00e0 e ventata di aria fresca, il Consiglio di amministrazione della Banca WIR sostiene la candidatura presidenziale di Marc Reimann (41). Il CEO di Zirkumflex AG, con sede a Cham, \u00e8 membro del Consiglio di amministrazione dal 2013 e vicepresidente dal 2021.<\/p>\n<p>\"Durante il mio mandato, ho potuto contribuire a tracciare un percorso importante per un futuro di successo della Banca WIR\", conclude Zahnd Cadoux. Descrive il suo successore designato come \"un uomo giovane, esperto di digitale e lungimirante, che ha tutte le qualit\u00e0 necessarie per questa carica\".<\/p>\n<p><em>Fonte: <a href=\"http:\/\/www.wir.ch\">Banca WIR<\/a><\/em><\/p>","protected":false},"excerpt":{"rendered":"<p>Karin Zahnd Cadoux, die 2014 in den Verwaltungsrat der Bank WIR und 2019 zu dessen Pr\u00e4sidentin gew\u00e4hlt worden war, hat sich dazu entschieden, bei den Gesamterneuerungswahlen des Verwaltungsrats anl\u00e4sslich der Generalversammlung am 5. Juni 2023 nicht mehr anzutreten. Die 49-J\u00e4hrige nennt pers\u00f6nliche Gr\u00fcnde f\u00fcr diesen Entscheid: \u00abIch bin ein Workaholic, aber zwei Todesf\u00e4lle und eine [&hellip;]<\/p>\n","protected":false},"author":4,"featured_media":17954,"comment_status":"closed","ping_status":"closed","sticky":false,"template":"","format":"standard","meta":{"_acf_changed":false,"_yoast_wpseo_focuskw":"Wechsel im Verwaltungsrat","_yoast_wpseo_metadesc":"Wechsel im Verwaltungsrat: Karin Zahnd Cadoux, VR-Pr\u00e4sidentin der Bank WIR, wird an der GV im Mai 2023 nicht mehr zur Wiederwahl antreten.","articlekey":"","footnotes":""},"categories":[28],"tags":[69,381,2471],"class_list":["post-17953","post","type-post","status-publish","format-standard","has-post-thumbnail","hentry","category-management","tag-banken","tag-personalia","tag-verwaltungsrat"],"acf":[],"yoast_head":"<!-- This site is optimized with the Yoast SEO plugin v27.5 - https:\/\/yoast.com\/product\/yoast-seo-wordpress\/ -->\n<title>Bank WIR k\u00fcndigt Wechsel im Verwaltungsrat an - Organisator<\/title>\n<meta name=\"description\" content=\"Wechsel im Verwaltungsrat: Karin Zahnd Cadoux, VR-Pr\u00e4sidentin der Bank WIR, wird an der GV im Mai 2023 nicht mehr zur Wiederwahl antreten.\" \/>\n<meta name=\"robots\" content=\"index, follow, max-snippet:-1, max-image-preview:large, max-video-preview:-1\" \/>\n<link rel=\"canonical\" href=\"https:\/\/www.organisator.ch\/it\/gestione-2\/2022-11-28\/bank-wir-kuendigt-wechsel-im-verwaltungsrat-an\/\" \/>\n<meta property=\"og:locale\" content=\"it_IT\" \/>\n<meta property=\"og:type\" content=\"article\" \/>\n<meta property=\"og:title\" content=\"Bank WIR k\u00fcndigt Wechsel im Verwaltungsrat an\" \/>\n<meta property=\"og:description\" content=\"Wechsel im Verwaltungsrat: Karin Zahnd Cadoux, VR-Pr\u00e4sidentin der Bank WIR, wird an der GV im Mai 2023 nicht mehr zur Wiederwahl antreten.\" \/>\n<meta property=\"og:url\" content=\"https:\/\/www.organisator.ch\/it\/gestione-2\/2022-11-28\/bank-wir-kuendigt-wechsel-im-verwaltungsrat-an\/\" \/>\n<meta property=\"og:site_name\" content=\"Organisator\" \/>\n<meta property=\"article:publisher\" content=\"https:\/\/www.facebook.com\/OrganisatorFachmagazin\" \/>\n<meta property=\"article:published_time\" content=\"2022-11-28T07:11:22+00:00\" \/>\n<meta property=\"og:image\" content=\"https:\/\/www.organisator.ch\/wp-content\/uploads\/2022\/11\/WIR-Bank-kuendigt-Wechsel-im-Verwaltungsrat-an-1_Organisator.jpg\" \/>\n\t<meta property=\"og:image:width\" content=\"680\" \/>\n\t<meta property=\"og:image:height\" content=\"680\" \/>\n\t<meta property=\"og:image:type\" content=\"image\/jpeg\" \/>\n<meta name=\"author\" content=\"thomas.berner\" \/>\n<meta name=\"twitter:card\" content=\"summary_large_image\" \/>\n<meta name=\"twitter:title\" content=\"Bank #WIR k\u00fcndigt Wechsel im #Verwaltungsrat an\" \/>\n<meta name=\"twitter:description\" content=\"Wechsel im #Verwaltungsrat: Karin Zahnd #Cadoux, #VR-Pr\u00e4sidentin der Bank WIR, wird an der GV im Mai 2023 nicht mehr zur #Wiederwahl antreten.\" \/>\n<meta name=\"twitter:image\" content=\"https:\/\/www.organisator.ch\/wp-content\/uploads\/2022\/11\/WIR-Bank-kuendigt-Wechsel-im-Verwaltungsrat-an-1_Organisator.jpg\" \/>\n<script type=\"application\/ld+json\" class=\"yoast-schema-graph\">{\"@context\":\"https:\\\/\\\/schema.org\",\"@graph\":[{\"@type\":\"Article\",\"@id\":\"https:\\\/\\\/www.organisator.ch\\\/management\\\/2022-11-28\\\/bank-wir-kuendigt-wechsel-im-verwaltungsrat-an\\\/#article\",\"isPartOf\":{\"@id\":\"https:\\\/\\\/www.organisator.ch\\\/management\\\/2022-11-28\\\/bank-wir-kuendigt-wechsel-im-verwaltungsrat-an\\\/\"},\"author\":{\"name\":\"thomas.berner\",\"@id\":\"https:\\\/\\\/www.organisator.ch\\\/#\\\/schema\\\/person\\\/6f650f90b2842cd4c0cc334b4e36f67e\"},\"headline\":\"Bank WIR k\u00fcndigt Wechsel im Verwaltungsrat an\",\"datePublished\":\"2022-11-28T07:11:22+00:00\",\"mainEntityOfPage\":{\"@id\":\"https:\\\/\\\/www.organisator.ch\\\/management\\\/2022-11-28\\\/bank-wir-kuendigt-wechsel-im-verwaltungsrat-an\\\/\"},\"wordCount\":253,\"publisher\":{\"@id\":\"https:\\\/\\\/www.organisator.ch\\\/#organization\"},\"image\":{\"@id\":\"https:\\\/\\\/www.organisator.ch\\\/management\\\/2022-11-28\\\/bank-wir-kuendigt-wechsel-im-verwaltungsrat-an\\\/#primaryimage\"},\"thumbnailUrl\":\"https:\\\/\\\/www.organisator.ch\\\/wp-content\\\/uploads\\\/2022\\\/11\\\/WIR-Bank-kuendigt-Wechsel-im-Verwaltungsrat-an-1_Organisator.jpg\",\"keywords\":[\"Banken\",\"Personalia\",\"Verwaltungsrat\"],\"articleSection\":[\"MANAGEMENT\"],\"inLanguage\":\"it-IT\"},{\"@type\":\"WebPage\",\"@id\":\"https:\\\/\\\/www.organisator.ch\\\/management\\\/2022-11-28\\\/bank-wir-kuendigt-wechsel-im-verwaltungsrat-an\\\/\",\"url\":\"https:\\\/\\\/www.organisator.ch\\\/management\\\/2022-11-28\\\/bank-wir-kuendigt-wechsel-im-verwaltungsrat-an\\\/\",\"name\":\"Bank WIR k\u00fcndigt Wechsel im Verwaltungsrat an - Organisator\",\"isPartOf\":{\"@id\":\"https:\\\/\\\/www.organisator.ch\\\/#website\"},\"primaryImageOfPage\":{\"@id\":\"https:\\\/\\\/www.organisator.ch\\\/management\\\/2022-11-28\\\/bank-wir-kuendigt-wechsel-im-verwaltungsrat-an\\\/#primaryimage\"},\"image\":{\"@id\":\"https:\\\/\\\/www.organisator.ch\\\/management\\\/2022-11-28\\\/bank-wir-kuendigt-wechsel-im-verwaltungsrat-an\\\/#primaryimage\"},\"thumbnailUrl\":\"https:\\\/\\\/www.organisator.ch\\\/wp-content\\\/uploads\\\/2022\\\/11\\\/WIR-Bank-kuendigt-Wechsel-im-Verwaltungsrat-an-1_Organisator.jpg\",\"datePublished\":\"2022-11-28T07:11:22+00:00\",\"description\":\"Wechsel im Verwaltungsrat: Karin Zahnd Cadoux, VR-Pr\u00e4sidentin der Bank WIR, wird an der GV im Mai 2023 nicht mehr zur Wiederwahl antreten.\",\"breadcrumb\":{\"@id\":\"https:\\\/\\\/www.organisator.ch\\\/management\\\/2022-11-28\\\/bank-wir-kuendigt-wechsel-im-verwaltungsrat-an\\\/#breadcrumb\"},\"inLanguage\":\"it-IT\",\"potentialAction\":[{\"@type\":\"ReadAction\",\"target\":[\"https:\\\/\\\/www.organisator.ch\\\/management\\\/2022-11-28\\\/bank-wir-kuendigt-wechsel-im-verwaltungsrat-an\\\/\"]}]},{\"@type\":\"ImageObject\",\"inLanguage\":\"it-IT\",\"@id\":\"https:\\\/\\\/www.organisator.ch\\\/management\\\/2022-11-28\\\/bank-wir-kuendigt-wechsel-im-verwaltungsrat-an\\\/#primaryimage\",\"url\":\"https:\\\/\\\/www.organisator.ch\\\/wp-content\\\/uploads\\\/2022\\\/11\\\/WIR-Bank-kuendigt-Wechsel-im-Verwaltungsrat-an-1_Organisator.jpg\",\"contentUrl\":\"https:\\\/\\\/www.organisator.ch\\\/wp-content\\\/uploads\\\/2022\\\/11\\\/WIR-Bank-kuendigt-Wechsel-im-Verwaltungsrat-an-1_Organisator.jpg\",\"width\":680,\"height\":680,\"caption\":\"Wird sich nicht mehr f\u00fcr die Wiederwahl zur Verf\u00fcgung stellen: Karin Zahnd Cadoux, VR-Pr\u00e4sidentin der WIR Bank. (Bild: zVg \\\/ WIR Bank)\"},{\"@type\":\"BreadcrumbList\",\"@id\":\"https:\\\/\\\/www.organisator.ch\\\/management\\\/2022-11-28\\\/bank-wir-kuendigt-wechsel-im-verwaltungsrat-an\\\/#breadcrumb\",\"itemListElement\":[{\"@type\":\"ListItem\",\"position\":1,\"name\":\"Home\",\"item\":\"https:\\\/\\\/www.organisator.ch\\\/\"},{\"@type\":\"ListItem\",\"position\":2,\"name\":\"Bank WIR k\u00fcndigt Wechsel im Verwaltungsrat an\"}]},{\"@type\":\"WebSite\",\"@id\":\"https:\\\/\\\/www.organisator.ch\\\/#website\",\"url\":\"https:\\\/\\\/www.organisator.ch\\\/\",\"name\":\"Organisator\",\"description\":\"Kompetent. Praxisnah. Der ORGANISATOR bereitet in 10 Ausgaben pro Jahr die wesentlichen Themen f\u00fcr F\u00fchrungskr\u00e4fte von KMU auf.\",\"publisher\":{\"@id\":\"https:\\\/\\\/www.organisator.ch\\\/#organization\"},\"potentialAction\":[{\"@type\":\"SearchAction\",\"target\":{\"@type\":\"EntryPoint\",\"urlTemplate\":\"https:\\\/\\\/www.organisator.ch\\\/?s={search_term_string}\"},\"query-input\":{\"@type\":\"PropertyValueSpecification\",\"valueRequired\":true,\"valueName\":\"search_term_string\"}}],\"inLanguage\":\"it-IT\"},{\"@type\":\"Organization\",\"@id\":\"https:\\\/\\\/www.organisator.ch\\\/#organization\",\"name\":\"Organisator\",\"url\":\"https:\\\/\\\/www.organisator.ch\\\/\",\"logo\":{\"@type\":\"ImageObject\",\"inLanguage\":\"it-IT\",\"@id\":\"https:\\\/\\\/www.organisator.ch\\\/#\\\/schema\\\/logo\\\/image\\\/\",\"url\":\"https:\\\/\\\/www.organisator.ch\\\/wp-content\\\/uploads\\\/2022\\\/01\\\/Logo_Organisator_Website.png\",\"contentUrl\":\"https:\\\/\\\/www.organisator.ch\\\/wp-content\\\/uploads\\\/2022\\\/01\\\/Logo_Organisator_Website.png\",\"width\":800,\"height\":77,\"caption\":\"Organisator\"},\"image\":{\"@id\":\"https:\\\/\\\/www.organisator.ch\\\/#\\\/schema\\\/logo\\\/image\\\/\"},\"sameAs\":[\"https:\\\/\\\/www.facebook.com\\\/OrganisatorFachmagazin\",\"https:\\\/\\\/www.linkedin.com\\\/showcase\\\/organisator-das-magazin-fr-kmu\",\"https:\\\/\\\/www.xing.com\\\/news\\\/pages\\\/organisator-ch-695\",\"https:\\\/\\\/www.youtube.com\\\/channel\\\/UCGP2Sq0iWaZwT3BdIAQFYpw\"]},{\"@type\":\"Person\",\"@id\":\"https:\\\/\\\/www.organisator.ch\\\/#\\\/schema\\\/person\\\/6f650f90b2842cd4c0cc334b4e36f67e\",\"name\":\"thomas.berner\",\"image\":{\"@type\":\"ImageObject\",\"inLanguage\":\"it-IT\",\"@id\":\"https:\\\/\\\/secure.gravatar.com\\\/avatar\\\/ac5001d2a36cb6c6cd3e50789007ffca834b477b74a2144564522e944eabff61?s=96&d=mm&r=g\",\"url\":\"https:\\\/\\\/secure.gravatar.com\\\/avatar\\\/ac5001d2a36cb6c6cd3e50789007ffca834b477b74a2144564522e944eabff61?s=96&d=mm&r=g\",\"contentUrl\":\"https:\\\/\\\/secure.gravatar.com\\\/avatar\\\/ac5001d2a36cb6c6cd3e50789007ffca834b477b74a2144564522e944eabff61?s=96&d=mm&r=g\",\"caption\":\"thomas.berner\"},\"url\":\"https:\\\/\\\/www.organisator.ch\\\/it\\\/author\\\/thomas-berner\\\/\"}]}<\/script>\n<!-- \/ Yoast SEO plugin. -->","yoast_head_json":{"title":"Bank WIR annuncia il cambio del Consiglio di amministrazione - Organizzatore","description":"Cambiamento nel Consiglio di amministrazione: Karin Zahnd Cadoux, Presidente del Consiglio di amministrazione di Bank WIR, non si candider\u00e0 per la rielezione all'Assemblea generale del maggio 2023.","robots":{"index":"index","follow":"follow","max-snippet":"max-snippet:-1","max-image-preview":"max-image-preview:large","max-video-preview":"max-video-preview:-1"},"canonical":"https:\/\/www.organisator.ch\/it\/gestione-2\/2022-11-28\/bank-wir-kuendigt-wechsel-im-verwaltungsrat-an\/","og_locale":"it_IT","og_type":"article","og_title":"Bank WIR k\u00fcndigt Wechsel im Verwaltungsrat an","og_description":"Wechsel im Verwaltungsrat: Karin Zahnd Cadoux, VR-Pr\u00e4sidentin der Bank WIR, wird an der GV im Mai 2023 nicht mehr zur Wiederwahl antreten.","og_url":"https:\/\/www.organisator.ch\/it\/gestione-2\/2022-11-28\/bank-wir-kuendigt-wechsel-im-verwaltungsrat-an\/","og_site_name":"Organisator","article_publisher":"https:\/\/www.facebook.com\/OrganisatorFachmagazin","article_published_time":"2022-11-28T07:11:22+00:00","og_image":[{"width":680,"height":680,"url":"https:\/\/www.organisator.ch\/wp-content\/uploads\/2022\/11\/WIR-Bank-kuendigt-Wechsel-im-Verwaltungsrat-an-1_Organisator.jpg","type":"image\/jpeg"}],"author":"thomas.berner","twitter_card":"summary_large_image","twitter_title":"Bank #WIR k\u00fcndigt Wechsel im #Verwaltungsrat an","twitter_description":"Wechsel im #Verwaltungsrat: Karin Zahnd #Cadoux, #VR-Pr\u00e4sidentin der Bank WIR, wird an der GV im Mai 2023 nicht mehr zur #Wiederwahl antreten.","twitter_image":"https:\/\/www.organisator.ch\/wp-content\/uploads\/2022\/11\/WIR-Bank-kuendigt-Wechsel-im-Verwaltungsrat-an-1_Organisator.jpg","schema":{"@context":"https:\/\/schema.org","@graph":[{"@type":"Article","@id":"https:\/\/www.organisator.ch\/management\/2022-11-28\/bank-wir-kuendigt-wechsel-im-verwaltungsrat-an\/#article","isPartOf":{"@id":"https:\/\/www.organisator.ch\/management\/2022-11-28\/bank-wir-kuendigt-wechsel-im-verwaltungsrat-an\/"},"author":{"name":"thomas.berner","@id":"https:\/\/www.organisator.ch\/#\/schema\/person\/6f650f90b2842cd4c0cc334b4e36f67e"},"headline":"Bank WIR k\u00fcndigt Wechsel im Verwaltungsrat an","datePublished":"2022-11-28T07:11:22+00:00","mainEntityOfPage":{"@id":"https:\/\/www.organisator.ch\/management\/2022-11-28\/bank-wir-kuendigt-wechsel-im-verwaltungsrat-an\/"},"wordCount":253,"publisher":{"@id":"https:\/\/www.organisator.ch\/#organization"},"image":{"@id":"https:\/\/www.organisator.ch\/management\/2022-11-28\/bank-wir-kuendigt-wechsel-im-verwaltungsrat-an\/#primaryimage"},"thumbnailUrl":"https:\/\/www.organisator.ch\/wp-content\/uploads\/2022\/11\/WIR-Bank-kuendigt-Wechsel-im-Verwaltungsrat-an-1_Organisator.jpg","keywords":["Banken","Personalia","Verwaltungsrat"],"articleSection":["MANAGEMENT"],"inLanguage":"it-IT"},{"@type":"WebPage","@id":"https:\/\/www.organisator.ch\/management\/2022-11-28\/bank-wir-kuendigt-wechsel-im-verwaltungsrat-an\/","url":"https:\/\/www.organisator.ch\/management\/2022-11-28\/bank-wir-kuendigt-wechsel-im-verwaltungsrat-an\/","name":"Bank WIR annuncia il cambio del Consiglio di amministrazione - Organizzatore","isPartOf":{"@id":"https:\/\/www.organisator.ch\/#website"},"primaryImageOfPage":{"@id":"https:\/\/www.organisator.ch\/management\/2022-11-28\/bank-wir-kuendigt-wechsel-im-verwaltungsrat-an\/#primaryimage"},"image":{"@id":"https:\/\/www.organisator.ch\/management\/2022-11-28\/bank-wir-kuendigt-wechsel-im-verwaltungsrat-an\/#primaryimage"},"thumbnailUrl":"https:\/\/www.organisator.ch\/wp-content\/uploads\/2022\/11\/WIR-Bank-kuendigt-Wechsel-im-Verwaltungsrat-an-1_Organisator.jpg","datePublished":"2022-11-28T07:11:22+00:00","description":"Cambiamento nel Consiglio di amministrazione: Karin Zahnd Cadoux, Presidente del Consiglio di amministrazione di Bank WIR, non si candider\u00e0 per la rielezione all'Assemblea generale del maggio 2023.","breadcrumb":{"@id":"https:\/\/www.organisator.ch\/management\/2022-11-28\/bank-wir-kuendigt-wechsel-im-verwaltungsrat-an\/#breadcrumb"},"inLanguage":"it-IT","potentialAction":[{"@type":"ReadAction","target":["https:\/\/www.organisator.ch\/management\/2022-11-28\/bank-wir-kuendigt-wechsel-im-verwaltungsrat-an\/"]}]},{"@type":"ImageObject","inLanguage":"it-IT","@id":"https:\/\/www.organisator.ch\/management\/2022-11-28\/bank-wir-kuendigt-wechsel-im-verwaltungsrat-an\/#primaryimage","url":"https:\/\/www.organisator.ch\/wp-content\/uploads\/2022\/11\/WIR-Bank-kuendigt-Wechsel-im-Verwaltungsrat-an-1_Organisator.jpg","contentUrl":"https:\/\/www.organisator.ch\/wp-content\/uploads\/2022\/11\/WIR-Bank-kuendigt-Wechsel-im-Verwaltungsrat-an-1_Organisator.jpg","width":680,"height":680,"caption":"Wird sich nicht mehr f\u00fcr die Wiederwahl zur Verf\u00fcgung stellen: Karin Zahnd Cadoux, VR-Pr\u00e4sidentin der WIR Bank. (Bild: zVg \/ WIR Bank)"},{"@type":"BreadcrumbList","@id":"https:\/\/www.organisator.ch\/management\/2022-11-28\/bank-wir-kuendigt-wechsel-im-verwaltungsrat-an\/#breadcrumb","itemListElement":[{"@type":"ListItem","position":1,"name":"Home","item":"https:\/\/www.organisator.ch\/"},{"@type":"ListItem","position":2,"name":"Bank WIR k\u00fcndigt Wechsel im Verwaltungsrat an"}]},{"@type":"WebSite","@id":"https:\/\/www.organisator.ch\/#website","url":"https:\/\/www.organisator.ch\/","name":"Organizzatore","description":"Competente. Pratico. In 10 numeri all'anno, ORGANISATOR presenta i temi essenziali per i manager delle PMI.","publisher":{"@id":"https:\/\/www.organisator.ch\/#organization"},"potentialAction":[{"@type":"SearchAction","target":{"@type":"EntryPoint","urlTemplate":"https:\/\/www.organisator.ch\/?s={search_term_string}"},"query-input":{"@type":"PropertyValueSpecification","valueRequired":true,"valueName":"search_term_string"}}],"inLanguage":"it-IT"},{"@type":"Organization","@id":"https:\/\/www.organisator.ch\/#organization","name":"Organizzatore","url":"https:\/\/www.organisator.ch\/","logo":{"@type":"ImageObject","inLanguage":"it-IT","@id":"https:\/\/www.organisator.ch\/#\/schema\/logo\/image\/","url":"https:\/\/www.organisator.ch\/wp-content\/uploads\/2022\/01\/Logo_Organisator_Website.png","contentUrl":"https:\/\/www.organisator.ch\/wp-content\/uploads\/2022\/01\/Logo_Organisator_Website.png","width":800,"height":77,"caption":"Organisator"},"image":{"@id":"https:\/\/www.organisator.ch\/#\/schema\/logo\/image\/"},"sameAs":["https:\/\/www.facebook.com\/OrganisatorFachmagazin","https:\/\/www.linkedin.com\/showcase\/organisator-das-magazin-fr-kmu","https:\/\/www.xing.com\/news\/pages\/organisator-ch-695","https:\/\/www.youtube.com\/channel\/UCGP2Sq0iWaZwT3BdIAQFYpw"]},{"@type":"Person","@id":"https:\/\/www.organisator.ch\/#\/schema\/person\/6f650f90b2842cd4c0cc334b4e36f67e","name":"Tommaso.berner","image":{"@type":"ImageObject","inLanguage":"it-IT","@id":"https:\/\/secure.gravatar.com\/avatar\/ac5001d2a36cb6c6cd3e50789007ffca834b477b74a2144564522e944eabff61?s=96&d=mm&r=g","url":"https:\/\/secure.gravatar.com\/avatar\/ac5001d2a36cb6c6cd3e50789007ffca834b477b74a2144564522e944eabff61?s=96&d=mm&r=g","contentUrl":"https:\/\/secure.gravatar.com\/avatar\/ac5001d2a36cb6c6cd3e50789007ffca834b477b74a2144564522e944eabff61?s=96&d=mm&r=g","caption":"thomas.berner"},"url":"https:\/\/www.organisator.ch\/it\/author\/thomas-berner\/"}]}},"_links":{"self":[{"href":"https:\/\/www.organisator.ch\/it\/wp-json\/wp\/v2\/posts\/17953","targetHints":{"allow":["GET"]}}],"collection":[{"href":"https:\/\/www.organisator.ch\/it\/wp-json\/wp\/v2\/posts"}],"about":[{"href":"https:\/\/www.organisator.ch\/it\/wp-json\/wp\/v2\/types\/post"}],"author":[{"embeddable":true,"href":"https:\/\/www.organisator.ch\/it\/wp-json\/wp\/v2\/users\/4"}],"replies":[{"embeddable":true,"href":"https:\/\/www.organisator.ch\/it\/wp-json\/wp\/v2\/comments?post=17953"}],"version-history":[{"count":1,"href":"https:\/\/www.organisator.ch\/it\/wp-json\/wp\/v2\/posts\/17953\/revisions"}],"predecessor-version":[{"id":17956,"href":"https:\/\/www.organisator.ch\/it\/wp-json\/wp\/v2\/posts\/17953\/revisions\/17956"}],"wp:featuredmedia":[{"embeddable":true,"href":"https:\/\/www.organisator.ch\/it\/wp-json\/wp\/v2\/media\/17954"}],"wp:attachment":[{"href":"https:\/\/www.organisator.ch\/it\/wp-json\/wp\/v2\/media?parent=17953"}],"wp:term":[{"taxonomy":"category","embeddable":true,"href":"https:\/\/www.organisator.ch\/it\/wp-json\/wp\/v2\/categories?post=17953"},{"taxonomy":"post_tag","embeddable":true,"href":"https:\/\/www.organisator.ch\/it\/wp-json\/wp\/v2\/tags?post=17953"}],"curies":[{"name":"wp","href":"https:\/\/api.w.org\/{rel}","templated":true}]}}