{"id":18047,"date":"2022-11-29T07:36:23","date_gmt":"2022-11-29T06:36:23","guid":{"rendered":"https:\/\/www.organisator.ch\/?p=18047"},"modified":"2022-12-02T11:36:43","modified_gmt":"2022-12-02T10:36:43","slug":"mangel-an-fachkraeften-erreicht-noch-nie-dagewesene-dimension","status":"publish","type":"post","link":"https:\/\/www.organisator.ch\/it\/human-resources\/2022-11-29\/mangel-an-fachkraeften-erreicht-noch-nie-dagewesene-dimension\/","title":{"rendered":"La carenza di lavoratori qualificati raggiunge dimensioni senza precedenti"},"content":{"rendered":"<figure id=\"attachment_18049\" aria-describedby=\"caption-attachment-18049\" style=\"width: 680px\" class=\"wp-caption alignnone\"><img loading=\"lazy\" decoding=\"async\" class=\"wp-image-18049 size-medium\" src=\"https:\/\/www.organisator.ch\/wp-content\/uploads\/2022\/11\/job-g4c33cfc67_1280-e1669703532866-680x380.png\" alt=\"\" width=\"680\" height=\"380\" srcset=\"https:\/\/www.organisator.ch\/wp-content\/uploads\/2022\/11\/job-g4c33cfc67_1280-e1669703532866-680x380.png 680w, https:\/\/www.organisator.ch\/wp-content\/uploads\/2022\/11\/job-g4c33cfc67_1280-e1669703532866-1024x573.png 1024w, https:\/\/www.organisator.ch\/wp-content\/uploads\/2022\/11\/job-g4c33cfc67_1280-e1669703532866-768x430.png 768w, https:\/\/www.organisator.ch\/wp-content\/uploads\/2022\/11\/job-g4c33cfc67_1280-e1669703532866-18x10.png 18w, https:\/\/www.organisator.ch\/wp-content\/uploads\/2022\/11\/job-g4c33cfc67_1280-e1669703532866-375x210.png 375w, https:\/\/www.organisator.ch\/wp-content\/uploads\/2022\/11\/job-g4c33cfc67_1280-e1669703532866-626x350.png 626w, https:\/\/www.organisator.ch\/wp-content\/uploads\/2022\/11\/job-g4c33cfc67_1280-e1669703532866-1000x559.png 1000w, https:\/\/www.organisator.ch\/wp-content\/uploads\/2022\/11\/job-g4c33cfc67_1280-e1669703532866.png 1280w\" sizes=\"auto, (max-width: 680px) 100vw, 680px\" \/><figcaption id=\"caption-attachment-18049\" class=\"wp-caption-text\">I posti di lavoro sono abbondanti, ma c'\u00e8 anche una grande carenza di lavoratori qualificati. (Immagine: Pixabay.com)<\/figcaption><\/figure>\n<p>Il reclutamento di nuovo personale per le aziende sta diventando sempre pi\u00f9 una sfida importante. C'\u00e8 una carenza di lavoratori qualificati in tutti i settori. In particolare, i posti di lavoro per specialisti del settore sanitario, informatico e ingegneristico sono attualmente molto difficili da coprire. Lo dimostrano lo Skills Shortage Index di Adecco Group Switzerland e il Job Market Monitor Switzerland dell'Universit\u00e0 di Zurigo.<\/p>\n<h3>La pandemia di Corona: una maledizione e una benedizione per il mercato del lavoro svizzero<\/h3>\n<p>La pandemia di Corona ha avuto un impatto notevole sul mercato del lavoro svizzero negli ultimi due anni. Lo scoppio della pandemia e le misure di accompagnamento hanno rallentato pesantemente ampie parti dell'economia nel 2020 e nel 2021. Nonostante l'introduzione di misure di sostegno economico ad ampio raggio, nonch\u00e9 l'espansione e la semplificazione della compensazione per il lavoro a tempo ridotto, gli effetti sul mercato del lavoro sono stati chiaramente avvertiti. I dati sulla disoccupazione sono aumentati. Allo stesso tempo, le aziende hanno cercato un numero sensibilmente inferiore di personale, come si evince dal calo del Job Index. Questi due effetti opposti hanno fatto s\u00ec che la domanda di lavoratori qualificati raggiungesse il minimo nel 2021.<\/p>\n<p>Solo con l'accesso alla vaccinazione e la graduale abolizione delle misure, la necessit\u00e0 di consumo \u00e8 aumentata a dismisura, sia a livello nazionale che internazionale. La forte ripresa economica ha spinto il numero di annunci di lavoro a raggiungere rapidamente nuovi record. Le aziende di tutti i settori hanno avuto bisogno di un numero significativamente maggiore di personale in un colpo solo per soddisfare l'aumento della domanda. L'aumento della domanda di personale ha fatto s\u00ec che i dati sulla disoccupazione diminuissero drasticamente. Mentre la SECO contava 120.294 disoccupati nel settembre 2021, questo numero \u00e8 sceso a 89.526 nel settembre 2022. Anche i gruppi di disoccupati che di solito hanno un periodo di collocamento pi\u00f9 lungo, come i 50-64enni (-25,6%) e i disoccupati di lunga durata (-47%), hanno beneficiato della sete di personale delle aziende.<\/p>\n<h3>Valori record ovunque si guardi<\/h3>\n<p>Nonostante questi risultati, il forte aumento della carenza di lavoratori qualificati sta causando preoccupazione tra gli esperti del mercato del lavoro: L'indice di carenza di manodopera qualificata ha raggiunto quest'anno la cifra record di 155 punti, un valore mai registrato prima. Rispetto al 2021, l'indice attuale \u00e8 superiore di ben 68%. Inoltre, supera il valore dell'anno pre-crisi 2019 di 21%.<\/p>\n<figure id=\"attachment_18048\" aria-describedby=\"caption-attachment-18048\" style=\"width: 680px\" class=\"wp-caption alignnone\"><img loading=\"lazy\" decoding=\"async\" class=\"size-medium wp-image-18048\" src=\"https:\/\/www.organisator.ch\/wp-content\/uploads\/2022\/11\/Mangel-an-Fachkraeften-erreicht-noch-nie-dagewesene-Dimension-2_Orgaisator-680x273.jpeg\" alt=\"\" width=\"680\" height=\"273\" srcset=\"https:\/\/www.organisator.ch\/wp-content\/uploads\/2022\/11\/Mangel-an-Fachkraeften-erreicht-noch-nie-dagewesene-Dimension-2_Orgaisator-680x273.jpeg 680w, https:\/\/www.organisator.ch\/wp-content\/uploads\/2022\/11\/Mangel-an-Fachkraeften-erreicht-noch-nie-dagewesene-Dimension-2_Orgaisator-1024x412.jpeg 1024w, https:\/\/www.organisator.ch\/wp-content\/uploads\/2022\/11\/Mangel-an-Fachkraeften-erreicht-noch-nie-dagewesene-Dimension-2_Orgaisator-768x309.jpeg 768w, https:\/\/www.organisator.ch\/wp-content\/uploads\/2022\/11\/Mangel-an-Fachkraeften-erreicht-noch-nie-dagewesene-Dimension-2_Orgaisator-18x7.jpeg 18w, https:\/\/www.organisator.ch\/wp-content\/uploads\/2022\/11\/Mangel-an-Fachkraeften-erreicht-noch-nie-dagewesene-Dimension-2_Orgaisator-375x151.jpeg 375w, https:\/\/www.organisator.ch\/wp-content\/uploads\/2022\/11\/Mangel-an-Fachkraeften-erreicht-noch-nie-dagewesene-Dimension-2_Orgaisator-760x306.jpeg 760w, https:\/\/www.organisator.ch\/wp-content\/uploads\/2022\/11\/Mangel-an-Fachkraeften-erreicht-noch-nie-dagewesene-Dimension-2_Orgaisator-1000x402.jpeg 1000w, https:\/\/www.organisator.ch\/wp-content\/uploads\/2022\/11\/Mangel-an-Fachkraeften-erreicht-noch-nie-dagewesene-Dimension-2_Orgaisator.jpeg 1144w\" sizes=\"auto, (max-width: 680px) 100vw, 680px\" \/><figcaption id=\"caption-attachment-18048\" class=\"wp-caption-text\">Indice di carenza di competenze, indice di occupazione, tasso di disoccupazione. (Grafico: Gruppo Adecco)<\/figcaption><\/figure>\n<p>Uno sguardo alle regioni linguistiche mostra che sia la Svizzera di lingua tedesca che quella di lingua latina hanno raggiunto livelli record, con un aumento della domanda di lavoratori qualificati nella Svizzera di lingua tedesca (+77%) significativamente maggiore rispetto alla Svizzera di lingua latina (+48%). La differenza di crescita tra le regioni linguistiche \u00e8 dovuta principalmente al fatto che, all'inizio della pandemia, la Svizzera tedesca ha subito un crollo della domanda di lavoratori qualificati significativamente maggiore rispetto alla Svizzera latina. Il mercato del lavoro della Svizzera tedesca aveva quindi un potenziale di recupero decisamente maggiore, che ora si sta manifestando con una ripresa pi\u00f9 decisa.<\/p>\n<p>\"La pandemia di Corona \u00e8 stata una corsa sulle montagne russe per il mercato del lavoro svizzero. Mentre l'anno scorso la domanda di lavoratori qualificati ha toccato il minimo storico, quest'anno \u00e8 schizzata a un livello senza precedenti. Il pensionamento dei baby boomer e la discussione sulla delocalizzazione o quasi delocalizzazione delle attivit\u00e0 produttive a causa delle incertezze globali faranno probabilmente aumentare ulteriormente la domanda di lavoratori qualificati. Per questo motivo le aziende scelgono sempre pi\u00f9 spesso i propri dipendenti e non il contrario\", afferma Marcel Keller, Country Head Adecco Switzerland.<\/p>\n<h3>La maggiore carenza di personale tra gli specialisti delle professioni sanitarie<\/h3>\n<p>Gli specialisti delle professioni sanitarie (ad esempio medici specialisti, personale infermieristico specializzato o farmacisti) occupano il primo posto nella classifica della carenza di lavoratori qualificati. La carenza di lavoratori qualificati in questo gruppo professionale era gi\u00e0 evidente prima della pandemia. Da allora la carenza si \u00e8 aggravata. Corinne Scheiber, responsabile di Adecco Medical, afferma: \"Una delle ragioni dell'aggravarsi della carenza di professionisti della salute \u00e8 che la Svizzera non forma un numero sufficiente di operatori sanitari specializzati per soddisfare l'effettiva domanda di questi professionisti. Per colmare questa lacuna, una parte considerevole dei professionisti della salute viene reclutata all'estero. Ad esempio, secondo l'Osservatorio svizzero della salute, la percentuale di personale infermieristico qualificato con un diploma straniero negli ospedali e nelle case di cura svizzeri ha raggiunto il 30% nel 2019. Le statistiche sui medici della FMH giungono a una conclusione simile per quanto riguarda i medici. Molti operatori sanitari provengono dai Paesi vicini. In questi Paesi, tuttavia, si registra anche una crescente carenza di specialisti della salute. La concorrenza per questi professionisti si \u00e8 quindi intensificata. Inoltre, Yanik Kipfer del Job Market Monitor Switzerland afferma: \"La crescente carenza di specialisti sta mettendo ulteriore pressione sul personale sanitario esistente, poich\u00e9 il carico di lavoro aumenta a causa della mancanza di personale\". Corinne Scheiber aggiunge: \"\u00c8 evidente la frustrazione per le difficili condizioni di lavoro e per la lenta attuazione dell'iniziativa infermieristica. Di conseguenza, molti professionisti optano per posizioni temporanee, che promettono una retribuzione migliore e una maggiore flessibilit\u00e0 rispetto al lavoro a tempo indeterminato.\"<\/p>\n<p>Il secondo posto va agli sviluppatori e agli analisti di software e applicazioni IT (ad esempio ingegneri informatici, sviluppatori di software o analisti di sistema). Analogamente agli specialisti delle professioni sanitarie, questo gruppo occupazionale sta sperimentando una significativa carenza di lavoratori qualificati da diversi anni, e quest'anno la carenza si \u00e8 nuovamente aggravata e ha raggiunto il massimo storico. James Peck, vicepresidente di LHH Recruitment Solutions Svizzera, afferma: \"Sono particolarmente ricercati gli sviluppatori di software con esperienza in linguaggi di programmazione orientati agli oggetti come Java o C# e gli sviluppatori di software front-end con conoscenza dei framework Angular o React. \u00c8 piuttosto sorprendente che il gruppo professionale dei tecnici dell'informazione e della comunicazione (ad esempio, gestori di contenuti web, specialisti di telematica o specialisti di e-commerce) abbia perso undici posizioni quest'anno. Questo dopo che nel 2021 la domanda di lavoratori qualificati in questo gruppo occupazionale era aumentata notevolmente. Yanik Kipfer del Job Market Monitor spiega: \"I tecnici dell'informazione e della comunicazione sembrano aver beneficiato dell'aumento della domanda di soluzioni di e-commerce indotto dalla corona. Tuttavia, il boom dell'e-commerce sembra ora tornare alla normalit\u00e0, come rilevato dalla Swiss Retail Federation. Ci\u00f2 causa anche una stagnazione della domanda di questi professionisti\".<\/p>\n<h3>La costante carenza di lavoratori qualificati nel settore<\/h3>\n<p>Oltre ai capisquadra, ai capisquadra e ai responsabili della produzione, che occupano il quarto posto, anche le professioni industriali sono chiaramente interessate da una carenza di lavoratori qualificati. Ad esempio, i tecnici di ingegneria e gli operai specializzati analoghi (ad esempio tecnici meccanici, elettrotecnici o controllori di processo nella produzione di metalli) occupano il terzo posto e i polimeccanici, i meccanici di produzione, i meccanici di macchine e i montatori il quinto. La carenza di lavoratori qualificati in questi gruppi occupazionali \u00e8 aumentata notevolmente rispetto all'anno precedente. Yanik Kipfer del Job Market Monitor Switzerland afferma: \"La forte domanda di lavoratori qualificati nelle professioni industriali dimostra che la Svizzera continua ad avere una forte base industriale\". James Peck, vicepresidente di LHH Recruitment Solutions Switzerland, spiega: \"Per resistere alla concorrenza internazionale per i prodotti industriali, l'industria svizzera si \u00e8 specializzata in prodotti di nicchia complessi e tecnicamente impegnativi, come la produzione di utensili di precisione, le tecnologie mediche o lo sviluppo e la costruzione di sottosistemi per il settore aerospaziale. Ne derivano diverse nicchie di mercato per le professioni industriali, in cui si cercano candidati con competenze molto specifiche. Queste competenze sono difficilmente trasferibili ad altre nicchie, il che rende pi\u00f9 difficile la ricerca di professionisti adatti\". Inoltre, Tom Vanoirbeek, vicepresidente di Adecco Workforce Solutions Western &amp; Southern Switzerland, aggiunge: \"Soprattutto nelle professioni tecniche come quelle dell'industria orologiera, ci troviamo di fronte a una significativa carenza di competenze, che riguarda non solo le persone altamente qualificate ma anche quelle poco qualificate. Adecco Svizzera ha quindi fondato la Watch Academy a Ginevra per investire in nuovi talenti. La missione dell'Accademia orologiera \u00e8 quella di formare persone qualificate per diventare orologiai, consentendo loro di entrare in questo settore unico\".<\/p>\n<h3>Gruppi professionali con un'offerta eccessiva di lavoratori qualificati<\/h3>\n<p>Non c'\u00e8 carenza di lavoratori qualificati ovunque. In fondo alla classifica ci sono i gruppi professionali in cui c'\u00e8 un eccesso di offerta di lavoratori qualificati. In queste professioni, il numero di persone in cerca di lavoro \u00e8 superiore a quello dei posti vacanti. All'ultimo posto ci sono gli operai non qualificati, gli operai qualificati dell'agricoltura, della silvicoltura e della pesca (ad esempio aiuto cuochi, giardinieri o addetti alla consegna dei pacchi), seguiti dai dirigenti e dagli impiegati generici e di segreteria e da altri impiegati (ad esempio addetti all'inserimento dati, assistenti di biblioteca o correttori di bozze). Per molti gruppi professionali del segmento inferiore della classifica, la domanda di lavoratori qualificati \u00e8 diminuita drasticamente con lo scoppio della pandemia. Tuttavia, si pu\u00f2 ora osservare che la carenza di lavoratori qualificati sta peggiorando sensibilmente anche per i gruppi professionali con un eccesso di offerta di lavoratori qualificati. Ci\u00f2 significa che in questi gruppi occupazionali la situazione per i lavoratori sta migliorando in modo significativo rispetto all'anno precedente, poich\u00e9 un numero minore di persone in cerca di lavoro si contende i posti vacanti. Allo stesso tempo, per\u00f2, questo significa che per le aziende diventa sempre pi\u00f9 difficile trovare lavoratori qualificati adeguati, anche nei gruppi professionali in fondo alla classifica.<\/p>\n<p><em>Fonte: <a href=\"https:\/\/www.adecco.ch\/de-ch\/ueber-adecco-werte\">Gruppo Adecco<\/a><\/em><\/p>","protected":false},"excerpt":{"rendered":"<p>Die Rekrutierung von neuem Personal f\u00fcr Unternehmen entwickelt sich immer mehr zu einer grossen Herausforderung. \u00dcber alle Branchen hinweg herrscht Mangel an Fachkr\u00e4ften. Insbesondere Stellen f\u00fcr Gesundheitsspezialist:innen, IT-Fachkr\u00e4fte und Ingenieurtechnische Fachkr\u00e4fte sind aktuell sehr schwierig zu besetzen. Dies zeigt der Fachkr\u00e4ftemangel-Index der Adecco Gruppe Schweiz und des Stellenmarkt-Monitors Schweiz der Universit\u00e4t Z\u00fcrich. Corona-Pandemie: Ein Fluch [&hellip;]<\/p>\n","protected":false},"author":4,"featured_media":18049,"comment_status":"closed","ping_status":"closed","sticky":false,"template":"","format":"standard","meta":{"_acf_changed":false,"_yoast_wpseo_focuskw":"Mangel an Fachkr\u00e4ften","_yoast_wpseo_metadesc":"Nach einer coronabedingten Entspannungsphase spitzt sich der Mangel an Fachkr\u00e4ften in der Schweiz nun drastisch zu.","articlekey":"","footnotes":""},"categories":[579],"tags":[194,254,407,459],"class_list":["post-18047","post","type-post","status-publish","format-standard","has-post-thumbnail","hentry","category-human-resources","tag-fachkraeftemangel","tag-hrm","tag-recruiting","tag-studie"],"acf":[],"yoast_head":"<!-- This site is optimized with the Yoast SEO plugin v27.4 - https:\/\/yoast.com\/product\/yoast-seo-wordpress\/ -->\n<title>Mangel an Fachkr\u00e4ften erreicht noch nie dagewesene Dimension - Organisator<\/title>\n<meta name=\"description\" content=\"Nach einer coronabedingten Entspannungsphase spitzt sich der Mangel an Fachkr\u00e4ften in der Schweiz nun drastisch zu.\" \/>\n<meta name=\"robots\" content=\"index, follow, max-snippet:-1, max-image-preview:large, max-video-preview:-1\" \/>\n<link rel=\"canonical\" href=\"https:\/\/www.organisator.ch\/it\/risorse-umane\/2022-11-29\/mangel-an-fachkraeften-erreicht-noch-nie-dagewesene-dimension\/\" \/>\n<meta property=\"og:locale\" content=\"it_IT\" \/>\n<meta property=\"og:type\" content=\"article\" \/>\n<meta property=\"og:title\" content=\"Mangel an Fachkr\u00e4ften erreicht noch nie dagewesene Dimension\" \/>\n<meta property=\"og:description\" content=\"Nach einer coronabedingten Entspannungsphase spitzt sich der Mangel an Fachkr\u00e4ften in der Schweiz nun drastisch zu.\" \/>\n<meta property=\"og:url\" content=\"https:\/\/www.organisator.ch\/it\/risorse-umane\/2022-11-29\/mangel-an-fachkraeften-erreicht-noch-nie-dagewesene-dimension\/\" \/>\n<meta property=\"og:site_name\" content=\"Organisator\" \/>\n<meta property=\"article:publisher\" content=\"https:\/\/www.facebook.com\/OrganisatorFachmagazin\" \/>\n<meta property=\"article:published_time\" content=\"2022-11-29T06:36:23+00:00\" \/>\n<meta property=\"article:modified_time\" content=\"2022-12-02T10:36:43+00:00\" \/>\n<meta property=\"og:image\" content=\"https:\/\/www.organisator.ch\/wp-content\/uploads\/2022\/11\/job-g4c33cfc67_1280-e1669703532866.png\" \/>\n\t<meta property=\"og:image:width\" content=\"1280\" \/>\n\t<meta property=\"og:image:height\" content=\"716\" \/>\n\t<meta property=\"og:image:type\" content=\"image\/png\" \/>\n<meta name=\"author\" content=\"thomas.berner\" \/>\n<meta name=\"twitter:card\" content=\"summary_large_image\" \/>\n<meta name=\"twitter:title\" content=\"Mangel an Fachkr\u00e4ften erreicht noch nie dagewesene Dimension\" \/>\n<meta name=\"twitter:description\" content=\"Nach einer coronabedingten Entspannungsphase spitzt sich der Mangel an Fachkr\u00e4ften in der Schweiz nun drastisch zu.\" \/>\n<meta name=\"twitter:image\" content=\"https:\/\/www.organisator.ch\/wp-content\/uploads\/2022\/11\/job-g4c33cfc67_1280-e1669703532866.png\" \/>\n<script type=\"application\/ld+json\" class=\"yoast-schema-graph\">{\"@context\":\"https:\\\/\\\/schema.org\",\"@graph\":[{\"@type\":\"Article\",\"@id\":\"https:\\\/\\\/www.organisator.ch\\\/human-resources\\\/2022-11-29\\\/mangel-an-fachkraeften-erreicht-noch-nie-dagewesene-dimension\\\/#article\",\"isPartOf\":{\"@id\":\"https:\\\/\\\/www.organisator.ch\\\/human-resources\\\/2022-11-29\\\/mangel-an-fachkraeften-erreicht-noch-nie-dagewesene-dimension\\\/\"},\"author\":{\"name\":\"thomas.berner\",\"@id\":\"https:\\\/\\\/www.organisator.ch\\\/#\\\/schema\\\/person\\\/6f650f90b2842cd4c0cc334b4e36f67e\"},\"headline\":\"Mangel an Fachkr\u00e4ften erreicht noch nie dagewesene Dimension\",\"datePublished\":\"2022-11-29T06:36:23+00:00\",\"dateModified\":\"2022-12-02T10:36:43+00:00\",\"mainEntityOfPage\":{\"@id\":\"https:\\\/\\\/www.organisator.ch\\\/human-resources\\\/2022-11-29\\\/mangel-an-fachkraeften-erreicht-noch-nie-dagewesene-dimension\\\/\"},\"wordCount\":1490,\"publisher\":{\"@id\":\"https:\\\/\\\/www.organisator.ch\\\/#organization\"},\"image\":{\"@id\":\"https:\\\/\\\/www.organisator.ch\\\/human-resources\\\/2022-11-29\\\/mangel-an-fachkraeften-erreicht-noch-nie-dagewesene-dimension\\\/#primaryimage\"},\"thumbnailUrl\":\"https:\\\/\\\/www.organisator.ch\\\/wp-content\\\/uploads\\\/2022\\\/11\\\/job-g4c33cfc67_1280-e1669703532866.png\",\"keywords\":[\"Fachkr\u00e4ftemangel\",\"HRM\",\"Recruiting\",\"Studie\"],\"articleSection\":[\"HUMAN RESOURCES\"],\"inLanguage\":\"it-IT\"},{\"@type\":\"WebPage\",\"@id\":\"https:\\\/\\\/www.organisator.ch\\\/human-resources\\\/2022-11-29\\\/mangel-an-fachkraeften-erreicht-noch-nie-dagewesene-dimension\\\/\",\"url\":\"https:\\\/\\\/www.organisator.ch\\\/human-resources\\\/2022-11-29\\\/mangel-an-fachkraeften-erreicht-noch-nie-dagewesene-dimension\\\/\",\"name\":\"Mangel an Fachkr\u00e4ften erreicht noch nie dagewesene Dimension - Organisator\",\"isPartOf\":{\"@id\":\"https:\\\/\\\/www.organisator.ch\\\/#website\"},\"primaryImageOfPage\":{\"@id\":\"https:\\\/\\\/www.organisator.ch\\\/human-resources\\\/2022-11-29\\\/mangel-an-fachkraeften-erreicht-noch-nie-dagewesene-dimension\\\/#primaryimage\"},\"image\":{\"@id\":\"https:\\\/\\\/www.organisator.ch\\\/human-resources\\\/2022-11-29\\\/mangel-an-fachkraeften-erreicht-noch-nie-dagewesene-dimension\\\/#primaryimage\"},\"thumbnailUrl\":\"https:\\\/\\\/www.organisator.ch\\\/wp-content\\\/uploads\\\/2022\\\/11\\\/job-g4c33cfc67_1280-e1669703532866.png\",\"datePublished\":\"2022-11-29T06:36:23+00:00\",\"dateModified\":\"2022-12-02T10:36:43+00:00\",\"description\":\"Nach einer coronabedingten Entspannungsphase spitzt sich der Mangel an Fachkr\u00e4ften in der Schweiz nun drastisch zu.\",\"breadcrumb\":{\"@id\":\"https:\\\/\\\/www.organisator.ch\\\/human-resources\\\/2022-11-29\\\/mangel-an-fachkraeften-erreicht-noch-nie-dagewesene-dimension\\\/#breadcrumb\"},\"inLanguage\":\"it-IT\",\"potentialAction\":[{\"@type\":\"ReadAction\",\"target\":[\"https:\\\/\\\/www.organisator.ch\\\/human-resources\\\/2022-11-29\\\/mangel-an-fachkraeften-erreicht-noch-nie-dagewesene-dimension\\\/\"]}]},{\"@type\":\"ImageObject\",\"inLanguage\":\"it-IT\",\"@id\":\"https:\\\/\\\/www.organisator.ch\\\/human-resources\\\/2022-11-29\\\/mangel-an-fachkraeften-erreicht-noch-nie-dagewesene-dimension\\\/#primaryimage\",\"url\":\"https:\\\/\\\/www.organisator.ch\\\/wp-content\\\/uploads\\\/2022\\\/11\\\/job-g4c33cfc67_1280-e1669703532866.png\",\"contentUrl\":\"https:\\\/\\\/www.organisator.ch\\\/wp-content\\\/uploads\\\/2022\\\/11\\\/job-g4c33cfc67_1280-e1669703532866.png\",\"width\":1280,\"height\":716,\"caption\":\"Jobs gibt es jede Menge, es herrscht aber auch grosser Mangel an Fachkr\u00e4ften. (Bild: Pixabay.com)\"},{\"@type\":\"BreadcrumbList\",\"@id\":\"https:\\\/\\\/www.organisator.ch\\\/human-resources\\\/2022-11-29\\\/mangel-an-fachkraeften-erreicht-noch-nie-dagewesene-dimension\\\/#breadcrumb\",\"itemListElement\":[{\"@type\":\"ListItem\",\"position\":1,\"name\":\"Home\",\"item\":\"https:\\\/\\\/www.organisator.ch\\\/\"},{\"@type\":\"ListItem\",\"position\":2,\"name\":\"Mangel an Fachkr\u00e4ften erreicht noch nie dagewesene Dimension\"}]},{\"@type\":\"WebSite\",\"@id\":\"https:\\\/\\\/www.organisator.ch\\\/#website\",\"url\":\"https:\\\/\\\/www.organisator.ch\\\/\",\"name\":\"Organisator\",\"description\":\"Kompetent. Praxisnah. Der ORGANISATOR bereitet in 10 Ausgaben pro Jahr die wesentlichen Themen f\u00fcr F\u00fchrungskr\u00e4fte von KMU auf.\",\"publisher\":{\"@id\":\"https:\\\/\\\/www.organisator.ch\\\/#organization\"},\"potentialAction\":[{\"@type\":\"SearchAction\",\"target\":{\"@type\":\"EntryPoint\",\"urlTemplate\":\"https:\\\/\\\/www.organisator.ch\\\/?s={search_term_string}\"},\"query-input\":{\"@type\":\"PropertyValueSpecification\",\"valueRequired\":true,\"valueName\":\"search_term_string\"}}],\"inLanguage\":\"it-IT\"},{\"@type\":\"Organization\",\"@id\":\"https:\\\/\\\/www.organisator.ch\\\/#organization\",\"name\":\"Organisator\",\"url\":\"https:\\\/\\\/www.organisator.ch\\\/\",\"logo\":{\"@type\":\"ImageObject\",\"inLanguage\":\"it-IT\",\"@id\":\"https:\\\/\\\/www.organisator.ch\\\/#\\\/schema\\\/logo\\\/image\\\/\",\"url\":\"https:\\\/\\\/www.organisator.ch\\\/wp-content\\\/uploads\\\/2022\\\/01\\\/Logo_Organisator_Website.png\",\"contentUrl\":\"https:\\\/\\\/www.organisator.ch\\\/wp-content\\\/uploads\\\/2022\\\/01\\\/Logo_Organisator_Website.png\",\"width\":800,\"height\":77,\"caption\":\"Organisator\"},\"image\":{\"@id\":\"https:\\\/\\\/www.organisator.ch\\\/#\\\/schema\\\/logo\\\/image\\\/\"},\"sameAs\":[\"https:\\\/\\\/www.facebook.com\\\/OrganisatorFachmagazin\",\"https:\\\/\\\/www.linkedin.com\\\/showcase\\\/organisator-das-magazin-fr-kmu\",\"https:\\\/\\\/www.xing.com\\\/news\\\/pages\\\/organisator-ch-695\",\"https:\\\/\\\/www.youtube.com\\\/channel\\\/UCGP2Sq0iWaZwT3BdIAQFYpw\"]},{\"@type\":\"Person\",\"@id\":\"https:\\\/\\\/www.organisator.ch\\\/#\\\/schema\\\/person\\\/6f650f90b2842cd4c0cc334b4e36f67e\",\"name\":\"thomas.berner\",\"image\":{\"@type\":\"ImageObject\",\"inLanguage\":\"it-IT\",\"@id\":\"https:\\\/\\\/secure.gravatar.com\\\/avatar\\\/ac5001d2a36cb6c6cd3e50789007ffca834b477b74a2144564522e944eabff61?s=96&d=mm&r=g\",\"url\":\"https:\\\/\\\/secure.gravatar.com\\\/avatar\\\/ac5001d2a36cb6c6cd3e50789007ffca834b477b74a2144564522e944eabff61?s=96&d=mm&r=g\",\"contentUrl\":\"https:\\\/\\\/secure.gravatar.com\\\/avatar\\\/ac5001d2a36cb6c6cd3e50789007ffca834b477b74a2144564522e944eabff61?s=96&d=mm&r=g\",\"caption\":\"thomas.berner\"},\"url\":\"https:\\\/\\\/www.organisator.ch\\\/it\\\/author\\\/thomas-berner\\\/\"}]}<\/script>\n<!-- \/ Yoast SEO plugin. -->","yoast_head_json":{"title":"La carenza di lavoratori qualificati raggiunge una dimensione senza precedenti - Organizzatore","description":"Dopo una fase di attenuazione indotta dalla corona, la carenza di lavoratori qualificati in Svizzera si sta ora manifestando in modo drastico.","robots":{"index":"index","follow":"follow","max-snippet":"max-snippet:-1","max-image-preview":"max-image-preview:large","max-video-preview":"max-video-preview:-1"},"canonical":"https:\/\/www.organisator.ch\/it\/risorse-umane\/2022-11-29\/mangel-an-fachkraeften-erreicht-noch-nie-dagewesene-dimension\/","og_locale":"it_IT","og_type":"article","og_title":"Mangel an Fachkr\u00e4ften erreicht noch nie dagewesene Dimension","og_description":"Nach einer coronabedingten Entspannungsphase spitzt sich der Mangel an Fachkr\u00e4ften in der Schweiz nun drastisch zu.","og_url":"https:\/\/www.organisator.ch\/it\/risorse-umane\/2022-11-29\/mangel-an-fachkraeften-erreicht-noch-nie-dagewesene-dimension\/","og_site_name":"Organisator","article_publisher":"https:\/\/www.facebook.com\/OrganisatorFachmagazin","article_published_time":"2022-11-29T06:36:23+00:00","article_modified_time":"2022-12-02T10:36:43+00:00","og_image":[{"width":1280,"height":716,"url":"https:\/\/www.organisator.ch\/wp-content\/uploads\/2022\/11\/job-g4c33cfc67_1280-e1669703532866.png","type":"image\/png"}],"author":"thomas.berner","twitter_card":"summary_large_image","twitter_title":"Mangel an Fachkr\u00e4ften erreicht noch nie dagewesene Dimension","twitter_description":"Nach einer coronabedingten Entspannungsphase spitzt sich der Mangel an Fachkr\u00e4ften in der Schweiz nun drastisch zu.","twitter_image":"https:\/\/www.organisator.ch\/wp-content\/uploads\/2022\/11\/job-g4c33cfc67_1280-e1669703532866.png","schema":{"@context":"https:\/\/schema.org","@graph":[{"@type":"Article","@id":"https:\/\/www.organisator.ch\/human-resources\/2022-11-29\/mangel-an-fachkraeften-erreicht-noch-nie-dagewesene-dimension\/#article","isPartOf":{"@id":"https:\/\/www.organisator.ch\/human-resources\/2022-11-29\/mangel-an-fachkraeften-erreicht-noch-nie-dagewesene-dimension\/"},"author":{"name":"thomas.berner","@id":"https:\/\/www.organisator.ch\/#\/schema\/person\/6f650f90b2842cd4c0cc334b4e36f67e"},"headline":"Mangel an Fachkr\u00e4ften erreicht noch nie dagewesene Dimension","datePublished":"2022-11-29T06:36:23+00:00","dateModified":"2022-12-02T10:36:43+00:00","mainEntityOfPage":{"@id":"https:\/\/www.organisator.ch\/human-resources\/2022-11-29\/mangel-an-fachkraeften-erreicht-noch-nie-dagewesene-dimension\/"},"wordCount":1490,"publisher":{"@id":"https:\/\/www.organisator.ch\/#organization"},"image":{"@id":"https:\/\/www.organisator.ch\/human-resources\/2022-11-29\/mangel-an-fachkraeften-erreicht-noch-nie-dagewesene-dimension\/#primaryimage"},"thumbnailUrl":"https:\/\/www.organisator.ch\/wp-content\/uploads\/2022\/11\/job-g4c33cfc67_1280-e1669703532866.png","keywords":["Fachkr\u00e4ftemangel","HRM","Recruiting","Studie"],"articleSection":["HUMAN RESOURCES"],"inLanguage":"it-IT"},{"@type":"WebPage","@id":"https:\/\/www.organisator.ch\/human-resources\/2022-11-29\/mangel-an-fachkraeften-erreicht-noch-nie-dagewesene-dimension\/","url":"https:\/\/www.organisator.ch\/human-resources\/2022-11-29\/mangel-an-fachkraeften-erreicht-noch-nie-dagewesene-dimension\/","name":"La carenza di lavoratori qualificati raggiunge una dimensione senza precedenti - Organizzatore","isPartOf":{"@id":"https:\/\/www.organisator.ch\/#website"},"primaryImageOfPage":{"@id":"https:\/\/www.organisator.ch\/human-resources\/2022-11-29\/mangel-an-fachkraeften-erreicht-noch-nie-dagewesene-dimension\/#primaryimage"},"image":{"@id":"https:\/\/www.organisator.ch\/human-resources\/2022-11-29\/mangel-an-fachkraeften-erreicht-noch-nie-dagewesene-dimension\/#primaryimage"},"thumbnailUrl":"https:\/\/www.organisator.ch\/wp-content\/uploads\/2022\/11\/job-g4c33cfc67_1280-e1669703532866.png","datePublished":"2022-11-29T06:36:23+00:00","dateModified":"2022-12-02T10:36:43+00:00","description":"Dopo una fase di attenuazione indotta dalla corona, la carenza di lavoratori qualificati in Svizzera si sta ora manifestando in modo drastico.","breadcrumb":{"@id":"https:\/\/www.organisator.ch\/human-resources\/2022-11-29\/mangel-an-fachkraeften-erreicht-noch-nie-dagewesene-dimension\/#breadcrumb"},"inLanguage":"it-IT","potentialAction":[{"@type":"ReadAction","target":["https:\/\/www.organisator.ch\/human-resources\/2022-11-29\/mangel-an-fachkraeften-erreicht-noch-nie-dagewesene-dimension\/"]}]},{"@type":"ImageObject","inLanguage":"it-IT","@id":"https:\/\/www.organisator.ch\/human-resources\/2022-11-29\/mangel-an-fachkraeften-erreicht-noch-nie-dagewesene-dimension\/#primaryimage","url":"https:\/\/www.organisator.ch\/wp-content\/uploads\/2022\/11\/job-g4c33cfc67_1280-e1669703532866.png","contentUrl":"https:\/\/www.organisator.ch\/wp-content\/uploads\/2022\/11\/job-g4c33cfc67_1280-e1669703532866.png","width":1280,"height":716,"caption":"Jobs gibt es jede Menge, es herrscht aber auch grosser Mangel an Fachkr\u00e4ften. (Bild: Pixabay.com)"},{"@type":"BreadcrumbList","@id":"https:\/\/www.organisator.ch\/human-resources\/2022-11-29\/mangel-an-fachkraeften-erreicht-noch-nie-dagewesene-dimension\/#breadcrumb","itemListElement":[{"@type":"ListItem","position":1,"name":"Home","item":"https:\/\/www.organisator.ch\/"},{"@type":"ListItem","position":2,"name":"Mangel an Fachkr\u00e4ften erreicht noch nie dagewesene Dimension"}]},{"@type":"WebSite","@id":"https:\/\/www.organisator.ch\/#website","url":"https:\/\/www.organisator.ch\/","name":"Organizzatore","description":"Competente. Pratico. In 10 numeri all'anno, ORGANISATOR presenta i temi essenziali per i manager delle PMI.","publisher":{"@id":"https:\/\/www.organisator.ch\/#organization"},"potentialAction":[{"@type":"SearchAction","target":{"@type":"EntryPoint","urlTemplate":"https:\/\/www.organisator.ch\/?s={search_term_string}"},"query-input":{"@type":"PropertyValueSpecification","valueRequired":true,"valueName":"search_term_string"}}],"inLanguage":"it-IT"},{"@type":"Organization","@id":"https:\/\/www.organisator.ch\/#organization","name":"Organizzatore","url":"https:\/\/www.organisator.ch\/","logo":{"@type":"ImageObject","inLanguage":"it-IT","@id":"https:\/\/www.organisator.ch\/#\/schema\/logo\/image\/","url":"https:\/\/www.organisator.ch\/wp-content\/uploads\/2022\/01\/Logo_Organisator_Website.png","contentUrl":"https:\/\/www.organisator.ch\/wp-content\/uploads\/2022\/01\/Logo_Organisator_Website.png","width":800,"height":77,"caption":"Organisator"},"image":{"@id":"https:\/\/www.organisator.ch\/#\/schema\/logo\/image\/"},"sameAs":["https:\/\/www.facebook.com\/OrganisatorFachmagazin","https:\/\/www.linkedin.com\/showcase\/organisator-das-magazin-fr-kmu","https:\/\/www.xing.com\/news\/pages\/organisator-ch-695","https:\/\/www.youtube.com\/channel\/UCGP2Sq0iWaZwT3BdIAQFYpw"]},{"@type":"Person","@id":"https:\/\/www.organisator.ch\/#\/schema\/person\/6f650f90b2842cd4c0cc334b4e36f67e","name":"Tommaso.berner","image":{"@type":"ImageObject","inLanguage":"it-IT","@id":"https:\/\/secure.gravatar.com\/avatar\/ac5001d2a36cb6c6cd3e50789007ffca834b477b74a2144564522e944eabff61?s=96&d=mm&r=g","url":"https:\/\/secure.gravatar.com\/avatar\/ac5001d2a36cb6c6cd3e50789007ffca834b477b74a2144564522e944eabff61?s=96&d=mm&r=g","contentUrl":"https:\/\/secure.gravatar.com\/avatar\/ac5001d2a36cb6c6cd3e50789007ffca834b477b74a2144564522e944eabff61?s=96&d=mm&r=g","caption":"thomas.berner"},"url":"https:\/\/www.organisator.ch\/it\/author\/thomas-berner\/"}]}},"_links":{"self":[{"href":"https:\/\/www.organisator.ch\/it\/wp-json\/wp\/v2\/posts\/18047","targetHints":{"allow":["GET"]}}],"collection":[{"href":"https:\/\/www.organisator.ch\/it\/wp-json\/wp\/v2\/posts"}],"about":[{"href":"https:\/\/www.organisator.ch\/it\/wp-json\/wp\/v2\/types\/post"}],"author":[{"embeddable":true,"href":"https:\/\/www.organisator.ch\/it\/wp-json\/wp\/v2\/users\/4"}],"replies":[{"embeddable":true,"href":"https:\/\/www.organisator.ch\/it\/wp-json\/wp\/v2\/comments?post=18047"}],"version-history":[{"count":1,"href":"https:\/\/www.organisator.ch\/it\/wp-json\/wp\/v2\/posts\/18047\/revisions"}],"predecessor-version":[{"id":18050,"href":"https:\/\/www.organisator.ch\/it\/wp-json\/wp\/v2\/posts\/18047\/revisions\/18050"}],"wp:featuredmedia":[{"embeddable":true,"href":"https:\/\/www.organisator.ch\/it\/wp-json\/wp\/v2\/media\/18049"}],"wp:attachment":[{"href":"https:\/\/www.organisator.ch\/it\/wp-json\/wp\/v2\/media?parent=18047"}],"wp:term":[{"taxonomy":"category","embeddable":true,"href":"https:\/\/www.organisator.ch\/it\/wp-json\/wp\/v2\/categories?post=18047"},{"taxonomy":"post_tag","embeddable":true,"href":"https:\/\/www.organisator.ch\/it\/wp-json\/wp\/v2\/tags?post=18047"}],"curies":[{"name":"wp","href":"https:\/\/api.w.org\/{rel}","templated":true}]}}