{"id":18051,"date":"2022-11-29T10:30:02","date_gmt":"2022-11-29T09:30:02","guid":{"rendered":"https:\/\/www.organisator.ch\/?p=18051"},"modified":"2022-11-29T10:30:02","modified_gmt":"2022-11-29T09:30:02","slug":"neuartige-windkrafttechnologien-und-weitere-klima-innovationen-durch-klimastiftung-gefoerdert","status":"publish","type":"post","link":"https:\/\/www.organisator.ch\/it\/sustainability\/2022-11-29\/neuartige-windkrafttechnologien-und-weitere-klima-innovationen-durch-klimastiftung-gefoerdert\/","title":{"rendered":"Nuove tecnologie eoliche e altre innovazioni climatiche promosse dalla Climate Foundation"},"content":{"rendered":"<figure id=\"attachment_18055\" aria-describedby=\"caption-attachment-18055\" style=\"width: 680px\" class=\"wp-caption alignnone\"><img loading=\"lazy\" decoding=\"async\" class=\"size-full wp-image-18055\" src=\"https:\/\/www.organisator.ch\/wp-content\/uploads\/2022\/11\/Neuartige-Windkrafttechnologien-und-weitere-Klima-Innovationen-durch-Klimastiftung-gefoerdert_Organisator.jpg\" alt=\"\" width=\"680\" height=\"453\" srcset=\"https:\/\/www.organisator.ch\/wp-content\/uploads\/2022\/11\/Neuartige-Windkrafttechnologien-und-weitere-Klima-Innovationen-durch-Klimastiftung-gefoerdert_Organisator.jpg 680w, https:\/\/www.organisator.ch\/wp-content\/uploads\/2022\/11\/Neuartige-Windkrafttechnologien-und-weitere-Klima-Innovationen-durch-Klimastiftung-gefoerdert_Organisator-18x12.jpg 18w, https:\/\/www.organisator.ch\/wp-content\/uploads\/2022\/11\/Neuartige-Windkrafttechnologien-und-weitere-Klima-Innovationen-durch-Klimastiftung-gefoerdert_Organisator-375x250.jpg 375w, https:\/\/www.organisator.ch\/wp-content\/uploads\/2022\/11\/Neuartige-Windkrafttechnologien-und-weitere-Klima-Innovationen-durch-Klimastiftung-gefoerdert_Organisator-525x350.jpg 525w\" sizes=\"auto, (max-width: 680px) 100vw, 680px\" \/><figcaption id=\"caption-attachment-18055\" class=\"wp-caption-text\">La Fondazione per il Clima promuove tecnologie eoliche innovative, come la turbina verticale della bottega del fabbro di N\u00e4gelin. (Immagine: \u00a9 Roberto Carollo \/ Fondazione Svizzera per il Clima)<\/figcaption><\/figure>\n<p>Se la Svizzera e il Liechtenstein vogliono raggiungere i loro obiettivi climatici a zero, sono necessarie ulteriori fonti energetiche alternative. Anche di fronte a una possibile crisi energetica, l'importanza delle fonti di energia domestiche e rinnovabili sta aumentando. L'energia eolica \u00e8 ancora poco utilizzata in Svizzera. La Fondazione Svizzera per il Clima d\u00e0 quindi un impulso alle tecnologie eoliche e sostiene due PMI locali nella realizzazione di progetti eolici innovativi.<\/p>\n<h3><strong>Energia eolica dal proprio tetto e in alta montagna<\/strong><\/h3>\n<p>In questo senso, la Fondazione promuove la <a href=\"https:\/\/maxcomm.us12.list-manage.com\/track\/click?u=74090039ecde65db808b5baa9&amp;id=4fa3da006f&amp;e=4a105d0b7c\">Negozio di fabbro di N\u00e4gelin<\/a> di Kaiseraugst nello sviluppo di turbine verticali per la produzione di energia elettrica locale. La turbina di 1\u00d71 metro \u00e8 destinata a fornire elettricit\u00e0 rinnovabile in modo praticamente silenzioso sui tetti delle case private o lungo le autostrade, ad esempio, anche a basse velocit\u00e0 del vento. Anche Urs Giger, ingegnere e meccanico di Uri, riceve un nuovo finanziamento dalla fondazione. La sua azienda sta sviluppando un concetto unico per le turbine eoliche in alta montagna. Il \"ponte del vento\", tecnicamente sofisticato e adattato alla regione alpina, collega cinque turbine eoliche in una costruzione comune e dovrebbe raccogliere fino a cinque volte pi\u00f9 vento rispetto alle singole turbine convenzionali.<\/p>\n<p>\"L'energia eolica svolge un ruolo essenziale nella transizione energetica\", afferma Daniel Wild, membro del Consiglio di Fondazione della Fondazione Svizzera per il Clima e Chief Sustainability Officer della Banca J. Safra Sarasin.  Le tecnologie eoliche sono particolarmente importanti in inverno: \"L'energia eolica pu\u00f2 colmare i potenziali vuoti di elettricit\u00e0 in inverno, quando il fotovoltaico e l'idroelettrico forniscono meno energia. Sono quindi urgentemente necessarie nuove tecnologie e idee coraggiose nel campo dell'energia eolica. Con il nostro finanziamento, contribuiamo a rafforzare tali tecnologie\".<\/p>\n<h3><strong>1,1 milioni di euro per dieci PMI innovative<\/strong><\/h3>\n<p>La Fondazione svizzera per il clima ha assegnato un totale di 1,1 milioni di franchi svizzeri nell'attuale tornata di finanziamenti. Dieci innovazioni climatiche stanno ricevendo finanziamenti dalla Fondazione. Questi includono la piattaforma online <a href=\"https:\/\/maxcomm.us12.list-manage.com\/track\/click?u=74090039ecde65db808b5baa9&amp;id=521f2ae59d&amp;e=4a105d0b7c\">useagain.ch<\/a>che si concentra sull'economia circolare nel settore delle costruzioni. La piattaforma funge da mercato e da supporto di processo per il riutilizzo dei componenti edilizi e mira quindi a ridurre lo spreco di risorse nell'industria edilizia e immobiliare.<\/p>\n<p>L'impegno della Fondazione Svizzera per il Clima \u00e8 reso possibile anche grazie alla collaborazione con grandi aziende: Finora hanno aderito all'iniziativa 30 fornitori di servizi della Svizzera e del Liechtenstein, che devolvono i fondi derivanti dalla ridistribuzione delle loro emissioni di CO<sub>2<\/sub>-levy. In ottobre, la Basler Kantonalbank (BKB) e la Basellandschaftliche Kantonalbank (BLKB) sono entrate a far parte della fondazione come societ\u00e0 partner. E ancora prima, la fondazione \u00e8 stata in grado di <a href=\"https:\/\/www.organisator.ch\/de\/sustainability\/2022-04-27\/klimastiftung-schweiz-blickt-auf-wegweisendes-jahr-zurueck\/\">un aumento dei partner<\/a> record. Ennio Perna, responsabile della sostenibilit\u00e0 della BKB, \u00e8 stato eletto nuovo membro del Consiglio di fondazione.<\/p>\n<p><em>Ulteriori informazioni: <a href=\"http:\/\/www.klimastiftung.ch\">Fondazione per il clima Svizzera<\/a><\/em><\/p>","protected":false},"excerpt":{"rendered":"<p>Wollen die Schweiz und Liechtenstein ihre Netto-Null-Klimaziele erreichen, braucht es zus\u00e4tzliche alternative Energiequellen. Auch angesichts einer m\u00f6glichen Energiekrise nimmt die Bedeutung einheimischer und erneuerbarer Energiequellen zu. Windenergie wird in der Schweiz bisher noch wenig genutzt. Die Klimastiftung Schweiz gibt deshalb den Windkrafttechnologien einen Anschub und unterst\u00fctzt zwei lokale KMU bei der Realisierung innovativer Windenergieprojekte. Windenergie [&hellip;]<\/p>\n","protected":false},"author":4,"featured_media":18055,"comment_status":"closed","ping_status":"closed","sticky":false,"template":"","format":"standard","meta":{"_acf_changed":false,"_yoast_wpseo_focuskw":"Windkrafttechnologien","_yoast_wpseo_metadesc":"Die Klimastiftung Schweiz hat F\u00f6rdergelder in der H\u00f6he von 1,1 Mio. Franken gesprochen, u.a. f\u00fcr neuartige Windkrafttechnologien.","articlekey":"","footnotes":""},"categories":[580],"tags":[1210,1525,358,492],"class_list":["post-18051","post","type-post","status-publish","format-standard","has-post-thumbnail","hentry","category-sustainability","tag-foerdergelder","tag-klimastiftung","tag-nachhaltige-wirtschaft","tag-unternehmen"],"acf":[],"yoast_head":"<!-- This site is optimized with the Yoast SEO plugin v27.5 - https:\/\/yoast.com\/product\/yoast-seo-wordpress\/ -->\n<title>Neuartige Windkrafttechnologien und weitere Klima-Innovationen durch Klimastiftung gef\u00f6rdert - Organisator<\/title>\n<meta name=\"description\" content=\"Die Klimastiftung Schweiz hat F\u00f6rdergelder in der H\u00f6he von 1,1 Mio. Franken gesprochen, u.a. f\u00fcr neuartige Windkrafttechnologien.\" \/>\n<meta name=\"robots\" content=\"index, follow, max-snippet:-1, max-image-preview:large, max-video-preview:-1\" \/>\n<link rel=\"canonical\" href=\"https:\/\/www.organisator.ch\/it\/sostenibilita\/2022-11-29\/neuartige-windkrafttechnologien-und-weitere-klima-innovationen-durch-klimastiftung-gefoerdert\/\" \/>\n<meta property=\"og:locale\" content=\"it_IT\" \/>\n<meta property=\"og:type\" content=\"article\" \/>\n<meta property=\"og:title\" content=\"Neuartige Windkrafttechnologien und weitere Klima-Innovationen durch Klimastiftung gef\u00f6rdert\" \/>\n<meta property=\"og:description\" content=\"Die Klimastiftung Schweiz hat F\u00f6rdergelder in der H\u00f6he von 1,1 Mio. Franken gesprochen, u.a. f\u00fcr neuartige Windkrafttechnologien.\" \/>\n<meta property=\"og:url\" content=\"https:\/\/www.organisator.ch\/it\/sostenibilita\/2022-11-29\/neuartige-windkrafttechnologien-und-weitere-klima-innovationen-durch-klimastiftung-gefoerdert\/\" \/>\n<meta property=\"og:site_name\" content=\"Organisator\" \/>\n<meta property=\"article:publisher\" content=\"https:\/\/www.facebook.com\/OrganisatorFachmagazin\" \/>\n<meta property=\"article:published_time\" content=\"2022-11-29T09:30:02+00:00\" \/>\n<meta property=\"og:image\" content=\"https:\/\/www.organisator.ch\/wp-content\/uploads\/2022\/11\/Neuartige-Windkrafttechnologien-und-weitere-Klima-Innovationen-durch-Klimastiftung-gefoerdert_Organisator.jpg\" \/>\n\t<meta property=\"og:image:width\" content=\"680\" \/>\n\t<meta property=\"og:image:height\" content=\"453\" \/>\n\t<meta property=\"og:image:type\" content=\"image\/jpeg\" \/>\n<meta name=\"author\" content=\"thomas.berner\" \/>\n<meta name=\"twitter:card\" content=\"summary_large_image\" \/>\n<meta name=\"twitter:title\" content=\"Neuartige #Windkrafttechnologien und weitere #Klima-Innovationen durch #Klimastiftung gef\u00f6rdert\" \/>\n<meta name=\"twitter:description\" content=\"Die #Klimastiftung Schweiz hat #F\u00f6rdergelder in der H\u00f6he von 1,1 Mio. Franken gesprochen, u.a. f\u00fcr neuartige #Windkrafttechnologien.\" \/>\n<meta name=\"twitter:image\" content=\"https:\/\/www.organisator.ch\/wp-content\/uploads\/2022\/11\/Neuartige-Windkrafttechnologien-und-weitere-Klima-Innovationen-durch-Klimastiftung-gefoerdert_Organisator.jpg\" \/>\n<script type=\"application\/ld+json\" class=\"yoast-schema-graph\">{\"@context\":\"https:\\\/\\\/schema.org\",\"@graph\":[{\"@type\":\"Article\",\"@id\":\"https:\\\/\\\/www.organisator.ch\\\/sustainability\\\/2022-11-29\\\/neuartige-windkrafttechnologien-und-weitere-klima-innovationen-durch-klimastiftung-gefoerdert\\\/#article\",\"isPartOf\":{\"@id\":\"https:\\\/\\\/www.organisator.ch\\\/sustainability\\\/2022-11-29\\\/neuartige-windkrafttechnologien-und-weitere-klima-innovationen-durch-klimastiftung-gefoerdert\\\/\"},\"author\":{\"name\":\"thomas.berner\",\"@id\":\"https:\\\/\\\/www.organisator.ch\\\/#\\\/schema\\\/person\\\/6f650f90b2842cd4c0cc334b4e36f67e\"},\"headline\":\"Neuartige Windkrafttechnologien und weitere Klima-Innovationen durch Klimastiftung gef\u00f6rdert\",\"datePublished\":\"2022-11-29T09:30:02+00:00\",\"mainEntityOfPage\":{\"@id\":\"https:\\\/\\\/www.organisator.ch\\\/sustainability\\\/2022-11-29\\\/neuartige-windkrafttechnologien-und-weitere-klima-innovationen-durch-klimastiftung-gefoerdert\\\/\"},\"wordCount\":442,\"publisher\":{\"@id\":\"https:\\\/\\\/www.organisator.ch\\\/#organization\"},\"image\":{\"@id\":\"https:\\\/\\\/www.organisator.ch\\\/sustainability\\\/2022-11-29\\\/neuartige-windkrafttechnologien-und-weitere-klima-innovationen-durch-klimastiftung-gefoerdert\\\/#primaryimage\"},\"thumbnailUrl\":\"https:\\\/\\\/www.organisator.ch\\\/wp-content\\\/uploads\\\/2022\\\/11\\\/Neuartige-Windkrafttechnologien-und-weitere-Klima-Innovationen-durch-Klimastiftung-gefoerdert_Organisator.jpg\",\"keywords\":[\"F\u00f6rdergelder\",\"Klimastiftung\",\"Nachhaltige Wirtschaft\",\"Unternehmen\"],\"articleSection\":[\"SUSTAINABILITY\"],\"inLanguage\":\"it-IT\"},{\"@type\":\"WebPage\",\"@id\":\"https:\\\/\\\/www.organisator.ch\\\/sustainability\\\/2022-11-29\\\/neuartige-windkrafttechnologien-und-weitere-klima-innovationen-durch-klimastiftung-gefoerdert\\\/\",\"url\":\"https:\\\/\\\/www.organisator.ch\\\/sustainability\\\/2022-11-29\\\/neuartige-windkrafttechnologien-und-weitere-klima-innovationen-durch-klimastiftung-gefoerdert\\\/\",\"name\":\"Neuartige Windkrafttechnologien und weitere Klima-Innovationen durch Klimastiftung gef\u00f6rdert - Organisator\",\"isPartOf\":{\"@id\":\"https:\\\/\\\/www.organisator.ch\\\/#website\"},\"primaryImageOfPage\":{\"@id\":\"https:\\\/\\\/www.organisator.ch\\\/sustainability\\\/2022-11-29\\\/neuartige-windkrafttechnologien-und-weitere-klima-innovationen-durch-klimastiftung-gefoerdert\\\/#primaryimage\"},\"image\":{\"@id\":\"https:\\\/\\\/www.organisator.ch\\\/sustainability\\\/2022-11-29\\\/neuartige-windkrafttechnologien-und-weitere-klima-innovationen-durch-klimastiftung-gefoerdert\\\/#primaryimage\"},\"thumbnailUrl\":\"https:\\\/\\\/www.organisator.ch\\\/wp-content\\\/uploads\\\/2022\\\/11\\\/Neuartige-Windkrafttechnologien-und-weitere-Klima-Innovationen-durch-Klimastiftung-gefoerdert_Organisator.jpg\",\"datePublished\":\"2022-11-29T09:30:02+00:00\",\"description\":\"Die Klimastiftung Schweiz hat F\u00f6rdergelder in der H\u00f6he von 1,1 Mio. Franken gesprochen, u.a. f\u00fcr neuartige Windkrafttechnologien.\",\"breadcrumb\":{\"@id\":\"https:\\\/\\\/www.organisator.ch\\\/sustainability\\\/2022-11-29\\\/neuartige-windkrafttechnologien-und-weitere-klima-innovationen-durch-klimastiftung-gefoerdert\\\/#breadcrumb\"},\"inLanguage\":\"it-IT\",\"potentialAction\":[{\"@type\":\"ReadAction\",\"target\":[\"https:\\\/\\\/www.organisator.ch\\\/sustainability\\\/2022-11-29\\\/neuartige-windkrafttechnologien-und-weitere-klima-innovationen-durch-klimastiftung-gefoerdert\\\/\"]}]},{\"@type\":\"ImageObject\",\"inLanguage\":\"it-IT\",\"@id\":\"https:\\\/\\\/www.organisator.ch\\\/sustainability\\\/2022-11-29\\\/neuartige-windkrafttechnologien-und-weitere-klima-innovationen-durch-klimastiftung-gefoerdert\\\/#primaryimage\",\"url\":\"https:\\\/\\\/www.organisator.ch\\\/wp-content\\\/uploads\\\/2022\\\/11\\\/Neuartige-Windkrafttechnologien-und-weitere-Klima-Innovationen-durch-Klimastiftung-gefoerdert_Organisator.jpg\",\"contentUrl\":\"https:\\\/\\\/www.organisator.ch\\\/wp-content\\\/uploads\\\/2022\\\/11\\\/Neuartige-Windkrafttechnologien-und-weitere-Klima-Innovationen-durch-Klimastiftung-gefoerdert_Organisator.jpg\",\"width\":680,\"height\":453,\"caption\":\"Die Klimastfitung f\u00f6rdert die N\u00e4gelin Schlosserei mit ihrer Innovativen Vertikalturbine. (Bild: \u00a9 Roberto Carollo \\\/ Klimastiftung Schweiz)\"},{\"@type\":\"BreadcrumbList\",\"@id\":\"https:\\\/\\\/www.organisator.ch\\\/sustainability\\\/2022-11-29\\\/neuartige-windkrafttechnologien-und-weitere-klima-innovationen-durch-klimastiftung-gefoerdert\\\/#breadcrumb\",\"itemListElement\":[{\"@type\":\"ListItem\",\"position\":1,\"name\":\"Home\",\"item\":\"https:\\\/\\\/www.organisator.ch\\\/\"},{\"@type\":\"ListItem\",\"position\":2,\"name\":\"Neuartige Windkrafttechnologien und weitere Klima-Innovationen durch Klimastiftung gef\u00f6rdert\"}]},{\"@type\":\"WebSite\",\"@id\":\"https:\\\/\\\/www.organisator.ch\\\/#website\",\"url\":\"https:\\\/\\\/www.organisator.ch\\\/\",\"name\":\"Organisator\",\"description\":\"Kompetent. Praxisnah. Der ORGANISATOR bereitet in 10 Ausgaben pro Jahr die wesentlichen Themen f\u00fcr F\u00fchrungskr\u00e4fte von KMU auf.\",\"publisher\":{\"@id\":\"https:\\\/\\\/www.organisator.ch\\\/#organization\"},\"potentialAction\":[{\"@type\":\"SearchAction\",\"target\":{\"@type\":\"EntryPoint\",\"urlTemplate\":\"https:\\\/\\\/www.organisator.ch\\\/?s={search_term_string}\"},\"query-input\":{\"@type\":\"PropertyValueSpecification\",\"valueRequired\":true,\"valueName\":\"search_term_string\"}}],\"inLanguage\":\"it-IT\"},{\"@type\":\"Organization\",\"@id\":\"https:\\\/\\\/www.organisator.ch\\\/#organization\",\"name\":\"Organisator\",\"url\":\"https:\\\/\\\/www.organisator.ch\\\/\",\"logo\":{\"@type\":\"ImageObject\",\"inLanguage\":\"it-IT\",\"@id\":\"https:\\\/\\\/www.organisator.ch\\\/#\\\/schema\\\/logo\\\/image\\\/\",\"url\":\"https:\\\/\\\/www.organisator.ch\\\/wp-content\\\/uploads\\\/2022\\\/01\\\/Logo_Organisator_Website.png\",\"contentUrl\":\"https:\\\/\\\/www.organisator.ch\\\/wp-content\\\/uploads\\\/2022\\\/01\\\/Logo_Organisator_Website.png\",\"width\":800,\"height\":77,\"caption\":\"Organisator\"},\"image\":{\"@id\":\"https:\\\/\\\/www.organisator.ch\\\/#\\\/schema\\\/logo\\\/image\\\/\"},\"sameAs\":[\"https:\\\/\\\/www.facebook.com\\\/OrganisatorFachmagazin\",\"https:\\\/\\\/www.linkedin.com\\\/showcase\\\/organisator-das-magazin-fr-kmu\",\"https:\\\/\\\/www.xing.com\\\/news\\\/pages\\\/organisator-ch-695\",\"https:\\\/\\\/www.youtube.com\\\/channel\\\/UCGP2Sq0iWaZwT3BdIAQFYpw\"]},{\"@type\":\"Person\",\"@id\":\"https:\\\/\\\/www.organisator.ch\\\/#\\\/schema\\\/person\\\/6f650f90b2842cd4c0cc334b4e36f67e\",\"name\":\"thomas.berner\",\"image\":{\"@type\":\"ImageObject\",\"inLanguage\":\"it-IT\",\"@id\":\"https:\\\/\\\/secure.gravatar.com\\\/avatar\\\/ac5001d2a36cb6c6cd3e50789007ffca834b477b74a2144564522e944eabff61?s=96&d=mm&r=g\",\"url\":\"https:\\\/\\\/secure.gravatar.com\\\/avatar\\\/ac5001d2a36cb6c6cd3e50789007ffca834b477b74a2144564522e944eabff61?s=96&d=mm&r=g\",\"contentUrl\":\"https:\\\/\\\/secure.gravatar.com\\\/avatar\\\/ac5001d2a36cb6c6cd3e50789007ffca834b477b74a2144564522e944eabff61?s=96&d=mm&r=g\",\"caption\":\"thomas.berner\"},\"url\":\"https:\\\/\\\/www.organisator.ch\\\/it\\\/author\\\/thomas-berner\\\/\"}]}<\/script>\n<!-- \/ Yoast SEO plugin. -->","yoast_head_json":{"title":"Nuove tecnologie eoliche e altre innovazioni climatiche finanziate dalla Climate Foundation - Organizzatore","description":"La Fondazione svizzera per il clima ha concesso un finanziamento di 1,1 milioni di franchi svizzeri, tra l'altro per tecnologie eoliche innovative.","robots":{"index":"index","follow":"follow","max-snippet":"max-snippet:-1","max-image-preview":"max-image-preview:large","max-video-preview":"max-video-preview:-1"},"canonical":"https:\/\/www.organisator.ch\/it\/sostenibilita\/2022-11-29\/neuartige-windkrafttechnologien-und-weitere-klima-innovationen-durch-klimastiftung-gefoerdert\/","og_locale":"it_IT","og_type":"article","og_title":"Neuartige Windkrafttechnologien und weitere Klima-Innovationen durch Klimastiftung gef\u00f6rdert","og_description":"Die Klimastiftung Schweiz hat F\u00f6rdergelder in der H\u00f6he von 1,1 Mio. Franken gesprochen, u.a. f\u00fcr neuartige Windkrafttechnologien.","og_url":"https:\/\/www.organisator.ch\/it\/sostenibilita\/2022-11-29\/neuartige-windkrafttechnologien-und-weitere-klima-innovationen-durch-klimastiftung-gefoerdert\/","og_site_name":"Organisator","article_publisher":"https:\/\/www.facebook.com\/OrganisatorFachmagazin","article_published_time":"2022-11-29T09:30:02+00:00","og_image":[{"width":680,"height":453,"url":"https:\/\/www.organisator.ch\/wp-content\/uploads\/2022\/11\/Neuartige-Windkrafttechnologien-und-weitere-Klima-Innovationen-durch-Klimastiftung-gefoerdert_Organisator.jpg","type":"image\/jpeg"}],"author":"thomas.berner","twitter_card":"summary_large_image","twitter_title":"Neuartige #Windkrafttechnologien und weitere #Klima-Innovationen durch #Klimastiftung gef\u00f6rdert","twitter_description":"Die #Klimastiftung Schweiz hat #F\u00f6rdergelder in der H\u00f6he von 1,1 Mio. Franken gesprochen, u.a. f\u00fcr neuartige #Windkrafttechnologien.","twitter_image":"https:\/\/www.organisator.ch\/wp-content\/uploads\/2022\/11\/Neuartige-Windkrafttechnologien-und-weitere-Klima-Innovationen-durch-Klimastiftung-gefoerdert_Organisator.jpg","schema":{"@context":"https:\/\/schema.org","@graph":[{"@type":"Article","@id":"https:\/\/www.organisator.ch\/sustainability\/2022-11-29\/neuartige-windkrafttechnologien-und-weitere-klima-innovationen-durch-klimastiftung-gefoerdert\/#article","isPartOf":{"@id":"https:\/\/www.organisator.ch\/sustainability\/2022-11-29\/neuartige-windkrafttechnologien-und-weitere-klima-innovationen-durch-klimastiftung-gefoerdert\/"},"author":{"name":"thomas.berner","@id":"https:\/\/www.organisator.ch\/#\/schema\/person\/6f650f90b2842cd4c0cc334b4e36f67e"},"headline":"Neuartige Windkrafttechnologien und weitere Klima-Innovationen durch Klimastiftung gef\u00f6rdert","datePublished":"2022-11-29T09:30:02+00:00","mainEntityOfPage":{"@id":"https:\/\/www.organisator.ch\/sustainability\/2022-11-29\/neuartige-windkrafttechnologien-und-weitere-klima-innovationen-durch-klimastiftung-gefoerdert\/"},"wordCount":442,"publisher":{"@id":"https:\/\/www.organisator.ch\/#organization"},"image":{"@id":"https:\/\/www.organisator.ch\/sustainability\/2022-11-29\/neuartige-windkrafttechnologien-und-weitere-klima-innovationen-durch-klimastiftung-gefoerdert\/#primaryimage"},"thumbnailUrl":"https:\/\/www.organisator.ch\/wp-content\/uploads\/2022\/11\/Neuartige-Windkrafttechnologien-und-weitere-Klima-Innovationen-durch-Klimastiftung-gefoerdert_Organisator.jpg","keywords":["F\u00f6rdergelder","Klimastiftung","Nachhaltige Wirtschaft","Unternehmen"],"articleSection":["SUSTAINABILITY"],"inLanguage":"it-IT"},{"@type":"WebPage","@id":"https:\/\/www.organisator.ch\/sustainability\/2022-11-29\/neuartige-windkrafttechnologien-und-weitere-klima-innovationen-durch-klimastiftung-gefoerdert\/","url":"https:\/\/www.organisator.ch\/sustainability\/2022-11-29\/neuartige-windkrafttechnologien-und-weitere-klima-innovationen-durch-klimastiftung-gefoerdert\/","name":"Nuove tecnologie eoliche e altre innovazioni climatiche finanziate dalla Climate Foundation - Organizzatore","isPartOf":{"@id":"https:\/\/www.organisator.ch\/#website"},"primaryImageOfPage":{"@id":"https:\/\/www.organisator.ch\/sustainability\/2022-11-29\/neuartige-windkrafttechnologien-und-weitere-klima-innovationen-durch-klimastiftung-gefoerdert\/#primaryimage"},"image":{"@id":"https:\/\/www.organisator.ch\/sustainability\/2022-11-29\/neuartige-windkrafttechnologien-und-weitere-klima-innovationen-durch-klimastiftung-gefoerdert\/#primaryimage"},"thumbnailUrl":"https:\/\/www.organisator.ch\/wp-content\/uploads\/2022\/11\/Neuartige-Windkrafttechnologien-und-weitere-Klima-Innovationen-durch-Klimastiftung-gefoerdert_Organisator.jpg","datePublished":"2022-11-29T09:30:02+00:00","description":"La Fondazione svizzera per il clima ha concesso un finanziamento di 1,1 milioni di franchi svizzeri, tra l'altro per tecnologie eoliche innovative.","breadcrumb":{"@id":"https:\/\/www.organisator.ch\/sustainability\/2022-11-29\/neuartige-windkrafttechnologien-und-weitere-klima-innovationen-durch-klimastiftung-gefoerdert\/#breadcrumb"},"inLanguage":"it-IT","potentialAction":[{"@type":"ReadAction","target":["https:\/\/www.organisator.ch\/sustainability\/2022-11-29\/neuartige-windkrafttechnologien-und-weitere-klima-innovationen-durch-klimastiftung-gefoerdert\/"]}]},{"@type":"ImageObject","inLanguage":"it-IT","@id":"https:\/\/www.organisator.ch\/sustainability\/2022-11-29\/neuartige-windkrafttechnologien-und-weitere-klima-innovationen-durch-klimastiftung-gefoerdert\/#primaryimage","url":"https:\/\/www.organisator.ch\/wp-content\/uploads\/2022\/11\/Neuartige-Windkrafttechnologien-und-weitere-Klima-Innovationen-durch-Klimastiftung-gefoerdert_Organisator.jpg","contentUrl":"https:\/\/www.organisator.ch\/wp-content\/uploads\/2022\/11\/Neuartige-Windkrafttechnologien-und-weitere-Klima-Innovationen-durch-Klimastiftung-gefoerdert_Organisator.jpg","width":680,"height":453,"caption":"Die Klimastfitung f\u00f6rdert die N\u00e4gelin Schlosserei mit ihrer Innovativen Vertikalturbine. (Bild: \u00a9 Roberto Carollo \/ Klimastiftung Schweiz)"},{"@type":"BreadcrumbList","@id":"https:\/\/www.organisator.ch\/sustainability\/2022-11-29\/neuartige-windkrafttechnologien-und-weitere-klima-innovationen-durch-klimastiftung-gefoerdert\/#breadcrumb","itemListElement":[{"@type":"ListItem","position":1,"name":"Home","item":"https:\/\/www.organisator.ch\/"},{"@type":"ListItem","position":2,"name":"Neuartige Windkrafttechnologien und weitere Klima-Innovationen durch Klimastiftung gef\u00f6rdert"}]},{"@type":"WebSite","@id":"https:\/\/www.organisator.ch\/#website","url":"https:\/\/www.organisator.ch\/","name":"Organizzatore","description":"Competente. Pratico. In 10 numeri all'anno, ORGANISATOR presenta i temi essenziali per i manager delle PMI.","publisher":{"@id":"https:\/\/www.organisator.ch\/#organization"},"potentialAction":[{"@type":"SearchAction","target":{"@type":"EntryPoint","urlTemplate":"https:\/\/www.organisator.ch\/?s={search_term_string}"},"query-input":{"@type":"PropertyValueSpecification","valueRequired":true,"valueName":"search_term_string"}}],"inLanguage":"it-IT"},{"@type":"Organization","@id":"https:\/\/www.organisator.ch\/#organization","name":"Organizzatore","url":"https:\/\/www.organisator.ch\/","logo":{"@type":"ImageObject","inLanguage":"it-IT","@id":"https:\/\/www.organisator.ch\/#\/schema\/logo\/image\/","url":"https:\/\/www.organisator.ch\/wp-content\/uploads\/2022\/01\/Logo_Organisator_Website.png","contentUrl":"https:\/\/www.organisator.ch\/wp-content\/uploads\/2022\/01\/Logo_Organisator_Website.png","width":800,"height":77,"caption":"Organisator"},"image":{"@id":"https:\/\/www.organisator.ch\/#\/schema\/logo\/image\/"},"sameAs":["https:\/\/www.facebook.com\/OrganisatorFachmagazin","https:\/\/www.linkedin.com\/showcase\/organisator-das-magazin-fr-kmu","https:\/\/www.xing.com\/news\/pages\/organisator-ch-695","https:\/\/www.youtube.com\/channel\/UCGP2Sq0iWaZwT3BdIAQFYpw"]},{"@type":"Person","@id":"https:\/\/www.organisator.ch\/#\/schema\/person\/6f650f90b2842cd4c0cc334b4e36f67e","name":"Tommaso.berner","image":{"@type":"ImageObject","inLanguage":"it-IT","@id":"https:\/\/secure.gravatar.com\/avatar\/ac5001d2a36cb6c6cd3e50789007ffca834b477b74a2144564522e944eabff61?s=96&d=mm&r=g","url":"https:\/\/secure.gravatar.com\/avatar\/ac5001d2a36cb6c6cd3e50789007ffca834b477b74a2144564522e944eabff61?s=96&d=mm&r=g","contentUrl":"https:\/\/secure.gravatar.com\/avatar\/ac5001d2a36cb6c6cd3e50789007ffca834b477b74a2144564522e944eabff61?s=96&d=mm&r=g","caption":"thomas.berner"},"url":"https:\/\/www.organisator.ch\/it\/author\/thomas-berner\/"}]}},"_links":{"self":[{"href":"https:\/\/www.organisator.ch\/it\/wp-json\/wp\/v2\/posts\/18051","targetHints":{"allow":["GET"]}}],"collection":[{"href":"https:\/\/www.organisator.ch\/it\/wp-json\/wp\/v2\/posts"}],"about":[{"href":"https:\/\/www.organisator.ch\/it\/wp-json\/wp\/v2\/types\/post"}],"author":[{"embeddable":true,"href":"https:\/\/www.organisator.ch\/it\/wp-json\/wp\/v2\/users\/4"}],"replies":[{"embeddable":true,"href":"https:\/\/www.organisator.ch\/it\/wp-json\/wp\/v2\/comments?post=18051"}],"version-history":[{"count":3,"href":"https:\/\/www.organisator.ch\/it\/wp-json\/wp\/v2\/posts\/18051\/revisions"}],"predecessor-version":[{"id":18248,"href":"https:\/\/www.organisator.ch\/it\/wp-json\/wp\/v2\/posts\/18051\/revisions\/18248"}],"wp:featuredmedia":[{"embeddable":true,"href":"https:\/\/www.organisator.ch\/it\/wp-json\/wp\/v2\/media\/18055"}],"wp:attachment":[{"href":"https:\/\/www.organisator.ch\/it\/wp-json\/wp\/v2\/media?parent=18051"}],"wp:term":[{"taxonomy":"category","embeddable":true,"href":"https:\/\/www.organisator.ch\/it\/wp-json\/wp\/v2\/categories?post=18051"},{"taxonomy":"post_tag","embeddable":true,"href":"https:\/\/www.organisator.ch\/it\/wp-json\/wp\/v2\/tags?post=18051"}],"curies":[{"name":"wp","href":"https:\/\/api.w.org\/{rel}","templated":true}]}}