{"id":18085,"date":"2022-12-01T11:19:48","date_gmt":"2022-12-01T10:19:48","guid":{"rendered":"https:\/\/www.organisator.ch\/?p=18085"},"modified":"2022-12-01T11:19:48","modified_gmt":"2022-12-01T10:19:48","slug":"mehrheit-wuenscht-sich-ein-doktorat-an-fachhochschulen","status":"publish","type":"post","link":"https:\/\/www.organisator.ch\/it\/weiterbildung\/2022-12-01\/mehrheit-wuenscht-sich-ein-doktorat-an-fachhochschulen\/","title":{"rendered":"La maggioranza vuole un dottorato nelle universit\u00e0 di scienze applicate"},"content":{"rendered":"<figure id=\"attachment_18086\" aria-describedby=\"caption-attachment-18086\" style=\"width: 680px\" class=\"wp-caption alignnone\"><img loading=\"lazy\" decoding=\"async\" class=\"size-full wp-image-18086\" src=\"https:\/\/www.organisator.ch\/wp-content\/uploads\/2022\/12\/Mehrheit-wuenscht-sich-ein-Doktorat-an-Fachhochschulen-1_Organisator.jpg\" alt=\"\" width=\"680\" height=\"243\" srcset=\"https:\/\/www.organisator.ch\/wp-content\/uploads\/2022\/12\/Mehrheit-wuenscht-sich-ein-Doktorat-an-Fachhochschulen-1_Organisator.jpg 680w, https:\/\/www.organisator.ch\/wp-content\/uploads\/2022\/12\/Mehrheit-wuenscht-sich-ein-Doktorat-an-Fachhochschulen-1_Organisator-18x6.jpg 18w, https:\/\/www.organisator.ch\/wp-content\/uploads\/2022\/12\/Mehrheit-wuenscht-sich-ein-Doktorat-an-Fachhochschulen-1_Organisator-375x134.jpg 375w\" sizes=\"auto, (max-width: 680px) 100vw, 680px\" \/><figcaption id=\"caption-attachment-18086\" class=\"wp-caption-text\">Secondo un sondaggio della SUP Svizzera, la maggioranza \u00e8 favorevole al dottorato nelle scuole universitarie professionali. (Grafico: FH Svizzera)<\/figcaption><\/figure>\n<p>Finora le universit\u00e0 di scienze applicate (SUP) non avevano il diritto di rilasciare dottorati. Dal 2017, i primi modelli di cooperazione sono stati sostenuti finanziariamente dall'ERI Dispatch: Sono stati approvati dodici progetti di cooperazione per programmi di dottorato di SUP\/PH in collaborazione con universit\u00e0 svizzere e sei progetti di cooperazione per programmi di dottorato di SUP\/PH in collaborazione con universit\u00e0 straniere. Nel frattempo ne sono stati aggiunti altri. Oggi le prime persone hanno completato il dottorato nel modello di cooperazione. L'organizzazione mantello dei diplomati SUP FH Svizzera ha condotto un'indagine per valutare come la situazione sia attualmente percepita dai vari gruppi di interesse.<\/p>\n<h3>I giovani accademici vogliono un terzo ciclo indipendente nelle universit\u00e0 di scienze applicate<\/h3>\n<p>Secondo il sondaggio di FH Svizzera, 88% degli interessati vorrebbero che le SUP fossero autorizzate a rilasciare da sole il 3\u00b0 ciclo (dottorato, PhD, ecc.). L'argomento pi\u00f9 frequentemente scelto \u00e8 \"in modo che il panorama dell'istruzione superiore sia davvero equivalente ma diverso\". Tra gli studenti e i laureati, 57% ritengono utile un dottorato presso le universit\u00e0 di scienze applicate. Il motivo pi\u00f9 frequente \u00e8 \"integrare il 3\u00b0 ciclo con un programma orientato alla pratica\". Tra i supervisori, 60% dei partecipanti al sondaggio sono favorevoli al requisito, mentre tra le scuole universitarie professionali sono 64%.<\/p>\n<figure id=\"attachment_18087\" aria-describedby=\"caption-attachment-18087\" style=\"width: 680px\" class=\"wp-caption alignnone\"><img loading=\"lazy\" decoding=\"async\" class=\"size-full wp-image-18087\" src=\"https:\/\/www.organisator.ch\/wp-content\/uploads\/2022\/12\/Mehrheit-wuenscht-sich-ein-Doktorat-an-Fachhochschulen-2_Organisator.jpg\" alt=\"\" width=\"680\" height=\"510\" srcset=\"https:\/\/www.organisator.ch\/wp-content\/uploads\/2022\/12\/Mehrheit-wuenscht-sich-ein-Doktorat-an-Fachhochschulen-2_Organisator.jpg 680w, https:\/\/www.organisator.ch\/wp-content\/uploads\/2022\/12\/Mehrheit-wuenscht-sich-ein-Doktorat-an-Fachhochschulen-2_Organisator-16x12.jpg 16w, https:\/\/www.organisator.ch\/wp-content\/uploads\/2022\/12\/Mehrheit-wuenscht-sich-ein-Doktorat-an-Fachhochschulen-2_Organisator-375x281.jpg 375w, https:\/\/www.organisator.ch\/wp-content\/uploads\/2022\/12\/Mehrheit-wuenscht-sich-ein-Doktorat-an-Fachhochschulen-2_Organisator-467x350.jpg 467w\" sizes=\"auto, (max-width: 680px) 100vw, 680px\" \/><figcaption id=\"caption-attachment-18087\" class=\"wp-caption-text\">I motivi pi\u00f9 frequentemente citati per cui il dottorato dovrebbe essere possibile nelle universit\u00e0 di scienze applicate. (Grafico: SUP Svizzera)<\/figcaption><\/figure>\n<p>Le ragioni addotte per un dottorato presso una SUP coincidono con le argomentazioni dell'organizzazione mantello dei laureati delle SUP: Il diverso profilo della SUP richiede che questo venga trasferito anche al terzo livello di Bologna. Secondo la legge sulla promozione e il coordinamento dell'istruzione superiore, l'area dell'istruzione superiore svizzera \u00e8 costituita da \"istituzioni di istruzione superiore equivalenti ma di tipo diverso\" con un mandato di ricerca. Da questa legge pu\u00f2 derivare un dottorato indipendente presso un'universit\u00e0 di scienze applicate. Il 3\u00b0 ciclo pu\u00f2 essere integrato dalla partecipazione della SUP con un programma orientato all'applicazione\/pratica. Ci\u00f2 rafforzerebbe il profilo della SUP, garantirebbe il trasferimento della ricerca nella pratica e promuoverebbe i giovani talenti della SUP. Le SUP avrebbero la possibilit\u00e0 di formare pi\u00f9 facilmente il proprio personale docente. \"Nuovo, diverso, orientato alla pratica, ma sempre scientificamente valido: \u00c8 qui che risiede la grande opportunit\u00e0 di un terzo ciclo della SUP\", riassume Andri Silberschmidt, consigliere nazionale e presidente della SUP Svizzera.<\/p>\n<h3>Ulteriori risultati dell'indagine<\/h3>\n<p>Tra gli interessati, il motivo pi\u00f9 frequentemente addotto per un dottorato presso le scuole universitarie professionali \u00e8 \"vorrei completare i miei studi con un dottorato\". Tra gli studenti\/laureati, la pianificazione di una carriera in una SUP (docente, ecc.) gioca un ruolo importante.<\/p>\n<p>Per coloro che sono gi\u00e0 alla ricerca di un dottorato (50%), la ricerca dura in media due anni. Per coloro che hanno potuto intraprendere un dottorato (studenti\/laureati), la ricerca \u00e8 durata meno di un anno. Gli interessati hanno ricevuto in media tre rifiuti.<strong><span style=\"font-family: 'Calibri',sans-serif;\">\u00a0<\/span><\/strong><\/p>\n<p>Secondo 50% degli studenti\/laureati intervistati, la collaborazione tra SUP e universit\u00e0 funziona. 34% non forniscono una risposta chiara. 16% sono insoddisfatti della cooperazione. Le ragioni addotte includono il fatto che la cooperazione non \u00e8 istituzionalizzata in alcun modo e che la permeabilit\u00e0 \u00e8 insufficiente. Le universit\u00e0 di scienze applicate hanno constatato che la cooperazione funziona (73%). Tra i supervisori, 65% affermano che la collaborazione funziona.<\/p>\n<h3>Conclusione: i dottorati presso le universit\u00e0 di scienze applicate dovrebbero essere possibili<\/h3>\n<p>Le opportunit\u00e0 esistenti per i laureati dell'UAS di conseguire un dottorato dovrebbero essere ulteriormente ampliate. Il modello di cooperazione tra scuole universitarie professionali e universit\u00e0, con il quale \u00e8 stata acquisita una buona esperienza, funge da base. Dovrebbe essere avviato presso altre universit\u00e0 e facolt\u00e0 di scienze applicate, in modo che i laureati interessati delle universit\u00e0 di scienze applicate abbiano accesso al terzo ciclo.<\/p>\n<p><em>Fonte: <a href=\"https:\/\/www.fhschweiz.ch\/\">FH Svizzera<\/a><\/em><\/p>","protected":false},"excerpt":{"rendered":"<p>Die Fachhochschulen (FH) haben bis anhin kein Promotionsrecht. Seit 2017 werden erste Kooperationsmodelle von der BFI-Botschaft finanziell unterst\u00fctzt: Es wurden zw\u00f6lf Kooperationsprojekte f\u00fcr Doktoratsprogramme von FH\/PH in Zusammenarbeit mit Schweizer Universit\u00e4ten und sechs Kooperationsprojekte f\u00fcr Doktoratsprogramme von FH\/PH in Zusammenarbeit mit ausl\u00e4ndischen Hochschulen genehmigt. Weitere sind in der Zwischenzeit dazugekommen. Erste Personen haben das Doktorat [&hellip;]<\/p>\n","protected":false},"author":4,"featured_media":18086,"comment_status":"closed","ping_status":"closed","sticky":false,"template":"","format":"standard","meta":{"_acf_changed":false,"_yoast_wpseo_focuskw":"Doktorat an Fachhochschulen","_yoast_wpseo_metadesc":"FH Schweiz hat eine Umfrage durchgef\u00fchrt und wollte wissen, ob ein Doktorat an Fachhochschulen einem Bed\u00fcrfnis entspricht.","articlekey":"","footnotes":""},"categories":[30],"tags":[62,192,487],"class_list":["post-18085","post","type-post","status-publish","format-standard","has-post-thumbnail","hentry","category-weiterbildung","tag-aus-weiterbildung","tag-fachhochschulen","tag-umfrage"],"acf":[],"yoast_head":"<!-- This site is optimized with the Yoast SEO plugin v27.5 - https:\/\/yoast.com\/product\/yoast-seo-wordpress\/ -->\n<title>Mehrheit w\u00fcnscht sich ein Doktorat an Fachhochschulen - Organisator<\/title>\n<meta name=\"description\" content=\"FH Schweiz hat eine Umfrage durchgef\u00fchrt und wollte wissen, ob ein Doktorat an Fachhochschulen einem Bed\u00fcrfnis entspricht.\" \/>\n<meta name=\"robots\" content=\"index, follow, max-snippet:-1, max-image-preview:large, max-video-preview:-1\" \/>\n<link rel=\"canonical\" href=\"https:\/\/www.organisator.ch\/it\/formazione-continua\/2022-12-01\/mehrheit-wuenscht-sich-ein-doktorat-an-fachhochschulen\/\" \/>\n<meta property=\"og:locale\" content=\"it_IT\" \/>\n<meta property=\"og:type\" content=\"article\" \/>\n<meta property=\"og:title\" content=\"Mehrheit w\u00fcnscht sich ein Doktorat an Fachhochschulen\" \/>\n<meta property=\"og:description\" content=\"FH Schweiz hat eine Umfrage durchgef\u00fchrt und wollte wissen, ob ein Doktorat an Fachhochschulen einem Bed\u00fcrfnis entspricht.\" \/>\n<meta property=\"og:url\" content=\"https:\/\/www.organisator.ch\/it\/formazione-continua\/2022-12-01\/mehrheit-wuenscht-sich-ein-doktorat-an-fachhochschulen\/\" \/>\n<meta property=\"og:site_name\" content=\"Organisator\" \/>\n<meta property=\"article:publisher\" content=\"https:\/\/www.facebook.com\/OrganisatorFachmagazin\" \/>\n<meta property=\"article:published_time\" content=\"2022-12-01T10:19:48+00:00\" \/>\n<meta property=\"og:image\" content=\"https:\/\/www.organisator.ch\/wp-content\/uploads\/2022\/12\/Mehrheit-wuenscht-sich-ein-Doktorat-an-Fachhochschulen-1_Organisator.jpg\" \/>\n\t<meta property=\"og:image:width\" content=\"680\" \/>\n\t<meta property=\"og:image:height\" content=\"243\" \/>\n\t<meta property=\"og:image:type\" content=\"image\/jpeg\" \/>\n<meta name=\"author\" content=\"thomas.berner\" \/>\n<meta name=\"twitter:card\" content=\"summary_large_image\" \/>\n<meta name=\"twitter:title\" content=\"#Mehrheit w\u00fcnscht sich ein #Doktorat an #Fachhochschulen\" \/>\n<meta name=\"twitter:description\" content=\"FH Schweiz hat eine Umfrage durchgef\u00fchrt und wollte wissen, ob ein #Doktorat an #Fachhochschulen einem Bed\u00fcrfnis entspricht.\" \/>\n<meta name=\"twitter:image\" content=\"https:\/\/www.organisator.ch\/wp-content\/uploads\/2022\/12\/Mehrheit-wuenscht-sich-ein-Doktorat-an-Fachhochschulen-1_Organisator.jpg\" \/>\n<script type=\"application\/ld+json\" class=\"yoast-schema-graph\">{\"@context\":\"https:\\\/\\\/schema.org\",\"@graph\":[{\"@type\":\"Article\",\"@id\":\"https:\\\/\\\/www.organisator.ch\\\/weiterbildung\\\/2022-12-01\\\/mehrheit-wuenscht-sich-ein-doktorat-an-fachhochschulen\\\/#article\",\"isPartOf\":{\"@id\":\"https:\\\/\\\/www.organisator.ch\\\/weiterbildung\\\/2022-12-01\\\/mehrheit-wuenscht-sich-ein-doktorat-an-fachhochschulen\\\/\"},\"author\":{\"name\":\"thomas.berner\",\"@id\":\"https:\\\/\\\/www.organisator.ch\\\/#\\\/schema\\\/person\\\/6f650f90b2842cd4c0cc334b4e36f67e\"},\"headline\":\"Mehrheit w\u00fcnscht sich ein Doktorat an Fachhochschulen\",\"datePublished\":\"2022-12-01T10:19:48+00:00\",\"mainEntityOfPage\":{\"@id\":\"https:\\\/\\\/www.organisator.ch\\\/weiterbildung\\\/2022-12-01\\\/mehrheit-wuenscht-sich-ein-doktorat-an-fachhochschulen\\\/\"},\"wordCount\":613,\"publisher\":{\"@id\":\"https:\\\/\\\/www.organisator.ch\\\/#organization\"},\"image\":{\"@id\":\"https:\\\/\\\/www.organisator.ch\\\/weiterbildung\\\/2022-12-01\\\/mehrheit-wuenscht-sich-ein-doktorat-an-fachhochschulen\\\/#primaryimage\"},\"thumbnailUrl\":\"https:\\\/\\\/www.organisator.ch\\\/wp-content\\\/uploads\\\/2022\\\/12\\\/Mehrheit-wuenscht-sich-ein-Doktorat-an-Fachhochschulen-1_Organisator.jpg\",\"keywords\":[\"Aus-\\\/Weiterbildung\",\"Fachhochschulen\",\"Umfrage\"],\"articleSection\":[\"WEITERBILDUNG\"],\"inLanguage\":\"it-IT\"},{\"@type\":\"WebPage\",\"@id\":\"https:\\\/\\\/www.organisator.ch\\\/weiterbildung\\\/2022-12-01\\\/mehrheit-wuenscht-sich-ein-doktorat-an-fachhochschulen\\\/\",\"url\":\"https:\\\/\\\/www.organisator.ch\\\/weiterbildung\\\/2022-12-01\\\/mehrheit-wuenscht-sich-ein-doktorat-an-fachhochschulen\\\/\",\"name\":\"Mehrheit w\u00fcnscht sich ein Doktorat an Fachhochschulen - Organisator\",\"isPartOf\":{\"@id\":\"https:\\\/\\\/www.organisator.ch\\\/#website\"},\"primaryImageOfPage\":{\"@id\":\"https:\\\/\\\/www.organisator.ch\\\/weiterbildung\\\/2022-12-01\\\/mehrheit-wuenscht-sich-ein-doktorat-an-fachhochschulen\\\/#primaryimage\"},\"image\":{\"@id\":\"https:\\\/\\\/www.organisator.ch\\\/weiterbildung\\\/2022-12-01\\\/mehrheit-wuenscht-sich-ein-doktorat-an-fachhochschulen\\\/#primaryimage\"},\"thumbnailUrl\":\"https:\\\/\\\/www.organisator.ch\\\/wp-content\\\/uploads\\\/2022\\\/12\\\/Mehrheit-wuenscht-sich-ein-Doktorat-an-Fachhochschulen-1_Organisator.jpg\",\"datePublished\":\"2022-12-01T10:19:48+00:00\",\"description\":\"FH Schweiz hat eine Umfrage durchgef\u00fchrt und wollte wissen, ob ein Doktorat an Fachhochschulen einem Bed\u00fcrfnis entspricht.\",\"breadcrumb\":{\"@id\":\"https:\\\/\\\/www.organisator.ch\\\/weiterbildung\\\/2022-12-01\\\/mehrheit-wuenscht-sich-ein-doktorat-an-fachhochschulen\\\/#breadcrumb\"},\"inLanguage\":\"it-IT\",\"potentialAction\":[{\"@type\":\"ReadAction\",\"target\":[\"https:\\\/\\\/www.organisator.ch\\\/weiterbildung\\\/2022-12-01\\\/mehrheit-wuenscht-sich-ein-doktorat-an-fachhochschulen\\\/\"]}]},{\"@type\":\"ImageObject\",\"inLanguage\":\"it-IT\",\"@id\":\"https:\\\/\\\/www.organisator.ch\\\/weiterbildung\\\/2022-12-01\\\/mehrheit-wuenscht-sich-ein-doktorat-an-fachhochschulen\\\/#primaryimage\",\"url\":\"https:\\\/\\\/www.organisator.ch\\\/wp-content\\\/uploads\\\/2022\\\/12\\\/Mehrheit-wuenscht-sich-ein-Doktorat-an-Fachhochschulen-1_Organisator.jpg\",\"contentUrl\":\"https:\\\/\\\/www.organisator.ch\\\/wp-content\\\/uploads\\\/2022\\\/12\\\/Mehrheit-wuenscht-sich-ein-Doktorat-an-Fachhochschulen-1_Organisator.jpg\",\"width\":680,\"height\":243,\"caption\":\"Gem\u00e4ss einer Umfrage von FH Schweiz wird ein Doktorat an Fachhochschulen von einer Mehrheit bef\u00fcrwortet. (Grafik: FH Schweiz)\"},{\"@type\":\"BreadcrumbList\",\"@id\":\"https:\\\/\\\/www.organisator.ch\\\/weiterbildung\\\/2022-12-01\\\/mehrheit-wuenscht-sich-ein-doktorat-an-fachhochschulen\\\/#breadcrumb\",\"itemListElement\":[{\"@type\":\"ListItem\",\"position\":1,\"name\":\"Home\",\"item\":\"https:\\\/\\\/www.organisator.ch\\\/\"},{\"@type\":\"ListItem\",\"position\":2,\"name\":\"Mehrheit w\u00fcnscht sich ein Doktorat an Fachhochschulen\"}]},{\"@type\":\"WebSite\",\"@id\":\"https:\\\/\\\/www.organisator.ch\\\/#website\",\"url\":\"https:\\\/\\\/www.organisator.ch\\\/\",\"name\":\"Organisator\",\"description\":\"Kompetent. Praxisnah. Der ORGANISATOR bereitet in 10 Ausgaben pro Jahr die wesentlichen Themen f\u00fcr F\u00fchrungskr\u00e4fte von KMU auf.\",\"publisher\":{\"@id\":\"https:\\\/\\\/www.organisator.ch\\\/#organization\"},\"potentialAction\":[{\"@type\":\"SearchAction\",\"target\":{\"@type\":\"EntryPoint\",\"urlTemplate\":\"https:\\\/\\\/www.organisator.ch\\\/?s={search_term_string}\"},\"query-input\":{\"@type\":\"PropertyValueSpecification\",\"valueRequired\":true,\"valueName\":\"search_term_string\"}}],\"inLanguage\":\"it-IT\"},{\"@type\":\"Organization\",\"@id\":\"https:\\\/\\\/www.organisator.ch\\\/#organization\",\"name\":\"Organisator\",\"url\":\"https:\\\/\\\/www.organisator.ch\\\/\",\"logo\":{\"@type\":\"ImageObject\",\"inLanguage\":\"it-IT\",\"@id\":\"https:\\\/\\\/www.organisator.ch\\\/#\\\/schema\\\/logo\\\/image\\\/\",\"url\":\"https:\\\/\\\/www.organisator.ch\\\/wp-content\\\/uploads\\\/2022\\\/01\\\/Logo_Organisator_Website.png\",\"contentUrl\":\"https:\\\/\\\/www.organisator.ch\\\/wp-content\\\/uploads\\\/2022\\\/01\\\/Logo_Organisator_Website.png\",\"width\":800,\"height\":77,\"caption\":\"Organisator\"},\"image\":{\"@id\":\"https:\\\/\\\/www.organisator.ch\\\/#\\\/schema\\\/logo\\\/image\\\/\"},\"sameAs\":[\"https:\\\/\\\/www.facebook.com\\\/OrganisatorFachmagazin\",\"https:\\\/\\\/www.linkedin.com\\\/showcase\\\/organisator-das-magazin-fr-kmu\",\"https:\\\/\\\/www.xing.com\\\/news\\\/pages\\\/organisator-ch-695\",\"https:\\\/\\\/www.youtube.com\\\/channel\\\/UCGP2Sq0iWaZwT3BdIAQFYpw\"]},{\"@type\":\"Person\",\"@id\":\"https:\\\/\\\/www.organisator.ch\\\/#\\\/schema\\\/person\\\/6f650f90b2842cd4c0cc334b4e36f67e\",\"name\":\"thomas.berner\",\"image\":{\"@type\":\"ImageObject\",\"inLanguage\":\"it-IT\",\"@id\":\"https:\\\/\\\/secure.gravatar.com\\\/avatar\\\/ac5001d2a36cb6c6cd3e50789007ffca834b477b74a2144564522e944eabff61?s=96&d=mm&r=g\",\"url\":\"https:\\\/\\\/secure.gravatar.com\\\/avatar\\\/ac5001d2a36cb6c6cd3e50789007ffca834b477b74a2144564522e944eabff61?s=96&d=mm&r=g\",\"contentUrl\":\"https:\\\/\\\/secure.gravatar.com\\\/avatar\\\/ac5001d2a36cb6c6cd3e50789007ffca834b477b74a2144564522e944eabff61?s=96&d=mm&r=g\",\"caption\":\"thomas.berner\"},\"url\":\"https:\\\/\\\/www.organisator.ch\\\/it\\\/author\\\/thomas-berner\\\/\"}]}<\/script>\n<!-- \/ Yoast SEO plugin. -->","yoast_head_json":{"title":"La maggioranza vuole un dottorato nelle universit\u00e0 di scienze applicate - Organizzatore","description":"FH Schweiz ha condotto un'indagine per capire se il dottorato presso le universit\u00e0 di scienze applicate risponde a un'esigenza.","robots":{"index":"index","follow":"follow","max-snippet":"max-snippet:-1","max-image-preview":"max-image-preview:large","max-video-preview":"max-video-preview:-1"},"canonical":"https:\/\/www.organisator.ch\/it\/formazione-continua\/2022-12-01\/mehrheit-wuenscht-sich-ein-doktorat-an-fachhochschulen\/","og_locale":"it_IT","og_type":"article","og_title":"Mehrheit w\u00fcnscht sich ein Doktorat an Fachhochschulen","og_description":"FH Schweiz hat eine Umfrage durchgef\u00fchrt und wollte wissen, ob ein Doktorat an Fachhochschulen einem Bed\u00fcrfnis entspricht.","og_url":"https:\/\/www.organisator.ch\/it\/formazione-continua\/2022-12-01\/mehrheit-wuenscht-sich-ein-doktorat-an-fachhochschulen\/","og_site_name":"Organisator","article_publisher":"https:\/\/www.facebook.com\/OrganisatorFachmagazin","article_published_time":"2022-12-01T10:19:48+00:00","og_image":[{"width":680,"height":243,"url":"https:\/\/www.organisator.ch\/wp-content\/uploads\/2022\/12\/Mehrheit-wuenscht-sich-ein-Doktorat-an-Fachhochschulen-1_Organisator.jpg","type":"image\/jpeg"}],"author":"thomas.berner","twitter_card":"summary_large_image","twitter_title":"#Mehrheit w\u00fcnscht sich ein #Doktorat an #Fachhochschulen","twitter_description":"FH Schweiz hat eine Umfrage durchgef\u00fchrt und wollte wissen, ob ein #Doktorat an #Fachhochschulen einem Bed\u00fcrfnis entspricht.","twitter_image":"https:\/\/www.organisator.ch\/wp-content\/uploads\/2022\/12\/Mehrheit-wuenscht-sich-ein-Doktorat-an-Fachhochschulen-1_Organisator.jpg","schema":{"@context":"https:\/\/schema.org","@graph":[{"@type":"Article","@id":"https:\/\/www.organisator.ch\/weiterbildung\/2022-12-01\/mehrheit-wuenscht-sich-ein-doktorat-an-fachhochschulen\/#article","isPartOf":{"@id":"https:\/\/www.organisator.ch\/weiterbildung\/2022-12-01\/mehrheit-wuenscht-sich-ein-doktorat-an-fachhochschulen\/"},"author":{"name":"thomas.berner","@id":"https:\/\/www.organisator.ch\/#\/schema\/person\/6f650f90b2842cd4c0cc334b4e36f67e"},"headline":"Mehrheit w\u00fcnscht sich ein Doktorat an Fachhochschulen","datePublished":"2022-12-01T10:19:48+00:00","mainEntityOfPage":{"@id":"https:\/\/www.organisator.ch\/weiterbildung\/2022-12-01\/mehrheit-wuenscht-sich-ein-doktorat-an-fachhochschulen\/"},"wordCount":613,"publisher":{"@id":"https:\/\/www.organisator.ch\/#organization"},"image":{"@id":"https:\/\/www.organisator.ch\/weiterbildung\/2022-12-01\/mehrheit-wuenscht-sich-ein-doktorat-an-fachhochschulen\/#primaryimage"},"thumbnailUrl":"https:\/\/www.organisator.ch\/wp-content\/uploads\/2022\/12\/Mehrheit-wuenscht-sich-ein-Doktorat-an-Fachhochschulen-1_Organisator.jpg","keywords":["Aus-\/Weiterbildung","Fachhochschulen","Umfrage"],"articleSection":["WEITERBILDUNG"],"inLanguage":"it-IT"},{"@type":"WebPage","@id":"https:\/\/www.organisator.ch\/weiterbildung\/2022-12-01\/mehrheit-wuenscht-sich-ein-doktorat-an-fachhochschulen\/","url":"https:\/\/www.organisator.ch\/weiterbildung\/2022-12-01\/mehrheit-wuenscht-sich-ein-doktorat-an-fachhochschulen\/","name":"La maggioranza vuole un dottorato nelle universit\u00e0 di scienze applicate - Organizzatore","isPartOf":{"@id":"https:\/\/www.organisator.ch\/#website"},"primaryImageOfPage":{"@id":"https:\/\/www.organisator.ch\/weiterbildung\/2022-12-01\/mehrheit-wuenscht-sich-ein-doktorat-an-fachhochschulen\/#primaryimage"},"image":{"@id":"https:\/\/www.organisator.ch\/weiterbildung\/2022-12-01\/mehrheit-wuenscht-sich-ein-doktorat-an-fachhochschulen\/#primaryimage"},"thumbnailUrl":"https:\/\/www.organisator.ch\/wp-content\/uploads\/2022\/12\/Mehrheit-wuenscht-sich-ein-Doktorat-an-Fachhochschulen-1_Organisator.jpg","datePublished":"2022-12-01T10:19:48+00:00","description":"FH Schweiz ha condotto un'indagine per capire se il dottorato presso le universit\u00e0 di scienze applicate risponde a un'esigenza.","breadcrumb":{"@id":"https:\/\/www.organisator.ch\/weiterbildung\/2022-12-01\/mehrheit-wuenscht-sich-ein-doktorat-an-fachhochschulen\/#breadcrumb"},"inLanguage":"it-IT","potentialAction":[{"@type":"ReadAction","target":["https:\/\/www.organisator.ch\/weiterbildung\/2022-12-01\/mehrheit-wuenscht-sich-ein-doktorat-an-fachhochschulen\/"]}]},{"@type":"ImageObject","inLanguage":"it-IT","@id":"https:\/\/www.organisator.ch\/weiterbildung\/2022-12-01\/mehrheit-wuenscht-sich-ein-doktorat-an-fachhochschulen\/#primaryimage","url":"https:\/\/www.organisator.ch\/wp-content\/uploads\/2022\/12\/Mehrheit-wuenscht-sich-ein-Doktorat-an-Fachhochschulen-1_Organisator.jpg","contentUrl":"https:\/\/www.organisator.ch\/wp-content\/uploads\/2022\/12\/Mehrheit-wuenscht-sich-ein-Doktorat-an-Fachhochschulen-1_Organisator.jpg","width":680,"height":243,"caption":"Gem\u00e4ss einer Umfrage von FH Schweiz wird ein Doktorat an Fachhochschulen von einer Mehrheit bef\u00fcrwortet. (Grafik: FH Schweiz)"},{"@type":"BreadcrumbList","@id":"https:\/\/www.organisator.ch\/weiterbildung\/2022-12-01\/mehrheit-wuenscht-sich-ein-doktorat-an-fachhochschulen\/#breadcrumb","itemListElement":[{"@type":"ListItem","position":1,"name":"Home","item":"https:\/\/www.organisator.ch\/"},{"@type":"ListItem","position":2,"name":"Mehrheit w\u00fcnscht sich ein Doktorat an Fachhochschulen"}]},{"@type":"WebSite","@id":"https:\/\/www.organisator.ch\/#website","url":"https:\/\/www.organisator.ch\/","name":"Organizzatore","description":"Competente. Pratico. In 10 numeri all'anno, ORGANISATOR presenta i temi essenziali per i manager delle PMI.","publisher":{"@id":"https:\/\/www.organisator.ch\/#organization"},"potentialAction":[{"@type":"SearchAction","target":{"@type":"EntryPoint","urlTemplate":"https:\/\/www.organisator.ch\/?s={search_term_string}"},"query-input":{"@type":"PropertyValueSpecification","valueRequired":true,"valueName":"search_term_string"}}],"inLanguage":"it-IT"},{"@type":"Organization","@id":"https:\/\/www.organisator.ch\/#organization","name":"Organizzatore","url":"https:\/\/www.organisator.ch\/","logo":{"@type":"ImageObject","inLanguage":"it-IT","@id":"https:\/\/www.organisator.ch\/#\/schema\/logo\/image\/","url":"https:\/\/www.organisator.ch\/wp-content\/uploads\/2022\/01\/Logo_Organisator_Website.png","contentUrl":"https:\/\/www.organisator.ch\/wp-content\/uploads\/2022\/01\/Logo_Organisator_Website.png","width":800,"height":77,"caption":"Organisator"},"image":{"@id":"https:\/\/www.organisator.ch\/#\/schema\/logo\/image\/"},"sameAs":["https:\/\/www.facebook.com\/OrganisatorFachmagazin","https:\/\/www.linkedin.com\/showcase\/organisator-das-magazin-fr-kmu","https:\/\/www.xing.com\/news\/pages\/organisator-ch-695","https:\/\/www.youtube.com\/channel\/UCGP2Sq0iWaZwT3BdIAQFYpw"]},{"@type":"Person","@id":"https:\/\/www.organisator.ch\/#\/schema\/person\/6f650f90b2842cd4c0cc334b4e36f67e","name":"Tommaso.berner","image":{"@type":"ImageObject","inLanguage":"it-IT","@id":"https:\/\/secure.gravatar.com\/avatar\/ac5001d2a36cb6c6cd3e50789007ffca834b477b74a2144564522e944eabff61?s=96&d=mm&r=g","url":"https:\/\/secure.gravatar.com\/avatar\/ac5001d2a36cb6c6cd3e50789007ffca834b477b74a2144564522e944eabff61?s=96&d=mm&r=g","contentUrl":"https:\/\/secure.gravatar.com\/avatar\/ac5001d2a36cb6c6cd3e50789007ffca834b477b74a2144564522e944eabff61?s=96&d=mm&r=g","caption":"thomas.berner"},"url":"https:\/\/www.organisator.ch\/it\/author\/thomas-berner\/"}]}},"_links":{"self":[{"href":"https:\/\/www.organisator.ch\/it\/wp-json\/wp\/v2\/posts\/18085","targetHints":{"allow":["GET"]}}],"collection":[{"href":"https:\/\/www.organisator.ch\/it\/wp-json\/wp\/v2\/posts"}],"about":[{"href":"https:\/\/www.organisator.ch\/it\/wp-json\/wp\/v2\/types\/post"}],"author":[{"embeddable":true,"href":"https:\/\/www.organisator.ch\/it\/wp-json\/wp\/v2\/users\/4"}],"replies":[{"embeddable":true,"href":"https:\/\/www.organisator.ch\/it\/wp-json\/wp\/v2\/comments?post=18085"}],"version-history":[{"count":1,"href":"https:\/\/www.organisator.ch\/it\/wp-json\/wp\/v2\/posts\/18085\/revisions"}],"predecessor-version":[{"id":18088,"href":"https:\/\/www.organisator.ch\/it\/wp-json\/wp\/v2\/posts\/18085\/revisions\/18088"}],"wp:featuredmedia":[{"embeddable":true,"href":"https:\/\/www.organisator.ch\/it\/wp-json\/wp\/v2\/media\/18086"}],"wp:attachment":[{"href":"https:\/\/www.organisator.ch\/it\/wp-json\/wp\/v2\/media?parent=18085"}],"wp:term":[{"taxonomy":"category","embeddable":true,"href":"https:\/\/www.organisator.ch\/it\/wp-json\/wp\/v2\/categories?post=18085"},{"taxonomy":"post_tag","embeddable":true,"href":"https:\/\/www.organisator.ch\/it\/wp-json\/wp\/v2\/tags?post=18085"}],"curies":[{"name":"wp","href":"https:\/\/api.w.org\/{rel}","templated":true}]}}