{"id":18099,"date":"2022-12-02T11:17:26","date_gmt":"2022-12-02T10:17:26","guid":{"rendered":"https:\/\/www.organisator.ch\/?p=18099"},"modified":"2022-12-02T11:17:26","modified_gmt":"2022-12-02T10:17:26","slug":"mitarbeiterverpflegung-felfel-uebernimmt-snaex","status":"publish","type":"post","link":"https:\/\/www.organisator.ch\/it\/management\/2022-12-02\/mitarbeiterverpflegung-felfel-uebernimmt-snaex\/","title":{"rendered":"Ristorazione per i dipendenti: Felfel rileva Sn\u00e4x"},"content":{"rendered":"<figure id=\"attachment_18100\" aria-describedby=\"caption-attachment-18100\" style=\"width: 680px\" class=\"wp-caption alignnone\"><img loading=\"lazy\" decoding=\"async\" class=\"size-full wp-image-18100\" src=\"https:\/\/www.organisator.ch\/wp-content\/uploads\/2022\/12\/Mitarbeiterverpflegung-Felfel-uebernimmt-Snaex_Organisator.jpg\" alt=\"\" width=\"680\" height=\"422\" srcset=\"https:\/\/www.organisator.ch\/wp-content\/uploads\/2022\/12\/Mitarbeiterverpflegung-Felfel-uebernimmt-Snaex_Organisator.jpg 680w, https:\/\/www.organisator.ch\/wp-content\/uploads\/2022\/12\/Mitarbeiterverpflegung-Felfel-uebernimmt-Snaex_Organisator-18x12.jpg 18w, https:\/\/www.organisator.ch\/wp-content\/uploads\/2022\/12\/Mitarbeiterverpflegung-Felfel-uebernimmt-Snaex_Organisator-375x233.jpg 375w, https:\/\/www.organisator.ch\/wp-content\/uploads\/2022\/12\/Mitarbeiterverpflegung-Felfel-uebernimmt-Snaex_Organisator-564x350.jpg 564w\" sizes=\"auto, (max-width: 680px) 100vw, 680px\" \/><figcaption id=\"caption-attachment-18100\" class=\"wp-caption-text\">C'\u00e8 un'acquisizione nel mercato della ristorazione collettiva: Felfel integra la start-up Sn\u00e4x. (Immagine: Felfel AG)<\/figcaption><\/figure>\n<p>L'azienda Felfel, anch'essa una start-up fino a pochi anni fa, continua a puntare sulla crescita e rileva Sn\u00e4x. Dalla sua fondazione, tre anni fa, la giovane azienda Sn\u00e4x si \u00e8 affermata con successo nel mercato della ristorazione collettiva e ha costruito un'ampia base di clienti nella Svizzera tedesca. La startup \u00e8 stata fondata da Sparrow Ventures nel 2019. Come Felfel, anche Sn\u00e4x si affida a frigoriferi che possono essere collocati nelle aziende e che vengono regolarmente riempiti. Il processo di ordinazione dei pasti avviene tramite un'app. Lida Ahmadi, CEO e cofondatrice di Sn\u00e4x, \u00e8 soddisfatta e afferma: \"Siamo molto contenti che l'uscita di Sn\u00e4x sia stata completata con successo. Siamo convinti di aver trovato in Felfel l'acquirente ideale, perch\u00e9 non solo condividiamo la stessa visione, ma abbiamo anche fiducia nel team di Felfel che sapr\u00e0 rappresentare al meglio gli interessi dei nostri dipendenti e clienti.\"<\/p>\n<p>La stessa Felfel \u00e8 stata fondata nel 2014, oggi serve 800 clienti in tutta la Svizzera e impiega 120 persone, gran parte delle quali lavorano nello sviluppo culinario, nella tecnologia e nell'analisi dei dati. Oltre all'attenzione per i pasti freschi sul posto di lavoro, l'azienda \u00e8 anche leader nel settore della ristorazione collettiva. <a href=\"https:\/\/www.organisator.ch\/de\/human-resources\/fit_im_job\/2021-10-19\/felfel-steigt-ins-kaffee-geschaeft-ein\/\">Gavetti<\/a> anche il proprio marchio di caff\u00e8 su misura per gli uffici. \"Per poter soddisfare gli elevati requisiti di qualit\u00e0 nonostante le complesse condizioni di mercato, \u00e8 essenziale raggiungere una dimensione critica\", spiega Anna Grassler, co-CEO di Felfel. \"Abbiamo seguito gli sviluppi di Sn\u00e4x fin dalla sua fondazione e siamo convinti che questa giovane azienda non solo sia un'aggiunta ideale per noi, ma possa anche integrarsi perfettamente con noi. Non vediamo l'ora di affrontare questa sfida e di accogliere nuovi clienti e membri del team nella nostra famiglia.<\/p>\n<p><em>Fonte: <a href=\"http:\/\/www.felfel.ch\">Felfel AG<\/a><\/em><\/p>","protected":false},"excerpt":{"rendered":"<p>Das Unternehmen Felfel, noch bis vor wenigen Jahren selbst ein Startup, setzt weiter auf Wachstum und \u00fcbernimmt Sn\u00e4x. Das Jungunternehmen Sn\u00e4x hat sich seit Gr\u00fcndung vor drei Jahren erfolgreich am Markt f\u00fcr Mitarbeiterverpflegung etabliert und in der Deutschschweiz einen grossen Kundenstamm aufgebaut. Das Startup wurde 2019 von Sparrow Ventures gegr\u00fcndet. Wie Felfel setzt auch Sn\u00e4x [&hellip;]<\/p>\n","protected":false},"author":4,"featured_media":18100,"comment_status":"closed","ping_status":"closed","sticky":false,"template":"","format":"standard","meta":{"_acf_changed":false,"_yoast_wpseo_focuskw":"Mitarbeiterverpflegung","_yoast_wpseo_metadesc":"Mit der \u00dcbernahme von Sn\u00e4x st\u00e4rkt Felfel ihre Position als Marktf\u00fchrerin im Bereich der Mitarbeiterverpflegung.","articlekey":"","footnotes":""},"categories":[28],"tags":[2690,3539,451],"class_list":["post-18099","post","type-post","status-publish","format-standard","has-post-thumbnail","hentry","category-management","tag-mergers-akquisitions","tag-mitarbeiterverpflegung","tag-startups"],"acf":[],"yoast_head":"<!-- This site is optimized with the Yoast SEO plugin v27.5 - https:\/\/yoast.com\/product\/yoast-seo-wordpress\/ -->\n<title>Mitarbeiterverpflegung: Felfel \u00fcbernimmt Sn\u00e4x - Organisator<\/title>\n<meta name=\"description\" content=\"Mit der \u00dcbernahme von Sn\u00e4x st\u00e4rkt Felfel ihre Position als Marktf\u00fchrerin im Bereich der Mitarbeiterverpflegung.\" \/>\n<meta name=\"robots\" content=\"index, follow, max-snippet:-1, max-image-preview:large, max-video-preview:-1\" \/>\n<link rel=\"canonical\" href=\"https:\/\/www.organisator.ch\/it\/gestione-2\/2022-12-02\/mitarbeiterverpflegung-felfel-uebernimmt-snaex\/\" \/>\n<meta property=\"og:locale\" content=\"it_IT\" \/>\n<meta property=\"og:type\" content=\"article\" \/>\n<meta property=\"og:title\" content=\"Mitarbeiterverpflegung: Felfel \u00fcbernimmt Sn\u00e4x\" \/>\n<meta property=\"og:description\" content=\"Mit der \u00dcbernahme von Sn\u00e4x st\u00e4rkt Felfel ihre Position als Marktf\u00fchrerin im Bereich der Mitarbeiterverpflegung.\" \/>\n<meta property=\"og:url\" content=\"https:\/\/www.organisator.ch\/it\/gestione-2\/2022-12-02\/mitarbeiterverpflegung-felfel-uebernimmt-snaex\/\" \/>\n<meta property=\"og:site_name\" content=\"Organisator\" \/>\n<meta property=\"article:publisher\" content=\"https:\/\/www.facebook.com\/OrganisatorFachmagazin\" \/>\n<meta property=\"article:published_time\" content=\"2022-12-02T10:17:26+00:00\" \/>\n<meta property=\"og:image\" content=\"https:\/\/www.organisator.ch\/wp-content\/uploads\/2022\/12\/Mitarbeiterverpflegung-Felfel-uebernimmt-Snaex_Organisator.jpg\" \/>\n\t<meta property=\"og:image:width\" content=\"680\" \/>\n\t<meta property=\"og:image:height\" content=\"422\" \/>\n\t<meta property=\"og:image:type\" content=\"image\/jpeg\" \/>\n<meta name=\"author\" content=\"thomas.berner\" \/>\n<meta name=\"twitter:card\" content=\"summary_large_image\" \/>\n<meta name=\"twitter:title\" content=\"#Mitarbeiterverpflegung: #Felfel \u00fcbernimmt #Sn\u00e4x\" \/>\n<meta name=\"twitter:description\" content=\"Mit der \u00dcbernahme von #Sn\u00e4x st\u00e4rkt #Felfel ihre Position als Marktf\u00fchrerin im Bereich der #Mitarbeiterverpflegung.\" \/>\n<meta name=\"twitter:image\" content=\"https:\/\/www.organisator.ch\/wp-content\/uploads\/2022\/12\/Mitarbeiterverpflegung-Felfel-uebernimmt-Snaex_Organisator.jpg\" \/>\n<script type=\"application\/ld+json\" class=\"yoast-schema-graph\">{\"@context\":\"https:\\\/\\\/schema.org\",\"@graph\":[{\"@type\":\"Article\",\"@id\":\"https:\\\/\\\/www.organisator.ch\\\/management\\\/2022-12-02\\\/mitarbeiterverpflegung-felfel-uebernimmt-snaex\\\/#article\",\"isPartOf\":{\"@id\":\"https:\\\/\\\/www.organisator.ch\\\/management\\\/2022-12-02\\\/mitarbeiterverpflegung-felfel-uebernimmt-snaex\\\/\"},\"author\":{\"name\":\"thomas.berner\",\"@id\":\"https:\\\/\\\/www.organisator.ch\\\/#\\\/schema\\\/person\\\/6f650f90b2842cd4c0cc334b4e36f67e\"},\"headline\":\"Mitarbeiterverpflegung: Felfel \u00fcbernimmt Sn\u00e4x\",\"datePublished\":\"2022-12-02T10:17:26+00:00\",\"mainEntityOfPage\":{\"@id\":\"https:\\\/\\\/www.organisator.ch\\\/management\\\/2022-12-02\\\/mitarbeiterverpflegung-felfel-uebernimmt-snaex\\\/\"},\"wordCount\":320,\"publisher\":{\"@id\":\"https:\\\/\\\/www.organisator.ch\\\/#organization\"},\"image\":{\"@id\":\"https:\\\/\\\/www.organisator.ch\\\/management\\\/2022-12-02\\\/mitarbeiterverpflegung-felfel-uebernimmt-snaex\\\/#primaryimage\"},\"thumbnailUrl\":\"https:\\\/\\\/www.organisator.ch\\\/wp-content\\\/uploads\\\/2022\\\/12\\\/Mitarbeiterverpflegung-Felfel-uebernimmt-Snaex_Organisator.jpg\",\"keywords\":[\"Mergers &amp; Akquisitions\",\"Mitarbeiterverpflegung\",\"Startups\"],\"articleSection\":[\"MANAGEMENT\"],\"inLanguage\":\"it-IT\"},{\"@type\":\"WebPage\",\"@id\":\"https:\\\/\\\/www.organisator.ch\\\/management\\\/2022-12-02\\\/mitarbeiterverpflegung-felfel-uebernimmt-snaex\\\/\",\"url\":\"https:\\\/\\\/www.organisator.ch\\\/management\\\/2022-12-02\\\/mitarbeiterverpflegung-felfel-uebernimmt-snaex\\\/\",\"name\":\"Mitarbeiterverpflegung: Felfel \u00fcbernimmt Sn\u00e4x - Organisator\",\"isPartOf\":{\"@id\":\"https:\\\/\\\/www.organisator.ch\\\/#website\"},\"primaryImageOfPage\":{\"@id\":\"https:\\\/\\\/www.organisator.ch\\\/management\\\/2022-12-02\\\/mitarbeiterverpflegung-felfel-uebernimmt-snaex\\\/#primaryimage\"},\"image\":{\"@id\":\"https:\\\/\\\/www.organisator.ch\\\/management\\\/2022-12-02\\\/mitarbeiterverpflegung-felfel-uebernimmt-snaex\\\/#primaryimage\"},\"thumbnailUrl\":\"https:\\\/\\\/www.organisator.ch\\\/wp-content\\\/uploads\\\/2022\\\/12\\\/Mitarbeiterverpflegung-Felfel-uebernimmt-Snaex_Organisator.jpg\",\"datePublished\":\"2022-12-02T10:17:26+00:00\",\"description\":\"Mit der \u00dcbernahme von Sn\u00e4x st\u00e4rkt Felfel ihre Position als Marktf\u00fchrerin im Bereich der Mitarbeiterverpflegung.\",\"breadcrumb\":{\"@id\":\"https:\\\/\\\/www.organisator.ch\\\/management\\\/2022-12-02\\\/mitarbeiterverpflegung-felfel-uebernimmt-snaex\\\/#breadcrumb\"},\"inLanguage\":\"it-IT\",\"potentialAction\":[{\"@type\":\"ReadAction\",\"target\":[\"https:\\\/\\\/www.organisator.ch\\\/management\\\/2022-12-02\\\/mitarbeiterverpflegung-felfel-uebernimmt-snaex\\\/\"]}]},{\"@type\":\"ImageObject\",\"inLanguage\":\"it-IT\",\"@id\":\"https:\\\/\\\/www.organisator.ch\\\/management\\\/2022-12-02\\\/mitarbeiterverpflegung-felfel-uebernimmt-snaex\\\/#primaryimage\",\"url\":\"https:\\\/\\\/www.organisator.ch\\\/wp-content\\\/uploads\\\/2022\\\/12\\\/Mitarbeiterverpflegung-Felfel-uebernimmt-Snaex_Organisator.jpg\",\"contentUrl\":\"https:\\\/\\\/www.organisator.ch\\\/wp-content\\\/uploads\\\/2022\\\/12\\\/Mitarbeiterverpflegung-Felfel-uebernimmt-Snaex_Organisator.jpg\",\"width\":680,\"height\":422,\"caption\":\"Im Markt der Mitarbeiterverpflegung kommt es zu einer \u00dcbernahme: Felfel integriert das Startup Sn\u00e4x. (Bild: Felfel AG)\"},{\"@type\":\"BreadcrumbList\",\"@id\":\"https:\\\/\\\/www.organisator.ch\\\/management\\\/2022-12-02\\\/mitarbeiterverpflegung-felfel-uebernimmt-snaex\\\/#breadcrumb\",\"itemListElement\":[{\"@type\":\"ListItem\",\"position\":1,\"name\":\"Home\",\"item\":\"https:\\\/\\\/www.organisator.ch\\\/\"},{\"@type\":\"ListItem\",\"position\":2,\"name\":\"Mitarbeiterverpflegung: Felfel \u00fcbernimmt Sn\u00e4x\"}]},{\"@type\":\"WebSite\",\"@id\":\"https:\\\/\\\/www.organisator.ch\\\/#website\",\"url\":\"https:\\\/\\\/www.organisator.ch\\\/\",\"name\":\"Organisator\",\"description\":\"Kompetent. Praxisnah. Der ORGANISATOR bereitet in 10 Ausgaben pro Jahr die wesentlichen Themen f\u00fcr F\u00fchrungskr\u00e4fte von KMU auf.\",\"publisher\":{\"@id\":\"https:\\\/\\\/www.organisator.ch\\\/#organization\"},\"potentialAction\":[{\"@type\":\"SearchAction\",\"target\":{\"@type\":\"EntryPoint\",\"urlTemplate\":\"https:\\\/\\\/www.organisator.ch\\\/?s={search_term_string}\"},\"query-input\":{\"@type\":\"PropertyValueSpecification\",\"valueRequired\":true,\"valueName\":\"search_term_string\"}}],\"inLanguage\":\"it-IT\"},{\"@type\":\"Organization\",\"@id\":\"https:\\\/\\\/www.organisator.ch\\\/#organization\",\"name\":\"Organisator\",\"url\":\"https:\\\/\\\/www.organisator.ch\\\/\",\"logo\":{\"@type\":\"ImageObject\",\"inLanguage\":\"it-IT\",\"@id\":\"https:\\\/\\\/www.organisator.ch\\\/#\\\/schema\\\/logo\\\/image\\\/\",\"url\":\"https:\\\/\\\/www.organisator.ch\\\/wp-content\\\/uploads\\\/2022\\\/01\\\/Logo_Organisator_Website.png\",\"contentUrl\":\"https:\\\/\\\/www.organisator.ch\\\/wp-content\\\/uploads\\\/2022\\\/01\\\/Logo_Organisator_Website.png\",\"width\":800,\"height\":77,\"caption\":\"Organisator\"},\"image\":{\"@id\":\"https:\\\/\\\/www.organisator.ch\\\/#\\\/schema\\\/logo\\\/image\\\/\"},\"sameAs\":[\"https:\\\/\\\/www.facebook.com\\\/OrganisatorFachmagazin\",\"https:\\\/\\\/www.linkedin.com\\\/showcase\\\/organisator-das-magazin-fr-kmu\",\"https:\\\/\\\/www.xing.com\\\/news\\\/pages\\\/organisator-ch-695\",\"https:\\\/\\\/www.youtube.com\\\/channel\\\/UCGP2Sq0iWaZwT3BdIAQFYpw\"]},{\"@type\":\"Person\",\"@id\":\"https:\\\/\\\/www.organisator.ch\\\/#\\\/schema\\\/person\\\/6f650f90b2842cd4c0cc334b4e36f67e\",\"name\":\"thomas.berner\",\"image\":{\"@type\":\"ImageObject\",\"inLanguage\":\"it-IT\",\"@id\":\"https:\\\/\\\/secure.gravatar.com\\\/avatar\\\/ac5001d2a36cb6c6cd3e50789007ffca834b477b74a2144564522e944eabff61?s=96&d=mm&r=g\",\"url\":\"https:\\\/\\\/secure.gravatar.com\\\/avatar\\\/ac5001d2a36cb6c6cd3e50789007ffca834b477b74a2144564522e944eabff61?s=96&d=mm&r=g\",\"contentUrl\":\"https:\\\/\\\/secure.gravatar.com\\\/avatar\\\/ac5001d2a36cb6c6cd3e50789007ffca834b477b74a2144564522e944eabff61?s=96&d=mm&r=g\",\"caption\":\"thomas.berner\"},\"url\":\"https:\\\/\\\/www.organisator.ch\\\/it\\\/author\\\/thomas-berner\\\/\"}]}<\/script>\n<!-- \/ Yoast SEO plugin. -->","yoast_head_json":{"title":"Ristorazione per i dipendenti: Felfel rileva Sn\u00e4x - Organizzatore","description":"Con l'acquisizione di Sn\u00e4x, Felfel rafforza la sua posizione di leader di mercato nella ristorazione collettiva.","robots":{"index":"index","follow":"follow","max-snippet":"max-snippet:-1","max-image-preview":"max-image-preview:large","max-video-preview":"max-video-preview:-1"},"canonical":"https:\/\/www.organisator.ch\/it\/gestione-2\/2022-12-02\/mitarbeiterverpflegung-felfel-uebernimmt-snaex\/","og_locale":"it_IT","og_type":"article","og_title":"Mitarbeiterverpflegung: Felfel \u00fcbernimmt Sn\u00e4x","og_description":"Mit der \u00dcbernahme von Sn\u00e4x st\u00e4rkt Felfel ihre Position als Marktf\u00fchrerin im Bereich der Mitarbeiterverpflegung.","og_url":"https:\/\/www.organisator.ch\/it\/gestione-2\/2022-12-02\/mitarbeiterverpflegung-felfel-uebernimmt-snaex\/","og_site_name":"Organisator","article_publisher":"https:\/\/www.facebook.com\/OrganisatorFachmagazin","article_published_time":"2022-12-02T10:17:26+00:00","og_image":[{"width":680,"height":422,"url":"https:\/\/www.organisator.ch\/wp-content\/uploads\/2022\/12\/Mitarbeiterverpflegung-Felfel-uebernimmt-Snaex_Organisator.jpg","type":"image\/jpeg"}],"author":"thomas.berner","twitter_card":"summary_large_image","twitter_title":"#Mitarbeiterverpflegung: #Felfel \u00fcbernimmt #Sn\u00e4x","twitter_description":"Mit der \u00dcbernahme von #Sn\u00e4x st\u00e4rkt #Felfel ihre Position als Marktf\u00fchrerin im Bereich der #Mitarbeiterverpflegung.","twitter_image":"https:\/\/www.organisator.ch\/wp-content\/uploads\/2022\/12\/Mitarbeiterverpflegung-Felfel-uebernimmt-Snaex_Organisator.jpg","schema":{"@context":"https:\/\/schema.org","@graph":[{"@type":"Article","@id":"https:\/\/www.organisator.ch\/management\/2022-12-02\/mitarbeiterverpflegung-felfel-uebernimmt-snaex\/#article","isPartOf":{"@id":"https:\/\/www.organisator.ch\/management\/2022-12-02\/mitarbeiterverpflegung-felfel-uebernimmt-snaex\/"},"author":{"name":"thomas.berner","@id":"https:\/\/www.organisator.ch\/#\/schema\/person\/6f650f90b2842cd4c0cc334b4e36f67e"},"headline":"Mitarbeiterverpflegung: Felfel \u00fcbernimmt Sn\u00e4x","datePublished":"2022-12-02T10:17:26+00:00","mainEntityOfPage":{"@id":"https:\/\/www.organisator.ch\/management\/2022-12-02\/mitarbeiterverpflegung-felfel-uebernimmt-snaex\/"},"wordCount":320,"publisher":{"@id":"https:\/\/www.organisator.ch\/#organization"},"image":{"@id":"https:\/\/www.organisator.ch\/management\/2022-12-02\/mitarbeiterverpflegung-felfel-uebernimmt-snaex\/#primaryimage"},"thumbnailUrl":"https:\/\/www.organisator.ch\/wp-content\/uploads\/2022\/12\/Mitarbeiterverpflegung-Felfel-uebernimmt-Snaex_Organisator.jpg","keywords":["Mergers &amp; Akquisitions","Mitarbeiterverpflegung","Startups"],"articleSection":["MANAGEMENT"],"inLanguage":"it-IT"},{"@type":"WebPage","@id":"https:\/\/www.organisator.ch\/management\/2022-12-02\/mitarbeiterverpflegung-felfel-uebernimmt-snaex\/","url":"https:\/\/www.organisator.ch\/management\/2022-12-02\/mitarbeiterverpflegung-felfel-uebernimmt-snaex\/","name":"Ristorazione per i dipendenti: Felfel rileva Sn\u00e4x - Organizzatore","isPartOf":{"@id":"https:\/\/www.organisator.ch\/#website"},"primaryImageOfPage":{"@id":"https:\/\/www.organisator.ch\/management\/2022-12-02\/mitarbeiterverpflegung-felfel-uebernimmt-snaex\/#primaryimage"},"image":{"@id":"https:\/\/www.organisator.ch\/management\/2022-12-02\/mitarbeiterverpflegung-felfel-uebernimmt-snaex\/#primaryimage"},"thumbnailUrl":"https:\/\/www.organisator.ch\/wp-content\/uploads\/2022\/12\/Mitarbeiterverpflegung-Felfel-uebernimmt-Snaex_Organisator.jpg","datePublished":"2022-12-02T10:17:26+00:00","description":"Con l'acquisizione di Sn\u00e4x, Felfel rafforza la sua posizione di leader di mercato nella ristorazione collettiva.","breadcrumb":{"@id":"https:\/\/www.organisator.ch\/management\/2022-12-02\/mitarbeiterverpflegung-felfel-uebernimmt-snaex\/#breadcrumb"},"inLanguage":"it-IT","potentialAction":[{"@type":"ReadAction","target":["https:\/\/www.organisator.ch\/management\/2022-12-02\/mitarbeiterverpflegung-felfel-uebernimmt-snaex\/"]}]},{"@type":"ImageObject","inLanguage":"it-IT","@id":"https:\/\/www.organisator.ch\/management\/2022-12-02\/mitarbeiterverpflegung-felfel-uebernimmt-snaex\/#primaryimage","url":"https:\/\/www.organisator.ch\/wp-content\/uploads\/2022\/12\/Mitarbeiterverpflegung-Felfel-uebernimmt-Snaex_Organisator.jpg","contentUrl":"https:\/\/www.organisator.ch\/wp-content\/uploads\/2022\/12\/Mitarbeiterverpflegung-Felfel-uebernimmt-Snaex_Organisator.jpg","width":680,"height":422,"caption":"Im Markt der Mitarbeiterverpflegung kommt es zu einer \u00dcbernahme: Felfel integriert das Startup Sn\u00e4x. (Bild: Felfel AG)"},{"@type":"BreadcrumbList","@id":"https:\/\/www.organisator.ch\/management\/2022-12-02\/mitarbeiterverpflegung-felfel-uebernimmt-snaex\/#breadcrumb","itemListElement":[{"@type":"ListItem","position":1,"name":"Home","item":"https:\/\/www.organisator.ch\/"},{"@type":"ListItem","position":2,"name":"Mitarbeiterverpflegung: Felfel \u00fcbernimmt Sn\u00e4x"}]},{"@type":"WebSite","@id":"https:\/\/www.organisator.ch\/#website","url":"https:\/\/www.organisator.ch\/","name":"Organizzatore","description":"Competente. Pratico. In 10 numeri all'anno, ORGANISATOR presenta i temi essenziali per i manager delle PMI.","publisher":{"@id":"https:\/\/www.organisator.ch\/#organization"},"potentialAction":[{"@type":"SearchAction","target":{"@type":"EntryPoint","urlTemplate":"https:\/\/www.organisator.ch\/?s={search_term_string}"},"query-input":{"@type":"PropertyValueSpecification","valueRequired":true,"valueName":"search_term_string"}}],"inLanguage":"it-IT"},{"@type":"Organization","@id":"https:\/\/www.organisator.ch\/#organization","name":"Organizzatore","url":"https:\/\/www.organisator.ch\/","logo":{"@type":"ImageObject","inLanguage":"it-IT","@id":"https:\/\/www.organisator.ch\/#\/schema\/logo\/image\/","url":"https:\/\/www.organisator.ch\/wp-content\/uploads\/2022\/01\/Logo_Organisator_Website.png","contentUrl":"https:\/\/www.organisator.ch\/wp-content\/uploads\/2022\/01\/Logo_Organisator_Website.png","width":800,"height":77,"caption":"Organisator"},"image":{"@id":"https:\/\/www.organisator.ch\/#\/schema\/logo\/image\/"},"sameAs":["https:\/\/www.facebook.com\/OrganisatorFachmagazin","https:\/\/www.linkedin.com\/showcase\/organisator-das-magazin-fr-kmu","https:\/\/www.xing.com\/news\/pages\/organisator-ch-695","https:\/\/www.youtube.com\/channel\/UCGP2Sq0iWaZwT3BdIAQFYpw"]},{"@type":"Person","@id":"https:\/\/www.organisator.ch\/#\/schema\/person\/6f650f90b2842cd4c0cc334b4e36f67e","name":"Tommaso.berner","image":{"@type":"ImageObject","inLanguage":"it-IT","@id":"https:\/\/secure.gravatar.com\/avatar\/ac5001d2a36cb6c6cd3e50789007ffca834b477b74a2144564522e944eabff61?s=96&d=mm&r=g","url":"https:\/\/secure.gravatar.com\/avatar\/ac5001d2a36cb6c6cd3e50789007ffca834b477b74a2144564522e944eabff61?s=96&d=mm&r=g","contentUrl":"https:\/\/secure.gravatar.com\/avatar\/ac5001d2a36cb6c6cd3e50789007ffca834b477b74a2144564522e944eabff61?s=96&d=mm&r=g","caption":"thomas.berner"},"url":"https:\/\/www.organisator.ch\/it\/author\/thomas-berner\/"}]}},"_links":{"self":[{"href":"https:\/\/www.organisator.ch\/it\/wp-json\/wp\/v2\/posts\/18099","targetHints":{"allow":["GET"]}}],"collection":[{"href":"https:\/\/www.organisator.ch\/it\/wp-json\/wp\/v2\/posts"}],"about":[{"href":"https:\/\/www.organisator.ch\/it\/wp-json\/wp\/v2\/types\/post"}],"author":[{"embeddable":true,"href":"https:\/\/www.organisator.ch\/it\/wp-json\/wp\/v2\/users\/4"}],"replies":[{"embeddable":true,"href":"https:\/\/www.organisator.ch\/it\/wp-json\/wp\/v2\/comments?post=18099"}],"version-history":[{"count":1,"href":"https:\/\/www.organisator.ch\/it\/wp-json\/wp\/v2\/posts\/18099\/revisions"}],"predecessor-version":[{"id":18101,"href":"https:\/\/www.organisator.ch\/it\/wp-json\/wp\/v2\/posts\/18099\/revisions\/18101"}],"wp:featuredmedia":[{"embeddable":true,"href":"https:\/\/www.organisator.ch\/it\/wp-json\/wp\/v2\/media\/18100"}],"wp:attachment":[{"href":"https:\/\/www.organisator.ch\/it\/wp-json\/wp\/v2\/media?parent=18099"}],"wp:term":[{"taxonomy":"category","embeddable":true,"href":"https:\/\/www.organisator.ch\/it\/wp-json\/wp\/v2\/categories?post=18099"},{"taxonomy":"post_tag","embeddable":true,"href":"https:\/\/www.organisator.ch\/it\/wp-json\/wp\/v2\/tags?post=18099"}],"curies":[{"name":"wp","href":"https:\/\/api.w.org\/{rel}","templated":true}]}}