{"id":18105,"date":"2022-12-02T14:34:34","date_gmt":"2022-12-02T13:34:34","guid":{"rendered":"https:\/\/www.m-q.ch\/?p=17236"},"modified":"2024-11-20T06:58:24","modified_gmt":"2024-11-20T05:58:24","slug":"so-bewerten-chefs-das-it-sicherheitsbewusstsein-ihrer-mitarbeitenden","status":"publish","type":"post","link":"https:\/\/www.organisator.ch\/it\/operational-excellence\/2022-12-02\/so-bewerten-chefs-das-it-sicherheitsbewusstsein-ihrer-mitarbeitenden\/","title":{"rendered":"Come i capi valutano la consapevolezza della sicurezza informatica dei propri dipendenti"},"content":{"rendered":"<figure id=\"attachment_17268\" class=\"wp-caption alignnone\" style=\"width: 680px\" aria-describedby=\"caption-attachment-17268\"><img class=\"alignnone wp-image-17268 size-full\" src=\"https:\/\/www.m-q.ch\/wp-content\/uploads\/2022\/12\/So-bewerten-Chefs-das-IT-Sicherheitsbewusstsein-ihrer-Mitarbeitenden-1_MQ.jpg\" alt=\"Consapevolezza della sicurezza informatica\" width=\"680\" height=\"460\" \/>\r\n<figcaption id=\"caption-attachment-17268\" class=\"wp-caption-text\">Quando si parla di consapevolezza della sicurezza informatica, i capi della regione DACH si danno voti diversi, compresi i loro dipendenti. (Immagine: Pixabay.com)<\/figcaption>\r\n<\/figure>\r\n<p>Per quanto riguarda la consapevolezza della sicurezza informatica nelle aziende, non esiste un kit standard gi\u00e0 pronto da acquistare una volta, installare e aggiornare di volta in volta. La sicurezza informatica deve essere intesa come un processo che deve essere continuamente adattato alle mutevoli condizioni. L'ingegneria e le tecnologie (come l'IA) aiutano in questo senso. Alla fine della catena di utilizzo dell'IT, tuttavia, ci sono le persone che svolgono le loro attivit\u00e0 con l'aiuto di computer e dispositivi. Ed \u00e8 qui che la sicurezza informatica diventa vulnerabile. Perch\u00e9 il fattore umano gioca sempre un ruolo decisivo quando si tratta di vulnerabilit\u00e0.<\/p>\r\n<p>Ma come la vedono i dirigenti delle aziende in Germania, Austria e Svizzera? Hanno fiducia che i loro dipendenti sappiano riconoscere un'e-mail di phishing che sembra ingannevolmente reale? Navigano attraverso la VPN aziendale nel loro ufficio di casa durante le pause, mettendo cos\u00ec a rischio l'IT dell'azienda? Qual \u00e8 il livello di consapevolezza della sicurezza informatica tra la forza lavoro? Sophos voleva sapere questo, tra l'altro, dai manager senior e superiori (C-level) dei tre paesi di lingua tedesca. Per conto di Sophos, l'istituto di ricerca d'opinione Ipsos ha intervistato circa 200 manager dei settori commercio, servizi e produzione. Il sondaggio \u00e8 stato classificato secondo il sistema tedesco, vale a dire che il voto massimo in ogni caso \u00e8 1.<\/p>\r\n<h3><strong>Gradi per la consapevolezza della sicurezza informatica: <\/strong><strong>Capi tedeschi 2, dipendenti 3<\/strong><\/h3>\r\n<p>In tutti i settori, i manager tedeschi si attestano su una consapevolezza molto alta (35,3%) o alta (46,3%) della sicurezza informatica. Le dimensioni dell'azienda giocano certamente un ruolo nell'autovalutazione: nelle aziende pi\u00f9 grandi (200 dipendenti e oltre), il 30,2% dei manager si attribuisce il voto 1, in quelle pi\u00f9 piccole (50-199 dipendenti) \u00e8 il 37,2%. Se si confrontano i settori, \u00e8 soprattutto il settore del commercio quello in cui il 38,7% dei manager ritiene di avere una consapevolezza molto elevata della sicurezza informatica.<\/p>\r\n<p>I manager tedeschi sono un po' pi\u00f9 severi nella valutazione dei loro team: la maggioranza (41,8%) assegna loro solo un voto di 3 - Soddisfacente. La valutazione pi\u00f9 alta per i dipendenti \u00e8 stata data dai capi dei servizi (11%). Anche in questo caso, le dimensioni dell'azienda giocano un ruolo nella valutazione: i capi con un massimo di 199 dipendenti considerano la consapevolezza della sicurezza del proprio personale molto alta, con il 10,8%. I manager delle aziende con pi\u00f9 di 200 dipendenti danno il massimo dei voti solo al 5,7% del personale. Addirittura, il grado 5 \u00e8 attribuito al 3,8%, mentre le aziende pi\u00f9 piccole attribuiscono questa scarsa consapevolezza della sicurezza informatica solo allo 0,7% dei loro dipendenti.<\/p>\r\n<h3><strong>I dirigenti delle grandi aziende austriache attribuiscono pi\u00f9 spesso a se stessi e ai loro collaboratori un 1<\/strong><\/h3>\r\n<p>In Austria, invece, la situazione \u00e8 leggermente diversa. Sebbene, come in Germania, la maggioranza (45,3%) attribuisca ai propri dipendenti un 3, la percentuale di voti massimi \u00e8 complessivamente pi\u00f9 alta che in Germania: qui, il 13,2% assegna ai propri team un 1 nell'area della consapevolezza informatica. E mentre in Germania le aziende pi\u00f9 grandi hanno una valutazione pi\u00f9 critica, nella Repubblica alpina \u00e8 il contrario: il 17,6% delle aziende con pi\u00f9 di 200 dipendenti assegna loro un 1 o un 2 nella consapevolezza della sicurezza.<\/p>\r\n<p>I manager austriaci si attestano su una consapevolezza molto elevata della sicurezza informatica con il 41,5% e su una consapevolezza elevata della sicurezza informatica con il 39,6% - meglio delle autovalutazioni dei manager tedeschi. Rapporti di valutazione simili si riscontrano se si considerano le dimensioni delle aziende: Nelle grandi aziende, il 52,9% dei manager si valuta con un 1, mentre nelle aziende pi\u00f9 piccole la percentuale \u00e8 del 36,1%.<\/p>\r\n<h3><strong>I manager svizzeri si danno un 2, i dipendenti un 2-3<\/strong><\/h3>\r\n<p>La consapevolezza della sicurezza da parte del management in Svizzera \u00e8 valutata con la media pi\u00f9 alta, pari al 45,1%, con un voto pari a 2. Un po' di pi\u00f9 nelle aziende pi\u00f9 piccole (46,9%) e un po' meno nelle grandi aziende (42,1%). Il voto pi\u00f9 alto \u00e8 stato dato dal 39,2% dei dirigenti svizzeri (nel settore manifatturiero addirittura dal 47,4%). Le grandi aziende si attribuiscono un 1 e un 2 con la stessa valutazione (42,1% ciascuna).<\/p>\r\n<figure id=\"attachment_17262\" class=\"wp-caption alignnone\" style=\"width: 680px\" aria-describedby=\"caption-attachment-17262\"><img class=\"size-full wp-image-17262\" src=\"https:\/\/www.m-q.ch\/wp-content\/uploads\/2022\/12\/So-bewerten-Chefs-das-IT-Sicherheitsbewusstsein-ihrer-Mitarbeitenden-2_MQ.jpg\" alt=\"\" width=\"680\" height=\"357\" \/>\r\n<figcaption id=\"caption-attachment-17262\" class=\"wp-caption-text\">Grafica: Sophos<\/figcaption>\r\n<\/figure>\r\n<p>Il 35,3% dei responsabili politici svizzeri (26,3% nelle grandi aziende, 40,6% in quelle pi\u00f9 piccole) valuta la consapevolezza dei propri dipendenti in materia di sicurezza come 3 e quindi soddisfacente. Le aziende pi\u00f9 grandi assegnano ai propri dipendenti un 2 pari (36,8%, media 29,4%).<\/p>\r\n<h3><strong>La formazione come misura di sicurezza aggiuntiva pi\u00f9 importante<\/strong><\/h3>\r\n<p>Per un'azienda su due in Germania, la formazione dei dipendenti \u00e8 la misura pi\u00f9 importante per migliorare la sicurezza informatica in azienda. La maggior parte delle aziende \u00e8 consapevole che le persone sono un fattore critico per la sicurezza informatica. Nel sondaggio sulle misure adottate dai responsabili delle aziende per la sicurezza informatica, la formazione dei dipendenti \u00e8 al primo posto da almeno due o tre anni, con il 55,7%. Il settore manifatturiero in Germania \u00e8 particolarmente impegnato nella formazione da diversi anni, con il 64,6%, mentre la maggior parte del settore del commercio al dettaglio ha formato i propri team in questo senso solo da circa un anno (41,9%).<\/p>\r\n<p>Anche nella vicina Austria, il 64,4% dei dirigenti investe da almeno due o tre anni nelle competenze dei propri dipendenti in materia di sicurezza come misura di protezione pi\u00f9 importante. Nel commercio, questo valore \u00e8 pi\u00f9 basso, pari al 44,4%. Circa un'azienda su cinque organizza corsi di formazione per i dipendenti solo da un anno (20,8%). Anche in questo caso, c'\u00e8 una forte differenza tra l'industria manifatturiera (27,8%) e il commercio (11,1%), con il 33,3% del commercio che dichiara di avere intenzione di farlo.<\/p>\r\n<p>Gli svizzeri considerano anche la formazione del personale come la misura pi\u00f9 importante per migliorare la sicurezza informatica, con il 66,7% al primo posto, e lo fanno da almeno due o tre anni. L'industria manifatturiera svizzera \u00e8 ben al di sopra della media con l'84,2%, il commercio \u00e8 ben al di sotto con il 37,5% e i fornitori di servizi sono vicini alla media con il 62,5%. Le dimensioni delle aziende non sono un parametro decisivo in Svizzera e si discostano solo marginalmente dalla media.<\/p>\r\n<h3><strong>Summa Summarum: consapevolezza della sicurezza informatica soddisfacente probabilmente accettabile<\/strong><\/h3>\r\n<p>Nel complesso e in tutti e tre i Paesi, i manager di Germania, Austria e Svizzera attestano un approccio fondamentalmente positivo e responsabile alla sicurezza informatica per loro stessi e per i loro team, anche se c'\u00e8 ancora margine di miglioramento. L'esempio austriaco si distingue positivamente, in quanto pi\u00f9 benevolo nei confronti di se stesso e dei propri dipendenti, mentre allo stesso tempo i dirigenti dell'azienda continuano a mantenere la consapevolezza con una regolare formazione continua.<\/p>\r\n<p>I capi in Germania e in Svizzera giudicano se stessi e i loro dipendenti in modo molto simile. Anche la formazione dei team \u00e8 da anni una delle misure di sicurezza pi\u00f9 importanti; la Svizzera registra addirittura il valore pi\u00f9 alto in questo caso, mentre, proprio come in Germania, assegna al personale solo un punteggio soddisfacente per quanto riguarda la consapevolezza della sicurezza informatica. Questa discrepanza tra l'attribuzione delle competenze e la formazione pu\u00f2 avere diverse ragioni: forse la formazione non \u00e8 ancora efficiente come si sperava o necessita di una fase di formazione pi\u00f9 lunga. Forse, dopo anni di formazione in molti casi, un \"soddisfacente\" deve essere accettato per il momento come una consapevolezza sufficiente della sicurezza informatica nelle aziende, soprattutto in vista di tattiche di attacco sempre pi\u00f9 insidiose come le e-mail di phishing o l'ingegneria sociale. In ogni caso, la formazione \u00e8 e rimane un elemento fondamentale per la sicurezza informatica nelle aziende. I capi sono consapevoli della vulnerabilit\u00e0 delle persone nel sistema e si impegnano a migliorarlo con misure adeguate.<\/p>\r\n<p><em>Fonte: <a href=\"https:\/\/www.sophos.com\/de-de\">Sophos<\/a><\/em><\/p>\n<p class=\"syndicated-attribution\">Questo articolo \u00e8 apparso originariamente su m-q.ch - <a href=\"https:\/\/www.m-q.ch\/de\/so-bewerten-chefs-das-it-sicherheitsbewusstsein-ihrer-mitarbeitenden\/\" target=\"_blank\">https:\/\/www.m-q.ch\/de\/so-bewerten-chefs-das-it-sicherheitsbewusstsein-ihrer-mitarbeitenden\/<\/a><\/p>","protected":false},"excerpt":{"rendered":"<p>F\u00fcr das IT-Sicherheitsbewusstsein in Unternehmen gibt es keinen fertigen Standardbausatz, den man einmalig erwirbt, installiert und ab und zu aktualisiert. Die IT-Sicherheit ist als Prozess zu verstehen, der immer wieder neu an die ver\u00e4nderten Bedingungen angepasst werden muss. Dabei helfen Technik und Technologien (wie KI). Am Ende der IT-Nutzungskette jedoch sitzt der Mensch, der mithilfe [\u2026]<\/p>\n","protected":false},"author":8,"featured_media":0,"comment_status":"closed","ping_status":"closed","sticky":false,"template":"","format":"standard","meta":{"_acf_changed":false,"_yoast_wpseo_focuskw":"IT-Sicherheitsbewusstsein","_yoast_wpseo_metadesc":"IT-Sicherheitsbewusstsein 2023: F\u00fchrungskr\u00e4fte in DACH bewerten ihre Teams unterschiedlich. Schulungen bleiben entscheidend.","articlekey":"","footnotes":""},"categories":[582],"tags":[],"class_list":["post-18105","post","type-post","status-publish","format-standard","hentry","category-operational-excellence"],"acf":[],"yoast_head":"<!-- This site is optimized with the Yoast SEO plugin v27.5 - https:\/\/yoast.com\/product\/yoast-seo-wordpress\/ -->\n<title>So bewerten Chefs das IT-Sicherheitsbewusstsein ihrer Mitarbeitenden - Organisator<\/title>\n<meta name=\"description\" content=\"IT-Sicherheitsbewusstsein 2023: F\u00fchrungskr\u00e4fte in DACH bewerten ihre Teams unterschiedlich. Schulungen bleiben entscheidend.\" \/>\n<meta name=\"robots\" content=\"index, follow, max-snippet:-1, max-image-preview:large, max-video-preview:-1\" \/>\n<link rel=\"canonical\" href=\"https:\/\/www.organisator.ch\/it\/eccellenza-operativa\/2022-12-02\/so-bewerten-chefs-das-it-sicherheitsbewusstsein-ihrer-mitarbeitenden\/\" \/>\n<meta property=\"og:locale\" content=\"it_IT\" \/>\n<meta property=\"og:type\" content=\"article\" \/>\n<meta property=\"og:title\" content=\"So bewerten Chefs das IT-Sicherheitsbewusstsein ihrer Mitarbeitenden - Organisator\" \/>\n<meta property=\"og:description\" content=\"IT-Sicherheitsbewusstsein 2023: F\u00fchrungskr\u00e4fte in DACH bewerten ihre Teams unterschiedlich. Schulungen bleiben entscheidend.\" \/>\n<meta property=\"og:url\" content=\"https:\/\/www.organisator.ch\/it\/eccellenza-operativa\/2022-12-02\/so-bewerten-chefs-das-it-sicherheitsbewusstsein-ihrer-mitarbeitenden\/\" \/>\n<meta property=\"og:site_name\" content=\"Organisator\" \/>\n<meta property=\"article:publisher\" content=\"https:\/\/www.facebook.com\/OrganisatorFachmagazin\" \/>\n<meta property=\"article:published_time\" content=\"2022-12-02T13:34:34+00:00\" \/>\n<meta property=\"article:modified_time\" content=\"2024-11-20T05:58:24+00:00\" \/>\n<meta name=\"author\" content=\"galledia\" \/>\n<meta name=\"twitter:card\" content=\"summary_large_image\" \/>\n<meta name=\"twitter:creator\" content=\"@admin\" \/>\n<script type=\"application\/ld+json\" class=\"yoast-schema-graph\">{\"@context\":\"https:\\\/\\\/schema.org\",\"@graph\":[{\"@type\":\"Article\",\"@id\":\"https:\\\/\\\/www.organisator.ch\\\/operational-excellence\\\/2022-12-02\\\/so-bewerten-chefs-das-it-sicherheitsbewusstsein-ihrer-mitarbeitenden\\\/#article\",\"isPartOf\":{\"@id\":\"https:\\\/\\\/www.organisator.ch\\\/operational-excellence\\\/2022-12-02\\\/so-bewerten-chefs-das-it-sicherheitsbewusstsein-ihrer-mitarbeitenden\\\/\"},\"author\":{\"name\":\"galledia\",\"@id\":\"https:\\\/\\\/www.organisator.ch\\\/#\\\/schema\\\/person\\\/4e51799071cd2dd1232ac003643ef5f0\"},\"headline\":\"So bewerten Chefs das IT-Sicherheitsbewusstsein ihrer Mitarbeitenden\",\"datePublished\":\"2022-12-02T13:34:34+00:00\",\"dateModified\":\"2024-11-20T05:58:24+00:00\",\"mainEntityOfPage\":{\"@id\":\"https:\\\/\\\/www.organisator.ch\\\/operational-excellence\\\/2022-12-02\\\/so-bewerten-chefs-das-it-sicherheitsbewusstsein-ihrer-mitarbeitenden\\\/\"},\"wordCount\":1114,\"publisher\":{\"@id\":\"https:\\\/\\\/www.organisator.ch\\\/#organization\"},\"image\":{\"@id\":\"https:\\\/\\\/www.organisator.ch\\\/operational-excellence\\\/2022-12-02\\\/so-bewerten-chefs-das-it-sicherheitsbewusstsein-ihrer-mitarbeitenden\\\/#primaryimage\"},\"thumbnailUrl\":\"https:\\\/\\\/www.m-q.ch\\\/wp-content\\\/uploads\\\/2022\\\/12\\\/So-bewerten-Chefs-das-IT-Sicherheitsbewusstsein-ihrer-Mitarbeitenden-1_MQ.jpg\",\"articleSection\":[\"OPERATIONAL EXCELLENCE\"],\"inLanguage\":\"it-IT\"},{\"@type\":\"WebPage\",\"@id\":\"https:\\\/\\\/www.organisator.ch\\\/operational-excellence\\\/2022-12-02\\\/so-bewerten-chefs-das-it-sicherheitsbewusstsein-ihrer-mitarbeitenden\\\/\",\"url\":\"https:\\\/\\\/www.organisator.ch\\\/operational-excellence\\\/2022-12-02\\\/so-bewerten-chefs-das-it-sicherheitsbewusstsein-ihrer-mitarbeitenden\\\/\",\"name\":\"So bewerten Chefs das IT-Sicherheitsbewusstsein ihrer Mitarbeitenden - Organisator\",\"isPartOf\":{\"@id\":\"https:\\\/\\\/www.organisator.ch\\\/#website\"},\"primaryImageOfPage\":{\"@id\":\"https:\\\/\\\/www.organisator.ch\\\/operational-excellence\\\/2022-12-02\\\/so-bewerten-chefs-das-it-sicherheitsbewusstsein-ihrer-mitarbeitenden\\\/#primaryimage\"},\"image\":{\"@id\":\"https:\\\/\\\/www.organisator.ch\\\/operational-excellence\\\/2022-12-02\\\/so-bewerten-chefs-das-it-sicherheitsbewusstsein-ihrer-mitarbeitenden\\\/#primaryimage\"},\"thumbnailUrl\":\"https:\\\/\\\/www.m-q.ch\\\/wp-content\\\/uploads\\\/2022\\\/12\\\/So-bewerten-Chefs-das-IT-Sicherheitsbewusstsein-ihrer-Mitarbeitenden-1_MQ.jpg\",\"datePublished\":\"2022-12-02T13:34:34+00:00\",\"dateModified\":\"2024-11-20T05:58:24+00:00\",\"description\":\"IT-Sicherheitsbewusstsein 2023: F\u00fchrungskr\u00e4fte in DACH bewerten ihre Teams unterschiedlich. Schulungen bleiben entscheidend.\",\"breadcrumb\":{\"@id\":\"https:\\\/\\\/www.organisator.ch\\\/operational-excellence\\\/2022-12-02\\\/so-bewerten-chefs-das-it-sicherheitsbewusstsein-ihrer-mitarbeitenden\\\/#breadcrumb\"},\"inLanguage\":\"it-IT\",\"potentialAction\":[{\"@type\":\"ReadAction\",\"target\":[\"https:\\\/\\\/www.organisator.ch\\\/operational-excellence\\\/2022-12-02\\\/so-bewerten-chefs-das-it-sicherheitsbewusstsein-ihrer-mitarbeitenden\\\/\"]}]},{\"@type\":\"ImageObject\",\"inLanguage\":\"it-IT\",\"@id\":\"https:\\\/\\\/www.organisator.ch\\\/operational-excellence\\\/2022-12-02\\\/so-bewerten-chefs-das-it-sicherheitsbewusstsein-ihrer-mitarbeitenden\\\/#primaryimage\",\"url\":\"https:\\\/\\\/www.m-q.ch\\\/wp-content\\\/uploads\\\/2022\\\/12\\\/So-bewerten-Chefs-das-IT-Sicherheitsbewusstsein-ihrer-Mitarbeitenden-1_MQ.jpg\",\"contentUrl\":\"https:\\\/\\\/www.m-q.ch\\\/wp-content\\\/uploads\\\/2022\\\/12\\\/So-bewerten-Chefs-das-IT-Sicherheitsbewusstsein-ihrer-Mitarbeitenden-1_MQ.jpg\"},{\"@type\":\"BreadcrumbList\",\"@id\":\"https:\\\/\\\/www.organisator.ch\\\/operational-excellence\\\/2022-12-02\\\/so-bewerten-chefs-das-it-sicherheitsbewusstsein-ihrer-mitarbeitenden\\\/#breadcrumb\",\"itemListElement\":[{\"@type\":\"ListItem\",\"position\":1,\"name\":\"Home\",\"item\":\"https:\\\/\\\/www.organisator.ch\\\/\"},{\"@type\":\"ListItem\",\"position\":2,\"name\":\"So bewerten Chefs das IT-Sicherheitsbewusstsein ihrer Mitarbeitenden\"}]},{\"@type\":\"WebSite\",\"@id\":\"https:\\\/\\\/www.organisator.ch\\\/#website\",\"url\":\"https:\\\/\\\/www.organisator.ch\\\/\",\"name\":\"Organisator\",\"description\":\"Kompetent. Praxisnah. Der ORGANISATOR bereitet in 10 Ausgaben pro Jahr die wesentlichen Themen f\u00fcr F\u00fchrungskr\u00e4fte von KMU auf.\",\"publisher\":{\"@id\":\"https:\\\/\\\/www.organisator.ch\\\/#organization\"},\"potentialAction\":[{\"@type\":\"SearchAction\",\"target\":{\"@type\":\"EntryPoint\",\"urlTemplate\":\"https:\\\/\\\/www.organisator.ch\\\/?s={search_term_string}\"},\"query-input\":{\"@type\":\"PropertyValueSpecification\",\"valueRequired\":true,\"valueName\":\"search_term_string\"}}],\"inLanguage\":\"it-IT\"},{\"@type\":\"Organization\",\"@id\":\"https:\\\/\\\/www.organisator.ch\\\/#organization\",\"name\":\"Organisator\",\"url\":\"https:\\\/\\\/www.organisator.ch\\\/\",\"logo\":{\"@type\":\"ImageObject\",\"inLanguage\":\"it-IT\",\"@id\":\"https:\\\/\\\/www.organisator.ch\\\/#\\\/schema\\\/logo\\\/image\\\/\",\"url\":\"https:\\\/\\\/www.organisator.ch\\\/wp-content\\\/uploads\\\/2022\\\/01\\\/Logo_Organisator_Website.png\",\"contentUrl\":\"https:\\\/\\\/www.organisator.ch\\\/wp-content\\\/uploads\\\/2022\\\/01\\\/Logo_Organisator_Website.png\",\"width\":800,\"height\":77,\"caption\":\"Organisator\"},\"image\":{\"@id\":\"https:\\\/\\\/www.organisator.ch\\\/#\\\/schema\\\/logo\\\/image\\\/\"},\"sameAs\":[\"https:\\\/\\\/www.facebook.com\\\/OrganisatorFachmagazin\",\"https:\\\/\\\/www.linkedin.com\\\/showcase\\\/organisator-das-magazin-fr-kmu\",\"https:\\\/\\\/www.xing.com\\\/news\\\/pages\\\/organisator-ch-695\",\"https:\\\/\\\/www.youtube.com\\\/channel\\\/UCGP2Sq0iWaZwT3BdIAQFYpw\"]},{\"@type\":\"Person\",\"@id\":\"https:\\\/\\\/www.organisator.ch\\\/#\\\/schema\\\/person\\\/4e51799071cd2dd1232ac003643ef5f0\",\"name\":\"galledia\",\"image\":{\"@type\":\"ImageObject\",\"inLanguage\":\"it-IT\",\"@id\":\"https:\\\/\\\/secure.gravatar.com\\\/avatar\\\/78a7f90c01fc2bfc875782a0d4922b37cde2cf184ce347b91316d23cd7f69a36?s=96&d=mm&r=g\",\"url\":\"https:\\\/\\\/secure.gravatar.com\\\/avatar\\\/78a7f90c01fc2bfc875782a0d4922b37cde2cf184ce347b91316d23cd7f69a36?s=96&d=mm&r=g\",\"contentUrl\":\"https:\\\/\\\/secure.gravatar.com\\\/avatar\\\/78a7f90c01fc2bfc875782a0d4922b37cde2cf184ce347b91316d23cd7f69a36?s=96&d=mm&r=g\",\"caption\":\"galledia\"},\"sameAs\":[\"https:\\\/\\\/x.com\\\/admin\"],\"url\":\"https:\\\/\\\/www.organisator.ch\\\/it\\\/author\\\/galledia\\\/\"}]}<\/script>\n<!-- \/ Yoast SEO plugin. -->","yoast_head_json":{"title":"Come i capi valutano la consapevolezza dei propri dipendenti in materia di sicurezza informatica - Organizer","description":"Consapevolezza della sicurezza informatica 2023: I manager del DACH valutano i loro team in modo diverso. La formazione rimane fondamentale.","robots":{"index":"index","follow":"follow","max-snippet":"max-snippet:-1","max-image-preview":"max-image-preview:large","max-video-preview":"max-video-preview:-1"},"canonical":"https:\/\/www.organisator.ch\/it\/eccellenza-operativa\/2022-12-02\/so-bewerten-chefs-das-it-sicherheitsbewusstsein-ihrer-mitarbeitenden\/","og_locale":"it_IT","og_type":"article","og_title":"So bewerten Chefs das IT-Sicherheitsbewusstsein ihrer Mitarbeitenden - Organisator","og_description":"IT-Sicherheitsbewusstsein 2023: F\u00fchrungskr\u00e4fte in DACH bewerten ihre Teams unterschiedlich. Schulungen bleiben entscheidend.","og_url":"https:\/\/www.organisator.ch\/it\/eccellenza-operativa\/2022-12-02\/so-bewerten-chefs-das-it-sicherheitsbewusstsein-ihrer-mitarbeitenden\/","og_site_name":"Organisator","article_publisher":"https:\/\/www.facebook.com\/OrganisatorFachmagazin","article_published_time":"2022-12-02T13:34:34+00:00","article_modified_time":"2024-11-20T05:58:24+00:00","author":"galledia","twitter_card":"summary_large_image","twitter_creator":"@admin","schema":{"@context":"https:\/\/schema.org","@graph":[{"@type":"Article","@id":"https:\/\/www.organisator.ch\/operational-excellence\/2022-12-02\/so-bewerten-chefs-das-it-sicherheitsbewusstsein-ihrer-mitarbeitenden\/#article","isPartOf":{"@id":"https:\/\/www.organisator.ch\/operational-excellence\/2022-12-02\/so-bewerten-chefs-das-it-sicherheitsbewusstsein-ihrer-mitarbeitenden\/"},"author":{"name":"galledia","@id":"https:\/\/www.organisator.ch\/#\/schema\/person\/4e51799071cd2dd1232ac003643ef5f0"},"headline":"So bewerten Chefs das IT-Sicherheitsbewusstsein ihrer Mitarbeitenden","datePublished":"2022-12-02T13:34:34+00:00","dateModified":"2024-11-20T05:58:24+00:00","mainEntityOfPage":{"@id":"https:\/\/www.organisator.ch\/operational-excellence\/2022-12-02\/so-bewerten-chefs-das-it-sicherheitsbewusstsein-ihrer-mitarbeitenden\/"},"wordCount":1114,"publisher":{"@id":"https:\/\/www.organisator.ch\/#organization"},"image":{"@id":"https:\/\/www.organisator.ch\/operational-excellence\/2022-12-02\/so-bewerten-chefs-das-it-sicherheitsbewusstsein-ihrer-mitarbeitenden\/#primaryimage"},"thumbnailUrl":"https:\/\/www.m-q.ch\/wp-content\/uploads\/2022\/12\/So-bewerten-Chefs-das-IT-Sicherheitsbewusstsein-ihrer-Mitarbeitenden-1_MQ.jpg","articleSection":["OPERATIONAL EXCELLENCE"],"inLanguage":"it-IT"},{"@type":"WebPage","@id":"https:\/\/www.organisator.ch\/operational-excellence\/2022-12-02\/so-bewerten-chefs-das-it-sicherheitsbewusstsein-ihrer-mitarbeitenden\/","url":"https:\/\/www.organisator.ch\/operational-excellence\/2022-12-02\/so-bewerten-chefs-das-it-sicherheitsbewusstsein-ihrer-mitarbeitenden\/","name":"Come i capi valutano la consapevolezza dei propri dipendenti in materia di sicurezza informatica - Organizer","isPartOf":{"@id":"https:\/\/www.organisator.ch\/#website"},"primaryImageOfPage":{"@id":"https:\/\/www.organisator.ch\/operational-excellence\/2022-12-02\/so-bewerten-chefs-das-it-sicherheitsbewusstsein-ihrer-mitarbeitenden\/#primaryimage"},"image":{"@id":"https:\/\/www.organisator.ch\/operational-excellence\/2022-12-02\/so-bewerten-chefs-das-it-sicherheitsbewusstsein-ihrer-mitarbeitenden\/#primaryimage"},"thumbnailUrl":"https:\/\/www.m-q.ch\/wp-content\/uploads\/2022\/12\/So-bewerten-Chefs-das-IT-Sicherheitsbewusstsein-ihrer-Mitarbeitenden-1_MQ.jpg","datePublished":"2022-12-02T13:34:34+00:00","dateModified":"2024-11-20T05:58:24+00:00","description":"Consapevolezza della sicurezza informatica 2023: I manager del DACH valutano i loro team in modo diverso. La formazione rimane fondamentale.","breadcrumb":{"@id":"https:\/\/www.organisator.ch\/operational-excellence\/2022-12-02\/so-bewerten-chefs-das-it-sicherheitsbewusstsein-ihrer-mitarbeitenden\/#breadcrumb"},"inLanguage":"it-IT","potentialAction":[{"@type":"ReadAction","target":["https:\/\/www.organisator.ch\/operational-excellence\/2022-12-02\/so-bewerten-chefs-das-it-sicherheitsbewusstsein-ihrer-mitarbeitenden\/"]}]},{"@type":"ImageObject","inLanguage":"it-IT","@id":"https:\/\/www.organisator.ch\/operational-excellence\/2022-12-02\/so-bewerten-chefs-das-it-sicherheitsbewusstsein-ihrer-mitarbeitenden\/#primaryimage","url":"https:\/\/www.m-q.ch\/wp-content\/uploads\/2022\/12\/So-bewerten-Chefs-das-IT-Sicherheitsbewusstsein-ihrer-Mitarbeitenden-1_MQ.jpg","contentUrl":"https:\/\/www.m-q.ch\/wp-content\/uploads\/2022\/12\/So-bewerten-Chefs-das-IT-Sicherheitsbewusstsein-ihrer-Mitarbeitenden-1_MQ.jpg"},{"@type":"BreadcrumbList","@id":"https:\/\/www.organisator.ch\/operational-excellence\/2022-12-02\/so-bewerten-chefs-das-it-sicherheitsbewusstsein-ihrer-mitarbeitenden\/#breadcrumb","itemListElement":[{"@type":"ListItem","position":1,"name":"Home","item":"https:\/\/www.organisator.ch\/"},{"@type":"ListItem","position":2,"name":"So bewerten Chefs das IT-Sicherheitsbewusstsein ihrer Mitarbeitenden"}]},{"@type":"WebSite","@id":"https:\/\/www.organisator.ch\/#website","url":"https:\/\/www.organisator.ch\/","name":"Organizzatore","description":"Competente. Pratico. In 10 numeri all'anno, ORGANISATOR presenta i temi essenziali per i manager delle PMI.","publisher":{"@id":"https:\/\/www.organisator.ch\/#organization"},"potentialAction":[{"@type":"SearchAction","target":{"@type":"EntryPoint","urlTemplate":"https:\/\/www.organisator.ch\/?s={search_term_string}"},"query-input":{"@type":"PropertyValueSpecification","valueRequired":true,"valueName":"search_term_string"}}],"inLanguage":"it-IT"},{"@type":"Organization","@id":"https:\/\/www.organisator.ch\/#organization","name":"Organizzatore","url":"https:\/\/www.organisator.ch\/","logo":{"@type":"ImageObject","inLanguage":"it-IT","@id":"https:\/\/www.organisator.ch\/#\/schema\/logo\/image\/","url":"https:\/\/www.organisator.ch\/wp-content\/uploads\/2022\/01\/Logo_Organisator_Website.png","contentUrl":"https:\/\/www.organisator.ch\/wp-content\/uploads\/2022\/01\/Logo_Organisator_Website.png","width":800,"height":77,"caption":"Organisator"},"image":{"@id":"https:\/\/www.organisator.ch\/#\/schema\/logo\/image\/"},"sameAs":["https:\/\/www.facebook.com\/OrganisatorFachmagazin","https:\/\/www.linkedin.com\/showcase\/organisator-das-magazin-fr-kmu","https:\/\/www.xing.com\/news\/pages\/organisator-ch-695","https:\/\/www.youtube.com\/channel\/UCGP2Sq0iWaZwT3BdIAQFYpw"]},{"@type":"Person","@id":"https:\/\/www.organisator.ch\/#\/schema\/person\/4e51799071cd2dd1232ac003643ef5f0","name":"galledia","image":{"@type":"ImageObject","inLanguage":"it-IT","@id":"https:\/\/secure.gravatar.com\/avatar\/78a7f90c01fc2bfc875782a0d4922b37cde2cf184ce347b91316d23cd7f69a36?s=96&d=mm&r=g","url":"https:\/\/secure.gravatar.com\/avatar\/78a7f90c01fc2bfc875782a0d4922b37cde2cf184ce347b91316d23cd7f69a36?s=96&d=mm&r=g","contentUrl":"https:\/\/secure.gravatar.com\/avatar\/78a7f90c01fc2bfc875782a0d4922b37cde2cf184ce347b91316d23cd7f69a36?s=96&d=mm&r=g","caption":"galledia"},"sameAs":["https:\/\/x.com\/admin"],"url":"https:\/\/www.organisator.ch\/it\/author\/galledia\/"}]}},"_links":{"self":[{"href":"https:\/\/www.organisator.ch\/it\/wp-json\/wp\/v2\/posts\/18105","targetHints":{"allow":["GET"]}}],"collection":[{"href":"https:\/\/www.organisator.ch\/it\/wp-json\/wp\/v2\/posts"}],"about":[{"href":"https:\/\/www.organisator.ch\/it\/wp-json\/wp\/v2\/types\/post"}],"author":[{"embeddable":true,"href":"https:\/\/www.organisator.ch\/it\/wp-json\/wp\/v2\/users\/8"}],"replies":[{"embeddable":true,"href":"https:\/\/www.organisator.ch\/it\/wp-json\/wp\/v2\/comments?post=18105"}],"version-history":[{"count":4,"href":"https:\/\/www.organisator.ch\/it\/wp-json\/wp\/v2\/posts\/18105\/revisions"}],"predecessor-version":[{"id":33571,"href":"https:\/\/www.organisator.ch\/it\/wp-json\/wp\/v2\/posts\/18105\/revisions\/33571"}],"wp:attachment":[{"href":"https:\/\/www.organisator.ch\/it\/wp-json\/wp\/v2\/media?parent=18105"}],"wp:term":[{"taxonomy":"category","embeddable":true,"href":"https:\/\/www.organisator.ch\/it\/wp-json\/wp\/v2\/categories?post=18105"},{"taxonomy":"post_tag","embeddable":true,"href":"https:\/\/www.organisator.ch\/it\/wp-json\/wp\/v2\/tags?post=18105"}],"curies":[{"name":"wp","href":"https:\/\/api.w.org\/{rel}","templated":true}]}}