{"id":18187,"date":"2022-12-07T11:27:29","date_gmt":"2022-12-07T10:27:29","guid":{"rendered":"https:\/\/www.m-q.ch\/?p=17289"},"modified":"2024-11-20T06:33:32","modified_gmt":"2024-11-20T05:33:32","slug":"datensicherheit-fuenf-entwicklungen-die-es-2023-zu-beruecksichtigen-gilt","status":"publish","type":"post","link":"https:\/\/www.organisator.ch\/it\/operational-excellence\/2022-12-07\/datensicherheit-fuenf-entwicklungen-die-es-2023-zu-beruecksichtigen-gilt\/","title":{"rendered":"Sicurezza dei dati: cinque sviluppi da considerare nel 2023"},"content":{"rendered":"<figure id=\"attachment_17290\" class=\"wp-caption alignnone\" style=\"width: 680px\" aria-describedby=\"caption-attachment-17290\"><img class=\"alignnone wp-image-17290 size-full\" src=\"https:\/\/www.m-q.ch\/wp-content\/uploads\/2022\/12\/Datensicherheit-Fuenf-Entwicklungen-die-es-2023-zu-beruecksichtigen-gilt_MQ.jpg\" alt=\"Sviluppi\" width=\"680\" height=\"478\" \/>\r\n<figcaption id=\"caption-attachment-17290\" class=\"wp-caption-text\">Sviluppi nella sicurezza dei dati 2023: Dove \u00e8 diretto il viaggio? (Immagine: Unsplash.com)<\/figcaption>\r\n<\/figure>\r\n<p>I dati sono il nuovo petrolio, il nuovo ossigeno o la linfa vitale di un'azienda. Qualunque sia la metafora pi\u00f9 adatta, senza l'accesso ai dati e ai sistemi critici, un'azienda \u00e8 paralizzata mentre i concorrenti le passano davanti. \u00c8 per questo che devono tenersi aggiornati sulle ultime minacce ai loro dati e sugli strumenti che utilizzano per proteggerli. Arcserve, produttore affermato di soluzioni per la protezione dei dati, descrive cinque sviluppi che avranno un impatto sul modo in cui le aziende proteggeranno e gestiranno i loro dati nel 2023 e oltre.<\/p>\r\n<h3><strong>1. l'ipotesi di un fallimento massiccio di SaaS come campanello d'allarme<\/strong><\/h3>\r\n<p>Al momento \u00e8 ancora ipotetico, ma il primo grande fallimento del software-as-a-service potrebbe verificarsi gi\u00e0 nel 2023. In questo caso, diventa subito evidente che il backup e il ripristino dei dati sono la priorit\u00e0 assoluta. Le aziende di tutto il mondo utilizzano sempre pi\u00f9 spesso il software come servizio invece di gestire la propria infrastruttura IT installata localmente. Ecco un esempio fittizio: Se un servizio, ad esempio Microsoft 365, subisse un'interruzione importante, cosa succederebbe? Ebbene, molti grandi fornitori di SaaS garantiscono l'affidabilit\u00e0 del loro servizio, ma non la sicurezza dei dati. Le aziende, cio\u00e8 gli utenti, ne sono responsabili. Ecco perch\u00e9 hanno bisogno di software di terze parti per sopravvivere a un guasto e per proteggere i dati a lungo termine.<\/p>\r\n<p>Inoltre, le aziende dovrebbero concentrarsi sulla strategia 3-2-1-1 (o estesa: <a href=\"https:\/\/www.m-q.ch\/de\/datenschutztag-2022-die-3-2-1-1-0-regel-fuer-backups\/\">Regola del 3-2-1-1-0<\/a>ndr) per eseguire il backup dei propri dati. Questa strategia prevede l'esecuzione di tre copie di backup dei dati su due tipi diversi di supporti (ad esempio, disco rigido o nastro), con una di queste copie archiviata in un luogo diverso per il ripristino di emergenza. L'ultimo aspetto \u00e8 l'Immutable Object Storage. Immutable Object Storage \u00e8 uno strumento di protezione dei dati di nuova generazione che protegge continuamente i dati eseguendo un'istantanea immutabile ogni 90 secondi. Questo garantisce alle aziende un rapido recupero dei dati anche in caso di grave interruzione del servizio SaaS.<\/p>\r\n<h3><strong>2. i risparmi sui costi faranno pi\u00f9 danni che benefici<\/strong><\/h3>\r\n<p>In considerazione dell'aumento dei prezzi dell'energia e dell'estrema inflazione, nel 2023 le aziende ottimizzeranno i costi. Una cosa non deve assolutamente accadere durante il processo: Ridurre la protezione dei dati. Anche se le aziende rivedono le spese operative per compensare parte dell'inflazione, devono continuare a investire nella protezione, nell'archiviazione e nella sicurezza dei dati.<\/p>\r\n<p>La protezione dei dati pu\u00f2 sembrare un'area in cui \u00e8 facile risparmiare. Ma qualsiasi riduzione della sicurezza dei dati comporter\u00e0 un aumento dei costi. L'ultimo <a href=\"https:\/\/www.ibm.com\/reports\/data-breach\">Rapporto IBM sul costo di una violazione dei dati nel 2022<\/a> il costo medio di una violazione dei dati a livello mondiale \u00e8 di 4,35 milioni di dollari. Nel 2023 sar\u00e0 ancora pi\u00f9 importante riconoscere l'importanza dei dati e garantire che eventuali tagli al budget abbiano un impatto minimo sulle operazioni e sulla garanzia aziendale.<\/p>\r\n<h3><strong>3. le aziende dovranno utilizzare i propri budget per la sicurezza in modo oculato<\/strong><\/h3>\r\n<p>\u00c8 probabile che molte aziende stiano comunque riducendo le misure di sicurezza. Chi lo fa deve sapere che \u00e8 proprio questo il momento in cui i criminali informatici colpiscono. I ladri informatici sono sempre alla ricerca di vulnerabilit\u00e0 da sfruttare. Pertanto, le aziende devono essere prudenti quando si tratta di ridurre i costi ed esaminare come utilizzano il loro budget per la sicurezza dei dati.<\/p>\r\n<p>La maggior parte delle aziende oggi investe in tecnologie di sicurezza di base come firewall, protezione antivirus e soluzioni di rilevamento delle intrusioni. Ma devono essere consapevoli che i criminali informatici inevitabilmente violeranno queste protezioni almeno una volta. Le aziende dovrebbero avere un piano per questa eventualit\u00e0 e allocare il budget per la sicurezza di conseguenza. Per ogni franco o euro speso in firewall o soluzioni antivirus, le aziende dovrebbero investire un altro franco in soluzioni che consentano loro di proteggere i dati e di recuperarli dopo un attacco informatico.<\/p>\r\n<h3><strong>4. Le aziende hanno bisogno di soluzioni per proteggere i dati a rischio nel lavoro a distanza.<\/strong><\/h3>\r\n<p>Durante la pandemia, la maggior parte delle aziende ha introdotto modelli di lavoro a distanza e ibridi. Molti continueranno a seguire questi modelli anche nel 2023, perch\u00e9 sanno che ci\u00f2 li avvantaggia dal punto di vista finanziario, garantendo al contempo che i dipendenti siano pi\u00f9 felici, pi\u00f9 impegnati e pi\u00f9 produttivi. Molte persone preferiscono lavorare da casa piuttosto che recarsi in ufficio per una serie di motivi. Di conseguenza, le aziende possono, ad esempio, ridurre i costi energetici se un minor numero di dipendenti \u00e8 presente in ufficio o addirittura ridurre lo spazio a disposizione.<\/p>\r\n<p>Ma devono essere consapevoli che, con l'aumento del lavoro in remoto, i loro dati diventano ancora pi\u00f9 frammentati o distribuiti, aumentando le loro vulnerabilit\u00e0. Con la crescente diffusione del lavoro ibrido, nel 2023 le aziende dovranno trovare soluzioni semplici e convenienti per proteggere efficacemente i dati negli ambienti di home office senza impegnare risorse o capitali aggiuntivi.<\/p>\r\n<h3><strong>5. le aziende che utilizzano i servizi cloud per il backup e il ripristino dei dati cercheranno partner di hosting che rendano conto in modo accurato delle emissioni di Ambito 3.<\/strong><\/h3>\r\n<p>In molti Paesi, le grandi aziende sono tenute a rendere note le loro emissioni di CO2 e il loro contributo al rallentamento del cambiamento climatico. Il problema \u00e8 che non esistono standard globali per questa divulgazione. Le aziende misurano le loro emissioni in modi diversi, rendendo difficile il confronto delle prestazioni in questo settore. Inoltre, la maggior parte delle aziende comunica solo le emissioni prodotte in proprio, come quelle prodotte dal riscaldamento degli uffici. Queste emissioni sono denominate Scope 1 e Scope 2 e rappresentano solo una parte delle emissioni totali.<\/p>\r\n<p>La maggior parte delle emissioni \u00e8 attribuibile all'Ambito 3. Ci\u00f2 significa che sono generati - oggi e in futuro - dalle attivit\u00e0 di tutti gli attori della catena del valore di un'azienda. Le emissioni dell'ambito 3 sono enormi e in gran parte non contabilizzate. Grazie a questo \"punto cieco\", le aziende possono facilmente affermare che saranno un'azienda a zero emissioni entro il 2050, perch\u00e9 non sono tenute a comunicare tutte le emissioni di CO2 dell'intera catena del valore. Nel 2023, ad esempio, le aziende che operano nel settore del cloud dovranno comunicare con precisione le proprie emissioni Scope 3, pena il sospetto di greenwashing. Le aziende che utilizzano servizi cloud per il backup e il ripristino dei dati cercheranno partner che riportino accuratamente le loro emissioni Scope 3 per agire come aziende responsabili.<\/p>\r\n<p><strong>Conclusione<\/strong><\/p>\r\n<p>Nel mondo odierno, sempre pi\u00f9 frenetico e imprevedibile, le sfide aziendali di ogni tipo sono sempre pi\u00f9 difficili da identificare e risolvere. La protezione dei dati \u00e8 una di queste. Le aziende che affronteranno e risolveranno queste sfide nel 2023 utilizzeranno strumenti e strategie innovative per proteggere i propri dati e quindi il proprio business.<\/p>\r\n<p><em>Fonte: <a href=\"https:\/\/www.arcserve.com\/\">Arcserve<\/a><\/em><\/p>\n<p class=\"syndicated-attribution\">Questo articolo \u00e8 apparso originariamente su m-q.ch - <a href=\"https:\/\/www.m-q.ch\/de\/datensicherheit-fuenf-entwicklungen-die-es-2023-zu-beruecksichtigen-gilt\/\" target=\"_blank\">https:\/\/www.m-q.ch\/de\/datensicherheit-fuenf-entwicklungen-die-es-2023-zu-beruecksichtigen-gilt\/<\/a><\/p>","protected":false},"excerpt":{"rendered":"<p>Daten sind das neue \u00d6l, der neue Sauerstoff oder das Lebenselixier eines Unternehmens. Welche Metapher auch immer am besten zutrifft: Ohne Zugriff auf wichtige Daten und Systeme ist ein Unternehmen gel\u00e4hmt, w\u00e4hrend die Konkurrenten vorbeiziehen. Daher sollten sie \u00fcber die neuesten Bedrohungen f\u00fcr ihre Daten sowie \u00fcber die Tools, die sie zu deren Schutz einsetzen, [\u2026]<\/p>\n","protected":false},"author":8,"featured_media":0,"comment_status":"closed","ping_status":"closed","sticky":false,"template":"","format":"standard","meta":{"_acf_changed":false,"_yoast_wpseo_focuskw":"Entwicklungen","_yoast_wpseo_metadesc":"Daten 2023: Trends und Herausforderungen. Sicherheit, Kosteneinsparungen und Cloud-Dienste im Fokus f\u00fcr Unternehmen.","articlekey":"","footnotes":""},"categories":[582],"tags":[],"class_list":["post-18187","post","type-post","status-publish","format-standard","hentry","category-operational-excellence"],"acf":[],"yoast_head":"<!-- This site is optimized with the Yoast SEO plugin v27.5 - https:\/\/yoast.com\/product\/yoast-seo-wordpress\/ -->\n<title>Datensicherheit: F\u00fcnf Entwicklungen, die es 2023 zu ber\u00fccksichtigen gilt - Organisator<\/title>\n<meta name=\"description\" content=\"Daten 2023: Trends und Herausforderungen. Sicherheit, Kosteneinsparungen und Cloud-Dienste im Fokus f\u00fcr Unternehmen.\" \/>\n<meta name=\"robots\" content=\"index, follow, max-snippet:-1, max-image-preview:large, max-video-preview:-1\" \/>\n<link rel=\"canonical\" href=\"https:\/\/www.organisator.ch\/it\/eccellenza-operativa\/2022-12-07\/datensicherheit-fuenf-entwicklungen-die-es-2023-zu-beruecksichtigen-gilt\/\" \/>\n<meta property=\"og:locale\" content=\"it_IT\" \/>\n<meta property=\"og:type\" content=\"article\" \/>\n<meta property=\"og:title\" content=\"Datensicherheit: F\u00fcnf Entwicklungen, die es 2023 zu ber\u00fccksichtigen gilt - Organisator\" \/>\n<meta property=\"og:description\" content=\"Daten 2023: Trends und Herausforderungen. Sicherheit, Kosteneinsparungen und Cloud-Dienste im Fokus f\u00fcr Unternehmen.\" \/>\n<meta property=\"og:url\" content=\"https:\/\/www.organisator.ch\/it\/eccellenza-operativa\/2022-12-07\/datensicherheit-fuenf-entwicklungen-die-es-2023-zu-beruecksichtigen-gilt\/\" \/>\n<meta property=\"og:site_name\" content=\"Organisator\" \/>\n<meta property=\"article:publisher\" content=\"https:\/\/www.facebook.com\/OrganisatorFachmagazin\" \/>\n<meta property=\"article:published_time\" content=\"2022-12-07T10:27:29+00:00\" \/>\n<meta property=\"article:modified_time\" content=\"2024-11-20T05:33:32+00:00\" \/>\n<meta name=\"author\" content=\"galledia\" \/>\n<meta name=\"twitter:card\" content=\"summary_large_image\" \/>\n<meta name=\"twitter:creator\" content=\"@admin\" \/>\n<script type=\"application\/ld+json\" class=\"yoast-schema-graph\">{\"@context\":\"https:\\\/\\\/schema.org\",\"@graph\":[{\"@type\":\"Article\",\"@id\":\"https:\\\/\\\/www.organisator.ch\\\/operational-excellence\\\/2022-12-07\\\/datensicherheit-fuenf-entwicklungen-die-es-2023-zu-beruecksichtigen-gilt\\\/#article\",\"isPartOf\":{\"@id\":\"https:\\\/\\\/www.organisator.ch\\\/operational-excellence\\\/2022-12-07\\\/datensicherheit-fuenf-entwicklungen-die-es-2023-zu-beruecksichtigen-gilt\\\/\"},\"author\":{\"name\":\"galledia\",\"@id\":\"https:\\\/\\\/www.organisator.ch\\\/#\\\/schema\\\/person\\\/4e51799071cd2dd1232ac003643ef5f0\"},\"headline\":\"Datensicherheit: F\u00fcnf Entwicklungen, die es 2023 zu ber\u00fccksichtigen gilt\",\"datePublished\":\"2022-12-07T10:27:29+00:00\",\"dateModified\":\"2024-11-20T05:33:32+00:00\",\"mainEntityOfPage\":{\"@id\":\"https:\\\/\\\/www.organisator.ch\\\/operational-excellence\\\/2022-12-07\\\/datensicherheit-fuenf-entwicklungen-die-es-2023-zu-beruecksichtigen-gilt\\\/\"},\"wordCount\":1113,\"publisher\":{\"@id\":\"https:\\\/\\\/www.organisator.ch\\\/#organization\"},\"image\":{\"@id\":\"https:\\\/\\\/www.organisator.ch\\\/operational-excellence\\\/2022-12-07\\\/datensicherheit-fuenf-entwicklungen-die-es-2023-zu-beruecksichtigen-gilt\\\/#primaryimage\"},\"thumbnailUrl\":\"https:\\\/\\\/www.m-q.ch\\\/wp-content\\\/uploads\\\/2022\\\/12\\\/Datensicherheit-Fuenf-Entwicklungen-die-es-2023-zu-beruecksichtigen-gilt_MQ.jpg\",\"articleSection\":[\"OPERATIONAL EXCELLENCE\"],\"inLanguage\":\"it-IT\"},{\"@type\":\"WebPage\",\"@id\":\"https:\\\/\\\/www.organisator.ch\\\/operational-excellence\\\/2022-12-07\\\/datensicherheit-fuenf-entwicklungen-die-es-2023-zu-beruecksichtigen-gilt\\\/\",\"url\":\"https:\\\/\\\/www.organisator.ch\\\/operational-excellence\\\/2022-12-07\\\/datensicherheit-fuenf-entwicklungen-die-es-2023-zu-beruecksichtigen-gilt\\\/\",\"name\":\"Datensicherheit: F\u00fcnf Entwicklungen, die es 2023 zu ber\u00fccksichtigen gilt - Organisator\",\"isPartOf\":{\"@id\":\"https:\\\/\\\/www.organisator.ch\\\/#website\"},\"primaryImageOfPage\":{\"@id\":\"https:\\\/\\\/www.organisator.ch\\\/operational-excellence\\\/2022-12-07\\\/datensicherheit-fuenf-entwicklungen-die-es-2023-zu-beruecksichtigen-gilt\\\/#primaryimage\"},\"image\":{\"@id\":\"https:\\\/\\\/www.organisator.ch\\\/operational-excellence\\\/2022-12-07\\\/datensicherheit-fuenf-entwicklungen-die-es-2023-zu-beruecksichtigen-gilt\\\/#primaryimage\"},\"thumbnailUrl\":\"https:\\\/\\\/www.m-q.ch\\\/wp-content\\\/uploads\\\/2022\\\/12\\\/Datensicherheit-Fuenf-Entwicklungen-die-es-2023-zu-beruecksichtigen-gilt_MQ.jpg\",\"datePublished\":\"2022-12-07T10:27:29+00:00\",\"dateModified\":\"2024-11-20T05:33:32+00:00\",\"description\":\"Daten 2023: Trends und Herausforderungen. Sicherheit, Kosteneinsparungen und Cloud-Dienste im Fokus f\u00fcr Unternehmen.\",\"breadcrumb\":{\"@id\":\"https:\\\/\\\/www.organisator.ch\\\/operational-excellence\\\/2022-12-07\\\/datensicherheit-fuenf-entwicklungen-die-es-2023-zu-beruecksichtigen-gilt\\\/#breadcrumb\"},\"inLanguage\":\"it-IT\",\"potentialAction\":[{\"@type\":\"ReadAction\",\"target\":[\"https:\\\/\\\/www.organisator.ch\\\/operational-excellence\\\/2022-12-07\\\/datensicherheit-fuenf-entwicklungen-die-es-2023-zu-beruecksichtigen-gilt\\\/\"]}]},{\"@type\":\"ImageObject\",\"inLanguage\":\"it-IT\",\"@id\":\"https:\\\/\\\/www.organisator.ch\\\/operational-excellence\\\/2022-12-07\\\/datensicherheit-fuenf-entwicklungen-die-es-2023-zu-beruecksichtigen-gilt\\\/#primaryimage\",\"url\":\"https:\\\/\\\/www.m-q.ch\\\/wp-content\\\/uploads\\\/2022\\\/12\\\/Datensicherheit-Fuenf-Entwicklungen-die-es-2023-zu-beruecksichtigen-gilt_MQ.jpg\",\"contentUrl\":\"https:\\\/\\\/www.m-q.ch\\\/wp-content\\\/uploads\\\/2022\\\/12\\\/Datensicherheit-Fuenf-Entwicklungen-die-es-2023-zu-beruecksichtigen-gilt_MQ.jpg\"},{\"@type\":\"BreadcrumbList\",\"@id\":\"https:\\\/\\\/www.organisator.ch\\\/operational-excellence\\\/2022-12-07\\\/datensicherheit-fuenf-entwicklungen-die-es-2023-zu-beruecksichtigen-gilt\\\/#breadcrumb\",\"itemListElement\":[{\"@type\":\"ListItem\",\"position\":1,\"name\":\"Home\",\"item\":\"https:\\\/\\\/www.organisator.ch\\\/\"},{\"@type\":\"ListItem\",\"position\":2,\"name\":\"Datensicherheit: F\u00fcnf Entwicklungen, die es 2023 zu ber\u00fccksichtigen gilt\"}]},{\"@type\":\"WebSite\",\"@id\":\"https:\\\/\\\/www.organisator.ch\\\/#website\",\"url\":\"https:\\\/\\\/www.organisator.ch\\\/\",\"name\":\"Organisator\",\"description\":\"Kompetent. Praxisnah. Der ORGANISATOR bereitet in 10 Ausgaben pro Jahr die wesentlichen Themen f\u00fcr F\u00fchrungskr\u00e4fte von KMU auf.\",\"publisher\":{\"@id\":\"https:\\\/\\\/www.organisator.ch\\\/#organization\"},\"potentialAction\":[{\"@type\":\"SearchAction\",\"target\":{\"@type\":\"EntryPoint\",\"urlTemplate\":\"https:\\\/\\\/www.organisator.ch\\\/?s={search_term_string}\"},\"query-input\":{\"@type\":\"PropertyValueSpecification\",\"valueRequired\":true,\"valueName\":\"search_term_string\"}}],\"inLanguage\":\"it-IT\"},{\"@type\":\"Organization\",\"@id\":\"https:\\\/\\\/www.organisator.ch\\\/#organization\",\"name\":\"Organisator\",\"url\":\"https:\\\/\\\/www.organisator.ch\\\/\",\"logo\":{\"@type\":\"ImageObject\",\"inLanguage\":\"it-IT\",\"@id\":\"https:\\\/\\\/www.organisator.ch\\\/#\\\/schema\\\/logo\\\/image\\\/\",\"url\":\"https:\\\/\\\/www.organisator.ch\\\/wp-content\\\/uploads\\\/2022\\\/01\\\/Logo_Organisator_Website.png\",\"contentUrl\":\"https:\\\/\\\/www.organisator.ch\\\/wp-content\\\/uploads\\\/2022\\\/01\\\/Logo_Organisator_Website.png\",\"width\":800,\"height\":77,\"caption\":\"Organisator\"},\"image\":{\"@id\":\"https:\\\/\\\/www.organisator.ch\\\/#\\\/schema\\\/logo\\\/image\\\/\"},\"sameAs\":[\"https:\\\/\\\/www.facebook.com\\\/OrganisatorFachmagazin\",\"https:\\\/\\\/www.linkedin.com\\\/showcase\\\/organisator-das-magazin-fr-kmu\",\"https:\\\/\\\/www.xing.com\\\/news\\\/pages\\\/organisator-ch-695\",\"https:\\\/\\\/www.youtube.com\\\/channel\\\/UCGP2Sq0iWaZwT3BdIAQFYpw\"]},{\"@type\":\"Person\",\"@id\":\"https:\\\/\\\/www.organisator.ch\\\/#\\\/schema\\\/person\\\/4e51799071cd2dd1232ac003643ef5f0\",\"name\":\"galledia\",\"image\":{\"@type\":\"ImageObject\",\"inLanguage\":\"it-IT\",\"@id\":\"https:\\\/\\\/secure.gravatar.com\\\/avatar\\\/78a7f90c01fc2bfc875782a0d4922b37cde2cf184ce347b91316d23cd7f69a36?s=96&d=mm&r=g\",\"url\":\"https:\\\/\\\/secure.gravatar.com\\\/avatar\\\/78a7f90c01fc2bfc875782a0d4922b37cde2cf184ce347b91316d23cd7f69a36?s=96&d=mm&r=g\",\"contentUrl\":\"https:\\\/\\\/secure.gravatar.com\\\/avatar\\\/78a7f90c01fc2bfc875782a0d4922b37cde2cf184ce347b91316d23cd7f69a36?s=96&d=mm&r=g\",\"caption\":\"galledia\"},\"sameAs\":[\"https:\\\/\\\/x.com\\\/admin\"],\"url\":\"https:\\\/\\\/www.organisator.ch\\\/it\\\/author\\\/galledia\\\/\"}]}<\/script>\n<!-- \/ Yoast SEO plugin. -->","yoast_head_json":{"title":"Sicurezza dei dati: cinque sviluppi da considerare nel 2023 - Organizzatore","description":"Dati 2023: Tendenze e sfide. Focus su sicurezza, risparmio e servizi cloud per le aziende.","robots":{"index":"index","follow":"follow","max-snippet":"max-snippet:-1","max-image-preview":"max-image-preview:large","max-video-preview":"max-video-preview:-1"},"canonical":"https:\/\/www.organisator.ch\/it\/eccellenza-operativa\/2022-12-07\/datensicherheit-fuenf-entwicklungen-die-es-2023-zu-beruecksichtigen-gilt\/","og_locale":"it_IT","og_type":"article","og_title":"Datensicherheit: F\u00fcnf Entwicklungen, die es 2023 zu ber\u00fccksichtigen gilt - Organisator","og_description":"Daten 2023: Trends und Herausforderungen. Sicherheit, Kosteneinsparungen und Cloud-Dienste im Fokus f\u00fcr Unternehmen.","og_url":"https:\/\/www.organisator.ch\/it\/eccellenza-operativa\/2022-12-07\/datensicherheit-fuenf-entwicklungen-die-es-2023-zu-beruecksichtigen-gilt\/","og_site_name":"Organisator","article_publisher":"https:\/\/www.facebook.com\/OrganisatorFachmagazin","article_published_time":"2022-12-07T10:27:29+00:00","article_modified_time":"2024-11-20T05:33:32+00:00","author":"galledia","twitter_card":"summary_large_image","twitter_creator":"@admin","schema":{"@context":"https:\/\/schema.org","@graph":[{"@type":"Article","@id":"https:\/\/www.organisator.ch\/operational-excellence\/2022-12-07\/datensicherheit-fuenf-entwicklungen-die-es-2023-zu-beruecksichtigen-gilt\/#article","isPartOf":{"@id":"https:\/\/www.organisator.ch\/operational-excellence\/2022-12-07\/datensicherheit-fuenf-entwicklungen-die-es-2023-zu-beruecksichtigen-gilt\/"},"author":{"name":"galledia","@id":"https:\/\/www.organisator.ch\/#\/schema\/person\/4e51799071cd2dd1232ac003643ef5f0"},"headline":"Datensicherheit: F\u00fcnf Entwicklungen, die es 2023 zu ber\u00fccksichtigen gilt","datePublished":"2022-12-07T10:27:29+00:00","dateModified":"2024-11-20T05:33:32+00:00","mainEntityOfPage":{"@id":"https:\/\/www.organisator.ch\/operational-excellence\/2022-12-07\/datensicherheit-fuenf-entwicklungen-die-es-2023-zu-beruecksichtigen-gilt\/"},"wordCount":1113,"publisher":{"@id":"https:\/\/www.organisator.ch\/#organization"},"image":{"@id":"https:\/\/www.organisator.ch\/operational-excellence\/2022-12-07\/datensicherheit-fuenf-entwicklungen-die-es-2023-zu-beruecksichtigen-gilt\/#primaryimage"},"thumbnailUrl":"https:\/\/www.m-q.ch\/wp-content\/uploads\/2022\/12\/Datensicherheit-Fuenf-Entwicklungen-die-es-2023-zu-beruecksichtigen-gilt_MQ.jpg","articleSection":["OPERATIONAL EXCELLENCE"],"inLanguage":"it-IT"},{"@type":"WebPage","@id":"https:\/\/www.organisator.ch\/operational-excellence\/2022-12-07\/datensicherheit-fuenf-entwicklungen-die-es-2023-zu-beruecksichtigen-gilt\/","url":"https:\/\/www.organisator.ch\/operational-excellence\/2022-12-07\/datensicherheit-fuenf-entwicklungen-die-es-2023-zu-beruecksichtigen-gilt\/","name":"Sicurezza dei dati: cinque sviluppi da considerare nel 2023 - Organizzatore","isPartOf":{"@id":"https:\/\/www.organisator.ch\/#website"},"primaryImageOfPage":{"@id":"https:\/\/www.organisator.ch\/operational-excellence\/2022-12-07\/datensicherheit-fuenf-entwicklungen-die-es-2023-zu-beruecksichtigen-gilt\/#primaryimage"},"image":{"@id":"https:\/\/www.organisator.ch\/operational-excellence\/2022-12-07\/datensicherheit-fuenf-entwicklungen-die-es-2023-zu-beruecksichtigen-gilt\/#primaryimage"},"thumbnailUrl":"https:\/\/www.m-q.ch\/wp-content\/uploads\/2022\/12\/Datensicherheit-Fuenf-Entwicklungen-die-es-2023-zu-beruecksichtigen-gilt_MQ.jpg","datePublished":"2022-12-07T10:27:29+00:00","dateModified":"2024-11-20T05:33:32+00:00","description":"Dati 2023: Tendenze e sfide. Focus su sicurezza, risparmio e servizi cloud per le aziende.","breadcrumb":{"@id":"https:\/\/www.organisator.ch\/operational-excellence\/2022-12-07\/datensicherheit-fuenf-entwicklungen-die-es-2023-zu-beruecksichtigen-gilt\/#breadcrumb"},"inLanguage":"it-IT","potentialAction":[{"@type":"ReadAction","target":["https:\/\/www.organisator.ch\/operational-excellence\/2022-12-07\/datensicherheit-fuenf-entwicklungen-die-es-2023-zu-beruecksichtigen-gilt\/"]}]},{"@type":"ImageObject","inLanguage":"it-IT","@id":"https:\/\/www.organisator.ch\/operational-excellence\/2022-12-07\/datensicherheit-fuenf-entwicklungen-die-es-2023-zu-beruecksichtigen-gilt\/#primaryimage","url":"https:\/\/www.m-q.ch\/wp-content\/uploads\/2022\/12\/Datensicherheit-Fuenf-Entwicklungen-die-es-2023-zu-beruecksichtigen-gilt_MQ.jpg","contentUrl":"https:\/\/www.m-q.ch\/wp-content\/uploads\/2022\/12\/Datensicherheit-Fuenf-Entwicklungen-die-es-2023-zu-beruecksichtigen-gilt_MQ.jpg"},{"@type":"BreadcrumbList","@id":"https:\/\/www.organisator.ch\/operational-excellence\/2022-12-07\/datensicherheit-fuenf-entwicklungen-die-es-2023-zu-beruecksichtigen-gilt\/#breadcrumb","itemListElement":[{"@type":"ListItem","position":1,"name":"Home","item":"https:\/\/www.organisator.ch\/"},{"@type":"ListItem","position":2,"name":"Datensicherheit: F\u00fcnf Entwicklungen, die es 2023 zu ber\u00fccksichtigen gilt"}]},{"@type":"WebSite","@id":"https:\/\/www.organisator.ch\/#website","url":"https:\/\/www.organisator.ch\/","name":"Organizzatore","description":"Competente. Pratico. In 10 numeri all'anno, ORGANISATOR presenta i temi essenziali per i manager delle PMI.","publisher":{"@id":"https:\/\/www.organisator.ch\/#organization"},"potentialAction":[{"@type":"SearchAction","target":{"@type":"EntryPoint","urlTemplate":"https:\/\/www.organisator.ch\/?s={search_term_string}"},"query-input":{"@type":"PropertyValueSpecification","valueRequired":true,"valueName":"search_term_string"}}],"inLanguage":"it-IT"},{"@type":"Organization","@id":"https:\/\/www.organisator.ch\/#organization","name":"Organizzatore","url":"https:\/\/www.organisator.ch\/","logo":{"@type":"ImageObject","inLanguage":"it-IT","@id":"https:\/\/www.organisator.ch\/#\/schema\/logo\/image\/","url":"https:\/\/www.organisator.ch\/wp-content\/uploads\/2022\/01\/Logo_Organisator_Website.png","contentUrl":"https:\/\/www.organisator.ch\/wp-content\/uploads\/2022\/01\/Logo_Organisator_Website.png","width":800,"height":77,"caption":"Organisator"},"image":{"@id":"https:\/\/www.organisator.ch\/#\/schema\/logo\/image\/"},"sameAs":["https:\/\/www.facebook.com\/OrganisatorFachmagazin","https:\/\/www.linkedin.com\/showcase\/organisator-das-magazin-fr-kmu","https:\/\/www.xing.com\/news\/pages\/organisator-ch-695","https:\/\/www.youtube.com\/channel\/UCGP2Sq0iWaZwT3BdIAQFYpw"]},{"@type":"Person","@id":"https:\/\/www.organisator.ch\/#\/schema\/person\/4e51799071cd2dd1232ac003643ef5f0","name":"galledia","image":{"@type":"ImageObject","inLanguage":"it-IT","@id":"https:\/\/secure.gravatar.com\/avatar\/78a7f90c01fc2bfc875782a0d4922b37cde2cf184ce347b91316d23cd7f69a36?s=96&d=mm&r=g","url":"https:\/\/secure.gravatar.com\/avatar\/78a7f90c01fc2bfc875782a0d4922b37cde2cf184ce347b91316d23cd7f69a36?s=96&d=mm&r=g","contentUrl":"https:\/\/secure.gravatar.com\/avatar\/78a7f90c01fc2bfc875782a0d4922b37cde2cf184ce347b91316d23cd7f69a36?s=96&d=mm&r=g","caption":"galledia"},"sameAs":["https:\/\/x.com\/admin"],"url":"https:\/\/www.organisator.ch\/it\/author\/galledia\/"}]}},"_links":{"self":[{"href":"https:\/\/www.organisator.ch\/it\/wp-json\/wp\/v2\/posts\/18187","targetHints":{"allow":["GET"]}}],"collection":[{"href":"https:\/\/www.organisator.ch\/it\/wp-json\/wp\/v2\/posts"}],"about":[{"href":"https:\/\/www.organisator.ch\/it\/wp-json\/wp\/v2\/types\/post"}],"author":[{"embeddable":true,"href":"https:\/\/www.organisator.ch\/it\/wp-json\/wp\/v2\/users\/8"}],"replies":[{"embeddable":true,"href":"https:\/\/www.organisator.ch\/it\/wp-json\/wp\/v2\/comments?post=18187"}],"version-history":[{"count":5,"href":"https:\/\/www.organisator.ch\/it\/wp-json\/wp\/v2\/posts\/18187\/revisions"}],"predecessor-version":[{"id":33563,"href":"https:\/\/www.organisator.ch\/it\/wp-json\/wp\/v2\/posts\/18187\/revisions\/33563"}],"wp:attachment":[{"href":"https:\/\/www.organisator.ch\/it\/wp-json\/wp\/v2\/media?parent=18187"}],"wp:term":[{"taxonomy":"category","embeddable":true,"href":"https:\/\/www.organisator.ch\/it\/wp-json\/wp\/v2\/categories?post=18187"},{"taxonomy":"post_tag","embeddable":true,"href":"https:\/\/www.organisator.ch\/it\/wp-json\/wp\/v2\/tags?post=18187"}],"curies":[{"name":"wp","href":"https:\/\/api.w.org\/{rel}","templated":true}]}}