{"id":18213,"date":"2022-12-09T11:55:47","date_gmt":"2022-12-09T10:55:47","guid":{"rendered":"https:\/\/www.organisator.ch\/?p=18213"},"modified":"2022-12-09T11:55:47","modified_gmt":"2022-12-09T10:55:47","slug":"die-konkurswelle-trifft-die-schweiz-mit-voller-wucht","status":"publish","type":"post","link":"https:\/\/www.organisator.ch\/it\/management\/finanzen_recht\/2022-12-09\/die-konkurswelle-trifft-die-schweiz-mit-voller-wucht\/","title":{"rendered":"L'ondata di fallimenti colpisce con forza la Svizzera"},"content":{"rendered":"<figure id=\"attachment_18214\" aria-describedby=\"caption-attachment-18214\" style=\"width: 680px\" class=\"wp-caption alignnone\"><img loading=\"lazy\" decoding=\"async\" class=\"size-full wp-image-18214\" src=\"https:\/\/www.organisator.ch\/wp-content\/uploads\/2022\/12\/Die-Konkurswelle-trifft-die-Schweiz-mit-voller-Wucht-1_Organisator.jpg\" alt=\"\" width=\"680\" height=\"496\" srcset=\"https:\/\/www.organisator.ch\/wp-content\/uploads\/2022\/12\/Die-Konkurswelle-trifft-die-Schweiz-mit-voller-Wucht-1_Organisator.jpg 680w, https:\/\/www.organisator.ch\/wp-content\/uploads\/2022\/12\/Die-Konkurswelle-trifft-die-Schweiz-mit-voller-Wucht-1_Organisator-16x12.jpg 16w, https:\/\/www.organisator.ch\/wp-content\/uploads\/2022\/12\/Die-Konkurswelle-trifft-die-Schweiz-mit-voller-Wucht-1_Organisator-375x274.jpg 375w, https:\/\/www.organisator.ch\/wp-content\/uploads\/2022\/12\/Die-Konkurswelle-trifft-die-Schweiz-mit-voller-Wucht-1_Organisator-480x350.jpg 480w\" sizes=\"auto, (max-width: 680px) 100vw, 680px\" \/><figcaption id=\"caption-attachment-18214\" class=\"wp-caption-text\">I creditori sono lasciati fuori dalla pioggia: L'onda della bancarotta continua a rotolare senza sosta. (Immagine: Pixabay.com)<\/figcaption><\/figure>\n<p>L'ondata di fallimenti si ripete: con un aumento di oltre il nove per cento rispetto al 2018\/2019, cio\u00e8 prima della pandemia di Corona, sta raggiungendo un nuovo picco. L'organizzazione per la tutela dei creditori Creditreform non si aspetta altri grandi cambiamenti entro la fine dell'anno. Creditreform si aspettava, fin dall'inizio degli aiuti governativi per la pandemia nella primavera del 2020, che i cosiddetti <a href=\"https:\/\/www.organisator.ch\/de\/management\/finanzen_recht\/2022-10-28\/zahl-der-zombie-unternehmen-nimmt-weiter-zu\/\">Aziende zombie<\/a> hanno ottenuto una tregua solo perch\u00e9 erano semplicemente pronti per la bancarotta. Ora questa liquidit\u00e0 aggiuntiva \u00e8 stata esaurita e l'unica cosa che resta da fare \u00e8 rivolgersi al tribunale fallimentare.<\/p>\n<h3>La fine dell'ondata di fallimenti non \u00e8 in vista<\/h3>\n<p>Creditreform prevede circa 6.700 insolvenze per l'anno che sta per concludersi. E non sembra che questa ondata di fallimenti si attenuer\u00e0 nel 2023, secondo la valutazione dell'organizzazione. La situazione potrebbe addirittura peggiorare in vista di un rallentamento economico emergente.<\/p>\n<figure id=\"attachment_18215\" aria-describedby=\"caption-attachment-18215\" style=\"width: 680px\" class=\"wp-caption alignnone\"><img loading=\"lazy\" decoding=\"async\" class=\"size-full wp-image-18215\" src=\"https:\/\/www.organisator.ch\/wp-content\/uploads\/2022\/12\/Die-Konkurswelle-trifft-die-Schweiz-mit-voller-Wucht-2_Organisator.jpg\" alt=\"\" width=\"680\" height=\"343\" srcset=\"https:\/\/www.organisator.ch\/wp-content\/uploads\/2022\/12\/Die-Konkurswelle-trifft-die-Schweiz-mit-voller-Wucht-2_Organisator.jpg 680w, https:\/\/www.organisator.ch\/wp-content\/uploads\/2022\/12\/Die-Konkurswelle-trifft-die-Schweiz-mit-voller-Wucht-2_Organisator-18x9.jpg 18w, https:\/\/www.organisator.ch\/wp-content\/uploads\/2022\/12\/Die-Konkurswelle-trifft-die-Schweiz-mit-voller-Wucht-2_Organisator-375x189.jpg 375w\" sizes=\"auto, (max-width: 680px) 100vw, 680px\" \/><figcaption id=\"caption-attachment-18215\" class=\"wp-caption-text\">Insolvenze aziendali nel 2018\/19, 2020, 2021, 2022. (Grafico: Creditreform)<\/figcaption><\/figure>\n<p>Le cifre parlano chiaro: il confronto tra i dati sull'insolvenza del 2018\/2019 e la media dei tre anni successivi mostra che c'\u00e8 ancora \"da recuperare\" con un meno nove per cento. Questo perch\u00e9 i fallimenti sono gi\u00e0 aumentati nel 2019, per cui \u00e8 probabile che questa tendenza all'aumento continui con un certo ritardo. La pressione sulle aziende continuer\u00e0 ad aumentare anche nel prossimo anno a causa dei problemi della catena di approvvigionamento, che porteranno a un aumento dei prezzi d'acquisto, e a causa dell'aumento dei costi energetici.<\/p>\n<h3>Problema: Equitazione fallimentare<\/h3>\n<p>Le insolvenze dovute a carenze organizzative sono quasi 47 % in pi\u00f9 rispetto all'anno precedente. La modifica dell'art. 731b del Codice delle obbligazioni svizzero, gi\u00e0 entrata in vigore l'1.1.2021, ha ora effetto. Questo ha ancora senso, in quanto elimina dal registro delle imprese le societ\u00e0 che non svolgono pi\u00f9 alcuna attivit\u00e0 commerciale.<\/p>\n<p>Ci sono sempre pi\u00f9 segnali che indicano che sempre pi\u00f9 aziende vogliono liberarsi dei loro debiti lasciando la societ\u00e0 senza gli organi necessari. Secondo Creditreform, questi fallimenti abusivi continueranno ad aumentare. Da settembre 2021 si \u00e8 gi\u00e0 registrato un aumento significativo dei casi sospetti: In quel periodo sono stati identificati 47 casi di sospetta bancarotta abusiva, con un picco nel dicembre 2021 e nel gennaio 2022 con 63 e 66 casi rispettivamente. In media, la Creditreform ha identificato 55 casi sospetti al mese da gennaio a novembre 2022.<\/p>\n<h3>Nuove registrazioni, cancellazioni, crescita netta<\/h3>\n<p>D'altro canto, per\u00f2, continuano a nascere molte nuove aziende, anche se a un livello leggermente inferiore rispetto all'anno precedente. Da gennaio a novembre sono state registrate 45.111 nuove imprese nel registro delle imprese, 1,2 % in meno rispetto all'anno precedente. Entro la fine dell'anno prevediamo oltre 49.400 nuove registrazioni. Le cancellazioni possono essere leggermente inferiori all'anno precedente, la crescita netta diminuisce quindi di circa 3,4 %.<\/p>\n<p><em>Fonte: <a href=\"http:\/\/www.creditreform.ch\">Creditreform<\/a><\/em><\/p>","protected":false},"excerpt":{"rendered":"<p>Die Konkurswelle rollt und rollt: Mit einem Plus von \u00fcber neun Prozent im Vergleich mit den Jahren 2018\/2019, also vor der Corona-Pandemie, erreicht diese einen neuen H\u00f6hepunkt. Die Gl\u00e4ubigerschutz-Organisation Creditreform erwartet bis Ende Jahr keine grossen Ver\u00e4nderungen mehr. Creditreform hatte seit Beginn der staatlichen Pandemiehilfen im Fr\u00fchjahr 2020 damit gerechnet, dass sogenannte Zombiefirmen damit nur [&hellip;]<\/p>\n","protected":false},"author":4,"featured_media":18214,"comment_status":"closed","ping_status":"closed","sticky":false,"template":"","format":"standard","meta":{"_acf_changed":false,"_yoast_wpseo_focuskw":"Konkurswelle","_yoast_wpseo_metadesc":"Gem\u00e4ss einer Analyse von Creditreform rollt die Konkurswelle mit unverminderter H\u00e4rte weiter. Es gab um \u00fcber 9 Prozent mehr Insolvenzen.","articlekey":"","footnotes":""},"categories":[24],"tags":[202,311,335],"class_list":["post-18213","post","type-post","status-publish","format-standard","has-post-thumbnail","hentry","category-finanzen_recht","tag-finanzenrecht","tag-konkurse","tag-management-und-unternehmensfuehrung"],"acf":[],"yoast_head":"<!-- This site is optimized with the Yoast SEO plugin v27.4 - https:\/\/yoast.com\/product\/yoast-seo-wordpress\/ -->\n<title>Die Konkurswelle trifft die Schweiz mit voller Wucht - Organisator<\/title>\n<meta name=\"description\" content=\"Gem\u00e4ss einer Analyse von Creditreform rollt die Konkurswelle mit unverminderter H\u00e4rte weiter. Es gab um \u00fcber 9 Prozent mehr Insolvenzen.\" \/>\n<meta name=\"robots\" content=\"index, follow, max-snippet:-1, max-image-preview:large, max-video-preview:-1\" \/>\n<link rel=\"canonical\" href=\"https:\/\/www.organisator.ch\/it\/gestione-2\/finanzen_recht\/2022-12-09\/die-konkurswelle-trifft-die-schweiz-mit-voller-wucht\/\" \/>\n<meta property=\"og:locale\" content=\"it_IT\" \/>\n<meta property=\"og:type\" content=\"article\" \/>\n<meta property=\"og:title\" content=\"Die Konkurswelle trifft die Schweiz mit voller Wucht\" \/>\n<meta property=\"og:description\" content=\"Gem\u00e4ss einer Analyse von Creditreform rollt die Konkurswelle mit unverminderter H\u00e4rte weiter. Es gab um \u00fcber 9 Prozent mehr Insolvenzen.\" \/>\n<meta property=\"og:url\" content=\"https:\/\/www.organisator.ch\/it\/gestione-2\/finanzen_recht\/2022-12-09\/die-konkurswelle-trifft-die-schweiz-mit-voller-wucht\/\" \/>\n<meta property=\"og:site_name\" content=\"Organisator\" \/>\n<meta property=\"article:publisher\" content=\"https:\/\/www.facebook.com\/OrganisatorFachmagazin\" \/>\n<meta property=\"article:published_time\" content=\"2022-12-09T10:55:47+00:00\" \/>\n<meta property=\"og:image\" content=\"https:\/\/www.organisator.ch\/wp-content\/uploads\/2022\/12\/Die-Konkurswelle-trifft-die-Schweiz-mit-voller-Wucht-1_Organisator.jpg\" \/>\n\t<meta property=\"og:image:width\" content=\"680\" \/>\n\t<meta property=\"og:image:height\" content=\"496\" \/>\n\t<meta property=\"og:image:type\" content=\"image\/jpeg\" \/>\n<meta name=\"author\" content=\"thomas.berner\" \/>\n<meta name=\"twitter:card\" content=\"summary_large_image\" \/>\n<meta name=\"twitter:title\" content=\"Die #Konkurswelle trifft die Schweiz mit voller Wucht\" \/>\n<meta name=\"twitter:description\" content=\"Gem\u00e4ss einer Analyse von #Creditreform rollt die #Konkurswelle mit unverminderter H\u00e4rte weiter. Es gab um \u00fcber 9 Prozent mehr #Insolvenzen.\" \/>\n<meta name=\"twitter:image\" content=\"https:\/\/www.organisator.ch\/wp-content\/uploads\/2022\/12\/Die-Konkurswelle-trifft-die-Schweiz-mit-voller-Wucht-1_Organisator.jpg\" \/>\n<script type=\"application\/ld+json\" class=\"yoast-schema-graph\">{\"@context\":\"https:\\\/\\\/schema.org\",\"@graph\":[{\"@type\":\"Article\",\"@id\":\"https:\\\/\\\/www.organisator.ch\\\/management\\\/finanzen_recht\\\/2022-12-09\\\/die-konkurswelle-trifft-die-schweiz-mit-voller-wucht\\\/#article\",\"isPartOf\":{\"@id\":\"https:\\\/\\\/www.organisator.ch\\\/management\\\/finanzen_recht\\\/2022-12-09\\\/die-konkurswelle-trifft-die-schweiz-mit-voller-wucht\\\/\"},\"author\":{\"name\":\"thomas.berner\",\"@id\":\"https:\\\/\\\/www.organisator.ch\\\/#\\\/schema\\\/person\\\/6f650f90b2842cd4c0cc334b4e36f67e\"},\"headline\":\"Die Konkurswelle trifft die Schweiz mit voller Wucht\",\"datePublished\":\"2022-12-09T10:55:47+00:00\",\"mainEntityOfPage\":{\"@id\":\"https:\\\/\\\/www.organisator.ch\\\/management\\\/finanzen_recht\\\/2022-12-09\\\/die-konkurswelle-trifft-die-schweiz-mit-voller-wucht\\\/\"},\"wordCount\":468,\"publisher\":{\"@id\":\"https:\\\/\\\/www.organisator.ch\\\/#organization\"},\"image\":{\"@id\":\"https:\\\/\\\/www.organisator.ch\\\/management\\\/finanzen_recht\\\/2022-12-09\\\/die-konkurswelle-trifft-die-schweiz-mit-voller-wucht\\\/#primaryimage\"},\"thumbnailUrl\":\"https:\\\/\\\/www.organisator.ch\\\/wp-content\\\/uploads\\\/2022\\\/12\\\/Die-Konkurswelle-trifft-die-Schweiz-mit-voller-Wucht-1_Organisator.jpg\",\"keywords\":[\"Finanzen\\\/Recht\",\"Konkurse\",\"Management und Unternehmensf\u00fchrung\"],\"articleSection\":[\"FINANZEN\\\/RECHT\"],\"inLanguage\":\"it-IT\"},{\"@type\":\"WebPage\",\"@id\":\"https:\\\/\\\/www.organisator.ch\\\/management\\\/finanzen_recht\\\/2022-12-09\\\/die-konkurswelle-trifft-die-schweiz-mit-voller-wucht\\\/\",\"url\":\"https:\\\/\\\/www.organisator.ch\\\/management\\\/finanzen_recht\\\/2022-12-09\\\/die-konkurswelle-trifft-die-schweiz-mit-voller-wucht\\\/\",\"name\":\"Die Konkurswelle trifft die Schweiz mit voller Wucht - Organisator\",\"isPartOf\":{\"@id\":\"https:\\\/\\\/www.organisator.ch\\\/#website\"},\"primaryImageOfPage\":{\"@id\":\"https:\\\/\\\/www.organisator.ch\\\/management\\\/finanzen_recht\\\/2022-12-09\\\/die-konkurswelle-trifft-die-schweiz-mit-voller-wucht\\\/#primaryimage\"},\"image\":{\"@id\":\"https:\\\/\\\/www.organisator.ch\\\/management\\\/finanzen_recht\\\/2022-12-09\\\/die-konkurswelle-trifft-die-schweiz-mit-voller-wucht\\\/#primaryimage\"},\"thumbnailUrl\":\"https:\\\/\\\/www.organisator.ch\\\/wp-content\\\/uploads\\\/2022\\\/12\\\/Die-Konkurswelle-trifft-die-Schweiz-mit-voller-Wucht-1_Organisator.jpg\",\"datePublished\":\"2022-12-09T10:55:47+00:00\",\"description\":\"Gem\u00e4ss einer Analyse von Creditreform rollt die Konkurswelle mit unverminderter H\u00e4rte weiter. Es gab um \u00fcber 9 Prozent mehr Insolvenzen.\",\"breadcrumb\":{\"@id\":\"https:\\\/\\\/www.organisator.ch\\\/management\\\/finanzen_recht\\\/2022-12-09\\\/die-konkurswelle-trifft-die-schweiz-mit-voller-wucht\\\/#breadcrumb\"},\"inLanguage\":\"it-IT\",\"potentialAction\":[{\"@type\":\"ReadAction\",\"target\":[\"https:\\\/\\\/www.organisator.ch\\\/management\\\/finanzen_recht\\\/2022-12-09\\\/die-konkurswelle-trifft-die-schweiz-mit-voller-wucht\\\/\"]}]},{\"@type\":\"ImageObject\",\"inLanguage\":\"it-IT\",\"@id\":\"https:\\\/\\\/www.organisator.ch\\\/management\\\/finanzen_recht\\\/2022-12-09\\\/die-konkurswelle-trifft-die-schweiz-mit-voller-wucht\\\/#primaryimage\",\"url\":\"https:\\\/\\\/www.organisator.ch\\\/wp-content\\\/uploads\\\/2022\\\/12\\\/Die-Konkurswelle-trifft-die-Schweiz-mit-voller-Wucht-1_Organisator.jpg\",\"contentUrl\":\"https:\\\/\\\/www.organisator.ch\\\/wp-content\\\/uploads\\\/2022\\\/12\\\/Die-Konkurswelle-trifft-die-Schweiz-mit-voller-Wucht-1_Organisator.jpg\",\"width\":680,\"height\":496,\"caption\":\"Gl\u00e4ubiger stehen im Regen: Die Konkurswelle rollt unaufh\u00f6rlich weiter. (Bild: Pixabay.com)\"},{\"@type\":\"BreadcrumbList\",\"@id\":\"https:\\\/\\\/www.organisator.ch\\\/management\\\/finanzen_recht\\\/2022-12-09\\\/die-konkurswelle-trifft-die-schweiz-mit-voller-wucht\\\/#breadcrumb\",\"itemListElement\":[{\"@type\":\"ListItem\",\"position\":1,\"name\":\"Home\",\"item\":\"https:\\\/\\\/www.organisator.ch\\\/\"},{\"@type\":\"ListItem\",\"position\":2,\"name\":\"Die Konkurswelle trifft die Schweiz mit voller Wucht\"}]},{\"@type\":\"WebSite\",\"@id\":\"https:\\\/\\\/www.organisator.ch\\\/#website\",\"url\":\"https:\\\/\\\/www.organisator.ch\\\/\",\"name\":\"Organisator\",\"description\":\"Kompetent. Praxisnah. Der ORGANISATOR bereitet in 10 Ausgaben pro Jahr die wesentlichen Themen f\u00fcr F\u00fchrungskr\u00e4fte von KMU auf.\",\"publisher\":{\"@id\":\"https:\\\/\\\/www.organisator.ch\\\/#organization\"},\"potentialAction\":[{\"@type\":\"SearchAction\",\"target\":{\"@type\":\"EntryPoint\",\"urlTemplate\":\"https:\\\/\\\/www.organisator.ch\\\/?s={search_term_string}\"},\"query-input\":{\"@type\":\"PropertyValueSpecification\",\"valueRequired\":true,\"valueName\":\"search_term_string\"}}],\"inLanguage\":\"it-IT\"},{\"@type\":\"Organization\",\"@id\":\"https:\\\/\\\/www.organisator.ch\\\/#organization\",\"name\":\"Organisator\",\"url\":\"https:\\\/\\\/www.organisator.ch\\\/\",\"logo\":{\"@type\":\"ImageObject\",\"inLanguage\":\"it-IT\",\"@id\":\"https:\\\/\\\/www.organisator.ch\\\/#\\\/schema\\\/logo\\\/image\\\/\",\"url\":\"https:\\\/\\\/www.organisator.ch\\\/wp-content\\\/uploads\\\/2022\\\/01\\\/Logo_Organisator_Website.png\",\"contentUrl\":\"https:\\\/\\\/www.organisator.ch\\\/wp-content\\\/uploads\\\/2022\\\/01\\\/Logo_Organisator_Website.png\",\"width\":800,\"height\":77,\"caption\":\"Organisator\"},\"image\":{\"@id\":\"https:\\\/\\\/www.organisator.ch\\\/#\\\/schema\\\/logo\\\/image\\\/\"},\"sameAs\":[\"https:\\\/\\\/www.facebook.com\\\/OrganisatorFachmagazin\",\"https:\\\/\\\/www.linkedin.com\\\/showcase\\\/organisator-das-magazin-fr-kmu\",\"https:\\\/\\\/www.xing.com\\\/news\\\/pages\\\/organisator-ch-695\",\"https:\\\/\\\/www.youtube.com\\\/channel\\\/UCGP2Sq0iWaZwT3BdIAQFYpw\"]},{\"@type\":\"Person\",\"@id\":\"https:\\\/\\\/www.organisator.ch\\\/#\\\/schema\\\/person\\\/6f650f90b2842cd4c0cc334b4e36f67e\",\"name\":\"thomas.berner\",\"image\":{\"@type\":\"ImageObject\",\"inLanguage\":\"it-IT\",\"@id\":\"https:\\\/\\\/secure.gravatar.com\\\/avatar\\\/ac5001d2a36cb6c6cd3e50789007ffca834b477b74a2144564522e944eabff61?s=96&d=mm&r=g\",\"url\":\"https:\\\/\\\/secure.gravatar.com\\\/avatar\\\/ac5001d2a36cb6c6cd3e50789007ffca834b477b74a2144564522e944eabff61?s=96&d=mm&r=g\",\"contentUrl\":\"https:\\\/\\\/secure.gravatar.com\\\/avatar\\\/ac5001d2a36cb6c6cd3e50789007ffca834b477b74a2144564522e944eabff61?s=96&d=mm&r=g\",\"caption\":\"thomas.berner\"},\"url\":\"https:\\\/\\\/www.organisator.ch\\\/it\\\/author\\\/thomas-berner\\\/\"}]}<\/script>\n<!-- \/ Yoast SEO plugin. -->","yoast_head_json":{"title":"L'ondata di fallimenti colpisce la Svizzera con forza - Organizzatore","description":"Secondo un'analisi di Creditreform, l'ondata di fallimenti continua a crescere senza sosta. Il numero di insolvenze \u00e8 aumentato di oltre il 9%.","robots":{"index":"index","follow":"follow","max-snippet":"max-snippet:-1","max-image-preview":"max-image-preview:large","max-video-preview":"max-video-preview:-1"},"canonical":"https:\/\/www.organisator.ch\/it\/gestione-2\/finanzen_recht\/2022-12-09\/die-konkurswelle-trifft-die-schweiz-mit-voller-wucht\/","og_locale":"it_IT","og_type":"article","og_title":"Die Konkurswelle trifft die Schweiz mit voller Wucht","og_description":"Gem\u00e4ss einer Analyse von Creditreform rollt die Konkurswelle mit unverminderter H\u00e4rte weiter. Es gab um \u00fcber 9 Prozent mehr Insolvenzen.","og_url":"https:\/\/www.organisator.ch\/it\/gestione-2\/finanzen_recht\/2022-12-09\/die-konkurswelle-trifft-die-schweiz-mit-voller-wucht\/","og_site_name":"Organisator","article_publisher":"https:\/\/www.facebook.com\/OrganisatorFachmagazin","article_published_time":"2022-12-09T10:55:47+00:00","og_image":[{"width":680,"height":496,"url":"https:\/\/www.organisator.ch\/wp-content\/uploads\/2022\/12\/Die-Konkurswelle-trifft-die-Schweiz-mit-voller-Wucht-1_Organisator.jpg","type":"image\/jpeg"}],"author":"thomas.berner","twitter_card":"summary_large_image","twitter_title":"Die #Konkurswelle trifft die Schweiz mit voller Wucht","twitter_description":"Gem\u00e4ss einer Analyse von #Creditreform rollt die #Konkurswelle mit unverminderter H\u00e4rte weiter. Es gab um \u00fcber 9 Prozent mehr #Insolvenzen.","twitter_image":"https:\/\/www.organisator.ch\/wp-content\/uploads\/2022\/12\/Die-Konkurswelle-trifft-die-Schweiz-mit-voller-Wucht-1_Organisator.jpg","schema":{"@context":"https:\/\/schema.org","@graph":[{"@type":"Article","@id":"https:\/\/www.organisator.ch\/management\/finanzen_recht\/2022-12-09\/die-konkurswelle-trifft-die-schweiz-mit-voller-wucht\/#article","isPartOf":{"@id":"https:\/\/www.organisator.ch\/management\/finanzen_recht\/2022-12-09\/die-konkurswelle-trifft-die-schweiz-mit-voller-wucht\/"},"author":{"name":"thomas.berner","@id":"https:\/\/www.organisator.ch\/#\/schema\/person\/6f650f90b2842cd4c0cc334b4e36f67e"},"headline":"Die Konkurswelle trifft die Schweiz mit voller Wucht","datePublished":"2022-12-09T10:55:47+00:00","mainEntityOfPage":{"@id":"https:\/\/www.organisator.ch\/management\/finanzen_recht\/2022-12-09\/die-konkurswelle-trifft-die-schweiz-mit-voller-wucht\/"},"wordCount":468,"publisher":{"@id":"https:\/\/www.organisator.ch\/#organization"},"image":{"@id":"https:\/\/www.organisator.ch\/management\/finanzen_recht\/2022-12-09\/die-konkurswelle-trifft-die-schweiz-mit-voller-wucht\/#primaryimage"},"thumbnailUrl":"https:\/\/www.organisator.ch\/wp-content\/uploads\/2022\/12\/Die-Konkurswelle-trifft-die-Schweiz-mit-voller-Wucht-1_Organisator.jpg","keywords":["Finanzen\/Recht","Konkurse","Management und Unternehmensf\u00fchrung"],"articleSection":["FINANZEN\/RECHT"],"inLanguage":"it-IT"},{"@type":"WebPage","@id":"https:\/\/www.organisator.ch\/management\/finanzen_recht\/2022-12-09\/die-konkurswelle-trifft-die-schweiz-mit-voller-wucht\/","url":"https:\/\/www.organisator.ch\/management\/finanzen_recht\/2022-12-09\/die-konkurswelle-trifft-die-schweiz-mit-voller-wucht\/","name":"L'ondata di fallimenti colpisce la Svizzera con forza - Organizzatore","isPartOf":{"@id":"https:\/\/www.organisator.ch\/#website"},"primaryImageOfPage":{"@id":"https:\/\/www.organisator.ch\/management\/finanzen_recht\/2022-12-09\/die-konkurswelle-trifft-die-schweiz-mit-voller-wucht\/#primaryimage"},"image":{"@id":"https:\/\/www.organisator.ch\/management\/finanzen_recht\/2022-12-09\/die-konkurswelle-trifft-die-schweiz-mit-voller-wucht\/#primaryimage"},"thumbnailUrl":"https:\/\/www.organisator.ch\/wp-content\/uploads\/2022\/12\/Die-Konkurswelle-trifft-die-Schweiz-mit-voller-Wucht-1_Organisator.jpg","datePublished":"2022-12-09T10:55:47+00:00","description":"Secondo un'analisi di Creditreform, l'ondata di fallimenti continua a crescere senza sosta. Il numero di insolvenze \u00e8 aumentato di oltre il 9%.","breadcrumb":{"@id":"https:\/\/www.organisator.ch\/management\/finanzen_recht\/2022-12-09\/die-konkurswelle-trifft-die-schweiz-mit-voller-wucht\/#breadcrumb"},"inLanguage":"it-IT","potentialAction":[{"@type":"ReadAction","target":["https:\/\/www.organisator.ch\/management\/finanzen_recht\/2022-12-09\/die-konkurswelle-trifft-die-schweiz-mit-voller-wucht\/"]}]},{"@type":"ImageObject","inLanguage":"it-IT","@id":"https:\/\/www.organisator.ch\/management\/finanzen_recht\/2022-12-09\/die-konkurswelle-trifft-die-schweiz-mit-voller-wucht\/#primaryimage","url":"https:\/\/www.organisator.ch\/wp-content\/uploads\/2022\/12\/Die-Konkurswelle-trifft-die-Schweiz-mit-voller-Wucht-1_Organisator.jpg","contentUrl":"https:\/\/www.organisator.ch\/wp-content\/uploads\/2022\/12\/Die-Konkurswelle-trifft-die-Schweiz-mit-voller-Wucht-1_Organisator.jpg","width":680,"height":496,"caption":"Gl\u00e4ubiger stehen im Regen: Die Konkurswelle rollt unaufh\u00f6rlich weiter. (Bild: Pixabay.com)"},{"@type":"BreadcrumbList","@id":"https:\/\/www.organisator.ch\/management\/finanzen_recht\/2022-12-09\/die-konkurswelle-trifft-die-schweiz-mit-voller-wucht\/#breadcrumb","itemListElement":[{"@type":"ListItem","position":1,"name":"Home","item":"https:\/\/www.organisator.ch\/"},{"@type":"ListItem","position":2,"name":"Die Konkurswelle trifft die Schweiz mit voller Wucht"}]},{"@type":"WebSite","@id":"https:\/\/www.organisator.ch\/#website","url":"https:\/\/www.organisator.ch\/","name":"Organizzatore","description":"Competente. Pratico. In 10 numeri all'anno, ORGANISATOR presenta i temi essenziali per i manager delle PMI.","publisher":{"@id":"https:\/\/www.organisator.ch\/#organization"},"potentialAction":[{"@type":"SearchAction","target":{"@type":"EntryPoint","urlTemplate":"https:\/\/www.organisator.ch\/?s={search_term_string}"},"query-input":{"@type":"PropertyValueSpecification","valueRequired":true,"valueName":"search_term_string"}}],"inLanguage":"it-IT"},{"@type":"Organization","@id":"https:\/\/www.organisator.ch\/#organization","name":"Organizzatore","url":"https:\/\/www.organisator.ch\/","logo":{"@type":"ImageObject","inLanguage":"it-IT","@id":"https:\/\/www.organisator.ch\/#\/schema\/logo\/image\/","url":"https:\/\/www.organisator.ch\/wp-content\/uploads\/2022\/01\/Logo_Organisator_Website.png","contentUrl":"https:\/\/www.organisator.ch\/wp-content\/uploads\/2022\/01\/Logo_Organisator_Website.png","width":800,"height":77,"caption":"Organisator"},"image":{"@id":"https:\/\/www.organisator.ch\/#\/schema\/logo\/image\/"},"sameAs":["https:\/\/www.facebook.com\/OrganisatorFachmagazin","https:\/\/www.linkedin.com\/showcase\/organisator-das-magazin-fr-kmu","https:\/\/www.xing.com\/news\/pages\/organisator-ch-695","https:\/\/www.youtube.com\/channel\/UCGP2Sq0iWaZwT3BdIAQFYpw"]},{"@type":"Person","@id":"https:\/\/www.organisator.ch\/#\/schema\/person\/6f650f90b2842cd4c0cc334b4e36f67e","name":"Tommaso.berner","image":{"@type":"ImageObject","inLanguage":"it-IT","@id":"https:\/\/secure.gravatar.com\/avatar\/ac5001d2a36cb6c6cd3e50789007ffca834b477b74a2144564522e944eabff61?s=96&d=mm&r=g","url":"https:\/\/secure.gravatar.com\/avatar\/ac5001d2a36cb6c6cd3e50789007ffca834b477b74a2144564522e944eabff61?s=96&d=mm&r=g","contentUrl":"https:\/\/secure.gravatar.com\/avatar\/ac5001d2a36cb6c6cd3e50789007ffca834b477b74a2144564522e944eabff61?s=96&d=mm&r=g","caption":"thomas.berner"},"url":"https:\/\/www.organisator.ch\/it\/author\/thomas-berner\/"}]}},"_links":{"self":[{"href":"https:\/\/www.organisator.ch\/it\/wp-json\/wp\/v2\/posts\/18213","targetHints":{"allow":["GET"]}}],"collection":[{"href":"https:\/\/www.organisator.ch\/it\/wp-json\/wp\/v2\/posts"}],"about":[{"href":"https:\/\/www.organisator.ch\/it\/wp-json\/wp\/v2\/types\/post"}],"author":[{"embeddable":true,"href":"https:\/\/www.organisator.ch\/it\/wp-json\/wp\/v2\/users\/4"}],"replies":[{"embeddable":true,"href":"https:\/\/www.organisator.ch\/it\/wp-json\/wp\/v2\/comments?post=18213"}],"version-history":[{"count":1,"href":"https:\/\/www.organisator.ch\/it\/wp-json\/wp\/v2\/posts\/18213\/revisions"}],"predecessor-version":[{"id":18216,"href":"https:\/\/www.organisator.ch\/it\/wp-json\/wp\/v2\/posts\/18213\/revisions\/18216"}],"wp:featuredmedia":[{"embeddable":true,"href":"https:\/\/www.organisator.ch\/it\/wp-json\/wp\/v2\/media\/18214"}],"wp:attachment":[{"href":"https:\/\/www.organisator.ch\/it\/wp-json\/wp\/v2\/media?parent=18213"}],"wp:term":[{"taxonomy":"category","embeddable":true,"href":"https:\/\/www.organisator.ch\/it\/wp-json\/wp\/v2\/categories?post=18213"},{"taxonomy":"post_tag","embeddable":true,"href":"https:\/\/www.organisator.ch\/it\/wp-json\/wp\/v2\/tags?post=18213"}],"curies":[{"name":"wp","href":"https:\/\/api.w.org\/{rel}","templated":true}]}}