{"id":1823,"date":"2017-04-26T09:29:58","date_gmt":"2017-04-26T07:29:58","guid":{"rendered":"https:\/\/www.organisator.ch\/?p=1823"},"modified":"2017-04-26T09:29:58","modified_gmt":"2017-04-26T07:29:58","slug":"erstmals-veroeffentlicht-global-family-business-tax-monitor","status":"publish","type":"post","link":"https:\/\/www.organisator.ch\/it\/management\/finanzen_recht\/2017-04-26\/erstmals-veroeffentlicht-global-family-business-tax-monitor\/","title":{"rendered":"Pubblicato per la prima volta: \"Global Family Business Tax Monitor"},"content":{"rendered":"<figure id=\"attachment_1825\" aria-describedby=\"caption-attachment-1825\" style=\"width: 650px\" class=\"wp-caption alignnone\"><img loading=\"lazy\" decoding=\"async\" class=\"size-full wp-image-1825\" src=\"https:\/\/www.organisator.ch\/wp-content\/uploads\/2017\/04\/Erstmals-veroeffentlicht-Global-Family-Business-Tax-Monitor_Organisator.jpg\" alt=\"\" width=\"650\" height=\"475\" srcset=\"https:\/\/www.organisator.ch\/wp-content\/uploads\/2017\/04\/Erstmals-veroeffentlicht-Global-Family-Business-Tax-Monitor_Organisator.jpg 650w, https:\/\/www.organisator.ch\/wp-content\/uploads\/2017\/04\/Erstmals-veroeffentlicht-Global-Family-Business-Tax-Monitor_Organisator-16x12.jpg 16w, https:\/\/www.organisator.ch\/wp-content\/uploads\/2017\/04\/Erstmals-veroeffentlicht-Global-Family-Business-Tax-Monitor_Organisator-239x175.jpg 239w, https:\/\/www.organisator.ch\/wp-content\/uploads\/2017\/04\/Erstmals-veroeffentlicht-Global-Family-Business-Tax-Monitor_Organisator-479x350.jpg 479w, https:\/\/www.organisator.ch\/wp-content\/uploads\/2017\/04\/Erstmals-veroeffentlicht-Global-Family-Business-Tax-Monitor_Organisator-300x219.jpg 300w\" sizes=\"auto, (max-width: 650px) 100vw, 650px\" \/><figcaption id=\"caption-attachment-1825\" class=\"wp-caption-text\">Estratto di copertina del Global Family Business Tax Monitor. (Immagine: www.familybusinesstaxindex.com)<\/figcaption><\/figure>\n<p>Le imprese familiari sono un elemento importante della vita economica di quasi tutti i Paesi del mondo. Per loro, la regolamentazione della successione aziendale gioca un ruolo particolarmente importante e, a seconda dei casi, anche le imposte di successione. Le imposte di successione possono essere decisive per stabilire se e come un'azienda passa alla generazione successiva della famiglia. Sorge quindi la domanda: chi paga pi\u00f9 tasse di successione nel mondo e chi ne paga meno?<\/p>\n<p>Il Centro per le imprese familiari dell'Universit\u00e0 di San Gallo (<a href=\"http:\/\/www.cfb.unisg.ch\/\">CFB-HSG<\/a>) ha, per rispondere a queste domande, insieme a <a href=\"https:\/\/familybusiness.ey-vx.com\/home\/home.aspx\">EY<\/a> ha pubblicato per la prima volta il \"Global Family Business Tax Monitor\". I risultati del progetto di ricerca mostrano un confronto a livello mondiale delle imposte di successione risultanti in 69 Paesi del mondo sulla base di un caso standardizzato di successione aziendale in imprese familiari.<\/p>\n<p>Sul sito web sono disponibili molte altre informazioni:<\/p>\n<ul>\n<li>Una mappa mondiale interattiva mostra a colpo d'occhio le imposte di successione minime e massime del rispettivo Paese, le imposte di successione nel caso di successione standardizzata e il sistema giuridico applicabile.<\/li>\n<li>Diversi indicatori economici vengono confrontati con le rispettive aliquote fiscali massime.<\/li>\n<li>I sistemi giuridici vengono confrontati nel contesto delle imposte di successione che ne derivano.<\/li>\n<li>Una tabella ordinabile e ricercabile riassume i risultati dei Paesi studiati.<\/li>\n<\/ul>\n<p>Il sito web (disponibile solo in inglese) si trova alla voce <a href=\"http:\/\/familybusinesstaxindex.com\/\">http:\/\/familybusinesstaxindex.com\/<\/a><\/p>","protected":false},"excerpt":{"rendered":"<p>Familienunternehmen sind ein wichtiges Element des Wirtschaftslebens in praktisch allen L\u00e4ndern dieser Welt. F\u00fcr sie spielt die Regelung der Unternehmensnachfolge eine besonders bedeutende Rolle, und je nach Fall eben auch die Erbschaftssteuern. Erbschaftssteuern k\u00f6nnen entscheidend daf\u00fcr sein, ob und wie ein Unternehmen den Weg in die n\u00e4chste Generation der Familie findet.\u00a0Die Frage stellt sich deshalb:\u00a0Wer [&hellip;]<\/p>\n","protected":false},"author":4,"featured_media":1825,"comment_status":"open","ping_status":"open","sticky":false,"template":"","format":"standard","meta":{"_acf_changed":false,"_yoast_wpseo_focuskw":"Family Business","_yoast_wpseo_metadesc":"Das Center for Family Business der Universit\u00e4t St.Gallen (CFB-HSG) hat zusammen mit EY erstmals den \u00abGlobal Family Business Tax Monitor\u00bb ver\u00f6ffentlicht.","articlekey":"","footnotes":""},"categories":[24],"tags":[196,202,207,334],"class_list":["post-1823","post","type-post","status-publish","format-standard","has-post-thumbnail","hentry","category-finanzen_recht","tag-familienunternehmen","tag-finanzenrecht","tag-firmennachfolge","tag-management"],"acf":[],"yoast_head":"<!-- This site is optimized with the Yoast SEO plugin v27.5 - https:\/\/yoast.com\/product\/yoast-seo-wordpress\/ -->\n<title>Erstmals ver\u00f6ffentlicht: \u00abGlobal Family Business Tax Monitor\u00bb - Organisator<\/title>\n<meta name=\"description\" content=\"Das Center for Family Business der Universit\u00e4t St.Gallen (CFB-HSG) hat zusammen mit EY erstmals den \u00abGlobal Family Business Tax Monitor\u00bb ver\u00f6ffentlicht.\" \/>\n<meta name=\"robots\" content=\"index, follow, max-snippet:-1, max-image-preview:large, max-video-preview:-1\" \/>\n<link rel=\"canonical\" href=\"https:\/\/www.organisator.ch\/it\/gestione-2\/finanzen_recht\/2017-04-26\/erstmals-veroeffentlicht-global-family-business-tax-monitor\/\" \/>\n<meta property=\"og:locale\" content=\"it_IT\" \/>\n<meta property=\"og:type\" content=\"article\" \/>\n<meta property=\"og:title\" content=\"\u00abGlobal Family Business Tax Monitor\u00bb\" \/>\n<meta property=\"og:description\" content=\"Das Center for Family Business der Universit\u00e4t St.Gallen (#CFB-HSG) hat zusammen mit #EY erstmals den \u00abGlobal Family Business Tax Monitor\u00bb ver\u00f6ffentlicht.\" \/>\n<meta property=\"og:url\" content=\"https:\/\/www.organisator.ch\/it\/gestione-2\/finanzen_recht\/2017-04-26\/erstmals-veroeffentlicht-global-family-business-tax-monitor\/\" \/>\n<meta property=\"og:site_name\" content=\"Organisator\" \/>\n<meta property=\"article:publisher\" content=\"https:\/\/www.facebook.com\/OrganisatorFachmagazin\" \/>\n<meta property=\"article:published_time\" content=\"2017-04-26T07:29:58+00:00\" \/>\n<meta property=\"og:image\" content=\"https:\/\/www.organisator.ch\/wp-content\/uploads\/2017\/04\/Erstmals-veroeffentlicht-Global-Family-Business-Tax-Monitor_Organisator.jpg\" \/>\n\t<meta property=\"og:image:width\" content=\"650\" \/>\n\t<meta property=\"og:image:height\" content=\"475\" \/>\n\t<meta property=\"og:image:type\" content=\"image\/jpeg\" \/>\n<meta name=\"author\" content=\"thomas.berner\" \/>\n<meta name=\"twitter:card\" content=\"summary_large_image\" \/>\n<meta name=\"twitter:title\" content=\"Erstmals ver\u00f6ffentlicht: \u00abGlobal Family Business Tax Monitor\u00bb #GlobalFamilyBusinessTaxMonitor\" \/>\n<meta name=\"twitter:description\" content=\"Das #CenterforFamilyBusiness der Universit\u00e4t St.Gallen (#CFB-HSG) hat zusammen mit #EY erstmals den \u00abGlobal Family Business Tax Monitor\u00bb ver\u00f6ffentlicht.\" \/>\n<meta name=\"twitter:image\" content=\"https:\/\/www.organisator.ch\/wp-content\/uploads\/2017\/04\/Erstmals-ver\u00f6ffentlicht-Global-Family-Business-Tax-Monitor_Organisator.jpg\" \/>\n<script type=\"application\/ld+json\" class=\"yoast-schema-graph\">{\"@context\":\"https:\\\/\\\/schema.org\",\"@graph\":[{\"@type\":\"Article\",\"@id\":\"https:\\\/\\\/www.organisator.ch\\\/management\\\/finanzen_recht\\\/2017-04-26\\\/erstmals-veroeffentlicht-global-family-business-tax-monitor\\\/#article\",\"isPartOf\":{\"@id\":\"https:\\\/\\\/www.organisator.ch\\\/management\\\/finanzen_recht\\\/2017-04-26\\\/erstmals-veroeffentlicht-global-family-business-tax-monitor\\\/\"},\"author\":{\"name\":\"thomas.berner\",\"@id\":\"https:\\\/\\\/www.organisator.ch\\\/#\\\/schema\\\/person\\\/6f650f90b2842cd4c0cc334b4e36f67e\"},\"headline\":\"Erstmals ver\u00f6ffentlicht: \u00abGlobal Family Business Tax Monitor\u00bb\",\"datePublished\":\"2017-04-26T07:29:58+00:00\",\"mainEntityOfPage\":{\"@id\":\"https:\\\/\\\/www.organisator.ch\\\/management\\\/finanzen_recht\\\/2017-04-26\\\/erstmals-veroeffentlicht-global-family-business-tax-monitor\\\/\"},\"wordCount\":242,\"commentCount\":0,\"publisher\":{\"@id\":\"https:\\\/\\\/www.organisator.ch\\\/#organization\"},\"image\":{\"@id\":\"https:\\\/\\\/www.organisator.ch\\\/management\\\/finanzen_recht\\\/2017-04-26\\\/erstmals-veroeffentlicht-global-family-business-tax-monitor\\\/#primaryimage\"},\"thumbnailUrl\":\"https:\\\/\\\/www.organisator.ch\\\/wp-content\\\/uploads\\\/2017\\\/04\\\/Erstmals-veroeffentlicht-Global-Family-Business-Tax-Monitor_Organisator.jpg\",\"keywords\":[\"Familienunternehmen\",\"Finanzen\\\/Recht\",\"Firmennachfolge\",\"Management\"],\"articleSection\":[\"FINANZEN\\\/RECHT\"],\"inLanguage\":\"it-IT\"},{\"@type\":\"WebPage\",\"@id\":\"https:\\\/\\\/www.organisator.ch\\\/management\\\/finanzen_recht\\\/2017-04-26\\\/erstmals-veroeffentlicht-global-family-business-tax-monitor\\\/\",\"url\":\"https:\\\/\\\/www.organisator.ch\\\/management\\\/finanzen_recht\\\/2017-04-26\\\/erstmals-veroeffentlicht-global-family-business-tax-monitor\\\/\",\"name\":\"Erstmals ver\u00f6ffentlicht: \u00abGlobal Family Business Tax Monitor\u00bb - Organisator\",\"isPartOf\":{\"@id\":\"https:\\\/\\\/www.organisator.ch\\\/#website\"},\"primaryImageOfPage\":{\"@id\":\"https:\\\/\\\/www.organisator.ch\\\/management\\\/finanzen_recht\\\/2017-04-26\\\/erstmals-veroeffentlicht-global-family-business-tax-monitor\\\/#primaryimage\"},\"image\":{\"@id\":\"https:\\\/\\\/www.organisator.ch\\\/management\\\/finanzen_recht\\\/2017-04-26\\\/erstmals-veroeffentlicht-global-family-business-tax-monitor\\\/#primaryimage\"},\"thumbnailUrl\":\"https:\\\/\\\/www.organisator.ch\\\/wp-content\\\/uploads\\\/2017\\\/04\\\/Erstmals-veroeffentlicht-Global-Family-Business-Tax-Monitor_Organisator.jpg\",\"datePublished\":\"2017-04-26T07:29:58+00:00\",\"description\":\"Das Center for Family Business der Universit\u00e4t St.Gallen (CFB-HSG) hat zusammen mit EY erstmals den \u00abGlobal Family Business Tax Monitor\u00bb ver\u00f6ffentlicht.\",\"breadcrumb\":{\"@id\":\"https:\\\/\\\/www.organisator.ch\\\/management\\\/finanzen_recht\\\/2017-04-26\\\/erstmals-veroeffentlicht-global-family-business-tax-monitor\\\/#breadcrumb\"},\"inLanguage\":\"it-IT\",\"potentialAction\":[{\"@type\":\"ReadAction\",\"target\":[\"https:\\\/\\\/www.organisator.ch\\\/management\\\/finanzen_recht\\\/2017-04-26\\\/erstmals-veroeffentlicht-global-family-business-tax-monitor\\\/\"]}]},{\"@type\":\"ImageObject\",\"inLanguage\":\"it-IT\",\"@id\":\"https:\\\/\\\/www.organisator.ch\\\/management\\\/finanzen_recht\\\/2017-04-26\\\/erstmals-veroeffentlicht-global-family-business-tax-monitor\\\/#primaryimage\",\"url\":\"https:\\\/\\\/www.organisator.ch\\\/wp-content\\\/uploads\\\/2017\\\/04\\\/Erstmals-veroeffentlicht-Global-Family-Business-Tax-Monitor_Organisator.jpg\",\"contentUrl\":\"https:\\\/\\\/www.organisator.ch\\\/wp-content\\\/uploads\\\/2017\\\/04\\\/Erstmals-veroeffentlicht-Global-Family-Business-Tax-Monitor_Organisator.jpg\",\"width\":650,\"height\":475,\"caption\":\"Titelblatt-Ausschnitt aus dem Family Business Tax Monitor. (Bild: www.familytaxmonitor.com)\"},{\"@type\":\"BreadcrumbList\",\"@id\":\"https:\\\/\\\/www.organisator.ch\\\/management\\\/finanzen_recht\\\/2017-04-26\\\/erstmals-veroeffentlicht-global-family-business-tax-monitor\\\/#breadcrumb\",\"itemListElement\":[{\"@type\":\"ListItem\",\"position\":1,\"name\":\"Home\",\"item\":\"https:\\\/\\\/www.organisator.ch\\\/\"},{\"@type\":\"ListItem\",\"position\":2,\"name\":\"Erstmals ver\u00f6ffentlicht: \u00abGlobal Family Business Tax Monitor\u00bb\"}]},{\"@type\":\"WebSite\",\"@id\":\"https:\\\/\\\/www.organisator.ch\\\/#website\",\"url\":\"https:\\\/\\\/www.organisator.ch\\\/\",\"name\":\"Organisator\",\"description\":\"Kompetent. Praxisnah. Der ORGANISATOR bereitet in 10 Ausgaben pro Jahr die wesentlichen Themen f\u00fcr F\u00fchrungskr\u00e4fte von KMU auf.\",\"publisher\":{\"@id\":\"https:\\\/\\\/www.organisator.ch\\\/#organization\"},\"potentialAction\":[{\"@type\":\"SearchAction\",\"target\":{\"@type\":\"EntryPoint\",\"urlTemplate\":\"https:\\\/\\\/www.organisator.ch\\\/?s={search_term_string}\"},\"query-input\":{\"@type\":\"PropertyValueSpecification\",\"valueRequired\":true,\"valueName\":\"search_term_string\"}}],\"inLanguage\":\"it-IT\"},{\"@type\":\"Organization\",\"@id\":\"https:\\\/\\\/www.organisator.ch\\\/#organization\",\"name\":\"Organisator\",\"url\":\"https:\\\/\\\/www.organisator.ch\\\/\",\"logo\":{\"@type\":\"ImageObject\",\"inLanguage\":\"it-IT\",\"@id\":\"https:\\\/\\\/www.organisator.ch\\\/#\\\/schema\\\/logo\\\/image\\\/\",\"url\":\"https:\\\/\\\/www.organisator.ch\\\/wp-content\\\/uploads\\\/2022\\\/01\\\/Logo_Organisator_Website.png\",\"contentUrl\":\"https:\\\/\\\/www.organisator.ch\\\/wp-content\\\/uploads\\\/2022\\\/01\\\/Logo_Organisator_Website.png\",\"width\":800,\"height\":77,\"caption\":\"Organisator\"},\"image\":{\"@id\":\"https:\\\/\\\/www.organisator.ch\\\/#\\\/schema\\\/logo\\\/image\\\/\"},\"sameAs\":[\"https:\\\/\\\/www.facebook.com\\\/OrganisatorFachmagazin\",\"https:\\\/\\\/www.linkedin.com\\\/showcase\\\/organisator-das-magazin-fr-kmu\",\"https:\\\/\\\/www.xing.com\\\/news\\\/pages\\\/organisator-ch-695\",\"https:\\\/\\\/www.youtube.com\\\/channel\\\/UCGP2Sq0iWaZwT3BdIAQFYpw\"]},{\"@type\":\"Person\",\"@id\":\"https:\\\/\\\/www.organisator.ch\\\/#\\\/schema\\\/person\\\/6f650f90b2842cd4c0cc334b4e36f67e\",\"name\":\"thomas.berner\",\"image\":{\"@type\":\"ImageObject\",\"inLanguage\":\"it-IT\",\"@id\":\"https:\\\/\\\/secure.gravatar.com\\\/avatar\\\/ac5001d2a36cb6c6cd3e50789007ffca834b477b74a2144564522e944eabff61?s=96&d=mm&r=g\",\"url\":\"https:\\\/\\\/secure.gravatar.com\\\/avatar\\\/ac5001d2a36cb6c6cd3e50789007ffca834b477b74a2144564522e944eabff61?s=96&d=mm&r=g\",\"contentUrl\":\"https:\\\/\\\/secure.gravatar.com\\\/avatar\\\/ac5001d2a36cb6c6cd3e50789007ffca834b477b74a2144564522e944eabff61?s=96&d=mm&r=g\",\"caption\":\"thomas.berner\"},\"url\":\"https:\\\/\\\/www.organisator.ch\\\/it\\\/author\\\/thomas-berner\\\/\"}]}<\/script>\n<!-- \/ Yoast SEO plugin. -->","yoast_head_json":{"title":"Pubblicato per la prima volta: \"Global Family Business Tax Monitor\" - Organizzatore","description":"Il Center for Family Business dell'Universit\u00e0 di San Gallo (CFB-HSG), in collaborazione con EY, ha pubblicato per la prima volta il \"Global Family Business Tax Monitor\".","robots":{"index":"index","follow":"follow","max-snippet":"max-snippet:-1","max-image-preview":"max-image-preview:large","max-video-preview":"max-video-preview:-1"},"canonical":"https:\/\/www.organisator.ch\/it\/gestione-2\/finanzen_recht\/2017-04-26\/erstmals-veroeffentlicht-global-family-business-tax-monitor\/","og_locale":"it_IT","og_type":"article","og_title":"\u00abGlobal Family Business Tax Monitor\u00bb","og_description":"Das Center for Family Business der Universit\u00e4t St.Gallen (#CFB-HSG) hat zusammen mit #EY erstmals den \u00abGlobal Family Business Tax Monitor\u00bb ver\u00f6ffentlicht.","og_url":"https:\/\/www.organisator.ch\/it\/gestione-2\/finanzen_recht\/2017-04-26\/erstmals-veroeffentlicht-global-family-business-tax-monitor\/","og_site_name":"Organisator","article_publisher":"https:\/\/www.facebook.com\/OrganisatorFachmagazin","article_published_time":"2017-04-26T07:29:58+00:00","og_image":[{"width":650,"height":475,"url":"https:\/\/www.organisator.ch\/wp-content\/uploads\/2017\/04\/Erstmals-veroeffentlicht-Global-Family-Business-Tax-Monitor_Organisator.jpg","type":"image\/jpeg"}],"author":"thomas.berner","twitter_card":"summary_large_image","twitter_title":"Erstmals ver\u00f6ffentlicht: \u00abGlobal Family Business Tax Monitor\u00bb #GlobalFamilyBusinessTaxMonitor","twitter_description":"Das #CenterforFamilyBusiness der Universit\u00e4t St.Gallen (#CFB-HSG) hat zusammen mit #EY erstmals den \u00abGlobal Family Business Tax Monitor\u00bb ver\u00f6ffentlicht.","twitter_image":"https:\/\/www.organisator.ch\/wp-content\/uploads\/2017\/04\/Erstmals-ver\u00f6ffentlicht-Global-Family-Business-Tax-Monitor_Organisator.jpg","schema":{"@context":"https:\/\/schema.org","@graph":[{"@type":"Article","@id":"https:\/\/www.organisator.ch\/management\/finanzen_recht\/2017-04-26\/erstmals-veroeffentlicht-global-family-business-tax-monitor\/#article","isPartOf":{"@id":"https:\/\/www.organisator.ch\/management\/finanzen_recht\/2017-04-26\/erstmals-veroeffentlicht-global-family-business-tax-monitor\/"},"author":{"name":"thomas.berner","@id":"https:\/\/www.organisator.ch\/#\/schema\/person\/6f650f90b2842cd4c0cc334b4e36f67e"},"headline":"Erstmals ver\u00f6ffentlicht: \u00abGlobal Family Business Tax Monitor\u00bb","datePublished":"2017-04-26T07:29:58+00:00","mainEntityOfPage":{"@id":"https:\/\/www.organisator.ch\/management\/finanzen_recht\/2017-04-26\/erstmals-veroeffentlicht-global-family-business-tax-monitor\/"},"wordCount":242,"commentCount":0,"publisher":{"@id":"https:\/\/www.organisator.ch\/#organization"},"image":{"@id":"https:\/\/www.organisator.ch\/management\/finanzen_recht\/2017-04-26\/erstmals-veroeffentlicht-global-family-business-tax-monitor\/#primaryimage"},"thumbnailUrl":"https:\/\/www.organisator.ch\/wp-content\/uploads\/2017\/04\/Erstmals-veroeffentlicht-Global-Family-Business-Tax-Monitor_Organisator.jpg","keywords":["Familienunternehmen","Finanzen\/Recht","Firmennachfolge","Management"],"articleSection":["FINANZEN\/RECHT"],"inLanguage":"it-IT"},{"@type":"WebPage","@id":"https:\/\/www.organisator.ch\/management\/finanzen_recht\/2017-04-26\/erstmals-veroeffentlicht-global-family-business-tax-monitor\/","url":"https:\/\/www.organisator.ch\/management\/finanzen_recht\/2017-04-26\/erstmals-veroeffentlicht-global-family-business-tax-monitor\/","name":"Pubblicato per la prima volta: \"Global Family Business Tax Monitor\" - Organizzatore","isPartOf":{"@id":"https:\/\/www.organisator.ch\/#website"},"primaryImageOfPage":{"@id":"https:\/\/www.organisator.ch\/management\/finanzen_recht\/2017-04-26\/erstmals-veroeffentlicht-global-family-business-tax-monitor\/#primaryimage"},"image":{"@id":"https:\/\/www.organisator.ch\/management\/finanzen_recht\/2017-04-26\/erstmals-veroeffentlicht-global-family-business-tax-monitor\/#primaryimage"},"thumbnailUrl":"https:\/\/www.organisator.ch\/wp-content\/uploads\/2017\/04\/Erstmals-veroeffentlicht-Global-Family-Business-Tax-Monitor_Organisator.jpg","datePublished":"2017-04-26T07:29:58+00:00","description":"Il Center for Family Business dell'Universit\u00e0 di San Gallo (CFB-HSG), in collaborazione con EY, ha pubblicato per la prima volta il \"Global Family Business Tax Monitor\".","breadcrumb":{"@id":"https:\/\/www.organisator.ch\/management\/finanzen_recht\/2017-04-26\/erstmals-veroeffentlicht-global-family-business-tax-monitor\/#breadcrumb"},"inLanguage":"it-IT","potentialAction":[{"@type":"ReadAction","target":["https:\/\/www.organisator.ch\/management\/finanzen_recht\/2017-04-26\/erstmals-veroeffentlicht-global-family-business-tax-monitor\/"]}]},{"@type":"ImageObject","inLanguage":"it-IT","@id":"https:\/\/www.organisator.ch\/management\/finanzen_recht\/2017-04-26\/erstmals-veroeffentlicht-global-family-business-tax-monitor\/#primaryimage","url":"https:\/\/www.organisator.ch\/wp-content\/uploads\/2017\/04\/Erstmals-veroeffentlicht-Global-Family-Business-Tax-Monitor_Organisator.jpg","contentUrl":"https:\/\/www.organisator.ch\/wp-content\/uploads\/2017\/04\/Erstmals-veroeffentlicht-Global-Family-Business-Tax-Monitor_Organisator.jpg","width":650,"height":475,"caption":"Titelblatt-Ausschnitt aus dem Family Business Tax Monitor. (Bild: www.familytaxmonitor.com)"},{"@type":"BreadcrumbList","@id":"https:\/\/www.organisator.ch\/management\/finanzen_recht\/2017-04-26\/erstmals-veroeffentlicht-global-family-business-tax-monitor\/#breadcrumb","itemListElement":[{"@type":"ListItem","position":1,"name":"Home","item":"https:\/\/www.organisator.ch\/"},{"@type":"ListItem","position":2,"name":"Erstmals ver\u00f6ffentlicht: \u00abGlobal Family Business Tax Monitor\u00bb"}]},{"@type":"WebSite","@id":"https:\/\/www.organisator.ch\/#website","url":"https:\/\/www.organisator.ch\/","name":"Organizzatore","description":"Competente. Pratico. In 10 numeri all'anno, ORGANISATOR presenta i temi essenziali per i manager delle PMI.","publisher":{"@id":"https:\/\/www.organisator.ch\/#organization"},"potentialAction":[{"@type":"SearchAction","target":{"@type":"EntryPoint","urlTemplate":"https:\/\/www.organisator.ch\/?s={search_term_string}"},"query-input":{"@type":"PropertyValueSpecification","valueRequired":true,"valueName":"search_term_string"}}],"inLanguage":"it-IT"},{"@type":"Organization","@id":"https:\/\/www.organisator.ch\/#organization","name":"Organizzatore","url":"https:\/\/www.organisator.ch\/","logo":{"@type":"ImageObject","inLanguage":"it-IT","@id":"https:\/\/www.organisator.ch\/#\/schema\/logo\/image\/","url":"https:\/\/www.organisator.ch\/wp-content\/uploads\/2022\/01\/Logo_Organisator_Website.png","contentUrl":"https:\/\/www.organisator.ch\/wp-content\/uploads\/2022\/01\/Logo_Organisator_Website.png","width":800,"height":77,"caption":"Organisator"},"image":{"@id":"https:\/\/www.organisator.ch\/#\/schema\/logo\/image\/"},"sameAs":["https:\/\/www.facebook.com\/OrganisatorFachmagazin","https:\/\/www.linkedin.com\/showcase\/organisator-das-magazin-fr-kmu","https:\/\/www.xing.com\/news\/pages\/organisator-ch-695","https:\/\/www.youtube.com\/channel\/UCGP2Sq0iWaZwT3BdIAQFYpw"]},{"@type":"Person","@id":"https:\/\/www.organisator.ch\/#\/schema\/person\/6f650f90b2842cd4c0cc334b4e36f67e","name":"Tommaso.berner","image":{"@type":"ImageObject","inLanguage":"it-IT","@id":"https:\/\/secure.gravatar.com\/avatar\/ac5001d2a36cb6c6cd3e50789007ffca834b477b74a2144564522e944eabff61?s=96&d=mm&r=g","url":"https:\/\/secure.gravatar.com\/avatar\/ac5001d2a36cb6c6cd3e50789007ffca834b477b74a2144564522e944eabff61?s=96&d=mm&r=g","contentUrl":"https:\/\/secure.gravatar.com\/avatar\/ac5001d2a36cb6c6cd3e50789007ffca834b477b74a2144564522e944eabff61?s=96&d=mm&r=g","caption":"thomas.berner"},"url":"https:\/\/www.organisator.ch\/it\/author\/thomas-berner\/"}]}},"_links":{"self":[{"href":"https:\/\/www.organisator.ch\/it\/wp-json\/wp\/v2\/posts\/1823","targetHints":{"allow":["GET"]}}],"collection":[{"href":"https:\/\/www.organisator.ch\/it\/wp-json\/wp\/v2\/posts"}],"about":[{"href":"https:\/\/www.organisator.ch\/it\/wp-json\/wp\/v2\/types\/post"}],"author":[{"embeddable":true,"href":"https:\/\/www.organisator.ch\/it\/wp-json\/wp\/v2\/users\/4"}],"replies":[{"embeddable":true,"href":"https:\/\/www.organisator.ch\/it\/wp-json\/wp\/v2\/comments?post=1823"}],"version-history":[{"count":0,"href":"https:\/\/www.organisator.ch\/it\/wp-json\/wp\/v2\/posts\/1823\/revisions"}],"wp:featuredmedia":[{"embeddable":true,"href":"https:\/\/www.organisator.ch\/it\/wp-json\/wp\/v2\/media\/1825"}],"wp:attachment":[{"href":"https:\/\/www.organisator.ch\/it\/wp-json\/wp\/v2\/media?parent=1823"}],"wp:term":[{"taxonomy":"category","embeddable":true,"href":"https:\/\/www.organisator.ch\/it\/wp-json\/wp\/v2\/categories?post=1823"},{"taxonomy":"post_tag","embeddable":true,"href":"https:\/\/www.organisator.ch\/it\/wp-json\/wp\/v2\/tags?post=1823"}],"curies":[{"name":"wp","href":"https:\/\/api.w.org\/{rel}","templated":true}]}}