{"id":18284,"date":"2022-12-14T14:49:26","date_gmt":"2022-12-14T13:49:26","guid":{"rendered":"https:\/\/www.organisator.ch\/?p=18284"},"modified":"2022-12-14T14:49:26","modified_gmt":"2022-12-14T13:49:26","slug":"gipser-und-malerunternehmen-schlagenhauf-erneuert-seinen-hauptsitz","status":"publish","type":"post","link":"https:\/\/www.organisator.ch\/it\/management\/2022-12-14\/gipser-und-malerunternehmen-schlagenhauf-erneuert-seinen-hauptsitz\/","title":{"rendered":"L'azienda di intonaci e pitture Schlagenhauf rinnova la sua sede centrale"},"content":{"rendered":"<figure id=\"attachment_18285\" aria-describedby=\"caption-attachment-18285\" style=\"width: 680px\" class=\"wp-caption alignnone\"><img loading=\"lazy\" decoding=\"async\" class=\"size-full wp-image-18285\" src=\"https:\/\/www.organisator.ch\/wp-content\/uploads\/2022\/12\/Gipser-und-Malerunternehmen-Schlagenhauf-erneuert-seinen-Hauptsitz_Organisator.jpg\" alt=\"\" width=\"680\" height=\"510\" srcset=\"https:\/\/www.organisator.ch\/wp-content\/uploads\/2022\/12\/Gipser-und-Malerunternehmen-Schlagenhauf-erneuert-seinen-Hauptsitz_Organisator.jpg 680w, https:\/\/www.organisator.ch\/wp-content\/uploads\/2022\/12\/Gipser-und-Malerunternehmen-Schlagenhauf-erneuert-seinen-Hauptsitz_Organisator-16x12.jpg 16w, https:\/\/www.organisator.ch\/wp-content\/uploads\/2022\/12\/Gipser-und-Malerunternehmen-Schlagenhauf-erneuert-seinen-Hauptsitz_Organisator-375x281.jpg 375w, https:\/\/www.organisator.ch\/wp-content\/uploads\/2022\/12\/Gipser-und-Malerunternehmen-Schlagenhauf-erneuert-seinen-Hauptsitz_Organisator-467x350.jpg 467w\" sizes=\"auto, (max-width: 680px) 100vw, 680px\" \/><figcaption id=\"caption-attachment-18285\" class=\"wp-caption-text\">Schlagenhauf costruisce per il futuro: la grande scritta sulle finestre della sede centrale di Seestrasse 1013 a Meilen accompagna la conversione. (Immagine: zVg \/ Schlagenhauf)<\/figcaption><\/figure>\n<p>Fondata nel 1934, l'azienda familiare Schlagenhauf \u00e8 cresciuta di generazione in generazione. Con diverse sedi nell'area di Zurigo, Winterthur, Baden e Zurigo.<br \/>\ne Zugo, \u00e8 attivo a livello sovraregionale, ma ha ancora radici locali. Ci\u00f2 consente di essere rapidamente sul posto presso la sede del cliente. L'azienda \u00e8 specializzata in un'ampia gamma di lavori di pittura, pavimentazione, intonacatura e muratura, isolamento delle facciate, costruzione di facciate, ponteggi e ristrutturazioni complete.<\/p>\n<h3>Rispondere a nuove esigenze<\/h3>\n<p>Con la conversione degli uffici di Meilen, Schlagenhauf risponde ora alle mutate esigenze e necessit\u00e0. L'obiettivo dell'azienda \u00e8 quello di digitalizzare in modo significativo nei prossimi anni, per offrire ai dipendenti attuali e futuri l'ambiente di lavoro pi\u00f9 moderno possibile. Inoltre, la digitalizzazione consentir\u00e0 al Gruppo Schlagenhauf di lavorare in futuro in modo ancora pi\u00f9 efficiente e di realizzare i progetti dei clienti con una maggiore affidabilit\u00e0 dei processi.<\/p>\n<p>Per realizzare questa visione, Schlagenhauf collabora con Integral. Integral \u00e8 responsabile della consulenza, della progettazione e del nuovo mondo degli uffici. Entro aprile 2023, le stanze della sede centrale saranno trasformate in un ufficio open space con arredi moderni e un'invitante area d'ingresso. La disposizione delle stanze e l'infrastruttura informatica adattata sono state progettate per promuovere il lavoro mobile e offrire ai dipendenti una maggiore flessibilit\u00e0. Invece di postazioni di lavoro fisse, in futuro saranno disponibili zone diverse per attivit\u00e0 diverse. Oltre alle \"postazioni di lavoro standard\", ci saranno anche sale di progetto per il lavoro di gruppo e sale di ritiro per le conversazioni personali o le telefonate.<\/p>\n<h3>Unire una moltitudine di competenze sotto lo stesso tetto<\/h3>\n<p>Per Schlagenhauf, gli uffici di Meilen sono un importante biglietto da visita per clienti e aziende partner. Il proprietario Rolf Schlagenhauf dice a proposito della ristrutturazione: \"La nuova sede rifletter\u00e0 la nostra passione per l'artigianato, la nostra creativit\u00e0 e la nostra consapevolezza della qualit\u00e0, e allo stesso tempo dimostrer\u00e0 che uniamo letteralmente un'ampia gamma di competenze sotto lo stesso tetto.\"<\/p>\n<p><a href=\"http:\/\/www.schlagenhauf.ch\"><em>Ulteriori informazioni<\/em><\/a><\/p>","protected":false},"excerpt":{"rendered":"<p>Im Jahr 1934 gegr\u00fcndet, ist das Familienunternehmen Schlagenhauf von Generation zu Generation gewachsen. Mit mehreren Standorten im Grossraum Z\u00fcrich, Winterthur, Baden und Zug ist es \u00fcberregional t\u00e4tig, aber trotzdem lokal verankert. Dies erlaubt es, jeweils rasch bei den Kunden vor Ort zu sein. Das Unternehmen ist spezialisiert auf die verschiedensten Maler-, Boden-, Gipser- oder Maurerarbeiten, [&hellip;]<\/p>\n","protected":false},"author":4,"featured_media":18285,"comment_status":"closed","ping_status":"closed","sticky":false,"template":"","format":"standard","meta":{"_acf_changed":false,"_yoast_wpseo_focuskw":"Schlagenhauf","_yoast_wpseo_metadesc":"Das \u00fcberregional t\u00e4tige Gipser- und Malerunternehmen Schlagenhauf baut seine B\u00fcros in Meilen umfassend um.","articlekey":"","footnotes":""},"categories":[28],"tags":[71,335,492],"class_list":["post-18284","post","type-post","status-publish","format-standard","has-post-thumbnail","hentry","category-management","tag-baubranche","tag-management-und-unternehmensfuehrung","tag-unternehmen"],"acf":[],"yoast_head":"<!-- This site is optimized with the Yoast SEO plugin v27.5 - https:\/\/yoast.com\/product\/yoast-seo-wordpress\/ -->\n<title>Gipser- und Malerunternehmen Schlagenhauf erneuert seinen Hauptsitz - Organisator<\/title>\n<meta name=\"description\" content=\"Das \u00fcberregional t\u00e4tige Gipser- und Malerunternehmen Schlagenhauf baut seine B\u00fcros in Meilen umfassend um.\" \/>\n<meta name=\"robots\" content=\"index, follow, max-snippet:-1, max-image-preview:large, max-video-preview:-1\" \/>\n<link rel=\"canonical\" href=\"https:\/\/www.organisator.ch\/it\/gestione-2\/2022-12-14\/gipser-und-malerunternehmen-schlagenhauf-erneuert-seinen-hauptsitz\/\" \/>\n<meta property=\"og:locale\" content=\"it_IT\" \/>\n<meta property=\"og:type\" content=\"article\" \/>\n<meta property=\"og:title\" content=\"Gipser- und Malerunternehmen Schlagenhauf erneuert seinen Hauptsitz - Organisator\" \/>\n<meta property=\"og:description\" content=\"Das \u00fcberregional t\u00e4tige Gipser- und Malerunternehmen Schlagenhauf baut seine B\u00fcros in Meilen umfassend um.\" \/>\n<meta property=\"og:url\" content=\"https:\/\/www.organisator.ch\/it\/gestione-2\/2022-12-14\/gipser-und-malerunternehmen-schlagenhauf-erneuert-seinen-hauptsitz\/\" \/>\n<meta property=\"og:site_name\" content=\"Organisator\" \/>\n<meta property=\"article:publisher\" content=\"https:\/\/www.facebook.com\/OrganisatorFachmagazin\" \/>\n<meta property=\"article:published_time\" content=\"2022-12-14T13:49:26+00:00\" \/>\n<meta property=\"og:image\" content=\"https:\/\/www.organisator.ch\/wp-content\/uploads\/2022\/12\/Gipser-und-Malerunternehmen-Schlagenhauf-erneuert-seinen-Hauptsitz_Organisator.jpg\" \/>\n\t<meta property=\"og:image:width\" content=\"680\" \/>\n\t<meta property=\"og:image:height\" content=\"510\" \/>\n\t<meta property=\"og:image:type\" content=\"image\/jpeg\" \/>\n<meta name=\"author\" content=\"thomas.berner\" \/>\n<meta name=\"twitter:card\" content=\"summary_large_image\" \/>\n<script type=\"application\/ld+json\" class=\"yoast-schema-graph\">{\"@context\":\"https:\\\/\\\/schema.org\",\"@graph\":[{\"@type\":\"Article\",\"@id\":\"https:\\\/\\\/www.organisator.ch\\\/management\\\/2022-12-14\\\/gipser-und-malerunternehmen-schlagenhauf-erneuert-seinen-hauptsitz\\\/#article\",\"isPartOf\":{\"@id\":\"https:\\\/\\\/www.organisator.ch\\\/management\\\/2022-12-14\\\/gipser-und-malerunternehmen-schlagenhauf-erneuert-seinen-hauptsitz\\\/\"},\"author\":{\"name\":\"thomas.berner\",\"@id\":\"https:\\\/\\\/www.organisator.ch\\\/#\\\/schema\\\/person\\\/6f650f90b2842cd4c0cc334b4e36f67e\"},\"headline\":\"Gipser- und Malerunternehmen Schlagenhauf erneuert seinen Hauptsitz\",\"datePublished\":\"2022-12-14T13:49:26+00:00\",\"mainEntityOfPage\":{\"@id\":\"https:\\\/\\\/www.organisator.ch\\\/management\\\/2022-12-14\\\/gipser-und-malerunternehmen-schlagenhauf-erneuert-seinen-hauptsitz\\\/\"},\"wordCount\":360,\"publisher\":{\"@id\":\"https:\\\/\\\/www.organisator.ch\\\/#organization\"},\"image\":{\"@id\":\"https:\\\/\\\/www.organisator.ch\\\/management\\\/2022-12-14\\\/gipser-und-malerunternehmen-schlagenhauf-erneuert-seinen-hauptsitz\\\/#primaryimage\"},\"thumbnailUrl\":\"https:\\\/\\\/www.organisator.ch\\\/wp-content\\\/uploads\\\/2022\\\/12\\\/Gipser-und-Malerunternehmen-Schlagenhauf-erneuert-seinen-Hauptsitz_Organisator.jpg\",\"keywords\":[\"Baubranche\",\"Management und Unternehmensf\u00fchrung\",\"Unternehmen\"],\"articleSection\":[\"MANAGEMENT\"],\"inLanguage\":\"it-IT\"},{\"@type\":\"WebPage\",\"@id\":\"https:\\\/\\\/www.organisator.ch\\\/management\\\/2022-12-14\\\/gipser-und-malerunternehmen-schlagenhauf-erneuert-seinen-hauptsitz\\\/\",\"url\":\"https:\\\/\\\/www.organisator.ch\\\/management\\\/2022-12-14\\\/gipser-und-malerunternehmen-schlagenhauf-erneuert-seinen-hauptsitz\\\/\",\"name\":\"Gipser- und Malerunternehmen Schlagenhauf erneuert seinen Hauptsitz - Organisator\",\"isPartOf\":{\"@id\":\"https:\\\/\\\/www.organisator.ch\\\/#website\"},\"primaryImageOfPage\":{\"@id\":\"https:\\\/\\\/www.organisator.ch\\\/management\\\/2022-12-14\\\/gipser-und-malerunternehmen-schlagenhauf-erneuert-seinen-hauptsitz\\\/#primaryimage\"},\"image\":{\"@id\":\"https:\\\/\\\/www.organisator.ch\\\/management\\\/2022-12-14\\\/gipser-und-malerunternehmen-schlagenhauf-erneuert-seinen-hauptsitz\\\/#primaryimage\"},\"thumbnailUrl\":\"https:\\\/\\\/www.organisator.ch\\\/wp-content\\\/uploads\\\/2022\\\/12\\\/Gipser-und-Malerunternehmen-Schlagenhauf-erneuert-seinen-Hauptsitz_Organisator.jpg\",\"datePublished\":\"2022-12-14T13:49:26+00:00\",\"description\":\"Das \u00fcberregional t\u00e4tige Gipser- und Malerunternehmen Schlagenhauf baut seine B\u00fcros in Meilen umfassend um.\",\"breadcrumb\":{\"@id\":\"https:\\\/\\\/www.organisator.ch\\\/management\\\/2022-12-14\\\/gipser-und-malerunternehmen-schlagenhauf-erneuert-seinen-hauptsitz\\\/#breadcrumb\"},\"inLanguage\":\"it-IT\",\"potentialAction\":[{\"@type\":\"ReadAction\",\"target\":[\"https:\\\/\\\/www.organisator.ch\\\/management\\\/2022-12-14\\\/gipser-und-malerunternehmen-schlagenhauf-erneuert-seinen-hauptsitz\\\/\"]}]},{\"@type\":\"ImageObject\",\"inLanguage\":\"it-IT\",\"@id\":\"https:\\\/\\\/www.organisator.ch\\\/management\\\/2022-12-14\\\/gipser-und-malerunternehmen-schlagenhauf-erneuert-seinen-hauptsitz\\\/#primaryimage\",\"url\":\"https:\\\/\\\/www.organisator.ch\\\/wp-content\\\/uploads\\\/2022\\\/12\\\/Gipser-und-Malerunternehmen-Schlagenhauf-erneuert-seinen-Hauptsitz_Organisator.jpg\",\"contentUrl\":\"https:\\\/\\\/www.organisator.ch\\\/wp-content\\\/uploads\\\/2022\\\/12\\\/Gipser-und-Malerunternehmen-Schlagenhauf-erneuert-seinen-Hauptsitz_Organisator.jpg\",\"width\":680,\"height\":510,\"caption\":\"Schlagenhauf baut f\u00fcr die Zukunft: Die grossen Schriftz\u00fcge an den Fenstern am Hauptsitz an der Seestrasse 1013 in Meilen begleiten den Umbau. (Bild: zVg \\\/ Schlagenhauf)\"},{\"@type\":\"BreadcrumbList\",\"@id\":\"https:\\\/\\\/www.organisator.ch\\\/management\\\/2022-12-14\\\/gipser-und-malerunternehmen-schlagenhauf-erneuert-seinen-hauptsitz\\\/#breadcrumb\",\"itemListElement\":[{\"@type\":\"ListItem\",\"position\":1,\"name\":\"Home\",\"item\":\"https:\\\/\\\/www.organisator.ch\\\/\"},{\"@type\":\"ListItem\",\"position\":2,\"name\":\"Gipser- und Malerunternehmen Schlagenhauf erneuert seinen Hauptsitz\"}]},{\"@type\":\"WebSite\",\"@id\":\"https:\\\/\\\/www.organisator.ch\\\/#website\",\"url\":\"https:\\\/\\\/www.organisator.ch\\\/\",\"name\":\"Organisator\",\"description\":\"Kompetent. Praxisnah. Der ORGANISATOR bereitet in 10 Ausgaben pro Jahr die wesentlichen Themen f\u00fcr F\u00fchrungskr\u00e4fte von KMU auf.\",\"publisher\":{\"@id\":\"https:\\\/\\\/www.organisator.ch\\\/#organization\"},\"potentialAction\":[{\"@type\":\"SearchAction\",\"target\":{\"@type\":\"EntryPoint\",\"urlTemplate\":\"https:\\\/\\\/www.organisator.ch\\\/?s={search_term_string}\"},\"query-input\":{\"@type\":\"PropertyValueSpecification\",\"valueRequired\":true,\"valueName\":\"search_term_string\"}}],\"inLanguage\":\"it-IT\"},{\"@type\":\"Organization\",\"@id\":\"https:\\\/\\\/www.organisator.ch\\\/#organization\",\"name\":\"Organisator\",\"url\":\"https:\\\/\\\/www.organisator.ch\\\/\",\"logo\":{\"@type\":\"ImageObject\",\"inLanguage\":\"it-IT\",\"@id\":\"https:\\\/\\\/www.organisator.ch\\\/#\\\/schema\\\/logo\\\/image\\\/\",\"url\":\"https:\\\/\\\/www.organisator.ch\\\/wp-content\\\/uploads\\\/2022\\\/01\\\/Logo_Organisator_Website.png\",\"contentUrl\":\"https:\\\/\\\/www.organisator.ch\\\/wp-content\\\/uploads\\\/2022\\\/01\\\/Logo_Organisator_Website.png\",\"width\":800,\"height\":77,\"caption\":\"Organisator\"},\"image\":{\"@id\":\"https:\\\/\\\/www.organisator.ch\\\/#\\\/schema\\\/logo\\\/image\\\/\"},\"sameAs\":[\"https:\\\/\\\/www.facebook.com\\\/OrganisatorFachmagazin\",\"https:\\\/\\\/www.linkedin.com\\\/showcase\\\/organisator-das-magazin-fr-kmu\",\"https:\\\/\\\/www.xing.com\\\/news\\\/pages\\\/organisator-ch-695\",\"https:\\\/\\\/www.youtube.com\\\/channel\\\/UCGP2Sq0iWaZwT3BdIAQFYpw\"]},{\"@type\":\"Person\",\"@id\":\"https:\\\/\\\/www.organisator.ch\\\/#\\\/schema\\\/person\\\/6f650f90b2842cd4c0cc334b4e36f67e\",\"name\":\"thomas.berner\",\"image\":{\"@type\":\"ImageObject\",\"inLanguage\":\"it-IT\",\"@id\":\"https:\\\/\\\/secure.gravatar.com\\\/avatar\\\/ac5001d2a36cb6c6cd3e50789007ffca834b477b74a2144564522e944eabff61?s=96&d=mm&r=g\",\"url\":\"https:\\\/\\\/secure.gravatar.com\\\/avatar\\\/ac5001d2a36cb6c6cd3e50789007ffca834b477b74a2144564522e944eabff61?s=96&d=mm&r=g\",\"contentUrl\":\"https:\\\/\\\/secure.gravatar.com\\\/avatar\\\/ac5001d2a36cb6c6cd3e50789007ffca834b477b74a2144564522e944eabff61?s=96&d=mm&r=g\",\"caption\":\"thomas.berner\"},\"url\":\"https:\\\/\\\/www.organisator.ch\\\/it\\\/author\\\/thomas-berner\\\/\"}]}<\/script>\n<!-- \/ Yoast SEO plugin. -->","yoast_head_json":{"title":"L'azienda di intonaci e pitture Schlagenhauf rinnova la propria sede - Organizzatore","description":"L'azienda di intonaci e pitture Schlagenhauf, attiva a livello nazionale, sta ristrutturando i suoi uffici a Meilen.","robots":{"index":"index","follow":"follow","max-snippet":"max-snippet:-1","max-image-preview":"max-image-preview:large","max-video-preview":"max-video-preview:-1"},"canonical":"https:\/\/www.organisator.ch\/it\/gestione-2\/2022-12-14\/gipser-und-malerunternehmen-schlagenhauf-erneuert-seinen-hauptsitz\/","og_locale":"it_IT","og_type":"article","og_title":"Gipser- und Malerunternehmen Schlagenhauf erneuert seinen Hauptsitz - Organisator","og_description":"Das \u00fcberregional t\u00e4tige Gipser- und Malerunternehmen Schlagenhauf baut seine B\u00fcros in Meilen umfassend um.","og_url":"https:\/\/www.organisator.ch\/it\/gestione-2\/2022-12-14\/gipser-und-malerunternehmen-schlagenhauf-erneuert-seinen-hauptsitz\/","og_site_name":"Organisator","article_publisher":"https:\/\/www.facebook.com\/OrganisatorFachmagazin","article_published_time":"2022-12-14T13:49:26+00:00","og_image":[{"width":680,"height":510,"url":"https:\/\/www.organisator.ch\/wp-content\/uploads\/2022\/12\/Gipser-und-Malerunternehmen-Schlagenhauf-erneuert-seinen-Hauptsitz_Organisator.jpg","type":"image\/jpeg"}],"author":"thomas.berner","twitter_card":"summary_large_image","schema":{"@context":"https:\/\/schema.org","@graph":[{"@type":"Article","@id":"https:\/\/www.organisator.ch\/management\/2022-12-14\/gipser-und-malerunternehmen-schlagenhauf-erneuert-seinen-hauptsitz\/#article","isPartOf":{"@id":"https:\/\/www.organisator.ch\/management\/2022-12-14\/gipser-und-malerunternehmen-schlagenhauf-erneuert-seinen-hauptsitz\/"},"author":{"name":"thomas.berner","@id":"https:\/\/www.organisator.ch\/#\/schema\/person\/6f650f90b2842cd4c0cc334b4e36f67e"},"headline":"Gipser- und Malerunternehmen Schlagenhauf erneuert seinen Hauptsitz","datePublished":"2022-12-14T13:49:26+00:00","mainEntityOfPage":{"@id":"https:\/\/www.organisator.ch\/management\/2022-12-14\/gipser-und-malerunternehmen-schlagenhauf-erneuert-seinen-hauptsitz\/"},"wordCount":360,"publisher":{"@id":"https:\/\/www.organisator.ch\/#organization"},"image":{"@id":"https:\/\/www.organisator.ch\/management\/2022-12-14\/gipser-und-malerunternehmen-schlagenhauf-erneuert-seinen-hauptsitz\/#primaryimage"},"thumbnailUrl":"https:\/\/www.organisator.ch\/wp-content\/uploads\/2022\/12\/Gipser-und-Malerunternehmen-Schlagenhauf-erneuert-seinen-Hauptsitz_Organisator.jpg","keywords":["Baubranche","Management und Unternehmensf\u00fchrung","Unternehmen"],"articleSection":["MANAGEMENT"],"inLanguage":"it-IT"},{"@type":"WebPage","@id":"https:\/\/www.organisator.ch\/management\/2022-12-14\/gipser-und-malerunternehmen-schlagenhauf-erneuert-seinen-hauptsitz\/","url":"https:\/\/www.organisator.ch\/management\/2022-12-14\/gipser-und-malerunternehmen-schlagenhauf-erneuert-seinen-hauptsitz\/","name":"L'azienda di intonaci e pitture Schlagenhauf rinnova la propria sede - Organizzatore","isPartOf":{"@id":"https:\/\/www.organisator.ch\/#website"},"primaryImageOfPage":{"@id":"https:\/\/www.organisator.ch\/management\/2022-12-14\/gipser-und-malerunternehmen-schlagenhauf-erneuert-seinen-hauptsitz\/#primaryimage"},"image":{"@id":"https:\/\/www.organisator.ch\/management\/2022-12-14\/gipser-und-malerunternehmen-schlagenhauf-erneuert-seinen-hauptsitz\/#primaryimage"},"thumbnailUrl":"https:\/\/www.organisator.ch\/wp-content\/uploads\/2022\/12\/Gipser-und-Malerunternehmen-Schlagenhauf-erneuert-seinen-Hauptsitz_Organisator.jpg","datePublished":"2022-12-14T13:49:26+00:00","description":"L'azienda di intonaci e pitture Schlagenhauf, attiva a livello nazionale, sta ristrutturando i suoi uffici a Meilen.","breadcrumb":{"@id":"https:\/\/www.organisator.ch\/management\/2022-12-14\/gipser-und-malerunternehmen-schlagenhauf-erneuert-seinen-hauptsitz\/#breadcrumb"},"inLanguage":"it-IT","potentialAction":[{"@type":"ReadAction","target":["https:\/\/www.organisator.ch\/management\/2022-12-14\/gipser-und-malerunternehmen-schlagenhauf-erneuert-seinen-hauptsitz\/"]}]},{"@type":"ImageObject","inLanguage":"it-IT","@id":"https:\/\/www.organisator.ch\/management\/2022-12-14\/gipser-und-malerunternehmen-schlagenhauf-erneuert-seinen-hauptsitz\/#primaryimage","url":"https:\/\/www.organisator.ch\/wp-content\/uploads\/2022\/12\/Gipser-und-Malerunternehmen-Schlagenhauf-erneuert-seinen-Hauptsitz_Organisator.jpg","contentUrl":"https:\/\/www.organisator.ch\/wp-content\/uploads\/2022\/12\/Gipser-und-Malerunternehmen-Schlagenhauf-erneuert-seinen-Hauptsitz_Organisator.jpg","width":680,"height":510,"caption":"Schlagenhauf baut f\u00fcr die Zukunft: Die grossen Schriftz\u00fcge an den Fenstern am Hauptsitz an der Seestrasse 1013 in Meilen begleiten den Umbau. (Bild: zVg \/ Schlagenhauf)"},{"@type":"BreadcrumbList","@id":"https:\/\/www.organisator.ch\/management\/2022-12-14\/gipser-und-malerunternehmen-schlagenhauf-erneuert-seinen-hauptsitz\/#breadcrumb","itemListElement":[{"@type":"ListItem","position":1,"name":"Home","item":"https:\/\/www.organisator.ch\/"},{"@type":"ListItem","position":2,"name":"Gipser- und Malerunternehmen Schlagenhauf erneuert seinen Hauptsitz"}]},{"@type":"WebSite","@id":"https:\/\/www.organisator.ch\/#website","url":"https:\/\/www.organisator.ch\/","name":"Organizzatore","description":"Competente. Pratico. In 10 numeri all'anno, ORGANISATOR presenta i temi essenziali per i manager delle PMI.","publisher":{"@id":"https:\/\/www.organisator.ch\/#organization"},"potentialAction":[{"@type":"SearchAction","target":{"@type":"EntryPoint","urlTemplate":"https:\/\/www.organisator.ch\/?s={search_term_string}"},"query-input":{"@type":"PropertyValueSpecification","valueRequired":true,"valueName":"search_term_string"}}],"inLanguage":"it-IT"},{"@type":"Organization","@id":"https:\/\/www.organisator.ch\/#organization","name":"Organizzatore","url":"https:\/\/www.organisator.ch\/","logo":{"@type":"ImageObject","inLanguage":"it-IT","@id":"https:\/\/www.organisator.ch\/#\/schema\/logo\/image\/","url":"https:\/\/www.organisator.ch\/wp-content\/uploads\/2022\/01\/Logo_Organisator_Website.png","contentUrl":"https:\/\/www.organisator.ch\/wp-content\/uploads\/2022\/01\/Logo_Organisator_Website.png","width":800,"height":77,"caption":"Organisator"},"image":{"@id":"https:\/\/www.organisator.ch\/#\/schema\/logo\/image\/"},"sameAs":["https:\/\/www.facebook.com\/OrganisatorFachmagazin","https:\/\/www.linkedin.com\/showcase\/organisator-das-magazin-fr-kmu","https:\/\/www.xing.com\/news\/pages\/organisator-ch-695","https:\/\/www.youtube.com\/channel\/UCGP2Sq0iWaZwT3BdIAQFYpw"]},{"@type":"Person","@id":"https:\/\/www.organisator.ch\/#\/schema\/person\/6f650f90b2842cd4c0cc334b4e36f67e","name":"Tommaso.berner","image":{"@type":"ImageObject","inLanguage":"it-IT","@id":"https:\/\/secure.gravatar.com\/avatar\/ac5001d2a36cb6c6cd3e50789007ffca834b477b74a2144564522e944eabff61?s=96&d=mm&r=g","url":"https:\/\/secure.gravatar.com\/avatar\/ac5001d2a36cb6c6cd3e50789007ffca834b477b74a2144564522e944eabff61?s=96&d=mm&r=g","contentUrl":"https:\/\/secure.gravatar.com\/avatar\/ac5001d2a36cb6c6cd3e50789007ffca834b477b74a2144564522e944eabff61?s=96&d=mm&r=g","caption":"thomas.berner"},"url":"https:\/\/www.organisator.ch\/it\/author\/thomas-berner\/"}]}},"_links":{"self":[{"href":"https:\/\/www.organisator.ch\/it\/wp-json\/wp\/v2\/posts\/18284","targetHints":{"allow":["GET"]}}],"collection":[{"href":"https:\/\/www.organisator.ch\/it\/wp-json\/wp\/v2\/posts"}],"about":[{"href":"https:\/\/www.organisator.ch\/it\/wp-json\/wp\/v2\/types\/post"}],"author":[{"embeddable":true,"href":"https:\/\/www.organisator.ch\/it\/wp-json\/wp\/v2\/users\/4"}],"replies":[{"embeddable":true,"href":"https:\/\/www.organisator.ch\/it\/wp-json\/wp\/v2\/comments?post=18284"}],"version-history":[{"count":1,"href":"https:\/\/www.organisator.ch\/it\/wp-json\/wp\/v2\/posts\/18284\/revisions"}],"predecessor-version":[{"id":18286,"href":"https:\/\/www.organisator.ch\/it\/wp-json\/wp\/v2\/posts\/18284\/revisions\/18286"}],"wp:featuredmedia":[{"embeddable":true,"href":"https:\/\/www.organisator.ch\/it\/wp-json\/wp\/v2\/media\/18285"}],"wp:attachment":[{"href":"https:\/\/www.organisator.ch\/it\/wp-json\/wp\/v2\/media?parent=18284"}],"wp:term":[{"taxonomy":"category","embeddable":true,"href":"https:\/\/www.organisator.ch\/it\/wp-json\/wp\/v2\/categories?post=18284"},{"taxonomy":"post_tag","embeddable":true,"href":"https:\/\/www.organisator.ch\/it\/wp-json\/wp\/v2\/tags?post=18284"}],"curies":[{"name":"wp","href":"https:\/\/api.w.org\/{rel}","templated":true}]}}