{"id":18293,"date":"2022-12-15T09:16:23","date_gmt":"2022-12-15T08:16:23","guid":{"rendered":"https:\/\/www.m-q.ch\/?p=17342"},"modified":"2024-11-19T13:46:55","modified_gmt":"2024-11-19T12:46:55","slug":"digitalisierung-des-gesundheitssystems-schweizer-bevoelkerung-ist-reif-dazu","status":"publish","type":"post","link":"https:\/\/www.organisator.ch\/it\/operational-excellence\/2022-12-15\/digitalisierung-des-gesundheitssystems-schweizer-bevoelkerung-ist-reif-dazu\/","title":{"rendered":"Digitalizzazione del sistema sanitario: la popolazione svizzera \u00e8 pronta"},"content":{"rendered":"<figure id=\"attachment_17343\" class=\"wp-caption alignnone\" style=\"width: 680px\" aria-describedby=\"caption-attachment-17343\"><img class=\"alignnone wp-image-17343 size-full\" src=\"https:\/\/www.m-q.ch\/wp-content\/uploads\/2022\/12\/Digitalisierung-des-Gesundheitssystems-Schweizer-Bevoelkerung-ist-reif-dazu_MQ.jpg\" alt=\"Digitalizzazione\" width=\"680\" height=\"450\" \/>\r\n<figcaption id=\"caption-attachment-17343\" class=\"wp-caption-text\">La popolazione svizzera \u00e8 pronta per la digitalizzazione del sistema sanitario. Le maggiori riserve riguardano la protezione dei dati. (Immagine: Depositphotos.com)<\/figcaption>\r\n<\/figure>\r\n<p>La digitalizzazione ha preso piede in molti settori. Ma il settore sanitario \u00e8 in forte ritardo. Affinch\u00e9 la trasformazione digitale del sistema sanitario abbia successo, \u00e8 necessario tenere conto delle esigenze e dei timori della popolazione svizzera. In questo contesto, digitalswitzerland 2022 ha lanciato Digital Health, una nuova iniziativa che mira a digitalizzare l'intero sistema sanitario svizzero e a renderlo incentrato sul paziente. Ci\u00f2 dovrebbe contribuire a migliorare la trasparenza, l'accessibilit\u00e0 e la comprensione delle informazioni sanitarie per l'intera popolazione svizzera. Un sondaggio ha analizzato il modo in cui la popolazione svizzera valuta la digitalizzazione del sistema sanitario.<\/p>\r\n<h3>Pi\u00f9 alto \u00e8 il livello di istruzione, pi\u00f9 alto \u00e8 il livello di salute e di alfabetizzazione digitale.<\/h3>\r\n<p>I risultati dell'indagine mostrano che molti cittadini svizzeri giudicano la loro alfabetizzazione sanitaria (76%) e digitale (72%) da alta a molto alta. L'alfabetizzazione sanitaria aumenta con l'et\u00e0, mentre quella digitale diminuisce. Anche il livello di istruzione gioca un ruolo importante: le persone con un livello di istruzione pi\u00f9 elevato hanno un'alfabetizzazione sanitaria e digitale pi\u00f9 elevata. \"La salute e l'alfabetizzazione digitale dovrebbero essere affrontate gi\u00e0 nella scuola dell'obbligo, in modo che tutti i cittadini abbiano le stesse opportunit\u00e0 di sviluppare queste importanti competenze di oggi e di domani\", conclude Jade Sternberg, Digital Health Project Manager di digitalswitzerland e autrice principale dello studio.<\/p>\r\n<h3><strong>Fattore chiave per la digitalizzazione del sistema sanitario: la fiducia<\/strong><\/h3>\r\n<p>La fiducia nelle varie organizzazioni sanitarie che svolgono un ruolo nella digitalizzazione del sistema sanitario \u00e8 particolarmente importante. Per quanto riguarda la gestione dei dati sanitari, 70% degli intervistati hanno un livello di fiducia da alto a molto alto nei fornitori di servizi sanitari, compresi gli ospedali, seguiti dal governo (47%), mentre il settore privato (22%) gode del livello di fiducia pi\u00f9 basso. La fiducia negli ospedali e nei medici di base giustifica il loro elevato status di fonte pi\u00f9 importante di informazioni sulla salute (54%). Il personale medico \u00e8 stato per secoli un elemento centrale del sistema sanitario, ma ci sono segnali di un cambiamento verso un sistema meno incentrato sui professionisti medici e pi\u00f9 sui pazienti.<\/p>\r\n<h3><strong>I pazienti assumono un ruolo sempre pi\u00f9 attivo<\/strong><\/h3>\r\n<p>Allo stesso tempo, sta cambiando anche il ruolo dei pazienti, che assumono un ruolo pi\u00f9 attivo e una maggiore responsabilit\u00e0 personale rispetto al passato. Pertanto, 31% della popolazione non si riferisce pi\u00f9 esclusivamente a persone bisognose di cure come a pazienti. Tutti sono pazienti, siano essi sani, malati o feriti. Ci\u00f2 si riflette anche nella crescente diversit\u00e0 dei servizi di prevenzione offerti dalle compagnie di assicurazione sanitaria. Il sistema sanitario di domani dovr\u00e0 essere incentrato sul paziente e consentirgli di informarsi sulla propria salute e di impegnarsi maggiormente nelle misure preventive. Questo con l'obiettivo di promuovere una societ\u00e0 pi\u00f9 attiva e pi\u00f9 sana.<\/p>\r\n<p>\"Attualmente non stiamo realizzando il potenziale della sanit\u00e0 preventiva. La prevenzione giocher\u00e0 un ruolo fondamentale in futuro: \u00e8 l'unico modo per passare da un sistema che si concentra sui malati e sui feriti a uno orientato a mantenere tutti in salute pi\u00f9 a lungo\", spiega Philomena Colatrella, CEO della CSS.<\/p>\r\n<p>Questo va di pari passo con il desiderio dei pazienti di avere un maggiore controllo sui propri dati sanitari. 68% della popolazione vuole essere legalmente proprietaria dei propri dati sanitari personali. La cartella clinica elettronica \u00e8 un passo in questa direzione, in quanto i pazienti stessi hanno il controllo su chi pu\u00f2 accedere ai loro dati.<\/p>\r\n<h3><strong>La protezione dei dati come chiave per o contro la digitalizzazione del sistema sanitario<\/strong><\/h3>\r\n<p>La digitalizzazione presenta molti vantaggi, ma suscita anche timori tra i cittadini. 46% della popolazione teme che i propri dati vengano utilizzati in modo improprio o rubati. La protezione dei dati \u00e8 diventata di recente pi\u00f9 importante, ma in futuro dovr\u00e0 svolgere un ruolo ancora pi\u00f9 centrale nella digitalizzazione del sistema sanitario, per garantire che vengano utilizzati sistemi e server appropriati per l'archiviazione e lo scambio di dati e che si evitino abusi, archiviazioni errate o furti di dati.  \"Dobbiamo riunire tutti gli attori e i rappresentanti del sistema sanitario svizzero per consentire una transizione fluida e riuscita del sistema sanitario nel mondo digitale\", afferma Jade Sternberg. Solo insieme questa transizione pu\u00f2 avere successo, con una comunicazione trasparente e la responsabilizzazione dei pazienti\".\u00a0<\/p>\r\n<p><em>Fonte: <a href=\"http:\/\/www.digitalswitzerland.com\/\">digitalswitzerland<\/a><\/em><\/p>\r\n<blockquote>\r\n<h2>Il 45% delle persone in Svizzera rifiuta la digitalizzazione dei propri dati sanitari<\/h2>\r\n<p>In Svizzera i cittadini sono scettici riguardo alla raccolta e al trasferimento digitale dei loro dati sanitari. Quasi una persona su due non \u00e8 pronta a farlo. Questo \u00e8 il risultato del nuovo studio Deloitte \"Digitalizzazione dei dati sanitari: grandi opportunit\u00e0, grande scetticismo\". Tuttavia, la mancanza di fiducia pu\u00f2 essere rafforzata attraverso l'educazione e la trasparenza, nonch\u00e9 dimostrando i potenziali benefici dei dati sanitari digitalizzati per le persone stesse e per il sistema sanitario nel suo complesso. Da un lato, i politici sono ora chiamati a stimolare il dibattito pubblico su un sistema sanitario digitalizzato uniforme, sufficientemente protetto e monitorato e a creare le condizioni necessarie a livello federale per una sua attuazione sostenibile e uniforme. D'altro canto, i fornitori di soluzioni digitali, le istituzioni mediche e gli operatori sanitari devono impegnarsi maggiormente per conquistare la fiducia dei pazienti ed evidenziare i vantaggi della digitalizzazione. Tra i vantaggi pi\u00f9 importanti di una digitalizzazione sistematica c'\u00e8 il potenziale per una significativa <a href=\"https:\/\/www.m-q.ch\/de\/gesundheitsdienstleister-muessen-ihren-umgang-mit-daten-schaerfen\/\">Aumento dell'efficienza e dell'efficacia<\/a>Questo \u00e8 particolarmente vero per quanto riguarda l'assistenza ai pazienti e i processi sempre pi\u00f9 complessi che sono in atto da molto tempo.<\/p>\r\n<p><em>Fonte: <a href=\"https:\/\/www2.deloitte.com\/ch\/de\/pages\/about-deloitte\/articles\/about-deloitte.html\">Deloitte<\/a><\/em><\/p>\r\n<\/blockquote>\n<p class=\"syndicated-attribution\">Questo articolo \u00e8 apparso originariamente su m-q.ch - <a href=\"https:\/\/www.m-q.ch\/de\/digitalisierung-des-gesundheitssystems-schweizer-bevoelkerung-ist-reif-dazu\/\" target=\"_blank\">https:\/\/www.m-q.ch\/de\/digitalisierung-des-gesundheitssystems-schweizer-bevoelkerung-ist-reif-dazu\/<\/a><\/p>","protected":false},"excerpt":{"rendered":"<p>Die Digitalisierung hat in vielen Industriezweigen an Fahrt aufgenommen. Doch der Gesundheitssektor hinkt weit hinterher. Damit die digitale Transformation des Gesundheitssystems gelingen kann, m\u00fcssen die Bed\u00fcrfnisse und \u00c4ngste der Schweizer Bev\u00f6lkerung ber\u00fccksichtigt werden. Vor diesem Hintergrund lancierte digitalswitzerland 2022 mit Digital Health eine neue Initiative, die darauf abzielt, das gesamte Schweizer Gesundheitssystem zu digitalisieren und [\u2026]<\/p>\n","protected":false},"author":8,"featured_media":0,"comment_status":"closed","ping_status":"closed","sticky":false,"template":"","format":"standard","meta":{"_acf_changed":false,"_yoast_wpseo_focuskw":"Digitalisierung","_yoast_wpseo_metadesc":"Digitalisierung des Schweizer Gesundheitssystems: Bev\u00f6lkerung zeigt Bedenken bei Datenschutz, doch Vertrauen ist der Schl\u00fcsselfaktor.","articlekey":"","footnotes":""},"categories":[582],"tags":[],"class_list":["post-18293","post","type-post","status-publish","format-standard","hentry","category-operational-excellence"],"acf":[],"yoast_head":"<!-- This site is optimized with the Yoast SEO plugin v27.5 - https:\/\/yoast.com\/product\/yoast-seo-wordpress\/ -->\n<title>Digitalisierung des Gesundheitssystems: Schweizer Bev\u00f6lkerung ist reif dazu - Organisator<\/title>\n<meta name=\"description\" content=\"Digitalisierung des Schweizer Gesundheitssystems: Bev\u00f6lkerung zeigt Bedenken bei Datenschutz, doch Vertrauen ist der Schl\u00fcsselfaktor.\" \/>\n<meta name=\"robots\" content=\"index, follow, max-snippet:-1, max-image-preview:large, max-video-preview:-1\" \/>\n<link rel=\"canonical\" href=\"https:\/\/www.organisator.ch\/it\/eccellenza-operativa\/2022-12-15\/digitalisierung-des-gesundheitssystems-schweizer-bevoelkerung-ist-reif-dazu\/\" \/>\n<meta property=\"og:locale\" content=\"it_IT\" \/>\n<meta property=\"og:type\" content=\"article\" \/>\n<meta property=\"og:title\" content=\"Digitalisierung des Gesundheitssystems: Schweizer Bev\u00f6lkerung ist reif dazu - Organisator\" \/>\n<meta property=\"og:description\" content=\"Digitalisierung des Schweizer Gesundheitssystems: Bev\u00f6lkerung zeigt Bedenken bei Datenschutz, doch Vertrauen ist der Schl\u00fcsselfaktor.\" \/>\n<meta property=\"og:url\" content=\"https:\/\/www.organisator.ch\/it\/eccellenza-operativa\/2022-12-15\/digitalisierung-des-gesundheitssystems-schweizer-bevoelkerung-ist-reif-dazu\/\" \/>\n<meta property=\"og:site_name\" content=\"Organisator\" \/>\n<meta property=\"article:publisher\" content=\"https:\/\/www.facebook.com\/OrganisatorFachmagazin\" \/>\n<meta property=\"article:published_time\" content=\"2022-12-15T08:16:23+00:00\" \/>\n<meta property=\"article:modified_time\" content=\"2024-11-19T12:46:55+00:00\" \/>\n<meta name=\"author\" content=\"galledia\" \/>\n<meta name=\"twitter:card\" content=\"summary_large_image\" \/>\n<meta name=\"twitter:creator\" content=\"@admin\" \/>\n<script type=\"application\/ld+json\" class=\"yoast-schema-graph\">{\"@context\":\"https:\\\/\\\/schema.org\",\"@graph\":[{\"@type\":\"Article\",\"@id\":\"https:\\\/\\\/www.organisator.ch\\\/operational-excellence\\\/2022-12-15\\\/digitalisierung-des-gesundheitssystems-schweizer-bevoelkerung-ist-reif-dazu\\\/#article\",\"isPartOf\":{\"@id\":\"https:\\\/\\\/www.organisator.ch\\\/operational-excellence\\\/2022-12-15\\\/digitalisierung-des-gesundheitssystems-schweizer-bevoelkerung-ist-reif-dazu\\\/\"},\"author\":{\"name\":\"galledia\",\"@id\":\"https:\\\/\\\/www.organisator.ch\\\/#\\\/schema\\\/person\\\/4e51799071cd2dd1232ac003643ef5f0\"},\"headline\":\"Digitalisierung des Gesundheitssystems: Schweizer Bev\u00f6lkerung ist reif dazu\",\"datePublished\":\"2022-12-15T08:16:23+00:00\",\"dateModified\":\"2024-11-19T12:46:55+00:00\",\"mainEntityOfPage\":{\"@id\":\"https:\\\/\\\/www.organisator.ch\\\/operational-excellence\\\/2022-12-15\\\/digitalisierung-des-gesundheitssystems-schweizer-bevoelkerung-ist-reif-dazu\\\/\"},\"wordCount\":932,\"publisher\":{\"@id\":\"https:\\\/\\\/www.organisator.ch\\\/#organization\"},\"image\":{\"@id\":\"https:\\\/\\\/www.organisator.ch\\\/operational-excellence\\\/2022-12-15\\\/digitalisierung-des-gesundheitssystems-schweizer-bevoelkerung-ist-reif-dazu\\\/#primaryimage\"},\"thumbnailUrl\":\"https:\\\/\\\/www.m-q.ch\\\/wp-content\\\/uploads\\\/2022\\\/12\\\/Digitalisierung-des-Gesundheitssystems-Schweizer-Bevoelkerung-ist-reif-dazu_MQ.jpg\",\"articleSection\":[\"OPERATIONAL EXCELLENCE\"],\"inLanguage\":\"it-IT\"},{\"@type\":\"WebPage\",\"@id\":\"https:\\\/\\\/www.organisator.ch\\\/operational-excellence\\\/2022-12-15\\\/digitalisierung-des-gesundheitssystems-schweizer-bevoelkerung-ist-reif-dazu\\\/\",\"url\":\"https:\\\/\\\/www.organisator.ch\\\/operational-excellence\\\/2022-12-15\\\/digitalisierung-des-gesundheitssystems-schweizer-bevoelkerung-ist-reif-dazu\\\/\",\"name\":\"Digitalisierung des Gesundheitssystems: Schweizer Bev\u00f6lkerung ist reif dazu - Organisator\",\"isPartOf\":{\"@id\":\"https:\\\/\\\/www.organisator.ch\\\/#website\"},\"primaryImageOfPage\":{\"@id\":\"https:\\\/\\\/www.organisator.ch\\\/operational-excellence\\\/2022-12-15\\\/digitalisierung-des-gesundheitssystems-schweizer-bevoelkerung-ist-reif-dazu\\\/#primaryimage\"},\"image\":{\"@id\":\"https:\\\/\\\/www.organisator.ch\\\/operational-excellence\\\/2022-12-15\\\/digitalisierung-des-gesundheitssystems-schweizer-bevoelkerung-ist-reif-dazu\\\/#primaryimage\"},\"thumbnailUrl\":\"https:\\\/\\\/www.m-q.ch\\\/wp-content\\\/uploads\\\/2022\\\/12\\\/Digitalisierung-des-Gesundheitssystems-Schweizer-Bevoelkerung-ist-reif-dazu_MQ.jpg\",\"datePublished\":\"2022-12-15T08:16:23+00:00\",\"dateModified\":\"2024-11-19T12:46:55+00:00\",\"description\":\"Digitalisierung des Schweizer Gesundheitssystems: Bev\u00f6lkerung zeigt Bedenken bei Datenschutz, doch Vertrauen ist der Schl\u00fcsselfaktor.\",\"breadcrumb\":{\"@id\":\"https:\\\/\\\/www.organisator.ch\\\/operational-excellence\\\/2022-12-15\\\/digitalisierung-des-gesundheitssystems-schweizer-bevoelkerung-ist-reif-dazu\\\/#breadcrumb\"},\"inLanguage\":\"it-IT\",\"potentialAction\":[{\"@type\":\"ReadAction\",\"target\":[\"https:\\\/\\\/www.organisator.ch\\\/operational-excellence\\\/2022-12-15\\\/digitalisierung-des-gesundheitssystems-schweizer-bevoelkerung-ist-reif-dazu\\\/\"]}]},{\"@type\":\"ImageObject\",\"inLanguage\":\"it-IT\",\"@id\":\"https:\\\/\\\/www.organisator.ch\\\/operational-excellence\\\/2022-12-15\\\/digitalisierung-des-gesundheitssystems-schweizer-bevoelkerung-ist-reif-dazu\\\/#primaryimage\",\"url\":\"https:\\\/\\\/www.m-q.ch\\\/wp-content\\\/uploads\\\/2022\\\/12\\\/Digitalisierung-des-Gesundheitssystems-Schweizer-Bevoelkerung-ist-reif-dazu_MQ.jpg\",\"contentUrl\":\"https:\\\/\\\/www.m-q.ch\\\/wp-content\\\/uploads\\\/2022\\\/12\\\/Digitalisierung-des-Gesundheitssystems-Schweizer-Bevoelkerung-ist-reif-dazu_MQ.jpg\"},{\"@type\":\"BreadcrumbList\",\"@id\":\"https:\\\/\\\/www.organisator.ch\\\/operational-excellence\\\/2022-12-15\\\/digitalisierung-des-gesundheitssystems-schweizer-bevoelkerung-ist-reif-dazu\\\/#breadcrumb\",\"itemListElement\":[{\"@type\":\"ListItem\",\"position\":1,\"name\":\"Home\",\"item\":\"https:\\\/\\\/www.organisator.ch\\\/\"},{\"@type\":\"ListItem\",\"position\":2,\"name\":\"Digitalisierung des Gesundheitssystems: Schweizer Bev\u00f6lkerung ist reif dazu\"}]},{\"@type\":\"WebSite\",\"@id\":\"https:\\\/\\\/www.organisator.ch\\\/#website\",\"url\":\"https:\\\/\\\/www.organisator.ch\\\/\",\"name\":\"Organisator\",\"description\":\"Kompetent. Praxisnah. Der ORGANISATOR bereitet in 10 Ausgaben pro Jahr die wesentlichen Themen f\u00fcr F\u00fchrungskr\u00e4fte von KMU auf.\",\"publisher\":{\"@id\":\"https:\\\/\\\/www.organisator.ch\\\/#organization\"},\"potentialAction\":[{\"@type\":\"SearchAction\",\"target\":{\"@type\":\"EntryPoint\",\"urlTemplate\":\"https:\\\/\\\/www.organisator.ch\\\/?s={search_term_string}\"},\"query-input\":{\"@type\":\"PropertyValueSpecification\",\"valueRequired\":true,\"valueName\":\"search_term_string\"}}],\"inLanguage\":\"it-IT\"},{\"@type\":\"Organization\",\"@id\":\"https:\\\/\\\/www.organisator.ch\\\/#organization\",\"name\":\"Organisator\",\"url\":\"https:\\\/\\\/www.organisator.ch\\\/\",\"logo\":{\"@type\":\"ImageObject\",\"inLanguage\":\"it-IT\",\"@id\":\"https:\\\/\\\/www.organisator.ch\\\/#\\\/schema\\\/logo\\\/image\\\/\",\"url\":\"https:\\\/\\\/www.organisator.ch\\\/wp-content\\\/uploads\\\/2022\\\/01\\\/Logo_Organisator_Website.png\",\"contentUrl\":\"https:\\\/\\\/www.organisator.ch\\\/wp-content\\\/uploads\\\/2022\\\/01\\\/Logo_Organisator_Website.png\",\"width\":800,\"height\":77,\"caption\":\"Organisator\"},\"image\":{\"@id\":\"https:\\\/\\\/www.organisator.ch\\\/#\\\/schema\\\/logo\\\/image\\\/\"},\"sameAs\":[\"https:\\\/\\\/www.facebook.com\\\/OrganisatorFachmagazin\",\"https:\\\/\\\/www.linkedin.com\\\/showcase\\\/organisator-das-magazin-fr-kmu\",\"https:\\\/\\\/www.xing.com\\\/news\\\/pages\\\/organisator-ch-695\",\"https:\\\/\\\/www.youtube.com\\\/channel\\\/UCGP2Sq0iWaZwT3BdIAQFYpw\"]},{\"@type\":\"Person\",\"@id\":\"https:\\\/\\\/www.organisator.ch\\\/#\\\/schema\\\/person\\\/4e51799071cd2dd1232ac003643ef5f0\",\"name\":\"galledia\",\"image\":{\"@type\":\"ImageObject\",\"inLanguage\":\"it-IT\",\"@id\":\"https:\\\/\\\/secure.gravatar.com\\\/avatar\\\/78a7f90c01fc2bfc875782a0d4922b37cde2cf184ce347b91316d23cd7f69a36?s=96&d=mm&r=g\",\"url\":\"https:\\\/\\\/secure.gravatar.com\\\/avatar\\\/78a7f90c01fc2bfc875782a0d4922b37cde2cf184ce347b91316d23cd7f69a36?s=96&d=mm&r=g\",\"contentUrl\":\"https:\\\/\\\/secure.gravatar.com\\\/avatar\\\/78a7f90c01fc2bfc875782a0d4922b37cde2cf184ce347b91316d23cd7f69a36?s=96&d=mm&r=g\",\"caption\":\"galledia\"},\"sameAs\":[\"https:\\\/\\\/x.com\\\/admin\"],\"url\":\"https:\\\/\\\/www.organisator.ch\\\/it\\\/author\\\/galledia\\\/\"}]}<\/script>\n<!-- \/ Yoast SEO plugin. -->","yoast_head_json":{"title":"Digitalizzazione del sistema sanitario: la popolazione svizzera \u00e8 pronta - Organizzatore","description":"Digitalizzazione del sistema sanitario svizzero: la popolazione esprime preoccupazioni sulla protezione dei dati, ma la fiducia \u00e8 il fattore chiave","robots":{"index":"index","follow":"follow","max-snippet":"max-snippet:-1","max-image-preview":"max-image-preview:large","max-video-preview":"max-video-preview:-1"},"canonical":"https:\/\/www.organisator.ch\/it\/eccellenza-operativa\/2022-12-15\/digitalisierung-des-gesundheitssystems-schweizer-bevoelkerung-ist-reif-dazu\/","og_locale":"it_IT","og_type":"article","og_title":"Digitalisierung des Gesundheitssystems: Schweizer Bev\u00f6lkerung ist reif dazu - Organisator","og_description":"Digitalisierung des Schweizer Gesundheitssystems: Bev\u00f6lkerung zeigt Bedenken bei Datenschutz, doch Vertrauen ist der Schl\u00fcsselfaktor.","og_url":"https:\/\/www.organisator.ch\/it\/eccellenza-operativa\/2022-12-15\/digitalisierung-des-gesundheitssystems-schweizer-bevoelkerung-ist-reif-dazu\/","og_site_name":"Organisator","article_publisher":"https:\/\/www.facebook.com\/OrganisatorFachmagazin","article_published_time":"2022-12-15T08:16:23+00:00","article_modified_time":"2024-11-19T12:46:55+00:00","author":"galledia","twitter_card":"summary_large_image","twitter_creator":"@admin","schema":{"@context":"https:\/\/schema.org","@graph":[{"@type":"Article","@id":"https:\/\/www.organisator.ch\/operational-excellence\/2022-12-15\/digitalisierung-des-gesundheitssystems-schweizer-bevoelkerung-ist-reif-dazu\/#article","isPartOf":{"@id":"https:\/\/www.organisator.ch\/operational-excellence\/2022-12-15\/digitalisierung-des-gesundheitssystems-schweizer-bevoelkerung-ist-reif-dazu\/"},"author":{"name":"galledia","@id":"https:\/\/www.organisator.ch\/#\/schema\/person\/4e51799071cd2dd1232ac003643ef5f0"},"headline":"Digitalisierung des Gesundheitssystems: Schweizer Bev\u00f6lkerung ist reif dazu","datePublished":"2022-12-15T08:16:23+00:00","dateModified":"2024-11-19T12:46:55+00:00","mainEntityOfPage":{"@id":"https:\/\/www.organisator.ch\/operational-excellence\/2022-12-15\/digitalisierung-des-gesundheitssystems-schweizer-bevoelkerung-ist-reif-dazu\/"},"wordCount":932,"publisher":{"@id":"https:\/\/www.organisator.ch\/#organization"},"image":{"@id":"https:\/\/www.organisator.ch\/operational-excellence\/2022-12-15\/digitalisierung-des-gesundheitssystems-schweizer-bevoelkerung-ist-reif-dazu\/#primaryimage"},"thumbnailUrl":"https:\/\/www.m-q.ch\/wp-content\/uploads\/2022\/12\/Digitalisierung-des-Gesundheitssystems-Schweizer-Bevoelkerung-ist-reif-dazu_MQ.jpg","articleSection":["OPERATIONAL EXCELLENCE"],"inLanguage":"it-IT"},{"@type":"WebPage","@id":"https:\/\/www.organisator.ch\/operational-excellence\/2022-12-15\/digitalisierung-des-gesundheitssystems-schweizer-bevoelkerung-ist-reif-dazu\/","url":"https:\/\/www.organisator.ch\/operational-excellence\/2022-12-15\/digitalisierung-des-gesundheitssystems-schweizer-bevoelkerung-ist-reif-dazu\/","name":"Digitalizzazione del sistema sanitario: la popolazione svizzera \u00e8 pronta - Organizzatore","isPartOf":{"@id":"https:\/\/www.organisator.ch\/#website"},"primaryImageOfPage":{"@id":"https:\/\/www.organisator.ch\/operational-excellence\/2022-12-15\/digitalisierung-des-gesundheitssystems-schweizer-bevoelkerung-ist-reif-dazu\/#primaryimage"},"image":{"@id":"https:\/\/www.organisator.ch\/operational-excellence\/2022-12-15\/digitalisierung-des-gesundheitssystems-schweizer-bevoelkerung-ist-reif-dazu\/#primaryimage"},"thumbnailUrl":"https:\/\/www.m-q.ch\/wp-content\/uploads\/2022\/12\/Digitalisierung-des-Gesundheitssystems-Schweizer-Bevoelkerung-ist-reif-dazu_MQ.jpg","datePublished":"2022-12-15T08:16:23+00:00","dateModified":"2024-11-19T12:46:55+00:00","description":"Digitalizzazione del sistema sanitario svizzero: la popolazione esprime preoccupazioni sulla protezione dei dati, ma la fiducia \u00e8 il fattore chiave","breadcrumb":{"@id":"https:\/\/www.organisator.ch\/operational-excellence\/2022-12-15\/digitalisierung-des-gesundheitssystems-schweizer-bevoelkerung-ist-reif-dazu\/#breadcrumb"},"inLanguage":"it-IT","potentialAction":[{"@type":"ReadAction","target":["https:\/\/www.organisator.ch\/operational-excellence\/2022-12-15\/digitalisierung-des-gesundheitssystems-schweizer-bevoelkerung-ist-reif-dazu\/"]}]},{"@type":"ImageObject","inLanguage":"it-IT","@id":"https:\/\/www.organisator.ch\/operational-excellence\/2022-12-15\/digitalisierung-des-gesundheitssystems-schweizer-bevoelkerung-ist-reif-dazu\/#primaryimage","url":"https:\/\/www.m-q.ch\/wp-content\/uploads\/2022\/12\/Digitalisierung-des-Gesundheitssystems-Schweizer-Bevoelkerung-ist-reif-dazu_MQ.jpg","contentUrl":"https:\/\/www.m-q.ch\/wp-content\/uploads\/2022\/12\/Digitalisierung-des-Gesundheitssystems-Schweizer-Bevoelkerung-ist-reif-dazu_MQ.jpg"},{"@type":"BreadcrumbList","@id":"https:\/\/www.organisator.ch\/operational-excellence\/2022-12-15\/digitalisierung-des-gesundheitssystems-schweizer-bevoelkerung-ist-reif-dazu\/#breadcrumb","itemListElement":[{"@type":"ListItem","position":1,"name":"Home","item":"https:\/\/www.organisator.ch\/"},{"@type":"ListItem","position":2,"name":"Digitalisierung des Gesundheitssystems: Schweizer Bev\u00f6lkerung ist reif dazu"}]},{"@type":"WebSite","@id":"https:\/\/www.organisator.ch\/#website","url":"https:\/\/www.organisator.ch\/","name":"Organizzatore","description":"Competente. Pratico. In 10 numeri all'anno, ORGANISATOR presenta i temi essenziali per i manager delle PMI.","publisher":{"@id":"https:\/\/www.organisator.ch\/#organization"},"potentialAction":[{"@type":"SearchAction","target":{"@type":"EntryPoint","urlTemplate":"https:\/\/www.organisator.ch\/?s={search_term_string}"},"query-input":{"@type":"PropertyValueSpecification","valueRequired":true,"valueName":"search_term_string"}}],"inLanguage":"it-IT"},{"@type":"Organization","@id":"https:\/\/www.organisator.ch\/#organization","name":"Organizzatore","url":"https:\/\/www.organisator.ch\/","logo":{"@type":"ImageObject","inLanguage":"it-IT","@id":"https:\/\/www.organisator.ch\/#\/schema\/logo\/image\/","url":"https:\/\/www.organisator.ch\/wp-content\/uploads\/2022\/01\/Logo_Organisator_Website.png","contentUrl":"https:\/\/www.organisator.ch\/wp-content\/uploads\/2022\/01\/Logo_Organisator_Website.png","width":800,"height":77,"caption":"Organisator"},"image":{"@id":"https:\/\/www.organisator.ch\/#\/schema\/logo\/image\/"},"sameAs":["https:\/\/www.facebook.com\/OrganisatorFachmagazin","https:\/\/www.linkedin.com\/showcase\/organisator-das-magazin-fr-kmu","https:\/\/www.xing.com\/news\/pages\/organisator-ch-695","https:\/\/www.youtube.com\/channel\/UCGP2Sq0iWaZwT3BdIAQFYpw"]},{"@type":"Person","@id":"https:\/\/www.organisator.ch\/#\/schema\/person\/4e51799071cd2dd1232ac003643ef5f0","name":"galledia","image":{"@type":"ImageObject","inLanguage":"it-IT","@id":"https:\/\/secure.gravatar.com\/avatar\/78a7f90c01fc2bfc875782a0d4922b37cde2cf184ce347b91316d23cd7f69a36?s=96&d=mm&r=g","url":"https:\/\/secure.gravatar.com\/avatar\/78a7f90c01fc2bfc875782a0d4922b37cde2cf184ce347b91316d23cd7f69a36?s=96&d=mm&r=g","contentUrl":"https:\/\/secure.gravatar.com\/avatar\/78a7f90c01fc2bfc875782a0d4922b37cde2cf184ce347b91316d23cd7f69a36?s=96&d=mm&r=g","caption":"galledia"},"sameAs":["https:\/\/x.com\/admin"],"url":"https:\/\/www.organisator.ch\/it\/author\/galledia\/"}]}},"_links":{"self":[{"href":"https:\/\/www.organisator.ch\/it\/wp-json\/wp\/v2\/posts\/18293","targetHints":{"allow":["GET"]}}],"collection":[{"href":"https:\/\/www.organisator.ch\/it\/wp-json\/wp\/v2\/posts"}],"about":[{"href":"https:\/\/www.organisator.ch\/it\/wp-json\/wp\/v2\/types\/post"}],"author":[{"embeddable":true,"href":"https:\/\/www.organisator.ch\/it\/wp-json\/wp\/v2\/users\/8"}],"replies":[{"embeddable":true,"href":"https:\/\/www.organisator.ch\/it\/wp-json\/wp\/v2\/comments?post=18293"}],"version-history":[{"count":3,"href":"https:\/\/www.organisator.ch\/it\/wp-json\/wp\/v2\/posts\/18293\/revisions"}],"predecessor-version":[{"id":33507,"href":"https:\/\/www.organisator.ch\/it\/wp-json\/wp\/v2\/posts\/18293\/revisions\/33507"}],"wp:attachment":[{"href":"https:\/\/www.organisator.ch\/it\/wp-json\/wp\/v2\/media?parent=18293"}],"wp:term":[{"taxonomy":"category","embeddable":true,"href":"https:\/\/www.organisator.ch\/it\/wp-json\/wp\/v2\/categories?post=18293"},{"taxonomy":"post_tag","embeddable":true,"href":"https:\/\/www.organisator.ch\/it\/wp-json\/wp\/v2\/tags?post=18293"}],"curies":[{"name":"wp","href":"https:\/\/api.w.org\/{rel}","templated":true}]}}