{"id":18301,"date":"2022-12-15T13:29:13","date_gmt":"2022-12-15T12:29:13","guid":{"rendered":"https:\/\/www.organisator.ch\/?p=18301"},"modified":"2022-12-15T13:29:13","modified_gmt":"2022-12-15T12:29:13","slug":"graphax-mit-neu-aufgestellter-und-ausgebauter-geschaeftsleitung","status":"publish","type":"post","link":"https:\/\/www.organisator.ch\/it\/management\/2022-12-15\/graphax-mit-neu-aufgestellter-und-ausgebauter-geschaeftsleitung\/","title":{"rendered":"Graphax con un nuovo team di gestione ampliato"},"content":{"rendered":"<figure id=\"attachment_18302\" aria-describedby=\"caption-attachment-18302\" style=\"width: 680px\" class=\"wp-caption alignnone\"><img loading=\"lazy\" decoding=\"async\" class=\"size-full wp-image-18302\" src=\"https:\/\/www.organisator.ch\/wp-content\/uploads\/2022\/12\/Graphax-mit-neu-aufgestellter-und-ausgebauter-Geschaeftsleitung_Organisator.jpg\" alt=\"\" width=\"680\" height=\"453\" srcset=\"https:\/\/www.organisator.ch\/wp-content\/uploads\/2022\/12\/Graphax-mit-neu-aufgestellter-und-ausgebauter-Geschaeftsleitung_Organisator.jpg 680w, https:\/\/www.organisator.ch\/wp-content\/uploads\/2022\/12\/Graphax-mit-neu-aufgestellter-und-ausgebauter-Geschaeftsleitung_Organisator-18x12.jpg 18w, https:\/\/www.organisator.ch\/wp-content\/uploads\/2022\/12\/Graphax-mit-neu-aufgestellter-und-ausgebauter-Geschaeftsleitung_Organisator-375x250.jpg 375w, https:\/\/www.organisator.ch\/wp-content\/uploads\/2022\/12\/Graphax-mit-neu-aufgestellter-und-ausgebauter-Geschaeftsleitung_Organisator-525x350.jpg 525w\" sizes=\"auto, (max-width: 680px) 100vw, 680px\" \/><figcaption id=\"caption-attachment-18302\" class=\"wp-caption-text\">Il nuovo Comitato esecutivo di Graphax. (Immagine: zVg \/ Graphax AG)<\/figcaption><\/figure>\n<p>Graphax ha ristrutturato e ampliato il suo team di gestione. Con effetto immediato, Juan Chenevard, in qualit\u00e0 di CEO, ha la responsabilit\u00e0 generale dell'azienda con i suoi 190 dipendenti e le otto filiali nella Svizzera tedesca e francese. Juan Chenevard lavora per l'azienda da 14 anni, da ultimo nel ruolo di CSO. Sar\u00e0 supportato da un nuovo e pi\u00f9 ampio team di gestione esecutiva che sar\u00e0 formato nel 2022. \"Nei prossimi mesi continueremo a implementare costantemente la nostra strategia di digitalizzazione e ad ampliare il nostro portafoglio di servizi per renderlo ancora pi\u00f9 specifico per i clienti. Nel farlo, non trascureremo i nostri valori interni, poich\u00e9 la cultura aziendale di Graphax, sviluppata nel corso di quasi 5 decenni, ha sempre superato la prova del tempo, soprattutto in tempi difficili. Ci teniamo molto a questo e ci sentiamo in dovere di portare avanti l'azienda con questo spirito\", afferma il nuovo CEO.<\/p>\n<p>Manuel Marquina (COO) \u00e8 responsabile dell'orientamento al cliente nel servizio clienti e del suo ulteriore sviluppo. Si occuper\u00e0 inoltre della trasformazione digitale delle operazioni e dell'espansione della struttura di servizi in tutta la Svizzera. Sonja Nobs, da molti anni responsabile del marketing di Graphax AG, \u00e8 stata appena nominata nel consiglio di amministrazione come CMO, con l'obiettivo di ampliare strategicamente e operativamente il dialogo con i clienti nel mondo digitale e di promuovere le aree di crescita dei vari settori di attivit\u00e0. Thomas Fux \u00e8 entrato a far parte della storica azienda Graphax in qualit\u00e0 di CFO. Oltre ai compiti classici, lo specialista finanziario si occuper\u00e0 anche di analisi strategiche per migliorare ulteriormente i processi operativi ed essere in grado di prendere decisioni rilevanti dal punto di vista dei costi.<\/p>\n<p>A causa dei compiti di gestione strategica derivanti dalla trasformazione digitale e al fine di gestire l'esperienza del cliente in modo olistico, nuove responsabilit\u00e0 devono essere attribuite alla gestione strategica, secondo la dichiarazione. In stretta collaborazione, il nuovo management svilupper\u00e0 misure agili che saranno necessarie in futuro per espandere con successo la fidelizzazione e l'acquisizione dei clienti.<\/p>\n<p><a href=\"http:\/\/www.graphax.ch\"><em>Fonte e ulteriori informazioni<\/em><\/a><\/p>","protected":false},"excerpt":{"rendered":"<p>Graphax hat seine Gesch\u00e4ftsleitung neu aufgestellt und ausgebaut. Ab sofort tr\u00e4gt Juan Chenevard als CEO die Gesamtverantwortung des Unternehmens mit seinen 190 Mitarbeitenden und acht Filialen in der Deutsch- und Westschweiz. Juan Chenevard ist schon seit 14 Jahren f\u00fcr das Unternehmen t\u00e4tig, zuletzt in der Rolle des CSO. Er wird durch eine im Jahr 2022 [&hellip;]<\/p>\n","protected":false},"author":4,"featured_media":18302,"comment_status":"closed","ping_status":"closed","sticky":false,"template":"","format":"standard","meta":{"_acf_changed":false,"_yoast_wpseo_focuskw":"Graphax","_yoast_wpseo_metadesc":"Graphax, Anbieter f\u00fcr Digitalisierungsl\u00f6sungen und Office-Automation, startet in das kommende Gesch\u00e4ftsjahr mit neuer Gesch\u00e4ftsleitung.","articlekey":"","footnotes":""},"categories":[28],"tags":[335,381,492],"class_list":["post-18301","post","type-post","status-publish","format-standard","has-post-thumbnail","hentry","category-management","tag-management-und-unternehmensfuehrung","tag-personalia","tag-unternehmen"],"acf":[],"yoast_head":"<!-- This site is optimized with the Yoast SEO plugin v27.5 - https:\/\/yoast.com\/product\/yoast-seo-wordpress\/ -->\n<title>Graphax mit neu aufgestellter und ausgebauter Gesch\u00e4ftsleitung - Organisator<\/title>\n<meta name=\"description\" content=\"Graphax, Anbieter f\u00fcr Digitalisierungsl\u00f6sungen und Office-Automation, startet in das kommende Gesch\u00e4ftsjahr mit neuer Gesch\u00e4ftsleitung.\" \/>\n<meta name=\"robots\" content=\"index, follow, max-snippet:-1, max-image-preview:large, max-video-preview:-1\" \/>\n<link rel=\"canonical\" href=\"https:\/\/www.organisator.ch\/it\/gestione-2\/2022-12-15\/graphax-mit-neu-aufgestellter-und-ausgebauter-geschaeftsleitung\/\" \/>\n<meta property=\"og:locale\" content=\"it_IT\" \/>\n<meta property=\"og:type\" content=\"article\" \/>\n<meta property=\"og:title\" content=\"Graphax mit neu aufgestellter und ausgebauter Gesch\u00e4ftsleitung\" \/>\n<meta property=\"og:description\" content=\"Graphax, Anbieter f\u00fcr Digitalisierungsl\u00f6sungen und Office-Automation, startet in das kommende Gesch\u00e4ftsjahr mit neuer Gesch\u00e4ftsleitung.\" \/>\n<meta property=\"og:url\" content=\"https:\/\/www.organisator.ch\/it\/gestione-2\/2022-12-15\/graphax-mit-neu-aufgestellter-und-ausgebauter-geschaeftsleitung\/\" \/>\n<meta property=\"og:site_name\" content=\"Organisator\" \/>\n<meta property=\"article:publisher\" content=\"https:\/\/www.facebook.com\/OrganisatorFachmagazin\" \/>\n<meta property=\"article:published_time\" content=\"2022-12-15T12:29:13+00:00\" \/>\n<meta property=\"og:image\" content=\"https:\/\/www.organisator.ch\/wp-content\/uploads\/2022\/12\/Graphax-mit-neu-aufgestellter-und-ausgebauter-Geschaeftsleitung_Organisator.jpg\" \/>\n\t<meta property=\"og:image:width\" content=\"680\" \/>\n\t<meta property=\"og:image:height\" content=\"453\" \/>\n\t<meta property=\"og:image:type\" content=\"image\/jpeg\" \/>\n<meta name=\"author\" content=\"thomas.berner\" \/>\n<meta name=\"twitter:card\" content=\"summary_large_image\" \/>\n<meta name=\"twitter:title\" content=\"#Graphax mit neu aufgestellter und ausgebauter #Gesch\u00e4ftsleitung\" \/>\n<meta name=\"twitter:description\" content=\"#Graphax, Anbieter f\u00fcr Digitalisierungsl\u00f6sungen und #Office-Automation, startet in das kommende Gesch\u00e4ftsjahr mit neuer #Gesch\u00e4ftsleitung.\" \/>\n<meta name=\"twitter:image\" content=\"https:\/\/www.organisator.ch\/wp-content\/uploads\/2022\/12\/Graphax-mit-neu-aufgestellter-und-ausgebauter-Geschaeftsleitung_Organisator.jpg\" \/>\n<script type=\"application\/ld+json\" class=\"yoast-schema-graph\">{\"@context\":\"https:\\\/\\\/schema.org\",\"@graph\":[{\"@type\":\"Article\",\"@id\":\"https:\\\/\\\/www.organisator.ch\\\/management\\\/2022-12-15\\\/graphax-mit-neu-aufgestellter-und-ausgebauter-geschaeftsleitung\\\/#article\",\"isPartOf\":{\"@id\":\"https:\\\/\\\/www.organisator.ch\\\/management\\\/2022-12-15\\\/graphax-mit-neu-aufgestellter-und-ausgebauter-geschaeftsleitung\\\/\"},\"author\":{\"name\":\"thomas.berner\",\"@id\":\"https:\\\/\\\/www.organisator.ch\\\/#\\\/schema\\\/person\\\/6f650f90b2842cd4c0cc334b4e36f67e\"},\"headline\":\"Graphax mit neu aufgestellter und ausgebauter Gesch\u00e4ftsleitung\",\"datePublished\":\"2022-12-15T12:29:13+00:00\",\"mainEntityOfPage\":{\"@id\":\"https:\\\/\\\/www.organisator.ch\\\/management\\\/2022-12-15\\\/graphax-mit-neu-aufgestellter-und-ausgebauter-geschaeftsleitung\\\/\"},\"wordCount\":331,\"publisher\":{\"@id\":\"https:\\\/\\\/www.organisator.ch\\\/#organization\"},\"image\":{\"@id\":\"https:\\\/\\\/www.organisator.ch\\\/management\\\/2022-12-15\\\/graphax-mit-neu-aufgestellter-und-ausgebauter-geschaeftsleitung\\\/#primaryimage\"},\"thumbnailUrl\":\"https:\\\/\\\/www.organisator.ch\\\/wp-content\\\/uploads\\\/2022\\\/12\\\/Graphax-mit-neu-aufgestellter-und-ausgebauter-Geschaeftsleitung_Organisator.jpg\",\"keywords\":[\"Management und Unternehmensf\u00fchrung\",\"Personalia\",\"Unternehmen\"],\"articleSection\":[\"MANAGEMENT\"],\"inLanguage\":\"it-IT\"},{\"@type\":\"WebPage\",\"@id\":\"https:\\\/\\\/www.organisator.ch\\\/management\\\/2022-12-15\\\/graphax-mit-neu-aufgestellter-und-ausgebauter-geschaeftsleitung\\\/\",\"url\":\"https:\\\/\\\/www.organisator.ch\\\/management\\\/2022-12-15\\\/graphax-mit-neu-aufgestellter-und-ausgebauter-geschaeftsleitung\\\/\",\"name\":\"Graphax mit neu aufgestellter und ausgebauter Gesch\u00e4ftsleitung - Organisator\",\"isPartOf\":{\"@id\":\"https:\\\/\\\/www.organisator.ch\\\/#website\"},\"primaryImageOfPage\":{\"@id\":\"https:\\\/\\\/www.organisator.ch\\\/management\\\/2022-12-15\\\/graphax-mit-neu-aufgestellter-und-ausgebauter-geschaeftsleitung\\\/#primaryimage\"},\"image\":{\"@id\":\"https:\\\/\\\/www.organisator.ch\\\/management\\\/2022-12-15\\\/graphax-mit-neu-aufgestellter-und-ausgebauter-geschaeftsleitung\\\/#primaryimage\"},\"thumbnailUrl\":\"https:\\\/\\\/www.organisator.ch\\\/wp-content\\\/uploads\\\/2022\\\/12\\\/Graphax-mit-neu-aufgestellter-und-ausgebauter-Geschaeftsleitung_Organisator.jpg\",\"datePublished\":\"2022-12-15T12:29:13+00:00\",\"description\":\"Graphax, Anbieter f\u00fcr Digitalisierungsl\u00f6sungen und Office-Automation, startet in das kommende Gesch\u00e4ftsjahr mit neuer Gesch\u00e4ftsleitung.\",\"breadcrumb\":{\"@id\":\"https:\\\/\\\/www.organisator.ch\\\/management\\\/2022-12-15\\\/graphax-mit-neu-aufgestellter-und-ausgebauter-geschaeftsleitung\\\/#breadcrumb\"},\"inLanguage\":\"it-IT\",\"potentialAction\":[{\"@type\":\"ReadAction\",\"target\":[\"https:\\\/\\\/www.organisator.ch\\\/management\\\/2022-12-15\\\/graphax-mit-neu-aufgestellter-und-ausgebauter-geschaeftsleitung\\\/\"]}]},{\"@type\":\"ImageObject\",\"inLanguage\":\"it-IT\",\"@id\":\"https:\\\/\\\/www.organisator.ch\\\/management\\\/2022-12-15\\\/graphax-mit-neu-aufgestellter-und-ausgebauter-geschaeftsleitung\\\/#primaryimage\",\"url\":\"https:\\\/\\\/www.organisator.ch\\\/wp-content\\\/uploads\\\/2022\\\/12\\\/Graphax-mit-neu-aufgestellter-und-ausgebauter-Geschaeftsleitung_Organisator.jpg\",\"contentUrl\":\"https:\\\/\\\/www.organisator.ch\\\/wp-content\\\/uploads\\\/2022\\\/12\\\/Graphax-mit-neu-aufgestellter-und-ausgebauter-Geschaeftsleitung_Organisator.jpg\",\"width\":680,\"height\":453,\"caption\":\"Die neu zusammengesetzte Gesch\u00e4ftsleitung von Graphax. (Bild: zVg \\\/ Graphax AG)\"},{\"@type\":\"BreadcrumbList\",\"@id\":\"https:\\\/\\\/www.organisator.ch\\\/management\\\/2022-12-15\\\/graphax-mit-neu-aufgestellter-und-ausgebauter-geschaeftsleitung\\\/#breadcrumb\",\"itemListElement\":[{\"@type\":\"ListItem\",\"position\":1,\"name\":\"Home\",\"item\":\"https:\\\/\\\/www.organisator.ch\\\/\"},{\"@type\":\"ListItem\",\"position\":2,\"name\":\"Graphax mit neu aufgestellter und ausgebauter Gesch\u00e4ftsleitung\"}]},{\"@type\":\"WebSite\",\"@id\":\"https:\\\/\\\/www.organisator.ch\\\/#website\",\"url\":\"https:\\\/\\\/www.organisator.ch\\\/\",\"name\":\"Organisator\",\"description\":\"Kompetent. Praxisnah. Der ORGANISATOR bereitet in 10 Ausgaben pro Jahr die wesentlichen Themen f\u00fcr F\u00fchrungskr\u00e4fte von KMU auf.\",\"publisher\":{\"@id\":\"https:\\\/\\\/www.organisator.ch\\\/#organization\"},\"potentialAction\":[{\"@type\":\"SearchAction\",\"target\":{\"@type\":\"EntryPoint\",\"urlTemplate\":\"https:\\\/\\\/www.organisator.ch\\\/?s={search_term_string}\"},\"query-input\":{\"@type\":\"PropertyValueSpecification\",\"valueRequired\":true,\"valueName\":\"search_term_string\"}}],\"inLanguage\":\"it-IT\"},{\"@type\":\"Organization\",\"@id\":\"https:\\\/\\\/www.organisator.ch\\\/#organization\",\"name\":\"Organisator\",\"url\":\"https:\\\/\\\/www.organisator.ch\\\/\",\"logo\":{\"@type\":\"ImageObject\",\"inLanguage\":\"it-IT\",\"@id\":\"https:\\\/\\\/www.organisator.ch\\\/#\\\/schema\\\/logo\\\/image\\\/\",\"url\":\"https:\\\/\\\/www.organisator.ch\\\/wp-content\\\/uploads\\\/2022\\\/01\\\/Logo_Organisator_Website.png\",\"contentUrl\":\"https:\\\/\\\/www.organisator.ch\\\/wp-content\\\/uploads\\\/2022\\\/01\\\/Logo_Organisator_Website.png\",\"width\":800,\"height\":77,\"caption\":\"Organisator\"},\"image\":{\"@id\":\"https:\\\/\\\/www.organisator.ch\\\/#\\\/schema\\\/logo\\\/image\\\/\"},\"sameAs\":[\"https:\\\/\\\/www.facebook.com\\\/OrganisatorFachmagazin\",\"https:\\\/\\\/www.linkedin.com\\\/showcase\\\/organisator-das-magazin-fr-kmu\",\"https:\\\/\\\/www.xing.com\\\/news\\\/pages\\\/organisator-ch-695\",\"https:\\\/\\\/www.youtube.com\\\/channel\\\/UCGP2Sq0iWaZwT3BdIAQFYpw\"]},{\"@type\":\"Person\",\"@id\":\"https:\\\/\\\/www.organisator.ch\\\/#\\\/schema\\\/person\\\/6f650f90b2842cd4c0cc334b4e36f67e\",\"name\":\"thomas.berner\",\"image\":{\"@type\":\"ImageObject\",\"inLanguage\":\"it-IT\",\"@id\":\"https:\\\/\\\/secure.gravatar.com\\\/avatar\\\/ac5001d2a36cb6c6cd3e50789007ffca834b477b74a2144564522e944eabff61?s=96&d=mm&r=g\",\"url\":\"https:\\\/\\\/secure.gravatar.com\\\/avatar\\\/ac5001d2a36cb6c6cd3e50789007ffca834b477b74a2144564522e944eabff61?s=96&d=mm&r=g\",\"contentUrl\":\"https:\\\/\\\/secure.gravatar.com\\\/avatar\\\/ac5001d2a36cb6c6cd3e50789007ffca834b477b74a2144564522e944eabff61?s=96&d=mm&r=g\",\"caption\":\"thomas.berner\"},\"url\":\"https:\\\/\\\/www.organisator.ch\\\/it\\\/author\\\/thomas-berner\\\/\"}]}<\/script>\n<!-- \/ Yoast SEO plugin. -->","yoast_head_json":{"title":"Graphax con una gestione ristrutturata e ampliata - Organizzatore","description":"Graphax, fornitore di soluzioni per la digitalizzazione e l'automazione d'ufficio, inizia il prossimo anno commerciale con un nuovo management.","robots":{"index":"index","follow":"follow","max-snippet":"max-snippet:-1","max-image-preview":"max-image-preview:large","max-video-preview":"max-video-preview:-1"},"canonical":"https:\/\/www.organisator.ch\/it\/gestione-2\/2022-12-15\/graphax-mit-neu-aufgestellter-und-ausgebauter-geschaeftsleitung\/","og_locale":"it_IT","og_type":"article","og_title":"Graphax mit neu aufgestellter und ausgebauter Gesch\u00e4ftsleitung","og_description":"Graphax, Anbieter f\u00fcr Digitalisierungsl\u00f6sungen und Office-Automation, startet in das kommende Gesch\u00e4ftsjahr mit neuer Gesch\u00e4ftsleitung.","og_url":"https:\/\/www.organisator.ch\/it\/gestione-2\/2022-12-15\/graphax-mit-neu-aufgestellter-und-ausgebauter-geschaeftsleitung\/","og_site_name":"Organisator","article_publisher":"https:\/\/www.facebook.com\/OrganisatorFachmagazin","article_published_time":"2022-12-15T12:29:13+00:00","og_image":[{"width":680,"height":453,"url":"https:\/\/www.organisator.ch\/wp-content\/uploads\/2022\/12\/Graphax-mit-neu-aufgestellter-und-ausgebauter-Geschaeftsleitung_Organisator.jpg","type":"image\/jpeg"}],"author":"thomas.berner","twitter_card":"summary_large_image","twitter_title":"#Graphax mit neu aufgestellter und ausgebauter #Gesch\u00e4ftsleitung","twitter_description":"#Graphax, Anbieter f\u00fcr Digitalisierungsl\u00f6sungen und #Office-Automation, startet in das kommende Gesch\u00e4ftsjahr mit neuer #Gesch\u00e4ftsleitung.","twitter_image":"https:\/\/www.organisator.ch\/wp-content\/uploads\/2022\/12\/Graphax-mit-neu-aufgestellter-und-ausgebauter-Geschaeftsleitung_Organisator.jpg","schema":{"@context":"https:\/\/schema.org","@graph":[{"@type":"Article","@id":"https:\/\/www.organisator.ch\/management\/2022-12-15\/graphax-mit-neu-aufgestellter-und-ausgebauter-geschaeftsleitung\/#article","isPartOf":{"@id":"https:\/\/www.organisator.ch\/management\/2022-12-15\/graphax-mit-neu-aufgestellter-und-ausgebauter-geschaeftsleitung\/"},"author":{"name":"thomas.berner","@id":"https:\/\/www.organisator.ch\/#\/schema\/person\/6f650f90b2842cd4c0cc334b4e36f67e"},"headline":"Graphax mit neu aufgestellter und ausgebauter Gesch\u00e4ftsleitung","datePublished":"2022-12-15T12:29:13+00:00","mainEntityOfPage":{"@id":"https:\/\/www.organisator.ch\/management\/2022-12-15\/graphax-mit-neu-aufgestellter-und-ausgebauter-geschaeftsleitung\/"},"wordCount":331,"publisher":{"@id":"https:\/\/www.organisator.ch\/#organization"},"image":{"@id":"https:\/\/www.organisator.ch\/management\/2022-12-15\/graphax-mit-neu-aufgestellter-und-ausgebauter-geschaeftsleitung\/#primaryimage"},"thumbnailUrl":"https:\/\/www.organisator.ch\/wp-content\/uploads\/2022\/12\/Graphax-mit-neu-aufgestellter-und-ausgebauter-Geschaeftsleitung_Organisator.jpg","keywords":["Management und Unternehmensf\u00fchrung","Personalia","Unternehmen"],"articleSection":["MANAGEMENT"],"inLanguage":"it-IT"},{"@type":"WebPage","@id":"https:\/\/www.organisator.ch\/management\/2022-12-15\/graphax-mit-neu-aufgestellter-und-ausgebauter-geschaeftsleitung\/","url":"https:\/\/www.organisator.ch\/management\/2022-12-15\/graphax-mit-neu-aufgestellter-und-ausgebauter-geschaeftsleitung\/","name":"Graphax con una gestione ristrutturata e ampliata - Organizzatore","isPartOf":{"@id":"https:\/\/www.organisator.ch\/#website"},"primaryImageOfPage":{"@id":"https:\/\/www.organisator.ch\/management\/2022-12-15\/graphax-mit-neu-aufgestellter-und-ausgebauter-geschaeftsleitung\/#primaryimage"},"image":{"@id":"https:\/\/www.organisator.ch\/management\/2022-12-15\/graphax-mit-neu-aufgestellter-und-ausgebauter-geschaeftsleitung\/#primaryimage"},"thumbnailUrl":"https:\/\/www.organisator.ch\/wp-content\/uploads\/2022\/12\/Graphax-mit-neu-aufgestellter-und-ausgebauter-Geschaeftsleitung_Organisator.jpg","datePublished":"2022-12-15T12:29:13+00:00","description":"Graphax, fornitore di soluzioni per la digitalizzazione e l'automazione d'ufficio, inizia il prossimo anno commerciale con un nuovo management.","breadcrumb":{"@id":"https:\/\/www.organisator.ch\/management\/2022-12-15\/graphax-mit-neu-aufgestellter-und-ausgebauter-geschaeftsleitung\/#breadcrumb"},"inLanguage":"it-IT","potentialAction":[{"@type":"ReadAction","target":["https:\/\/www.organisator.ch\/management\/2022-12-15\/graphax-mit-neu-aufgestellter-und-ausgebauter-geschaeftsleitung\/"]}]},{"@type":"ImageObject","inLanguage":"it-IT","@id":"https:\/\/www.organisator.ch\/management\/2022-12-15\/graphax-mit-neu-aufgestellter-und-ausgebauter-geschaeftsleitung\/#primaryimage","url":"https:\/\/www.organisator.ch\/wp-content\/uploads\/2022\/12\/Graphax-mit-neu-aufgestellter-und-ausgebauter-Geschaeftsleitung_Organisator.jpg","contentUrl":"https:\/\/www.organisator.ch\/wp-content\/uploads\/2022\/12\/Graphax-mit-neu-aufgestellter-und-ausgebauter-Geschaeftsleitung_Organisator.jpg","width":680,"height":453,"caption":"Die neu zusammengesetzte Gesch\u00e4ftsleitung von Graphax. (Bild: zVg \/ Graphax AG)"},{"@type":"BreadcrumbList","@id":"https:\/\/www.organisator.ch\/management\/2022-12-15\/graphax-mit-neu-aufgestellter-und-ausgebauter-geschaeftsleitung\/#breadcrumb","itemListElement":[{"@type":"ListItem","position":1,"name":"Home","item":"https:\/\/www.organisator.ch\/"},{"@type":"ListItem","position":2,"name":"Graphax mit neu aufgestellter und ausgebauter Gesch\u00e4ftsleitung"}]},{"@type":"WebSite","@id":"https:\/\/www.organisator.ch\/#website","url":"https:\/\/www.organisator.ch\/","name":"Organizzatore","description":"Competente. Pratico. In 10 numeri all'anno, ORGANISATOR presenta i temi essenziali per i manager delle PMI.","publisher":{"@id":"https:\/\/www.organisator.ch\/#organization"},"potentialAction":[{"@type":"SearchAction","target":{"@type":"EntryPoint","urlTemplate":"https:\/\/www.organisator.ch\/?s={search_term_string}"},"query-input":{"@type":"PropertyValueSpecification","valueRequired":true,"valueName":"search_term_string"}}],"inLanguage":"it-IT"},{"@type":"Organization","@id":"https:\/\/www.organisator.ch\/#organization","name":"Organizzatore","url":"https:\/\/www.organisator.ch\/","logo":{"@type":"ImageObject","inLanguage":"it-IT","@id":"https:\/\/www.organisator.ch\/#\/schema\/logo\/image\/","url":"https:\/\/www.organisator.ch\/wp-content\/uploads\/2022\/01\/Logo_Organisator_Website.png","contentUrl":"https:\/\/www.organisator.ch\/wp-content\/uploads\/2022\/01\/Logo_Organisator_Website.png","width":800,"height":77,"caption":"Organisator"},"image":{"@id":"https:\/\/www.organisator.ch\/#\/schema\/logo\/image\/"},"sameAs":["https:\/\/www.facebook.com\/OrganisatorFachmagazin","https:\/\/www.linkedin.com\/showcase\/organisator-das-magazin-fr-kmu","https:\/\/www.xing.com\/news\/pages\/organisator-ch-695","https:\/\/www.youtube.com\/channel\/UCGP2Sq0iWaZwT3BdIAQFYpw"]},{"@type":"Person","@id":"https:\/\/www.organisator.ch\/#\/schema\/person\/6f650f90b2842cd4c0cc334b4e36f67e","name":"Tommaso.berner","image":{"@type":"ImageObject","inLanguage":"it-IT","@id":"https:\/\/secure.gravatar.com\/avatar\/ac5001d2a36cb6c6cd3e50789007ffca834b477b74a2144564522e944eabff61?s=96&d=mm&r=g","url":"https:\/\/secure.gravatar.com\/avatar\/ac5001d2a36cb6c6cd3e50789007ffca834b477b74a2144564522e944eabff61?s=96&d=mm&r=g","contentUrl":"https:\/\/secure.gravatar.com\/avatar\/ac5001d2a36cb6c6cd3e50789007ffca834b477b74a2144564522e944eabff61?s=96&d=mm&r=g","caption":"thomas.berner"},"url":"https:\/\/www.organisator.ch\/it\/author\/thomas-berner\/"}]}},"_links":{"self":[{"href":"https:\/\/www.organisator.ch\/it\/wp-json\/wp\/v2\/posts\/18301","targetHints":{"allow":["GET"]}}],"collection":[{"href":"https:\/\/www.organisator.ch\/it\/wp-json\/wp\/v2\/posts"}],"about":[{"href":"https:\/\/www.organisator.ch\/it\/wp-json\/wp\/v2\/types\/post"}],"author":[{"embeddable":true,"href":"https:\/\/www.organisator.ch\/it\/wp-json\/wp\/v2\/users\/4"}],"replies":[{"embeddable":true,"href":"https:\/\/www.organisator.ch\/it\/wp-json\/wp\/v2\/comments?post=18301"}],"version-history":[{"count":1,"href":"https:\/\/www.organisator.ch\/it\/wp-json\/wp\/v2\/posts\/18301\/revisions"}],"predecessor-version":[{"id":18303,"href":"https:\/\/www.organisator.ch\/it\/wp-json\/wp\/v2\/posts\/18301\/revisions\/18303"}],"wp:featuredmedia":[{"embeddable":true,"href":"https:\/\/www.organisator.ch\/it\/wp-json\/wp\/v2\/media\/18302"}],"wp:attachment":[{"href":"https:\/\/www.organisator.ch\/it\/wp-json\/wp\/v2\/media?parent=18301"}],"wp:term":[{"taxonomy":"category","embeddable":true,"href":"https:\/\/www.organisator.ch\/it\/wp-json\/wp\/v2\/categories?post=18301"},{"taxonomy":"post_tag","embeddable":true,"href":"https:\/\/www.organisator.ch\/it\/wp-json\/wp\/v2\/tags?post=18301"}],"curies":[{"name":"wp","href":"https:\/\/api.w.org\/{rel}","templated":true}]}}