{"id":18318,"date":"2022-12-16T06:18:16","date_gmt":"2022-12-16T05:18:16","guid":{"rendered":"https:\/\/www.m-q.ch\/?p=17346"},"modified":"2024-11-19T13:40:01","modified_gmt":"2024-11-19T12:40:01","slug":"wie-laesst-sich-akzeptiertes-und-gelebtes-qualitaetsmanagement-foerdern","status":"publish","type":"post","link":"https:\/\/www.organisator.ch\/it\/operational-excellence\/2022-12-16\/wie-laesst-sich-akzeptiertes-und-gelebtes-qualitaetsmanagement-foerdern\/","title":{"rendered":"Come si pu\u00f2 promuovere una gestione della qualit\u00e0 accettata e vissuta?"},"content":{"rendered":"<figure id=\"attachment_17347\" class=\"wp-caption alignnone\" style=\"width: 680px\" aria-describedby=\"caption-attachment-17347\"><img class=\"alignnone wp-image-17347 size-full\" src=\"https:\/\/www.m-q.ch\/wp-content\/uploads\/2022\/12\/Wie-laesst-sich-akzeptiertes-und-gelebtes-Qualitaetsmanagement-foerdern_MQ.jpg\" alt=\"Gestione della qualit\u00e0 \" width=\"680\" height=\"491\" \/>\r\n<figcaption id=\"caption-attachment-17347\" class=\"wp-caption-text\">Promuovere una gestione della qualit\u00e0 accettata e praticata - con una<br \/>\r\napproccio orientato al processo per la comunicazione interna (Immagine: ConSense GmbH)<\/figcaption>\r\n<\/figure>\r\n<p>Tra l'altro, la partecipazione dei dipendenti \u00e8 fondamentale per il successo di un sistema di gestione. Gli esperti di MQ di <a href=\"https:\/\/www.consense-gmbh.de\/dienstleistungen\/consense-management-consulting\/\">Consulenza gestionale ConSense,<\/a> i servizi di consulenza della societ\u00e0 di sviluppo software ConSense GmbH, con sede ad Aquisgrana, raccomandano di utilizzare l'approccio orientato ai processi non solo per creare un sistema di gestione della qualit\u00e0 o di gestione integrata basato su software, ma anche per promuovere la comunicazione interna. Questo perch\u00e9 ne derivano suggerimenti per il miglioramento, che aiutano il sistema a essere utilizzato pi\u00f9 intensamente e a raggiungere un alto livello di accettazione.<\/p>\r\n<h3><strong>Approccio orientato al processo: promuovere la gestione della conoscenza e l'apprendimento condiviso<\/strong><\/h3>\r\n<p>Questo approccio orientato ai processi per sostenere la comunicazione interna prevede la modellazione e l'ottimizzazione dei processi con la partecipazione del personale. Vengono raccolte le conoscenze e gli approcci ai rispettivi processi, vengono scambiati i punti di vista e viene sviluppata un'immagine comune del rispettivo compito. Con l'aiuto del metodo SIPOC, un principio di progettazione della gestione snella, i processi e le procedure possono essere presentati in modo snello, trasparente e facilmente comprensibile con un livello di dettaglio relativamente basso. Lavorando insieme come un team, si crea una base uniforme e visualizzata, che rende pi\u00f9 facile apportare modifiche, aggiornamenti e miglioramenti in una fase successiva, poich\u00e9 tutte le persone coinvolte partono dalla stessa base.<\/p>\r\n<h3><strong>Dalle note di processo ai canali di chat: Condividere conoscenze ed esperienze<\/strong><\/h3>\r\n<p>Poich\u00e9 le conoscenze acquisite con l'esperienza non possono essere trasmesse completamente attraverso la documentazione, ConSense Management Consulting si affida allo stretto scambio e alla cooperazione tra i dipendenti. Le soluzioni software dell'azienda sono orientate a questo scopo e offrono ai loro utenti varie opzioni per aggiungere domande, idee e suggerimenti ai processi operativi. Ad esempio, \u00e8 possibile memorizzare valutazioni o commenti sui processi. Inoltre, i canali di chat sono utilizzati per la comunicazione diretta e la collaborazione all'interno del sistema di gestione. In questo modo, i processi e le attivit\u00e0 vengono ripetutamente esaminati insieme dalle persone coinvolte, che si scambiano le proprie esperienze e conoscenze e ottimizzano o sviluppano ulteriormente le procedure. Il valore della modellazione dei processi non risiede quindi solo nella visualizzazione e nell'analisi dei processi e del loro potenziale di miglioramento, ma anche nel supporto alla comunicazione all'interno dei team o tra i reparti. Allo stesso tempo, \u00e8 possibile creare una comprensione comune dei processi di lavoro.<\/p>\r\n<h3><strong>Webinar e workshop per l'implementazione pratica<\/strong><\/h3>\r\n<p>Gli esperti di sistemi di gestione dell'azienda di software con sede ad Aquisgrana spiegano come l'implementazione possa essere realizzata in modo orientato all'applicazione e quali siano gli aspetti da tenere in considerazione. ConSense Management Consulting supporta una modellazione dei processi pratica e orientata all'applicazione, con una visione olistica delle aziende. Questo tiene conto in egual misura delle tre aree di progettazione: tecnologia, organizzazione e persone. Un'introduzione all'argomento \u00e8 fornita dal webinar ConSense Campus \"<a href=\"https:\/\/www.consense-gmbh.de\/dienstleistungen\/consense-campus\/registrierung\/?tx_sfeventmgt_pievent%5Baction%5D=registration&amp;tx_sfeventmgt_pievent%5Bcontroller%5D=Event&amp;tx_sfeventmgt_pievent%5Bevent%5D=388\">Processi come se provenissero da un unico stampo con una guida di stile per le descrizioni dei processi<\/a><u>\"<\/u>che avr\u00e0 luogo il 9 marzo 2023, ad esempio. Per uno studio pi\u00f9 approfondito, \u00e8 adatto il workshop di una giornata intera \"ConSense Styleguide for Process Modelling\", che pu\u00f2 essere programmato su richiesta.<\/p>\n<p class=\"syndicated-attribution\">Questo articolo \u00e8 apparso originariamente su m-q.ch - <a href=\"https:\/\/www.m-q.ch\/de\/wie-laesst-sich-akzeptiertes-und-gelebtes-qualitaetsmanagement-foerdern\/\" target=\"_blank\">https:\/\/www.m-q.ch\/de\/wie-laesst-sich-akzeptiertes-und-gelebtes-qualitaetsmanagement-foerdern\/<\/a><\/p>","protected":false},"excerpt":{"rendered":"<p>F\u00fcr den Erfolg eines Managementsystems ist unter anderem die Beteiligung der Mitarbeitenden entscheidend. Die QM-Experten von ConSense Management Consulting, den Beratungsleistungen des Aachener Softwareentwicklers ConSense GmbH, empfehlen, den prozessorientierten Ansatz nicht nur zum Aufbau eines softwarebasierten Qualit\u00e4tsmanagement- oder Integrierten Managementsystems zu nutzen, sondern auch zur F\u00f6rderung der internen Kommunikation. Denn daraus entstehen Verbesserungsvorschl\u00e4ge, die dem [\u2026]<\/p>\n","protected":false},"author":8,"featured_media":0,"comment_status":"closed","ping_status":"closed","sticky":false,"template":"","format":"standard","meta":{"_acf_changed":false,"_yoast_wpseo_focuskw":"Qualit\u00e4tsmanagement","_yoast_wpseo_metadesc":"Effektives Qualit\u00e4tsmanagement: Prozessorientierter Ansatz f\u00f6rdert interne Kommunikation und Zusammenarbeit in Unternehmen.","articlekey":"","footnotes":""},"categories":[582],"tags":[],"class_list":["post-18318","post","type-post","status-publish","format-standard","hentry","category-operational-excellence"],"acf":[],"yoast_head":"<!-- This site is optimized with the Yoast SEO plugin v27.5 - https:\/\/yoast.com\/product\/yoast-seo-wordpress\/ -->\n<title>Wie l\u00e4sst sich akzeptiertes und gelebtes Qualit\u00e4tsmanagement f\u00f6rdern? - Organisator<\/title>\n<meta name=\"description\" content=\"Effektives Qualit\u00e4tsmanagement: Prozessorientierter Ansatz f\u00f6rdert interne Kommunikation und Zusammenarbeit in Unternehmen.\" \/>\n<meta name=\"robots\" content=\"index, follow, max-snippet:-1, max-image-preview:large, max-video-preview:-1\" \/>\n<link rel=\"canonical\" href=\"https:\/\/www.organisator.ch\/it\/eccellenza-operativa\/2022-12-16\/wie-laesst-sich-akzeptiertes-und-gelebtes-qualitaetsmanagement-foerdern\/\" \/>\n<meta property=\"og:locale\" content=\"it_IT\" \/>\n<meta property=\"og:type\" content=\"article\" \/>\n<meta property=\"og:title\" content=\"Wie l\u00e4sst sich akzeptiertes und gelebtes Qualit\u00e4tsmanagement f\u00f6rdern? - Organisator\" \/>\n<meta property=\"og:description\" content=\"Effektives Qualit\u00e4tsmanagement: Prozessorientierter Ansatz f\u00f6rdert interne Kommunikation und Zusammenarbeit in Unternehmen.\" \/>\n<meta property=\"og:url\" content=\"https:\/\/www.organisator.ch\/it\/eccellenza-operativa\/2022-12-16\/wie-laesst-sich-akzeptiertes-und-gelebtes-qualitaetsmanagement-foerdern\/\" \/>\n<meta property=\"og:site_name\" content=\"Organisator\" \/>\n<meta property=\"article:publisher\" content=\"https:\/\/www.facebook.com\/OrganisatorFachmagazin\" \/>\n<meta property=\"article:published_time\" content=\"2022-12-16T05:18:16+00:00\" \/>\n<meta property=\"article:modified_time\" content=\"2024-11-19T12:40:01+00:00\" \/>\n<meta name=\"author\" content=\"galledia\" \/>\n<meta name=\"twitter:card\" content=\"summary_large_image\" \/>\n<meta name=\"twitter:creator\" content=\"@admin\" \/>\n<script type=\"application\/ld+json\" class=\"yoast-schema-graph\">{\"@context\":\"https:\\\/\\\/schema.org\",\"@graph\":[{\"@type\":\"Article\",\"@id\":\"https:\\\/\\\/www.organisator.ch\\\/operational-excellence\\\/2022-12-16\\\/wie-laesst-sich-akzeptiertes-und-gelebtes-qualitaetsmanagement-foerdern\\\/#article\",\"isPartOf\":{\"@id\":\"https:\\\/\\\/www.organisator.ch\\\/operational-excellence\\\/2022-12-16\\\/wie-laesst-sich-akzeptiertes-und-gelebtes-qualitaetsmanagement-foerdern\\\/\"},\"author\":{\"name\":\"galledia\",\"@id\":\"https:\\\/\\\/www.organisator.ch\\\/#\\\/schema\\\/person\\\/4e51799071cd2dd1232ac003643ef5f0\"},\"headline\":\"Wie l\u00e4sst sich akzeptiertes und gelebtes Qualit\u00e4tsmanagement f\u00f6rdern?\",\"datePublished\":\"2022-12-16T05:18:16+00:00\",\"dateModified\":\"2024-11-19T12:40:01+00:00\",\"mainEntityOfPage\":{\"@id\":\"https:\\\/\\\/www.organisator.ch\\\/operational-excellence\\\/2022-12-16\\\/wie-laesst-sich-akzeptiertes-und-gelebtes-qualitaetsmanagement-foerdern\\\/\"},\"wordCount\":454,\"publisher\":{\"@id\":\"https:\\\/\\\/www.organisator.ch\\\/#organization\"},\"image\":{\"@id\":\"https:\\\/\\\/www.organisator.ch\\\/operational-excellence\\\/2022-12-16\\\/wie-laesst-sich-akzeptiertes-und-gelebtes-qualitaetsmanagement-foerdern\\\/#primaryimage\"},\"thumbnailUrl\":\"https:\\\/\\\/www.m-q.ch\\\/wp-content\\\/uploads\\\/2022\\\/12\\\/Wie-laesst-sich-akzeptiertes-und-gelebtes-Qualitaetsmanagement-foerdern_MQ.jpg\",\"articleSection\":[\"OPERATIONAL EXCELLENCE\"],\"inLanguage\":\"it-IT\"},{\"@type\":\"WebPage\",\"@id\":\"https:\\\/\\\/www.organisator.ch\\\/operational-excellence\\\/2022-12-16\\\/wie-laesst-sich-akzeptiertes-und-gelebtes-qualitaetsmanagement-foerdern\\\/\",\"url\":\"https:\\\/\\\/www.organisator.ch\\\/operational-excellence\\\/2022-12-16\\\/wie-laesst-sich-akzeptiertes-und-gelebtes-qualitaetsmanagement-foerdern\\\/\",\"name\":\"Wie l\u00e4sst sich akzeptiertes und gelebtes Qualit\u00e4tsmanagement f\u00f6rdern? - Organisator\",\"isPartOf\":{\"@id\":\"https:\\\/\\\/www.organisator.ch\\\/#website\"},\"primaryImageOfPage\":{\"@id\":\"https:\\\/\\\/www.organisator.ch\\\/operational-excellence\\\/2022-12-16\\\/wie-laesst-sich-akzeptiertes-und-gelebtes-qualitaetsmanagement-foerdern\\\/#primaryimage\"},\"image\":{\"@id\":\"https:\\\/\\\/www.organisator.ch\\\/operational-excellence\\\/2022-12-16\\\/wie-laesst-sich-akzeptiertes-und-gelebtes-qualitaetsmanagement-foerdern\\\/#primaryimage\"},\"thumbnailUrl\":\"https:\\\/\\\/www.m-q.ch\\\/wp-content\\\/uploads\\\/2022\\\/12\\\/Wie-laesst-sich-akzeptiertes-und-gelebtes-Qualitaetsmanagement-foerdern_MQ.jpg\",\"datePublished\":\"2022-12-16T05:18:16+00:00\",\"dateModified\":\"2024-11-19T12:40:01+00:00\",\"description\":\"Effektives Qualit\u00e4tsmanagement: Prozessorientierter Ansatz f\u00f6rdert interne Kommunikation und Zusammenarbeit in Unternehmen.\",\"breadcrumb\":{\"@id\":\"https:\\\/\\\/www.organisator.ch\\\/operational-excellence\\\/2022-12-16\\\/wie-laesst-sich-akzeptiertes-und-gelebtes-qualitaetsmanagement-foerdern\\\/#breadcrumb\"},\"inLanguage\":\"it-IT\",\"potentialAction\":[{\"@type\":\"ReadAction\",\"target\":[\"https:\\\/\\\/www.organisator.ch\\\/operational-excellence\\\/2022-12-16\\\/wie-laesst-sich-akzeptiertes-und-gelebtes-qualitaetsmanagement-foerdern\\\/\"]}]},{\"@type\":\"ImageObject\",\"inLanguage\":\"it-IT\",\"@id\":\"https:\\\/\\\/www.organisator.ch\\\/operational-excellence\\\/2022-12-16\\\/wie-laesst-sich-akzeptiertes-und-gelebtes-qualitaetsmanagement-foerdern\\\/#primaryimage\",\"url\":\"https:\\\/\\\/www.m-q.ch\\\/wp-content\\\/uploads\\\/2022\\\/12\\\/Wie-laesst-sich-akzeptiertes-und-gelebtes-Qualitaetsmanagement-foerdern_MQ.jpg\",\"contentUrl\":\"https:\\\/\\\/www.m-q.ch\\\/wp-content\\\/uploads\\\/2022\\\/12\\\/Wie-laesst-sich-akzeptiertes-und-gelebtes-Qualitaetsmanagement-foerdern_MQ.jpg\"},{\"@type\":\"BreadcrumbList\",\"@id\":\"https:\\\/\\\/www.organisator.ch\\\/operational-excellence\\\/2022-12-16\\\/wie-laesst-sich-akzeptiertes-und-gelebtes-qualitaetsmanagement-foerdern\\\/#breadcrumb\",\"itemListElement\":[{\"@type\":\"ListItem\",\"position\":1,\"name\":\"Home\",\"item\":\"https:\\\/\\\/www.organisator.ch\\\/\"},{\"@type\":\"ListItem\",\"position\":2,\"name\":\"Wie l\u00e4sst sich akzeptiertes und gelebtes Qualit\u00e4tsmanagement f\u00f6rdern?\"}]},{\"@type\":\"WebSite\",\"@id\":\"https:\\\/\\\/www.organisator.ch\\\/#website\",\"url\":\"https:\\\/\\\/www.organisator.ch\\\/\",\"name\":\"Organisator\",\"description\":\"Kompetent. Praxisnah. Der ORGANISATOR bereitet in 10 Ausgaben pro Jahr die wesentlichen Themen f\u00fcr F\u00fchrungskr\u00e4fte von KMU auf.\",\"publisher\":{\"@id\":\"https:\\\/\\\/www.organisator.ch\\\/#organization\"},\"potentialAction\":[{\"@type\":\"SearchAction\",\"target\":{\"@type\":\"EntryPoint\",\"urlTemplate\":\"https:\\\/\\\/www.organisator.ch\\\/?s={search_term_string}\"},\"query-input\":{\"@type\":\"PropertyValueSpecification\",\"valueRequired\":true,\"valueName\":\"search_term_string\"}}],\"inLanguage\":\"it-IT\"},{\"@type\":\"Organization\",\"@id\":\"https:\\\/\\\/www.organisator.ch\\\/#organization\",\"name\":\"Organisator\",\"url\":\"https:\\\/\\\/www.organisator.ch\\\/\",\"logo\":{\"@type\":\"ImageObject\",\"inLanguage\":\"it-IT\",\"@id\":\"https:\\\/\\\/www.organisator.ch\\\/#\\\/schema\\\/logo\\\/image\\\/\",\"url\":\"https:\\\/\\\/www.organisator.ch\\\/wp-content\\\/uploads\\\/2022\\\/01\\\/Logo_Organisator_Website.png\",\"contentUrl\":\"https:\\\/\\\/www.organisator.ch\\\/wp-content\\\/uploads\\\/2022\\\/01\\\/Logo_Organisator_Website.png\",\"width\":800,\"height\":77,\"caption\":\"Organisator\"},\"image\":{\"@id\":\"https:\\\/\\\/www.organisator.ch\\\/#\\\/schema\\\/logo\\\/image\\\/\"},\"sameAs\":[\"https:\\\/\\\/www.facebook.com\\\/OrganisatorFachmagazin\",\"https:\\\/\\\/www.linkedin.com\\\/showcase\\\/organisator-das-magazin-fr-kmu\",\"https:\\\/\\\/www.xing.com\\\/news\\\/pages\\\/organisator-ch-695\",\"https:\\\/\\\/www.youtube.com\\\/channel\\\/UCGP2Sq0iWaZwT3BdIAQFYpw\"]},{\"@type\":\"Person\",\"@id\":\"https:\\\/\\\/www.organisator.ch\\\/#\\\/schema\\\/person\\\/4e51799071cd2dd1232ac003643ef5f0\",\"name\":\"galledia\",\"image\":{\"@type\":\"ImageObject\",\"inLanguage\":\"it-IT\",\"@id\":\"https:\\\/\\\/secure.gravatar.com\\\/avatar\\\/78a7f90c01fc2bfc875782a0d4922b37cde2cf184ce347b91316d23cd7f69a36?s=96&d=mm&r=g\",\"url\":\"https:\\\/\\\/secure.gravatar.com\\\/avatar\\\/78a7f90c01fc2bfc875782a0d4922b37cde2cf184ce347b91316d23cd7f69a36?s=96&d=mm&r=g\",\"contentUrl\":\"https:\\\/\\\/secure.gravatar.com\\\/avatar\\\/78a7f90c01fc2bfc875782a0d4922b37cde2cf184ce347b91316d23cd7f69a36?s=96&d=mm&r=g\",\"caption\":\"galledia\"},\"sameAs\":[\"https:\\\/\\\/x.com\\\/admin\"],\"url\":\"https:\\\/\\\/www.organisator.ch\\\/it\\\/author\\\/galledia\\\/\"}]}<\/script>\n<!-- \/ Yoast SEO plugin. -->","yoast_head_json":{"title":"Come si pu\u00f2 promuovere una gestione della qualit\u00e0 accettata e vissuta? - Organizzatore","description":"Gestione efficace della qualit\u00e0: l'approccio orientato ai processi promuove la comunicazione interna e la cooperazione nelle aziende.","robots":{"index":"index","follow":"follow","max-snippet":"max-snippet:-1","max-image-preview":"max-image-preview:large","max-video-preview":"max-video-preview:-1"},"canonical":"https:\/\/www.organisator.ch\/it\/eccellenza-operativa\/2022-12-16\/wie-laesst-sich-akzeptiertes-und-gelebtes-qualitaetsmanagement-foerdern\/","og_locale":"it_IT","og_type":"article","og_title":"Wie l\u00e4sst sich akzeptiertes und gelebtes Qualit\u00e4tsmanagement f\u00f6rdern? - Organisator","og_description":"Effektives Qualit\u00e4tsmanagement: Prozessorientierter Ansatz f\u00f6rdert interne Kommunikation und Zusammenarbeit in Unternehmen.","og_url":"https:\/\/www.organisator.ch\/it\/eccellenza-operativa\/2022-12-16\/wie-laesst-sich-akzeptiertes-und-gelebtes-qualitaetsmanagement-foerdern\/","og_site_name":"Organisator","article_publisher":"https:\/\/www.facebook.com\/OrganisatorFachmagazin","article_published_time":"2022-12-16T05:18:16+00:00","article_modified_time":"2024-11-19T12:40:01+00:00","author":"galledia","twitter_card":"summary_large_image","twitter_creator":"@admin","schema":{"@context":"https:\/\/schema.org","@graph":[{"@type":"Article","@id":"https:\/\/www.organisator.ch\/operational-excellence\/2022-12-16\/wie-laesst-sich-akzeptiertes-und-gelebtes-qualitaetsmanagement-foerdern\/#article","isPartOf":{"@id":"https:\/\/www.organisator.ch\/operational-excellence\/2022-12-16\/wie-laesst-sich-akzeptiertes-und-gelebtes-qualitaetsmanagement-foerdern\/"},"author":{"name":"galledia","@id":"https:\/\/www.organisator.ch\/#\/schema\/person\/4e51799071cd2dd1232ac003643ef5f0"},"headline":"Wie l\u00e4sst sich akzeptiertes und gelebtes Qualit\u00e4tsmanagement f\u00f6rdern?","datePublished":"2022-12-16T05:18:16+00:00","dateModified":"2024-11-19T12:40:01+00:00","mainEntityOfPage":{"@id":"https:\/\/www.organisator.ch\/operational-excellence\/2022-12-16\/wie-laesst-sich-akzeptiertes-und-gelebtes-qualitaetsmanagement-foerdern\/"},"wordCount":454,"publisher":{"@id":"https:\/\/www.organisator.ch\/#organization"},"image":{"@id":"https:\/\/www.organisator.ch\/operational-excellence\/2022-12-16\/wie-laesst-sich-akzeptiertes-und-gelebtes-qualitaetsmanagement-foerdern\/#primaryimage"},"thumbnailUrl":"https:\/\/www.m-q.ch\/wp-content\/uploads\/2022\/12\/Wie-laesst-sich-akzeptiertes-und-gelebtes-Qualitaetsmanagement-foerdern_MQ.jpg","articleSection":["OPERATIONAL EXCELLENCE"],"inLanguage":"it-IT"},{"@type":"WebPage","@id":"https:\/\/www.organisator.ch\/operational-excellence\/2022-12-16\/wie-laesst-sich-akzeptiertes-und-gelebtes-qualitaetsmanagement-foerdern\/","url":"https:\/\/www.organisator.ch\/operational-excellence\/2022-12-16\/wie-laesst-sich-akzeptiertes-und-gelebtes-qualitaetsmanagement-foerdern\/","name":"Come si pu\u00f2 promuovere una gestione della qualit\u00e0 accettata e vissuta? - Organizzatore","isPartOf":{"@id":"https:\/\/www.organisator.ch\/#website"},"primaryImageOfPage":{"@id":"https:\/\/www.organisator.ch\/operational-excellence\/2022-12-16\/wie-laesst-sich-akzeptiertes-und-gelebtes-qualitaetsmanagement-foerdern\/#primaryimage"},"image":{"@id":"https:\/\/www.organisator.ch\/operational-excellence\/2022-12-16\/wie-laesst-sich-akzeptiertes-und-gelebtes-qualitaetsmanagement-foerdern\/#primaryimage"},"thumbnailUrl":"https:\/\/www.m-q.ch\/wp-content\/uploads\/2022\/12\/Wie-laesst-sich-akzeptiertes-und-gelebtes-Qualitaetsmanagement-foerdern_MQ.jpg","datePublished":"2022-12-16T05:18:16+00:00","dateModified":"2024-11-19T12:40:01+00:00","description":"Gestione efficace della qualit\u00e0: l'approccio orientato ai processi promuove la comunicazione interna e la cooperazione nelle aziende.","breadcrumb":{"@id":"https:\/\/www.organisator.ch\/operational-excellence\/2022-12-16\/wie-laesst-sich-akzeptiertes-und-gelebtes-qualitaetsmanagement-foerdern\/#breadcrumb"},"inLanguage":"it-IT","potentialAction":[{"@type":"ReadAction","target":["https:\/\/www.organisator.ch\/operational-excellence\/2022-12-16\/wie-laesst-sich-akzeptiertes-und-gelebtes-qualitaetsmanagement-foerdern\/"]}]},{"@type":"ImageObject","inLanguage":"it-IT","@id":"https:\/\/www.organisator.ch\/operational-excellence\/2022-12-16\/wie-laesst-sich-akzeptiertes-und-gelebtes-qualitaetsmanagement-foerdern\/#primaryimage","url":"https:\/\/www.m-q.ch\/wp-content\/uploads\/2022\/12\/Wie-laesst-sich-akzeptiertes-und-gelebtes-Qualitaetsmanagement-foerdern_MQ.jpg","contentUrl":"https:\/\/www.m-q.ch\/wp-content\/uploads\/2022\/12\/Wie-laesst-sich-akzeptiertes-und-gelebtes-Qualitaetsmanagement-foerdern_MQ.jpg"},{"@type":"BreadcrumbList","@id":"https:\/\/www.organisator.ch\/operational-excellence\/2022-12-16\/wie-laesst-sich-akzeptiertes-und-gelebtes-qualitaetsmanagement-foerdern\/#breadcrumb","itemListElement":[{"@type":"ListItem","position":1,"name":"Home","item":"https:\/\/www.organisator.ch\/"},{"@type":"ListItem","position":2,"name":"Wie l\u00e4sst sich akzeptiertes und gelebtes Qualit\u00e4tsmanagement f\u00f6rdern?"}]},{"@type":"WebSite","@id":"https:\/\/www.organisator.ch\/#website","url":"https:\/\/www.organisator.ch\/","name":"Organizzatore","description":"Competente. Pratico. In 10 numeri all'anno, ORGANISATOR presenta i temi essenziali per i manager delle PMI.","publisher":{"@id":"https:\/\/www.organisator.ch\/#organization"},"potentialAction":[{"@type":"SearchAction","target":{"@type":"EntryPoint","urlTemplate":"https:\/\/www.organisator.ch\/?s={search_term_string}"},"query-input":{"@type":"PropertyValueSpecification","valueRequired":true,"valueName":"search_term_string"}}],"inLanguage":"it-IT"},{"@type":"Organization","@id":"https:\/\/www.organisator.ch\/#organization","name":"Organizzatore","url":"https:\/\/www.organisator.ch\/","logo":{"@type":"ImageObject","inLanguage":"it-IT","@id":"https:\/\/www.organisator.ch\/#\/schema\/logo\/image\/","url":"https:\/\/www.organisator.ch\/wp-content\/uploads\/2022\/01\/Logo_Organisator_Website.png","contentUrl":"https:\/\/www.organisator.ch\/wp-content\/uploads\/2022\/01\/Logo_Organisator_Website.png","width":800,"height":77,"caption":"Organisator"},"image":{"@id":"https:\/\/www.organisator.ch\/#\/schema\/logo\/image\/"},"sameAs":["https:\/\/www.facebook.com\/OrganisatorFachmagazin","https:\/\/www.linkedin.com\/showcase\/organisator-das-magazin-fr-kmu","https:\/\/www.xing.com\/news\/pages\/organisator-ch-695","https:\/\/www.youtube.com\/channel\/UCGP2Sq0iWaZwT3BdIAQFYpw"]},{"@type":"Person","@id":"https:\/\/www.organisator.ch\/#\/schema\/person\/4e51799071cd2dd1232ac003643ef5f0","name":"galledia","image":{"@type":"ImageObject","inLanguage":"it-IT","@id":"https:\/\/secure.gravatar.com\/avatar\/78a7f90c01fc2bfc875782a0d4922b37cde2cf184ce347b91316d23cd7f69a36?s=96&d=mm&r=g","url":"https:\/\/secure.gravatar.com\/avatar\/78a7f90c01fc2bfc875782a0d4922b37cde2cf184ce347b91316d23cd7f69a36?s=96&d=mm&r=g","contentUrl":"https:\/\/secure.gravatar.com\/avatar\/78a7f90c01fc2bfc875782a0d4922b37cde2cf184ce347b91316d23cd7f69a36?s=96&d=mm&r=g","caption":"galledia"},"sameAs":["https:\/\/x.com\/admin"],"url":"https:\/\/www.organisator.ch\/it\/author\/galledia\/"}]}},"_links":{"self":[{"href":"https:\/\/www.organisator.ch\/it\/wp-json\/wp\/v2\/posts\/18318","targetHints":{"allow":["GET"]}}],"collection":[{"href":"https:\/\/www.organisator.ch\/it\/wp-json\/wp\/v2\/posts"}],"about":[{"href":"https:\/\/www.organisator.ch\/it\/wp-json\/wp\/v2\/types\/post"}],"author":[{"embeddable":true,"href":"https:\/\/www.organisator.ch\/it\/wp-json\/wp\/v2\/users\/8"}],"replies":[{"embeddable":true,"href":"https:\/\/www.organisator.ch\/it\/wp-json\/wp\/v2\/comments?post=18318"}],"version-history":[{"count":4,"href":"https:\/\/www.organisator.ch\/it\/wp-json\/wp\/v2\/posts\/18318\/revisions"}],"predecessor-version":[{"id":33502,"href":"https:\/\/www.organisator.ch\/it\/wp-json\/wp\/v2\/posts\/18318\/revisions\/33502"}],"wp:attachment":[{"href":"https:\/\/www.organisator.ch\/it\/wp-json\/wp\/v2\/media?parent=18318"}],"wp:term":[{"taxonomy":"category","embeddable":true,"href":"https:\/\/www.organisator.ch\/it\/wp-json\/wp\/v2\/categories?post=18318"},{"taxonomy":"post_tag","embeddable":true,"href":"https:\/\/www.organisator.ch\/it\/wp-json\/wp\/v2\/tags?post=18318"}],"curies":[{"name":"wp","href":"https:\/\/api.w.org\/{rel}","templated":true}]}}