{"id":1833,"date":"2017-04-28T09:38:49","date_gmt":"2017-04-28T07:38:49","guid":{"rendered":"https:\/\/www.organisator.ch\/?p=1833"},"modified":"2017-04-28T09:38:49","modified_gmt":"2017-04-28T07:38:49","slug":"medbase-uebernimmt-fit-im-job-ag","status":"publish","type":"post","link":"https:\/\/www.organisator.ch\/it\/human-resources\/fit_im_job\/2017-04-28\/medbase-uebernimmt-fit-im-job-ag\/","title":{"rendered":"Medbase acquisisce Fit im Job AG"},"content":{"rendered":"<figure id=\"attachment_1834\" aria-describedby=\"caption-attachment-1834\" style=\"width: 504px\" class=\"wp-caption alignnone\"><img loading=\"lazy\" decoding=\"async\" class=\"size-full wp-image-1834\" src=\"https:\/\/www.organisator.ch\/wp-content\/uploads\/2017\/04\/Medbase-uebernimmt-Fit-im-Job-AG_Organisator.jpg\" alt=\"\" width=\"504\" height=\"391\" srcset=\"https:\/\/www.organisator.ch\/wp-content\/uploads\/2017\/04\/Medbase-uebernimmt-Fit-im-Job-AG_Organisator.jpg 504w, https:\/\/www.organisator.ch\/wp-content\/uploads\/2017\/04\/Medbase-uebernimmt-Fit-im-Job-AG_Organisator-16x12.jpg 16w, https:\/\/www.organisator.ch\/wp-content\/uploads\/2017\/04\/Medbase-uebernimmt-Fit-im-Job-AG_Organisator-226x175.jpg 226w, https:\/\/www.organisator.ch\/wp-content\/uploads\/2017\/04\/Medbase-uebernimmt-Fit-im-Job-AG_Organisator-451x350.jpg 451w, https:\/\/www.organisator.ch\/wp-content\/uploads\/2017\/04\/Medbase-uebernimmt-Fit-im-Job-AG_Organisator-300x233.jpg 300w\" sizes=\"auto, (max-width: 504px) 100vw, 504px\" \/><figcaption id=\"caption-attachment-1834\" class=\"wp-caption-text\">Medbase e Fit im Job AG si impegnano ad ancorare in modo duraturo un comportamento di promozione della salute nella vita quotidiana dei dipendenti. (Foto: Julien Christ - pixelio.de)<\/figcaption><\/figure>\n<p>Le aziende sono interessate a mantenere i loro dipendenti in salute. Le assenze, l'assenteismo e la riduzione delle prestazioni a causa della malattia o dello stress costano miliardi ogni anno. Fit im Job \u00e8 specializzata nella gestione sostenibile della salute sul lavoro (OHM). La consulenza lavora con metodi scientifici per analizzare i campi d'azione e misurare l'effetto delle singole misure.<\/p>\n<p><strong>Offerte complete per i clienti aziendali<\/strong><\/p>\n<p>Il Gruppo Medbase offre servizi medici e terapeutici nei suoi 13 centri medici Medbase e 23 centri sanitari Sant\u00e9med in Svizzera. I servizi medici e preventivi per i clienti aziendali sono combinati nell'area Corporate Health. L'attuale area tematica viene ampliata con l'acquisizione di Fit im Job. L'ampio portafoglio di servizi del gruppo Medbase permette alle aziende di risolvere i loro problemi di salute, personale e gestione in modo olistico, secondo la dichiarazione. Anche Medbase lavora a stretto contatto con Migros Fitnessparks da oltre dieci anni. L'idea: le offerte e gli interventi medici sostengono misure preventive come l'allenamento di fitness o il benessere.<\/p>\n<p><strong>Gestione della salute occupazionale 4.0<\/strong><\/p>\n<p>Per garantire che le misure di promozione della salute abbiano un effetto a lungo termine, Medbase e Fit im Job lavorano con strumenti online innovativi che si completano a vicenda in modo ideale. Fit im Job, per esempio, ha sviluppato un portale della salute che pu\u00f2 essere personalizzato per le aziende e strumenti digitali come il micro-break o il drink timer per migliorare la vitalit\u00e0 dei dipendenti al lavoro con il minimo sforzo. Medbase offre coach online per l'esercizio fisico e l'alimentazione, che aiutano ad ancorare in modo duraturo i comportamenti che promuovono la salute nella vita quotidiana dei dipendenti.<\/p>\n<p><em>Informazioni: <a href=\"http:\/\/www.medbase.ch\">www.medbase.ch<\/a>, <a href=\"http:\/\/www.fitimjob.ch\/\">www.fitimjob.ch<\/a><\/em><\/p>\n<p>&nbsp;<\/p>","protected":false},"excerpt":{"rendered":"<p>Unternehmen sind daran interessiert, dass ihre Mitarbeitenden gesund bleiben. Ausf\u00e4lle, Absenzen und verminderte Leistung als Folge von Krankheit oder Stress verursachen j\u00e4hrlich Kosten in Milliardenh\u00f6he. Fit im Job ist spezialisiert auf nachhaltiges Betriebliches Gesundheitsmanagement (BGM). Das Beratungsunternehmen arbeitet mit wissenschaftlichen Methoden, um Handlungsfelder zu analysieren und die Wirkung der individuellen Massnahmen zu messen. Umfassende Angebote [&hellip;]<\/p>\n","protected":false},"author":4,"featured_media":1834,"comment_status":"open","ping_status":"open","sticky":false,"template":"","format":"standard","meta":{"_acf_changed":false,"_yoast_wpseo_focuskw":"Fit im Job","_yoast_wpseo_metadesc":"Die Medbase Gruppe hat die Fit im Job AG per Januar 2017 \u00fcbernommen. Sie verst\u00e4rkt damit ihr Engagement im Bereich der betrieblichen Gesundheitsf\u00f6rderung.","articlekey":"","footnotes":""},"categories":[25],"tags":[77,208,400,492],"class_list":["post-1833","post","type-post","status-publish","format-standard","has-post-thumbnail","hentry","category-fit_im_job","tag-betriebliches-gesundheitsmanagement","tag-fit-im-job","tag-psychische-gesundheit","tag-unternehmen"],"acf":[],"yoast_head":"<!-- This site is optimized with the Yoast SEO plugin v27.4 - https:\/\/yoast.com\/product\/yoast-seo-wordpress\/ -->\n<title>Medbase \u00fcbernimmt Fit im Job AG - Organisator<\/title>\n<meta name=\"description\" content=\"Die Medbase Gruppe hat die Fit im Job AG per Januar 2017 \u00fcbernommen. Sie verst\u00e4rkt damit ihr Engagement im Bereich der betrieblichen Gesundheitsf\u00f6rderung.\" \/>\n<meta name=\"robots\" content=\"index, follow, max-snippet:-1, max-image-preview:large, max-video-preview:-1\" \/>\n<link rel=\"canonical\" href=\"https:\/\/www.organisator.ch\/it\/risorse-umane\/fit_im_job\/2017-04-28\/medbase-uebernimmt-fit-im-job-ag\/\" \/>\n<meta property=\"og:locale\" content=\"it_IT\" \/>\n<meta property=\"og:type\" content=\"article\" \/>\n<meta property=\"og:title\" content=\"Medbase \u00fcbernimmt Fit im Job AG\" \/>\n<meta property=\"og:description\" content=\"Die #Medbase Gruppe hat die Fit im Job AG per Januar 2017 \u00fcbernommen. Sie verst\u00e4rkt damit ihr Engagement im Bereich der betrieblichen #Gesundheitsf\u00f6rderung.\" \/>\n<meta property=\"og:url\" content=\"https:\/\/www.organisator.ch\/it\/risorse-umane\/fit_im_job\/2017-04-28\/medbase-uebernimmt-fit-im-job-ag\/\" \/>\n<meta property=\"og:site_name\" content=\"Organisator\" \/>\n<meta property=\"article:publisher\" content=\"https:\/\/www.facebook.com\/OrganisatorFachmagazin\" \/>\n<meta property=\"article:published_time\" content=\"2017-04-28T07:38:49+00:00\" \/>\n<meta property=\"og:image\" content=\"https:\/\/www.organisator.ch\/wp-content\/uploads\/2017\/04\/Medbase-uebernimmt-Fit-im-Job-AG_Organisator.jpg\" \/>\n\t<meta property=\"og:image:width\" content=\"504\" \/>\n\t<meta property=\"og:image:height\" content=\"391\" \/>\n\t<meta property=\"og:image:type\" content=\"image\/jpeg\" \/>\n<meta name=\"author\" content=\"thomas.berner\" \/>\n<meta name=\"twitter:card\" content=\"summary_large_image\" \/>\n<script type=\"application\/ld+json\" class=\"yoast-schema-graph\">{\"@context\":\"https:\\\/\\\/schema.org\",\"@graph\":[{\"@type\":\"Article\",\"@id\":\"https:\\\/\\\/www.organisator.ch\\\/human-resources\\\/fit_im_job\\\/2017-04-28\\\/medbase-uebernimmt-fit-im-job-ag\\\/#article\",\"isPartOf\":{\"@id\":\"https:\\\/\\\/www.organisator.ch\\\/human-resources\\\/fit_im_job\\\/2017-04-28\\\/medbase-uebernimmt-fit-im-job-ag\\\/\"},\"author\":{\"name\":\"thomas.berner\",\"@id\":\"https:\\\/\\\/www.organisator.ch\\\/#\\\/schema\\\/person\\\/6f650f90b2842cd4c0cc334b4e36f67e\"},\"headline\":\"Medbase \u00fcbernimmt Fit im Job AG\",\"datePublished\":\"2017-04-28T07:38:49+00:00\",\"mainEntityOfPage\":{\"@id\":\"https:\\\/\\\/www.organisator.ch\\\/human-resources\\\/fit_im_job\\\/2017-04-28\\\/medbase-uebernimmt-fit-im-job-ag\\\/\"},\"wordCount\":292,\"commentCount\":0,\"publisher\":{\"@id\":\"https:\\\/\\\/www.organisator.ch\\\/#organization\"},\"image\":{\"@id\":\"https:\\\/\\\/www.organisator.ch\\\/human-resources\\\/fit_im_job\\\/2017-04-28\\\/medbase-uebernimmt-fit-im-job-ag\\\/#primaryimage\"},\"thumbnailUrl\":\"https:\\\/\\\/www.organisator.ch\\\/wp-content\\\/uploads\\\/2017\\\/04\\\/Medbase-uebernimmt-Fit-im-Job-AG_Organisator.jpg\",\"keywords\":[\"Betriebliches Gesundheitsmanagement\",\"Fit im Job\",\"Psychische Gesundheit\",\"Unternehmen\"],\"articleSection\":[\"FIT IM JOB\"],\"inLanguage\":\"it-IT\"},{\"@type\":\"WebPage\",\"@id\":\"https:\\\/\\\/www.organisator.ch\\\/human-resources\\\/fit_im_job\\\/2017-04-28\\\/medbase-uebernimmt-fit-im-job-ag\\\/\",\"url\":\"https:\\\/\\\/www.organisator.ch\\\/human-resources\\\/fit_im_job\\\/2017-04-28\\\/medbase-uebernimmt-fit-im-job-ag\\\/\",\"name\":\"Medbase \u00fcbernimmt Fit im Job AG - Organisator\",\"isPartOf\":{\"@id\":\"https:\\\/\\\/www.organisator.ch\\\/#website\"},\"primaryImageOfPage\":{\"@id\":\"https:\\\/\\\/www.organisator.ch\\\/human-resources\\\/fit_im_job\\\/2017-04-28\\\/medbase-uebernimmt-fit-im-job-ag\\\/#primaryimage\"},\"image\":{\"@id\":\"https:\\\/\\\/www.organisator.ch\\\/human-resources\\\/fit_im_job\\\/2017-04-28\\\/medbase-uebernimmt-fit-im-job-ag\\\/#primaryimage\"},\"thumbnailUrl\":\"https:\\\/\\\/www.organisator.ch\\\/wp-content\\\/uploads\\\/2017\\\/04\\\/Medbase-uebernimmt-Fit-im-Job-AG_Organisator.jpg\",\"datePublished\":\"2017-04-28T07:38:49+00:00\",\"description\":\"Die Medbase Gruppe hat die Fit im Job AG per Januar 2017 \u00fcbernommen. Sie verst\u00e4rkt damit ihr Engagement im Bereich der betrieblichen Gesundheitsf\u00f6rderung.\",\"breadcrumb\":{\"@id\":\"https:\\\/\\\/www.organisator.ch\\\/human-resources\\\/fit_im_job\\\/2017-04-28\\\/medbase-uebernimmt-fit-im-job-ag\\\/#breadcrumb\"},\"inLanguage\":\"it-IT\",\"potentialAction\":[{\"@type\":\"ReadAction\",\"target\":[\"https:\\\/\\\/www.organisator.ch\\\/human-resources\\\/fit_im_job\\\/2017-04-28\\\/medbase-uebernimmt-fit-im-job-ag\\\/\"]}]},{\"@type\":\"ImageObject\",\"inLanguage\":\"it-IT\",\"@id\":\"https:\\\/\\\/www.organisator.ch\\\/human-resources\\\/fit_im_job\\\/2017-04-28\\\/medbase-uebernimmt-fit-im-job-ag\\\/#primaryimage\",\"url\":\"https:\\\/\\\/www.organisator.ch\\\/wp-content\\\/uploads\\\/2017\\\/04\\\/Medbase-uebernimmt-Fit-im-Job-AG_Organisator.jpg\",\"contentUrl\":\"https:\\\/\\\/www.organisator.ch\\\/wp-content\\\/uploads\\\/2017\\\/04\\\/Medbase-uebernimmt-Fit-im-Job-AG_Organisator.jpg\",\"width\":504,\"height\":391,\"caption\":\"Gesundheitsf\u00f6rderndes Verhalten im Alltag der Mitarbeitenden nachhaltig zu verankern ist ein Anliegen von Medbase und Fit im Job AG. (Foto: Julien Christ - pixelio.de)\"},{\"@type\":\"BreadcrumbList\",\"@id\":\"https:\\\/\\\/www.organisator.ch\\\/human-resources\\\/fit_im_job\\\/2017-04-28\\\/medbase-uebernimmt-fit-im-job-ag\\\/#breadcrumb\",\"itemListElement\":[{\"@type\":\"ListItem\",\"position\":1,\"name\":\"Home\",\"item\":\"https:\\\/\\\/www.organisator.ch\\\/\"},{\"@type\":\"ListItem\",\"position\":2,\"name\":\"Medbase \u00fcbernimmt Fit im Job AG\"}]},{\"@type\":\"WebSite\",\"@id\":\"https:\\\/\\\/www.organisator.ch\\\/#website\",\"url\":\"https:\\\/\\\/www.organisator.ch\\\/\",\"name\":\"Organisator\",\"description\":\"Kompetent. Praxisnah. Der ORGANISATOR bereitet in 10 Ausgaben pro Jahr die wesentlichen Themen f\u00fcr F\u00fchrungskr\u00e4fte von KMU auf.\",\"publisher\":{\"@id\":\"https:\\\/\\\/www.organisator.ch\\\/#organization\"},\"potentialAction\":[{\"@type\":\"SearchAction\",\"target\":{\"@type\":\"EntryPoint\",\"urlTemplate\":\"https:\\\/\\\/www.organisator.ch\\\/?s={search_term_string}\"},\"query-input\":{\"@type\":\"PropertyValueSpecification\",\"valueRequired\":true,\"valueName\":\"search_term_string\"}}],\"inLanguage\":\"it-IT\"},{\"@type\":\"Organization\",\"@id\":\"https:\\\/\\\/www.organisator.ch\\\/#organization\",\"name\":\"Organisator\",\"url\":\"https:\\\/\\\/www.organisator.ch\\\/\",\"logo\":{\"@type\":\"ImageObject\",\"inLanguage\":\"it-IT\",\"@id\":\"https:\\\/\\\/www.organisator.ch\\\/#\\\/schema\\\/logo\\\/image\\\/\",\"url\":\"https:\\\/\\\/www.organisator.ch\\\/wp-content\\\/uploads\\\/2022\\\/01\\\/Logo_Organisator_Website.png\",\"contentUrl\":\"https:\\\/\\\/www.organisator.ch\\\/wp-content\\\/uploads\\\/2022\\\/01\\\/Logo_Organisator_Website.png\",\"width\":800,\"height\":77,\"caption\":\"Organisator\"},\"image\":{\"@id\":\"https:\\\/\\\/www.organisator.ch\\\/#\\\/schema\\\/logo\\\/image\\\/\"},\"sameAs\":[\"https:\\\/\\\/www.facebook.com\\\/OrganisatorFachmagazin\",\"https:\\\/\\\/www.linkedin.com\\\/showcase\\\/organisator-das-magazin-fr-kmu\",\"https:\\\/\\\/www.xing.com\\\/news\\\/pages\\\/organisator-ch-695\",\"https:\\\/\\\/www.youtube.com\\\/channel\\\/UCGP2Sq0iWaZwT3BdIAQFYpw\"]},{\"@type\":\"Person\",\"@id\":\"https:\\\/\\\/www.organisator.ch\\\/#\\\/schema\\\/person\\\/6f650f90b2842cd4c0cc334b4e36f67e\",\"name\":\"thomas.berner\",\"image\":{\"@type\":\"ImageObject\",\"inLanguage\":\"it-IT\",\"@id\":\"https:\\\/\\\/secure.gravatar.com\\\/avatar\\\/ac5001d2a36cb6c6cd3e50789007ffca834b477b74a2144564522e944eabff61?s=96&d=mm&r=g\",\"url\":\"https:\\\/\\\/secure.gravatar.com\\\/avatar\\\/ac5001d2a36cb6c6cd3e50789007ffca834b477b74a2144564522e944eabff61?s=96&d=mm&r=g\",\"contentUrl\":\"https:\\\/\\\/secure.gravatar.com\\\/avatar\\\/ac5001d2a36cb6c6cd3e50789007ffca834b477b74a2144564522e944eabff61?s=96&d=mm&r=g\",\"caption\":\"thomas.berner\"},\"url\":\"https:\\\/\\\/www.organisator.ch\\\/it\\\/author\\\/thomas-berner\\\/\"}]}<\/script>\n<!-- \/ Yoast SEO plugin. -->","yoast_head_json":{"title":"Medbase rileva Fit im Job AG - Organizzatore","description":"Il Gruppo Medbase ha rilevato Fit im Job AG nel gennaio 2017. In questo modo sta rafforzando il suo impegno nell'ambito della promozione della salute sul posto di lavoro.","robots":{"index":"index","follow":"follow","max-snippet":"max-snippet:-1","max-image-preview":"max-image-preview:large","max-video-preview":"max-video-preview:-1"},"canonical":"https:\/\/www.organisator.ch\/it\/risorse-umane\/fit_im_job\/2017-04-28\/medbase-uebernimmt-fit-im-job-ag\/","og_locale":"it_IT","og_type":"article","og_title":"Medbase \u00fcbernimmt Fit im Job AG","og_description":"Die #Medbase Gruppe hat die Fit im Job AG per Januar 2017 \u00fcbernommen. Sie verst\u00e4rkt damit ihr Engagement im Bereich der betrieblichen #Gesundheitsf\u00f6rderung.","og_url":"https:\/\/www.organisator.ch\/it\/risorse-umane\/fit_im_job\/2017-04-28\/medbase-uebernimmt-fit-im-job-ag\/","og_site_name":"Organisator","article_publisher":"https:\/\/www.facebook.com\/OrganisatorFachmagazin","article_published_time":"2017-04-28T07:38:49+00:00","og_image":[{"width":504,"height":391,"url":"https:\/\/www.organisator.ch\/wp-content\/uploads\/2017\/04\/Medbase-uebernimmt-Fit-im-Job-AG_Organisator.jpg","type":"image\/jpeg"}],"author":"thomas.berner","twitter_card":"summary_large_image","schema":{"@context":"https:\/\/schema.org","@graph":[{"@type":"Article","@id":"https:\/\/www.organisator.ch\/human-resources\/fit_im_job\/2017-04-28\/medbase-uebernimmt-fit-im-job-ag\/#article","isPartOf":{"@id":"https:\/\/www.organisator.ch\/human-resources\/fit_im_job\/2017-04-28\/medbase-uebernimmt-fit-im-job-ag\/"},"author":{"name":"thomas.berner","@id":"https:\/\/www.organisator.ch\/#\/schema\/person\/6f650f90b2842cd4c0cc334b4e36f67e"},"headline":"Medbase \u00fcbernimmt Fit im Job AG","datePublished":"2017-04-28T07:38:49+00:00","mainEntityOfPage":{"@id":"https:\/\/www.organisator.ch\/human-resources\/fit_im_job\/2017-04-28\/medbase-uebernimmt-fit-im-job-ag\/"},"wordCount":292,"commentCount":0,"publisher":{"@id":"https:\/\/www.organisator.ch\/#organization"},"image":{"@id":"https:\/\/www.organisator.ch\/human-resources\/fit_im_job\/2017-04-28\/medbase-uebernimmt-fit-im-job-ag\/#primaryimage"},"thumbnailUrl":"https:\/\/www.organisator.ch\/wp-content\/uploads\/2017\/04\/Medbase-uebernimmt-Fit-im-Job-AG_Organisator.jpg","keywords":["Betriebliches Gesundheitsmanagement","Fit im Job","Psychische Gesundheit","Unternehmen"],"articleSection":["FIT IM JOB"],"inLanguage":"it-IT"},{"@type":"WebPage","@id":"https:\/\/www.organisator.ch\/human-resources\/fit_im_job\/2017-04-28\/medbase-uebernimmt-fit-im-job-ag\/","url":"https:\/\/www.organisator.ch\/human-resources\/fit_im_job\/2017-04-28\/medbase-uebernimmt-fit-im-job-ag\/","name":"Medbase rileva Fit im Job AG - Organizzatore","isPartOf":{"@id":"https:\/\/www.organisator.ch\/#website"},"primaryImageOfPage":{"@id":"https:\/\/www.organisator.ch\/human-resources\/fit_im_job\/2017-04-28\/medbase-uebernimmt-fit-im-job-ag\/#primaryimage"},"image":{"@id":"https:\/\/www.organisator.ch\/human-resources\/fit_im_job\/2017-04-28\/medbase-uebernimmt-fit-im-job-ag\/#primaryimage"},"thumbnailUrl":"https:\/\/www.organisator.ch\/wp-content\/uploads\/2017\/04\/Medbase-uebernimmt-Fit-im-Job-AG_Organisator.jpg","datePublished":"2017-04-28T07:38:49+00:00","description":"Il Gruppo Medbase ha rilevato Fit im Job AG nel gennaio 2017. In questo modo sta rafforzando il suo impegno nell'ambito della promozione della salute sul posto di lavoro.","breadcrumb":{"@id":"https:\/\/www.organisator.ch\/human-resources\/fit_im_job\/2017-04-28\/medbase-uebernimmt-fit-im-job-ag\/#breadcrumb"},"inLanguage":"it-IT","potentialAction":[{"@type":"ReadAction","target":["https:\/\/www.organisator.ch\/human-resources\/fit_im_job\/2017-04-28\/medbase-uebernimmt-fit-im-job-ag\/"]}]},{"@type":"ImageObject","inLanguage":"it-IT","@id":"https:\/\/www.organisator.ch\/human-resources\/fit_im_job\/2017-04-28\/medbase-uebernimmt-fit-im-job-ag\/#primaryimage","url":"https:\/\/www.organisator.ch\/wp-content\/uploads\/2017\/04\/Medbase-uebernimmt-Fit-im-Job-AG_Organisator.jpg","contentUrl":"https:\/\/www.organisator.ch\/wp-content\/uploads\/2017\/04\/Medbase-uebernimmt-Fit-im-Job-AG_Organisator.jpg","width":504,"height":391,"caption":"Gesundheitsf\u00f6rderndes Verhalten im Alltag der Mitarbeitenden nachhaltig zu verankern ist ein Anliegen von Medbase und Fit im Job AG. (Foto: Julien Christ - pixelio.de)"},{"@type":"BreadcrumbList","@id":"https:\/\/www.organisator.ch\/human-resources\/fit_im_job\/2017-04-28\/medbase-uebernimmt-fit-im-job-ag\/#breadcrumb","itemListElement":[{"@type":"ListItem","position":1,"name":"Home","item":"https:\/\/www.organisator.ch\/"},{"@type":"ListItem","position":2,"name":"Medbase \u00fcbernimmt Fit im Job AG"}]},{"@type":"WebSite","@id":"https:\/\/www.organisator.ch\/#website","url":"https:\/\/www.organisator.ch\/","name":"Organizzatore","description":"Competente. Pratico. In 10 numeri all'anno, ORGANISATOR presenta i temi essenziali per i manager delle PMI.","publisher":{"@id":"https:\/\/www.organisator.ch\/#organization"},"potentialAction":[{"@type":"SearchAction","target":{"@type":"EntryPoint","urlTemplate":"https:\/\/www.organisator.ch\/?s={search_term_string}"},"query-input":{"@type":"PropertyValueSpecification","valueRequired":true,"valueName":"search_term_string"}}],"inLanguage":"it-IT"},{"@type":"Organization","@id":"https:\/\/www.organisator.ch\/#organization","name":"Organizzatore","url":"https:\/\/www.organisator.ch\/","logo":{"@type":"ImageObject","inLanguage":"it-IT","@id":"https:\/\/www.organisator.ch\/#\/schema\/logo\/image\/","url":"https:\/\/www.organisator.ch\/wp-content\/uploads\/2022\/01\/Logo_Organisator_Website.png","contentUrl":"https:\/\/www.organisator.ch\/wp-content\/uploads\/2022\/01\/Logo_Organisator_Website.png","width":800,"height":77,"caption":"Organisator"},"image":{"@id":"https:\/\/www.organisator.ch\/#\/schema\/logo\/image\/"},"sameAs":["https:\/\/www.facebook.com\/OrganisatorFachmagazin","https:\/\/www.linkedin.com\/showcase\/organisator-das-magazin-fr-kmu","https:\/\/www.xing.com\/news\/pages\/organisator-ch-695","https:\/\/www.youtube.com\/channel\/UCGP2Sq0iWaZwT3BdIAQFYpw"]},{"@type":"Person","@id":"https:\/\/www.organisator.ch\/#\/schema\/person\/6f650f90b2842cd4c0cc334b4e36f67e","name":"Tommaso.berner","image":{"@type":"ImageObject","inLanguage":"it-IT","@id":"https:\/\/secure.gravatar.com\/avatar\/ac5001d2a36cb6c6cd3e50789007ffca834b477b74a2144564522e944eabff61?s=96&d=mm&r=g","url":"https:\/\/secure.gravatar.com\/avatar\/ac5001d2a36cb6c6cd3e50789007ffca834b477b74a2144564522e944eabff61?s=96&d=mm&r=g","contentUrl":"https:\/\/secure.gravatar.com\/avatar\/ac5001d2a36cb6c6cd3e50789007ffca834b477b74a2144564522e944eabff61?s=96&d=mm&r=g","caption":"thomas.berner"},"url":"https:\/\/www.organisator.ch\/it\/author\/thomas-berner\/"}]}},"_links":{"self":[{"href":"https:\/\/www.organisator.ch\/it\/wp-json\/wp\/v2\/posts\/1833","targetHints":{"allow":["GET"]}}],"collection":[{"href":"https:\/\/www.organisator.ch\/it\/wp-json\/wp\/v2\/posts"}],"about":[{"href":"https:\/\/www.organisator.ch\/it\/wp-json\/wp\/v2\/types\/post"}],"author":[{"embeddable":true,"href":"https:\/\/www.organisator.ch\/it\/wp-json\/wp\/v2\/users\/4"}],"replies":[{"embeddable":true,"href":"https:\/\/www.organisator.ch\/it\/wp-json\/wp\/v2\/comments?post=1833"}],"version-history":[{"count":0,"href":"https:\/\/www.organisator.ch\/it\/wp-json\/wp\/v2\/posts\/1833\/revisions"}],"wp:featuredmedia":[{"embeddable":true,"href":"https:\/\/www.organisator.ch\/it\/wp-json\/wp\/v2\/media\/1834"}],"wp:attachment":[{"href":"https:\/\/www.organisator.ch\/it\/wp-json\/wp\/v2\/media?parent=1833"}],"wp:term":[{"taxonomy":"category","embeddable":true,"href":"https:\/\/www.organisator.ch\/it\/wp-json\/wp\/v2\/categories?post=1833"},{"taxonomy":"post_tag","embeddable":true,"href":"https:\/\/www.organisator.ch\/it\/wp-json\/wp\/v2\/tags?post=1833"}],"curies":[{"name":"wp","href":"https:\/\/api.w.org\/{rel}","templated":true}]}}