{"id":18347,"date":"2022-12-21T06:31:35","date_gmt":"2022-12-21T05:31:35","guid":{"rendered":"https:\/\/www.m-q.ch\/?p=17355"},"modified":"2024-11-19T11:59:46","modified_gmt":"2024-11-19T10:59:46","slug":"fabrik-des-jahres-2022-auszeichnung-fuer-resilienz-in-produktion-und-lieferkette","status":"publish","type":"post","link":"https:\/\/www.organisator.ch\/it\/operational-excellence\/2022-12-21\/fabrik-des-jahres-2022-auszeichnung-fuer-resilienz-in-produktion-und-lieferkette\/","title":{"rendered":"Fabbrica dell'anno 2022: premio per la resilienza nella produzione e nella catena di approvvigionamento"},"content":{"rendered":"<figure id=\"attachment_17357\" class=\"wp-caption alignnone\" style=\"width: 680px\" aria-describedby=\"caption-attachment-17357\"><img class=\"alignnone wp-image-17357 size-full\" src=\"https:\/\/www.m-q.ch\/wp-content\/uploads\/2022\/12\/Fabrik-des-Jahres-2022-Auszeichnung-fuer-Resilienz-in-Produktion-und-Lieferkette_MQ.jpg\" alt=\"Fabbrica Siemens\" width=\"680\" height=\"453\" \/>\r\n<figcaption id=\"caption-attachment-17357\" class=\"wp-caption-text\">Lo stabilimento Siemens di Zug vince il premio \"Fabbrica dell'anno 2022\" nella categoria \"Eccellenza nella resilienza della catena di approvvigionamento\". (Immagine: Siemens)<\/figcaption>\r\n<\/figure>\r\n<p class=\"f-text\">Lo stabilimento Siemens Smart Infrastructure di Zug, in Svizzera, \u00e8 stato nominato \"Fabbrica dell'anno 2022\" nella categoria \"Eccellenza nella resilienza della catena di fornitura\". Il premio riconosce la resilienza e la gestione preventiva dei rischi nella catena di fornitura dello stabilimento Siemens, che si \u00e8 dimostrata eccezionale rispetto ad altri stabilimenti in Europa. Il concorso per la Fabbrica dell'Anno \u00e8 organizzato dalla societ\u00e0 internazionale di consulenza manageriale Kearney ed \u00e8 considerato uno dei pi\u00f9 prestigiosi in Europa.<\/p>\r\n<h3>L'impegno costante per il miglioramento<\/h3>\r\n<div class=\"f-text\">\"Lo stabilimento Siemens di Zug \u00e8 un eccellente esempio di miglioramento continuo e di perseguimento di obiettivi chiari con una forte attenzione alla digitalizzazione\", afferma Daniel Stengel, direttore di Kearney.<\/div>\r\n<p class=\"f-text\">Lo stabilimento di Zug riesce a garantire la consegna dei prodotti ai clienti anche nelle attuali difficili condizioni di mercato. Questo grazie a misure preventive quali un \"radar del rischio\" per l'individuazione precoce dei rischi globali nella catena di fornitura, un elevato livello di trasparenza dei dati lungo l'intera catena del valore e una cooperazione senza soluzione di continuit\u00e0 con acquisti, logistica, sviluppo e vendite.<\/p>\r\n<p class=\"f-text\">Una particolare attenzione della produzione \u00e8 rivolta anche all'efficienza delle risorse e alla continua riduzione delle emissioni di CO2. Entrambi sottolineano la chiara attenzione della produzione alla sostenibilit\u00e0. Un'altra caratteristica di qualit\u00e0 dell'impianto \u00e8 la gestione dei costi, basata su lean manufacturing, automazione e digitalizzazione. Infine, ma non meno importante, la cultura dell'innovazione di Siemens, la costante ottimizzazione dei processi e delle procedure e la formazione continua dei dipendenti contribuiscono all'alta qualit\u00e0 e all'adattabilit\u00e0 della produzione nello stabilimento di Zug, secondo la dichiarazione.<\/p>\r\n<h3>Il premio per la Fabbrica dell'anno 2022 sar\u00e0 consegnato nel marzo 2023.<\/h3>\r\n<div class=\"f-text\">\"Sono orgoglioso del nostro team presso lo stabilimento di Zug. Il suo duro lavoro e il suo impegno per il miglioramento continuo, anche in tempi difficili, sono riconosciuti anche all'esterno con questo meritato premio\", afferma Henning Sandfort, CEO di Building Products di Siemens Smart Infrastructure, la cui area di responsabilit\u00e0 comprende l'impianto. \"Il premio onora il lavoro dedicato, la competenza e la grande motivazione dell'intero team nel corso di molti anni\".<\/div>\r\n<p class=\"f-text\">Lo stabilimento Siemens di Zug impiega circa 350 persone che lavorano a turni per produrre prodotti moderni per la tecnologia edilizia. Vengono prodotti principalmente rivelatori d'incendio e apparecchiature per il riscaldamento, la ventilazione e il condizionamento dell'aria per l'automazione degli edifici. I prodotti sono venduti in tutto il mondo. Si tratta di moduli elementari per la gestione degli edifici e per le soluzioni antincendio negli edifici intelligenti.<\/p>\r\n<p class=\"f-text\">La cerimonia di premiazione si terr\u00e0 nel marzo 2023 in occasione del congresso industriale \"Factory of the Year\" a Monaco.<\/p>\r\n<p><em>Fonte: <a href=\"http:\/\/www.siemens.ch\/\">Siemens Svizzera<\/a><\/em><\/p>\n<p class=\"syndicated-attribution\">Questo articolo \u00e8 apparso originariamente su m-q.ch - <a href=\"https:\/\/www.m-q.ch\/de\/fabrik-des-jahres-2022-auszeichnung-fuer-resilienz-in-produktion-und-lieferkette\/\" target=\"_blank\">https:\/\/www.m-q.ch\/de\/fabrik-des-jahres-2022-auszeichnung-fuer-resilienz-in-produktion-und-lieferkette\/<\/a><\/p>","protected":false},"excerpt":{"rendered":"<p>Das Werk von Siemens Smart Infrastructure im schweizerischen Zug ist als \u00abFabrik des Jahres 2022\u00bb in der Kategorie \u00abExcellence in Supply Chain Resilience\u00bb ausgezeichnet worden. Der Preis w\u00fcrdigt die Resilienz und das pr\u00e4ventive Risikomanagement in der Lieferkette des Siemens-Werks, das sich im Vergleich mit anderen Werken in Europa als herausragend erwies. Der Industriewettbewerb zur Fabrik [\u2026]<\/p>\n","protected":false},"author":8,"featured_media":0,"comment_status":"closed","ping_status":"closed","sticky":false,"template":"","format":"standard","meta":{"_acf_changed":false,"_yoast_wpseo_focuskw":"Siemens Fabrik","_yoast_wpseo_metadesc":"Siemens-Werk Zug gewinnt \"Fabrik des Jahres 2022\" f\u00fcr Resilienz in der Lieferkette. Preisverleihung im M\u00e4rz 2023.","articlekey":"","footnotes":""},"categories":[582],"tags":[],"class_list":["post-18347","post","type-post","status-publish","format-standard","hentry","category-operational-excellence"],"acf":[],"yoast_head":"<!-- This site is optimized with the Yoast SEO plugin v27.5 - https:\/\/yoast.com\/product\/yoast-seo-wordpress\/ -->\n<title>Fabrik des Jahres 2022: Auszeichnung f\u00fcr Resilienz in Produktion und Lieferkette - Organisator<\/title>\n<meta name=\"description\" content=\"Siemens-Werk Zug gewinnt &quot;Fabrik des Jahres 2022&quot; f\u00fcr Resilienz in der Lieferkette. Preisverleihung im M\u00e4rz 2023.\" \/>\n<meta name=\"robots\" content=\"index, follow, max-snippet:-1, max-image-preview:large, max-video-preview:-1\" \/>\n<link rel=\"canonical\" href=\"https:\/\/www.organisator.ch\/it\/eccellenza-operativa\/2022-12-21\/fabrik-des-jahres-2022-auszeichnung-fuer-resilienz-in-produktion-und-lieferkette\/\" \/>\n<meta property=\"og:locale\" content=\"it_IT\" \/>\n<meta property=\"og:type\" content=\"article\" \/>\n<meta property=\"og:title\" content=\"Fabrik des Jahres 2022: Auszeichnung f\u00fcr Resilienz in Produktion und Lieferkette - Organisator\" \/>\n<meta property=\"og:description\" content=\"Siemens-Werk Zug gewinnt &quot;Fabrik des Jahres 2022&quot; f\u00fcr Resilienz in der Lieferkette. Preisverleihung im M\u00e4rz 2023.\" \/>\n<meta property=\"og:url\" content=\"https:\/\/www.organisator.ch\/it\/eccellenza-operativa\/2022-12-21\/fabrik-des-jahres-2022-auszeichnung-fuer-resilienz-in-produktion-und-lieferkette\/\" \/>\n<meta property=\"og:site_name\" content=\"Organisator\" \/>\n<meta property=\"article:publisher\" content=\"https:\/\/www.facebook.com\/OrganisatorFachmagazin\" \/>\n<meta property=\"article:published_time\" content=\"2022-12-21T05:31:35+00:00\" \/>\n<meta property=\"article:modified_time\" content=\"2024-11-19T10:59:46+00:00\" \/>\n<meta name=\"author\" content=\"galledia\" \/>\n<meta name=\"twitter:card\" content=\"summary_large_image\" \/>\n<meta name=\"twitter:creator\" content=\"@admin\" \/>\n<script type=\"application\/ld+json\" class=\"yoast-schema-graph\">{\"@context\":\"https:\\\/\\\/schema.org\",\"@graph\":[{\"@type\":\"Article\",\"@id\":\"https:\\\/\\\/www.organisator.ch\\\/operational-excellence\\\/2022-12-21\\\/fabrik-des-jahres-2022-auszeichnung-fuer-resilienz-in-produktion-und-lieferkette\\\/#article\",\"isPartOf\":{\"@id\":\"https:\\\/\\\/www.organisator.ch\\\/operational-excellence\\\/2022-12-21\\\/fabrik-des-jahres-2022-auszeichnung-fuer-resilienz-in-produktion-und-lieferkette\\\/\"},\"author\":{\"name\":\"galledia\",\"@id\":\"https:\\\/\\\/www.organisator.ch\\\/#\\\/schema\\\/person\\\/4e51799071cd2dd1232ac003643ef5f0\"},\"headline\":\"Fabrik des Jahres 2022: Auszeichnung f\u00fcr Resilienz in Produktion und Lieferkette\",\"datePublished\":\"2022-12-21T05:31:35+00:00\",\"dateModified\":\"2024-11-19T10:59:46+00:00\",\"mainEntityOfPage\":{\"@id\":\"https:\\\/\\\/www.organisator.ch\\\/operational-excellence\\\/2022-12-21\\\/fabrik-des-jahres-2022-auszeichnung-fuer-resilienz-in-produktion-und-lieferkette\\\/\"},\"wordCount\":442,\"publisher\":{\"@id\":\"https:\\\/\\\/www.organisator.ch\\\/#organization\"},\"image\":{\"@id\":\"https:\\\/\\\/www.organisator.ch\\\/operational-excellence\\\/2022-12-21\\\/fabrik-des-jahres-2022-auszeichnung-fuer-resilienz-in-produktion-und-lieferkette\\\/#primaryimage\"},\"thumbnailUrl\":\"https:\\\/\\\/www.m-q.ch\\\/wp-content\\\/uploads\\\/2022\\\/12\\\/Fabrik-des-Jahres-2022-Auszeichnung-fuer-Resilienz-in-Produktion-und-Lieferkette_MQ.jpg\",\"articleSection\":[\"OPERATIONAL EXCELLENCE\"],\"inLanguage\":\"it-IT\"},{\"@type\":\"WebPage\",\"@id\":\"https:\\\/\\\/www.organisator.ch\\\/operational-excellence\\\/2022-12-21\\\/fabrik-des-jahres-2022-auszeichnung-fuer-resilienz-in-produktion-und-lieferkette\\\/\",\"url\":\"https:\\\/\\\/www.organisator.ch\\\/operational-excellence\\\/2022-12-21\\\/fabrik-des-jahres-2022-auszeichnung-fuer-resilienz-in-produktion-und-lieferkette\\\/\",\"name\":\"Fabrik des Jahres 2022: Auszeichnung f\u00fcr Resilienz in Produktion und Lieferkette - Organisator\",\"isPartOf\":{\"@id\":\"https:\\\/\\\/www.organisator.ch\\\/#website\"},\"primaryImageOfPage\":{\"@id\":\"https:\\\/\\\/www.organisator.ch\\\/operational-excellence\\\/2022-12-21\\\/fabrik-des-jahres-2022-auszeichnung-fuer-resilienz-in-produktion-und-lieferkette\\\/#primaryimage\"},\"image\":{\"@id\":\"https:\\\/\\\/www.organisator.ch\\\/operational-excellence\\\/2022-12-21\\\/fabrik-des-jahres-2022-auszeichnung-fuer-resilienz-in-produktion-und-lieferkette\\\/#primaryimage\"},\"thumbnailUrl\":\"https:\\\/\\\/www.m-q.ch\\\/wp-content\\\/uploads\\\/2022\\\/12\\\/Fabrik-des-Jahres-2022-Auszeichnung-fuer-Resilienz-in-Produktion-und-Lieferkette_MQ.jpg\",\"datePublished\":\"2022-12-21T05:31:35+00:00\",\"dateModified\":\"2024-11-19T10:59:46+00:00\",\"description\":\"Siemens-Werk Zug gewinnt \\\"Fabrik des Jahres 2022\\\" f\u00fcr Resilienz in der Lieferkette. Preisverleihung im M\u00e4rz 2023.\",\"breadcrumb\":{\"@id\":\"https:\\\/\\\/www.organisator.ch\\\/operational-excellence\\\/2022-12-21\\\/fabrik-des-jahres-2022-auszeichnung-fuer-resilienz-in-produktion-und-lieferkette\\\/#breadcrumb\"},\"inLanguage\":\"it-IT\",\"potentialAction\":[{\"@type\":\"ReadAction\",\"target\":[\"https:\\\/\\\/www.organisator.ch\\\/operational-excellence\\\/2022-12-21\\\/fabrik-des-jahres-2022-auszeichnung-fuer-resilienz-in-produktion-und-lieferkette\\\/\"]}]},{\"@type\":\"ImageObject\",\"inLanguage\":\"it-IT\",\"@id\":\"https:\\\/\\\/www.organisator.ch\\\/operational-excellence\\\/2022-12-21\\\/fabrik-des-jahres-2022-auszeichnung-fuer-resilienz-in-produktion-und-lieferkette\\\/#primaryimage\",\"url\":\"https:\\\/\\\/www.m-q.ch\\\/wp-content\\\/uploads\\\/2022\\\/12\\\/Fabrik-des-Jahres-2022-Auszeichnung-fuer-Resilienz-in-Produktion-und-Lieferkette_MQ.jpg\",\"contentUrl\":\"https:\\\/\\\/www.m-q.ch\\\/wp-content\\\/uploads\\\/2022\\\/12\\\/Fabrik-des-Jahres-2022-Auszeichnung-fuer-Resilienz-in-Produktion-und-Lieferkette_MQ.jpg\"},{\"@type\":\"BreadcrumbList\",\"@id\":\"https:\\\/\\\/www.organisator.ch\\\/operational-excellence\\\/2022-12-21\\\/fabrik-des-jahres-2022-auszeichnung-fuer-resilienz-in-produktion-und-lieferkette\\\/#breadcrumb\",\"itemListElement\":[{\"@type\":\"ListItem\",\"position\":1,\"name\":\"Home\",\"item\":\"https:\\\/\\\/www.organisator.ch\\\/\"},{\"@type\":\"ListItem\",\"position\":2,\"name\":\"Fabrik des Jahres 2022: Auszeichnung f\u00fcr Resilienz in Produktion und Lieferkette\"}]},{\"@type\":\"WebSite\",\"@id\":\"https:\\\/\\\/www.organisator.ch\\\/#website\",\"url\":\"https:\\\/\\\/www.organisator.ch\\\/\",\"name\":\"Organisator\",\"description\":\"Kompetent. Praxisnah. Der ORGANISATOR bereitet in 10 Ausgaben pro Jahr die wesentlichen Themen f\u00fcr F\u00fchrungskr\u00e4fte von KMU auf.\",\"publisher\":{\"@id\":\"https:\\\/\\\/www.organisator.ch\\\/#organization\"},\"potentialAction\":[{\"@type\":\"SearchAction\",\"target\":{\"@type\":\"EntryPoint\",\"urlTemplate\":\"https:\\\/\\\/www.organisator.ch\\\/?s={search_term_string}\"},\"query-input\":{\"@type\":\"PropertyValueSpecification\",\"valueRequired\":true,\"valueName\":\"search_term_string\"}}],\"inLanguage\":\"it-IT\"},{\"@type\":\"Organization\",\"@id\":\"https:\\\/\\\/www.organisator.ch\\\/#organization\",\"name\":\"Organisator\",\"url\":\"https:\\\/\\\/www.organisator.ch\\\/\",\"logo\":{\"@type\":\"ImageObject\",\"inLanguage\":\"it-IT\",\"@id\":\"https:\\\/\\\/www.organisator.ch\\\/#\\\/schema\\\/logo\\\/image\\\/\",\"url\":\"https:\\\/\\\/www.organisator.ch\\\/wp-content\\\/uploads\\\/2022\\\/01\\\/Logo_Organisator_Website.png\",\"contentUrl\":\"https:\\\/\\\/www.organisator.ch\\\/wp-content\\\/uploads\\\/2022\\\/01\\\/Logo_Organisator_Website.png\",\"width\":800,\"height\":77,\"caption\":\"Organisator\"},\"image\":{\"@id\":\"https:\\\/\\\/www.organisator.ch\\\/#\\\/schema\\\/logo\\\/image\\\/\"},\"sameAs\":[\"https:\\\/\\\/www.facebook.com\\\/OrganisatorFachmagazin\",\"https:\\\/\\\/www.linkedin.com\\\/showcase\\\/organisator-das-magazin-fr-kmu\",\"https:\\\/\\\/www.xing.com\\\/news\\\/pages\\\/organisator-ch-695\",\"https:\\\/\\\/www.youtube.com\\\/channel\\\/UCGP2Sq0iWaZwT3BdIAQFYpw\"]},{\"@type\":\"Person\",\"@id\":\"https:\\\/\\\/www.organisator.ch\\\/#\\\/schema\\\/person\\\/4e51799071cd2dd1232ac003643ef5f0\",\"name\":\"galledia\",\"image\":{\"@type\":\"ImageObject\",\"inLanguage\":\"it-IT\",\"@id\":\"https:\\\/\\\/secure.gravatar.com\\\/avatar\\\/78a7f90c01fc2bfc875782a0d4922b37cde2cf184ce347b91316d23cd7f69a36?s=96&d=mm&r=g\",\"url\":\"https:\\\/\\\/secure.gravatar.com\\\/avatar\\\/78a7f90c01fc2bfc875782a0d4922b37cde2cf184ce347b91316d23cd7f69a36?s=96&d=mm&r=g\",\"contentUrl\":\"https:\\\/\\\/secure.gravatar.com\\\/avatar\\\/78a7f90c01fc2bfc875782a0d4922b37cde2cf184ce347b91316d23cd7f69a36?s=96&d=mm&r=g\",\"caption\":\"galledia\"},\"sameAs\":[\"https:\\\/\\\/x.com\\\/admin\"],\"url\":\"https:\\\/\\\/www.organisator.ch\\\/it\\\/author\\\/galledia\\\/\"}]}<\/script>\n<!-- \/ Yoast SEO plugin. -->","yoast_head_json":{"title":"Fabbrica dell'anno 2022: Premio per la resilienza nella produzione e nella catena di approvvigionamento - Organizzatore","description":"Lo stabilimento Siemens di Zug vince la \"Fabbrica dell'anno 2022\" per la resilienza della catena di fornitura. Cerimonia di premiazione nel marzo 2023.","robots":{"index":"index","follow":"follow","max-snippet":"max-snippet:-1","max-image-preview":"max-image-preview:large","max-video-preview":"max-video-preview:-1"},"canonical":"https:\/\/www.organisator.ch\/it\/eccellenza-operativa\/2022-12-21\/fabrik-des-jahres-2022-auszeichnung-fuer-resilienz-in-produktion-und-lieferkette\/","og_locale":"it_IT","og_type":"article","og_title":"Fabrik des Jahres 2022: Auszeichnung f\u00fcr Resilienz in Produktion und Lieferkette - Organisator","og_description":"Siemens-Werk Zug gewinnt \"Fabrik des Jahres 2022\" f\u00fcr Resilienz in der Lieferkette. Preisverleihung im M\u00e4rz 2023.","og_url":"https:\/\/www.organisator.ch\/it\/eccellenza-operativa\/2022-12-21\/fabrik-des-jahres-2022-auszeichnung-fuer-resilienz-in-produktion-und-lieferkette\/","og_site_name":"Organisator","article_publisher":"https:\/\/www.facebook.com\/OrganisatorFachmagazin","article_published_time":"2022-12-21T05:31:35+00:00","article_modified_time":"2024-11-19T10:59:46+00:00","author":"galledia","twitter_card":"summary_large_image","twitter_creator":"@admin","schema":{"@context":"https:\/\/schema.org","@graph":[{"@type":"Article","@id":"https:\/\/www.organisator.ch\/operational-excellence\/2022-12-21\/fabrik-des-jahres-2022-auszeichnung-fuer-resilienz-in-produktion-und-lieferkette\/#article","isPartOf":{"@id":"https:\/\/www.organisator.ch\/operational-excellence\/2022-12-21\/fabrik-des-jahres-2022-auszeichnung-fuer-resilienz-in-produktion-und-lieferkette\/"},"author":{"name":"galledia","@id":"https:\/\/www.organisator.ch\/#\/schema\/person\/4e51799071cd2dd1232ac003643ef5f0"},"headline":"Fabrik des Jahres 2022: Auszeichnung f\u00fcr Resilienz in Produktion und Lieferkette","datePublished":"2022-12-21T05:31:35+00:00","dateModified":"2024-11-19T10:59:46+00:00","mainEntityOfPage":{"@id":"https:\/\/www.organisator.ch\/operational-excellence\/2022-12-21\/fabrik-des-jahres-2022-auszeichnung-fuer-resilienz-in-produktion-und-lieferkette\/"},"wordCount":442,"publisher":{"@id":"https:\/\/www.organisator.ch\/#organization"},"image":{"@id":"https:\/\/www.organisator.ch\/operational-excellence\/2022-12-21\/fabrik-des-jahres-2022-auszeichnung-fuer-resilienz-in-produktion-und-lieferkette\/#primaryimage"},"thumbnailUrl":"https:\/\/www.m-q.ch\/wp-content\/uploads\/2022\/12\/Fabrik-des-Jahres-2022-Auszeichnung-fuer-Resilienz-in-Produktion-und-Lieferkette_MQ.jpg","articleSection":["OPERATIONAL EXCELLENCE"],"inLanguage":"it-IT"},{"@type":"WebPage","@id":"https:\/\/www.organisator.ch\/operational-excellence\/2022-12-21\/fabrik-des-jahres-2022-auszeichnung-fuer-resilienz-in-produktion-und-lieferkette\/","url":"https:\/\/www.organisator.ch\/operational-excellence\/2022-12-21\/fabrik-des-jahres-2022-auszeichnung-fuer-resilienz-in-produktion-und-lieferkette\/","name":"Fabbrica dell'anno 2022: Premio per la resilienza nella produzione e nella catena di approvvigionamento - Organizzatore","isPartOf":{"@id":"https:\/\/www.organisator.ch\/#website"},"primaryImageOfPage":{"@id":"https:\/\/www.organisator.ch\/operational-excellence\/2022-12-21\/fabrik-des-jahres-2022-auszeichnung-fuer-resilienz-in-produktion-und-lieferkette\/#primaryimage"},"image":{"@id":"https:\/\/www.organisator.ch\/operational-excellence\/2022-12-21\/fabrik-des-jahres-2022-auszeichnung-fuer-resilienz-in-produktion-und-lieferkette\/#primaryimage"},"thumbnailUrl":"https:\/\/www.m-q.ch\/wp-content\/uploads\/2022\/12\/Fabrik-des-Jahres-2022-Auszeichnung-fuer-Resilienz-in-Produktion-und-Lieferkette_MQ.jpg","datePublished":"2022-12-21T05:31:35+00:00","dateModified":"2024-11-19T10:59:46+00:00","description":"Lo stabilimento Siemens di Zug vince la \"Fabbrica dell'anno 2022\" per la resilienza della catena di fornitura. Cerimonia di premiazione nel marzo 2023.","breadcrumb":{"@id":"https:\/\/www.organisator.ch\/operational-excellence\/2022-12-21\/fabrik-des-jahres-2022-auszeichnung-fuer-resilienz-in-produktion-und-lieferkette\/#breadcrumb"},"inLanguage":"it-IT","potentialAction":[{"@type":"ReadAction","target":["https:\/\/www.organisator.ch\/operational-excellence\/2022-12-21\/fabrik-des-jahres-2022-auszeichnung-fuer-resilienz-in-produktion-und-lieferkette\/"]}]},{"@type":"ImageObject","inLanguage":"it-IT","@id":"https:\/\/www.organisator.ch\/operational-excellence\/2022-12-21\/fabrik-des-jahres-2022-auszeichnung-fuer-resilienz-in-produktion-und-lieferkette\/#primaryimage","url":"https:\/\/www.m-q.ch\/wp-content\/uploads\/2022\/12\/Fabrik-des-Jahres-2022-Auszeichnung-fuer-Resilienz-in-Produktion-und-Lieferkette_MQ.jpg","contentUrl":"https:\/\/www.m-q.ch\/wp-content\/uploads\/2022\/12\/Fabrik-des-Jahres-2022-Auszeichnung-fuer-Resilienz-in-Produktion-und-Lieferkette_MQ.jpg"},{"@type":"BreadcrumbList","@id":"https:\/\/www.organisator.ch\/operational-excellence\/2022-12-21\/fabrik-des-jahres-2022-auszeichnung-fuer-resilienz-in-produktion-und-lieferkette\/#breadcrumb","itemListElement":[{"@type":"ListItem","position":1,"name":"Home","item":"https:\/\/www.organisator.ch\/"},{"@type":"ListItem","position":2,"name":"Fabrik des Jahres 2022: Auszeichnung f\u00fcr Resilienz in Produktion und Lieferkette"}]},{"@type":"WebSite","@id":"https:\/\/www.organisator.ch\/#website","url":"https:\/\/www.organisator.ch\/","name":"Organizzatore","description":"Competente. Pratico. In 10 numeri all'anno, ORGANISATOR presenta i temi essenziali per i manager delle PMI.","publisher":{"@id":"https:\/\/www.organisator.ch\/#organization"},"potentialAction":[{"@type":"SearchAction","target":{"@type":"EntryPoint","urlTemplate":"https:\/\/www.organisator.ch\/?s={search_term_string}"},"query-input":{"@type":"PropertyValueSpecification","valueRequired":true,"valueName":"search_term_string"}}],"inLanguage":"it-IT"},{"@type":"Organization","@id":"https:\/\/www.organisator.ch\/#organization","name":"Organizzatore","url":"https:\/\/www.organisator.ch\/","logo":{"@type":"ImageObject","inLanguage":"it-IT","@id":"https:\/\/www.organisator.ch\/#\/schema\/logo\/image\/","url":"https:\/\/www.organisator.ch\/wp-content\/uploads\/2022\/01\/Logo_Organisator_Website.png","contentUrl":"https:\/\/www.organisator.ch\/wp-content\/uploads\/2022\/01\/Logo_Organisator_Website.png","width":800,"height":77,"caption":"Organisator"},"image":{"@id":"https:\/\/www.organisator.ch\/#\/schema\/logo\/image\/"},"sameAs":["https:\/\/www.facebook.com\/OrganisatorFachmagazin","https:\/\/www.linkedin.com\/showcase\/organisator-das-magazin-fr-kmu","https:\/\/www.xing.com\/news\/pages\/organisator-ch-695","https:\/\/www.youtube.com\/channel\/UCGP2Sq0iWaZwT3BdIAQFYpw"]},{"@type":"Person","@id":"https:\/\/www.organisator.ch\/#\/schema\/person\/4e51799071cd2dd1232ac003643ef5f0","name":"galledia","image":{"@type":"ImageObject","inLanguage":"it-IT","@id":"https:\/\/secure.gravatar.com\/avatar\/78a7f90c01fc2bfc875782a0d4922b37cde2cf184ce347b91316d23cd7f69a36?s=96&d=mm&r=g","url":"https:\/\/secure.gravatar.com\/avatar\/78a7f90c01fc2bfc875782a0d4922b37cde2cf184ce347b91316d23cd7f69a36?s=96&d=mm&r=g","contentUrl":"https:\/\/secure.gravatar.com\/avatar\/78a7f90c01fc2bfc875782a0d4922b37cde2cf184ce347b91316d23cd7f69a36?s=96&d=mm&r=g","caption":"galledia"},"sameAs":["https:\/\/x.com\/admin"],"url":"https:\/\/www.organisator.ch\/it\/author\/galledia\/"}]}},"_links":{"self":[{"href":"https:\/\/www.organisator.ch\/it\/wp-json\/wp\/v2\/posts\/18347","targetHints":{"allow":["GET"]}}],"collection":[{"href":"https:\/\/www.organisator.ch\/it\/wp-json\/wp\/v2\/posts"}],"about":[{"href":"https:\/\/www.organisator.ch\/it\/wp-json\/wp\/v2\/types\/post"}],"author":[{"embeddable":true,"href":"https:\/\/www.organisator.ch\/it\/wp-json\/wp\/v2\/users\/8"}],"replies":[{"embeddable":true,"href":"https:\/\/www.organisator.ch\/it\/wp-json\/wp\/v2\/comments?post=18347"}],"version-history":[{"count":3,"href":"https:\/\/www.organisator.ch\/it\/wp-json\/wp\/v2\/posts\/18347\/revisions"}],"predecessor-version":[{"id":33490,"href":"https:\/\/www.organisator.ch\/it\/wp-json\/wp\/v2\/posts\/18347\/revisions\/33490"}],"wp:attachment":[{"href":"https:\/\/www.organisator.ch\/it\/wp-json\/wp\/v2\/media?parent=18347"}],"wp:term":[{"taxonomy":"category","embeddable":true,"href":"https:\/\/www.organisator.ch\/it\/wp-json\/wp\/v2\/categories?post=18347"},{"taxonomy":"post_tag","embeddable":true,"href":"https:\/\/www.organisator.ch\/it\/wp-json\/wp\/v2\/tags?post=18347"}],"curies":[{"name":"wp","href":"https:\/\/api.w.org\/{rel}","templated":true}]}}