{"id":1835,"date":"2018-08-30T12:55:46","date_gmt":"2018-08-30T10:55:46","guid":{"rendered":"https:\/\/www.umweltperspektiven.ch\/?p=1835"},"modified":"2018-08-30T12:55:46","modified_gmt":"2018-08-30T10:55:46","slug":"klimaforscher-reto-knutti-ausgezeichnet","status":"publish","type":"post","link":"https:\/\/www.organisator.ch\/it\/allgemein\/2018-08-30\/klimaforscher-reto-knutti-ausgezeichnet\/","title":{"rendered":"Il ricercatore sul clima Reto Knutti riceve il premio"},"content":{"rendered":"<figure id=\"attachment_1836\" aria-describedby=\"caption-attachment-1836\" style=\"width: 680px\" class=\"wp-caption alignnone\"><img loading=\"lazy\" decoding=\"async\" class=\"size-medium wp-image-1836\" src=\"\/\/www.umweltperspektiven.ch\/wp-content\/uploads\/2018\/08\/reto_knutti-hires-Klimaforscher-Auszeichnung-UP_umweltperspektiven.jpg\" alt=\"\" width=\"680\" height=\"510\" \/><figcaption id=\"caption-attachment-1836\" class=\"wp-caption-text\">Peter Knutti non \u00e8 solo il delegato dell'ETH per la sostenibilit\u00e0, ma di recente ha anche ricevuto un premio dalla Fondazione Dr. J. E. Brandenberger. (Foto: Peter R\u00fcegg\/ ETH)<\/figcaption><\/figure>\n<p>Petter Knutti riceve un alto riconoscimento. Questo premio onora un insegnante e ricercatore che ha dimostrato un grande e prolungato impegno per la protezione del clima ben oltre i confini del paese e che sa come mettere i risultati e la sua ricerca al servizio della societ\u00e0, dice il comunicato stampa.<\/p>\n<p><strong>Uno dei pi\u00f9 alti premi della fondazione<\/strong><\/p>\n<p>Il premio, dotato di 200.000 franchi svizzeri, \u00e8 uno dei pi\u00f9 alti premi di fondazione in Svizzera. Grazie all'eredit\u00e0 di Marthe Brandenberger, unica figlia dell'inventore del cellophane Dr. J.E. Brandenberger, il premio pu\u00f2 essere assegnato per la 29\u00b0 volta. La sua volont\u00e0 \u00e8 stata quella di onorare le personalit\u00e0 che si sono dedicate al miglioramento delle condizioni di vita delle persone e che hanno dato un contributo speciale in questo senso.<\/p>\n<p>\"Questo \u00e8 molto vero per il professor Dr. Reto Knutti\", dice il presidente della Fondazione Carlo Schmid-Sutter, \"la nostra consapevolezza del cambiamento climatico non \u00e8 solo aumentata dopo questa estate di canicola, grazie ai nuovi modi di comunicare le conoscenze Reto Knutti \u00e8 riuscito a raggiungere nuove parti interessate, facendo conoscere i risultati delle sue ricerche ben oltre il mondo accademico e sensibilizzando i decisori politici e il pubblico in generale sul tema.\"<\/p>\n<p><strong>Ancora una figura luminosa<\/strong><\/p>\n<p>Reto Knutti, che \u00e8 cresciuto a Gstaad, era gi\u00e0 interessato al clima da scolaro. \"Credo che abbia a che fare con il fatto di vivere in montagna\", dice, \"sei strettamente legato al tempo\". Per lui era chiaro che voleva studiare fisica all'Universit\u00e0 di Berna; il suo grande modello nel campo della ricerca sul clima \u00e8 il rinomato fisico del clima bernese, il professor Thomas Stocker. \"\u00c8 diventato il mio supervisore di dottorato ed \u00e8 ancora oggi un faro per me\".<\/p>\n<p>Come dovrebbe essere il nostro mondo tra 20 o 30 anni? Come possiamo aumentare la nostra consapevolezza dei rischi del cambiamento climatico? Come possiamo creare un'accettazione sociale e politica dei fatti irrefutabili della ricerca sul clima? Come uno dei principali autori del rapporto sul clima dell'Intergovernmental Panel on Climate Change (IPCC), Reto Knutti mostra gli effetti del riscaldamento globale sul nostro pianeta. Dirige il Climate Physics Group presso l'Istituto per l'Atmosfera e il Clima del Dipartimento di Scienze Ambientali dell'ETH di Zurigo, \u00e8 delegato dell'ETH per la sostenibilit\u00e0, presidente di ProClim ed \u00e8 un instancabile sostenitore pubblico per una migliore comprensione della complessit\u00e0 del sistema climatico globale e perch\u00e9 ogni individuo tratti il nostro ambiente in modo responsabile.<\/p>\n<p><em>Il premio della Fondazione Dr J.E. Brandenberger sar\u00e0 assegnato a Reto Knutti il 24 novembre 2018 a Zurigo. Il presidente dell'ETH, il professor Lino Guzzella, terr\u00e0 il discorso elogiativo.<\/em><\/p>\n<p><a href=\"\/\/www.stiftungbrandenberger.ch\">www.stiftungbrandenberger.ch<\/a><\/p>\n<p>&nbsp;<\/p>\n<p>&nbsp;<\/p>\n<p>&nbsp;<\/p>\n<p>&nbsp;<\/p>\n<p>&nbsp;<\/p>\n<p>&nbsp;<\/p>\n<p>&nbsp;<\/p>\n<p>&nbsp;<\/p>\n<p>&nbsp;<\/p>","protected":false},"excerpt":{"rendered":"<p>Petter Knutti erh\u00e4lt einen hohen Preis. Mit dieser Auszeichnung wird ein Lehrer und Forscher geehrt, der sich mit grossem, anhaltenden Einsatz f\u00fcr den Schutz des Klimas weit \u00fcber die Landesgrenzen hinaus engagiert und es versteht, die Erkenntnisse und seine Forschung in den Dienst der Gesellschaft zu stellen, heisst es in der Medienmitteilung. Einer der h\u00f6chsten [&hellip;]<\/p>\n","protected":false},"author":5,"featured_media":9565,"comment_status":"open","ping_status":"open","sticky":false,"template":"","format":"standard","meta":{"_acf_changed":false,"_yoast_wpseo_focuskw":"Reto Knutti","_yoast_wpseo_metadesc":"Professor Dr. Reto Knutti, Professor f\u00fcr Klimaphysik an der ETH Z\u00fcrich, wird f\u00fcr seine Leistungen in der Erforschung des Klimawandels ausgezeichnet.","articlekey":"","footnotes":""},"categories":[1],"tags":[743,1519,455],"class_list":["post-1835","post","type-post","status-publish","format-standard","has-post-thumbnail","hentry","category-allgemein","tag-auszeichnung","tag-klimapreis","tag-stiftung"],"acf":[],"yoast_head":"<!-- This site is optimized with the Yoast SEO plugin v27.4 - https:\/\/yoast.com\/product\/yoast-seo-wordpress\/ -->\n<title>Klimaforscher Reto Knutti ausgezeichnet - Organisator<\/title>\n<meta name=\"description\" content=\"Professor Dr. Reto Knutti, Professor f\u00fcr Klimaphysik an der ETH Z\u00fcrich, wird f\u00fcr seine Leistungen in der Erforschung des Klimawandels ausgezeichnet.\" \/>\n<meta name=\"robots\" content=\"index, follow, max-snippet:-1, max-image-preview:large, max-video-preview:-1\" \/>\n<link rel=\"canonical\" href=\"https:\/\/www.organisator.ch\/it\/generale\/2018-08-30\/klimaforscher-reto-knutti-ausgezeichnet\/\" \/>\n<meta property=\"og:locale\" content=\"it_IT\" \/>\n<meta property=\"og:type\" content=\"article\" \/>\n<meta property=\"og:title\" content=\"Klimaforscher Reto Knutti ausgezeichnet - Organisator\" \/>\n<meta property=\"og:description\" content=\"Professor Dr. Reto Knutti, Professor f\u00fcr Klimaphysik an der ETH Z\u00fcrich, wird f\u00fcr seine Leistungen in der Erforschung des Klimawandels ausgezeichnet.\" \/>\n<meta property=\"og:url\" content=\"https:\/\/www.organisator.ch\/it\/generale\/2018-08-30\/klimaforscher-reto-knutti-ausgezeichnet\/\" \/>\n<meta property=\"og:site_name\" content=\"Organisator\" \/>\n<meta property=\"article:publisher\" content=\"https:\/\/www.facebook.com\/OrganisatorFachmagazin\" \/>\n<meta property=\"article:published_time\" content=\"2018-08-30T10:55:46+00:00\" \/>\n<meta property=\"og:image\" content=\"https:\/\/www.organisator.ch\/wp-content\/uploads\/2018\/08\/reto_knutti-hires-Klimaforscher-Auszeichnung-UP_umweltperspektiven.jpg\" \/>\n\t<meta property=\"og:image:width\" content=\"800\" \/>\n\t<meta property=\"og:image:height\" content=\"600\" \/>\n\t<meta property=\"og:image:type\" content=\"image\/jpeg\" \/>\n<meta name=\"author\" content=\"michael.merz\" \/>\n<meta name=\"twitter:card\" content=\"summary_large_image\" \/>\n<script type=\"application\/ld+json\" class=\"yoast-schema-graph\">{\"@context\":\"https:\\\/\\\/schema.org\",\"@graph\":[{\"@type\":\"Article\",\"@id\":\"https:\\\/\\\/www.organisator.ch\\\/fr\\\/general\\\/2018-08-30\\\/klimaforscher-reto-knutti-ausgezeichnet\\\/#article\",\"isPartOf\":{\"@id\":\"https:\\\/\\\/www.organisator.ch\\\/fr\\\/general\\\/2018-08-30\\\/klimaforscher-reto-knutti-ausgezeichnet\\\/\"},\"author\":{\"name\":\"michael.merz\",\"@id\":\"https:\\\/\\\/www.organisator.ch\\\/#\\\/schema\\\/person\\\/134708ca9321c57b0362cceb7948ffbd\"},\"headline\":\"Klimaforscher Reto Knutti ausgezeichnet\",\"datePublished\":\"2018-08-30T10:55:46+00:00\",\"mainEntityOfPage\":{\"@id\":\"https:\\\/\\\/www.organisator.ch\\\/fr\\\/general\\\/2018-08-30\\\/klimaforscher-reto-knutti-ausgezeichnet\\\/\"},\"wordCount\":486,\"commentCount\":0,\"publisher\":{\"@id\":\"https:\\\/\\\/www.organisator.ch\\\/#organization\"},\"image\":{\"@id\":\"https:\\\/\\\/www.organisator.ch\\\/fr\\\/general\\\/2018-08-30\\\/klimaforscher-reto-knutti-ausgezeichnet\\\/#primaryimage\"},\"thumbnailUrl\":\"https:\\\/\\\/www.organisator.ch\\\/wp-content\\\/uploads\\\/2018\\\/08\\\/reto_knutti-hires-Klimaforscher-Auszeichnung-UP_umweltperspektiven.jpg\",\"keywords\":[\"Auszeichnung\",\"Klimapreis\",\"Stiftung\"],\"articleSection\":[\"Allgemein\"],\"inLanguage\":\"it-IT\"},{\"@type\":\"WebPage\",\"@id\":\"https:\\\/\\\/www.organisator.ch\\\/fr\\\/general\\\/2018-08-30\\\/klimaforscher-reto-knutti-ausgezeichnet\\\/\",\"url\":\"https:\\\/\\\/www.organisator.ch\\\/fr\\\/general\\\/2018-08-30\\\/klimaforscher-reto-knutti-ausgezeichnet\\\/\",\"name\":\"Klimaforscher Reto Knutti ausgezeichnet - Organisator\",\"isPartOf\":{\"@id\":\"https:\\\/\\\/www.organisator.ch\\\/#website\"},\"primaryImageOfPage\":{\"@id\":\"https:\\\/\\\/www.organisator.ch\\\/fr\\\/general\\\/2018-08-30\\\/klimaforscher-reto-knutti-ausgezeichnet\\\/#primaryimage\"},\"image\":{\"@id\":\"https:\\\/\\\/www.organisator.ch\\\/fr\\\/general\\\/2018-08-30\\\/klimaforscher-reto-knutti-ausgezeichnet\\\/#primaryimage\"},\"thumbnailUrl\":\"https:\\\/\\\/www.organisator.ch\\\/wp-content\\\/uploads\\\/2018\\\/08\\\/reto_knutti-hires-Klimaforscher-Auszeichnung-UP_umweltperspektiven.jpg\",\"datePublished\":\"2018-08-30T10:55:46+00:00\",\"description\":\"Professor Dr. Reto Knutti, Professor f\u00fcr Klimaphysik an der ETH Z\u00fcrich, wird f\u00fcr seine Leistungen in der Erforschung des Klimawandels ausgezeichnet.\",\"breadcrumb\":{\"@id\":\"https:\\\/\\\/www.organisator.ch\\\/fr\\\/general\\\/2018-08-30\\\/klimaforscher-reto-knutti-ausgezeichnet\\\/#breadcrumb\"},\"inLanguage\":\"it-IT\",\"potentialAction\":[{\"@type\":\"ReadAction\",\"target\":[\"https:\\\/\\\/www.organisator.ch\\\/fr\\\/general\\\/2018-08-30\\\/klimaforscher-reto-knutti-ausgezeichnet\\\/\"]}]},{\"@type\":\"ImageObject\",\"inLanguage\":\"it-IT\",\"@id\":\"https:\\\/\\\/www.organisator.ch\\\/fr\\\/general\\\/2018-08-30\\\/klimaforscher-reto-knutti-ausgezeichnet\\\/#primaryimage\",\"url\":\"https:\\\/\\\/www.organisator.ch\\\/wp-content\\\/uploads\\\/2018\\\/08\\\/reto_knutti-hires-Klimaforscher-Auszeichnung-UP_umweltperspektiven.jpg\",\"contentUrl\":\"https:\\\/\\\/www.organisator.ch\\\/wp-content\\\/uploads\\\/2018\\\/08\\\/reto_knutti-hires-Klimaforscher-Auszeichnung-UP_umweltperspektiven.jpg\",\"width\":800,\"height\":600,\"caption\":\"Peter Knutti ist nicht nur Delegierter f\u00fcr Nachhaltigkeit der ETH, neuerdings ist er auch Preistr\u00e4ger der Stiftung Dr. J. E. Brandenberger. (Bild: Peter R\u00fcegg\\\/ ETH)\"},{\"@type\":\"BreadcrumbList\",\"@id\":\"https:\\\/\\\/www.organisator.ch\\\/fr\\\/general\\\/2018-08-30\\\/klimaforscher-reto-knutti-ausgezeichnet\\\/#breadcrumb\",\"itemListElement\":[{\"@type\":\"ListItem\",\"position\":1,\"name\":\"Home\",\"item\":\"https:\\\/\\\/www.organisator.ch\\\/\"},{\"@type\":\"ListItem\",\"position\":2,\"name\":\"Klimaforscher Reto Knutti ausgezeichnet\"}]},{\"@type\":\"WebSite\",\"@id\":\"https:\\\/\\\/www.organisator.ch\\\/#website\",\"url\":\"https:\\\/\\\/www.organisator.ch\\\/\",\"name\":\"Organisator\",\"description\":\"Kompetent. Praxisnah. Der ORGANISATOR bereitet in 10 Ausgaben pro Jahr die wesentlichen Themen f\u00fcr F\u00fchrungskr\u00e4fte von KMU auf.\",\"publisher\":{\"@id\":\"https:\\\/\\\/www.organisator.ch\\\/#organization\"},\"potentialAction\":[{\"@type\":\"SearchAction\",\"target\":{\"@type\":\"EntryPoint\",\"urlTemplate\":\"https:\\\/\\\/www.organisator.ch\\\/?s={search_term_string}\"},\"query-input\":{\"@type\":\"PropertyValueSpecification\",\"valueRequired\":true,\"valueName\":\"search_term_string\"}}],\"inLanguage\":\"it-IT\"},{\"@type\":\"Organization\",\"@id\":\"https:\\\/\\\/www.organisator.ch\\\/#organization\",\"name\":\"Organisator\",\"url\":\"https:\\\/\\\/www.organisator.ch\\\/\",\"logo\":{\"@type\":\"ImageObject\",\"inLanguage\":\"it-IT\",\"@id\":\"https:\\\/\\\/www.organisator.ch\\\/#\\\/schema\\\/logo\\\/image\\\/\",\"url\":\"https:\\\/\\\/www.organisator.ch\\\/wp-content\\\/uploads\\\/2022\\\/01\\\/Logo_Organisator_Website.png\",\"contentUrl\":\"https:\\\/\\\/www.organisator.ch\\\/wp-content\\\/uploads\\\/2022\\\/01\\\/Logo_Organisator_Website.png\",\"width\":800,\"height\":77,\"caption\":\"Organisator\"},\"image\":{\"@id\":\"https:\\\/\\\/www.organisator.ch\\\/#\\\/schema\\\/logo\\\/image\\\/\"},\"sameAs\":[\"https:\\\/\\\/www.facebook.com\\\/OrganisatorFachmagazin\",\"https:\\\/\\\/www.linkedin.com\\\/showcase\\\/organisator-das-magazin-fr-kmu\",\"https:\\\/\\\/www.xing.com\\\/news\\\/pages\\\/organisator-ch-695\",\"https:\\\/\\\/www.youtube.com\\\/channel\\\/UCGP2Sq0iWaZwT3BdIAQFYpw\"]},{\"@type\":\"Person\",\"@id\":\"https:\\\/\\\/www.organisator.ch\\\/#\\\/schema\\\/person\\\/134708ca9321c57b0362cceb7948ffbd\",\"name\":\"michael.merz\",\"image\":{\"@type\":\"ImageObject\",\"inLanguage\":\"it-IT\",\"@id\":\"https:\\\/\\\/secure.gravatar.com\\\/avatar\\\/?s=96&d=mm&r=g\",\"url\":\"https:\\\/\\\/secure.gravatar.com\\\/avatar\\\/?s=96&d=mm&r=g\",\"contentUrl\":\"https:\\\/\\\/secure.gravatar.com\\\/avatar\\\/?s=96&d=mm&r=g\",\"caption\":\"michael.merz\"},\"url\":\"https:\\\/\\\/www.organisator.ch\\\/it\\\/author\\\/michael-merz\\\/\"}]}<\/script>\n<!-- \/ Yoast SEO plugin. -->","yoast_head_json":{"title":"Il ricercatore sul clima Reto Knutti riceve il premio - Organizzatore","description":"Il professor Reto Knutti, docente di fisica del clima al Politecnico di Zurigo, \u00e8 stato premiato per i suoi risultati nella ricerca sui cambiamenti climatici.","robots":{"index":"index","follow":"follow","max-snippet":"max-snippet:-1","max-image-preview":"max-image-preview:large","max-video-preview":"max-video-preview:-1"},"canonical":"https:\/\/www.organisator.ch\/it\/generale\/2018-08-30\/klimaforscher-reto-knutti-ausgezeichnet\/","og_locale":"it_IT","og_type":"article","og_title":"Klimaforscher Reto Knutti ausgezeichnet - Organisator","og_description":"Professor Dr. Reto Knutti, Professor f\u00fcr Klimaphysik an der ETH Z\u00fcrich, wird f\u00fcr seine Leistungen in der Erforschung des Klimawandels ausgezeichnet.","og_url":"https:\/\/www.organisator.ch\/it\/generale\/2018-08-30\/klimaforscher-reto-knutti-ausgezeichnet\/","og_site_name":"Organisator","article_publisher":"https:\/\/www.facebook.com\/OrganisatorFachmagazin","article_published_time":"2018-08-30T10:55:46+00:00","og_image":[{"width":800,"height":600,"url":"https:\/\/www.organisator.ch\/wp-content\/uploads\/2018\/08\/reto_knutti-hires-Klimaforscher-Auszeichnung-UP_umweltperspektiven.jpg","type":"image\/jpeg"}],"author":"michael.merz","twitter_card":"summary_large_image","schema":{"@context":"https:\/\/schema.org","@graph":[{"@type":"Article","@id":"https:\/\/www.organisator.ch\/fr\/general\/2018-08-30\/klimaforscher-reto-knutti-ausgezeichnet\/#article","isPartOf":{"@id":"https:\/\/www.organisator.ch\/fr\/general\/2018-08-30\/klimaforscher-reto-knutti-ausgezeichnet\/"},"author":{"name":"michael.merz","@id":"https:\/\/www.organisator.ch\/#\/schema\/person\/134708ca9321c57b0362cceb7948ffbd"},"headline":"Klimaforscher Reto Knutti ausgezeichnet","datePublished":"2018-08-30T10:55:46+00:00","mainEntityOfPage":{"@id":"https:\/\/www.organisator.ch\/fr\/general\/2018-08-30\/klimaforscher-reto-knutti-ausgezeichnet\/"},"wordCount":486,"commentCount":0,"publisher":{"@id":"https:\/\/www.organisator.ch\/#organization"},"image":{"@id":"https:\/\/www.organisator.ch\/fr\/general\/2018-08-30\/klimaforscher-reto-knutti-ausgezeichnet\/#primaryimage"},"thumbnailUrl":"https:\/\/www.organisator.ch\/wp-content\/uploads\/2018\/08\/reto_knutti-hires-Klimaforscher-Auszeichnung-UP_umweltperspektiven.jpg","keywords":["Auszeichnung","Klimapreis","Stiftung"],"articleSection":["Allgemein"],"inLanguage":"it-IT"},{"@type":"WebPage","@id":"https:\/\/www.organisator.ch\/fr\/general\/2018-08-30\/klimaforscher-reto-knutti-ausgezeichnet\/","url":"https:\/\/www.organisator.ch\/fr\/general\/2018-08-30\/klimaforscher-reto-knutti-ausgezeichnet\/","name":"Il ricercatore sul clima Reto Knutti riceve il premio - Organizzatore","isPartOf":{"@id":"https:\/\/www.organisator.ch\/#website"},"primaryImageOfPage":{"@id":"https:\/\/www.organisator.ch\/fr\/general\/2018-08-30\/klimaforscher-reto-knutti-ausgezeichnet\/#primaryimage"},"image":{"@id":"https:\/\/www.organisator.ch\/fr\/general\/2018-08-30\/klimaforscher-reto-knutti-ausgezeichnet\/#primaryimage"},"thumbnailUrl":"https:\/\/www.organisator.ch\/wp-content\/uploads\/2018\/08\/reto_knutti-hires-Klimaforscher-Auszeichnung-UP_umweltperspektiven.jpg","datePublished":"2018-08-30T10:55:46+00:00","description":"Il professor Reto Knutti, docente di fisica del clima al Politecnico di Zurigo, \u00e8 stato premiato per i suoi risultati nella ricerca sui cambiamenti climatici.","breadcrumb":{"@id":"https:\/\/www.organisator.ch\/fr\/general\/2018-08-30\/klimaforscher-reto-knutti-ausgezeichnet\/#breadcrumb"},"inLanguage":"it-IT","potentialAction":[{"@type":"ReadAction","target":["https:\/\/www.organisator.ch\/fr\/general\/2018-08-30\/klimaforscher-reto-knutti-ausgezeichnet\/"]}]},{"@type":"ImageObject","inLanguage":"it-IT","@id":"https:\/\/www.organisator.ch\/fr\/general\/2018-08-30\/klimaforscher-reto-knutti-ausgezeichnet\/#primaryimage","url":"https:\/\/www.organisator.ch\/wp-content\/uploads\/2018\/08\/reto_knutti-hires-Klimaforscher-Auszeichnung-UP_umweltperspektiven.jpg","contentUrl":"https:\/\/www.organisator.ch\/wp-content\/uploads\/2018\/08\/reto_knutti-hires-Klimaforscher-Auszeichnung-UP_umweltperspektiven.jpg","width":800,"height":600,"caption":"Peter Knutti ist nicht nur Delegierter f\u00fcr Nachhaltigkeit der ETH, neuerdings ist er auch Preistr\u00e4ger der Stiftung Dr. J. E. Brandenberger. (Bild: Peter R\u00fcegg\/ ETH)"},{"@type":"BreadcrumbList","@id":"https:\/\/www.organisator.ch\/fr\/general\/2018-08-30\/klimaforscher-reto-knutti-ausgezeichnet\/#breadcrumb","itemListElement":[{"@type":"ListItem","position":1,"name":"Home","item":"https:\/\/www.organisator.ch\/"},{"@type":"ListItem","position":2,"name":"Klimaforscher Reto Knutti ausgezeichnet"}]},{"@type":"WebSite","@id":"https:\/\/www.organisator.ch\/#website","url":"https:\/\/www.organisator.ch\/","name":"Organizzatore","description":"Competente. Pratico. In 10 numeri all'anno, ORGANISATOR presenta i temi essenziali per i manager delle PMI.","publisher":{"@id":"https:\/\/www.organisator.ch\/#organization"},"potentialAction":[{"@type":"SearchAction","target":{"@type":"EntryPoint","urlTemplate":"https:\/\/www.organisator.ch\/?s={search_term_string}"},"query-input":{"@type":"PropertyValueSpecification","valueRequired":true,"valueName":"search_term_string"}}],"inLanguage":"it-IT"},{"@type":"Organization","@id":"https:\/\/www.organisator.ch\/#organization","name":"Organizzatore","url":"https:\/\/www.organisator.ch\/","logo":{"@type":"ImageObject","inLanguage":"it-IT","@id":"https:\/\/www.organisator.ch\/#\/schema\/logo\/image\/","url":"https:\/\/www.organisator.ch\/wp-content\/uploads\/2022\/01\/Logo_Organisator_Website.png","contentUrl":"https:\/\/www.organisator.ch\/wp-content\/uploads\/2022\/01\/Logo_Organisator_Website.png","width":800,"height":77,"caption":"Organisator"},"image":{"@id":"https:\/\/www.organisator.ch\/#\/schema\/logo\/image\/"},"sameAs":["https:\/\/www.facebook.com\/OrganisatorFachmagazin","https:\/\/www.linkedin.com\/showcase\/organisator-das-magazin-fr-kmu","https:\/\/www.xing.com\/news\/pages\/organisator-ch-695","https:\/\/www.youtube.com\/channel\/UCGP2Sq0iWaZwT3BdIAQFYpw"]},{"@type":"Person","@id":"https:\/\/www.organisator.ch\/#\/schema\/person\/134708ca9321c57b0362cceb7948ffbd","name":"michael.merz","image":{"@type":"ImageObject","inLanguage":"it-IT","@id":"https:\/\/secure.gravatar.com\/avatar\/?s=96&d=mm&r=g","url":"https:\/\/secure.gravatar.com\/avatar\/?s=96&d=mm&r=g","contentUrl":"https:\/\/secure.gravatar.com\/avatar\/?s=96&d=mm&r=g","caption":"michael.merz"},"url":"https:\/\/www.organisator.ch\/it\/author\/michael-merz\/"}]}},"_links":{"self":[{"href":"https:\/\/www.organisator.ch\/it\/wp-json\/wp\/v2\/posts\/1835","targetHints":{"allow":["GET"]}}],"collection":[{"href":"https:\/\/www.organisator.ch\/it\/wp-json\/wp\/v2\/posts"}],"about":[{"href":"https:\/\/www.organisator.ch\/it\/wp-json\/wp\/v2\/types\/post"}],"author":[{"embeddable":true,"href":"https:\/\/www.organisator.ch\/it\/wp-json\/wp\/v2\/users\/5"}],"replies":[{"embeddable":true,"href":"https:\/\/www.organisator.ch\/it\/wp-json\/wp\/v2\/comments?post=1835"}],"version-history":[{"count":0,"href":"https:\/\/www.organisator.ch\/it\/wp-json\/wp\/v2\/posts\/1835\/revisions"}],"wp:featuredmedia":[{"embeddable":true,"href":"https:\/\/www.organisator.ch\/it\/wp-json\/wp\/v2\/media\/9565"}],"wp:attachment":[{"href":"https:\/\/www.organisator.ch\/it\/wp-json\/wp\/v2\/media?parent=1835"}],"wp:term":[{"taxonomy":"category","embeddable":true,"href":"https:\/\/www.organisator.ch\/it\/wp-json\/wp\/v2\/categories?post=1835"},{"taxonomy":"post_tag","embeddable":true,"href":"https:\/\/www.organisator.ch\/it\/wp-json\/wp\/v2\/tags?post=1835"}],"curies":[{"name":"wp","href":"https:\/\/api.w.org\/{rel}","templated":true}]}}